{"id":22948,"date":"2012-11-06T09:12:50","date_gmt":"2012-11-06T09:12:50","guid":{"rendered":"http:\/\/www.pressenza.com\/?p=22948"},"modified":"2013-03-26T07:12:30","modified_gmt":"2013-03-26T07:12:30","slug":"noi-vogliamo-restare","status":"publish","type":"post","link":"https:\/\/www.pressenza.com\/it\/2012\/11\/noi-vogliamo-restare\/","title":{"rendered":"Noi vogliamo restare"},"content":{"rendered":"<p><strong>Il Partito Umanista condivide pienamente la richiesta dell&#8217;<a href=\"http:\/\/www.vogliorestare.it\/index.php\/l-appello\">appello<\/a> &#8220;Noi vogliamo restare&#8221;<\/strong>, per ottenere in Italia delle condizioni di lavoro dignitose e di reddito che permettano a tutti e ad ogni singolo di potere costruire il proprio presente e futuro, oltre a condizioni di istruzione di massimo livello e per tutti.<br \/>\nDiamo alcune indicazioni sulla politica che garantirebbe al nostro Paese il sicuro raggiungimento di questi obiettivi primari.<\/p>\n<p><em><strong>\u201cOggi esistono le possibilit\u00e0 tecnologiche per risolvere, a breve termine e per vaste zone del mondo, i problemi della piena occupazione, dell\u2019alimentazione, della salute, della casa, dell\u2019istruzione.\u2028 Se queste possibilit\u00e0 non si tramutano in realt\u00e0 \u00e8 semplicemente perch\u00e9 la speculazione mostruosa del grande capitale lo impedisce\u201d.<br \/>\n<\/strong><\/em><br \/>\n<strong>La politica deve assumersi le proprie responsabilit\u00e0 rispetto alle condizioni lavorative ed economiche del proprio Paese, ovvero:<\/strong><br \/>\n&#8211; Lo Stato <strong>non deve mai pi\u00f9 lasciare nelle mani di un manipolo di organizzazioni od entit\u00e0 finanziare<\/strong> ( come l&#8217;FMI, il MES, \u201cil mercato\u201d ed altre ) <strong>le condizioni lavorative ed economiche del proprio Paese.<\/strong><br \/>\n&#8211; Lo Stato, tendendo ad essere organizzato in una democrazia reale, deve <strong>riprendersi la piena sovranit\u00e0 sulla stampa e circolazione del denaro<\/strong>, bloccare le delocalizzazioni e le attivit\u00e0 speculative, controllare e limitare gli spostamenti internazionali dei capitali.<br \/>\n&#8211; Lo Stato <strong>deve garantire dignitose condizioni minime lavorative<\/strong>, anche diventando datore di lavoro di ultima istanza e con tutte queste risorse umane che occuper\u00e0 deve investire per il futuro del proprio Paese, ovvero deve avere come <strong>priorit\u00e0 l&#8217;educazione e la sanit\u00e0 di massimo livello e per tutti<\/strong>, l&#8217;innovazione e la ricerca, oltre che le infrastrutture , la casa, l&#8217;ambiente e la qualit\u00e0 della vita dei propri cittadini.<br \/>\n&#8211; Lo Stato deve <strong>riportare le Banche alla loro funzione pubblica<\/strong> di dare crediti, fornendo crediti direttamente alla popolazione <strong>a zero interessi<\/strong> con la propria Banca Centrale (la Banca d&#8217;Italia).<br \/>\n&#8211; Lo Stato <strong>deve aggiornare la proprie leggi per attuare la democrazia reale<\/strong>, mettendo i quorum a zero per cento, rendendo operativi i referendum propositivi e vincolanti , la revoca dei propri eletti e attuare consultazioni permanenti tramite strumenti informatici sicuri.<br \/>\n&#8211; Lo Stato <strong>deve aggiornare le proprie leggi per attuare la \u201cpartecipazione dei lavoratori nella gestione e direzione delle aziende\u201d<\/strong> di modo che nei consigli di amministrazione i lavoratori abbiamo potere di decisione quanto chi mette il capitale. Inoltre i lavoratori non solo prenderanno un salario ma anche un profitto dato che diventeranno in parte proprietari delle aziende in cui lavorano. Questa democrazia all&#8217;interno delle aziende eviter\u00e0 i casi di\u00a0 fallimento fraudolento causato dai manager, la chiusura e lo spostamento in altri territori (delocalizzazione) e in molti casi anche l&#8217;inefficienza e corruzione di una gestione accentrata da pochi amministratori.<br \/>\n&#8211; Lo Stato deve tassare pesantemente le grandi rendite immobiliari e finanziarie e <strong>diminuire fortemente le tasse legate alla produzione ed erogazione di beni e servizi<\/strong>, con diminuzione delle tasse sui lavoratori e al consumo (IVA).<\/p>\n<p><strong>Quelli che devono fuggire dal nostro Paese<\/strong> non sono i giovani ma <strong>le organizzazioni finanziarie e speculative e i loro leccapiedi <\/strong>come i vari professori e politicanti, noi non abbiamo bisogno ne&#8217; di loro ne&#8217; dei loro capitali.<\/p>\n<p><strong>Il capitale piu&#8217; importante sono le nuove generazioni e per loro, si, vogliamo le migliori condizioni per poter costruire il loro futuro che in definitiva e&#8217; il futuro del nostro Paese!<\/strong><\/p>\n<p><em>* <a href=\"http:\/\/www.vogliorestare.it\/index.php\/l-appello\" target=\"_blank\">http:\/\/www.vogliorestare.it\/index.php\/l-appello<\/a><\/em><\/p>\n","protected":false},"excerpt":{"rendered":"<p>Il Partito Umanista condivide pienamente la richiesta dell&#8217;appello &#8220;Noi vogliamo restare&#8221;, per ottenere in Italia delle condizioni di lavoro dignitose e di reddito che permettano a tutti e ad ogni singolo di potere costruire il proprio presente e futuro, oltre&hellip;<\/p>\n","protected":false},"author":481,"featured_media":22950,"comment_status":"closed","ping_status":"open","sticky":false,"template":"","format":"standard","meta":{"footnotes":""},"categories":[150,62,47],"tags":[947,1324,1323],"class_list":["post-22948","post","type-post","status-publish","format-standard","has-post-thumbnail","hentry","category-comunicati-stampa","category-economia","category-europa","tag-appello","tag-disoccupazione","tag-fuga-dei-cervelli"],"yoast_head":"<!-- This site is optimized with the Yoast SEO plugin v27.1.1 - https:\/\/yoast.com\/product\/yoast-seo-wordpress\/ -->\n<title>Noi vogliamo restare<\/title>\n<meta name=\"description\" content=\"Il Partito Umanista condivide pienamente la richiesta dell&#039;appello &quot;Noi vogliamo restare&quot;, per ottenere in Italia delle condizioni di lavoro dignitose e\" \/>\n<meta name=\"robots\" content=\"index, follow, max-snippet:-1, max-image-preview:large, max-video-preview:-1\" \/>\n<link rel=\"canonical\" href=\"https:\/\/www.pressenza.com\/it\/2012\/11\/noi-vogliamo-restare\/\" \/>\n<meta property=\"og:locale\" content=\"it_IT\" \/>\n<meta property=\"og:type\" content=\"article\" \/>\n<meta property=\"og:title\" content=\"Noi vogliamo restare\" \/>\n<meta property=\"og:description\" content=\"Il Partito Umanista condivide pienamente la richiesta dell&#039;appello &quot;Noi vogliamo restare&quot;, per ottenere in Italia delle condizioni di lavoro dignitose e\" \/>\n<meta property=\"og:url\" content=\"https:\/\/www.pressenza.com\/it\/2012\/11\/noi-vogliamo-restare\/\" \/>\n<meta property=\"og:site_name\" content=\"Pressenza\" \/>\n<meta property=\"article:publisher\" content=\"https:\/\/www.facebook.com\/PressenzaItalia\" \/>\n<meta property=\"article:author\" content=\"https:\/\/www.facebook.com\/pages\/Partito-Umanista\/\" \/>\n<meta property=\"article:published_time\" content=\"2012-11-06T09:12:50+00:00\" \/>\n<meta property=\"article:modified_time\" content=\"2013-03-26T07:12:30+00:00\" \/>\n<meta property=\"og:image\" content=\"https:\/\/www.pressenza.com\/wp-content\/uploads\/2012\/11\/iovogliorestare.jpg\" \/>\n\t<meta property=\"og:image:width\" content=\"350\" \/>\n\t<meta property=\"og:image:height\" content=\"162\" \/>\n\t<meta property=\"og:image:type\" content=\"image\/jpeg\" \/>\n<meta name=\"author\" content=\"Partito Umanista\" \/>\n<meta name=\"twitter:card\" content=\"summary_large_image\" \/>\n<meta name=\"twitter:creator\" content=\"@partitoumanista\" \/>\n<meta name=\"twitter:site\" content=\"@PressenzaIPA\" \/>\n<meta name=\"twitter:label1\" content=\"Scritto da\" \/>\n\t<meta name=\"twitter:data1\" content=\"Partito Umanista\" \/>\n\t<meta name=\"twitter:label2\" content=\"Tempo di lettura stimato\" \/>\n\t<meta name=\"twitter:data2\" content=\"3 minuti\" \/>\n<script type=\"application\/ld+json\" class=\"yoast-schema-graph\">{\"@context\":\"https:\/\/schema.org\",\"@graph\":[{\"@type\":\"Article\",\"@id\":\"https:\/\/www.pressenza.com\/it\/2012\/11\/noi-vogliamo-restare\/#article\",\"isPartOf\":{\"@id\":\"https:\/\/www.pressenza.com\/it\/2012\/11\/noi-vogliamo-restare\/\"},\"author\":{\"name\":\"Partito Umanista\",\"@id\":\"https:\/\/www.pressenza.com\/it\/#\/schema\/person\/444a68b8b263dbd36ac1531293ea9cae\"},\"headline\":\"Noi vogliamo restare\",\"datePublished\":\"2012-11-06T09:12:50+00:00\",\"dateModified\":\"2013-03-26T07:12:30+00:00\",\"mainEntityOfPage\":{\"@id\":\"https:\/\/www.pressenza.com\/it\/2012\/11\/noi-vogliamo-restare\/\"},\"wordCount\":561,\"publisher\":{\"@id\":\"https:\/\/www.pressenza.com\/it\/#organization\"},\"image\":{\"@id\":\"https:\/\/www.pressenza.com\/it\/2012\/11\/noi-vogliamo-restare\/#primaryimage\"},\"thumbnailUrl\":\"https:\/\/www.pressenza.com\/wp-content\/uploads\/2012\/11\/iovogliorestare.jpg\",\"keywords\":[\"appello\",\"disoccupazione\",\"fuga dei cervelli\"],\"articleSection\":[\"Comunicati Stampa\",\"Economia\",\"Europa\"],\"inLanguage\":\"it-IT\"},{\"@type\":\"WebPage\",\"@id\":\"https:\/\/www.pressenza.com\/it\/2012\/11\/noi-vogliamo-restare\/\",\"url\":\"https:\/\/www.pressenza.com\/it\/2012\/11\/noi-vogliamo-restare\/\",\"name\":\"Noi vogliamo restare\",\"isPartOf\":{\"@id\":\"https:\/\/www.pressenza.com\/it\/#website\"},\"primaryImageOfPage\":{\"@id\":\"https:\/\/www.pressenza.com\/it\/2012\/11\/noi-vogliamo-restare\/#primaryimage\"},\"image\":{\"@id\":\"https:\/\/www.pressenza.com\/it\/2012\/11\/noi-vogliamo-restare\/#primaryimage\"},\"thumbnailUrl\":\"https:\/\/www.pressenza.com\/wp-content\/uploads\/2012\/11\/iovogliorestare.jpg\",\"datePublished\":\"2012-11-06T09:12:50+00:00\",\"dateModified\":\"2013-03-26T07:12:30+00:00\",\"description\":\"Il Partito Umanista condivide pienamente la richiesta dell'appello \\\"Noi vogliamo restare\\\", per ottenere in Italia delle condizioni di lavoro dignitose e\",\"breadcrumb\":{\"@id\":\"https:\/\/www.pressenza.com\/it\/2012\/11\/noi-vogliamo-restare\/#breadcrumb\"},\"inLanguage\":\"it-IT\",\"potentialAction\":[{\"@type\":\"ReadAction\",\"target\":[\"https:\/\/www.pressenza.com\/it\/2012\/11\/noi-vogliamo-restare\/\"]}]},{\"@type\":\"ImageObject\",\"inLanguage\":\"it-IT\",\"@id\":\"https:\/\/www.pressenza.com\/it\/2012\/11\/noi-vogliamo-restare\/#primaryimage\",\"url\":\"https:\/\/www.pressenza.com\/wp-content\/uploads\/2012\/11\/iovogliorestare.jpg\",\"contentUrl\":\"https:\/\/www.pressenza.com\/wp-content\/uploads\/2012\/11\/iovogliorestare.jpg\",\"width\":\"350\",\"height\":\"162\"},{\"@type\":\"BreadcrumbList\",\"@id\":\"https:\/\/www.pressenza.com\/it\/2012\/11\/noi-vogliamo-restare\/#breadcrumb\",\"itemListElement\":[{\"@type\":\"ListItem\",\"position\":1,\"name\":\"Accueil\",\"item\":\"https:\/\/www.pressenza.com\/it\/\"},{\"@type\":\"ListItem\",\"position\":2,\"name\":\"Noi vogliamo restare\"}]},{\"@type\":\"WebSite\",\"@id\":\"https:\/\/www.pressenza.com\/it\/#website\",\"url\":\"https:\/\/www.pressenza.com\/it\/\",\"name\":\"Pressenza\",\"description\":\"Agenzia di Stampa Internazionale\",\"publisher\":{\"@id\":\"https:\/\/www.pressenza.com\/it\/#organization\"},\"potentialAction\":[{\"@type\":\"SearchAction\",\"target\":{\"@type\":\"EntryPoint\",\"urlTemplate\":\"https:\/\/www.pressenza.com\/it\/?s={search_term_string}\"},\"query-input\":{\"@type\":\"PropertyValueSpecification\",\"valueRequired\":true,\"valueName\":\"search_term_string\"}}],\"inLanguage\":\"it-IT\"},{\"@type\":\"Organization\",\"@id\":\"https:\/\/www.pressenza.com\/it\/#organization\",\"name\":\"Pressenza\",\"url\":\"https:\/\/www.pressenza.com\/it\/\",\"logo\":{\"@type\":\"ImageObject\",\"inLanguage\":\"it-IT\",\"@id\":\"https:\/\/www.pressenza.com\/it\/#\/schema\/logo\/image\/\",\"url\":\"https:\/\/www.pressenza.com\/wp-content\/uploads\/2022\/10\/pressenza_logo_200x200.jpg\",\"contentUrl\":\"https:\/\/www.pressenza.com\/wp-content\/uploads\/2022\/10\/pressenza_logo_200x200.jpg\",\"width\":200,\"height\":200,\"caption\":\"Pressenza\"},\"image\":{\"@id\":\"https:\/\/www.pressenza.com\/it\/#\/schema\/logo\/image\/\"},\"sameAs\":[\"https:\/\/www.facebook.com\/PressenzaItalia\",\"https:\/\/x.com\/PressenzaIPA\"]},{\"@type\":\"Person\",\"@id\":\"https:\/\/www.pressenza.com\/it\/#\/schema\/person\/444a68b8b263dbd36ac1531293ea9cae\",\"name\":\"Partito Umanista\",\"description\":\"www.partitoumanista.it\",\"sameAs\":[\"http:\/\/www.partitoumanista.it\",\"https:\/\/www.facebook.com\/pages\/Partito-Umanista\/\",\"https:\/\/x.com\/partitoumanista\"],\"url\":\"https:\/\/www.pressenza.com\/it\/author\/partito-umanista\/\"}]}<\/script>\n<!-- \/ Yoast SEO plugin. -->","yoast_head_json":{"title":"Noi vogliamo restare","description":"Il Partito Umanista condivide pienamente la richiesta dell'appello \"Noi vogliamo restare\", per ottenere in Italia delle condizioni di lavoro dignitose e","robots":{"index":"index","follow":"follow","max-snippet":"max-snippet:-1","max-image-preview":"max-image-preview:large","max-video-preview":"max-video-preview:-1"},"canonical":"https:\/\/www.pressenza.com\/it\/2012\/11\/noi-vogliamo-restare\/","og_locale":"it_IT","og_type":"article","og_title":"Noi vogliamo restare","og_description":"Il Partito Umanista condivide pienamente la richiesta dell'appello \"Noi vogliamo restare\", per ottenere in Italia delle condizioni di lavoro dignitose e","og_url":"https:\/\/www.pressenza.com\/it\/2012\/11\/noi-vogliamo-restare\/","og_site_name":"Pressenza","article_publisher":"https:\/\/www.facebook.com\/PressenzaItalia","article_author":"https:\/\/www.facebook.com\/pages\/Partito-Umanista\/","article_published_time":"2012-11-06T09:12:50+00:00","article_modified_time":"2013-03-26T07:12:30+00:00","og_image":[{"width":350,"height":162,"url":"https:\/\/www.pressenza.com\/wp-content\/uploads\/2012\/11\/iovogliorestare.jpg","type":"image\/jpeg"}],"author":"Partito Umanista","twitter_card":"summary_large_image","twitter_creator":"@partitoumanista","twitter_site":"@PressenzaIPA","twitter_misc":{"Scritto da":"Partito Umanista","Tempo di lettura stimato":"3 minuti"},"schema":{"@context":"https:\/\/schema.org","@graph":[{"@type":"Article","@id":"https:\/\/www.pressenza.com\/it\/2012\/11\/noi-vogliamo-restare\/#article","isPartOf":{"@id":"https:\/\/www.pressenza.com\/it\/2012\/11\/noi-vogliamo-restare\/"},"author":{"name":"Partito Umanista","@id":"https:\/\/www.pressenza.com\/it\/#\/schema\/person\/444a68b8b263dbd36ac1531293ea9cae"},"headline":"Noi vogliamo restare","datePublished":"2012-11-06T09:12:50+00:00","dateModified":"2013-03-26T07:12:30+00:00","mainEntityOfPage":{"@id":"https:\/\/www.pressenza.com\/it\/2012\/11\/noi-vogliamo-restare\/"},"wordCount":561,"publisher":{"@id":"https:\/\/www.pressenza.com\/it\/#organization"},"image":{"@id":"https:\/\/www.pressenza.com\/it\/2012\/11\/noi-vogliamo-restare\/#primaryimage"},"thumbnailUrl":"https:\/\/www.pressenza.com\/wp-content\/uploads\/2012\/11\/iovogliorestare.jpg","keywords":["appello","disoccupazione","fuga dei cervelli"],"articleSection":["Comunicati Stampa","Economia","Europa"],"inLanguage":"it-IT"},{"@type":"WebPage","@id":"https:\/\/www.pressenza.com\/it\/2012\/11\/noi-vogliamo-restare\/","url":"https:\/\/www.pressenza.com\/it\/2012\/11\/noi-vogliamo-restare\/","name":"Noi vogliamo restare","isPartOf":{"@id":"https:\/\/www.pressenza.com\/it\/#website"},"primaryImageOfPage":{"@id":"https:\/\/www.pressenza.com\/it\/2012\/11\/noi-vogliamo-restare\/#primaryimage"},"image":{"@id":"https:\/\/www.pressenza.com\/it\/2012\/11\/noi-vogliamo-restare\/#primaryimage"},"thumbnailUrl":"https:\/\/www.pressenza.com\/wp-content\/uploads\/2012\/11\/iovogliorestare.jpg","datePublished":"2012-11-06T09:12:50+00:00","dateModified":"2013-03-26T07:12:30+00:00","description":"Il Partito Umanista condivide pienamente la richiesta dell'appello \"Noi vogliamo restare\", per ottenere in Italia delle condizioni di lavoro dignitose e","breadcrumb":{"@id":"https:\/\/www.pressenza.com\/it\/2012\/11\/noi-vogliamo-restare\/#breadcrumb"},"inLanguage":"it-IT","potentialAction":[{"@type":"ReadAction","target":["https:\/\/www.pressenza.com\/it\/2012\/11\/noi-vogliamo-restare\/"]}]},{"@type":"ImageObject","inLanguage":"it-IT","@id":"https:\/\/www.pressenza.com\/it\/2012\/11\/noi-vogliamo-restare\/#primaryimage","url":"https:\/\/www.pressenza.com\/wp-content\/uploads\/2012\/11\/iovogliorestare.jpg","contentUrl":"https:\/\/www.pressenza.com\/wp-content\/uploads\/2012\/11\/iovogliorestare.jpg","width":"350","height":"162"},{"@type":"BreadcrumbList","@id":"https:\/\/www.pressenza.com\/it\/2012\/11\/noi-vogliamo-restare\/#breadcrumb","itemListElement":[{"@type":"ListItem","position":1,"name":"Accueil","item":"https:\/\/www.pressenza.com\/it\/"},{"@type":"ListItem","position":2,"name":"Noi vogliamo restare"}]},{"@type":"WebSite","@id":"https:\/\/www.pressenza.com\/it\/#website","url":"https:\/\/www.pressenza.com\/it\/","name":"Pressenza","description":"Agenzia di Stampa Internazionale","publisher":{"@id":"https:\/\/www.pressenza.com\/it\/#organization"},"potentialAction":[{"@type":"SearchAction","target":{"@type":"EntryPoint","urlTemplate":"https:\/\/www.pressenza.com\/it\/?s={search_term_string}"},"query-input":{"@type":"PropertyValueSpecification","valueRequired":true,"valueName":"search_term_string"}}],"inLanguage":"it-IT"},{"@type":"Organization","@id":"https:\/\/www.pressenza.com\/it\/#organization","name":"Pressenza","url":"https:\/\/www.pressenza.com\/it\/","logo":{"@type":"ImageObject","inLanguage":"it-IT","@id":"https:\/\/www.pressenza.com\/it\/#\/schema\/logo\/image\/","url":"https:\/\/www.pressenza.com\/wp-content\/uploads\/2022\/10\/pressenza_logo_200x200.jpg","contentUrl":"https:\/\/www.pressenza.com\/wp-content\/uploads\/2022\/10\/pressenza_logo_200x200.jpg","width":200,"height":200,"caption":"Pressenza"},"image":{"@id":"https:\/\/www.pressenza.com\/it\/#\/schema\/logo\/image\/"},"sameAs":["https:\/\/www.facebook.com\/PressenzaItalia","https:\/\/x.com\/PressenzaIPA"]},{"@type":"Person","@id":"https:\/\/www.pressenza.com\/it\/#\/schema\/person\/444a68b8b263dbd36ac1531293ea9cae","name":"Partito Umanista","description":"www.partitoumanista.it","sameAs":["http:\/\/www.partitoumanista.it","https:\/\/www.facebook.com\/pages\/Partito-Umanista\/","https:\/\/x.com\/partitoumanista"],"url":"https:\/\/www.pressenza.com\/it\/author\/partito-umanista\/"}]}},"place":"","original_article_url":"","_links":{"self":[{"href":"https:\/\/www.pressenza.com\/it\/wp-json\/wp\/v2\/posts\/22948","targetHints":{"allow":["GET"]}}],"collection":[{"href":"https:\/\/www.pressenza.com\/it\/wp-json\/wp\/v2\/posts"}],"about":[{"href":"https:\/\/www.pressenza.com\/it\/wp-json\/wp\/v2\/types\/post"}],"author":[{"embeddable":true,"href":"https:\/\/www.pressenza.com\/it\/wp-json\/wp\/v2\/users\/481"}],"replies":[{"embeddable":true,"href":"https:\/\/www.pressenza.com\/it\/wp-json\/wp\/v2\/comments?post=22948"}],"version-history":[{"count":0,"href":"https:\/\/www.pressenza.com\/it\/wp-json\/wp\/v2\/posts\/22948\/revisions"}],"wp:featuredmedia":[{"embeddable":true,"href":"https:\/\/www.pressenza.com\/it\/wp-json\/wp\/v2\/media\/22950"}],"wp:attachment":[{"href":"https:\/\/www.pressenza.com\/it\/wp-json\/wp\/v2\/media?parent=22948"}],"wp:term":[{"taxonomy":"category","embeddable":true,"href":"https:\/\/www.pressenza.com\/it\/wp-json\/wp\/v2\/categories?post=22948"},{"taxonomy":"post_tag","embeddable":true,"href":"https:\/\/www.pressenza.com\/it\/wp-json\/wp\/v2\/tags?post=22948"}],"curies":[{"name":"wp","href":"https:\/\/api.w.org\/{rel}","templated":true}]}}