{"id":225525,"date":"2015-09-23T15:54:10","date_gmt":"2015-09-23T14:54:10","guid":{"rendered":"http:\/\/www.pressenza.com\/it\/?p=225525"},"modified":"2015-09-23T18:47:47","modified_gmt":"2015-09-23T17:47:47","slug":"prato-raccolta-firme-per-referendum-abrogativo-legge-regionale-sanita-282015","status":"publish","type":"post","link":"https:\/\/www.pressenza.com\/it\/2015\/09\/prato-raccolta-firme-per-referendum-abrogativo-legge-regionale-sanita-282015\/","title":{"rendered":"Prato: raccolta firme per Referendum abrogativo Legge Regionale Sanit\u00e0 28\/2015"},"content":{"rendered":"<p>Il M5S Prato insieme al Comitato pratese di \u201cS\u00ec Toscana a Sinistra\u201d ed al Partito Umanista sostengono la raccolta firme per indire il referendum abrogativo della Legge Regionale Sanit\u00e0 28\/2015, targata PD, con la quale si affossa la sanit\u00e0 pubblica per indirizzare le persone verso il privato. Questa legge infatti prevede la riduzione delle ASL da 12 a 3, accorpandole per area vasta, l&#8217;istituzione di super manager, accentrando in maniera antidemocratica il potere decisionale nelle mani di pochi soggetti e tagli su personale e servizi (invece di ridurre le dirigenze) col solo scopo del risparmio economico e senza attenzione per la qualit\u00e0 dell\u2019assistenza e la sicurezza delle prestazioni.<br \/>\nInsieme al Comitato civico regionale promotore del referendum intendiamo difendere e garantire a tutte le persone una sanit\u00e0 pubblica universale, efficace ed efficiente, finanziata attraverso la fiscalit\u00e0 generale, che metta al centro i bisogni delle persone, con prestazioni gratuite e personale congruo.<\/p>\n<p>Tutti i cittadini interessati potranno firmare sia presso gli URP negli orari di apertura (dal luned\u00ec al venerd\u00ec dalle ore 9 alle 13) che presso i banchini informativi che troverete nelle seguenti sedi e date gi\u00e0 fissate:<\/p>\n<p>venerd\u00ec 25 settembre in piazza del Comune ore 17.00\/20.00;<br \/>\nsabato 26 settembre, piazza Duomo ore 15.00\/20.00 ed in piazza Buonamici 17.00\/20.00;<br \/>\nsabato 10 ottobre in piazza duomo ore 15.00\/20.00;<br \/>\nsabato 24 e 31 Ottobre in piazza Buonamici, ore 15.00\/20.00.<\/p>\n<p>Nuove date per la raccolta firme ed iniziative di informazione sul tema verranno comunicate sui siti internet e sulle pagine Facebook del Movimento5Stelle, del Comitato pratese di \u201cS\u00ec Toscana a Sinistra\u201d e del Partito Umanista Prato, e sulla pagina del \u201cComitato promotore referendum abrogativo L.R.T. 28\/2015\u201d (<a href=\"https:\/\/www.facebook.com\/groups\/825461600860734\">https:\/\/www.facebook.com\/groups\/825461600860734<\/a>)<\/p>\n","protected":false},"excerpt":{"rendered":"<p>Il M5S Prato insieme al Comitato pratese di \u201cS\u00ec Toscana a Sinistra\u201d ed al Partito Umanista sostengono la raccolta firme per indire il referendum abrogativo della Legge Regionale Sanit\u00e0 28\/2015, targata PD, con la quale si affossa la sanit\u00e0 pubblica&hellip;<\/p>\n","protected":false},"author":594,"featured_media":225605,"comment_status":"closed","ping_status":"open","sticky":false,"template":"","format":"standard","meta":{"footnotes":""},"categories":[150,47,55],"tags":[8042,6986,803],"class_list":["post-225525","post","type-post","status-publish","format-standard","has-post-thumbnail","hentry","category-comunicati-stampa","category-europa","category-politica","tag-prato","tag-regione-toscana","tag-sanita"],"yoast_head":"<!-- This site is optimized with the Yoast SEO plugin v27.1.1 - https:\/\/yoast.com\/product\/yoast-seo-wordpress\/ -->\n<title>Prato: raccolta firme per Referendum abrogativo Legge Regionale Sanit\u00e0 28\/2015<\/title>\n<meta name=\"description\" content=\"Il M5S Prato insieme al Comitato pratese di \u201cS\u00ec Toscana a Sinistra\u201d ed al Partito Umanista sostengono la raccolta firme per indire il referendum\" \/>\n<meta name=\"robots\" content=\"index, follow, max-snippet:-1, max-image-preview:large, max-video-preview:-1\" \/>\n<link rel=\"canonical\" href=\"https:\/\/www.pressenza.com\/it\/2015\/09\/prato-raccolta-firme-per-referendum-abrogativo-legge-regionale-sanita-282015\/\" \/>\n<meta property=\"og:locale\" content=\"it_IT\" \/>\n<meta property=\"og:type\" content=\"article\" \/>\n<meta property=\"og:title\" content=\"Prato: raccolta firme per Referendum abrogativo Legge Regionale Sanit\u00e0 28\/2015\" \/>\n<meta property=\"og:description\" content=\"Il M5S Prato insieme al Comitato pratese di \u201cS\u00ec Toscana a Sinistra\u201d ed al Partito Umanista sostengono la raccolta firme per indire il referendum\" \/>\n<meta property=\"og:url\" content=\"https:\/\/www.pressenza.com\/it\/2015\/09\/prato-raccolta-firme-per-referendum-abrogativo-legge-regionale-sanita-282015\/\" \/>\n<meta property=\"og:site_name\" content=\"Pressenza\" \/>\n<meta property=\"article:publisher\" content=\"https:\/\/www.facebook.com\/PressenzaItalia\" \/>\n<meta property=\"article:author\" content=\"https:\/\/www.facebook.com\/PressenzaItalia\" \/>\n<meta property=\"article:published_time\" content=\"2015-09-23T14:54:10+00:00\" \/>\n<meta property=\"article:modified_time\" content=\"2015-09-23T17:47:47+00:00\" \/>\n<meta property=\"og:image\" content=\"https:\/\/www.pressenza.com\/wp-content\/uploads\/2015\/09\/Protesta_Umanisti_Sanit--_Prato.jpg\" \/>\n\t<meta property=\"og:image:width\" content=\"609\" \/>\n\t<meta property=\"og:image:height\" content=\"362\" \/>\n\t<meta property=\"og:image:type\" content=\"image\/jpeg\" \/>\n<meta name=\"author\" content=\"Redazione Italia\" \/>\n<meta name=\"twitter:card\" content=\"summary_large_image\" \/>\n<meta name=\"twitter:creator\" content=\"@pressenza_it\" \/>\n<meta name=\"twitter:site\" content=\"@PressenzaIPA\" \/>\n<meta name=\"twitter:label1\" content=\"Scritto da\" \/>\n\t<meta name=\"twitter:data1\" content=\"Redazione Italia\" \/>\n\t<meta name=\"twitter:label2\" content=\"Tempo di lettura stimato\" \/>\n\t<meta name=\"twitter:data2\" content=\"1 minuto\" \/>\n<script type=\"application\/ld+json\" class=\"yoast-schema-graph\">{\"@context\":\"https:\/\/schema.org\",\"@graph\":[{\"@type\":\"Article\",\"@id\":\"https:\/\/www.pressenza.com\/it\/2015\/09\/prato-raccolta-firme-per-referendum-abrogativo-legge-regionale-sanita-282015\/#article\",\"isPartOf\":{\"@id\":\"https:\/\/www.pressenza.com\/it\/2015\/09\/prato-raccolta-firme-per-referendum-abrogativo-legge-regionale-sanita-282015\/\"},\"author\":{\"name\":\"Redazione Italia\",\"@id\":\"https:\/\/www.pressenza.com\/it\/#\/schema\/person\/d983e81827ae24f2c7b1a2123d197f8d\"},\"headline\":\"Prato: raccolta firme per Referendum abrogativo Legge Regionale Sanit\u00e0 28\/2015\",\"datePublished\":\"2015-09-23T14:54:10+00:00\",\"dateModified\":\"2015-09-23T17:47:47+00:00\",\"mainEntityOfPage\":{\"@id\":\"https:\/\/www.pressenza.com\/it\/2015\/09\/prato-raccolta-firme-per-referendum-abrogativo-legge-regionale-sanita-282015\/\"},\"wordCount\":276,\"publisher\":{\"@id\":\"https:\/\/www.pressenza.com\/it\/#organization\"},\"image\":{\"@id\":\"https:\/\/www.pressenza.com\/it\/2015\/09\/prato-raccolta-firme-per-referendum-abrogativo-legge-regionale-sanita-282015\/#primaryimage\"},\"thumbnailUrl\":\"https:\/\/www.pressenza.com\/wp-content\/uploads\/2015\/09\/Protesta_Umanisti_Sanit--_Prato.jpg\",\"keywords\":[\"Prato\",\"Regione Toscana\",\"sanit\u00e0\"],\"articleSection\":[\"Comunicati Stampa\",\"Europa\",\"Politica\"],\"inLanguage\":\"it-IT\"},{\"@type\":\"WebPage\",\"@id\":\"https:\/\/www.pressenza.com\/it\/2015\/09\/prato-raccolta-firme-per-referendum-abrogativo-legge-regionale-sanita-282015\/\",\"url\":\"https:\/\/www.pressenza.com\/it\/2015\/09\/prato-raccolta-firme-per-referendum-abrogativo-legge-regionale-sanita-282015\/\",\"name\":\"Prato: raccolta firme per Referendum abrogativo Legge Regionale Sanit\u00e0 28\/2015\",\"isPartOf\":{\"@id\":\"https:\/\/www.pressenza.com\/it\/#website\"},\"primaryImageOfPage\":{\"@id\":\"https:\/\/www.pressenza.com\/it\/2015\/09\/prato-raccolta-firme-per-referendum-abrogativo-legge-regionale-sanita-282015\/#primaryimage\"},\"image\":{\"@id\":\"https:\/\/www.pressenza.com\/it\/2015\/09\/prato-raccolta-firme-per-referendum-abrogativo-legge-regionale-sanita-282015\/#primaryimage\"},\"thumbnailUrl\":\"https:\/\/www.pressenza.com\/wp-content\/uploads\/2015\/09\/Protesta_Umanisti_Sanit--_Prato.jpg\",\"datePublished\":\"2015-09-23T14:54:10+00:00\",\"dateModified\":\"2015-09-23T17:47:47+00:00\",\"description\":\"Il M5S Prato insieme al Comitato pratese di \u201cS\u00ec Toscana a Sinistra\u201d ed al Partito Umanista sostengono la raccolta firme per indire il referendum\",\"breadcrumb\":{\"@id\":\"https:\/\/www.pressenza.com\/it\/2015\/09\/prato-raccolta-firme-per-referendum-abrogativo-legge-regionale-sanita-282015\/#breadcrumb\"},\"inLanguage\":\"it-IT\",\"potentialAction\":[{\"@type\":\"ReadAction\",\"target\":[\"https:\/\/www.pressenza.com\/it\/2015\/09\/prato-raccolta-firme-per-referendum-abrogativo-legge-regionale-sanita-282015\/\"]}]},{\"@type\":\"ImageObject\",\"inLanguage\":\"it-IT\",\"@id\":\"https:\/\/www.pressenza.com\/it\/2015\/09\/prato-raccolta-firme-per-referendum-abrogativo-legge-regionale-sanita-282015\/#primaryimage\",\"url\":\"https:\/\/www.pressenza.com\/wp-content\/uploads\/2015\/09\/Protesta_Umanisti_Sanit--_Prato.jpg\",\"contentUrl\":\"https:\/\/www.pressenza.com\/wp-content\/uploads\/2015\/09\/Protesta_Umanisti_Sanit--_Prato.jpg\",\"width\":609,\"height\":362},{\"@type\":\"BreadcrumbList\",\"@id\":\"https:\/\/www.pressenza.com\/it\/2015\/09\/prato-raccolta-firme-per-referendum-abrogativo-legge-regionale-sanita-282015\/#breadcrumb\",\"itemListElement\":[{\"@type\":\"ListItem\",\"position\":1,\"name\":\"Accueil\",\"item\":\"https:\/\/www.pressenza.com\/it\/\"},{\"@type\":\"ListItem\",\"position\":2,\"name\":\"Prato: raccolta firme per Referendum abrogativo Legge Regionale Sanit\u00e0 28\/2015\"}]},{\"@type\":\"WebSite\",\"@id\":\"https:\/\/www.pressenza.com\/it\/#website\",\"url\":\"https:\/\/www.pressenza.com\/it\/\",\"name\":\"Pressenza\",\"description\":\"Agenzia di Stampa Internazionale\",\"publisher\":{\"@id\":\"https:\/\/www.pressenza.com\/it\/#organization\"},\"potentialAction\":[{\"@type\":\"SearchAction\",\"target\":{\"@type\":\"EntryPoint\",\"urlTemplate\":\"https:\/\/www.pressenza.com\/it\/?s={search_term_string}\"},\"query-input\":{\"@type\":\"PropertyValueSpecification\",\"valueRequired\":true,\"valueName\":\"search_term_string\"}}],\"inLanguage\":\"it-IT\"},{\"@type\":\"Organization\",\"@id\":\"https:\/\/www.pressenza.com\/it\/#organization\",\"name\":\"Pressenza\",\"url\":\"https:\/\/www.pressenza.com\/it\/\",\"logo\":{\"@type\":\"ImageObject\",\"inLanguage\":\"it-IT\",\"@id\":\"https:\/\/www.pressenza.com\/it\/#\/schema\/logo\/image\/\",\"url\":\"https:\/\/www.pressenza.com\/wp-content\/uploads\/2022\/10\/pressenza_logo_200x200.jpg\",\"contentUrl\":\"https:\/\/www.pressenza.com\/wp-content\/uploads\/2022\/10\/pressenza_logo_200x200.jpg\",\"width\":200,\"height\":200,\"caption\":\"Pressenza\"},\"image\":{\"@id\":\"https:\/\/www.pressenza.com\/it\/#\/schema\/logo\/image\/\"},\"sameAs\":[\"https:\/\/www.facebook.com\/PressenzaItalia\",\"https:\/\/x.com\/PressenzaIPA\"]},{\"@type\":\"Person\",\"@id\":\"https:\/\/www.pressenza.com\/it\/#\/schema\/person\/d983e81827ae24f2c7b1a2123d197f8d\",\"name\":\"Redazione Italia\",\"description\":\"News from the Pressenza Bureau in Italy\",\"sameAs\":[\"https:\/\/www.pressenza.com\/it\/author\/redazione-italia\/\",\"https:\/\/www.facebook.com\/PressenzaItalia\",\"https:\/\/www.instagram.com\/pressenza_italia\/\",\"https:\/\/x.com\/pressenza_it\",\"https:\/\/www.youtube.com\/channel\/UCSalEIWjE1RSxkwjfftFuqg\"],\"url\":\"https:\/\/www.pressenza.com\/it\/author\/redazione-italia\/\"}]}<\/script>\n<!-- \/ Yoast SEO plugin. -->","yoast_head_json":{"title":"Prato: raccolta firme per Referendum abrogativo Legge Regionale Sanit\u00e0 28\/2015","description":"Il M5S Prato insieme al Comitato pratese di \u201cS\u00ec Toscana a Sinistra\u201d ed al Partito Umanista sostengono la raccolta firme per indire il referendum","robots":{"index":"index","follow":"follow","max-snippet":"max-snippet:-1","max-image-preview":"max-image-preview:large","max-video-preview":"max-video-preview:-1"},"canonical":"https:\/\/www.pressenza.com\/it\/2015\/09\/prato-raccolta-firme-per-referendum-abrogativo-legge-regionale-sanita-282015\/","og_locale":"it_IT","og_type":"article","og_title":"Prato: raccolta firme per Referendum abrogativo Legge Regionale Sanit\u00e0 28\/2015","og_description":"Il M5S Prato insieme al Comitato pratese di \u201cS\u00ec Toscana a Sinistra\u201d ed al Partito Umanista sostengono la raccolta firme per indire il referendum","og_url":"https:\/\/www.pressenza.com\/it\/2015\/09\/prato-raccolta-firme-per-referendum-abrogativo-legge-regionale-sanita-282015\/","og_site_name":"Pressenza","article_publisher":"https:\/\/www.facebook.com\/PressenzaItalia","article_author":"https:\/\/www.facebook.com\/PressenzaItalia","article_published_time":"2015-09-23T14:54:10+00:00","article_modified_time":"2015-09-23T17:47:47+00:00","og_image":[{"width":609,"height":362,"url":"https:\/\/www.pressenza.com\/wp-content\/uploads\/2015\/09\/Protesta_Umanisti_Sanit--_Prato.jpg","type":"image\/jpeg"}],"author":"Redazione Italia","twitter_card":"summary_large_image","twitter_creator":"@pressenza_it","twitter_site":"@PressenzaIPA","twitter_misc":{"Scritto da":"Redazione Italia","Tempo di lettura stimato":"1 minuto"},"schema":{"@context":"https:\/\/schema.org","@graph":[{"@type":"Article","@id":"https:\/\/www.pressenza.com\/it\/2015\/09\/prato-raccolta-firme-per-referendum-abrogativo-legge-regionale-sanita-282015\/#article","isPartOf":{"@id":"https:\/\/www.pressenza.com\/it\/2015\/09\/prato-raccolta-firme-per-referendum-abrogativo-legge-regionale-sanita-282015\/"},"author":{"name":"Redazione Italia","@id":"https:\/\/www.pressenza.com\/it\/#\/schema\/person\/d983e81827ae24f2c7b1a2123d197f8d"},"headline":"Prato: raccolta firme per Referendum abrogativo Legge Regionale Sanit\u00e0 28\/2015","datePublished":"2015-09-23T14:54:10+00:00","dateModified":"2015-09-23T17:47:47+00:00","mainEntityOfPage":{"@id":"https:\/\/www.pressenza.com\/it\/2015\/09\/prato-raccolta-firme-per-referendum-abrogativo-legge-regionale-sanita-282015\/"},"wordCount":276,"publisher":{"@id":"https:\/\/www.pressenza.com\/it\/#organization"},"image":{"@id":"https:\/\/www.pressenza.com\/it\/2015\/09\/prato-raccolta-firme-per-referendum-abrogativo-legge-regionale-sanita-282015\/#primaryimage"},"thumbnailUrl":"https:\/\/www.pressenza.com\/wp-content\/uploads\/2015\/09\/Protesta_Umanisti_Sanit--_Prato.jpg","keywords":["Prato","Regione Toscana","sanit\u00e0"],"articleSection":["Comunicati Stampa","Europa","Politica"],"inLanguage":"it-IT"},{"@type":"WebPage","@id":"https:\/\/www.pressenza.com\/it\/2015\/09\/prato-raccolta-firme-per-referendum-abrogativo-legge-regionale-sanita-282015\/","url":"https:\/\/www.pressenza.com\/it\/2015\/09\/prato-raccolta-firme-per-referendum-abrogativo-legge-regionale-sanita-282015\/","name":"Prato: raccolta firme per Referendum abrogativo Legge Regionale Sanit\u00e0 28\/2015","isPartOf":{"@id":"https:\/\/www.pressenza.com\/it\/#website"},"primaryImageOfPage":{"@id":"https:\/\/www.pressenza.com\/it\/2015\/09\/prato-raccolta-firme-per-referendum-abrogativo-legge-regionale-sanita-282015\/#primaryimage"},"image":{"@id":"https:\/\/www.pressenza.com\/it\/2015\/09\/prato-raccolta-firme-per-referendum-abrogativo-legge-regionale-sanita-282015\/#primaryimage"},"thumbnailUrl":"https:\/\/www.pressenza.com\/wp-content\/uploads\/2015\/09\/Protesta_Umanisti_Sanit--_Prato.jpg","datePublished":"2015-09-23T14:54:10+00:00","dateModified":"2015-09-23T17:47:47+00:00","description":"Il M5S Prato insieme al Comitato pratese di \u201cS\u00ec Toscana a Sinistra\u201d ed al Partito Umanista sostengono la raccolta firme per indire il referendum","breadcrumb":{"@id":"https:\/\/www.pressenza.com\/it\/2015\/09\/prato-raccolta-firme-per-referendum-abrogativo-legge-regionale-sanita-282015\/#breadcrumb"},"inLanguage":"it-IT","potentialAction":[{"@type":"ReadAction","target":["https:\/\/www.pressenza.com\/it\/2015\/09\/prato-raccolta-firme-per-referendum-abrogativo-legge-regionale-sanita-282015\/"]}]},{"@type":"ImageObject","inLanguage":"it-IT","@id":"https:\/\/www.pressenza.com\/it\/2015\/09\/prato-raccolta-firme-per-referendum-abrogativo-legge-regionale-sanita-282015\/#primaryimage","url":"https:\/\/www.pressenza.com\/wp-content\/uploads\/2015\/09\/Protesta_Umanisti_Sanit--_Prato.jpg","contentUrl":"https:\/\/www.pressenza.com\/wp-content\/uploads\/2015\/09\/Protesta_Umanisti_Sanit--_Prato.jpg","width":609,"height":362},{"@type":"BreadcrumbList","@id":"https:\/\/www.pressenza.com\/it\/2015\/09\/prato-raccolta-firme-per-referendum-abrogativo-legge-regionale-sanita-282015\/#breadcrumb","itemListElement":[{"@type":"ListItem","position":1,"name":"Accueil","item":"https:\/\/www.pressenza.com\/it\/"},{"@type":"ListItem","position":2,"name":"Prato: raccolta firme per Referendum abrogativo Legge Regionale Sanit\u00e0 28\/2015"}]},{"@type":"WebSite","@id":"https:\/\/www.pressenza.com\/it\/#website","url":"https:\/\/www.pressenza.com\/it\/","name":"Pressenza","description":"Agenzia di Stampa Internazionale","publisher":{"@id":"https:\/\/www.pressenza.com\/it\/#organization"},"potentialAction":[{"@type":"SearchAction","target":{"@type":"EntryPoint","urlTemplate":"https:\/\/www.pressenza.com\/it\/?s={search_term_string}"},"query-input":{"@type":"PropertyValueSpecification","valueRequired":true,"valueName":"search_term_string"}}],"inLanguage":"it-IT"},{"@type":"Organization","@id":"https:\/\/www.pressenza.com\/it\/#organization","name":"Pressenza","url":"https:\/\/www.pressenza.com\/it\/","logo":{"@type":"ImageObject","inLanguage":"it-IT","@id":"https:\/\/www.pressenza.com\/it\/#\/schema\/logo\/image\/","url":"https:\/\/www.pressenza.com\/wp-content\/uploads\/2022\/10\/pressenza_logo_200x200.jpg","contentUrl":"https:\/\/www.pressenza.com\/wp-content\/uploads\/2022\/10\/pressenza_logo_200x200.jpg","width":200,"height":200,"caption":"Pressenza"},"image":{"@id":"https:\/\/www.pressenza.com\/it\/#\/schema\/logo\/image\/"},"sameAs":["https:\/\/www.facebook.com\/PressenzaItalia","https:\/\/x.com\/PressenzaIPA"]},{"@type":"Person","@id":"https:\/\/www.pressenza.com\/it\/#\/schema\/person\/d983e81827ae24f2c7b1a2123d197f8d","name":"Redazione Italia","description":"News from the Pressenza Bureau in Italy","sameAs":["https:\/\/www.pressenza.com\/it\/author\/redazione-italia\/","https:\/\/www.facebook.com\/PressenzaItalia","https:\/\/www.instagram.com\/pressenza_italia\/","https:\/\/x.com\/pressenza_it","https:\/\/www.youtube.com\/channel\/UCSalEIWjE1RSxkwjfftFuqg"],"url":"https:\/\/www.pressenza.com\/it\/author\/redazione-italia\/"}]}},"place":"","original_article_url":"","_links":{"self":[{"href":"https:\/\/www.pressenza.com\/it\/wp-json\/wp\/v2\/posts\/225525","targetHints":{"allow":["GET"]}}],"collection":[{"href":"https:\/\/www.pressenza.com\/it\/wp-json\/wp\/v2\/posts"}],"about":[{"href":"https:\/\/www.pressenza.com\/it\/wp-json\/wp\/v2\/types\/post"}],"author":[{"embeddable":true,"href":"https:\/\/www.pressenza.com\/it\/wp-json\/wp\/v2\/users\/594"}],"replies":[{"embeddable":true,"href":"https:\/\/www.pressenza.com\/it\/wp-json\/wp\/v2\/comments?post=225525"}],"version-history":[{"count":0,"href":"https:\/\/www.pressenza.com\/it\/wp-json\/wp\/v2\/posts\/225525\/revisions"}],"wp:featuredmedia":[{"embeddable":true,"href":"https:\/\/www.pressenza.com\/it\/wp-json\/wp\/v2\/media\/225605"}],"wp:attachment":[{"href":"https:\/\/www.pressenza.com\/it\/wp-json\/wp\/v2\/media?parent=225525"}],"wp:term":[{"taxonomy":"category","embeddable":true,"href":"https:\/\/www.pressenza.com\/it\/wp-json\/wp\/v2\/categories?post=225525"},{"taxonomy":"post_tag","embeddable":true,"href":"https:\/\/www.pressenza.com\/it\/wp-json\/wp\/v2\/tags?post=225525"}],"curies":[{"name":"wp","href":"https:\/\/api.w.org\/{rel}","templated":true}]}}