{"id":224447,"date":"2015-09-21T16:11:31","date_gmt":"2015-09-21T15:11:31","guid":{"rendered":"http:\/\/www.pressenza.com\/it\/?p=224447"},"modified":"2015-09-21T16:12:30","modified_gmt":"2015-09-21T15:12:30","slug":"grecia-i-protagonisti-delle-elezioni","status":"publish","type":"post","link":"https:\/\/www.pressenza.com\/it\/2015\/09\/grecia-i-protagonisti-delle-elezioni\/","title":{"rendered":"Grecia, i protagonisti delle elezioni"},"content":{"rendered":"<p>Domenica 20 settembre 2015 i greci sono stati chiamati a decidere quale partito politico, o quale coalizione (nel caso nessuno avesse raggiunto la maggioranza assoluta) poteva attuare il terzo\u00a0Memorandum nel modo migliore. Migliore nel senso di meno doloroso, ammesso che questo sia possibile.<\/p>\n<p>L\u2019elettorato ha deciso di affidare questo compito a Syriza, che ha eletto 145 deputati, conquistando il 35,47% dei voti. Poco dopo l\u2019arrivo dei primi risultati \u00e8 stato annunciata la formazione di un governo di coalizione con i nazionalisti di destra di Anel, che ha avuto dieci eletti e ottenuto il 3,7% dei voti. Hanno perfino salutato insieme i sostenitori radunati nel centro di Atene per festeggiare la vittoria. La destra di Nuova democrazia e i socialisti del Pasok avevano gi\u00e0 chiarito che non intendevano far parte del governo. Un vecchio partito chiamato Unione dei centristi \u00e8 entrato a sorpresa in Parlamento con il 3,4% dei voti, mentre la sinistra di Unit\u00e0 Popolare, in cui si presentava come candidata indipendente l\u2019ex presidente del Parlamento Zoi Konstantopoulou, non ce l\u2019ha fatta. Il partito neo-nazista Alba Dorata \u00e8 arrivato al 7%. Il Pasok ha preso il 6,2% e Nuova Democrazia si \u00e8 mantenuta stabile (28%), cos\u00ec come il Partito Comunista \u00a0(5,55%), mentre i socialdemocratici di To Potami sono scesi al 4%.<\/p>\n<p>Il protagonista di queste elezioni \u00e8 stato Alexis Tsipras. Gli elettori hanno valutato in modo positivo i negoziati con i creditori svoltisi tra gennaio e giugno ed espresso un massiccio No all\u2019austerity nel referendum di luglio e ora con queste elezioni gli hanno rinnovato la fiducia, nonostante il terzo \u00a0Memorandum. \u00a0Al governo si chiede adesso di continuare il suo lavoro; visto che la maggior parte dei suoi esponenti non ha mai fatto parte del sistema clientelare e corrotto, c\u2019\u00e8 chi spera che riusciranno a sradicare questi fenomeni. Alcuni sperano anche che il governo riuscir\u00e0 a instaurare un regime fiscale pi\u00f9 equo e a presentare ai creditori altri tipi di misure per ottenere i fondi necessari, assistendo in questo modo gli strati pi\u00f9 poveri della societ\u00e0. Non si spendono grandi parole sullo sviluppo o il modo di ridurre la disoccupazione, una scommessa il cui esito rimane incerto.<\/p>\n<p>C\u2019\u00e8 per\u00f2 un altro protagonista: l\u2019enorme astensionismo rappresentato dagli elettori delusi dal comportamento di tutti i partiti che sono stati al governo (compresi Syriza e Anel, soprattutto dopo il referendum). Nessuno pu\u00f2 biasimarli per la loro indifferenza. Una parte non voleva nuove scissioni nella sinistra, ma nemmeno un nuovo Memorandum o nuove misure di austerity. Una parte \u00e8 pronta a reagire a nuove leggi che puntino a risolvere i problemi della crisi bancaria scaricandoli sulle famiglie pi\u00f9 deboli dell\u2019Europa del sud.<\/p>\n<p>Sar\u00e0 possibile ricostruire la fiducia di una fascia cos\u00ec larga di popolazione? Il nuovo governo deve dimostrare che questo \u00e8 fattibile e che la democrazia rappresentativa non \u00e8 morta, cambiando, come continua a dichiarare, le dinamiche all\u2019interno dell\u2019Europa e rifiutandosi di attuare riforme ingiuste imposte dalle istituzioni europee. Inoltre Syriza deve varare politiche che promuovano i diritti umani, uno dei motivi del sostegno ricevuto in gennaio e anche adesso. Resta da vedere come riuscir\u00e0 a farlo, avendo come alleato di governo un partito come Anel.<\/p>\n<p>Una cosa \u00e8 certa: il nuovo governo di Tsipras ha bisogno dei prossimi quattro anni per definire e attuare il suo piano. In questo momento cruciale per la Grecia e per l\u2019Europa quelli di noi che credono nelle sue possibilit\u00e0 di successo si augurano a gran voce che ci riesca e quelli che non ci credono se lo augurano in modo meno vistoso.<\/p>\n<p>&nbsp;<\/p>\n","protected":false},"excerpt":{"rendered":"<p>Domenica 20 settembre 2015 i greci sono stati chiamati a decidere quale partito politico, o quale coalizione (nel caso nessuno avesse raggiunto la maggioranza assoluta) poteva attuare il terzo\u00a0Memorandum nel modo migliore. Migliore nel senso di meno doloroso, ammesso che&hellip;<\/p>\n","protected":false},"author":1203,"featured_media":224333,"comment_status":"closed","ping_status":"open","sticky":false,"template":"","format":"standard","meta":{"footnotes":""},"categories":[11388,47,162,55],"tags":[],"class_list":["post-224447","post","type-post","status-publish","format-standard","has-post-thumbnail","hentry","category-contenuti-originali","category-europa","category-opinioni","category-politica"],"yoast_head":"<!-- This site is optimized with the Yoast SEO plugin v27.1.1 - https:\/\/yoast.com\/product\/yoast-seo-wordpress\/ -->\n<title>Grecia, i protagonisti delle elezioni<\/title>\n<meta name=\"description\" content=\"Domenica 20 settembre 2015 i greci sono stati chiamati a decidere quale partito politico, o quale coalizione (nel caso nessuno avesse raggiunto la\" \/>\n<meta name=\"robots\" content=\"index, follow, max-snippet:-1, max-image-preview:large, max-video-preview:-1\" \/>\n<link rel=\"canonical\" href=\"https:\/\/www.pressenza.com\/it\/2015\/09\/grecia-i-protagonisti-delle-elezioni\/\" \/>\n<meta property=\"og:locale\" content=\"it_IT\" \/>\n<meta property=\"og:type\" content=\"article\" \/>\n<meta property=\"og:title\" content=\"Grecia, i protagonisti delle elezioni\" \/>\n<meta property=\"og:description\" content=\"Domenica 20 settembre 2015 i greci sono stati chiamati a decidere quale partito politico, o quale coalizione (nel caso nessuno avesse raggiunto la\" \/>\n<meta property=\"og:url\" content=\"https:\/\/www.pressenza.com\/it\/2015\/09\/grecia-i-protagonisti-delle-elezioni\/\" \/>\n<meta property=\"og:site_name\" content=\"Pressenza\" \/>\n<meta property=\"article:publisher\" content=\"https:\/\/www.facebook.com\/PressenzaItalia\" \/>\n<meta property=\"article:author\" content=\"https:\/\/www.facebook.com\/marianella.kloka?fref=ts\" \/>\n<meta property=\"article:published_time\" content=\"2015-09-21T15:11:31+00:00\" \/>\n<meta property=\"article:modified_time\" content=\"2015-09-21T15:12:30+00:00\" \/>\n<meta property=\"og:image\" content=\"https:\/\/www.pressenza.com\/wp-content\/uploads\/2015\/09\/Ekloges-Septembriou-2015-TPP.jpg\" \/>\n\t<meta property=\"og:image:width\" content=\"908\" \/>\n\t<meta property=\"og:image:height\" content=\"792\" \/>\n\t<meta property=\"og:image:type\" content=\"image\/jpeg\" \/>\n<meta name=\"author\" content=\"Marianella Kloka\" \/>\n<meta name=\"twitter:card\" content=\"summary_large_image\" \/>\n<meta name=\"twitter:creator\" content=\"@MarianellaKloka\" \/>\n<meta name=\"twitter:site\" content=\"@PressenzaIPA\" \/>\n<meta name=\"twitter:label1\" content=\"Scritto da\" \/>\n\t<meta name=\"twitter:data1\" content=\"Marianella Kloka\" \/>\n\t<meta name=\"twitter:label2\" content=\"Tempo di lettura stimato\" \/>\n\t<meta name=\"twitter:data2\" content=\"3 minuti\" \/>\n<script type=\"application\/ld+json\" class=\"yoast-schema-graph\">{\"@context\":\"https:\/\/schema.org\",\"@graph\":[{\"@type\":\"Article\",\"@id\":\"https:\/\/www.pressenza.com\/it\/2015\/09\/grecia-i-protagonisti-delle-elezioni\/#article\",\"isPartOf\":{\"@id\":\"https:\/\/www.pressenza.com\/it\/2015\/09\/grecia-i-protagonisti-delle-elezioni\/\"},\"author\":{\"name\":\"Marianella Kloka\",\"@id\":\"https:\/\/www.pressenza.com\/it\/#\/schema\/person\/2f6926fff5b90a0637b85437f24cbfe9\"},\"headline\":\"Grecia, i protagonisti delle elezioni\",\"datePublished\":\"2015-09-21T15:11:31+00:00\",\"dateModified\":\"2015-09-21T15:12:30+00:00\",\"mainEntityOfPage\":{\"@id\":\"https:\/\/www.pressenza.com\/it\/2015\/09\/grecia-i-protagonisti-delle-elezioni\/\"},\"wordCount\":583,\"publisher\":{\"@id\":\"https:\/\/www.pressenza.com\/it\/#organization\"},\"image\":{\"@id\":\"https:\/\/www.pressenza.com\/it\/2015\/09\/grecia-i-protagonisti-delle-elezioni\/#primaryimage\"},\"thumbnailUrl\":\"https:\/\/www.pressenza.com\/wp-content\/uploads\/2015\/09\/Ekloges-Septembriou-2015-TPP.jpg\",\"articleSection\":[\"contenuti originali\",\"Europa\",\"Opinioni\",\"Politica\"],\"inLanguage\":\"it-IT\"},{\"@type\":\"WebPage\",\"@id\":\"https:\/\/www.pressenza.com\/it\/2015\/09\/grecia-i-protagonisti-delle-elezioni\/\",\"url\":\"https:\/\/www.pressenza.com\/it\/2015\/09\/grecia-i-protagonisti-delle-elezioni\/\",\"name\":\"Grecia, i protagonisti delle elezioni\",\"isPartOf\":{\"@id\":\"https:\/\/www.pressenza.com\/it\/#website\"},\"primaryImageOfPage\":{\"@id\":\"https:\/\/www.pressenza.com\/it\/2015\/09\/grecia-i-protagonisti-delle-elezioni\/#primaryimage\"},\"image\":{\"@id\":\"https:\/\/www.pressenza.com\/it\/2015\/09\/grecia-i-protagonisti-delle-elezioni\/#primaryimage\"},\"thumbnailUrl\":\"https:\/\/www.pressenza.com\/wp-content\/uploads\/2015\/09\/Ekloges-Septembriou-2015-TPP.jpg\",\"datePublished\":\"2015-09-21T15:11:31+00:00\",\"dateModified\":\"2015-09-21T15:12:30+00:00\",\"description\":\"Domenica 20 settembre 2015 i greci sono stati chiamati a decidere quale partito politico, o quale coalizione (nel caso nessuno avesse raggiunto la\",\"breadcrumb\":{\"@id\":\"https:\/\/www.pressenza.com\/it\/2015\/09\/grecia-i-protagonisti-delle-elezioni\/#breadcrumb\"},\"inLanguage\":\"it-IT\",\"potentialAction\":[{\"@type\":\"ReadAction\",\"target\":[\"https:\/\/www.pressenza.com\/it\/2015\/09\/grecia-i-protagonisti-delle-elezioni\/\"]}]},{\"@type\":\"ImageObject\",\"inLanguage\":\"it-IT\",\"@id\":\"https:\/\/www.pressenza.com\/it\/2015\/09\/grecia-i-protagonisti-delle-elezioni\/#primaryimage\",\"url\":\"https:\/\/www.pressenza.com\/wp-content\/uploads\/2015\/09\/Ekloges-Septembriou-2015-TPP.jpg\",\"contentUrl\":\"https:\/\/www.pressenza.com\/wp-content\/uploads\/2015\/09\/Ekloges-Septembriou-2015-TPP.jpg\",\"width\":908,\"height\":792},{\"@type\":\"BreadcrumbList\",\"@id\":\"https:\/\/www.pressenza.com\/it\/2015\/09\/grecia-i-protagonisti-delle-elezioni\/#breadcrumb\",\"itemListElement\":[{\"@type\":\"ListItem\",\"position\":1,\"name\":\"Accueil\",\"item\":\"https:\/\/www.pressenza.com\/it\/\"},{\"@type\":\"ListItem\",\"position\":2,\"name\":\"Grecia, i protagonisti delle elezioni\"}]},{\"@type\":\"WebSite\",\"@id\":\"https:\/\/www.pressenza.com\/it\/#website\",\"url\":\"https:\/\/www.pressenza.com\/it\/\",\"name\":\"Pressenza\",\"description\":\"Agenzia di Stampa Internazionale\",\"publisher\":{\"@id\":\"https:\/\/www.pressenza.com\/it\/#organization\"},\"potentialAction\":[{\"@type\":\"SearchAction\",\"target\":{\"@type\":\"EntryPoint\",\"urlTemplate\":\"https:\/\/www.pressenza.com\/it\/?s={search_term_string}\"},\"query-input\":{\"@type\":\"PropertyValueSpecification\",\"valueRequired\":true,\"valueName\":\"search_term_string\"}}],\"inLanguage\":\"it-IT\"},{\"@type\":\"Organization\",\"@id\":\"https:\/\/www.pressenza.com\/it\/#organization\",\"name\":\"Pressenza\",\"url\":\"https:\/\/www.pressenza.com\/it\/\",\"logo\":{\"@type\":\"ImageObject\",\"inLanguage\":\"it-IT\",\"@id\":\"https:\/\/www.pressenza.com\/it\/#\/schema\/logo\/image\/\",\"url\":\"https:\/\/www.pressenza.com\/wp-content\/uploads\/2022\/10\/pressenza_logo_200x200.jpg\",\"contentUrl\":\"https:\/\/www.pressenza.com\/wp-content\/uploads\/2022\/10\/pressenza_logo_200x200.jpg\",\"width\":200,\"height\":200,\"caption\":\"Pressenza\"},\"image\":{\"@id\":\"https:\/\/www.pressenza.com\/it\/#\/schema\/logo\/image\/\"},\"sameAs\":[\"https:\/\/www.facebook.com\/PressenzaItalia\",\"https:\/\/x.com\/PressenzaIPA\"]},{\"@type\":\"Person\",\"@id\":\"https:\/\/www.pressenza.com\/it\/#\/schema\/person\/2f6926fff5b90a0637b85437f24cbfe9\",\"name\":\"Marianella Kloka\",\"description\":\"Marianella Kloka is a 50 years old woman, living in Athens, Greece. She has been a member of the Humanist Movement since 1990 and she is a founding member of World without Wars and Violence in Greece. Currently she works as an advocacy officer for the NGO PRAKSIS. Politics, human rights, scripts, audiovisuals. Twitter: @MarianellaKloka | Facebook: marianella.kloka\",\"sameAs\":[\"https:\/\/www.facebook.com\/marianella.kloka?fref=ts\",\"https:\/\/x.com\/MarianellaKloka\"],\"url\":\"https:\/\/www.pressenza.com\/it\/author\/marianella-kloka\/\"}]}<\/script>\n<!-- \/ Yoast SEO plugin. -->","yoast_head_json":{"title":"Grecia, i protagonisti delle elezioni","description":"Domenica 20 settembre 2015 i greci sono stati chiamati a decidere quale partito politico, o quale coalizione (nel caso nessuno avesse raggiunto la","robots":{"index":"index","follow":"follow","max-snippet":"max-snippet:-1","max-image-preview":"max-image-preview:large","max-video-preview":"max-video-preview:-1"},"canonical":"https:\/\/www.pressenza.com\/it\/2015\/09\/grecia-i-protagonisti-delle-elezioni\/","og_locale":"it_IT","og_type":"article","og_title":"Grecia, i protagonisti delle elezioni","og_description":"Domenica 20 settembre 2015 i greci sono stati chiamati a decidere quale partito politico, o quale coalizione (nel caso nessuno avesse raggiunto la","og_url":"https:\/\/www.pressenza.com\/it\/2015\/09\/grecia-i-protagonisti-delle-elezioni\/","og_site_name":"Pressenza","article_publisher":"https:\/\/www.facebook.com\/PressenzaItalia","article_author":"https:\/\/www.facebook.com\/marianella.kloka?fref=ts","article_published_time":"2015-09-21T15:11:31+00:00","article_modified_time":"2015-09-21T15:12:30+00:00","og_image":[{"width":908,"height":792,"url":"https:\/\/www.pressenza.com\/wp-content\/uploads\/2015\/09\/Ekloges-Septembriou-2015-TPP.jpg","type":"image\/jpeg"}],"author":"Marianella Kloka","twitter_card":"summary_large_image","twitter_creator":"@MarianellaKloka","twitter_site":"@PressenzaIPA","twitter_misc":{"Scritto da":"Marianella Kloka","Tempo di lettura stimato":"3 minuti"},"schema":{"@context":"https:\/\/schema.org","@graph":[{"@type":"Article","@id":"https:\/\/www.pressenza.com\/it\/2015\/09\/grecia-i-protagonisti-delle-elezioni\/#article","isPartOf":{"@id":"https:\/\/www.pressenza.com\/it\/2015\/09\/grecia-i-protagonisti-delle-elezioni\/"},"author":{"name":"Marianella Kloka","@id":"https:\/\/www.pressenza.com\/it\/#\/schema\/person\/2f6926fff5b90a0637b85437f24cbfe9"},"headline":"Grecia, i protagonisti delle elezioni","datePublished":"2015-09-21T15:11:31+00:00","dateModified":"2015-09-21T15:12:30+00:00","mainEntityOfPage":{"@id":"https:\/\/www.pressenza.com\/it\/2015\/09\/grecia-i-protagonisti-delle-elezioni\/"},"wordCount":583,"publisher":{"@id":"https:\/\/www.pressenza.com\/it\/#organization"},"image":{"@id":"https:\/\/www.pressenza.com\/it\/2015\/09\/grecia-i-protagonisti-delle-elezioni\/#primaryimage"},"thumbnailUrl":"https:\/\/www.pressenza.com\/wp-content\/uploads\/2015\/09\/Ekloges-Septembriou-2015-TPP.jpg","articleSection":["contenuti originali","Europa","Opinioni","Politica"],"inLanguage":"it-IT"},{"@type":"WebPage","@id":"https:\/\/www.pressenza.com\/it\/2015\/09\/grecia-i-protagonisti-delle-elezioni\/","url":"https:\/\/www.pressenza.com\/it\/2015\/09\/grecia-i-protagonisti-delle-elezioni\/","name":"Grecia, i protagonisti delle elezioni","isPartOf":{"@id":"https:\/\/www.pressenza.com\/it\/#website"},"primaryImageOfPage":{"@id":"https:\/\/www.pressenza.com\/it\/2015\/09\/grecia-i-protagonisti-delle-elezioni\/#primaryimage"},"image":{"@id":"https:\/\/www.pressenza.com\/it\/2015\/09\/grecia-i-protagonisti-delle-elezioni\/#primaryimage"},"thumbnailUrl":"https:\/\/www.pressenza.com\/wp-content\/uploads\/2015\/09\/Ekloges-Septembriou-2015-TPP.jpg","datePublished":"2015-09-21T15:11:31+00:00","dateModified":"2015-09-21T15:12:30+00:00","description":"Domenica 20 settembre 2015 i greci sono stati chiamati a decidere quale partito politico, o quale coalizione (nel caso nessuno avesse raggiunto la","breadcrumb":{"@id":"https:\/\/www.pressenza.com\/it\/2015\/09\/grecia-i-protagonisti-delle-elezioni\/#breadcrumb"},"inLanguage":"it-IT","potentialAction":[{"@type":"ReadAction","target":["https:\/\/www.pressenza.com\/it\/2015\/09\/grecia-i-protagonisti-delle-elezioni\/"]}]},{"@type":"ImageObject","inLanguage":"it-IT","@id":"https:\/\/www.pressenza.com\/it\/2015\/09\/grecia-i-protagonisti-delle-elezioni\/#primaryimage","url":"https:\/\/www.pressenza.com\/wp-content\/uploads\/2015\/09\/Ekloges-Septembriou-2015-TPP.jpg","contentUrl":"https:\/\/www.pressenza.com\/wp-content\/uploads\/2015\/09\/Ekloges-Septembriou-2015-TPP.jpg","width":908,"height":792},{"@type":"BreadcrumbList","@id":"https:\/\/www.pressenza.com\/it\/2015\/09\/grecia-i-protagonisti-delle-elezioni\/#breadcrumb","itemListElement":[{"@type":"ListItem","position":1,"name":"Accueil","item":"https:\/\/www.pressenza.com\/it\/"},{"@type":"ListItem","position":2,"name":"Grecia, i protagonisti delle elezioni"}]},{"@type":"WebSite","@id":"https:\/\/www.pressenza.com\/it\/#website","url":"https:\/\/www.pressenza.com\/it\/","name":"Pressenza","description":"Agenzia di Stampa Internazionale","publisher":{"@id":"https:\/\/www.pressenza.com\/it\/#organization"},"potentialAction":[{"@type":"SearchAction","target":{"@type":"EntryPoint","urlTemplate":"https:\/\/www.pressenza.com\/it\/?s={search_term_string}"},"query-input":{"@type":"PropertyValueSpecification","valueRequired":true,"valueName":"search_term_string"}}],"inLanguage":"it-IT"},{"@type":"Organization","@id":"https:\/\/www.pressenza.com\/it\/#organization","name":"Pressenza","url":"https:\/\/www.pressenza.com\/it\/","logo":{"@type":"ImageObject","inLanguage":"it-IT","@id":"https:\/\/www.pressenza.com\/it\/#\/schema\/logo\/image\/","url":"https:\/\/www.pressenza.com\/wp-content\/uploads\/2022\/10\/pressenza_logo_200x200.jpg","contentUrl":"https:\/\/www.pressenza.com\/wp-content\/uploads\/2022\/10\/pressenza_logo_200x200.jpg","width":200,"height":200,"caption":"Pressenza"},"image":{"@id":"https:\/\/www.pressenza.com\/it\/#\/schema\/logo\/image\/"},"sameAs":["https:\/\/www.facebook.com\/PressenzaItalia","https:\/\/x.com\/PressenzaIPA"]},{"@type":"Person","@id":"https:\/\/www.pressenza.com\/it\/#\/schema\/person\/2f6926fff5b90a0637b85437f24cbfe9","name":"Marianella Kloka","description":"Marianella Kloka is a 50 years old woman, living in Athens, Greece. She has been a member of the Humanist Movement since 1990 and she is a founding member of World without Wars and Violence in Greece. Currently she works as an advocacy officer for the NGO PRAKSIS. Politics, human rights, scripts, audiovisuals. Twitter: @MarianellaKloka | Facebook: marianella.kloka","sameAs":["https:\/\/www.facebook.com\/marianella.kloka?fref=ts","https:\/\/x.com\/MarianellaKloka"],"url":"https:\/\/www.pressenza.com\/it\/author\/marianella-kloka\/"}]}},"place":"","original_article_url":"","_links":{"self":[{"href":"https:\/\/www.pressenza.com\/it\/wp-json\/wp\/v2\/posts\/224447","targetHints":{"allow":["GET"]}}],"collection":[{"href":"https:\/\/www.pressenza.com\/it\/wp-json\/wp\/v2\/posts"}],"about":[{"href":"https:\/\/www.pressenza.com\/it\/wp-json\/wp\/v2\/types\/post"}],"author":[{"embeddable":true,"href":"https:\/\/www.pressenza.com\/it\/wp-json\/wp\/v2\/users\/1203"}],"replies":[{"embeddable":true,"href":"https:\/\/www.pressenza.com\/it\/wp-json\/wp\/v2\/comments?post=224447"}],"version-history":[{"count":0,"href":"https:\/\/www.pressenza.com\/it\/wp-json\/wp\/v2\/posts\/224447\/revisions"}],"wp:featuredmedia":[{"embeddable":true,"href":"https:\/\/www.pressenza.com\/it\/wp-json\/wp\/v2\/media\/224333"}],"wp:attachment":[{"href":"https:\/\/www.pressenza.com\/it\/wp-json\/wp\/v2\/media?parent=224447"}],"wp:term":[{"taxonomy":"category","embeddable":true,"href":"https:\/\/www.pressenza.com\/it\/wp-json\/wp\/v2\/categories?post=224447"},{"taxonomy":"post_tag","embeddable":true,"href":"https:\/\/www.pressenza.com\/it\/wp-json\/wp\/v2\/tags?post=224447"}],"curies":[{"name":"wp","href":"https:\/\/api.w.org\/{rel}","templated":true}]}}