{"id":223490,"date":"2015-09-18T14:52:40","date_gmt":"2015-09-18T13:52:40","guid":{"rendered":"http:\/\/www.pressenza.com\/it\/?p=223490"},"modified":"2015-09-18T14:58:06","modified_gmt":"2015-09-18T13:58:06","slug":"alleanze-improprie-chi-vuole-spaccare-il-movimento-rifiuti-zero","status":"publish","type":"post","link":"https:\/\/www.pressenza.com\/it\/2015\/09\/alleanze-improprie-chi-vuole-spaccare-il-movimento-rifiuti-zero\/","title":{"rendered":"Zero Waste Italy spacca il movimento per andare con Legambiente Nazionale"},"content":{"rendered":"<p>Zero Waste Italy e Legambiente hanno organizzato per sabato 19 settembre, a Firenze, una \u201cAssemblea nazionale del Movimento Legge Rifiuti Zero\u201d, pubblicizzata anche su una pagina Facebook di un sedicente \u201cMovimento nazionale\u201d,\u00a0\u00a0 (<a href=\"https:\/\/www.facebook.com\/events\/467032926806481\/\">https:\/\/www.facebook.com\/events\/467032926806481\/<\/a>), che sancisce pubblicamente l&#8217;alleanza annunciata il 28 aprile a Roma e da noi denunciata come una operazione di vertice condotta dalle due organizzazioni in segreto ed all\u2019insaputa del Movimento stesso.<\/p>\n<p>&nbsp;<\/p>\n<p><strong>La presenza di Legambiente con una propria relazione a sostegno dell&#8217;iter parlamentare della nostra Proposta di Legge Rifiuti Zero (come dichiarato nel programma), all&#8217;interno di una manifestazione lanciata pubblicamente a nome di una parte minoritaria del Movimento, conferma l&#8217;obiettivo di Zero Waste Italy di tentare di coinvolgere mediaticamente tutto il Movimento LRZ in questa alleanza ormai consolidata, nonostante questo comportamento abbia gi\u00e0 causato una profonda spaccatura a livello nazionale tra i vari coordinamenti regionali, operazione sleale gi\u00e0 in atto dal 2014 per appropriarsi dell&#8217;iter parlamentare della Legge RZ attraverso accordi sottobanco con i gruppi parlamentari.<\/strong><\/p>\n<p><strong>Le motivazioni oggettive che i firmatari di questo documento hanno denunciato dal 29 aprile in poi, rispetto a questo inammissibile patto di vertice, non attengono solo alle modalit\u00e0 con cui \u00e8 stata condotta la trattativa privata tra Zero Waste Italy e Legambiente nazionale, ma sono ben solidamente contenute nelle note posizioni contrastanti che Legambiente ha su punti qualificanti della Legge Rifiuti Zero che oggi dichiara di voler appoggiare.<\/strong><\/p>\n<p><strong><u>Tali punti di totale contrasto sono sintetizzabili nelle posizioni di Legambiente nazionale rispetto a:<\/u><\/strong><\/p>\n<ul>\n<li><strong>Sostenere che non si debba azzerare il sistema di incentivazione agli inceneritori esistenti che, sulla scia del percorso dello Sblocca Italia sostenuto anche da Realacci del PD, vede un punto centrale nella riclassificazione dei 42 impianti di incenerimento da smaltimento a recupero di energia, passaggio che giustifica la persistenza dell\u2019indegno sistema incentivante,<\/strong><\/li>\n<li><strong>Sostenere che la produzione di CSS da rifiuti da avviare ad impianti di cogenerazione, come i cementifici e le centrali termoelettriche, sia un processo ambientalmente addirittura positivo, valutando solo gli aspetti sostitutivi del pet-coke con il CSS ma non quelli pesantemente negativi derivanti dalla combustione di CSS, come la enorme produzione quantitativa totale di particolato tossico (diossine, furani, pcb, metalli pesanti), <\/strong><\/li>\n<li><strong>Sostenere che occorre potenziare e moltiplicare la produzione di energia da fonti rinnovabili, soprattutto attraverso la costruzione di centrali a biomassa\/biogas da colture dedicate, nonostante sia dimostrato che tale processo \u00e8 chiaramente un fenomeno speculativo che produce lo sradicamento dell\u2019imprenditoria agricola produttiva a favore di una imprenditoria parassitaria che vive sugli incentivi pubblici o su modalit\u00e0 pesantemente inquinanti come lo spandimento del digestato nei campi. <\/strong><\/li>\n<\/ul>\n<p>&nbsp;<\/p>\n<p><a href=\"http:\/\/espresso.repubblica.it\/attualita\/2013\/11\/29\/news\/indovina-con-chi-siamo-in-affari-1.143547\">http:\/\/espresso.repubblica.it\/attualita\/2013\/11\/29\/news\/indovina-con-chi-siamo-in-affari-1.143547<\/a><\/p>\n<p><a href=\"http:\/\/espresso.repubblica.it\/attualita\/2013\/11\/29\/news\/indovina-con-chi-siamo-in-affari-1.143547\">http:\/\/espresso.repubblica.it\/attualita\/2013\/11\/29\/news\/indovina-con-chi-siamo-in-affari-1.143547<\/a><\/p>\n<p><a href=\"http:\/\/recall.azzeroco2.it\/la-campagna\/filiere-energetiche-2\/biogas\/\">http:\/\/recall.azzeroco2.it\/la-campagna\/filiere-energetiche-2\/biogas\/\u00a0<\/a><\/p>\n<p>Altre pesanti considerazioni, che si aggiungono a questi elementi di oggettivo contrasto, sono quelle in merito al \u201cconflitto di interessi\u201d che Legambiente nazionale vive al suo interno tra il suo presidente onorario Ermete Realacci, in quanto presidente della commissione ambiente del PD alla Camera dei deputati, e quanto pubblicato da tempo sulla partecipazione azionaria diretta od indiretta riconducibile a Legambiente in grandi aziende private che si occupano di costruire e gestire impianti di produzione di energia e di trattamento rifiuti, come abbiamo appreso dal Fatto quotidiano e dall\u2019Espresso.<\/p>\n<p><a href=\"http:\/\/www.ilfattoquotidiano.it\/2014\/06\/10\/legambiente-una-lobby-economico-politica-laccusa-degli-altri-ambientalisti\/1003687\/\">http:\/\/www.ilfattoquotidiano.it\/2014\/06\/10\/legambiente-una-lobby-economico-politica-laccusa-degli-altri-ambientalisti\/1003687\/\u00a0<\/a><\/p>\n<p>Le diverse inchieste giornalistiche pubblicate dal Fatto quotidiano e dall\u2019Espresso raccontano e ricostruiscono una catena di interessi e partecipazioni dirette o indirette che esclude che ci possa essere alcuna collaborazione tra un Movimento Nazionale Popolare fatto di volontari votati altruisticamente alla causa della tutela della salute e dell\u2019ambiente ed una organizzazione con un chiaro orientamento politico e che cresce in virtu\u2019 di finanziamenti pubblici e di compartecipazioni dirette od indirette nel mondo del business.<\/p>\n<p><a href=\"http:\/\/www.ilfattoquotidiano.it\/2014\/06\/10\/legambiente-fa-business-con-lecologia-i-dubbi-degli-esperti-e-una-onlus\/1003675\/\">http:\/\/www.ilfattoquotidiano.it\/2014\/06\/10\/legambiente-fa-business-con-lecologia-i-dubbi-degli-esperti-e-una-onlus\/1003675\/ <\/a><\/p>\n<p>Quanto esposto porta alla inevitabile conclusione che la spaccatura \u00e8 stata voluta e perseguita da Zero Waste Italy nell\u2019arco del 2014 per tentare di appropriarsi di una proposta di legge di cui non si \u00e8 n\u00e8 titolari n\u00e8 rappresentativi dei quattordici depositanti ufficiali, n\u00e8, tantomeno, per tutte le motivazioni esposte, la proposta di legge pu\u00f2 in alcun modo essere condivisa o rimessa nelle mani di Legambiente nazionale !!!<\/p>\n<p>Questo tentativo di indegna appropriazione, oggi sancito anche pubblicamente, ci induce ad una azione forte di difesa delle battaglie del MOVIMENTO NAZIONALE POPOLARE che ha ideato, coordinato e contribuito al successo della Legge Rifiuti Zero, con una NETTA SEPARAZIONE dei rispettivi percorsi tra noi e Zero Waste Italy, pur con le inevitabili conseguenze nelle attivit\u00e0 sul territorio nazionale ed in parlamento.<\/h2>\n<p>&nbsp;<\/p>\n<p><strong>LE OLTRE 90.000 FIRME DEI CITTADINI CHE HANNO SOSTENUTO <\/strong><\/p>\n<p><strong> LA NOSTRA PROPOSTA DI LEGGE RIFIUTI ZERO <\/strong><strong>NON SONO IN VENDITA !!!<\/strong><\/p>\n<h2>Roma 18 settembre 2014<\/h2>\n<p>&nbsp;<\/p>\n<p><strong>Segreteria nazionale\u00a0\u00a0\u00a0\u00a0\u00a0\u00a0\u00a0\u00a0\u00a0\u00a0\u00a0\u00a0\u00a0\u00a0\u00a0\u00a0\u00a0\u00a0\u00a0\u00a0\u00a0\u00a0\u00a0\u00a0\u00a0\u00a0\u00a0\u00a0\u00a0\u00a0\u00a0\u00a0\u00a0\u00a0\u00a0 Movimento Nazionale Popolare &#8211; Legge Rifiuti Zero<\/strong><\/p>\n<p><strong>\u00a0<\/strong><\/p>\n<p><a href=\"mailto:leggerifiutizero@gmail.com\">leggerifiutizero@gmail.com<\/a> \u00a0\u00a0\u00a0\u00a0\u00a0\u00a0\u00a0\u00a0\u00a0\u00a0\u00a0\u00a0\u00a0\u00a0\u00a0\u00a0\u00a0\u00a0\u00a0\u00a0\u00a0\u00a0\u00a0 <a href=\"http:\/\/www.leggerifiutizero.it\/\">www.leggerifiutizero.it<\/a><\/p>\n","protected":false},"excerpt":{"rendered":"<p>Zero Waste Italy e Legambiente hanno organizzato per sabato 19 settembre, a Firenze, una \u201cAssemblea nazionale del Movimento Legge Rifiuti Zero\u201d, pubblicizzata anche su una pagina Facebook di un sedicente \u201cMovimento nazionale\u201d,\u00a0\u00a0 (https:\/\/www.facebook.com\/events\/467032926806481\/), che sancisce pubblicamente l&#8217;alleanza annunciata il 28&hellip;<\/p>\n","protected":false},"author":594,"featured_media":223492,"comment_status":"closed","ping_status":"open","sticky":false,"template":"","format":"standard","meta":{"footnotes":""},"categories":[150,59,47],"tags":[5600,7045],"class_list":["post-223490","post","type-post","status-publish","format-standard","has-post-thumbnail","hentry","category-comunicati-stampa","category-ambiente-ecologia","category-europa","tag-legge-rifiuti-zero","tag-zero-waste"],"yoast_head":"<!-- This site is optimized with the Yoast SEO plugin v27.1.1 - https:\/\/yoast.com\/product\/yoast-seo-wordpress\/ -->\n<title>Zero Waste Italy spacca il movimento per andare con Legambiente Nazionale<\/title>\n<meta name=\"description\" content=\"Zero Waste Italy e Legambiente hanno organizzato per sabato 19 settembre, a Firenze, una \u201cAssemblea nazionale del Movimento Legge Rifiuti Zero\u201d,\" \/>\n<meta name=\"robots\" content=\"index, follow, max-snippet:-1, max-image-preview:large, max-video-preview:-1\" \/>\n<link rel=\"canonical\" href=\"https:\/\/www.pressenza.com\/it\/2015\/09\/alleanze-improprie-chi-vuole-spaccare-il-movimento-rifiuti-zero\/\" \/>\n<meta property=\"og:locale\" content=\"it_IT\" \/>\n<meta property=\"og:type\" content=\"article\" \/>\n<meta property=\"og:title\" content=\"Zero Waste Italy spacca il movimento per andare con Legambiente Nazionale\" \/>\n<meta property=\"og:description\" content=\"Zero Waste Italy e Legambiente hanno organizzato per sabato 19 settembre, a Firenze, una \u201cAssemblea nazionale del Movimento Legge Rifiuti Zero\u201d,\" \/>\n<meta property=\"og:url\" content=\"https:\/\/www.pressenza.com\/it\/2015\/09\/alleanze-improprie-chi-vuole-spaccare-il-movimento-rifiuti-zero\/\" \/>\n<meta property=\"og:site_name\" content=\"Pressenza\" \/>\n<meta property=\"article:publisher\" content=\"https:\/\/www.facebook.com\/PressenzaItalia\" \/>\n<meta property=\"article:author\" content=\"https:\/\/www.facebook.com\/PressenzaItalia\" \/>\n<meta property=\"article:published_time\" content=\"2015-09-18T13:52:40+00:00\" \/>\n<meta property=\"article:modified_time\" content=\"2015-09-18T13:58:06+00:00\" \/>\n<meta property=\"og:image\" content=\"https:\/\/www.pressenza.com\/wp-content\/uploads\/2015\/09\/LOGO-MOVIMENTO-POPOLARE.jpg\" \/>\n\t<meta property=\"og:image:width\" content=\"941\" \/>\n\t<meta property=\"og:image:height\" content=\"1005\" \/>\n\t<meta property=\"og:image:type\" content=\"image\/jpeg\" \/>\n<meta name=\"author\" content=\"Redazione Italia\" \/>\n<meta name=\"twitter:card\" content=\"summary_large_image\" \/>\n<meta name=\"twitter:creator\" content=\"@pressenza_it\" \/>\n<meta name=\"twitter:site\" content=\"@PressenzaIPA\" \/>\n<meta name=\"twitter:label1\" content=\"Scritto da\" \/>\n\t<meta name=\"twitter:data1\" content=\"Redazione Italia\" \/>\n\t<meta name=\"twitter:label2\" content=\"Tempo di lettura stimato\" \/>\n\t<meta name=\"twitter:data2\" content=\"4 minuti\" \/>\n<script type=\"application\/ld+json\" class=\"yoast-schema-graph\">{\"@context\":\"https:\/\/schema.org\",\"@graph\":[{\"@type\":\"Article\",\"@id\":\"https:\/\/www.pressenza.com\/it\/2015\/09\/alleanze-improprie-chi-vuole-spaccare-il-movimento-rifiuti-zero\/#article\",\"isPartOf\":{\"@id\":\"https:\/\/www.pressenza.com\/it\/2015\/09\/alleanze-improprie-chi-vuole-spaccare-il-movimento-rifiuti-zero\/\"},\"author\":{\"name\":\"Redazione Italia\",\"@id\":\"https:\/\/www.pressenza.com\/it\/#\/schema\/person\/d983e81827ae24f2c7b1a2123d197f8d\"},\"headline\":\"Zero Waste Italy spacca il movimento per andare con Legambiente Nazionale\",\"datePublished\":\"2015-09-18T13:52:40+00:00\",\"dateModified\":\"2015-09-18T13:58:06+00:00\",\"mainEntityOfPage\":{\"@id\":\"https:\/\/www.pressenza.com\/it\/2015\/09\/alleanze-improprie-chi-vuole-spaccare-il-movimento-rifiuti-zero\/\"},\"wordCount\":797,\"publisher\":{\"@id\":\"https:\/\/www.pressenza.com\/it\/#organization\"},\"image\":{\"@id\":\"https:\/\/www.pressenza.com\/it\/2015\/09\/alleanze-improprie-chi-vuole-spaccare-il-movimento-rifiuti-zero\/#primaryimage\"},\"thumbnailUrl\":\"https:\/\/www.pressenza.com\/wp-content\/uploads\/2015\/09\/LOGO-MOVIMENTO-POPOLARE.jpg\",\"keywords\":[\"legge Rifiuti Zero\",\"Zero Waste\"],\"articleSection\":[\"Comunicati Stampa\",\"Ecologia ed Ambiente\",\"Europa\"],\"inLanguage\":\"it-IT\"},{\"@type\":\"WebPage\",\"@id\":\"https:\/\/www.pressenza.com\/it\/2015\/09\/alleanze-improprie-chi-vuole-spaccare-il-movimento-rifiuti-zero\/\",\"url\":\"https:\/\/www.pressenza.com\/it\/2015\/09\/alleanze-improprie-chi-vuole-spaccare-il-movimento-rifiuti-zero\/\",\"name\":\"Zero Waste Italy spacca il movimento per andare con Legambiente Nazionale\",\"isPartOf\":{\"@id\":\"https:\/\/www.pressenza.com\/it\/#website\"},\"primaryImageOfPage\":{\"@id\":\"https:\/\/www.pressenza.com\/it\/2015\/09\/alleanze-improprie-chi-vuole-spaccare-il-movimento-rifiuti-zero\/#primaryimage\"},\"image\":{\"@id\":\"https:\/\/www.pressenza.com\/it\/2015\/09\/alleanze-improprie-chi-vuole-spaccare-il-movimento-rifiuti-zero\/#primaryimage\"},\"thumbnailUrl\":\"https:\/\/www.pressenza.com\/wp-content\/uploads\/2015\/09\/LOGO-MOVIMENTO-POPOLARE.jpg\",\"datePublished\":\"2015-09-18T13:52:40+00:00\",\"dateModified\":\"2015-09-18T13:58:06+00:00\",\"description\":\"Zero Waste Italy e Legambiente hanno organizzato per sabato 19 settembre, a Firenze, una \u201cAssemblea nazionale del Movimento Legge Rifiuti Zero\u201d,\",\"breadcrumb\":{\"@id\":\"https:\/\/www.pressenza.com\/it\/2015\/09\/alleanze-improprie-chi-vuole-spaccare-il-movimento-rifiuti-zero\/#breadcrumb\"},\"inLanguage\":\"it-IT\",\"potentialAction\":[{\"@type\":\"ReadAction\",\"target\":[\"https:\/\/www.pressenza.com\/it\/2015\/09\/alleanze-improprie-chi-vuole-spaccare-il-movimento-rifiuti-zero\/\"]}]},{\"@type\":\"ImageObject\",\"inLanguage\":\"it-IT\",\"@id\":\"https:\/\/www.pressenza.com\/it\/2015\/09\/alleanze-improprie-chi-vuole-spaccare-il-movimento-rifiuti-zero\/#primaryimage\",\"url\":\"https:\/\/www.pressenza.com\/wp-content\/uploads\/2015\/09\/LOGO-MOVIMENTO-POPOLARE.jpg\",\"contentUrl\":\"https:\/\/www.pressenza.com\/wp-content\/uploads\/2015\/09\/LOGO-MOVIMENTO-POPOLARE.jpg\",\"width\":941,\"height\":1005},{\"@type\":\"BreadcrumbList\",\"@id\":\"https:\/\/www.pressenza.com\/it\/2015\/09\/alleanze-improprie-chi-vuole-spaccare-il-movimento-rifiuti-zero\/#breadcrumb\",\"itemListElement\":[{\"@type\":\"ListItem\",\"position\":1,\"name\":\"Accueil\",\"item\":\"https:\/\/www.pressenza.com\/it\/\"},{\"@type\":\"ListItem\",\"position\":2,\"name\":\"Zero Waste Italy spacca il movimento per andare con Legambiente Nazionale\"}]},{\"@type\":\"WebSite\",\"@id\":\"https:\/\/www.pressenza.com\/it\/#website\",\"url\":\"https:\/\/www.pressenza.com\/it\/\",\"name\":\"Pressenza\",\"description\":\"Agenzia di Stampa Internazionale\",\"publisher\":{\"@id\":\"https:\/\/www.pressenza.com\/it\/#organization\"},\"potentialAction\":[{\"@type\":\"SearchAction\",\"target\":{\"@type\":\"EntryPoint\",\"urlTemplate\":\"https:\/\/www.pressenza.com\/it\/?s={search_term_string}\"},\"query-input\":{\"@type\":\"PropertyValueSpecification\",\"valueRequired\":true,\"valueName\":\"search_term_string\"}}],\"inLanguage\":\"it-IT\"},{\"@type\":\"Organization\",\"@id\":\"https:\/\/www.pressenza.com\/it\/#organization\",\"name\":\"Pressenza\",\"url\":\"https:\/\/www.pressenza.com\/it\/\",\"logo\":{\"@type\":\"ImageObject\",\"inLanguage\":\"it-IT\",\"@id\":\"https:\/\/www.pressenza.com\/it\/#\/schema\/logo\/image\/\",\"url\":\"https:\/\/www.pressenza.com\/wp-content\/uploads\/2022\/10\/pressenza_logo_200x200.jpg\",\"contentUrl\":\"https:\/\/www.pressenza.com\/wp-content\/uploads\/2022\/10\/pressenza_logo_200x200.jpg\",\"width\":200,\"height\":200,\"caption\":\"Pressenza\"},\"image\":{\"@id\":\"https:\/\/www.pressenza.com\/it\/#\/schema\/logo\/image\/\"},\"sameAs\":[\"https:\/\/www.facebook.com\/PressenzaItalia\",\"https:\/\/x.com\/PressenzaIPA\"]},{\"@type\":\"Person\",\"@id\":\"https:\/\/www.pressenza.com\/it\/#\/schema\/person\/d983e81827ae24f2c7b1a2123d197f8d\",\"name\":\"Redazione Italia\",\"description\":\"News from the Pressenza Bureau in Italy\",\"sameAs\":[\"https:\/\/www.pressenza.com\/it\/author\/redazione-italia\/\",\"https:\/\/www.facebook.com\/PressenzaItalia\",\"https:\/\/www.instagram.com\/pressenza_italia\/\",\"https:\/\/x.com\/pressenza_it\",\"https:\/\/www.youtube.com\/channel\/UCSalEIWjE1RSxkwjfftFuqg\"],\"url\":\"https:\/\/www.pressenza.com\/it\/author\/redazione-italia\/\"}]}<\/script>\n<!-- \/ Yoast SEO plugin. -->","yoast_head_json":{"title":"Zero Waste Italy spacca il movimento per andare con Legambiente Nazionale","description":"Zero Waste Italy e Legambiente hanno organizzato per sabato 19 settembre, a Firenze, una \u201cAssemblea nazionale del Movimento Legge Rifiuti Zero\u201d,","robots":{"index":"index","follow":"follow","max-snippet":"max-snippet:-1","max-image-preview":"max-image-preview:large","max-video-preview":"max-video-preview:-1"},"canonical":"https:\/\/www.pressenza.com\/it\/2015\/09\/alleanze-improprie-chi-vuole-spaccare-il-movimento-rifiuti-zero\/","og_locale":"it_IT","og_type":"article","og_title":"Zero Waste Italy spacca il movimento per andare con Legambiente Nazionale","og_description":"Zero Waste Italy e Legambiente hanno organizzato per sabato 19 settembre, a Firenze, una \u201cAssemblea nazionale del Movimento Legge Rifiuti Zero\u201d,","og_url":"https:\/\/www.pressenza.com\/it\/2015\/09\/alleanze-improprie-chi-vuole-spaccare-il-movimento-rifiuti-zero\/","og_site_name":"Pressenza","article_publisher":"https:\/\/www.facebook.com\/PressenzaItalia","article_author":"https:\/\/www.facebook.com\/PressenzaItalia","article_published_time":"2015-09-18T13:52:40+00:00","article_modified_time":"2015-09-18T13:58:06+00:00","og_image":[{"width":941,"height":1005,"url":"https:\/\/www.pressenza.com\/wp-content\/uploads\/2015\/09\/LOGO-MOVIMENTO-POPOLARE.jpg","type":"image\/jpeg"}],"author":"Redazione Italia","twitter_card":"summary_large_image","twitter_creator":"@pressenza_it","twitter_site":"@PressenzaIPA","twitter_misc":{"Scritto da":"Redazione Italia","Tempo di lettura stimato":"4 minuti"},"schema":{"@context":"https:\/\/schema.org","@graph":[{"@type":"Article","@id":"https:\/\/www.pressenza.com\/it\/2015\/09\/alleanze-improprie-chi-vuole-spaccare-il-movimento-rifiuti-zero\/#article","isPartOf":{"@id":"https:\/\/www.pressenza.com\/it\/2015\/09\/alleanze-improprie-chi-vuole-spaccare-il-movimento-rifiuti-zero\/"},"author":{"name":"Redazione Italia","@id":"https:\/\/www.pressenza.com\/it\/#\/schema\/person\/d983e81827ae24f2c7b1a2123d197f8d"},"headline":"Zero Waste Italy spacca il movimento per andare con Legambiente Nazionale","datePublished":"2015-09-18T13:52:40+00:00","dateModified":"2015-09-18T13:58:06+00:00","mainEntityOfPage":{"@id":"https:\/\/www.pressenza.com\/it\/2015\/09\/alleanze-improprie-chi-vuole-spaccare-il-movimento-rifiuti-zero\/"},"wordCount":797,"publisher":{"@id":"https:\/\/www.pressenza.com\/it\/#organization"},"image":{"@id":"https:\/\/www.pressenza.com\/it\/2015\/09\/alleanze-improprie-chi-vuole-spaccare-il-movimento-rifiuti-zero\/#primaryimage"},"thumbnailUrl":"https:\/\/www.pressenza.com\/wp-content\/uploads\/2015\/09\/LOGO-MOVIMENTO-POPOLARE.jpg","keywords":["legge Rifiuti Zero","Zero Waste"],"articleSection":["Comunicati Stampa","Ecologia ed Ambiente","Europa"],"inLanguage":"it-IT"},{"@type":"WebPage","@id":"https:\/\/www.pressenza.com\/it\/2015\/09\/alleanze-improprie-chi-vuole-spaccare-il-movimento-rifiuti-zero\/","url":"https:\/\/www.pressenza.com\/it\/2015\/09\/alleanze-improprie-chi-vuole-spaccare-il-movimento-rifiuti-zero\/","name":"Zero Waste Italy spacca il movimento per andare con Legambiente Nazionale","isPartOf":{"@id":"https:\/\/www.pressenza.com\/it\/#website"},"primaryImageOfPage":{"@id":"https:\/\/www.pressenza.com\/it\/2015\/09\/alleanze-improprie-chi-vuole-spaccare-il-movimento-rifiuti-zero\/#primaryimage"},"image":{"@id":"https:\/\/www.pressenza.com\/it\/2015\/09\/alleanze-improprie-chi-vuole-spaccare-il-movimento-rifiuti-zero\/#primaryimage"},"thumbnailUrl":"https:\/\/www.pressenza.com\/wp-content\/uploads\/2015\/09\/LOGO-MOVIMENTO-POPOLARE.jpg","datePublished":"2015-09-18T13:52:40+00:00","dateModified":"2015-09-18T13:58:06+00:00","description":"Zero Waste Italy e Legambiente hanno organizzato per sabato 19 settembre, a Firenze, una \u201cAssemblea nazionale del Movimento Legge Rifiuti Zero\u201d,","breadcrumb":{"@id":"https:\/\/www.pressenza.com\/it\/2015\/09\/alleanze-improprie-chi-vuole-spaccare-il-movimento-rifiuti-zero\/#breadcrumb"},"inLanguage":"it-IT","potentialAction":[{"@type":"ReadAction","target":["https:\/\/www.pressenza.com\/it\/2015\/09\/alleanze-improprie-chi-vuole-spaccare-il-movimento-rifiuti-zero\/"]}]},{"@type":"ImageObject","inLanguage":"it-IT","@id":"https:\/\/www.pressenza.com\/it\/2015\/09\/alleanze-improprie-chi-vuole-spaccare-il-movimento-rifiuti-zero\/#primaryimage","url":"https:\/\/www.pressenza.com\/wp-content\/uploads\/2015\/09\/LOGO-MOVIMENTO-POPOLARE.jpg","contentUrl":"https:\/\/www.pressenza.com\/wp-content\/uploads\/2015\/09\/LOGO-MOVIMENTO-POPOLARE.jpg","width":941,"height":1005},{"@type":"BreadcrumbList","@id":"https:\/\/www.pressenza.com\/it\/2015\/09\/alleanze-improprie-chi-vuole-spaccare-il-movimento-rifiuti-zero\/#breadcrumb","itemListElement":[{"@type":"ListItem","position":1,"name":"Accueil","item":"https:\/\/www.pressenza.com\/it\/"},{"@type":"ListItem","position":2,"name":"Zero Waste Italy spacca il movimento per andare con Legambiente Nazionale"}]},{"@type":"WebSite","@id":"https:\/\/www.pressenza.com\/it\/#website","url":"https:\/\/www.pressenza.com\/it\/","name":"Pressenza","description":"Agenzia di Stampa Internazionale","publisher":{"@id":"https:\/\/www.pressenza.com\/it\/#organization"},"potentialAction":[{"@type":"SearchAction","target":{"@type":"EntryPoint","urlTemplate":"https:\/\/www.pressenza.com\/it\/?s={search_term_string}"},"query-input":{"@type":"PropertyValueSpecification","valueRequired":true,"valueName":"search_term_string"}}],"inLanguage":"it-IT"},{"@type":"Organization","@id":"https:\/\/www.pressenza.com\/it\/#organization","name":"Pressenza","url":"https:\/\/www.pressenza.com\/it\/","logo":{"@type":"ImageObject","inLanguage":"it-IT","@id":"https:\/\/www.pressenza.com\/it\/#\/schema\/logo\/image\/","url":"https:\/\/www.pressenza.com\/wp-content\/uploads\/2022\/10\/pressenza_logo_200x200.jpg","contentUrl":"https:\/\/www.pressenza.com\/wp-content\/uploads\/2022\/10\/pressenza_logo_200x200.jpg","width":200,"height":200,"caption":"Pressenza"},"image":{"@id":"https:\/\/www.pressenza.com\/it\/#\/schema\/logo\/image\/"},"sameAs":["https:\/\/www.facebook.com\/PressenzaItalia","https:\/\/x.com\/PressenzaIPA"]},{"@type":"Person","@id":"https:\/\/www.pressenza.com\/it\/#\/schema\/person\/d983e81827ae24f2c7b1a2123d197f8d","name":"Redazione Italia","description":"News from the Pressenza Bureau in Italy","sameAs":["https:\/\/www.pressenza.com\/it\/author\/redazione-italia\/","https:\/\/www.facebook.com\/PressenzaItalia","https:\/\/www.instagram.com\/pressenza_italia\/","https:\/\/x.com\/pressenza_it","https:\/\/www.youtube.com\/channel\/UCSalEIWjE1RSxkwjfftFuqg"],"url":"https:\/\/www.pressenza.com\/it\/author\/redazione-italia\/"}]}},"place":"","original_article_url":"","_links":{"self":[{"href":"https:\/\/www.pressenza.com\/it\/wp-json\/wp\/v2\/posts\/223490","targetHints":{"allow":["GET"]}}],"collection":[{"href":"https:\/\/www.pressenza.com\/it\/wp-json\/wp\/v2\/posts"}],"about":[{"href":"https:\/\/www.pressenza.com\/it\/wp-json\/wp\/v2\/types\/post"}],"author":[{"embeddable":true,"href":"https:\/\/www.pressenza.com\/it\/wp-json\/wp\/v2\/users\/594"}],"replies":[{"embeddable":true,"href":"https:\/\/www.pressenza.com\/it\/wp-json\/wp\/v2\/comments?post=223490"}],"version-history":[{"count":0,"href":"https:\/\/www.pressenza.com\/it\/wp-json\/wp\/v2\/posts\/223490\/revisions"}],"wp:featuredmedia":[{"embeddable":true,"href":"https:\/\/www.pressenza.com\/it\/wp-json\/wp\/v2\/media\/223492"}],"wp:attachment":[{"href":"https:\/\/www.pressenza.com\/it\/wp-json\/wp\/v2\/media?parent=223490"}],"wp:term":[{"taxonomy":"category","embeddable":true,"href":"https:\/\/www.pressenza.com\/it\/wp-json\/wp\/v2\/categories?post=223490"},{"taxonomy":"post_tag","embeddable":true,"href":"https:\/\/www.pressenza.com\/it\/wp-json\/wp\/v2\/tags?post=223490"}],"curies":[{"name":"wp","href":"https:\/\/api.w.org\/{rel}","templated":true}]}}