{"id":223234,"date":"2015-09-17T20:58:23","date_gmt":"2015-09-17T19:58:23","guid":{"rendered":"http:\/\/www.pressenza.com\/it\/?p=223234"},"modified":"2015-09-17T20:58:35","modified_gmt":"2015-09-17T19:58:35","slug":"eliminare-le-cause-della-guerra-e-aiutare-i-siriani-a-rimanere","status":"publish","type":"post","link":"https:\/\/www.pressenza.com\/it\/2015\/09\/eliminare-le-cause-della-guerra-e-aiutare-i-siriani-a-rimanere\/","title":{"rendered":"\u00abEliminare le cause della guerra. E aiutare i siriani a rimanere\u00bb"},"content":{"rendered":"<p><strong>Due vescovi e un medico di Aleppo. <\/strong><\/p>\n<p><strong>\u00a0<\/strong><\/p>\n<p>&nbsp;<\/p>\n<p>Gli aleppini, un popolo in faticoso cammino con le taniche d\u2019acqua a far la spola dai camioncini cisterna alle scale di casa. Gli aleppini senza elettricit\u00e0 che scoppiano di caldo d\u2019estate e non sanno come scaldarsi d\u2019inverno. Gli aleppini e in genere i siriani ormai all\u201980% senza lavoro remunerato a causa della guerra &#8211; ha un reddito quasi solo chi \u00e8 dipendente statale. L\u2019impossibile, rischiosa vita quotidiana dei siriani che non riescono o non vogliono lasciare quartieri e patria \u00e8 descritta nelle <strong>lettere del<\/strong> <strong>dottor Nabil Antaki<\/strong>, volontario dei Maristi Blu. La lettera n. 23 dell\u20198 settembre (per intero \u00e8 qui: <a href=\"http:\/\/oraprosiria.blogspot.it\/2015\/09\/banalizzazione-dellorrore-lettera-dai.html\">http:\/\/oraprosiria.blogspot.it\/2015\/09\/banalizzazione-dellorrore-lettera-dai.html<\/a>) ricorda quello che \u00ab<em>non fa pi\u00f9 notizia<\/em>\u00bb nei quartieri ancora controllati dall\u2019esercito nazionale ma presi di mira dall\u2019al Qaeda siriana, Al Nusra: \u00ab<em>Aleppo manca di acqua e gli abitanti hanno sofferto molta sete e molto caldo quest\u2019estate. Non era a causa della siccit\u00e0 o dell&#8217;abbassamento del livello dell&#8217;acqua nell&#8217;Eufrate. La stazione di pompaggio esiste e non \u00e8 stata distrutta. Siamo stati alla merc\u00e9 di bande armate che hanno deciso di tagliarci l\u2019acqua (con 40 gradi all&#8217;ombra) durante molte settimane<\/em>\u00bb. Cos\u00ec le autorit\u00e0 hanno scavato pozzi per fornire di acqua circa due milioni di persone: \u00ab<em>Aleppo \u00e8 diventata una gruviera<\/em>\u00bb. Il medico non si limita a riferire sulla situazione ad Aleppo e sull\u2019impegno dei volontari locali, ma ammonisce: \u00ab<em>Nel frattempo, fermate quella che avete scatenato in Siria e vedrete che il flusso dei profughi che vi disturba si prosciugher\u00e0 perch\u00e9 le persone preferiscono restare a casa loro e conservare la loro dignit\u00e0. Non dobbiamo dimenticare le migliaia di profughi che sono morti annegati o asfissiati. Vi siete indignati solamente quando i vostri media vi hanno mostrato l&#8217;immagine straziante del piccolo Aylan su una spiaggia turca. Bisognava farlo prima, e anche adesso, dopo questo dramma.<\/em>\u00bb<\/p>\n<p>__________<\/p>\n<p><strong>Padre George Abou Khazen<\/strong>, francescano libanese, vicario apostolico di Aleppo per i cattolici di rito latino, \u00e8 in Italia per la riunione del Pontificio consiglio Cor Unum sulla crisi siriana e irachena. L\u2019avevamo incontrato esattamente un anno fa (<a href=\"http:\/\/www.scoop.it\/t\/notizie-dalla-siria-una-iniziativa-www-sibialiria-org\/p\/4027946041\/2014\/09\/13\/chi-ha-fatto-salire-l-asino-sul-minareto-lo-faccia-scendere\">http:\/\/www.scoop.it\/t\/notizie-dalla-siria-una-iniziativa-www-sibialiria-org\/p\/4027946041\/2014\/09\/13\/chi-ha-fatto-salire-l-asino-sul-minareto-lo-faccia-scendere<\/a>).<\/p>\n<p><strong>Nell\u2019emergenza quotidiana dei siriani,<\/strong><strong> quanto e come incidono le sanzioni occidentali (per avere un\u2019idea della loro ampiezza, si legga qui: <\/strong><a href=\"http:\/\/www.sibialiria.org\/wordpress\/?p=2991\"><strong>http:\/\/www.sibialiria.org\/wordpress\/?p=2991<\/strong><\/a><strong>, ndr).?<\/strong><\/p>\n<p><em>I siriani gi\u00e0 stremati da oltre 4 anni di guerra sono puniti anche dalle sanzioni. Dobbiamo ringraziare il fatto che la Siria ha tuttora fabbriche di medicinali che funzionano, altrimenti ci mancherebbero del tutto anche quelli. Ma la penuria \u00e8 totale. Per esempio non arrivano i macchinari per gli ospedali. Tanti posti di lavoro sono stati soppressi a causa della guerra peggiorata dalle sanzioni. Non si riesce a mandare il denaro agli studenti siriani all\u2019estero con borsa di studio. Manca tutto e anche gli idrocarburi, perch\u00e9 i nostri pozzi sono nell\u2019area controllata dal califfato. <\/em><\/p>\n<p><strong>I siriani che cercano di arrivare in Europa scappano soprattutto dalle zone conquistate dal califfato, ma anche dai quartieri di Aleppo. L\u2019accoglienza \u00e8 importante, ma se il paese si svuota\u2026?<\/strong><\/p>\n<p><em>E\u2019 proprio cos\u00ec. La Siria si svuota del suo popolo\u2026Noi chiediamo, con forza, s\u00ec di accogliere chi \u00e8 gi\u00e0 arrivato da voi, ma soprattutto di aiutare chi rimane, anzich\u00e9 favorire le partenze. L\u2019emorragia di cervelli e braccia \u00e8 enorme. I benestanti sono gi\u00e0 andati via anni fa, accolti anche grazie alla loro disponibilit\u00e0 di capitale. La classe media se ne sta andando adesso, vendono la casa e partono cercando asilo. Sono partiti in questi anni di guerra 35.000 medici, dopo aver studiato del tutto gratis. Se ne vanno tanti giovani che non vogliono rischiare la vita facendo il servizio militare di leva. Rimangono i poveri. Perch\u00e9 non si pensa a eliminare le cause di questo fenomeno?<\/em><\/p>\n<p><strong>Gi\u00e0, le cause. E\u2019 proprio impossibile che finisca la guerra, alimentata da interventi armati occidentali diretti \u2013 come in Iraq e Libia \u2013 e indiretti &#8211; come in Siria? Un sondaggio pubblicato dal <em>Washington Post<\/em> su siriani delle 14 province del paese rivela che il 64% di loro ritiene possibili soluzioni diplomatiche, il 65% ritiene che si possa tornare a convivere e il 70% \u00e8 contrario alla divisione del paese. <\/strong><\/p>\n<p><em>Certo! La pace non \u00e8 mai impossibile. Anche in Libano sembrava che il conflitto sarebbe durato per sempre. E<\/em> <em>nell\u2019operare per la pace tutti possono avere un ruolo. Ricordo che per esempio l\u2019avvio di negoziati fra israeliani e palestinesi, decenni fa, inizi\u00f2 perch\u00e9 il sindaco di Betlemme fu invitato in Italia e da l\u00ec iniziarono una serie di passi\u2026anche se l\u2019esito non \u00e8 stato molto felice. Ma se la guerra va avanti, e se la Siria cade nelle mani del califfato e dei suoi cugini, se viene spezzettata in staterelli, \u00e8 finita per tutto il Medioriente. Come prima cosa occorre un cessate il fuoco e un processo politico. Il governo siriano ha aperto all\u2019opposizione ma ovviamente non si pu\u00f2 accettare che abbiano una parte anche gli 85.000 combattenti stranieri, sostenuti dall\u2019estero. Bisogna guardare alle cause della tragedia ed eliminarle\u2026 Grandi potenze straniere e gruppi tuttora appoggiano economicamente gruppi armati. Che sono pi\u00f9 o meno come lo Stato islamico, come Jabath al Nusra e altri.<\/em><\/p>\n<p><strong>E allora come sconfiggere il califfato dell\u2019Isis, che l\u201982% dei siriani intervistati dal suddetto sondaggio ritiene creato dagli Stati uniti e comunque dall\u2019estero? Che cosa pu\u00f2 fare l\u2019Italia, che finora ha agito al traino di Usa, Arabia saudita, Qatar, Turchia, Francia e Gran Bretagna, contribuendo all\u2019escalation?<\/strong><\/p>\n<p><em>Vanno chiusi i rubinetti! Da dove entrano le armi? E i camion e i mezzi militari fiammanti? Chi addestra e chi fa passare uomini venuti da combattere da tutto il mondo in Siria e Iraq? E chi compra il petrolio dei giacimenti che adesso sono controllati dall\u2019Isis in Siria e Iraq? Chi compra dai terroristi i reperti archeologici iracheni e siriani, il tesoro forse pi\u00f9 ricco al mondo? (ndr. Questo ha anche dichiarato padre George in un\u2019intervista a la 7: <\/em><a href=\"https:\/\/www.youtube.com\/watch?v=9yLccuQp17E\"><em>https:\/\/www.youtube.com\/watch?v=9yLccuQp17E<\/em><\/a><em>). Mi chiedo poi come mai non tagliano le linee di approvvigionamento: abbiamo tutti visto nel deserto i mezzi dell\u2019Isis incolonnati, era cos\u00ec difficile fermarli? E perch\u00e9 non tagliano le comunicazioni? E\u2019 tutto possibile, se si vuole, con la tecnologia.. Ma forse il califfato \u00e8 servito e continua a servire&#8230; <\/em><\/p>\n<p><strong>Dal punto di vista dell\u2019aiuto materiale a chi rimane in Siria, che cosa possono fare paesi, gruppi e singole persone?<\/strong><\/p>\n<p><em>Tanto! I Fratelli Maristi, la Caritas, la Mezzaluna siriana si danno da fare con l\u2019aiuto della popolazione, in fratellanza. Direttamente gestiamo il programma di fornitura di acqua con camioncini muniti di serbatoi, pompe e generatore. Un ospedale religioso cura gratuitamente i feriti gravi di guerra. Distribuiamo alimenti e pasti caldi. Organizziamo attivit\u00e0 pedagogiche per i bambini e gli adolescenti. Ci piacerebbe anche <\/em><em>\u00ab<\/em><em>adottare una\u2026finestra<\/em><em>\u00bb: ovvero aiutare chi rimane a riparare in parte le case danneggiate. Cos\u00ec oltretutto si darebbe lavoro ad artigiani. <\/em><\/p>\n<p><em>____<\/em><\/p>\n<p><strong>Monsignor Antoine Audo, <\/strong>vescovo caldeo di Aleppo, presidente di Caritas Siria<strong>, <\/strong>\u00e8 intervenuto alla conferenza stampa \u00abCristiani di Siria: aiutateci a rimanere\u00bb organizzata da Aiuto alla Chiesa che soffre, Roma 16-IX-2015.<\/p>\n<p><strong>Chi rimane, e l\u2019esodo che contribuisce alla rovina del paese<\/strong><\/p>\n<p>\u00ab<em>Quando vado per strada ad Aleppo vedo miseria ovunque\u2026i ricchi sono partiti da un pezzo, la classe media \u00e8 diventata povera, i poveri si sono immiseriti. Le sanzioni alla Siria contribuiscono alla disgrazia<\/em>\u00bb.<\/p>\n<p>\u00ab<em>Conosco l\u2019esperienza degli immigrati cristiani caldei che dall\u2019Iraq sono arrivati in Siria. \u00c8 un\u2019esperienza di morte, di fine della presenza cristiana. Cerco quindi di far rimanere le persone qui, anche se capisco chi va via<\/em>\u00bb.<\/p>\n<p>\u00ab<em>I ragazzi scappano per non rischiare la vita con il servizio di leva. Tanti vanno via perch\u00e9 non si sa quando finir\u00e0 la tragedia, e la povert\u00e0 spinge via. Inoltre l\u2019Occidente esercita un\u2019attrattiva forte<\/em>\u00bb<em>.<\/em><\/p>\n<p><strong>Le colpe e i colpevoli<\/strong><\/p>\n<p>\u00ab<em>Aleppo si trova a 40 chilometri dal confine con la Turchia che accoglie gruppi armati, li forma, li arma; da almeno 5 punti<\/em> <em>lanciano attacchi ai nostri quartieri. Ho paura che Aleppo faccia la fine dell\u2019irachena Mosul\u2026<\/em>\u00bb.<\/p>\n<p>\u00ab<em>Tutta questa guerra ha lo scopo di distruggere e dividere la Siria, per interessi strategici esterni e per il commercio di armi. Gli estremisti armati sono sostenuti da varie potenze sunnite<\/em>\u00bb<em>. <\/em><\/p>\n<p>\u00ab<em>Da 5 anni aspettiamo una soluzione, ma sembra che ci sia la determinazione di continuare la guerra fino a distruggere tutto, tutto come in Iraq, come in Libia, come in Yemen<\/em>\u00bb.<\/p>\n<p><strong>Il rimpianto della convivenza<\/strong><\/p>\n<p>\u00ab<em>Non vorremmo in Siria parlare di persecuzione, non \u00e8 la nostra storia. Questa non \u00e8 la Siria, sono gruppi e pensieri che arrivano dall\u2019esterno. Cristiani e musulmani hanno sempre convissuto, superando i conflitti\u2026<\/em> \u00bb.<\/p>\n<p><strong>La pace \u00e8 sempre possibile, ma\u2026<\/strong><\/p>\n<p>\u00ab<em>Una soluzione politica, negoziale \u00e8 ancora possibile, i siriani sono capaci di riconciliazione.<\/em>\u00bb.<\/p>\n<p>All\u2019Agenzia stampa <em>Fides<\/em>, monsignor Audo spiega: \u00ab<em>Noi facciamo di tutto per difendere la pace mentre in Occidente dicono di fare tutto in difesa dei diritti umani, e con questo argomento continuano anche ad alimentare una guerra infame.\u00a0E&#8217; il paradosso terribile in cui ci troviamo. Non riusciamo pi\u00f9 a capire cosa vogliono davvero<\/em>\u00bb.<\/p>\n<p>&nbsp;<\/p>\n<p>&nbsp;<\/p>\n","protected":false},"excerpt":{"rendered":"<p>Due vescovi e un medico di Aleppo. \u00a0 &nbsp; Gli aleppini, un popolo in faticoso cammino con le taniche d\u2019acqua a far la spola dai camioncini cisterna alle scale di casa. Gli aleppini senza elettricit\u00e0 che scoppiano di caldo d\u2019estate&hellip;<\/p>\n","protected":false},"author":964,"featured_media":169337,"comment_status":"closed","ping_status":"open","sticky":false,"template":"","format":"standard","meta":{"footnotes":""},"categories":[11388,52,1263],"tags":[5220,234],"class_list":["post-223234","post","type-post","status-publish","format-standard","has-post-thumbnail","hentry","category-contenuti-originali","category-medio-oriente","category-pace-disarmo","tag-aleppo","tag-siria-it"],"yoast_head":"<!-- This site is optimized with the Yoast SEO plugin v27.1.1 - https:\/\/yoast.com\/product\/yoast-seo-wordpress\/ -->\n<title>\u00abEliminare le cause della guerra. E aiutare i siriani a rimanere\u00bb<\/title>\n<meta name=\"description\" content=\"Due vescovi e un medico di Aleppo. \u00a0 &nbsp; Gli aleppini, un popolo in faticoso cammino con le taniche d\u2019acqua a far la spola dai camioncini cisterna alle\" \/>\n<meta name=\"robots\" content=\"index, follow, max-snippet:-1, max-image-preview:large, max-video-preview:-1\" \/>\n<link rel=\"canonical\" href=\"https:\/\/www.pressenza.com\/it\/2015\/09\/eliminare-le-cause-della-guerra-e-aiutare-i-siriani-a-rimanere\/\" \/>\n<meta property=\"og:locale\" content=\"it_IT\" \/>\n<meta property=\"og:type\" content=\"article\" \/>\n<meta property=\"og:title\" content=\"\u00abEliminare le cause della guerra. E aiutare i siriani a rimanere\u00bb\" \/>\n<meta property=\"og:description\" content=\"Due vescovi e un medico di Aleppo. \u00a0 &nbsp; Gli aleppini, un popolo in faticoso cammino con le taniche d\u2019acqua a far la spola dai camioncini cisterna alle\" \/>\n<meta property=\"og:url\" content=\"https:\/\/www.pressenza.com\/it\/2015\/09\/eliminare-le-cause-della-guerra-e-aiutare-i-siriani-a-rimanere\/\" \/>\n<meta property=\"og:site_name\" content=\"Pressenza\" \/>\n<meta property=\"article:publisher\" content=\"https:\/\/www.facebook.com\/PressenzaItalia\" \/>\n<meta property=\"article:published_time\" content=\"2015-09-17T19:58:23+00:00\" \/>\n<meta property=\"article:modified_time\" content=\"2015-09-17T19:58:35+00:00\" \/>\n<meta property=\"og:image\" content=\"https:\/\/www.pressenza.com\/wp-content\/uploads\/2015\/03\/Aleppo.jpg\" \/>\n\t<meta property=\"og:image:width\" content=\"760\" \/>\n\t<meta property=\"og:image:height\" content=\"380\" \/>\n\t<meta property=\"og:image:type\" content=\"image\/jpeg\" \/>\n<meta name=\"author\" content=\"Marinella Correggia\" \/>\n<meta name=\"twitter:card\" content=\"summary_large_image\" \/>\n<meta name=\"twitter:creator\" content=\"@PressenzaIPA\" \/>\n<meta name=\"twitter:site\" content=\"@PressenzaIPA\" \/>\n<meta name=\"twitter:label1\" content=\"Scritto da\" \/>\n\t<meta name=\"twitter:data1\" content=\"Marinella Correggia\" \/>\n\t<meta name=\"twitter:label2\" content=\"Tempo di lettura stimato\" \/>\n\t<meta name=\"twitter:data2\" content=\"8 minuti\" \/>\n<script type=\"application\/ld+json\" class=\"yoast-schema-graph\">{\"@context\":\"https:\/\/schema.org\",\"@graph\":[{\"@type\":\"Article\",\"@id\":\"https:\/\/www.pressenza.com\/it\/2015\/09\/eliminare-le-cause-della-guerra-e-aiutare-i-siriani-a-rimanere\/#article\",\"isPartOf\":{\"@id\":\"https:\/\/www.pressenza.com\/it\/2015\/09\/eliminare-le-cause-della-guerra-e-aiutare-i-siriani-a-rimanere\/\"},\"author\":{\"name\":\"Marinella Correggia\",\"@id\":\"https:\/\/www.pressenza.com\/it\/#\/schema\/person\/bb448eda6c10c91abed38f6ed0f1b3c3\"},\"headline\":\"\u00abEliminare le cause della guerra. E aiutare i siriani a rimanere\u00bb\",\"datePublished\":\"2015-09-17T19:58:23+00:00\",\"dateModified\":\"2015-09-17T19:58:35+00:00\",\"mainEntityOfPage\":{\"@id\":\"https:\/\/www.pressenza.com\/it\/2015\/09\/eliminare-le-cause-della-guerra-e-aiutare-i-siriani-a-rimanere\/\"},\"wordCount\":1520,\"publisher\":{\"@id\":\"https:\/\/www.pressenza.com\/it\/#organization\"},\"image\":{\"@id\":\"https:\/\/www.pressenza.com\/it\/2015\/09\/eliminare-le-cause-della-guerra-e-aiutare-i-siriani-a-rimanere\/#primaryimage\"},\"thumbnailUrl\":\"https:\/\/www.pressenza.com\/wp-content\/uploads\/2015\/03\/Aleppo.jpg\",\"keywords\":[\"Aleppo\",\"Siria\"],\"articleSection\":[\"contenuti originali\",\"Medio Oriente\",\"Pace e Disarmo\"],\"inLanguage\":\"it-IT\"},{\"@type\":\"WebPage\",\"@id\":\"https:\/\/www.pressenza.com\/it\/2015\/09\/eliminare-le-cause-della-guerra-e-aiutare-i-siriani-a-rimanere\/\",\"url\":\"https:\/\/www.pressenza.com\/it\/2015\/09\/eliminare-le-cause-della-guerra-e-aiutare-i-siriani-a-rimanere\/\",\"name\":\"\u00abEliminare le cause della guerra. E aiutare i siriani a rimanere\u00bb\",\"isPartOf\":{\"@id\":\"https:\/\/www.pressenza.com\/it\/#website\"},\"primaryImageOfPage\":{\"@id\":\"https:\/\/www.pressenza.com\/it\/2015\/09\/eliminare-le-cause-della-guerra-e-aiutare-i-siriani-a-rimanere\/#primaryimage\"},\"image\":{\"@id\":\"https:\/\/www.pressenza.com\/it\/2015\/09\/eliminare-le-cause-della-guerra-e-aiutare-i-siriani-a-rimanere\/#primaryimage\"},\"thumbnailUrl\":\"https:\/\/www.pressenza.com\/wp-content\/uploads\/2015\/03\/Aleppo.jpg\",\"datePublished\":\"2015-09-17T19:58:23+00:00\",\"dateModified\":\"2015-09-17T19:58:35+00:00\",\"description\":\"Due vescovi e un medico di Aleppo. \u00a0 &nbsp; Gli aleppini, un popolo in faticoso cammino con le taniche d\u2019acqua a far la spola dai camioncini cisterna alle\",\"breadcrumb\":{\"@id\":\"https:\/\/www.pressenza.com\/it\/2015\/09\/eliminare-le-cause-della-guerra-e-aiutare-i-siriani-a-rimanere\/#breadcrumb\"},\"inLanguage\":\"it-IT\",\"potentialAction\":[{\"@type\":\"ReadAction\",\"target\":[\"https:\/\/www.pressenza.com\/it\/2015\/09\/eliminare-le-cause-della-guerra-e-aiutare-i-siriani-a-rimanere\/\"]}]},{\"@type\":\"ImageObject\",\"inLanguage\":\"it-IT\",\"@id\":\"https:\/\/www.pressenza.com\/it\/2015\/09\/eliminare-le-cause-della-guerra-e-aiutare-i-siriani-a-rimanere\/#primaryimage\",\"url\":\"https:\/\/www.pressenza.com\/wp-content\/uploads\/2015\/03\/Aleppo.jpg\",\"contentUrl\":\"https:\/\/www.pressenza.com\/wp-content\/uploads\/2015\/03\/Aleppo.jpg\",\"width\":760,\"height\":380},{\"@type\":\"BreadcrumbList\",\"@id\":\"https:\/\/www.pressenza.com\/it\/2015\/09\/eliminare-le-cause-della-guerra-e-aiutare-i-siriani-a-rimanere\/#breadcrumb\",\"itemListElement\":[{\"@type\":\"ListItem\",\"position\":1,\"name\":\"Accueil\",\"item\":\"https:\/\/www.pressenza.com\/it\/\"},{\"@type\":\"ListItem\",\"position\":2,\"name\":\"\u00abEliminare le cause della guerra. E aiutare i siriani a rimanere\u00bb\"}]},{\"@type\":\"WebSite\",\"@id\":\"https:\/\/www.pressenza.com\/it\/#website\",\"url\":\"https:\/\/www.pressenza.com\/it\/\",\"name\":\"Pressenza\",\"description\":\"Agenzia di Stampa Internazionale\",\"publisher\":{\"@id\":\"https:\/\/www.pressenza.com\/it\/#organization\"},\"potentialAction\":[{\"@type\":\"SearchAction\",\"target\":{\"@type\":\"EntryPoint\",\"urlTemplate\":\"https:\/\/www.pressenza.com\/it\/?s={search_term_string}\"},\"query-input\":{\"@type\":\"PropertyValueSpecification\",\"valueRequired\":true,\"valueName\":\"search_term_string\"}}],\"inLanguage\":\"it-IT\"},{\"@type\":\"Organization\",\"@id\":\"https:\/\/www.pressenza.com\/it\/#organization\",\"name\":\"Pressenza\",\"url\":\"https:\/\/www.pressenza.com\/it\/\",\"logo\":{\"@type\":\"ImageObject\",\"inLanguage\":\"it-IT\",\"@id\":\"https:\/\/www.pressenza.com\/it\/#\/schema\/logo\/image\/\",\"url\":\"https:\/\/www.pressenza.com\/wp-content\/uploads\/2022\/10\/pressenza_logo_200x200.jpg\",\"contentUrl\":\"https:\/\/www.pressenza.com\/wp-content\/uploads\/2022\/10\/pressenza_logo_200x200.jpg\",\"width\":200,\"height\":200,\"caption\":\"Pressenza\"},\"image\":{\"@id\":\"https:\/\/www.pressenza.com\/it\/#\/schema\/logo\/image\/\"},\"sameAs\":[\"https:\/\/www.facebook.com\/PressenzaItalia\",\"https:\/\/x.com\/PressenzaIPA\"]},{\"@type\":\"Person\",\"@id\":\"https:\/\/www.pressenza.com\/it\/#\/schema\/person\/bb448eda6c10c91abed38f6ed0f1b3c3\",\"name\":\"Marinella Correggia\",\"description\":\"Marinella Correggia, ecoattivista contro le guerre dal 1991, ha partecipato a diverse delegazioni di pacifisti internazionali che contestavano le guerre condotte anche dall'italia. In particolare l'Iraq Peace Team a Baghdad e dintorni durante l'attacco Usa\/Uk nel 2003, a Belgrado durante l'attacco Nato nel 1999, a Tripoli e altre zone libiche durante l'attacco Nato nel 2011. Fa parte della Rete No War Roma particolarmente attiva a partire dalla guerra alla Libia.\",\"url\":\"https:\/\/www.pressenza.com\/it\/author\/marinella-correggia\/\"}]}<\/script>\n<!-- \/ Yoast SEO plugin. -->","yoast_head_json":{"title":"\u00abEliminare le cause della guerra. E aiutare i siriani a rimanere\u00bb","description":"Due vescovi e un medico di Aleppo. \u00a0 &nbsp; Gli aleppini, un popolo in faticoso cammino con le taniche d\u2019acqua a far la spola dai camioncini cisterna alle","robots":{"index":"index","follow":"follow","max-snippet":"max-snippet:-1","max-image-preview":"max-image-preview:large","max-video-preview":"max-video-preview:-1"},"canonical":"https:\/\/www.pressenza.com\/it\/2015\/09\/eliminare-le-cause-della-guerra-e-aiutare-i-siriani-a-rimanere\/","og_locale":"it_IT","og_type":"article","og_title":"\u00abEliminare le cause della guerra. E aiutare i siriani a rimanere\u00bb","og_description":"Due vescovi e un medico di Aleppo. \u00a0 &nbsp; Gli aleppini, un popolo in faticoso cammino con le taniche d\u2019acqua a far la spola dai camioncini cisterna alle","og_url":"https:\/\/www.pressenza.com\/it\/2015\/09\/eliminare-le-cause-della-guerra-e-aiutare-i-siriani-a-rimanere\/","og_site_name":"Pressenza","article_publisher":"https:\/\/www.facebook.com\/PressenzaItalia","article_published_time":"2015-09-17T19:58:23+00:00","article_modified_time":"2015-09-17T19:58:35+00:00","og_image":[{"width":760,"height":380,"url":"https:\/\/www.pressenza.com\/wp-content\/uploads\/2015\/03\/Aleppo.jpg","type":"image\/jpeg"}],"author":"Marinella Correggia","twitter_card":"summary_large_image","twitter_creator":"@PressenzaIPA","twitter_site":"@PressenzaIPA","twitter_misc":{"Scritto da":"Marinella Correggia","Tempo di lettura stimato":"8 minuti"},"schema":{"@context":"https:\/\/schema.org","@graph":[{"@type":"Article","@id":"https:\/\/www.pressenza.com\/it\/2015\/09\/eliminare-le-cause-della-guerra-e-aiutare-i-siriani-a-rimanere\/#article","isPartOf":{"@id":"https:\/\/www.pressenza.com\/it\/2015\/09\/eliminare-le-cause-della-guerra-e-aiutare-i-siriani-a-rimanere\/"},"author":{"name":"Marinella Correggia","@id":"https:\/\/www.pressenza.com\/it\/#\/schema\/person\/bb448eda6c10c91abed38f6ed0f1b3c3"},"headline":"\u00abEliminare le cause della guerra. E aiutare i siriani a rimanere\u00bb","datePublished":"2015-09-17T19:58:23+00:00","dateModified":"2015-09-17T19:58:35+00:00","mainEntityOfPage":{"@id":"https:\/\/www.pressenza.com\/it\/2015\/09\/eliminare-le-cause-della-guerra-e-aiutare-i-siriani-a-rimanere\/"},"wordCount":1520,"publisher":{"@id":"https:\/\/www.pressenza.com\/it\/#organization"},"image":{"@id":"https:\/\/www.pressenza.com\/it\/2015\/09\/eliminare-le-cause-della-guerra-e-aiutare-i-siriani-a-rimanere\/#primaryimage"},"thumbnailUrl":"https:\/\/www.pressenza.com\/wp-content\/uploads\/2015\/03\/Aleppo.jpg","keywords":["Aleppo","Siria"],"articleSection":["contenuti originali","Medio Oriente","Pace e Disarmo"],"inLanguage":"it-IT"},{"@type":"WebPage","@id":"https:\/\/www.pressenza.com\/it\/2015\/09\/eliminare-le-cause-della-guerra-e-aiutare-i-siriani-a-rimanere\/","url":"https:\/\/www.pressenza.com\/it\/2015\/09\/eliminare-le-cause-della-guerra-e-aiutare-i-siriani-a-rimanere\/","name":"\u00abEliminare le cause della guerra. E aiutare i siriani a rimanere\u00bb","isPartOf":{"@id":"https:\/\/www.pressenza.com\/it\/#website"},"primaryImageOfPage":{"@id":"https:\/\/www.pressenza.com\/it\/2015\/09\/eliminare-le-cause-della-guerra-e-aiutare-i-siriani-a-rimanere\/#primaryimage"},"image":{"@id":"https:\/\/www.pressenza.com\/it\/2015\/09\/eliminare-le-cause-della-guerra-e-aiutare-i-siriani-a-rimanere\/#primaryimage"},"thumbnailUrl":"https:\/\/www.pressenza.com\/wp-content\/uploads\/2015\/03\/Aleppo.jpg","datePublished":"2015-09-17T19:58:23+00:00","dateModified":"2015-09-17T19:58:35+00:00","description":"Due vescovi e un medico di Aleppo. \u00a0 &nbsp; Gli aleppini, un popolo in faticoso cammino con le taniche d\u2019acqua a far la spola dai camioncini cisterna alle","breadcrumb":{"@id":"https:\/\/www.pressenza.com\/it\/2015\/09\/eliminare-le-cause-della-guerra-e-aiutare-i-siriani-a-rimanere\/#breadcrumb"},"inLanguage":"it-IT","potentialAction":[{"@type":"ReadAction","target":["https:\/\/www.pressenza.com\/it\/2015\/09\/eliminare-le-cause-della-guerra-e-aiutare-i-siriani-a-rimanere\/"]}]},{"@type":"ImageObject","inLanguage":"it-IT","@id":"https:\/\/www.pressenza.com\/it\/2015\/09\/eliminare-le-cause-della-guerra-e-aiutare-i-siriani-a-rimanere\/#primaryimage","url":"https:\/\/www.pressenza.com\/wp-content\/uploads\/2015\/03\/Aleppo.jpg","contentUrl":"https:\/\/www.pressenza.com\/wp-content\/uploads\/2015\/03\/Aleppo.jpg","width":760,"height":380},{"@type":"BreadcrumbList","@id":"https:\/\/www.pressenza.com\/it\/2015\/09\/eliminare-le-cause-della-guerra-e-aiutare-i-siriani-a-rimanere\/#breadcrumb","itemListElement":[{"@type":"ListItem","position":1,"name":"Accueil","item":"https:\/\/www.pressenza.com\/it\/"},{"@type":"ListItem","position":2,"name":"\u00abEliminare le cause della guerra. E aiutare i siriani a rimanere\u00bb"}]},{"@type":"WebSite","@id":"https:\/\/www.pressenza.com\/it\/#website","url":"https:\/\/www.pressenza.com\/it\/","name":"Pressenza","description":"Agenzia di Stampa Internazionale","publisher":{"@id":"https:\/\/www.pressenza.com\/it\/#organization"},"potentialAction":[{"@type":"SearchAction","target":{"@type":"EntryPoint","urlTemplate":"https:\/\/www.pressenza.com\/it\/?s={search_term_string}"},"query-input":{"@type":"PropertyValueSpecification","valueRequired":true,"valueName":"search_term_string"}}],"inLanguage":"it-IT"},{"@type":"Organization","@id":"https:\/\/www.pressenza.com\/it\/#organization","name":"Pressenza","url":"https:\/\/www.pressenza.com\/it\/","logo":{"@type":"ImageObject","inLanguage":"it-IT","@id":"https:\/\/www.pressenza.com\/it\/#\/schema\/logo\/image\/","url":"https:\/\/www.pressenza.com\/wp-content\/uploads\/2022\/10\/pressenza_logo_200x200.jpg","contentUrl":"https:\/\/www.pressenza.com\/wp-content\/uploads\/2022\/10\/pressenza_logo_200x200.jpg","width":200,"height":200,"caption":"Pressenza"},"image":{"@id":"https:\/\/www.pressenza.com\/it\/#\/schema\/logo\/image\/"},"sameAs":["https:\/\/www.facebook.com\/PressenzaItalia","https:\/\/x.com\/PressenzaIPA"]},{"@type":"Person","@id":"https:\/\/www.pressenza.com\/it\/#\/schema\/person\/bb448eda6c10c91abed38f6ed0f1b3c3","name":"Marinella Correggia","description":"Marinella Correggia, ecoattivista contro le guerre dal 1991, ha partecipato a diverse delegazioni di pacifisti internazionali che contestavano le guerre condotte anche dall'italia. In particolare l'Iraq Peace Team a Baghdad e dintorni durante l'attacco Usa\/Uk nel 2003, a Belgrado durante l'attacco Nato nel 1999, a Tripoli e altre zone libiche durante l'attacco Nato nel 2011. Fa parte della Rete No War Roma particolarmente attiva a partire dalla guerra alla Libia.","url":"https:\/\/www.pressenza.com\/it\/author\/marinella-correggia\/"}]}},"place":"","original_article_url":"","_links":{"self":[{"href":"https:\/\/www.pressenza.com\/it\/wp-json\/wp\/v2\/posts\/223234","targetHints":{"allow":["GET"]}}],"collection":[{"href":"https:\/\/www.pressenza.com\/it\/wp-json\/wp\/v2\/posts"}],"about":[{"href":"https:\/\/www.pressenza.com\/it\/wp-json\/wp\/v2\/types\/post"}],"author":[{"embeddable":true,"href":"https:\/\/www.pressenza.com\/it\/wp-json\/wp\/v2\/users\/964"}],"replies":[{"embeddable":true,"href":"https:\/\/www.pressenza.com\/it\/wp-json\/wp\/v2\/comments?post=223234"}],"version-history":[{"count":0,"href":"https:\/\/www.pressenza.com\/it\/wp-json\/wp\/v2\/posts\/223234\/revisions"}],"wp:featuredmedia":[{"embeddable":true,"href":"https:\/\/www.pressenza.com\/it\/wp-json\/wp\/v2\/media\/169337"}],"wp:attachment":[{"href":"https:\/\/www.pressenza.com\/it\/wp-json\/wp\/v2\/media?parent=223234"}],"wp:term":[{"taxonomy":"category","embeddable":true,"href":"https:\/\/www.pressenza.com\/it\/wp-json\/wp\/v2\/categories?post=223234"},{"taxonomy":"post_tag","embeddable":true,"href":"https:\/\/www.pressenza.com\/it\/wp-json\/wp\/v2\/tags?post=223234"}],"curies":[{"name":"wp","href":"https:\/\/api.w.org\/{rel}","templated":true}]}}