{"id":222398,"date":"2015-09-15T21:40:59","date_gmt":"2015-09-15T20:40:59","guid":{"rendered":"http:\/\/www.pressenza.com\/it\/?p=222398"},"modified":"2015-09-16T09:00:20","modified_gmt":"2015-09-16T08:00:20","slug":"gli-umanisti-senza-silo","status":"publish","type":"post","link":"https:\/\/www.pressenza.com\/it\/2015\/09\/gli-umanisti-senza-silo\/","title":{"rendered":"Gli umanisti senza Silo"},"content":{"rendered":"<p>Sono gi\u00e0 passati cinque anni da quando il fondatore del Movimento Umanista ha lasciato questo tempo e questo spazio.<\/p>\n<p>Come ogni seguace di Silo sono alcuni giorni che rifletto su questo fatto.<\/p>\n<p>Innegabilmente Silo e il suo Movimento si sono formati nel secolo dei leaders. Certamente Silo e gli umanisti hanno proclamato l\u2019ideale libertario, dichiarando, nel loro Documento, di non volere n\u00e9 dirigenti n\u00e9 capi e di non sentirsi dirigenti o capi di alcuno.<\/p>\n<p>Ma, nonostante quest\u2019affermazione perentoria, possiamo riconoscere l\u2019influenza carismatica che il fondatore ha esercitato sui suoi seguaci. E riconoscerne la magistrale intelligenza quando, cogliendo l\u2019avvicinarsi della fine dei suoi giorni terreni, ha accuratamente \u201csmontato\u201d l\u2019organizzazione che egli stesso aveva proposto e costruito, lasciando un \u201cvuoto\u201d ai suoi eredi, colmabile solo con l\u2019impegno e la Dottrina.<\/p>\n<p>Cos\u00ec ci siamo ritrovati orfani, senza il Maestro che tante volte aveva risolto litigi e chiarito situazioni intricate; orfani ma liberi di seguire un cammino, di scegliere tra le tante attivit\u00e0 che gli umanisti fanno nel mondo, di seguire, o abbandonare, un solco tracciato verso l\u2019infinito, un ideale sublime quanto a volte apparentemente irraggiungibile di un mondo umano, nonviolento, spirituale, di tutti, per tutti.<\/p>\n<p>Sono passati cinque anni ed \u00e8 stato necessario elaborare un lutto e intraprendere un nuovo cammino. Sperimentare uno dei topici della dottrina siloista: il Fallimento, inteso come mezzo per avanzare verso nuove regioni inesplorate. \u201cAbbiamo fallito, ma insistiamo\u201d, ci ricordava nel 2004 a Punta de Vacas, insistiamo perch\u00e9 se la disumanizzazione ha apparentemente vinto su questo pianeta non sono morti gli ideali di un mondo migliore: quegli ideali covano nella cenere della Fenice, pronta a risorgere.<\/p>\n<p>In questa elaborazione del lutto, in questa <em>assenza<\/em> abbiamo a volte avuto l\u2019impressione di aver perso qualcuno per strada: dove sono finite le masse di militanti che occuparono Parigi? Dove sono i 60.000 iscritti al Partido Humanista in Cile sotto Pinochet per garantire la validit\u00e0 del referendum? Che fine hanno fatto le decine di migliaia di aderenti alla Marcia Mondiale per la Pace e la Nonviolenza o il milione di lettori dei giornali umanisti di quartiere?<\/p>\n<p>Personalmente non credo di aver perso nessuno. Se qualcuno ha cambiato strada, si \u00e8 arrabbiato con qualcun altro, si \u00e8 apparentemente fermato nel cammino, in lui o in lei certamente \u00e8 rimasta l\u2019essenza della speranza e della dottrina; essenza che aspetta il momento opportuno per agire. Quell\u2019essenza, molto pi\u00f9 antica del siloismo, che dice: \u201cTratta gli altri come vuoi essere trattato\u201d.<\/p>\n<p>Quell\u2019essenza che \u00e8 un seme intimamente piantato nel profondo dell\u2019Essere Umano e che preme per risvegliarsi e che si manifesta ogni volta che un pezzetto della Nazione Umana Universale appare nel semplice gesto dell\u2019accoglienza di un profugo, dell\u2019aiuto fraterno, della lotta contro la discriminazione e l\u2019ingiustizia, nella denuncia di un mondo disumano basato sulla rapina del 99% della popolazione mondiale.<\/p>\n<p>Sulla montagna davanti a Punta de Vacas qualcuno, tra i sassi, ha scritto \u201cGracias SILO\u201d: credo che vada interpretato non solo come un omaggio semplice a una grande persona, ma come un pi\u00f9 profondo omaggio all\u2019Essere Umano che, grazie anche al siloismo, si sta risvegliando.<\/p>\n<p>&nbsp;<\/p>\n","protected":false},"excerpt":{"rendered":"<p>Sono gi\u00e0 passati cinque anni da quando il fondatore del Movimento Umanista ha lasciato questo tempo e questo spazio. Come ogni seguace di Silo sono alcuni giorni che rifletto su questo fatto. Innegabilmente Silo e il suo Movimento si sono&hellip;<\/p>\n","protected":false},"author":10,"featured_media":222420,"comment_status":"closed","ping_status":"open","sticky":false,"template":"","format":"standard","meta":{"footnotes":""},"categories":[11388,162,1260],"tags":[3194,8398,4231,4251,19983,2791],"class_list":["post-222398","post","type-post","status-publish","format-standard","has-post-thumbnail","hentry","category-contenuti-originali","category-opinioni","category-umanesimo-spiritualita","tag-essere-umano","tag-fallimento","tag-movimento-umanista","tag-punta-de-vacas-it","tag-regola-doro","tag-silo-it"],"yoast_head":"<!-- This site is optimized with the Yoast SEO plugin v27.1.1 - https:\/\/yoast.com\/product\/yoast-seo-wordpress\/ -->\n<title>Gli umanisti senza Silo<\/title>\n<meta name=\"description\" content=\"Sono gi\u00e0 passati cinque anni da quando il fondatore del Movimento Umanista ha lasciato questo tempo e questo spazio. Come ogni seguace di Silo sono alcuni\" \/>\n<meta name=\"robots\" content=\"index, follow, max-snippet:-1, max-image-preview:large, max-video-preview:-1\" \/>\n<link rel=\"canonical\" href=\"https:\/\/www.pressenza.com\/it\/2015\/09\/gli-umanisti-senza-silo\/\" \/>\n<meta property=\"og:locale\" content=\"it_IT\" \/>\n<meta property=\"og:type\" content=\"article\" \/>\n<meta property=\"og:title\" content=\"Gli umanisti senza Silo\" \/>\n<meta property=\"og:description\" content=\"Sono gi\u00e0 passati cinque anni da quando il fondatore del Movimento Umanista ha lasciato questo tempo e questo spazio. Come ogni seguace di Silo sono alcuni\" \/>\n<meta property=\"og:url\" content=\"https:\/\/www.pressenza.com\/it\/2015\/09\/gli-umanisti-senza-silo\/\" \/>\n<meta property=\"og:site_name\" content=\"Pressenza\" \/>\n<meta property=\"article:publisher\" content=\"https:\/\/www.facebook.com\/PressenzaItalia\" \/>\n<meta property=\"article:published_time\" content=\"2015-09-15T20:40:59+00:00\" \/>\n<meta property=\"article:modified_time\" content=\"2015-09-16T08:00:20+00:00\" \/>\n<meta property=\"og:image\" content=\"https:\/\/www.pressenza.com\/wp-content\/uploads\/2015\/09\/graciassilo2.jpg\" \/>\n\t<meta property=\"og:image:width\" content=\"1920\" \/>\n\t<meta property=\"og:image:height\" content=\"1068\" \/>\n\t<meta property=\"og:image:type\" content=\"image\/jpeg\" \/>\n<meta name=\"author\" content=\"Olivier Turquet\" \/>\n<meta name=\"twitter:card\" content=\"summary_large_image\" \/>\n<meta name=\"twitter:creator\" content=\"@PressenzaIPA\" \/>\n<meta name=\"twitter:site\" content=\"@PressenzaIPA\" \/>\n<meta name=\"twitter:label1\" content=\"Scritto da\" \/>\n\t<meta name=\"twitter:data1\" content=\"Olivier Turquet\" \/>\n\t<meta name=\"twitter:label2\" content=\"Tempo di lettura stimato\" \/>\n\t<meta name=\"twitter:data2\" content=\"3 minuti\" \/>\n<script type=\"application\/ld+json\" class=\"yoast-schema-graph\">{\"@context\":\"https:\/\/schema.org\",\"@graph\":[{\"@type\":\"Article\",\"@id\":\"https:\/\/www.pressenza.com\/it\/2015\/09\/gli-umanisti-senza-silo\/#article\",\"isPartOf\":{\"@id\":\"https:\/\/www.pressenza.com\/it\/2015\/09\/gli-umanisti-senza-silo\/\"},\"author\":{\"name\":\"Olivier Turquet\",\"@id\":\"https:\/\/www.pressenza.com\/it\/#\/schema\/person\/636f8feb51f63f34e7378d5fcdd1de53\"},\"headline\":\"Gli umanisti senza Silo\",\"datePublished\":\"2015-09-15T20:40:59+00:00\",\"dateModified\":\"2015-09-16T08:00:20+00:00\",\"mainEntityOfPage\":{\"@id\":\"https:\/\/www.pressenza.com\/it\/2015\/09\/gli-umanisti-senza-silo\/\"},\"wordCount\":523,\"publisher\":{\"@id\":\"https:\/\/www.pressenza.com\/it\/#organization\"},\"image\":{\"@id\":\"https:\/\/www.pressenza.com\/it\/2015\/09\/gli-umanisti-senza-silo\/#primaryimage\"},\"thumbnailUrl\":\"https:\/\/www.pressenza.com\/wp-content\/uploads\/2015\/09\/graciassilo2.jpg\",\"keywords\":[\"Essere Umano\",\"fallimento\",\"Movimento Umanista\",\"Punta de Vacas\",\"Regola d'Oro\",\"Silo\"],\"articleSection\":[\"contenuti originali\",\"Opinioni\",\"Umanesimo e Spiritualit\u00e0\"],\"inLanguage\":\"it-IT\"},{\"@type\":\"WebPage\",\"@id\":\"https:\/\/www.pressenza.com\/it\/2015\/09\/gli-umanisti-senza-silo\/\",\"url\":\"https:\/\/www.pressenza.com\/it\/2015\/09\/gli-umanisti-senza-silo\/\",\"name\":\"Gli umanisti senza Silo\",\"isPartOf\":{\"@id\":\"https:\/\/www.pressenza.com\/it\/#website\"},\"primaryImageOfPage\":{\"@id\":\"https:\/\/www.pressenza.com\/it\/2015\/09\/gli-umanisti-senza-silo\/#primaryimage\"},\"image\":{\"@id\":\"https:\/\/www.pressenza.com\/it\/2015\/09\/gli-umanisti-senza-silo\/#primaryimage\"},\"thumbnailUrl\":\"https:\/\/www.pressenza.com\/wp-content\/uploads\/2015\/09\/graciassilo2.jpg\",\"datePublished\":\"2015-09-15T20:40:59+00:00\",\"dateModified\":\"2015-09-16T08:00:20+00:00\",\"description\":\"Sono gi\u00e0 passati cinque anni da quando il fondatore del Movimento Umanista ha lasciato questo tempo e questo spazio. Come ogni seguace di Silo sono alcuni\",\"breadcrumb\":{\"@id\":\"https:\/\/www.pressenza.com\/it\/2015\/09\/gli-umanisti-senza-silo\/#breadcrumb\"},\"inLanguage\":\"it-IT\",\"potentialAction\":[{\"@type\":\"ReadAction\",\"target\":[\"https:\/\/www.pressenza.com\/it\/2015\/09\/gli-umanisti-senza-silo\/\"]}]},{\"@type\":\"ImageObject\",\"inLanguage\":\"it-IT\",\"@id\":\"https:\/\/www.pressenza.com\/it\/2015\/09\/gli-umanisti-senza-silo\/#primaryimage\",\"url\":\"https:\/\/www.pressenza.com\/wp-content\/uploads\/2015\/09\/graciassilo2.jpg\",\"contentUrl\":\"https:\/\/www.pressenza.com\/wp-content\/uploads\/2015\/09\/graciassilo2.jpg\",\"width\":1920,\"height\":1068,\"caption\":\"OLYMPUS DIGITAL CAMERA\"},{\"@type\":\"BreadcrumbList\",\"@id\":\"https:\/\/www.pressenza.com\/it\/2015\/09\/gli-umanisti-senza-silo\/#breadcrumb\",\"itemListElement\":[{\"@type\":\"ListItem\",\"position\":1,\"name\":\"Accueil\",\"item\":\"https:\/\/www.pressenza.com\/it\/\"},{\"@type\":\"ListItem\",\"position\":2,\"name\":\"Gli umanisti senza Silo\"}]},{\"@type\":\"WebSite\",\"@id\":\"https:\/\/www.pressenza.com\/it\/#website\",\"url\":\"https:\/\/www.pressenza.com\/it\/\",\"name\":\"Pressenza\",\"description\":\"Agenzia di Stampa Internazionale\",\"publisher\":{\"@id\":\"https:\/\/www.pressenza.com\/it\/#organization\"},\"potentialAction\":[{\"@type\":\"SearchAction\",\"target\":{\"@type\":\"EntryPoint\",\"urlTemplate\":\"https:\/\/www.pressenza.com\/it\/?s={search_term_string}\"},\"query-input\":{\"@type\":\"PropertyValueSpecification\",\"valueRequired\":true,\"valueName\":\"search_term_string\"}}],\"inLanguage\":\"it-IT\"},{\"@type\":\"Organization\",\"@id\":\"https:\/\/www.pressenza.com\/it\/#organization\",\"name\":\"Pressenza\",\"url\":\"https:\/\/www.pressenza.com\/it\/\",\"logo\":{\"@type\":\"ImageObject\",\"inLanguage\":\"it-IT\",\"@id\":\"https:\/\/www.pressenza.com\/it\/#\/schema\/logo\/image\/\",\"url\":\"https:\/\/www.pressenza.com\/wp-content\/uploads\/2022\/10\/pressenza_logo_200x200.jpg\",\"contentUrl\":\"https:\/\/www.pressenza.com\/wp-content\/uploads\/2022\/10\/pressenza_logo_200x200.jpg\",\"width\":200,\"height\":200,\"caption\":\"Pressenza\"},\"image\":{\"@id\":\"https:\/\/www.pressenza.com\/it\/#\/schema\/logo\/image\/\"},\"sameAs\":[\"https:\/\/www.facebook.com\/PressenzaItalia\",\"https:\/\/x.com\/PressenzaIPA\"]},{\"@type\":\"Person\",\"@id\":\"https:\/\/www.pressenza.com\/it\/#\/schema\/person\/636f8feb51f63f34e7378d5fcdd1de53\",\"name\":\"Olivier Turquet\",\"description\":\"Takes care of writing to tell the reality for about 40 years. He has worked with paper publications, radio and electronic He founded the electronic news agency humanist Good News. He was press secretary to various events such as: the International Humanist, Florence Play, the World March for Peace and Nonviolence. Currently coordinates the Italian team of Pressenza. olivierturquet.wordpress.com\",\"sameAs\":[\"http:\/\/olivierturquet.wordpress.com\"],\"url\":\"https:\/\/www.pressenza.com\/it\/author\/olivier-turquet\/\"}]}<\/script>\n<!-- \/ Yoast SEO plugin. -->","yoast_head_json":{"title":"Gli umanisti senza Silo","description":"Sono gi\u00e0 passati cinque anni da quando il fondatore del Movimento Umanista ha lasciato questo tempo e questo spazio. Come ogni seguace di Silo sono alcuni","robots":{"index":"index","follow":"follow","max-snippet":"max-snippet:-1","max-image-preview":"max-image-preview:large","max-video-preview":"max-video-preview:-1"},"canonical":"https:\/\/www.pressenza.com\/it\/2015\/09\/gli-umanisti-senza-silo\/","og_locale":"it_IT","og_type":"article","og_title":"Gli umanisti senza Silo","og_description":"Sono gi\u00e0 passati cinque anni da quando il fondatore del Movimento Umanista ha lasciato questo tempo e questo spazio. Come ogni seguace di Silo sono alcuni","og_url":"https:\/\/www.pressenza.com\/it\/2015\/09\/gli-umanisti-senza-silo\/","og_site_name":"Pressenza","article_publisher":"https:\/\/www.facebook.com\/PressenzaItalia","article_published_time":"2015-09-15T20:40:59+00:00","article_modified_time":"2015-09-16T08:00:20+00:00","og_image":[{"width":1920,"height":1068,"url":"https:\/\/www.pressenza.com\/wp-content\/uploads\/2015\/09\/graciassilo2.jpg","type":"image\/jpeg"}],"author":"Olivier Turquet","twitter_card":"summary_large_image","twitter_creator":"@PressenzaIPA","twitter_site":"@PressenzaIPA","twitter_misc":{"Scritto da":"Olivier Turquet","Tempo di lettura stimato":"3 minuti"},"schema":{"@context":"https:\/\/schema.org","@graph":[{"@type":"Article","@id":"https:\/\/www.pressenza.com\/it\/2015\/09\/gli-umanisti-senza-silo\/#article","isPartOf":{"@id":"https:\/\/www.pressenza.com\/it\/2015\/09\/gli-umanisti-senza-silo\/"},"author":{"name":"Olivier Turquet","@id":"https:\/\/www.pressenza.com\/it\/#\/schema\/person\/636f8feb51f63f34e7378d5fcdd1de53"},"headline":"Gli umanisti senza Silo","datePublished":"2015-09-15T20:40:59+00:00","dateModified":"2015-09-16T08:00:20+00:00","mainEntityOfPage":{"@id":"https:\/\/www.pressenza.com\/it\/2015\/09\/gli-umanisti-senza-silo\/"},"wordCount":523,"publisher":{"@id":"https:\/\/www.pressenza.com\/it\/#organization"},"image":{"@id":"https:\/\/www.pressenza.com\/it\/2015\/09\/gli-umanisti-senza-silo\/#primaryimage"},"thumbnailUrl":"https:\/\/www.pressenza.com\/wp-content\/uploads\/2015\/09\/graciassilo2.jpg","keywords":["Essere Umano","fallimento","Movimento Umanista","Punta de Vacas","Regola d'Oro","Silo"],"articleSection":["contenuti originali","Opinioni","Umanesimo e Spiritualit\u00e0"],"inLanguage":"it-IT"},{"@type":"WebPage","@id":"https:\/\/www.pressenza.com\/it\/2015\/09\/gli-umanisti-senza-silo\/","url":"https:\/\/www.pressenza.com\/it\/2015\/09\/gli-umanisti-senza-silo\/","name":"Gli umanisti senza Silo","isPartOf":{"@id":"https:\/\/www.pressenza.com\/it\/#website"},"primaryImageOfPage":{"@id":"https:\/\/www.pressenza.com\/it\/2015\/09\/gli-umanisti-senza-silo\/#primaryimage"},"image":{"@id":"https:\/\/www.pressenza.com\/it\/2015\/09\/gli-umanisti-senza-silo\/#primaryimage"},"thumbnailUrl":"https:\/\/www.pressenza.com\/wp-content\/uploads\/2015\/09\/graciassilo2.jpg","datePublished":"2015-09-15T20:40:59+00:00","dateModified":"2015-09-16T08:00:20+00:00","description":"Sono gi\u00e0 passati cinque anni da quando il fondatore del Movimento Umanista ha lasciato questo tempo e questo spazio. Come ogni seguace di Silo sono alcuni","breadcrumb":{"@id":"https:\/\/www.pressenza.com\/it\/2015\/09\/gli-umanisti-senza-silo\/#breadcrumb"},"inLanguage":"it-IT","potentialAction":[{"@type":"ReadAction","target":["https:\/\/www.pressenza.com\/it\/2015\/09\/gli-umanisti-senza-silo\/"]}]},{"@type":"ImageObject","inLanguage":"it-IT","@id":"https:\/\/www.pressenza.com\/it\/2015\/09\/gli-umanisti-senza-silo\/#primaryimage","url":"https:\/\/www.pressenza.com\/wp-content\/uploads\/2015\/09\/graciassilo2.jpg","contentUrl":"https:\/\/www.pressenza.com\/wp-content\/uploads\/2015\/09\/graciassilo2.jpg","width":1920,"height":1068,"caption":"OLYMPUS DIGITAL CAMERA"},{"@type":"BreadcrumbList","@id":"https:\/\/www.pressenza.com\/it\/2015\/09\/gli-umanisti-senza-silo\/#breadcrumb","itemListElement":[{"@type":"ListItem","position":1,"name":"Accueil","item":"https:\/\/www.pressenza.com\/it\/"},{"@type":"ListItem","position":2,"name":"Gli umanisti senza Silo"}]},{"@type":"WebSite","@id":"https:\/\/www.pressenza.com\/it\/#website","url":"https:\/\/www.pressenza.com\/it\/","name":"Pressenza","description":"Agenzia di Stampa Internazionale","publisher":{"@id":"https:\/\/www.pressenza.com\/it\/#organization"},"potentialAction":[{"@type":"SearchAction","target":{"@type":"EntryPoint","urlTemplate":"https:\/\/www.pressenza.com\/it\/?s={search_term_string}"},"query-input":{"@type":"PropertyValueSpecification","valueRequired":true,"valueName":"search_term_string"}}],"inLanguage":"it-IT"},{"@type":"Organization","@id":"https:\/\/www.pressenza.com\/it\/#organization","name":"Pressenza","url":"https:\/\/www.pressenza.com\/it\/","logo":{"@type":"ImageObject","inLanguage":"it-IT","@id":"https:\/\/www.pressenza.com\/it\/#\/schema\/logo\/image\/","url":"https:\/\/www.pressenza.com\/wp-content\/uploads\/2022\/10\/pressenza_logo_200x200.jpg","contentUrl":"https:\/\/www.pressenza.com\/wp-content\/uploads\/2022\/10\/pressenza_logo_200x200.jpg","width":200,"height":200,"caption":"Pressenza"},"image":{"@id":"https:\/\/www.pressenza.com\/it\/#\/schema\/logo\/image\/"},"sameAs":["https:\/\/www.facebook.com\/PressenzaItalia","https:\/\/x.com\/PressenzaIPA"]},{"@type":"Person","@id":"https:\/\/www.pressenza.com\/it\/#\/schema\/person\/636f8feb51f63f34e7378d5fcdd1de53","name":"Olivier Turquet","description":"Takes care of writing to tell the reality for about 40 years. He has worked with paper publications, radio and electronic He founded the electronic news agency humanist Good News. He was press secretary to various events such as: the International Humanist, Florence Play, the World March for Peace and Nonviolence. Currently coordinates the Italian team of Pressenza. olivierturquet.wordpress.com","sameAs":["http:\/\/olivierturquet.wordpress.com"],"url":"https:\/\/www.pressenza.com\/it\/author\/olivier-turquet\/"}]}},"place":"","original_article_url":"","_links":{"self":[{"href":"https:\/\/www.pressenza.com\/it\/wp-json\/wp\/v2\/posts\/222398","targetHints":{"allow":["GET"]}}],"collection":[{"href":"https:\/\/www.pressenza.com\/it\/wp-json\/wp\/v2\/posts"}],"about":[{"href":"https:\/\/www.pressenza.com\/it\/wp-json\/wp\/v2\/types\/post"}],"author":[{"embeddable":true,"href":"https:\/\/www.pressenza.com\/it\/wp-json\/wp\/v2\/users\/10"}],"replies":[{"embeddable":true,"href":"https:\/\/www.pressenza.com\/it\/wp-json\/wp\/v2\/comments?post=222398"}],"version-history":[{"count":0,"href":"https:\/\/www.pressenza.com\/it\/wp-json\/wp\/v2\/posts\/222398\/revisions"}],"wp:featuredmedia":[{"embeddable":true,"href":"https:\/\/www.pressenza.com\/it\/wp-json\/wp\/v2\/media\/222420"}],"wp:attachment":[{"href":"https:\/\/www.pressenza.com\/it\/wp-json\/wp\/v2\/media?parent=222398"}],"wp:term":[{"taxonomy":"category","embeddable":true,"href":"https:\/\/www.pressenza.com\/it\/wp-json\/wp\/v2\/categories?post=222398"},{"taxonomy":"post_tag","embeddable":true,"href":"https:\/\/www.pressenza.com\/it\/wp-json\/wp\/v2\/tags?post=222398"}],"curies":[{"name":"wp","href":"https:\/\/api.w.org\/{rel}","templated":true}]}}