{"id":222317,"date":"2015-09-15T13:50:43","date_gmt":"2015-09-15T12:50:43","guid":{"rendered":"http:\/\/www.pressenza.com\/it\/?p=222317"},"modified":"2015-09-16T08:58:36","modified_gmt":"2015-09-16T07:58:36","slug":"i-professori-universitari-contro-la-modifica-della-costituzione","status":"publish","type":"post","link":"https:\/\/www.pressenza.com\/it\/2015\/09\/i-professori-universitari-contro-la-modifica-della-costituzione\/","title":{"rendered":"I professori universitari contro lo stravolgimento della Costituzione giapponese"},"content":{"rendered":"<p>Rompendo il tradizionale riserbo sulle questioni politiche, gli accademici giapponesi stanno svolgendo un ruolo determinante nelle crescenti proteste per contrastare il pacchetto di norme in discussione in questi giorni al Senato, che spianeranno la strada alla fine della politica pacifista del paese, sancita nell&#8217;articolo 9 della Costituzione.<\/p>\n<p>\u201cI docenti universitari non possono pi\u00f9 stare nelle retrovie. L&#8217;intellighenzia universitaria sta dando una mano agli studenti, nel contrastare l&#8217;attacco alla democrazia liberale giapponese\u201d ha detto il professore Koichi Nakano, docente di scienze politiche. Conosciuto a livello internazionale, insegna presso la Sophia University a Tokyo ed \u00e8 un membro chiave del movimento accademico.<\/p>\n<p>In giugno i docenti universitari hanno lanciato l&#8217;Associazione degli Studiosi Contro le Proposte di Leggi sulla Sicurezza, dove i migliori e pi\u00f9 affermati docenti si sono uniti nella lotta, impegnandosi nello smantellare le proposte di legge. L&#8217;organizzazione sta tenendo riunioni pubbliche, insieme agli studenti e ad altri sostenitori, per raccogliere il consenso contro le proposte di legge e al momento ha pi\u00f9 di 13.000 membri registrati.<\/p>\n<p>\u201cSe dovesse passare questa legislazione, c&#8217;\u00e8 un estremo e reale pericolo che il Giappone possa diventare parte delle ostilit\u00e0 e la SDF (le forze di autodifesa giapponese) diventi un esercito d&#8217;attacco, violando la legge internazionale\u201d ha fatto sapere l&#8217;associazione in un appello al Parlamento.<\/p>\n<p>Nella sua relazione a giugno l&#8217;organizzazione ha puntualizzato che gli intellettuali \u201cdetengono un fardello storico speciale, visto che le universit\u00e0 hanno collaborato nella guerra d&#8217;aggressione del Giappone, mandando in prima linea numerosi studenti a combattere.\u201d Il rapporto definisce \u201cdeplorevole\u201d il fatto che la legislazione incostituzionale \u201cstia per essere deliberata dal Parlamento\u201d.<\/p>\n<p>In risposta, Abe argomenta che una presenza attiva internazionale per il Giappone \u00e8 necessaria per soddisfare i nuovi sviluppi geopolitici, come ad esempio l&#8217;ascesa del potere militare cinese. La popolazione, per\u00f2, ricorda ancora la tragica amministrazione militare in tempo di guerra ed \u00e8 diffidente e spaventata all&#8217;idea di un possibile ampliamento del ruolo militare.<\/p>\n<p>Secondo il professor Mari Osawa, direttore dell&#8217;Istituto di Scienze Sociali presso l&#8217;Universit\u00e0 di Tokyo, grazie al coinvolgimento dei docenti universitari un numero crescente di studenti e professori si sono uniti al SEALDS e all&#8217; Associazione degli Studiosi contro le Proposte di Legge sulla Sicurezza. L&#8217;attuale processo verso la modifica delle politiche pacifiste \u00e8 la pi\u00f9 grande minaccia alla democrazia liberale nel paese e di conseguenza alla libert\u00e0 accademica, ha aggiunto Osawa.<\/p>\n<p>Esperti legali, incluso i giudici della Corte Suprema, hanno gi\u00e0 definito\u00a0incostituzionali i cambiamenti di legge proposti.<\/p>\n<p>La data possibile per l&#8217;approvazione della legge si sta avvicinando e si moltiplicano le iniziative per far pressione sui deputati della maggioranza affinch\u00e9 non votino la legge.<\/p>\n<p><em>Articolo realizzato sulla base di informazioni da vari siti e pagine Facebook suggeriti da Yukari Saito del Centro di Documentazione \u201cSemi sotto la neve\u201d, che ringraziamo.<\/em><\/p>\n<p><em>Traduzioni dall&#8217;inglese di Paola Mola<\/em><\/p>\n","protected":false},"excerpt":{"rendered":"<p>Rompendo il tradizionale riserbo sulle questioni politiche, gli accademici giapponesi stanno svolgendo un ruolo determinante nelle crescenti proteste per contrastare il pacchetto di norme in discussione in questi giorni al Senato, che spianeranno la strada alla fine della politica pacifista&hellip;<\/p>\n","protected":false},"author":594,"featured_media":215728,"comment_status":"closed","ping_status":"open","sticky":false,"template":"","format":"standard","meta":{"footnotes":""},"categories":[46,11388,1263],"tags":[19546,15900,3139,3653],"class_list":["post-222317","post","type-post","status-publish","format-standard","has-post-thumbnail","hentry","category-asia-it","category-contenuti-originali","category-pace-disarmo","tag-articolo-9","tag-costituzione-giapponese","tag-giappone","tag-shinzo-abe"],"yoast_head":"<!-- This site is optimized with the Yoast SEO plugin v27.1.1 - https:\/\/yoast.com\/product\/yoast-seo-wordpress\/ -->\n<title>I professori universitari contro lo stravolgimento della Costituzione giapponese<\/title>\n<meta name=\"description\" content=\"Rompendo il tradizionale riserbo sulle questioni politiche, gli accademici giapponesi stanno svolgendo un ruolo determinante nelle crescenti proteste per\" \/>\n<meta name=\"robots\" content=\"index, follow, max-snippet:-1, max-image-preview:large, max-video-preview:-1\" \/>\n<link rel=\"canonical\" href=\"https:\/\/www.pressenza.com\/it\/2015\/09\/i-professori-universitari-contro-la-modifica-della-costituzione\/\" \/>\n<meta property=\"og:locale\" content=\"it_IT\" \/>\n<meta property=\"og:type\" content=\"article\" \/>\n<meta property=\"og:title\" content=\"I professori universitari contro lo stravolgimento della Costituzione giapponese\" \/>\n<meta property=\"og:description\" content=\"Rompendo il tradizionale riserbo sulle questioni politiche, gli accademici giapponesi stanno svolgendo un ruolo determinante nelle crescenti proteste per\" \/>\n<meta property=\"og:url\" content=\"https:\/\/www.pressenza.com\/it\/2015\/09\/i-professori-universitari-contro-la-modifica-della-costituzione\/\" \/>\n<meta property=\"og:site_name\" content=\"Pressenza\" \/>\n<meta property=\"article:publisher\" content=\"https:\/\/www.facebook.com\/PressenzaItalia\" \/>\n<meta property=\"article:author\" content=\"https:\/\/www.facebook.com\/PressenzaItalia\" \/>\n<meta property=\"article:published_time\" content=\"2015-09-15T12:50:43+00:00\" \/>\n<meta property=\"article:modified_time\" content=\"2015-09-16T07:58:36+00:00\" \/>\n<meta property=\"og:image\" content=\"https:\/\/www.pressenza.com\/wp-content\/uploads\/2015\/08\/tokyo30-9-15-pace-manifestazione-theta.jpg\" \/>\n\t<meta property=\"og:image:width\" content=\"729\" \/>\n\t<meta property=\"og:image:height\" content=\"403\" \/>\n\t<meta property=\"og:image:type\" content=\"image\/jpeg\" \/>\n<meta name=\"author\" content=\"Redazione Italia\" \/>\n<meta name=\"twitter:card\" content=\"summary_large_image\" \/>\n<meta name=\"twitter:creator\" content=\"@pressenza_it\" \/>\n<meta name=\"twitter:site\" content=\"@PressenzaIPA\" \/>\n<meta name=\"twitter:label1\" content=\"Scritto da\" \/>\n\t<meta name=\"twitter:data1\" content=\"Redazione Italia\" \/>\n\t<meta name=\"twitter:label2\" content=\"Tempo di lettura stimato\" \/>\n\t<meta name=\"twitter:data2\" content=\"2 minuti\" \/>\n<script type=\"application\/ld+json\" class=\"yoast-schema-graph\">{\"@context\":\"https:\/\/schema.org\",\"@graph\":[{\"@type\":\"Article\",\"@id\":\"https:\/\/www.pressenza.com\/it\/2015\/09\/i-professori-universitari-contro-la-modifica-della-costituzione\/#article\",\"isPartOf\":{\"@id\":\"https:\/\/www.pressenza.com\/it\/2015\/09\/i-professori-universitari-contro-la-modifica-della-costituzione\/\"},\"author\":{\"name\":\"Redazione Italia\",\"@id\":\"https:\/\/www.pressenza.com\/it\/#\/schema\/person\/d983e81827ae24f2c7b1a2123d197f8d\"},\"headline\":\"I professori universitari contro lo stravolgimento della Costituzione giapponese\",\"datePublished\":\"2015-09-15T12:50:43+00:00\",\"dateModified\":\"2015-09-16T07:58:36+00:00\",\"mainEntityOfPage\":{\"@id\":\"https:\/\/www.pressenza.com\/it\/2015\/09\/i-professori-universitari-contro-la-modifica-della-costituzione\/\"},\"wordCount\":480,\"publisher\":{\"@id\":\"https:\/\/www.pressenza.com\/it\/#organization\"},\"image\":{\"@id\":\"https:\/\/www.pressenza.com\/it\/2015\/09\/i-professori-universitari-contro-la-modifica-della-costituzione\/#primaryimage\"},\"thumbnailUrl\":\"https:\/\/www.pressenza.com\/wp-content\/uploads\/2015\/08\/tokyo30-9-15-pace-manifestazione-theta.jpg\",\"keywords\":[\"Articolo 9\",\"Costituzione giapponese\",\"Giappone\",\"Shinzo Abe\"],\"articleSection\":[\"Asia\",\"contenuti originali\",\"Pace e Disarmo\"],\"inLanguage\":\"it-IT\"},{\"@type\":\"WebPage\",\"@id\":\"https:\/\/www.pressenza.com\/it\/2015\/09\/i-professori-universitari-contro-la-modifica-della-costituzione\/\",\"url\":\"https:\/\/www.pressenza.com\/it\/2015\/09\/i-professori-universitari-contro-la-modifica-della-costituzione\/\",\"name\":\"I professori universitari contro lo stravolgimento della Costituzione giapponese\",\"isPartOf\":{\"@id\":\"https:\/\/www.pressenza.com\/it\/#website\"},\"primaryImageOfPage\":{\"@id\":\"https:\/\/www.pressenza.com\/it\/2015\/09\/i-professori-universitari-contro-la-modifica-della-costituzione\/#primaryimage\"},\"image\":{\"@id\":\"https:\/\/www.pressenza.com\/it\/2015\/09\/i-professori-universitari-contro-la-modifica-della-costituzione\/#primaryimage\"},\"thumbnailUrl\":\"https:\/\/www.pressenza.com\/wp-content\/uploads\/2015\/08\/tokyo30-9-15-pace-manifestazione-theta.jpg\",\"datePublished\":\"2015-09-15T12:50:43+00:00\",\"dateModified\":\"2015-09-16T07:58:36+00:00\",\"description\":\"Rompendo il tradizionale riserbo sulle questioni politiche, gli accademici giapponesi stanno svolgendo un ruolo determinante nelle crescenti proteste per\",\"breadcrumb\":{\"@id\":\"https:\/\/www.pressenza.com\/it\/2015\/09\/i-professori-universitari-contro-la-modifica-della-costituzione\/#breadcrumb\"},\"inLanguage\":\"it-IT\",\"potentialAction\":[{\"@type\":\"ReadAction\",\"target\":[\"https:\/\/www.pressenza.com\/it\/2015\/09\/i-professori-universitari-contro-la-modifica-della-costituzione\/\"]}]},{\"@type\":\"ImageObject\",\"inLanguage\":\"it-IT\",\"@id\":\"https:\/\/www.pressenza.com\/it\/2015\/09\/i-professori-universitari-contro-la-modifica-della-costituzione\/#primaryimage\",\"url\":\"https:\/\/www.pressenza.com\/wp-content\/uploads\/2015\/08\/tokyo30-9-15-pace-manifestazione-theta.jpg\",\"contentUrl\":\"https:\/\/www.pressenza.com\/wp-content\/uploads\/2015\/08\/tokyo30-9-15-pace-manifestazione-theta.jpg\",\"width\":729,\"height\":403},{\"@type\":\"BreadcrumbList\",\"@id\":\"https:\/\/www.pressenza.com\/it\/2015\/09\/i-professori-universitari-contro-la-modifica-della-costituzione\/#breadcrumb\",\"itemListElement\":[{\"@type\":\"ListItem\",\"position\":1,\"name\":\"Accueil\",\"item\":\"https:\/\/www.pressenza.com\/it\/\"},{\"@type\":\"ListItem\",\"position\":2,\"name\":\"I professori universitari contro lo stravolgimento della Costituzione giapponese\"}]},{\"@type\":\"WebSite\",\"@id\":\"https:\/\/www.pressenza.com\/it\/#website\",\"url\":\"https:\/\/www.pressenza.com\/it\/\",\"name\":\"Pressenza\",\"description\":\"Agenzia di Stampa Internazionale\",\"publisher\":{\"@id\":\"https:\/\/www.pressenza.com\/it\/#organization\"},\"potentialAction\":[{\"@type\":\"SearchAction\",\"target\":{\"@type\":\"EntryPoint\",\"urlTemplate\":\"https:\/\/www.pressenza.com\/it\/?s={search_term_string}\"},\"query-input\":{\"@type\":\"PropertyValueSpecification\",\"valueRequired\":true,\"valueName\":\"search_term_string\"}}],\"inLanguage\":\"it-IT\"},{\"@type\":\"Organization\",\"@id\":\"https:\/\/www.pressenza.com\/it\/#organization\",\"name\":\"Pressenza\",\"url\":\"https:\/\/www.pressenza.com\/it\/\",\"logo\":{\"@type\":\"ImageObject\",\"inLanguage\":\"it-IT\",\"@id\":\"https:\/\/www.pressenza.com\/it\/#\/schema\/logo\/image\/\",\"url\":\"https:\/\/www.pressenza.com\/wp-content\/uploads\/2022\/10\/pressenza_logo_200x200.jpg\",\"contentUrl\":\"https:\/\/www.pressenza.com\/wp-content\/uploads\/2022\/10\/pressenza_logo_200x200.jpg\",\"width\":200,\"height\":200,\"caption\":\"Pressenza\"},\"image\":{\"@id\":\"https:\/\/www.pressenza.com\/it\/#\/schema\/logo\/image\/\"},\"sameAs\":[\"https:\/\/www.facebook.com\/PressenzaItalia\",\"https:\/\/x.com\/PressenzaIPA\"]},{\"@type\":\"Person\",\"@id\":\"https:\/\/www.pressenza.com\/it\/#\/schema\/person\/d983e81827ae24f2c7b1a2123d197f8d\",\"name\":\"Redazione Italia\",\"description\":\"News from the Pressenza Bureau in Italy\",\"sameAs\":[\"https:\/\/www.pressenza.com\/it\/author\/redazione-italia\/\",\"https:\/\/www.facebook.com\/PressenzaItalia\",\"https:\/\/www.instagram.com\/pressenza_italia\/\",\"https:\/\/x.com\/pressenza_it\",\"https:\/\/www.youtube.com\/channel\/UCSalEIWjE1RSxkwjfftFuqg\"],\"url\":\"https:\/\/www.pressenza.com\/it\/author\/redazione-italia\/\"}]}<\/script>\n<!-- \/ Yoast SEO plugin. -->","yoast_head_json":{"title":"I professori universitari contro lo stravolgimento della Costituzione giapponese","description":"Rompendo il tradizionale riserbo sulle questioni politiche, gli accademici giapponesi stanno svolgendo un ruolo determinante nelle crescenti proteste per","robots":{"index":"index","follow":"follow","max-snippet":"max-snippet:-1","max-image-preview":"max-image-preview:large","max-video-preview":"max-video-preview:-1"},"canonical":"https:\/\/www.pressenza.com\/it\/2015\/09\/i-professori-universitari-contro-la-modifica-della-costituzione\/","og_locale":"it_IT","og_type":"article","og_title":"I professori universitari contro lo stravolgimento della Costituzione giapponese","og_description":"Rompendo il tradizionale riserbo sulle questioni politiche, gli accademici giapponesi stanno svolgendo un ruolo determinante nelle crescenti proteste per","og_url":"https:\/\/www.pressenza.com\/it\/2015\/09\/i-professori-universitari-contro-la-modifica-della-costituzione\/","og_site_name":"Pressenza","article_publisher":"https:\/\/www.facebook.com\/PressenzaItalia","article_author":"https:\/\/www.facebook.com\/PressenzaItalia","article_published_time":"2015-09-15T12:50:43+00:00","article_modified_time":"2015-09-16T07:58:36+00:00","og_image":[{"width":729,"height":403,"url":"https:\/\/www.pressenza.com\/wp-content\/uploads\/2015\/08\/tokyo30-9-15-pace-manifestazione-theta.jpg","type":"image\/jpeg"}],"author":"Redazione Italia","twitter_card":"summary_large_image","twitter_creator":"@pressenza_it","twitter_site":"@PressenzaIPA","twitter_misc":{"Scritto da":"Redazione Italia","Tempo di lettura stimato":"2 minuti"},"schema":{"@context":"https:\/\/schema.org","@graph":[{"@type":"Article","@id":"https:\/\/www.pressenza.com\/it\/2015\/09\/i-professori-universitari-contro-la-modifica-della-costituzione\/#article","isPartOf":{"@id":"https:\/\/www.pressenza.com\/it\/2015\/09\/i-professori-universitari-contro-la-modifica-della-costituzione\/"},"author":{"name":"Redazione Italia","@id":"https:\/\/www.pressenza.com\/it\/#\/schema\/person\/d983e81827ae24f2c7b1a2123d197f8d"},"headline":"I professori universitari contro lo stravolgimento della Costituzione giapponese","datePublished":"2015-09-15T12:50:43+00:00","dateModified":"2015-09-16T07:58:36+00:00","mainEntityOfPage":{"@id":"https:\/\/www.pressenza.com\/it\/2015\/09\/i-professori-universitari-contro-la-modifica-della-costituzione\/"},"wordCount":480,"publisher":{"@id":"https:\/\/www.pressenza.com\/it\/#organization"},"image":{"@id":"https:\/\/www.pressenza.com\/it\/2015\/09\/i-professori-universitari-contro-la-modifica-della-costituzione\/#primaryimage"},"thumbnailUrl":"https:\/\/www.pressenza.com\/wp-content\/uploads\/2015\/08\/tokyo30-9-15-pace-manifestazione-theta.jpg","keywords":["Articolo 9","Costituzione giapponese","Giappone","Shinzo Abe"],"articleSection":["Asia","contenuti originali","Pace e Disarmo"],"inLanguage":"it-IT"},{"@type":"WebPage","@id":"https:\/\/www.pressenza.com\/it\/2015\/09\/i-professori-universitari-contro-la-modifica-della-costituzione\/","url":"https:\/\/www.pressenza.com\/it\/2015\/09\/i-professori-universitari-contro-la-modifica-della-costituzione\/","name":"I professori universitari contro lo stravolgimento della Costituzione giapponese","isPartOf":{"@id":"https:\/\/www.pressenza.com\/it\/#website"},"primaryImageOfPage":{"@id":"https:\/\/www.pressenza.com\/it\/2015\/09\/i-professori-universitari-contro-la-modifica-della-costituzione\/#primaryimage"},"image":{"@id":"https:\/\/www.pressenza.com\/it\/2015\/09\/i-professori-universitari-contro-la-modifica-della-costituzione\/#primaryimage"},"thumbnailUrl":"https:\/\/www.pressenza.com\/wp-content\/uploads\/2015\/08\/tokyo30-9-15-pace-manifestazione-theta.jpg","datePublished":"2015-09-15T12:50:43+00:00","dateModified":"2015-09-16T07:58:36+00:00","description":"Rompendo il tradizionale riserbo sulle questioni politiche, gli accademici giapponesi stanno svolgendo un ruolo determinante nelle crescenti proteste per","breadcrumb":{"@id":"https:\/\/www.pressenza.com\/it\/2015\/09\/i-professori-universitari-contro-la-modifica-della-costituzione\/#breadcrumb"},"inLanguage":"it-IT","potentialAction":[{"@type":"ReadAction","target":["https:\/\/www.pressenza.com\/it\/2015\/09\/i-professori-universitari-contro-la-modifica-della-costituzione\/"]}]},{"@type":"ImageObject","inLanguage":"it-IT","@id":"https:\/\/www.pressenza.com\/it\/2015\/09\/i-professori-universitari-contro-la-modifica-della-costituzione\/#primaryimage","url":"https:\/\/www.pressenza.com\/wp-content\/uploads\/2015\/08\/tokyo30-9-15-pace-manifestazione-theta.jpg","contentUrl":"https:\/\/www.pressenza.com\/wp-content\/uploads\/2015\/08\/tokyo30-9-15-pace-manifestazione-theta.jpg","width":729,"height":403},{"@type":"BreadcrumbList","@id":"https:\/\/www.pressenza.com\/it\/2015\/09\/i-professori-universitari-contro-la-modifica-della-costituzione\/#breadcrumb","itemListElement":[{"@type":"ListItem","position":1,"name":"Accueil","item":"https:\/\/www.pressenza.com\/it\/"},{"@type":"ListItem","position":2,"name":"I professori universitari contro lo stravolgimento della Costituzione giapponese"}]},{"@type":"WebSite","@id":"https:\/\/www.pressenza.com\/it\/#website","url":"https:\/\/www.pressenza.com\/it\/","name":"Pressenza","description":"Agenzia di Stampa Internazionale","publisher":{"@id":"https:\/\/www.pressenza.com\/it\/#organization"},"potentialAction":[{"@type":"SearchAction","target":{"@type":"EntryPoint","urlTemplate":"https:\/\/www.pressenza.com\/it\/?s={search_term_string}"},"query-input":{"@type":"PropertyValueSpecification","valueRequired":true,"valueName":"search_term_string"}}],"inLanguage":"it-IT"},{"@type":"Organization","@id":"https:\/\/www.pressenza.com\/it\/#organization","name":"Pressenza","url":"https:\/\/www.pressenza.com\/it\/","logo":{"@type":"ImageObject","inLanguage":"it-IT","@id":"https:\/\/www.pressenza.com\/it\/#\/schema\/logo\/image\/","url":"https:\/\/www.pressenza.com\/wp-content\/uploads\/2022\/10\/pressenza_logo_200x200.jpg","contentUrl":"https:\/\/www.pressenza.com\/wp-content\/uploads\/2022\/10\/pressenza_logo_200x200.jpg","width":200,"height":200,"caption":"Pressenza"},"image":{"@id":"https:\/\/www.pressenza.com\/it\/#\/schema\/logo\/image\/"},"sameAs":["https:\/\/www.facebook.com\/PressenzaItalia","https:\/\/x.com\/PressenzaIPA"]},{"@type":"Person","@id":"https:\/\/www.pressenza.com\/it\/#\/schema\/person\/d983e81827ae24f2c7b1a2123d197f8d","name":"Redazione Italia","description":"News from the Pressenza Bureau in Italy","sameAs":["https:\/\/www.pressenza.com\/it\/author\/redazione-italia\/","https:\/\/www.facebook.com\/PressenzaItalia","https:\/\/www.instagram.com\/pressenza_italia\/","https:\/\/x.com\/pressenza_it","https:\/\/www.youtube.com\/channel\/UCSalEIWjE1RSxkwjfftFuqg"],"url":"https:\/\/www.pressenza.com\/it\/author\/redazione-italia\/"}]}},"place":"","original_article_url":"","_links":{"self":[{"href":"https:\/\/www.pressenza.com\/it\/wp-json\/wp\/v2\/posts\/222317","targetHints":{"allow":["GET"]}}],"collection":[{"href":"https:\/\/www.pressenza.com\/it\/wp-json\/wp\/v2\/posts"}],"about":[{"href":"https:\/\/www.pressenza.com\/it\/wp-json\/wp\/v2\/types\/post"}],"author":[{"embeddable":true,"href":"https:\/\/www.pressenza.com\/it\/wp-json\/wp\/v2\/users\/594"}],"replies":[{"embeddable":true,"href":"https:\/\/www.pressenza.com\/it\/wp-json\/wp\/v2\/comments?post=222317"}],"version-history":[{"count":0,"href":"https:\/\/www.pressenza.com\/it\/wp-json\/wp\/v2\/posts\/222317\/revisions"}],"wp:featuredmedia":[{"embeddable":true,"href":"https:\/\/www.pressenza.com\/it\/wp-json\/wp\/v2\/media\/215728"}],"wp:attachment":[{"href":"https:\/\/www.pressenza.com\/it\/wp-json\/wp\/v2\/media?parent=222317"}],"wp:term":[{"taxonomy":"category","embeddable":true,"href":"https:\/\/www.pressenza.com\/it\/wp-json\/wp\/v2\/categories?post=222317"},{"taxonomy":"post_tag","embeddable":true,"href":"https:\/\/www.pressenza.com\/it\/wp-json\/wp\/v2\/tags?post=222317"}],"curies":[{"name":"wp","href":"https:\/\/api.w.org\/{rel}","templated":true}]}}