{"id":219987,"date":"2015-09-11T16:54:03","date_gmt":"2015-09-11T15:54:03","guid":{"rendered":"http:\/\/www.pressenza.com\/it\/?p=219987"},"modified":"2015-09-11T16:54:13","modified_gmt":"2015-09-11T15:54:13","slug":"greenpeace-si-allea-con-gli-indigeni-kaapor-per-difendere-la-foresta-amazzonica-con-la-tecnologia","status":"publish","type":"post","link":"https:\/\/www.pressenza.com\/it\/2015\/09\/greenpeace-si-allea-con-gli-indigeni-kaapor-per-difendere-la-foresta-amazzonica-con-la-tecnologia\/","title":{"rendered":"Greenpeace si allea con gli indigeni Ka\u2019apor per difendere la foresta amazzonica con la tecnologia"},"content":{"rendered":"<p>10 settembre 2015 \u2013 Gli attivisti di Greenpeace Brasile hanno risposto alla richiesta di aiuto del popolo indigeno dei Ka\u2019apor e stanno lavorando al loro fianco per monitorare e proteggere dalla deforestazione illegale le terre della riserva indigena dell&#8217;Alto Turia\u00e7u nello stato di Maranh\u00e3o.<\/p>\n<p>La scorsa settimana gli attivisti di Greenpeace hanno affiancato i Ka\u2019apor in un accurato lavoro di mappatura della foresta, installando telecamere dotate di sensori termici e di movimento per documentare la sistematica e illegittima invasione della riserva perpetrata dalla mafia del legno. I Ka&#8217;apor potranno inoltre disporre di GPS per monitorare il passaggio dei camion usati dai taglialegna per attraversare le aree forestali dell\u2019Alto Turia\u00e7u.<\/p>\n<p>\u00abAbbiamo deciso di intervenire perch\u00e9 la foresta \u00e8 la nostra casa. La foresta ci assicura la vita stessa. Senza la foresta, noi non saremmo i Ka&#8217;apor: il nostro nome significa infatti \u201cAbitanti della foresta\u201d. Per questo dobbiamo difenderla a ogni costo\u00bb, afferma uno dei leader della comunit\u00e0 Ka&#8217;apor, che ha chiesto di restare anonimo per motivi di sicurezza.<\/p>\n<p>Il Territorio Indigeno dell&#8217;Alto Turia\u00e7u \u00e8 uno degli ultimi tratti di foresta amazzonica nello stato del Maranh\u00e3o, ma \u00e8 sempre pi\u00f9 vulnerabile a causa delle invasioni dei taglialegna e dei cacciatori. Secondo i dati ufficiali del DEGRAD (il sistema di mappatura dell&#8217;Istituto Nazionale di Ricerca Spaziale che misura il degrado delle foreste in Amazzonia), tra il 2007 e il 2013 ben 5.733 ettari di foresta dell\u2019Alto Turia\u00e7u hanno subito un serio degrado per colpa della deforestazione illegale. Alla fine del 2014, l\u20198 per cento della foresta all&#8217;interno del terre indigene (circa 41 mila ettari) risultava disboscato.<\/p>\n<p>La mafia del legno si fa strada nei territori indigeni alla ricerca di specie di legno pregiate come l\u2019Ip\u00e9, che una volta lavorato ed esportato pu\u00f2 essere venduto a un prezzo che arriva a 1.300 euro per metro cubo. Dal 2008 i Ka&#8217;apor chiedono pubblicamente al governo brasiliano di prendere provvedimenti contro queste attivit\u00e0 illegali che sono spesso causa di violenze e perfino di omicidi.<\/p>\n<p>Secondo i dati del Consiglio Missionario Indigeno (CIMI), negli ultimi quattro anni sono stati uccisi quattro Ka&#8217;apor, mentre quindici leader hanno subito attacchi violenti. L\u2019ultimo omicidio \u00e8 avvenuto lo scorso 26 aprile, quando \u00e8 stato assassinato Eus\u00e9bio Ka&#8217;apor, uno dei leader pi\u00f9 attivi nella lotta contro la deforestazione. Un caso su cui le autorit\u00e0 competenti non hanno ancora svolto indagini adeguate, malgrado le evidenze di collegamenti tra gli assassini e il taglio illegale del legno.<\/p>\n<p>\u00abLe tecnologie GPS aiuteranno i Ka&#8217;apor a sorvegliare in modo autonomo la foresta e a proteggere le loro terre. Ma saranno utili anche per fornire ulteriori prove a sostegno della necessit\u00e0 di un intervento concreto da parte delle autorit\u00e0 per porre fine alle violenze provocate dal taglio selvaggio e illegale perpetrato in questa regione\u00bb, commenta Martina Borghi, Campagna Foreste di Greenpeace Italia. \u00abFinora il popolo Ka&#8217;apor ha potuto contare solo sulle proprie risorse per difendere il territorio e la sua stessa sopravvivenza. Noi abbiamo offerto supporto tecnologico, ma purtroppo ancora non basta.\u00a0 \u00c8 necessario che il governo brasiliano protegga il popolo Ka&#8217;apor, garantendogli i diritti fondamentali\u00bb.<\/p>\n<p>Greenpeace chiede agli operatori del mercato internazionale del legno di esigere dai loro fornitori brasiliani ulteriori garanzie, oltre ai documenti ufficiali, per assicurarsi che il legname proveniente dall\u2019Amazzonia non derivi dal contrabbando nelle terre indigene. Il governo brasiliano deve inoltre rivedere tutti i piani di gestione forestale approvati dal 2006 in Amazzonia come primo passo per porre fine alla deforestazione illegale, assicurando al tempo stesso piena ed effettiva protezione di tutti i territori indigeni.<\/p>\n","protected":false},"excerpt":{"rendered":"<p>10 settembre 2015 \u2013 Gli attivisti di Greenpeace Brasile hanno risposto alla richiesta di aiuto del popolo indigeno dei Ka\u2019apor e stanno lavorando al loro fianco per monitorare e proteggere dalla deforestazione illegale le terre della riserva indigena dell&#8217;Alto Turia\u00e7u&hellip;<\/p>\n","protected":false},"author":618,"featured_media":219997,"comment_status":"closed","ping_status":"open","sticky":false,"template":"","format":"standard","meta":{"footnotes":""},"categories":[150,61,48],"tags":[19857,3993,19856],"class_list":["post-219987","post","type-post","status-publish","format-standard","has-post-thumbnail","hentry","category-comunicati-stampa","category-popoli-aborigeni","category-sud-america","tag-alto-turiacu","tag-brasile","tag-kaapor"],"yoast_head":"<!-- This site is optimized with the Yoast SEO plugin v27.1.1 - https:\/\/yoast.com\/product\/yoast-seo-wordpress\/ -->\n<title>Greenpeace si allea con gli indigeni Ka\u2019apor per difendere la foresta amazzonica con la tecnologia<\/title>\n<meta name=\"description\" content=\"10 settembre 2015 \u2013 Gli attivisti di Greenpeace Brasile hanno risposto alla richiesta di aiuto del popolo indigeno dei Ka\u2019apor e stanno lavorando al loro\" \/>\n<meta name=\"robots\" content=\"index, follow, max-snippet:-1, max-image-preview:large, max-video-preview:-1\" \/>\n<link rel=\"canonical\" href=\"https:\/\/www.pressenza.com\/it\/2015\/09\/greenpeace-si-allea-con-gli-indigeni-kaapor-per-difendere-la-foresta-amazzonica-con-la-tecnologia\/\" \/>\n<meta property=\"og:locale\" content=\"it_IT\" \/>\n<meta property=\"og:type\" content=\"article\" \/>\n<meta property=\"og:title\" content=\"Greenpeace si allea con gli indigeni Ka\u2019apor per difendere la foresta amazzonica con la tecnologia\" \/>\n<meta property=\"og:description\" content=\"10 settembre 2015 \u2013 Gli attivisti di Greenpeace Brasile hanno risposto alla richiesta di aiuto del popolo indigeno dei Ka\u2019apor e stanno lavorando al loro\" \/>\n<meta property=\"og:url\" content=\"https:\/\/www.pressenza.com\/it\/2015\/09\/greenpeace-si-allea-con-gli-indigeni-kaapor-per-difendere-la-foresta-amazzonica-con-la-tecnologia\/\" \/>\n<meta property=\"og:site_name\" content=\"Pressenza\" \/>\n<meta property=\"article:publisher\" content=\"https:\/\/www.facebook.com\/PressenzaItalia\" \/>\n<meta property=\"article:author\" content=\"https:\/\/www.facebook.com\/GreenpeaceItalia\/\" \/>\n<meta property=\"article:published_time\" content=\"2015-09-11T15:54:03+00:00\" \/>\n<meta property=\"article:modified_time\" content=\"2015-09-11T15:54:13+00:00\" \/>\n<meta property=\"og:image\" content=\"https:\/\/www.pressenza.com\/wp-content\/uploads\/2015\/09\/GP0STPB86_Web_size.jpg\" \/>\n\t<meta property=\"og:image:width\" content=\"800\" \/>\n\t<meta property=\"og:image:height\" content=\"534\" \/>\n\t<meta property=\"og:image:type\" content=\"image\/jpeg\" \/>\n<meta name=\"author\" content=\"Greenpeace Italia\" \/>\n<meta name=\"twitter:card\" content=\"summary_large_image\" \/>\n<meta name=\"twitter:creator\" content=\"@PressenzaIPA\" \/>\n<meta name=\"twitter:site\" content=\"@PressenzaIPA\" \/>\n<meta name=\"twitter:label1\" content=\"Scritto da\" \/>\n\t<meta name=\"twitter:data1\" content=\"Greenpeace Italia\" \/>\n\t<meta name=\"twitter:label2\" content=\"Tempo di lettura stimato\" \/>\n\t<meta name=\"twitter:data2\" content=\"3 minuti\" \/>\n<script type=\"application\/ld+json\" class=\"yoast-schema-graph\">{\"@context\":\"https:\/\/schema.org\",\"@graph\":[{\"@type\":\"Article\",\"@id\":\"https:\/\/www.pressenza.com\/it\/2015\/09\/greenpeace-si-allea-con-gli-indigeni-kaapor-per-difendere-la-foresta-amazzonica-con-la-tecnologia\/#article\",\"isPartOf\":{\"@id\":\"https:\/\/www.pressenza.com\/it\/2015\/09\/greenpeace-si-allea-con-gli-indigeni-kaapor-per-difendere-la-foresta-amazzonica-con-la-tecnologia\/\"},\"author\":{\"name\":\"Greenpeace Italia\",\"@id\":\"https:\/\/www.pressenza.com\/it\/#\/schema\/person\/2b5e1aef56a92e7fcda4ef0db68c28f0\"},\"headline\":\"Greenpeace si allea con gli indigeni Ka\u2019apor per difendere la foresta amazzonica con la tecnologia\",\"datePublished\":\"2015-09-11T15:54:03+00:00\",\"dateModified\":\"2015-09-11T15:54:13+00:00\",\"mainEntityOfPage\":{\"@id\":\"https:\/\/www.pressenza.com\/it\/2015\/09\/greenpeace-si-allea-con-gli-indigeni-kaapor-per-difendere-la-foresta-amazzonica-con-la-tecnologia\/\"},\"wordCount\":608,\"publisher\":{\"@id\":\"https:\/\/www.pressenza.com\/it\/#organization\"},\"image\":{\"@id\":\"https:\/\/www.pressenza.com\/it\/2015\/09\/greenpeace-si-allea-con-gli-indigeni-kaapor-per-difendere-la-foresta-amazzonica-con-la-tecnologia\/#primaryimage\"},\"thumbnailUrl\":\"https:\/\/www.pressenza.com\/wp-content\/uploads\/2015\/09\/GP0STPB86_Web_size.jpg\",\"keywords\":[\"Alto Turia\u00e7u\",\"Brasile\",\"Ka'apor\"],\"articleSection\":[\"Comunicati Stampa\",\"Popoli originari\",\"Sud America\"],\"inLanguage\":\"it-IT\"},{\"@type\":\"WebPage\",\"@id\":\"https:\/\/www.pressenza.com\/it\/2015\/09\/greenpeace-si-allea-con-gli-indigeni-kaapor-per-difendere-la-foresta-amazzonica-con-la-tecnologia\/\",\"url\":\"https:\/\/www.pressenza.com\/it\/2015\/09\/greenpeace-si-allea-con-gli-indigeni-kaapor-per-difendere-la-foresta-amazzonica-con-la-tecnologia\/\",\"name\":\"Greenpeace si allea con gli indigeni Ka\u2019apor per difendere la foresta amazzonica con la tecnologia\",\"isPartOf\":{\"@id\":\"https:\/\/www.pressenza.com\/it\/#website\"},\"primaryImageOfPage\":{\"@id\":\"https:\/\/www.pressenza.com\/it\/2015\/09\/greenpeace-si-allea-con-gli-indigeni-kaapor-per-difendere-la-foresta-amazzonica-con-la-tecnologia\/#primaryimage\"},\"image\":{\"@id\":\"https:\/\/www.pressenza.com\/it\/2015\/09\/greenpeace-si-allea-con-gli-indigeni-kaapor-per-difendere-la-foresta-amazzonica-con-la-tecnologia\/#primaryimage\"},\"thumbnailUrl\":\"https:\/\/www.pressenza.com\/wp-content\/uploads\/2015\/09\/GP0STPB86_Web_size.jpg\",\"datePublished\":\"2015-09-11T15:54:03+00:00\",\"dateModified\":\"2015-09-11T15:54:13+00:00\",\"description\":\"10 settembre 2015 \u2013 Gli attivisti di Greenpeace Brasile hanno risposto alla richiesta di aiuto del popolo indigeno dei Ka\u2019apor e stanno lavorando al loro\",\"breadcrumb\":{\"@id\":\"https:\/\/www.pressenza.com\/it\/2015\/09\/greenpeace-si-allea-con-gli-indigeni-kaapor-per-difendere-la-foresta-amazzonica-con-la-tecnologia\/#breadcrumb\"},\"inLanguage\":\"it-IT\",\"potentialAction\":[{\"@type\":\"ReadAction\",\"target\":[\"https:\/\/www.pressenza.com\/it\/2015\/09\/greenpeace-si-allea-con-gli-indigeni-kaapor-per-difendere-la-foresta-amazzonica-con-la-tecnologia\/\"]}]},{\"@type\":\"ImageObject\",\"inLanguage\":\"it-IT\",\"@id\":\"https:\/\/www.pressenza.com\/it\/2015\/09\/greenpeace-si-allea-con-gli-indigeni-kaapor-per-difendere-la-foresta-amazzonica-con-la-tecnologia\/#primaryimage\",\"url\":\"https:\/\/www.pressenza.com\/wp-content\/uploads\/2015\/09\/GP0STPB86_Web_size.jpg\",\"contentUrl\":\"https:\/\/www.pressenza.com\/wp-content\/uploads\/2015\/09\/GP0STPB86_Web_size.jpg\",\"width\":800,\"height\":534,\"caption\":\"Monitoring post created by the Ka'apor for their independent monitorig system. Between 2013 and 2015, the Ka'apor created 8 monitoring posts in Alto Turiacu indigenous land to control illegal loggers invasion. The Alto Turiacu indigenous land, from the Ka\u0092apor people, spreads around 530 thousand hectares and is one of the last areas of Amazon forest in Maranh\u00e3o state. In the last 25 years, that land has been continuously trespassed by illegal loggers \u0096 a threat not only to the forest itself, but to the Indians, victims of life threats, attempts and murders. Tired of waiting for the Brazilian government to take action even after several reports, the Ka\u0092apor people developed an independent project to monitor and cast out trespassers Posto de vigil\u00e2ncia criado pelos Ka\u0092apor para seu sistema de monitoramento independente. Entre 2013 e 2015, os Ka\u0092apor criaram 8 postos de vigil\u00e2ncia na Alto Turia\u00e7u para proteger seu territ\u00f3rio contra a invas\u00e3o de madeireiros. Distribu\u00edda em cerca de 530 mil hectares, a Terra Ind\u00edgena Alto Turia\u00e7u, do povo Ka\u0092apor, representa uma das \u00faltimas extens\u00f5es de floresta amaz\u00f4nica no Maranh\u00e3o. Nos \u00faltimos 25 anos, esse territ\u00f3rio tem sido continuamente invadido por madeireiros ilegais, que representam n\u00e3o apenas uma amea\u00e7a \u00e0 floresta, mas tamb\u00e9m aos \u00edndios, v\u00edtimas frequentes de amea\u00e7as, assassinatos e atentados contra as suas lideran\u00e7as. Cansados de esperar por uma atitude das autoridades brasileiras depois de in\u00fameras den\u00fancias, os Ka\u0092apor desenvolveram um projeto independente de monitoramento para expulsar os invasores de suas terras. Atendendo a um pedido de ajuda desse povo o Greenpeace auxiliou o povo Ka\u0092apor a agregar a esse sistema de autovigil\u00e2ncia o uso de tecnologias, como rastreadores e trap cams, que poderiam ser implementadas pelos pr\u00f3prios ind\u00edgenas e fornecer evid\u00eancias mais contundentes e pressionar ainda mais o governo brasileiro. Agosto de 2015. Foto: F\u00e1bio Nascimento \/ Greenpeace\"},{\"@type\":\"BreadcrumbList\",\"@id\":\"https:\/\/www.pressenza.com\/it\/2015\/09\/greenpeace-si-allea-con-gli-indigeni-kaapor-per-difendere-la-foresta-amazzonica-con-la-tecnologia\/#breadcrumb\",\"itemListElement\":[{\"@type\":\"ListItem\",\"position\":1,\"name\":\"Accueil\",\"item\":\"https:\/\/www.pressenza.com\/it\/\"},{\"@type\":\"ListItem\",\"position\":2,\"name\":\"Greenpeace si allea con gli indigeni Ka\u2019apor per difendere la foresta amazzonica con la tecnologia\"}]},{\"@type\":\"WebSite\",\"@id\":\"https:\/\/www.pressenza.com\/it\/#website\",\"url\":\"https:\/\/www.pressenza.com\/it\/\",\"name\":\"Pressenza\",\"description\":\"Agenzia di Stampa Internazionale\",\"publisher\":{\"@id\":\"https:\/\/www.pressenza.com\/it\/#organization\"},\"potentialAction\":[{\"@type\":\"SearchAction\",\"target\":{\"@type\":\"EntryPoint\",\"urlTemplate\":\"https:\/\/www.pressenza.com\/it\/?s={search_term_string}\"},\"query-input\":{\"@type\":\"PropertyValueSpecification\",\"valueRequired\":true,\"valueName\":\"search_term_string\"}}],\"inLanguage\":\"it-IT\"},{\"@type\":\"Organization\",\"@id\":\"https:\/\/www.pressenza.com\/it\/#organization\",\"name\":\"Pressenza\",\"url\":\"https:\/\/www.pressenza.com\/it\/\",\"logo\":{\"@type\":\"ImageObject\",\"inLanguage\":\"it-IT\",\"@id\":\"https:\/\/www.pressenza.com\/it\/#\/schema\/logo\/image\/\",\"url\":\"https:\/\/www.pressenza.com\/wp-content\/uploads\/2022\/10\/pressenza_logo_200x200.jpg\",\"contentUrl\":\"https:\/\/www.pressenza.com\/wp-content\/uploads\/2022\/10\/pressenza_logo_200x200.jpg\",\"width\":200,\"height\":200,\"caption\":\"Pressenza\"},\"image\":{\"@id\":\"https:\/\/www.pressenza.com\/it\/#\/schema\/logo\/image\/\"},\"sameAs\":[\"https:\/\/www.facebook.com\/PressenzaItalia\",\"https:\/\/x.com\/PressenzaIPA\"]},{\"@type\":\"Person\",\"@id\":\"https:\/\/www.pressenza.com\/it\/#\/schema\/person\/2b5e1aef56a92e7fcda4ef0db68c28f0\",\"name\":\"Greenpeace Italia\",\"sameAs\":[\"http:\/\/www.greenpeace.it\",\"https:\/\/www.facebook.com\/GreenpeaceItalia\/\"],\"url\":\"https:\/\/www.pressenza.com\/it\/author\/greenpeace-italia\/\"}]}<\/script>\n<!-- \/ Yoast SEO plugin. -->","yoast_head_json":{"title":"Greenpeace si allea con gli indigeni Ka\u2019apor per difendere la foresta amazzonica con la tecnologia","description":"10 settembre 2015 \u2013 Gli attivisti di Greenpeace Brasile hanno risposto alla richiesta di aiuto del popolo indigeno dei Ka\u2019apor e stanno lavorando al loro","robots":{"index":"index","follow":"follow","max-snippet":"max-snippet:-1","max-image-preview":"max-image-preview:large","max-video-preview":"max-video-preview:-1"},"canonical":"https:\/\/www.pressenza.com\/it\/2015\/09\/greenpeace-si-allea-con-gli-indigeni-kaapor-per-difendere-la-foresta-amazzonica-con-la-tecnologia\/","og_locale":"it_IT","og_type":"article","og_title":"Greenpeace si allea con gli indigeni Ka\u2019apor per difendere la foresta amazzonica con la tecnologia","og_description":"10 settembre 2015 \u2013 Gli attivisti di Greenpeace Brasile hanno risposto alla richiesta di aiuto del popolo indigeno dei Ka\u2019apor e stanno lavorando al loro","og_url":"https:\/\/www.pressenza.com\/it\/2015\/09\/greenpeace-si-allea-con-gli-indigeni-kaapor-per-difendere-la-foresta-amazzonica-con-la-tecnologia\/","og_site_name":"Pressenza","article_publisher":"https:\/\/www.facebook.com\/PressenzaItalia","article_author":"https:\/\/www.facebook.com\/GreenpeaceItalia\/","article_published_time":"2015-09-11T15:54:03+00:00","article_modified_time":"2015-09-11T15:54:13+00:00","og_image":[{"width":800,"height":534,"url":"https:\/\/www.pressenza.com\/wp-content\/uploads\/2015\/09\/GP0STPB86_Web_size.jpg","type":"image\/jpeg"}],"author":"Greenpeace Italia","twitter_card":"summary_large_image","twitter_creator":"@PressenzaIPA","twitter_site":"@PressenzaIPA","twitter_misc":{"Scritto da":"Greenpeace Italia","Tempo di lettura stimato":"3 minuti"},"schema":{"@context":"https:\/\/schema.org","@graph":[{"@type":"Article","@id":"https:\/\/www.pressenza.com\/it\/2015\/09\/greenpeace-si-allea-con-gli-indigeni-kaapor-per-difendere-la-foresta-amazzonica-con-la-tecnologia\/#article","isPartOf":{"@id":"https:\/\/www.pressenza.com\/it\/2015\/09\/greenpeace-si-allea-con-gli-indigeni-kaapor-per-difendere-la-foresta-amazzonica-con-la-tecnologia\/"},"author":{"name":"Greenpeace Italia","@id":"https:\/\/www.pressenza.com\/it\/#\/schema\/person\/2b5e1aef56a92e7fcda4ef0db68c28f0"},"headline":"Greenpeace si allea con gli indigeni Ka\u2019apor per difendere la foresta amazzonica con la tecnologia","datePublished":"2015-09-11T15:54:03+00:00","dateModified":"2015-09-11T15:54:13+00:00","mainEntityOfPage":{"@id":"https:\/\/www.pressenza.com\/it\/2015\/09\/greenpeace-si-allea-con-gli-indigeni-kaapor-per-difendere-la-foresta-amazzonica-con-la-tecnologia\/"},"wordCount":608,"publisher":{"@id":"https:\/\/www.pressenza.com\/it\/#organization"},"image":{"@id":"https:\/\/www.pressenza.com\/it\/2015\/09\/greenpeace-si-allea-con-gli-indigeni-kaapor-per-difendere-la-foresta-amazzonica-con-la-tecnologia\/#primaryimage"},"thumbnailUrl":"https:\/\/www.pressenza.com\/wp-content\/uploads\/2015\/09\/GP0STPB86_Web_size.jpg","keywords":["Alto Turia\u00e7u","Brasile","Ka'apor"],"articleSection":["Comunicati Stampa","Popoli originari","Sud America"],"inLanguage":"it-IT"},{"@type":"WebPage","@id":"https:\/\/www.pressenza.com\/it\/2015\/09\/greenpeace-si-allea-con-gli-indigeni-kaapor-per-difendere-la-foresta-amazzonica-con-la-tecnologia\/","url":"https:\/\/www.pressenza.com\/it\/2015\/09\/greenpeace-si-allea-con-gli-indigeni-kaapor-per-difendere-la-foresta-amazzonica-con-la-tecnologia\/","name":"Greenpeace si allea con gli indigeni Ka\u2019apor per difendere la foresta amazzonica con la tecnologia","isPartOf":{"@id":"https:\/\/www.pressenza.com\/it\/#website"},"primaryImageOfPage":{"@id":"https:\/\/www.pressenza.com\/it\/2015\/09\/greenpeace-si-allea-con-gli-indigeni-kaapor-per-difendere-la-foresta-amazzonica-con-la-tecnologia\/#primaryimage"},"image":{"@id":"https:\/\/www.pressenza.com\/it\/2015\/09\/greenpeace-si-allea-con-gli-indigeni-kaapor-per-difendere-la-foresta-amazzonica-con-la-tecnologia\/#primaryimage"},"thumbnailUrl":"https:\/\/www.pressenza.com\/wp-content\/uploads\/2015\/09\/GP0STPB86_Web_size.jpg","datePublished":"2015-09-11T15:54:03+00:00","dateModified":"2015-09-11T15:54:13+00:00","description":"10 settembre 2015 \u2013 Gli attivisti di Greenpeace Brasile hanno risposto alla richiesta di aiuto del popolo indigeno dei Ka\u2019apor e stanno lavorando al loro","breadcrumb":{"@id":"https:\/\/www.pressenza.com\/it\/2015\/09\/greenpeace-si-allea-con-gli-indigeni-kaapor-per-difendere-la-foresta-amazzonica-con-la-tecnologia\/#breadcrumb"},"inLanguage":"it-IT","potentialAction":[{"@type":"ReadAction","target":["https:\/\/www.pressenza.com\/it\/2015\/09\/greenpeace-si-allea-con-gli-indigeni-kaapor-per-difendere-la-foresta-amazzonica-con-la-tecnologia\/"]}]},{"@type":"ImageObject","inLanguage":"it-IT","@id":"https:\/\/www.pressenza.com\/it\/2015\/09\/greenpeace-si-allea-con-gli-indigeni-kaapor-per-difendere-la-foresta-amazzonica-con-la-tecnologia\/#primaryimage","url":"https:\/\/www.pressenza.com\/wp-content\/uploads\/2015\/09\/GP0STPB86_Web_size.jpg","contentUrl":"https:\/\/www.pressenza.com\/wp-content\/uploads\/2015\/09\/GP0STPB86_Web_size.jpg","width":800,"height":534,"caption":"Monitoring post created by the Ka'apor for their independent monitorig system. Between 2013 and 2015, the Ka'apor created 8 monitoring posts in Alto Turiacu indigenous land to control illegal loggers invasion. The Alto Turiacu indigenous land, from the Ka\u0092apor people, spreads around 530 thousand hectares and is one of the last areas of Amazon forest in Maranh\u00e3o state. In the last 25 years, that land has been continuously trespassed by illegal loggers \u0096 a threat not only to the forest itself, but to the Indians, victims of life threats, attempts and murders. Tired of waiting for the Brazilian government to take action even after several reports, the Ka\u0092apor people developed an independent project to monitor and cast out trespassers Posto de vigil\u00e2ncia criado pelos Ka\u0092apor para seu sistema de monitoramento independente. Entre 2013 e 2015, os Ka\u0092apor criaram 8 postos de vigil\u00e2ncia na Alto Turia\u00e7u para proteger seu territ\u00f3rio contra a invas\u00e3o de madeireiros. Distribu\u00edda em cerca de 530 mil hectares, a Terra Ind\u00edgena Alto Turia\u00e7u, do povo Ka\u0092apor, representa uma das \u00faltimas extens\u00f5es de floresta amaz\u00f4nica no Maranh\u00e3o. Nos \u00faltimos 25 anos, esse territ\u00f3rio tem sido continuamente invadido por madeireiros ilegais, que representam n\u00e3o apenas uma amea\u00e7a \u00e0 floresta, mas tamb\u00e9m aos \u00edndios, v\u00edtimas frequentes de amea\u00e7as, assassinatos e atentados contra as suas lideran\u00e7as. Cansados de esperar por uma atitude das autoridades brasileiras depois de in\u00fameras den\u00fancias, os Ka\u0092apor desenvolveram um projeto independente de monitoramento para expulsar os invasores de suas terras. Atendendo a um pedido de ajuda desse povo o Greenpeace auxiliou o povo Ka\u0092apor a agregar a esse sistema de autovigil\u00e2ncia o uso de tecnologias, como rastreadores e trap cams, que poderiam ser implementadas pelos pr\u00f3prios ind\u00edgenas e fornecer evid\u00eancias mais contundentes e pressionar ainda mais o governo brasileiro. Agosto de 2015. Foto: F\u00e1bio Nascimento \/ Greenpeace"},{"@type":"BreadcrumbList","@id":"https:\/\/www.pressenza.com\/it\/2015\/09\/greenpeace-si-allea-con-gli-indigeni-kaapor-per-difendere-la-foresta-amazzonica-con-la-tecnologia\/#breadcrumb","itemListElement":[{"@type":"ListItem","position":1,"name":"Accueil","item":"https:\/\/www.pressenza.com\/it\/"},{"@type":"ListItem","position":2,"name":"Greenpeace si allea con gli indigeni Ka\u2019apor per difendere la foresta amazzonica con la tecnologia"}]},{"@type":"WebSite","@id":"https:\/\/www.pressenza.com\/it\/#website","url":"https:\/\/www.pressenza.com\/it\/","name":"Pressenza","description":"Agenzia di Stampa Internazionale","publisher":{"@id":"https:\/\/www.pressenza.com\/it\/#organization"},"potentialAction":[{"@type":"SearchAction","target":{"@type":"EntryPoint","urlTemplate":"https:\/\/www.pressenza.com\/it\/?s={search_term_string}"},"query-input":{"@type":"PropertyValueSpecification","valueRequired":true,"valueName":"search_term_string"}}],"inLanguage":"it-IT"},{"@type":"Organization","@id":"https:\/\/www.pressenza.com\/it\/#organization","name":"Pressenza","url":"https:\/\/www.pressenza.com\/it\/","logo":{"@type":"ImageObject","inLanguage":"it-IT","@id":"https:\/\/www.pressenza.com\/it\/#\/schema\/logo\/image\/","url":"https:\/\/www.pressenza.com\/wp-content\/uploads\/2022\/10\/pressenza_logo_200x200.jpg","contentUrl":"https:\/\/www.pressenza.com\/wp-content\/uploads\/2022\/10\/pressenza_logo_200x200.jpg","width":200,"height":200,"caption":"Pressenza"},"image":{"@id":"https:\/\/www.pressenza.com\/it\/#\/schema\/logo\/image\/"},"sameAs":["https:\/\/www.facebook.com\/PressenzaItalia","https:\/\/x.com\/PressenzaIPA"]},{"@type":"Person","@id":"https:\/\/www.pressenza.com\/it\/#\/schema\/person\/2b5e1aef56a92e7fcda4ef0db68c28f0","name":"Greenpeace Italia","sameAs":["http:\/\/www.greenpeace.it","https:\/\/www.facebook.com\/GreenpeaceItalia\/"],"url":"https:\/\/www.pressenza.com\/it\/author\/greenpeace-italia\/"}]}},"place":"Manaus, Brasile","original_article_url":"","_links":{"self":[{"href":"https:\/\/www.pressenza.com\/it\/wp-json\/wp\/v2\/posts\/219987","targetHints":{"allow":["GET"]}}],"collection":[{"href":"https:\/\/www.pressenza.com\/it\/wp-json\/wp\/v2\/posts"}],"about":[{"href":"https:\/\/www.pressenza.com\/it\/wp-json\/wp\/v2\/types\/post"}],"author":[{"embeddable":true,"href":"https:\/\/www.pressenza.com\/it\/wp-json\/wp\/v2\/users\/618"}],"replies":[{"embeddable":true,"href":"https:\/\/www.pressenza.com\/it\/wp-json\/wp\/v2\/comments?post=219987"}],"version-history":[{"count":0,"href":"https:\/\/www.pressenza.com\/it\/wp-json\/wp\/v2\/posts\/219987\/revisions"}],"wp:featuredmedia":[{"embeddable":true,"href":"https:\/\/www.pressenza.com\/it\/wp-json\/wp\/v2\/media\/219997"}],"wp:attachment":[{"href":"https:\/\/www.pressenza.com\/it\/wp-json\/wp\/v2\/media?parent=219987"}],"wp:term":[{"taxonomy":"category","embeddable":true,"href":"https:\/\/www.pressenza.com\/it\/wp-json\/wp\/v2\/categories?post=219987"},{"taxonomy":"post_tag","embeddable":true,"href":"https:\/\/www.pressenza.com\/it\/wp-json\/wp\/v2\/tags?post=219987"}],"curies":[{"name":"wp","href":"https:\/\/api.w.org\/{rel}","templated":true}]}}