{"id":2154,"date":"2009-11-10T00:00:00","date_gmt":"2009-11-10T00:00:00","guid":{"rendered":""},"modified":"2018-11-25T19:02:20","modified_gmt":"2018-11-25T19:02:20","slug":"decimo-summit-mondiale-dei-premi-nobel-per-la-pacex-xfacendo-lximpossibilex","status":"publish","type":"post","link":"https:\/\/www.pressenza.com\/it\/2009\/11\/decimo-summit-mondiale-dei-premi-nobel-per-la-pacex-xfacendo-lximpossibilex\/","title":{"rendered":"Decimo Summit Mondiale dei Premi Nobel per la Pace: \u2018Facendo l&#8217;impossibile\u2019"},"content":{"rendered":"<p>In occasione del XX\u00b0 anniversario della caduta del muro di Berlino, si sta svolgendo in questi giorni nella capitale tedesca il Decimo Summit Mondiale dei Premi Nobel per la Pace. L&#8217;evento, con lo slogan &#8216;Abbattendo nuovi muri, per un mondo senza violenza&#8217;, ha riunito Mikhil Gorbachev, Lech Walesa, F.W. De Klerk, Mairead Maguire, Muhammad Yunus tra gli altri premiati.<\/p>\n<p>Oggi, Marted\u00ec 10 novembre, ha aperto la giornata inaugurale il sindaco di Berlino -Klaus Wowereit- sottolineando tutto ci\u00f2 che \u00e8 stato fatto dalla caduta del muro, ma anche tutto ci\u00f2 che resta da fare.<\/p>\n<p>Subito dopo, Mikhael Gorbachev, Presidente del Summit, ha fatto riferimento al &#8220;muro invisibile&#8221; che separa l&#8217;Europa dalla Russia, sottolinenando il fatto che &#8220;siamo parte della Grande Europa Unita. Ma ancora esiste un timore verso la Russia; questo deve cambiare&#8230; Dopo la caduta del muro si \u00e8 radicata un&#8217;illusione di vittoria in Occidente, questo \u00e8 un errore che abbiamo pagato tutti&#8221;.<\/p>\n<p>Lech Walesa, ex Presidente della Polonia e leader del sindacato polacco Solidariet\u00e0, che tanto contribu\u00ec alla caduta del socialismo, ha espresso, nel suo discorso, che &#8220;\u00e8 difficile costruire un mondo basato sulle mezze verit\u00e0&#8230; Se le cose non cambieranno in futuro, avremo bisogno di nuovi maestri che ci aiutino a trovare la verit\u00e0. Quando noi portammo avanti la nostra lotta, la vittoria arriv\u00f2 perch\u00e9 lo facemmo appoggiandoci sui nostri valori. Questo \u00e8 qualcosa che non devono dimenticare le nuove generazioni&#8221;.<\/p>\n<p>Pi\u00f9 tardi, F. W. De Klerk, ex Presidente della Repubblica del Sudafrica, ha parlato nel suo discorso al rapporto di Stoccolma, in cui si mette in risalto che dei 27 conflitti che ci sono attualmente nel mondo, 25 sono dovuti a scontri etnici e culturali all&#8217;interno dello stesso paese. Risolvere tali conflitti \u00e8 una delle maggiori sfide con cui deve fare i conti l&#8217;umanit\u00e0 -ha detto De Klerk- perch\u00e9 quando si forza l&#8217;integrazione delle minoranze nelle maggioranze, questo produce alienazione e genera violenza. Ha sottolineato inoltre il grande cambiamento del mondo, che molto ha a che vedere con l&#8217;accelerazione che comporta la globalizzazione, e come gli avvenimenti che accadono in una parte del mondo possono condizionare ci\u00f2 che accade da un&#8217;altra parte. &#8220;Viviamo in un mondo multipolare e non bipolare come 20 anni fa&#8221;, ha detto, e ha concluso spiegando come anche la caduta del muro ha aiutato il Sudafrica per costruire ponti.<\/p>\n<p>Da parte sua, Muhammad Yunus, creatore della cosiddetta Banca dei Poveri in Bangladesh, ha proposto come punto di partenza L&#8217;IMPOSSIBILE e ha fatto riferimento a come, per esempio, nel 1989 nessuno si immaginava la caduta del muro; nessuno immaginava internet, i telefoni cellulari, il computer portatile&#8230; e oggi allo stesso modo nessuno pu\u00f2 immaginare i muri che cadranno nella nostra vita. Con molta speranza ha per\u00f2 manifestato &#8220;Andiamo verso l&#8217;impossibile, perch\u00e9 l&#8217;impossibile \u00e8 realizzabile&#8221;.<\/p>\n<p>Mairead Maguire, che ha ootenuto il Premio Nobel per la sua mediazione tra protestanti e cattolici in Irlanda del Nord, in risposta a una domanda sulla necessit\u00e0 di nuove istituzioni per affrontare i cambiamenti, ha detto &#8220;non importa come e quanti cambiamenti si facciano nelle istituzioni, se non cambia la nostra mentalit\u00e0, non cambieremo niente&#8221;.<br \/>\nHa poi sottolineato la presenza di una nuova coscienza che cerca una societ\u00e0 nonviolenta, che rifiuta un mondo che insegna ai giovani a uccidere, che lascia che i bambini muoiano di fame e che distrugge il pianeta.<\/p>\n<p>Hanno chiuso l&#8217;evento di apertura di questo Summit gli inteventi di Walter Veltroni, ex Sindaco di Roma e Copresidente del Summit; Jos\u00e9 Manuel Durao Barroso, Presidente della Comissione Europea, e Ahmed Kathrada, a nome di Nelson Mandela.<\/p>\n<p>Domani continuer\u00e0 il Summit con l&#8217;incontro con il Gruppo Base della Marcia Mondiale per la Pace e la Nonviolenza, a cui verr\u00e0 consegnata la &#8220;Carta per un Mondo senza Violenza&#8221;, con l&#8217;obiettivo che la diffonda e ne chieda l&#8217;adesione a dirigenti, istituzioni, ecc. di tutti i paesi per cui passer\u00e0 il gruppo stesso nel suo percorso.<\/p>\n<p>Di fronte alla sessione plenaria, alle 9 di mattina, Mario Rodriguez Cobos -conosciuto come Silo- Pensatore dell&#8217;Umanesimo Universalista e ispiratore di questa Marcia, parler\u00e0 delle ragioni profonde della Marcia Mondiale per la Pace e la Nonviolenza.<\/p>\n","protected":false},"excerpt":{"rendered":"<p>In occasione del XX anniversario della caduta del muro di Berlino, si celebra nella capitale tedesca il Decimo Summit Mondiale dei Premi Nobel per la Pace. Con lo slogan &#8216;Abbattendo nuovi muri, per un mondo senza violenza&#8217;, nella sessione inaugurale, gli oratori hanno parlato di tutto ci\u00f2 che resta da fare per eliminare i &#8216;muri&#8217; che esistono oggi.<\/p>\n","protected":false},"author":19,"featured_media":0,"comment_status":"closed","ping_status":"open","sticky":false,"template":"","format":"standard","meta":{"footnotes":""},"categories":[56,47,38],"tags":[3491,2791],"class_list":["post-2154","post","type-post","status-publish","format-standard","hentry","category-cultura","category-europa","category-internazionale","tag-marcia-mondiale-per-la-pace-e-la-nonviolenza","tag-silo-it"],"yoast_head":"<!-- This site is optimized with the Yoast SEO plugin v27.1.1 - https:\/\/yoast.com\/product\/yoast-seo-wordpress\/ -->\n<title>Decimo Summit Mondiale dei Premi Nobel per la Pace: \u2018Facendo l&#039;impossibile\u2019<\/title>\n<meta name=\"description\" content=\"In occasione del XX anniversario della caduta del muro di Berlino, si celebra nella capitale tedesca il Decimo Summit Mondiale dei Premi Nobel per la Pace. Con lo slogan &#039;Abbattendo nuovi muri, per un mondo senza violenza&#039;, nella sessione inaugurale, gli oratori hanno parlato di tutto ci\u00f2 che resta da fare per eliminare i &#039;muri&#039; che esistono oggi.\" \/>\n<meta name=\"robots\" content=\"index, follow, max-snippet:-1, max-image-preview:large, max-video-preview:-1\" \/>\n<link rel=\"canonical\" href=\"https:\/\/www.pressenza.com\/it\/2009\/11\/decimo-summit-mondiale-dei-premi-nobel-per-la-pacex-xfacendo-lximpossibilex\/\" \/>\n<meta property=\"og:locale\" content=\"it_IT\" \/>\n<meta property=\"og:type\" content=\"article\" \/>\n<meta property=\"og:title\" content=\"Decimo Summit Mondiale dei Premi Nobel per la Pace: \u2018Facendo l&#039;impossibile\u2019\" \/>\n<meta property=\"og:description\" content=\"In occasione del XX anniversario della caduta del muro di Berlino, si celebra nella capitale tedesca il Decimo Summit Mondiale dei Premi Nobel per la Pace. Con lo slogan &#039;Abbattendo nuovi muri, per un mondo senza violenza&#039;, nella sessione inaugurale, gli oratori hanno parlato di tutto ci\u00f2 che resta da fare per eliminare i &#039;muri&#039; che esistono oggi.\" \/>\n<meta property=\"og:url\" content=\"https:\/\/www.pressenza.com\/it\/2009\/11\/decimo-summit-mondiale-dei-premi-nobel-per-la-pacex-xfacendo-lximpossibilex\/\" \/>\n<meta property=\"og:site_name\" content=\"Pressenza\" \/>\n<meta property=\"article:publisher\" content=\"https:\/\/www.facebook.com\/PressenzaItalia\" \/>\n<meta property=\"article:author\" content=\"https:\/\/www.facebook.com\/pressenza\" \/>\n<meta property=\"article:published_time\" content=\"2009-11-10T00:00:00+00:00\" \/>\n<meta property=\"article:modified_time\" content=\"2018-11-25T19:02:20+00:00\" \/>\n<meta name=\"author\" content=\"Pressenza IPA\" \/>\n<meta name=\"twitter:card\" content=\"summary_large_image\" \/>\n<meta name=\"twitter:creator\" content=\"@PressenzaIPA\" \/>\n<meta name=\"twitter:site\" content=\"@PressenzaIPA\" \/>\n<meta name=\"twitter:label1\" content=\"Scritto da\" \/>\n\t<meta name=\"twitter:data1\" content=\"Pressenza IPA\" \/>\n\t<meta name=\"twitter:label2\" content=\"Tempo di lettura stimato\" \/>\n\t<meta name=\"twitter:data2\" content=\"3 minuti\" \/>\n<script type=\"application\/ld+json\" class=\"yoast-schema-graph\">{\"@context\":\"https:\/\/schema.org\",\"@graph\":[{\"@type\":\"Article\",\"@id\":\"https:\/\/www.pressenza.com\/it\/2009\/11\/decimo-summit-mondiale-dei-premi-nobel-per-la-pacex-xfacendo-lximpossibilex\/#article\",\"isPartOf\":{\"@id\":\"https:\/\/www.pressenza.com\/it\/2009\/11\/decimo-summit-mondiale-dei-premi-nobel-per-la-pacex-xfacendo-lximpossibilex\/\"},\"author\":{\"name\":\"Pressenza IPA\",\"@id\":\"https:\/\/www.pressenza.com\/it\/#\/schema\/person\/010e5d02bcf40965427a1289a4cc8d75\"},\"headline\":\"Decimo Summit Mondiale dei Premi Nobel per la Pace: \u2018Facendo l&#8217;impossibile\u2019\",\"datePublished\":\"2009-11-10T00:00:00+00:00\",\"dateModified\":\"2018-11-25T19:02:20+00:00\",\"mainEntityOfPage\":{\"@id\":\"https:\/\/www.pressenza.com\/it\/2009\/11\/decimo-summit-mondiale-dei-premi-nobel-per-la-pacex-xfacendo-lximpossibilex\/\"},\"wordCount\":697,\"publisher\":{\"@id\":\"https:\/\/www.pressenza.com\/it\/#organization\"},\"keywords\":[\"Marcia Mondiale per la Pace e la Nonviolenza\",\"Silo\"],\"articleSection\":[\"Cultura e Media\",\"Europa\",\"Internazionale\"],\"inLanguage\":\"it-IT\"},{\"@type\":\"WebPage\",\"@id\":\"https:\/\/www.pressenza.com\/it\/2009\/11\/decimo-summit-mondiale-dei-premi-nobel-per-la-pacex-xfacendo-lximpossibilex\/\",\"url\":\"https:\/\/www.pressenza.com\/it\/2009\/11\/decimo-summit-mondiale-dei-premi-nobel-per-la-pacex-xfacendo-lximpossibilex\/\",\"name\":\"Decimo Summit Mondiale dei Premi Nobel per la Pace: \u2018Facendo l'impossibile\u2019\",\"isPartOf\":{\"@id\":\"https:\/\/www.pressenza.com\/it\/#website\"},\"datePublished\":\"2009-11-10T00:00:00+00:00\",\"dateModified\":\"2018-11-25T19:02:20+00:00\",\"description\":\"In occasione del XX anniversario della caduta del muro di Berlino, si celebra nella capitale tedesca il Decimo Summit Mondiale dei Premi Nobel per la Pace. Con lo slogan 'Abbattendo nuovi muri, per un mondo senza violenza', nella sessione inaugurale, gli oratori hanno parlato di tutto ci\u00f2 che resta da fare per eliminare i 'muri' che esistono oggi.\",\"breadcrumb\":{\"@id\":\"https:\/\/www.pressenza.com\/it\/2009\/11\/decimo-summit-mondiale-dei-premi-nobel-per-la-pacex-xfacendo-lximpossibilex\/#breadcrumb\"},\"inLanguage\":\"it-IT\",\"potentialAction\":[{\"@type\":\"ReadAction\",\"target\":[\"https:\/\/www.pressenza.com\/it\/2009\/11\/decimo-summit-mondiale-dei-premi-nobel-per-la-pacex-xfacendo-lximpossibilex\/\"]}]},{\"@type\":\"BreadcrumbList\",\"@id\":\"https:\/\/www.pressenza.com\/it\/2009\/11\/decimo-summit-mondiale-dei-premi-nobel-per-la-pacex-xfacendo-lximpossibilex\/#breadcrumb\",\"itemListElement\":[{\"@type\":\"ListItem\",\"position\":1,\"name\":\"Accueil\",\"item\":\"https:\/\/www.pressenza.com\/it\/\"},{\"@type\":\"ListItem\",\"position\":2,\"name\":\"Decimo Summit Mondiale dei Premi Nobel per la Pace: \u2018Facendo l&#8217;impossibile\u2019\"}]},{\"@type\":\"WebSite\",\"@id\":\"https:\/\/www.pressenza.com\/it\/#website\",\"url\":\"https:\/\/www.pressenza.com\/it\/\",\"name\":\"Pressenza\",\"description\":\"Agenzia di Stampa Internazionale\",\"publisher\":{\"@id\":\"https:\/\/www.pressenza.com\/it\/#organization\"},\"potentialAction\":[{\"@type\":\"SearchAction\",\"target\":{\"@type\":\"EntryPoint\",\"urlTemplate\":\"https:\/\/www.pressenza.com\/it\/?s={search_term_string}\"},\"query-input\":{\"@type\":\"PropertyValueSpecification\",\"valueRequired\":true,\"valueName\":\"search_term_string\"}}],\"inLanguage\":\"it-IT\"},{\"@type\":\"Organization\",\"@id\":\"https:\/\/www.pressenza.com\/it\/#organization\",\"name\":\"Pressenza\",\"url\":\"https:\/\/www.pressenza.com\/it\/\",\"logo\":{\"@type\":\"ImageObject\",\"inLanguage\":\"it-IT\",\"@id\":\"https:\/\/www.pressenza.com\/it\/#\/schema\/logo\/image\/\",\"url\":\"https:\/\/www.pressenza.com\/wp-content\/uploads\/2022\/10\/pressenza_logo_200x200.jpg\",\"contentUrl\":\"https:\/\/www.pressenza.com\/wp-content\/uploads\/2022\/10\/pressenza_logo_200x200.jpg\",\"width\":200,\"height\":200,\"caption\":\"Pressenza\"},\"image\":{\"@id\":\"https:\/\/www.pressenza.com\/it\/#\/schema\/logo\/image\/\"},\"sameAs\":[\"https:\/\/www.facebook.com\/PressenzaItalia\",\"https:\/\/x.com\/PressenzaIPA\"]},{\"@type\":\"Person\",\"@id\":\"https:\/\/www.pressenza.com\/it\/#\/schema\/person\/010e5d02bcf40965427a1289a4cc8d75\",\"name\":\"Pressenza IPA\",\"description\":\"News from Pressenza IPA correspondents\",\"sameAs\":[\"https:\/\/www.facebook.com\/pressenza\",\"https:\/\/x.com\/PressenzaIPA\"],\"url\":\"https:\/\/www.pressenza.com\/it\/author\/pressenza-ipa\/\"}]}<\/script>\n<!-- \/ Yoast SEO plugin. -->","yoast_head_json":{"title":"Decimo Summit Mondiale dei Premi Nobel per la Pace: \u2018Facendo l'impossibile\u2019","description":"In occasione del XX anniversario della caduta del muro di Berlino, si celebra nella capitale tedesca il Decimo Summit Mondiale dei Premi Nobel per la Pace. Con lo slogan 'Abbattendo nuovi muri, per un mondo senza violenza', nella sessione inaugurale, gli oratori hanno parlato di tutto ci\u00f2 che resta da fare per eliminare i 'muri' che esistono oggi.","robots":{"index":"index","follow":"follow","max-snippet":"max-snippet:-1","max-image-preview":"max-image-preview:large","max-video-preview":"max-video-preview:-1"},"canonical":"https:\/\/www.pressenza.com\/it\/2009\/11\/decimo-summit-mondiale-dei-premi-nobel-per-la-pacex-xfacendo-lximpossibilex\/","og_locale":"it_IT","og_type":"article","og_title":"Decimo Summit Mondiale dei Premi Nobel per la Pace: \u2018Facendo l'impossibile\u2019","og_description":"In occasione del XX anniversario della caduta del muro di Berlino, si celebra nella capitale tedesca il Decimo Summit Mondiale dei Premi Nobel per la Pace. Con lo slogan 'Abbattendo nuovi muri, per un mondo senza violenza', nella sessione inaugurale, gli oratori hanno parlato di tutto ci\u00f2 che resta da fare per eliminare i 'muri' che esistono oggi.","og_url":"https:\/\/www.pressenza.com\/it\/2009\/11\/decimo-summit-mondiale-dei-premi-nobel-per-la-pacex-xfacendo-lximpossibilex\/","og_site_name":"Pressenza","article_publisher":"https:\/\/www.facebook.com\/PressenzaItalia","article_author":"https:\/\/www.facebook.com\/pressenza","article_published_time":"2009-11-10T00:00:00+00:00","article_modified_time":"2018-11-25T19:02:20+00:00","author":"Pressenza IPA","twitter_card":"summary_large_image","twitter_creator":"@PressenzaIPA","twitter_site":"@PressenzaIPA","twitter_misc":{"Scritto da":"Pressenza IPA","Tempo di lettura stimato":"3 minuti"},"schema":{"@context":"https:\/\/schema.org","@graph":[{"@type":"Article","@id":"https:\/\/www.pressenza.com\/it\/2009\/11\/decimo-summit-mondiale-dei-premi-nobel-per-la-pacex-xfacendo-lximpossibilex\/#article","isPartOf":{"@id":"https:\/\/www.pressenza.com\/it\/2009\/11\/decimo-summit-mondiale-dei-premi-nobel-per-la-pacex-xfacendo-lximpossibilex\/"},"author":{"name":"Pressenza IPA","@id":"https:\/\/www.pressenza.com\/it\/#\/schema\/person\/010e5d02bcf40965427a1289a4cc8d75"},"headline":"Decimo Summit Mondiale dei Premi Nobel per la Pace: \u2018Facendo l&#8217;impossibile\u2019","datePublished":"2009-11-10T00:00:00+00:00","dateModified":"2018-11-25T19:02:20+00:00","mainEntityOfPage":{"@id":"https:\/\/www.pressenza.com\/it\/2009\/11\/decimo-summit-mondiale-dei-premi-nobel-per-la-pacex-xfacendo-lximpossibilex\/"},"wordCount":697,"publisher":{"@id":"https:\/\/www.pressenza.com\/it\/#organization"},"keywords":["Marcia Mondiale per la Pace e la Nonviolenza","Silo"],"articleSection":["Cultura e Media","Europa","Internazionale"],"inLanguage":"it-IT"},{"@type":"WebPage","@id":"https:\/\/www.pressenza.com\/it\/2009\/11\/decimo-summit-mondiale-dei-premi-nobel-per-la-pacex-xfacendo-lximpossibilex\/","url":"https:\/\/www.pressenza.com\/it\/2009\/11\/decimo-summit-mondiale-dei-premi-nobel-per-la-pacex-xfacendo-lximpossibilex\/","name":"Decimo Summit Mondiale dei Premi Nobel per la Pace: \u2018Facendo l'impossibile\u2019","isPartOf":{"@id":"https:\/\/www.pressenza.com\/it\/#website"},"datePublished":"2009-11-10T00:00:00+00:00","dateModified":"2018-11-25T19:02:20+00:00","description":"In occasione del XX anniversario della caduta del muro di Berlino, si celebra nella capitale tedesca il Decimo Summit Mondiale dei Premi Nobel per la Pace. Con lo slogan 'Abbattendo nuovi muri, per un mondo senza violenza', nella sessione inaugurale, gli oratori hanno parlato di tutto ci\u00f2 che resta da fare per eliminare i 'muri' che esistono oggi.","breadcrumb":{"@id":"https:\/\/www.pressenza.com\/it\/2009\/11\/decimo-summit-mondiale-dei-premi-nobel-per-la-pacex-xfacendo-lximpossibilex\/#breadcrumb"},"inLanguage":"it-IT","potentialAction":[{"@type":"ReadAction","target":["https:\/\/www.pressenza.com\/it\/2009\/11\/decimo-summit-mondiale-dei-premi-nobel-per-la-pacex-xfacendo-lximpossibilex\/"]}]},{"@type":"BreadcrumbList","@id":"https:\/\/www.pressenza.com\/it\/2009\/11\/decimo-summit-mondiale-dei-premi-nobel-per-la-pacex-xfacendo-lximpossibilex\/#breadcrumb","itemListElement":[{"@type":"ListItem","position":1,"name":"Accueil","item":"https:\/\/www.pressenza.com\/it\/"},{"@type":"ListItem","position":2,"name":"Decimo Summit Mondiale dei Premi Nobel per la Pace: \u2018Facendo l&#8217;impossibile\u2019"}]},{"@type":"WebSite","@id":"https:\/\/www.pressenza.com\/it\/#website","url":"https:\/\/www.pressenza.com\/it\/","name":"Pressenza","description":"Agenzia di Stampa Internazionale","publisher":{"@id":"https:\/\/www.pressenza.com\/it\/#organization"},"potentialAction":[{"@type":"SearchAction","target":{"@type":"EntryPoint","urlTemplate":"https:\/\/www.pressenza.com\/it\/?s={search_term_string}"},"query-input":{"@type":"PropertyValueSpecification","valueRequired":true,"valueName":"search_term_string"}}],"inLanguage":"it-IT"},{"@type":"Organization","@id":"https:\/\/www.pressenza.com\/it\/#organization","name":"Pressenza","url":"https:\/\/www.pressenza.com\/it\/","logo":{"@type":"ImageObject","inLanguage":"it-IT","@id":"https:\/\/www.pressenza.com\/it\/#\/schema\/logo\/image\/","url":"https:\/\/www.pressenza.com\/wp-content\/uploads\/2022\/10\/pressenza_logo_200x200.jpg","contentUrl":"https:\/\/www.pressenza.com\/wp-content\/uploads\/2022\/10\/pressenza_logo_200x200.jpg","width":200,"height":200,"caption":"Pressenza"},"image":{"@id":"https:\/\/www.pressenza.com\/it\/#\/schema\/logo\/image\/"},"sameAs":["https:\/\/www.facebook.com\/PressenzaItalia","https:\/\/x.com\/PressenzaIPA"]},{"@type":"Person","@id":"https:\/\/www.pressenza.com\/it\/#\/schema\/person\/010e5d02bcf40965427a1289a4cc8d75","name":"Pressenza IPA","description":"News from Pressenza IPA correspondents","sameAs":["https:\/\/www.facebook.com\/pressenza","https:\/\/x.com\/PressenzaIPA"],"url":"https:\/\/www.pressenza.com\/it\/author\/pressenza-ipa\/"}]}},"place":"Berlino","original_article_url":"","_links":{"self":[{"href":"https:\/\/www.pressenza.com\/it\/wp-json\/wp\/v2\/posts\/2154","targetHints":{"allow":["GET"]}}],"collection":[{"href":"https:\/\/www.pressenza.com\/it\/wp-json\/wp\/v2\/posts"}],"about":[{"href":"https:\/\/www.pressenza.com\/it\/wp-json\/wp\/v2\/types\/post"}],"author":[{"embeddable":true,"href":"https:\/\/www.pressenza.com\/it\/wp-json\/wp\/v2\/users\/19"}],"replies":[{"embeddable":true,"href":"https:\/\/www.pressenza.com\/it\/wp-json\/wp\/v2\/comments?post=2154"}],"version-history":[{"count":0,"href":"https:\/\/www.pressenza.com\/it\/wp-json\/wp\/v2\/posts\/2154\/revisions"}],"wp:attachment":[{"href":"https:\/\/www.pressenza.com\/it\/wp-json\/wp\/v2\/media?parent=2154"}],"wp:term":[{"taxonomy":"category","embeddable":true,"href":"https:\/\/www.pressenza.com\/it\/wp-json\/wp\/v2\/categories?post=2154"},{"taxonomy":"post_tag","embeddable":true,"href":"https:\/\/www.pressenza.com\/it\/wp-json\/wp\/v2\/tags?post=2154"}],"curies":[{"name":"wp","href":"https:\/\/api.w.org\/{rel}","templated":true}]}}