{"id":21403,"date":"2012-10-25T18:34:00","date_gmt":"2012-10-25T18:34:00","guid":{"rendered":"http:\/\/www.pressenza.com\/?p=21403"},"modified":"2012-10-25T18:34:00","modified_gmt":"2012-10-25T18:34:00","slug":"che-squallidi-questi-scienziati-offesi-contro-la-magistratura","status":"publish","type":"post","link":"https:\/\/www.pressenza.com\/it\/2012\/10\/che-squallidi-questi-scienziati-offesi-contro-la-magistratura\/","title":{"rendered":"Che squallidi questi Scienziati offesi contro la magistratura!"},"content":{"rendered":"<p><em>Lettera al Manifesto inviata da Angelo Baracca, editorialista di Pressenza che l&#8217;ha mandata anche a noi e che volentieri pubblichiamo.<\/em><\/p>\n<p>Le reazioni scomposte di gran parte della &#8220;corporazione scientifica&#8221; contro la sentenza di 1o grado della magistratura dell&#8217;Aquila sono ridicole, meschine, in una parola squallide!<\/p>\n<p>Dopo tanto tuonare contro l'&#8221;irrazionalismo anti-scientifico&#8221; affibbiato a chiunque sollevi riserve sulle certezze scientifiche, si manifesta il vero &#8220;irrazionalismo scientifico&#8221;, anzi scientista.<\/p>\n<p>Non ho elementi per entrare nel merito della sentenza del tribunale, che si basa su leggi, prove, testimonianze, che non conosco. Ma i toni scomposti delle reazioni di &#8220;lesa Scienza&#8221; sono assolutamente fuori luogo. Richiamarsi poi al &#8220;processo di Galileo&#8221;! Lasciamo da parte anche la considerazione della coincidenza con il berlusconiano G8 alla Maddalena, per non essere accusati di dietrologia. Qui ci sono scienziati\u00a0 e tecnici che hanno dato assicurazioni Scientifiche che invece non erano in grado di dare, abusando quindi della loro &#8220;autorit\u00e0 scientifica&#8221;.<\/p>\n<p>Io non sono in grado di dire se le osservazioni di Giuliani fossero attendibili o meno: ma visto che i depositari di cotanta Scienza affermano, con maggiore competenza di me, che non si possono prevedere i terremoti, avrebbero dovuto come minimo fare tesoro essi per primi di questa &#8220;certezza&#8221; per dichiarare almeno con onest\u00e0 che non erano in grado di dire nulla sulla gravit\u00e0 o meno degli insistenti sciami sismici. Perch\u00e8 qui sta il punto che gli scienziati offesi trascurano: che erano state date garanzie Scientifiche che quegli sciami non precedevano un forte sisma! Per un volta era superiore l'&#8221;irrazionalismo a-scientifico&#8221; degli anziani che, ignari di Scienza, erano soliti fuggire di casa e passare la notte all&#8217;addiaccio.<br \/>\nLa Scienza pretende di essere una conoscenza superiore, perch\u00e8 basa le proprie conclusioni su metodi rigorosi e verificabili. I depositari di queste conoscenze assumono ruoli di responsabilit\u00e0, proprio in nome di questa loro prerogativa. Ma i ruoli di responsabilit\u00e0 implicano conseguenze commisurate al livello di quelle responsabilit\u00e0. Comodo sarebbe accettare le responsabilit\u00e0, rifiutando per\u00f2 le conseguenze che queste comportano. Questo non \u00e8 degno degli scienziati, ma \u00e8 prerogativa dei sacerdoti, che richiamano volont\u00e0 imperscrutabili pi\u00f9 alte di loro.<\/p>\n<p>Angelo Baracca, Professore di Fisica, Universit\u00e0 di Firenze<\/p>\n","protected":false},"excerpt":{"rendered":"<p>Lettera al Manifesto inviata da Angelo Baracca, editorialista di Pressenza che l&#8217;ha mandata anche a noi e che volentieri pubblichiamo. Le reazioni scomposte di gran parte della &#8220;corporazione scientifica&#8221; contro la sentenza di 1o grado della magistratura dell&#8217;Aquila sono ridicole,&hellip;<\/p>\n","protected":false},"author":218,"featured_media":21427,"comment_status":"closed","ping_status":"open","sticky":false,"template":"","format":"standard","meta":{"footnotes":""},"categories":[47,162,496],"tags":[1129],"class_list":["post-21403","post","type-post","status-publish","format-standard","has-post-thumbnail","hentry","category-europa","category-opinioni","category-scienza-tecnologia","tag-terremoto"],"yoast_head":"<!-- This site is optimized with the Yoast SEO plugin v27.1.1 - https:\/\/yoast.com\/product\/yoast-seo-wordpress\/ -->\n<title>Che squallidi questi Scienziati offesi contro la magistratura!<\/title>\n<meta name=\"description\" content=\"Lettera al Manifesto inviata da Angelo Baracca, editorialista di Pressenza che l&#039;ha mandata anche a noi e che volentieri pubblichiamo. Le reazioni\" \/>\n<meta name=\"robots\" content=\"index, follow, max-snippet:-1, max-image-preview:large, max-video-preview:-1\" \/>\n<link rel=\"canonical\" href=\"https:\/\/www.pressenza.com\/it\/2012\/10\/che-squallidi-questi-scienziati-offesi-contro-la-magistratura\/\" \/>\n<meta property=\"og:locale\" content=\"it_IT\" \/>\n<meta property=\"og:type\" content=\"article\" \/>\n<meta property=\"og:title\" content=\"Che squallidi questi Scienziati offesi contro la magistratura!\" \/>\n<meta property=\"og:description\" content=\"Lettera al Manifesto inviata da Angelo Baracca, editorialista di Pressenza che l&#039;ha mandata anche a noi e che volentieri pubblichiamo. Le reazioni\" \/>\n<meta property=\"og:url\" content=\"https:\/\/www.pressenza.com\/it\/2012\/10\/che-squallidi-questi-scienziati-offesi-contro-la-magistratura\/\" \/>\n<meta property=\"og:site_name\" content=\"Pressenza\" \/>\n<meta property=\"article:publisher\" content=\"https:\/\/www.facebook.com\/PressenzaItalia\" \/>\n<meta property=\"article:published_time\" content=\"2012-10-25T18:34:00+00:00\" \/>\n<meta property=\"og:image\" content=\"https:\/\/www.pressenza.com\/wp-content\/uploads\/2012\/10\/AngeloBaracca.jpg\" \/>\n\t<meta property=\"og:image:width\" content=\"499\" \/>\n\t<meta property=\"og:image:height\" content=\"750\" \/>\n\t<meta property=\"og:image:type\" content=\"image\/jpeg\" \/>\n<meta name=\"author\" content=\"Angelo Baracca\" \/>\n<meta name=\"twitter:card\" content=\"summary_large_image\" \/>\n<meta name=\"twitter:creator\" content=\"@PressenzaIPA\" \/>\n<meta name=\"twitter:site\" content=\"@PressenzaIPA\" \/>\n<meta name=\"twitter:label1\" content=\"Scritto da\" \/>\n\t<meta name=\"twitter:data1\" content=\"Angelo Baracca\" \/>\n\t<meta name=\"twitter:label2\" content=\"Tempo di lettura stimato\" \/>\n\t<meta name=\"twitter:data2\" content=\"2 minuti\" \/>\n<script type=\"application\/ld+json\" class=\"yoast-schema-graph\">{\"@context\":\"https:\/\/schema.org\",\"@graph\":[{\"@type\":\"Article\",\"@id\":\"https:\/\/www.pressenza.com\/it\/2012\/10\/che-squallidi-questi-scienziati-offesi-contro-la-magistratura\/#article\",\"isPartOf\":{\"@id\":\"https:\/\/www.pressenza.com\/it\/2012\/10\/che-squallidi-questi-scienziati-offesi-contro-la-magistratura\/\"},\"author\":{\"name\":\"Angelo Baracca\",\"@id\":\"https:\/\/www.pressenza.com\/it\/#\/schema\/person\/c37578468de5b0400b2d01b65d64af92\"},\"headline\":\"Che squallidi questi Scienziati offesi contro la magistratura!\",\"datePublished\":\"2012-10-25T18:34:00+00:00\",\"mainEntityOfPage\":{\"@id\":\"https:\/\/www.pressenza.com\/it\/2012\/10\/che-squallidi-questi-scienziati-offesi-contro-la-magistratura\/\"},\"wordCount\":366,\"publisher\":{\"@id\":\"https:\/\/www.pressenza.com\/it\/#organization\"},\"image\":{\"@id\":\"https:\/\/www.pressenza.com\/it\/2012\/10\/che-squallidi-questi-scienziati-offesi-contro-la-magistratura\/#primaryimage\"},\"thumbnailUrl\":\"https:\/\/www.pressenza.com\/wp-content\/uploads\/2012\/10\/AngeloBaracca.jpg\",\"keywords\":[\"terremoto\"],\"articleSection\":[\"Europa\",\"Opinioni\",\"Scienza e Tecnologia\"],\"inLanguage\":\"it-IT\"},{\"@type\":\"WebPage\",\"@id\":\"https:\/\/www.pressenza.com\/it\/2012\/10\/che-squallidi-questi-scienziati-offesi-contro-la-magistratura\/\",\"url\":\"https:\/\/www.pressenza.com\/it\/2012\/10\/che-squallidi-questi-scienziati-offesi-contro-la-magistratura\/\",\"name\":\"Che squallidi questi Scienziati offesi contro la magistratura!\",\"isPartOf\":{\"@id\":\"https:\/\/www.pressenza.com\/it\/#website\"},\"primaryImageOfPage\":{\"@id\":\"https:\/\/www.pressenza.com\/it\/2012\/10\/che-squallidi-questi-scienziati-offesi-contro-la-magistratura\/#primaryimage\"},\"image\":{\"@id\":\"https:\/\/www.pressenza.com\/it\/2012\/10\/che-squallidi-questi-scienziati-offesi-contro-la-magistratura\/#primaryimage\"},\"thumbnailUrl\":\"https:\/\/www.pressenza.com\/wp-content\/uploads\/2012\/10\/AngeloBaracca.jpg\",\"datePublished\":\"2012-10-25T18:34:00+00:00\",\"description\":\"Lettera al Manifesto inviata da Angelo Baracca, editorialista di Pressenza che l'ha mandata anche a noi e che volentieri pubblichiamo. Le reazioni\",\"breadcrumb\":{\"@id\":\"https:\/\/www.pressenza.com\/it\/2012\/10\/che-squallidi-questi-scienziati-offesi-contro-la-magistratura\/#breadcrumb\"},\"inLanguage\":\"it-IT\",\"potentialAction\":[{\"@type\":\"ReadAction\",\"target\":[\"https:\/\/www.pressenza.com\/it\/2012\/10\/che-squallidi-questi-scienziati-offesi-contro-la-magistratura\/\"]}]},{\"@type\":\"ImageObject\",\"inLanguage\":\"it-IT\",\"@id\":\"https:\/\/www.pressenza.com\/it\/2012\/10\/che-squallidi-questi-scienziati-offesi-contro-la-magistratura\/#primaryimage\",\"url\":\"https:\/\/www.pressenza.com\/wp-content\/uploads\/2012\/10\/AngeloBaracca.jpg\",\"contentUrl\":\"https:\/\/www.pressenza.com\/wp-content\/uploads\/2012\/10\/AngeloBaracca.jpg\",\"width\":\"499\",\"height\":\"750\"},{\"@type\":\"BreadcrumbList\",\"@id\":\"https:\/\/www.pressenza.com\/it\/2012\/10\/che-squallidi-questi-scienziati-offesi-contro-la-magistratura\/#breadcrumb\",\"itemListElement\":[{\"@type\":\"ListItem\",\"position\":1,\"name\":\"Accueil\",\"item\":\"https:\/\/www.pressenza.com\/it\/\"},{\"@type\":\"ListItem\",\"position\":2,\"name\":\"Che squallidi questi Scienziati offesi contro la magistratura!\"}]},{\"@type\":\"WebSite\",\"@id\":\"https:\/\/www.pressenza.com\/it\/#website\",\"url\":\"https:\/\/www.pressenza.com\/it\/\",\"name\":\"Pressenza\",\"description\":\"Agenzia di Stampa Internazionale\",\"publisher\":{\"@id\":\"https:\/\/www.pressenza.com\/it\/#organization\"},\"potentialAction\":[{\"@type\":\"SearchAction\",\"target\":{\"@type\":\"EntryPoint\",\"urlTemplate\":\"https:\/\/www.pressenza.com\/it\/?s={search_term_string}\"},\"query-input\":{\"@type\":\"PropertyValueSpecification\",\"valueRequired\":true,\"valueName\":\"search_term_string\"}}],\"inLanguage\":\"it-IT\"},{\"@type\":\"Organization\",\"@id\":\"https:\/\/www.pressenza.com\/it\/#organization\",\"name\":\"Pressenza\",\"url\":\"https:\/\/www.pressenza.com\/it\/\",\"logo\":{\"@type\":\"ImageObject\",\"inLanguage\":\"it-IT\",\"@id\":\"https:\/\/www.pressenza.com\/it\/#\/schema\/logo\/image\/\",\"url\":\"https:\/\/www.pressenza.com\/wp-content\/uploads\/2022\/10\/pressenza_logo_200x200.jpg\",\"contentUrl\":\"https:\/\/www.pressenza.com\/wp-content\/uploads\/2022\/10\/pressenza_logo_200x200.jpg\",\"width\":200,\"height\":200,\"caption\":\"Pressenza\"},\"image\":{\"@id\":\"https:\/\/www.pressenza.com\/it\/#\/schema\/logo\/image\/\"},\"sameAs\":[\"https:\/\/www.facebook.com\/PressenzaItalia\",\"https:\/\/x.com\/PressenzaIPA\"]},{\"@type\":\"Person\",\"@id\":\"https:\/\/www.pressenza.com\/it\/#\/schema\/person\/c37578468de5b0400b2d01b65d64af92\",\"name\":\"Angelo Baracca\",\"description\":\"Professor of Physics at the University of Florence, Italy. Writer and scientist specialising in nuclear matters; pacifist activist and ecologist. He writes for Pressenza about nuclear questions.\",\"url\":\"https:\/\/www.pressenza.com\/it\/author\/angelo-baracca\/\"}]}<\/script>\n<!-- \/ Yoast SEO plugin. -->","yoast_head_json":{"title":"Che squallidi questi Scienziati offesi contro la magistratura!","description":"Lettera al Manifesto inviata da Angelo Baracca, editorialista di Pressenza che l'ha mandata anche a noi e che volentieri pubblichiamo. Le reazioni","robots":{"index":"index","follow":"follow","max-snippet":"max-snippet:-1","max-image-preview":"max-image-preview:large","max-video-preview":"max-video-preview:-1"},"canonical":"https:\/\/www.pressenza.com\/it\/2012\/10\/che-squallidi-questi-scienziati-offesi-contro-la-magistratura\/","og_locale":"it_IT","og_type":"article","og_title":"Che squallidi questi Scienziati offesi contro la magistratura!","og_description":"Lettera al Manifesto inviata da Angelo Baracca, editorialista di Pressenza che l'ha mandata anche a noi e che volentieri pubblichiamo. Le reazioni","og_url":"https:\/\/www.pressenza.com\/it\/2012\/10\/che-squallidi-questi-scienziati-offesi-contro-la-magistratura\/","og_site_name":"Pressenza","article_publisher":"https:\/\/www.facebook.com\/PressenzaItalia","article_published_time":"2012-10-25T18:34:00+00:00","og_image":[{"width":499,"height":750,"url":"https:\/\/www.pressenza.com\/wp-content\/uploads\/2012\/10\/AngeloBaracca.jpg","type":"image\/jpeg"}],"author":"Angelo Baracca","twitter_card":"summary_large_image","twitter_creator":"@PressenzaIPA","twitter_site":"@PressenzaIPA","twitter_misc":{"Scritto da":"Angelo Baracca","Tempo di lettura stimato":"2 minuti"},"schema":{"@context":"https:\/\/schema.org","@graph":[{"@type":"Article","@id":"https:\/\/www.pressenza.com\/it\/2012\/10\/che-squallidi-questi-scienziati-offesi-contro-la-magistratura\/#article","isPartOf":{"@id":"https:\/\/www.pressenza.com\/it\/2012\/10\/che-squallidi-questi-scienziati-offesi-contro-la-magistratura\/"},"author":{"name":"Angelo Baracca","@id":"https:\/\/www.pressenza.com\/it\/#\/schema\/person\/c37578468de5b0400b2d01b65d64af92"},"headline":"Che squallidi questi Scienziati offesi contro la magistratura!","datePublished":"2012-10-25T18:34:00+00:00","mainEntityOfPage":{"@id":"https:\/\/www.pressenza.com\/it\/2012\/10\/che-squallidi-questi-scienziati-offesi-contro-la-magistratura\/"},"wordCount":366,"publisher":{"@id":"https:\/\/www.pressenza.com\/it\/#organization"},"image":{"@id":"https:\/\/www.pressenza.com\/it\/2012\/10\/che-squallidi-questi-scienziati-offesi-contro-la-magistratura\/#primaryimage"},"thumbnailUrl":"https:\/\/www.pressenza.com\/wp-content\/uploads\/2012\/10\/AngeloBaracca.jpg","keywords":["terremoto"],"articleSection":["Europa","Opinioni","Scienza e Tecnologia"],"inLanguage":"it-IT"},{"@type":"WebPage","@id":"https:\/\/www.pressenza.com\/it\/2012\/10\/che-squallidi-questi-scienziati-offesi-contro-la-magistratura\/","url":"https:\/\/www.pressenza.com\/it\/2012\/10\/che-squallidi-questi-scienziati-offesi-contro-la-magistratura\/","name":"Che squallidi questi Scienziati offesi contro la magistratura!","isPartOf":{"@id":"https:\/\/www.pressenza.com\/it\/#website"},"primaryImageOfPage":{"@id":"https:\/\/www.pressenza.com\/it\/2012\/10\/che-squallidi-questi-scienziati-offesi-contro-la-magistratura\/#primaryimage"},"image":{"@id":"https:\/\/www.pressenza.com\/it\/2012\/10\/che-squallidi-questi-scienziati-offesi-contro-la-magistratura\/#primaryimage"},"thumbnailUrl":"https:\/\/www.pressenza.com\/wp-content\/uploads\/2012\/10\/AngeloBaracca.jpg","datePublished":"2012-10-25T18:34:00+00:00","description":"Lettera al Manifesto inviata da Angelo Baracca, editorialista di Pressenza che l'ha mandata anche a noi e che volentieri pubblichiamo. Le reazioni","breadcrumb":{"@id":"https:\/\/www.pressenza.com\/it\/2012\/10\/che-squallidi-questi-scienziati-offesi-contro-la-magistratura\/#breadcrumb"},"inLanguage":"it-IT","potentialAction":[{"@type":"ReadAction","target":["https:\/\/www.pressenza.com\/it\/2012\/10\/che-squallidi-questi-scienziati-offesi-contro-la-magistratura\/"]}]},{"@type":"ImageObject","inLanguage":"it-IT","@id":"https:\/\/www.pressenza.com\/it\/2012\/10\/che-squallidi-questi-scienziati-offesi-contro-la-magistratura\/#primaryimage","url":"https:\/\/www.pressenza.com\/wp-content\/uploads\/2012\/10\/AngeloBaracca.jpg","contentUrl":"https:\/\/www.pressenza.com\/wp-content\/uploads\/2012\/10\/AngeloBaracca.jpg","width":"499","height":"750"},{"@type":"BreadcrumbList","@id":"https:\/\/www.pressenza.com\/it\/2012\/10\/che-squallidi-questi-scienziati-offesi-contro-la-magistratura\/#breadcrumb","itemListElement":[{"@type":"ListItem","position":1,"name":"Accueil","item":"https:\/\/www.pressenza.com\/it\/"},{"@type":"ListItem","position":2,"name":"Che squallidi questi Scienziati offesi contro la magistratura!"}]},{"@type":"WebSite","@id":"https:\/\/www.pressenza.com\/it\/#website","url":"https:\/\/www.pressenza.com\/it\/","name":"Pressenza","description":"Agenzia di Stampa Internazionale","publisher":{"@id":"https:\/\/www.pressenza.com\/it\/#organization"},"potentialAction":[{"@type":"SearchAction","target":{"@type":"EntryPoint","urlTemplate":"https:\/\/www.pressenza.com\/it\/?s={search_term_string}"},"query-input":{"@type":"PropertyValueSpecification","valueRequired":true,"valueName":"search_term_string"}}],"inLanguage":"it-IT"},{"@type":"Organization","@id":"https:\/\/www.pressenza.com\/it\/#organization","name":"Pressenza","url":"https:\/\/www.pressenza.com\/it\/","logo":{"@type":"ImageObject","inLanguage":"it-IT","@id":"https:\/\/www.pressenza.com\/it\/#\/schema\/logo\/image\/","url":"https:\/\/www.pressenza.com\/wp-content\/uploads\/2022\/10\/pressenza_logo_200x200.jpg","contentUrl":"https:\/\/www.pressenza.com\/wp-content\/uploads\/2022\/10\/pressenza_logo_200x200.jpg","width":200,"height":200,"caption":"Pressenza"},"image":{"@id":"https:\/\/www.pressenza.com\/it\/#\/schema\/logo\/image\/"},"sameAs":["https:\/\/www.facebook.com\/PressenzaItalia","https:\/\/x.com\/PressenzaIPA"]},{"@type":"Person","@id":"https:\/\/www.pressenza.com\/it\/#\/schema\/person\/c37578468de5b0400b2d01b65d64af92","name":"Angelo Baracca","description":"Professor of Physics at the University of Florence, Italy. Writer and scientist specialising in nuclear matters; pacifist activist and ecologist. He writes for Pressenza about nuclear questions.","url":"https:\/\/www.pressenza.com\/it\/author\/angelo-baracca\/"}]}},"place":"Firenze","original_article_url":"","_links":{"self":[{"href":"https:\/\/www.pressenza.com\/it\/wp-json\/wp\/v2\/posts\/21403","targetHints":{"allow":["GET"]}}],"collection":[{"href":"https:\/\/www.pressenza.com\/it\/wp-json\/wp\/v2\/posts"}],"about":[{"href":"https:\/\/www.pressenza.com\/it\/wp-json\/wp\/v2\/types\/post"}],"author":[{"embeddable":true,"href":"https:\/\/www.pressenza.com\/it\/wp-json\/wp\/v2\/users\/218"}],"replies":[{"embeddable":true,"href":"https:\/\/www.pressenza.com\/it\/wp-json\/wp\/v2\/comments?post=21403"}],"version-history":[{"count":0,"href":"https:\/\/www.pressenza.com\/it\/wp-json\/wp\/v2\/posts\/21403\/revisions"}],"wp:featuredmedia":[{"embeddable":true,"href":"https:\/\/www.pressenza.com\/it\/wp-json\/wp\/v2\/media\/21427"}],"wp:attachment":[{"href":"https:\/\/www.pressenza.com\/it\/wp-json\/wp\/v2\/media?parent=21403"}],"wp:term":[{"taxonomy":"category","embeddable":true,"href":"https:\/\/www.pressenza.com\/it\/wp-json\/wp\/v2\/categories?post=21403"},{"taxonomy":"post_tag","embeddable":true,"href":"https:\/\/www.pressenza.com\/it\/wp-json\/wp\/v2\/tags?post=21403"}],"curies":[{"name":"wp","href":"https:\/\/api.w.org\/{rel}","templated":true}]}}