{"id":213819,"date":"2015-08-25T13:17:30","date_gmt":"2015-08-25T12:17:30","guid":{"rendered":"http:\/\/www.pressenza.com\/it\/?p=213819"},"modified":"2015-08-25T13:21:27","modified_gmt":"2015-08-25T12:21:27","slug":"locarno-2015-poesia-ed-anarchia-dallamerica-latina","status":"publish","type":"post","link":"https:\/\/www.pressenza.com\/it\/2015\/08\/locarno-2015-poesia-ed-anarchia-dallamerica-latina\/","title":{"rendered":"Locarno 2015: poesia ed anarchia dall&#8217;America Latina"},"content":{"rendered":"<p><strong>V ed ultima puntata del reportage di Vittorio Agnoletto dal Festival del Cinema di Locarno<br \/>\n<\/strong><\/p>\n<p><strong>POESIA ED ANARCHIA DALL\u2019AMERICA LATINA<\/strong><\/p>\n<p>Diversi sono i titoli del cinema latinoamericano presentati a Locarno, tra questi certamente uno dei pi\u00f9 interessanti e che ha riscosso grande successo di pubblico, \u00e8 &#8220;<strong><em>Te prometo anarquia&#8221; <\/em><\/strong>una produzione del regista messicano Julio Hernandez Cordon.<\/p>\n<p>L&#8217;ambiente della narrazione \u00e8 il mondo dello skateboard, dove si formano forti legami di amicizia nelle bande giovanili con loro linguaggi, simboli e fedelt\u00e0. Il mondo \u00e8 quello delle periferie, dove ci si arrangia per sopravvivere e dove nessuno conosce l&#8217;esatta demarcazione tra l&#8217;attivit\u00e0 legale e quella illegale, fino a quando l&#8217;illegalit\u00e0 non compare con tutta la sua forza, ma allora sar\u00e0 troppo tardi. Il Messico appare come un&#8217;immensa terra di nessuno, dove regole di convivenza non esistono e tanto meno \u00e8 presente la legge in una delle sue possibili declinazioni. In questo deserto alla fine sar\u00e0 ancora una volta l&#8217;appartenenza sociale a segnare il diverso destino dei due bravissimi giovani attori: Eduardo Martinez Pen e Diego Calva . Quando al termine della proiezione, durante l\u2019incontro con il regista, qualcuno ha chiesto perch\u00e9 davanti al rapimento di tutti i loro pi\u00f9 cari amici nessuno dei due protagonisti ha ritenuto di rivolgersi alla polizia, la risposta non ha lasciato dubbi. In Messico rivolgersi alla polizia equivale unicamente a crearsi ulteriori problemi con il rischio di entrare innocente nel commissariato e di uscirne, se va bene, in barella.<\/p>\n<p><a href=\"http:\/\/www.pressenza.com\/wp-content\/uploads\/2015\/08\/El-Movimiento.jpg\"><img loading=\"lazy\" decoding=\"async\" class=\"alignnone size-medium wp-image-213836\" src=\"http:\/\/www.pressenza.com\/wp-content\/uploads\/2015\/08\/El-Movimiento-300x164.jpg\" alt=\"El Movimiento\" width=\"300\" height=\"164\" srcset=\"https:\/\/www.pressenza.com\/wp-content\/uploads\/2015\/08\/El-Movimiento-300x164.jpg 300w, https:\/\/www.pressenza.com\/wp-content\/uploads\/2015\/08\/El-Movimiento.jpg 597w\" sizes=\"auto, (max-width: 300px) 100vw, 300px\" \/><\/a><\/p>\n<p>Di deserto e di anarchia, seppure con valenze non sempre coincidenti parla anche un altro film.<strong><em> &#8220;El movimiento&#8221; <\/em><\/strong>una pellicola in bianco e nero del regista argentino Benjamin Naishtat, ambientato nella prima met\u00e0 del XIX secolo, racconta di una terra vasta e desolata precipitata nella pi\u00f9 completa anarchia. In assenza di qualunque struttura statuale, il vasto territorio della <em>pampas<\/em> argentina \u00e8 percorsa non da bande giovanili munite di skateboard, n\u00e9 da nuclei della moderna criminalit\u00e0 organizzata, bens\u00ec da gruppi armati che maltrattano contadini ed allevatori, richiamandosi ad un mai precisato, n\u00e9 meglio descritto &#8220;Movimiento&#8221;. Richiamo ad un&#8217;identit\u00e0 astratta, nel nome della quale tutto pu\u00f2 essere giustificato e in nome del quale la popolazione dovrebbe sottomettersi ad una delle bande che spadroneggiano nel territorio. Film fortemente allegorico di un mondo abbandonato a se stesso, privo di qualunque direzione, segnato dall&#8217;avidit\u00e0 senza freni di pochi e dall&#8217;incapacit\u00e0 di costruire un&#8217;alternativa da parte di tutti coloro che aspirano a modificare la situazione presente. Film dalla grandi pretese, ma sufficientemente sconclusionato.<\/p>\n<p><a href=\"http:\/\/www.pressenza.com\/wp-content\/uploads\/2015\/08\/Siembra.jpg\"><img loading=\"lazy\" decoding=\"async\" class=\"alignnone size-medium wp-image-213843\" src=\"http:\/\/www.pressenza.com\/wp-content\/uploads\/2015\/08\/Siembra-300x164.jpg\" alt=\"Siembra\" width=\"300\" height=\"164\" srcset=\"https:\/\/www.pressenza.com\/wp-content\/uploads\/2015\/08\/Siembra-300x164.jpg 300w, https:\/\/www.pressenza.com\/wp-content\/uploads\/2015\/08\/Siembra.jpg 597w\" sizes=\"auto, (max-width: 300px) 100vw, 300px\" \/><\/a><\/p>\n<p>&#8220;<strong><em>Siembra<\/em><\/strong>&#8221; \u201cSemina\u201d, opera dei giovani colombiani, Angela Osorio Rojas e Santiago Lozano Alvarez, racconta la vicenda di un pescatore che ha dovuto abbandonare la costa del Pacifico per sottrarsi ai conflitti armati che da anni sconvolgono la regione, e trasferirsi a Cal\u00ec. Film suggestivo ed emozionante, anch\u2019esso girato in bianco e nero, descrive con tocco poetico la vita dei <em>desplazados <\/em>dalle usanze quotidiane alla celebrazione della morte.<\/p>\n<p>&nbsp;<\/p>\n<p><strong>L\u2019ASIA RIFLETTE SU SE STESSA E SULL\u2019 UMANITA\u2019<\/strong><\/p>\n<p>Sacrificato \u00e8 parso in questa edizione del Festival il cinema asiatico ed orientale; due i titoli che sono parsi di un qualche interesse.<\/p>\n<p><a href=\"http:\/\/www.pressenza.com\/wp-content\/uploads\/2015\/08\/Ma-dar-Behesht.jpg\"><img loading=\"lazy\" decoding=\"async\" class=\"alignnone size-medium wp-image-213850\" src=\"http:\/\/www.pressenza.com\/wp-content\/uploads\/2015\/08\/Ma-dar-Behesht-300x200.jpg\" alt=\"Ma dar Behesht\" width=\"300\" height=\"200\" srcset=\"https:\/\/www.pressenza.com\/wp-content\/uploads\/2015\/08\/Ma-dar-Behesht-300x200.jpg 300w, https:\/\/www.pressenza.com\/wp-content\/uploads\/2015\/08\/Ma-dar-Behesht.jpg 655w\" sizes=\"auto, (max-width: 300px) 100vw, 300px\" \/><\/a><\/p>\n<p>L&#8217;iraniano \u201c<strong><em>Ma dar Behesht<\/em><\/strong>\u201d \u201cParadiso\u201d, dell&#8217;esordiente regista Sina Ataelan Dena, racconta una storia ambientata a Teheran di una giovane insegnante di scuola elementare che cerca di farsi trasferire da un istituto collocato in una povera e desolata periferia ad una scuola in citt\u00e0 e si trova costretta a fare i conti con la burocrazia statale. Il film parrebbe volersi focalizzare sulla vita delle donne iraniane; ma ben poco emerge su questo aspetto, tutt&#8217;al pi\u00f9 al centro vi \u00e8 la vita delle giovani bambine ed il tentativo del regime di formarle a propria somiglianza inserendo fin dalla prima et\u00e0 un&#8217;educazione ben distinta nei compiti e nei giochi tra maschi e femmine. Per il resto anche la notizia della scomparsa di alcune scolare, forse rapite, resta sullo sfondo, senza nessun approfondimento ed il tutto non \u00e8 certo facilitato dall&#8217;interpretazione ingessata della protagonista Dorna Dibaj.<\/p>\n<p><a href=\"http:\/\/www.pressenza.com\/wp-content\/uploads\/2015\/08\/Sulanga-gini-aran.jpg\"><img loading=\"lazy\" decoding=\"async\" class=\"alignnone size-medium wp-image-213857\" src=\"http:\/\/www.pressenza.com\/wp-content\/uploads\/2015\/08\/Sulanga-gini-aran-300x169.jpg\" alt=\"Sulanga gini aran\" width=\"300\" height=\"169\" srcset=\"https:\/\/www.pressenza.com\/wp-content\/uploads\/2015\/08\/Sulanga-gini-aran-300x169.jpg 300w, https:\/\/www.pressenza.com\/wp-content\/uploads\/2015\/08\/Sulanga-gini-aran-720x405.jpg 720w, https:\/\/www.pressenza.com\/wp-content\/uploads\/2015\/08\/Sulanga-gini-aran-750x422.jpg 750w, https:\/\/www.pressenza.com\/wp-content\/uploads\/2015\/08\/Sulanga-gini-aran.jpg 1080w\" sizes=\"auto, (max-width: 300px) 100vw, 300px\" \/><\/a><\/p>\n<p>Pi\u00f9 complesso e articolato \u00e8 la pi\u00f9 recente fatica di\u00a0Vimukthi Jayasundara, regista dello Sri Lanka : \u201c<strong><em>Sulanga gini aran\u201d<\/em><\/strong> ( Dark in the White Light). Il film \u00e8 una disillusa riflessione sul genere umano del nostro secolo, sulle relazioni interpersonali, sugli istinti di autodistruzione che attraversano ogni realt\u00e0. In questo cupo orizzonte Jayasundara inserisce personali e particolari note di colore non sottraendosi a suggerire qualche sorriso. Un giovane monaco buddista alla ricerca di verit\u00e0 spirituali, uno studente di medicina che sperimenta i suoi limiti, un trafficante d&#8217;organi che agisce nell&#8217;indifferenza altrui ed un chirurgo che opera di giorno e stupra le donne di notte, intrecciano le loro storie di corpi sospesi tra la vita e la morte.<\/p>\n<p><strong><em>\u00a0<\/em><\/strong><\/p>\n<p><strong>QUALCHE SUGGERIMENTO SU COS\u2019ALTRO VEDERE, SE E QUANDO USCIRANNO IN ITALIA<\/strong><\/p>\n<p><a href=\"http:\/\/www.pressenza.com\/wp-content\/uploads\/2015\/08\/Schneider-vs-Bax.jpg\"><img loading=\"lazy\" decoding=\"async\" class=\"alignnone size-medium wp-image-213864\" src=\"http:\/\/www.pressenza.com\/wp-content\/uploads\/2015\/08\/Schneider-vs-Bax-300x169.jpg\" alt=\"Schneider vs Bax\" width=\"300\" height=\"169\" srcset=\"https:\/\/www.pressenza.com\/wp-content\/uploads\/2015\/08\/Schneider-vs-Bax-300x169.jpg 300w, https:\/\/www.pressenza.com\/wp-content\/uploads\/2015\/08\/Schneider-vs-Bax.jpg 670w\" sizes=\"auto, (max-width: 300px) 100vw, 300px\" \/><\/a><\/p>\n<p><strong><em>&#8220;Schneider vs. Bax&#8221;<\/em><\/strong> un film olandese di Alex van Warmerdam. Un film drammatico, un thriller a met\u00e0 strada con una black commedy, ben congegnato, in grado di alternare tensione e sorrisi. Un film da vedere per rilassarsi.<\/p>\n<p><a href=\"http:\/\/www.pressenza.com\/wp-content\/uploads\/2015\/08\/Suite-Armoricaine.jpg\"><img loading=\"lazy\" decoding=\"async\" class=\"alignnone size-medium wp-image-213871\" src=\"http:\/\/www.pressenza.com\/wp-content\/uploads\/2015\/08\/Suite-Armoricaine-300x164.jpg\" alt=\"Suite Armoricaine\" width=\"300\" height=\"164\" srcset=\"https:\/\/www.pressenza.com\/wp-content\/uploads\/2015\/08\/Suite-Armoricaine-300x164.jpg 300w, https:\/\/www.pressenza.com\/wp-content\/uploads\/2015\/08\/Suite-Armoricaine.jpg 597w\" sizes=\"auto, (max-width: 300px) 100vw, 300px\" \/><\/a><\/p>\n<p><strong><em>\u201cSuite Armoricaine\u201d<\/em><\/strong>, di Pascale Breton. Una professoressa lascia l&#8217;universit\u00e0 di Parigi per insegnare all\u2019universit\u00e0 di Rennes, in Bretagna dov\u2019\u00e8 nata. Uno studente si innamora di una ragazza nonvedente, ma deve fare i conti con l&#8217;arrivo improvviso della madre che stravolge la vita che si era organizzato. L\u2019ordine formale precipita nel caos. Un film con un&#8217;articolata e sofistica trama narrativa, con citazioni dotte e intellettuali capace di sorprendere senza mai annoiare.<\/p>\n<p><a href=\"http:\/\/www.pressenza.com\/wp-content\/uploads\/2015\/08\/Les---tres-chers.jpg\"><img loading=\"lazy\" decoding=\"async\" class=\"alignnone size-medium wp-image-213878\" src=\"http:\/\/www.pressenza.com\/wp-content\/uploads\/2015\/08\/Les---tres-chers-300x169.jpg\" alt=\"Les \u00catres chers\" width=\"300\" height=\"169\" srcset=\"https:\/\/www.pressenza.com\/wp-content\/uploads\/2015\/08\/Les---tres-chers-300x169.jpg 300w, https:\/\/www.pressenza.com\/wp-content\/uploads\/2015\/08\/Les---tres-chers-720x405.jpg 720w, https:\/\/www.pressenza.com\/wp-content\/uploads\/2015\/08\/Les---tres-chers-750x422.jpg 750w, https:\/\/www.pressenza.com\/wp-content\/uploads\/2015\/08\/Les---tres-chers.jpg 1080w\" sizes=\"auto, (max-width: 300px) 100vw, 300px\" \/><\/a><\/p>\n<p><strong><em>\u201cLes Etres chers\u201d <\/em><\/strong> \u201cCarissimi \u201d di Anne Emond giovane regista canadese. Un film drammatico con personaggi ben costruiti, ambientato alla fine degli anni 70 in un paesino del Bas St Laurent. Racconta le reazioni che si scatenano in una famiglia quando, ad anni di distanza , i suoi componenti vengono a conoscenza delle vere ragioni della morte del padre. Un finale forse scontato che non d\u00e0 ragione di un film che invece sa coinvolgere.<\/p>\n<p>&nbsp;<\/p>\n<p><strong><em>\u2026..fine.<\/em><\/strong><\/p>\n<p>Le puntate precedenti: <a href=\"https:\/\/www.pressenza.com\/it\/2015\/08\/locarno-2015-68-festival-del-cinema\/\">uno<\/a>, <a href=\"https:\/\/www.pressenza.com\/it\/2015\/08\/locarno-2015-sesso-e-non-solo\/\">due<\/a>, <a href=\"https:\/\/www.pressenza.com\/it\/2015\/08\/locarno-2015-da-romeo-e-giulietta-a-lampedusa\/\">tre<\/a>, <a href=\"https:\/\/www.pressenza.com\/it\/2015\/08\/locarno-2015-un-passato-ancor-troppo-recente\/\">quattro<\/a><\/p>\n","protected":false},"excerpt":{"rendered":"<p>V ed ultima puntata del reportage di Vittorio Agnoletto dal Festival del Cinema di Locarno POESIA ED ANARCHIA DALL\u2019AMERICA LATINA Diversi sono i titoli del cinema latinoamericano presentati a Locarno, tra questi certamente uno dei pi\u00f9 interessanti e che ha&hellip;<\/p>\n","protected":false},"author":975,"featured_media":213822,"comment_status":"closed","ping_status":"open","sticky":false,"template":"","format":"standard","meta":{"footnotes":""},"categories":[11388,56,47],"tags":[5841,10672,6494,206,19267],"class_list":["post-213819","post","type-post","status-publish","format-standard","has-post-thumbnail","hentry","category-contenuti-originali","category-cultura","category-europa","tag-america-latina","tag-anarchia","tag-festival-del-cinema-di-locarno","tag-iran","tag-locarno-2015"],"yoast_head":"<!-- This site is optimized with the Yoast SEO plugin v27.1.1 - https:\/\/yoast.com\/product\/yoast-seo-wordpress\/ -->\n<title>Locarno 2015: poesia ed anarchia dall&#039;America Latina<\/title>\n<meta name=\"description\" content=\"V ed ultima puntata del reportage di Vittorio Agnoletto dal Festival del Cinema di Locarno POESIA ED ANARCHIA DALL\u2019AMERICA LATINA Diversi sono i titoli\" \/>\n<meta name=\"robots\" content=\"index, follow, max-snippet:-1, max-image-preview:large, max-video-preview:-1\" \/>\n<link rel=\"canonical\" href=\"https:\/\/www.pressenza.com\/it\/2015\/08\/locarno-2015-poesia-ed-anarchia-dallamerica-latina\/\" \/>\n<meta property=\"og:locale\" content=\"it_IT\" \/>\n<meta property=\"og:type\" content=\"article\" \/>\n<meta property=\"og:title\" content=\"Locarno 2015: poesia ed anarchia dall&#039;America Latina\" \/>\n<meta property=\"og:description\" content=\"V ed ultima puntata del reportage di Vittorio Agnoletto dal Festival del Cinema di Locarno POESIA ED ANARCHIA DALL\u2019AMERICA LATINA Diversi sono i titoli\" \/>\n<meta property=\"og:url\" content=\"https:\/\/www.pressenza.com\/it\/2015\/08\/locarno-2015-poesia-ed-anarchia-dallamerica-latina\/\" \/>\n<meta property=\"og:site_name\" content=\"Pressenza\" \/>\n<meta property=\"article:publisher\" content=\"https:\/\/www.facebook.com\/PressenzaItalia\" \/>\n<meta property=\"article:author\" content=\"https:\/\/www.facebook.com\/vittorio.agnoletto\" \/>\n<meta property=\"article:published_time\" content=\"2015-08-25T12:17:30+00:00\" \/>\n<meta property=\"article:modified_time\" content=\"2015-08-25T12:21:27+00:00\" \/>\n<meta property=\"og:image\" content=\"https:\/\/www.pressenza.com\/wp-content\/uploads\/2015\/08\/Te-prometo-anarqu--a.jpg\" \/>\n\t<meta property=\"og:image:width\" content=\"1080\" \/>\n\t<meta property=\"og:image:height\" content=\"608\" \/>\n\t<meta property=\"og:image:type\" content=\"image\/jpeg\" \/>\n<meta name=\"author\" content=\"Vittorio Agnoletto\" \/>\n<meta name=\"twitter:card\" content=\"summary_large_image\" \/>\n<meta name=\"twitter:creator\" content=\"@PressenzaIPA\" \/>\n<meta name=\"twitter:site\" content=\"@PressenzaIPA\" \/>\n<meta name=\"twitter:label1\" content=\"Scritto da\" \/>\n\t<meta name=\"twitter:data1\" content=\"Vittorio Agnoletto\" \/>\n\t<meta name=\"twitter:label2\" content=\"Tempo di lettura stimato\" \/>\n\t<meta name=\"twitter:data2\" content=\"5 minuti\" \/>\n<script type=\"application\/ld+json\" class=\"yoast-schema-graph\">{\"@context\":\"https:\/\/schema.org\",\"@graph\":[{\"@type\":\"Article\",\"@id\":\"https:\/\/www.pressenza.com\/it\/2015\/08\/locarno-2015-poesia-ed-anarchia-dallamerica-latina\/#article\",\"isPartOf\":{\"@id\":\"https:\/\/www.pressenza.com\/it\/2015\/08\/locarno-2015-poesia-ed-anarchia-dallamerica-latina\/\"},\"author\":{\"name\":\"Vittorio Agnoletto\",\"@id\":\"https:\/\/www.pressenza.com\/it\/#\/schema\/person\/1189fd24c9fc93fc7535b50db4e1c930\"},\"headline\":\"Locarno 2015: poesia ed anarchia dall&#8217;America Latina\",\"datePublished\":\"2015-08-25T12:17:30+00:00\",\"dateModified\":\"2015-08-25T12:21:27+00:00\",\"mainEntityOfPage\":{\"@id\":\"https:\/\/www.pressenza.com\/it\/2015\/08\/locarno-2015-poesia-ed-anarchia-dallamerica-latina\/\"},\"wordCount\":988,\"publisher\":{\"@id\":\"https:\/\/www.pressenza.com\/it\/#organization\"},\"image\":{\"@id\":\"https:\/\/www.pressenza.com\/it\/2015\/08\/locarno-2015-poesia-ed-anarchia-dallamerica-latina\/#primaryimage\"},\"thumbnailUrl\":\"https:\/\/www.pressenza.com\/wp-content\/uploads\/2015\/08\/Te-prometo-anarqu--a.jpg\",\"keywords\":[\"America Latina\",\"anarchia\",\"Festival del cinema di Locarno\",\"Iran\",\"Locarno 2015\"],\"articleSection\":[\"contenuti originali\",\"Cultura e Media\",\"Europa\"],\"inLanguage\":\"it-IT\"},{\"@type\":\"WebPage\",\"@id\":\"https:\/\/www.pressenza.com\/it\/2015\/08\/locarno-2015-poesia-ed-anarchia-dallamerica-latina\/\",\"url\":\"https:\/\/www.pressenza.com\/it\/2015\/08\/locarno-2015-poesia-ed-anarchia-dallamerica-latina\/\",\"name\":\"Locarno 2015: poesia ed anarchia dall'America Latina\",\"isPartOf\":{\"@id\":\"https:\/\/www.pressenza.com\/it\/#website\"},\"primaryImageOfPage\":{\"@id\":\"https:\/\/www.pressenza.com\/it\/2015\/08\/locarno-2015-poesia-ed-anarchia-dallamerica-latina\/#primaryimage\"},\"image\":{\"@id\":\"https:\/\/www.pressenza.com\/it\/2015\/08\/locarno-2015-poesia-ed-anarchia-dallamerica-latina\/#primaryimage\"},\"thumbnailUrl\":\"https:\/\/www.pressenza.com\/wp-content\/uploads\/2015\/08\/Te-prometo-anarqu--a.jpg\",\"datePublished\":\"2015-08-25T12:17:30+00:00\",\"dateModified\":\"2015-08-25T12:21:27+00:00\",\"description\":\"V ed ultima puntata del reportage di Vittorio Agnoletto dal Festival del Cinema di Locarno POESIA ED ANARCHIA DALL\u2019AMERICA LATINA Diversi sono i titoli\",\"breadcrumb\":{\"@id\":\"https:\/\/www.pressenza.com\/it\/2015\/08\/locarno-2015-poesia-ed-anarchia-dallamerica-latina\/#breadcrumb\"},\"inLanguage\":\"it-IT\",\"potentialAction\":[{\"@type\":\"ReadAction\",\"target\":[\"https:\/\/www.pressenza.com\/it\/2015\/08\/locarno-2015-poesia-ed-anarchia-dallamerica-latina\/\"]}]},{\"@type\":\"ImageObject\",\"inLanguage\":\"it-IT\",\"@id\":\"https:\/\/www.pressenza.com\/it\/2015\/08\/locarno-2015-poesia-ed-anarchia-dallamerica-latina\/#primaryimage\",\"url\":\"https:\/\/www.pressenza.com\/wp-content\/uploads\/2015\/08\/Te-prometo-anarqu--a.jpg\",\"contentUrl\":\"https:\/\/www.pressenza.com\/wp-content\/uploads\/2015\/08\/Te-prometo-anarqu--a.jpg\",\"width\":1080,\"height\":608},{\"@type\":\"BreadcrumbList\",\"@id\":\"https:\/\/www.pressenza.com\/it\/2015\/08\/locarno-2015-poesia-ed-anarchia-dallamerica-latina\/#breadcrumb\",\"itemListElement\":[{\"@type\":\"ListItem\",\"position\":1,\"name\":\"Accueil\",\"item\":\"https:\/\/www.pressenza.com\/it\/\"},{\"@type\":\"ListItem\",\"position\":2,\"name\":\"Locarno 2015: poesia ed anarchia dall&#8217;America Latina\"}]},{\"@type\":\"WebSite\",\"@id\":\"https:\/\/www.pressenza.com\/it\/#website\",\"url\":\"https:\/\/www.pressenza.com\/it\/\",\"name\":\"Pressenza\",\"description\":\"Agenzia di Stampa Internazionale\",\"publisher\":{\"@id\":\"https:\/\/www.pressenza.com\/it\/#organization\"},\"potentialAction\":[{\"@type\":\"SearchAction\",\"target\":{\"@type\":\"EntryPoint\",\"urlTemplate\":\"https:\/\/www.pressenza.com\/it\/?s={search_term_string}\"},\"query-input\":{\"@type\":\"PropertyValueSpecification\",\"valueRequired\":true,\"valueName\":\"search_term_string\"}}],\"inLanguage\":\"it-IT\"},{\"@type\":\"Organization\",\"@id\":\"https:\/\/www.pressenza.com\/it\/#organization\",\"name\":\"Pressenza\",\"url\":\"https:\/\/www.pressenza.com\/it\/\",\"logo\":{\"@type\":\"ImageObject\",\"inLanguage\":\"it-IT\",\"@id\":\"https:\/\/www.pressenza.com\/it\/#\/schema\/logo\/image\/\",\"url\":\"https:\/\/www.pressenza.com\/wp-content\/uploads\/2022\/10\/pressenza_logo_200x200.jpg\",\"contentUrl\":\"https:\/\/www.pressenza.com\/wp-content\/uploads\/2022\/10\/pressenza_logo_200x200.jpg\",\"width\":200,\"height\":200,\"caption\":\"Pressenza\"},\"image\":{\"@id\":\"https:\/\/www.pressenza.com\/it\/#\/schema\/logo\/image\/\"},\"sameAs\":[\"https:\/\/www.facebook.com\/PressenzaItalia\",\"https:\/\/x.com\/PressenzaIPA\"]},{\"@type\":\"Person\",\"@id\":\"https:\/\/www.pressenza.com\/it\/#\/schema\/person\/1189fd24c9fc93fc7535b50db4e1c930\",\"name\":\"Vittorio Agnoletto\",\"sameAs\":[\"https:\/\/www.facebook.com\/vittorio.agnoletto\"],\"url\":\"https:\/\/www.pressenza.com\/it\/author\/vittorio-agnoletto\/\"}]}<\/script>\n<!-- \/ Yoast SEO plugin. -->","yoast_head_json":{"title":"Locarno 2015: poesia ed anarchia dall'America Latina","description":"V ed ultima puntata del reportage di Vittorio Agnoletto dal Festival del Cinema di Locarno POESIA ED ANARCHIA DALL\u2019AMERICA LATINA Diversi sono i titoli","robots":{"index":"index","follow":"follow","max-snippet":"max-snippet:-1","max-image-preview":"max-image-preview:large","max-video-preview":"max-video-preview:-1"},"canonical":"https:\/\/www.pressenza.com\/it\/2015\/08\/locarno-2015-poesia-ed-anarchia-dallamerica-latina\/","og_locale":"it_IT","og_type":"article","og_title":"Locarno 2015: poesia ed anarchia dall'America Latina","og_description":"V ed ultima puntata del reportage di Vittorio Agnoletto dal Festival del Cinema di Locarno POESIA ED ANARCHIA DALL\u2019AMERICA LATINA Diversi sono i titoli","og_url":"https:\/\/www.pressenza.com\/it\/2015\/08\/locarno-2015-poesia-ed-anarchia-dallamerica-latina\/","og_site_name":"Pressenza","article_publisher":"https:\/\/www.facebook.com\/PressenzaItalia","article_author":"https:\/\/www.facebook.com\/vittorio.agnoletto","article_published_time":"2015-08-25T12:17:30+00:00","article_modified_time":"2015-08-25T12:21:27+00:00","og_image":[{"width":1080,"height":608,"url":"https:\/\/www.pressenza.com\/wp-content\/uploads\/2015\/08\/Te-prometo-anarqu--a.jpg","type":"image\/jpeg"}],"author":"Vittorio Agnoletto","twitter_card":"summary_large_image","twitter_creator":"@PressenzaIPA","twitter_site":"@PressenzaIPA","twitter_misc":{"Scritto da":"Vittorio Agnoletto","Tempo di lettura stimato":"5 minuti"},"schema":{"@context":"https:\/\/schema.org","@graph":[{"@type":"Article","@id":"https:\/\/www.pressenza.com\/it\/2015\/08\/locarno-2015-poesia-ed-anarchia-dallamerica-latina\/#article","isPartOf":{"@id":"https:\/\/www.pressenza.com\/it\/2015\/08\/locarno-2015-poesia-ed-anarchia-dallamerica-latina\/"},"author":{"name":"Vittorio Agnoletto","@id":"https:\/\/www.pressenza.com\/it\/#\/schema\/person\/1189fd24c9fc93fc7535b50db4e1c930"},"headline":"Locarno 2015: poesia ed anarchia dall&#8217;America Latina","datePublished":"2015-08-25T12:17:30+00:00","dateModified":"2015-08-25T12:21:27+00:00","mainEntityOfPage":{"@id":"https:\/\/www.pressenza.com\/it\/2015\/08\/locarno-2015-poesia-ed-anarchia-dallamerica-latina\/"},"wordCount":988,"publisher":{"@id":"https:\/\/www.pressenza.com\/it\/#organization"},"image":{"@id":"https:\/\/www.pressenza.com\/it\/2015\/08\/locarno-2015-poesia-ed-anarchia-dallamerica-latina\/#primaryimage"},"thumbnailUrl":"https:\/\/www.pressenza.com\/wp-content\/uploads\/2015\/08\/Te-prometo-anarqu--a.jpg","keywords":["America Latina","anarchia","Festival del cinema di Locarno","Iran","Locarno 2015"],"articleSection":["contenuti originali","Cultura e Media","Europa"],"inLanguage":"it-IT"},{"@type":"WebPage","@id":"https:\/\/www.pressenza.com\/it\/2015\/08\/locarno-2015-poesia-ed-anarchia-dallamerica-latina\/","url":"https:\/\/www.pressenza.com\/it\/2015\/08\/locarno-2015-poesia-ed-anarchia-dallamerica-latina\/","name":"Locarno 2015: poesia ed anarchia dall'America Latina","isPartOf":{"@id":"https:\/\/www.pressenza.com\/it\/#website"},"primaryImageOfPage":{"@id":"https:\/\/www.pressenza.com\/it\/2015\/08\/locarno-2015-poesia-ed-anarchia-dallamerica-latina\/#primaryimage"},"image":{"@id":"https:\/\/www.pressenza.com\/it\/2015\/08\/locarno-2015-poesia-ed-anarchia-dallamerica-latina\/#primaryimage"},"thumbnailUrl":"https:\/\/www.pressenza.com\/wp-content\/uploads\/2015\/08\/Te-prometo-anarqu--a.jpg","datePublished":"2015-08-25T12:17:30+00:00","dateModified":"2015-08-25T12:21:27+00:00","description":"V ed ultima puntata del reportage di Vittorio Agnoletto dal Festival del Cinema di Locarno POESIA ED ANARCHIA DALL\u2019AMERICA LATINA Diversi sono i titoli","breadcrumb":{"@id":"https:\/\/www.pressenza.com\/it\/2015\/08\/locarno-2015-poesia-ed-anarchia-dallamerica-latina\/#breadcrumb"},"inLanguage":"it-IT","potentialAction":[{"@type":"ReadAction","target":["https:\/\/www.pressenza.com\/it\/2015\/08\/locarno-2015-poesia-ed-anarchia-dallamerica-latina\/"]}]},{"@type":"ImageObject","inLanguage":"it-IT","@id":"https:\/\/www.pressenza.com\/it\/2015\/08\/locarno-2015-poesia-ed-anarchia-dallamerica-latina\/#primaryimage","url":"https:\/\/www.pressenza.com\/wp-content\/uploads\/2015\/08\/Te-prometo-anarqu--a.jpg","contentUrl":"https:\/\/www.pressenza.com\/wp-content\/uploads\/2015\/08\/Te-prometo-anarqu--a.jpg","width":1080,"height":608},{"@type":"BreadcrumbList","@id":"https:\/\/www.pressenza.com\/it\/2015\/08\/locarno-2015-poesia-ed-anarchia-dallamerica-latina\/#breadcrumb","itemListElement":[{"@type":"ListItem","position":1,"name":"Accueil","item":"https:\/\/www.pressenza.com\/it\/"},{"@type":"ListItem","position":2,"name":"Locarno 2015: poesia ed anarchia dall&#8217;America Latina"}]},{"@type":"WebSite","@id":"https:\/\/www.pressenza.com\/it\/#website","url":"https:\/\/www.pressenza.com\/it\/","name":"Pressenza","description":"Agenzia di Stampa Internazionale","publisher":{"@id":"https:\/\/www.pressenza.com\/it\/#organization"},"potentialAction":[{"@type":"SearchAction","target":{"@type":"EntryPoint","urlTemplate":"https:\/\/www.pressenza.com\/it\/?s={search_term_string}"},"query-input":{"@type":"PropertyValueSpecification","valueRequired":true,"valueName":"search_term_string"}}],"inLanguage":"it-IT"},{"@type":"Organization","@id":"https:\/\/www.pressenza.com\/it\/#organization","name":"Pressenza","url":"https:\/\/www.pressenza.com\/it\/","logo":{"@type":"ImageObject","inLanguage":"it-IT","@id":"https:\/\/www.pressenza.com\/it\/#\/schema\/logo\/image\/","url":"https:\/\/www.pressenza.com\/wp-content\/uploads\/2022\/10\/pressenza_logo_200x200.jpg","contentUrl":"https:\/\/www.pressenza.com\/wp-content\/uploads\/2022\/10\/pressenza_logo_200x200.jpg","width":200,"height":200,"caption":"Pressenza"},"image":{"@id":"https:\/\/www.pressenza.com\/it\/#\/schema\/logo\/image\/"},"sameAs":["https:\/\/www.facebook.com\/PressenzaItalia","https:\/\/x.com\/PressenzaIPA"]},{"@type":"Person","@id":"https:\/\/www.pressenza.com\/it\/#\/schema\/person\/1189fd24c9fc93fc7535b50db4e1c930","name":"Vittorio Agnoletto","sameAs":["https:\/\/www.facebook.com\/vittorio.agnoletto"],"url":"https:\/\/www.pressenza.com\/it\/author\/vittorio-agnoletto\/"}]}},"place":"","original_article_url":"","_links":{"self":[{"href":"https:\/\/www.pressenza.com\/it\/wp-json\/wp\/v2\/posts\/213819","targetHints":{"allow":["GET"]}}],"collection":[{"href":"https:\/\/www.pressenza.com\/it\/wp-json\/wp\/v2\/posts"}],"about":[{"href":"https:\/\/www.pressenza.com\/it\/wp-json\/wp\/v2\/types\/post"}],"author":[{"embeddable":true,"href":"https:\/\/www.pressenza.com\/it\/wp-json\/wp\/v2\/users\/975"}],"replies":[{"embeddable":true,"href":"https:\/\/www.pressenza.com\/it\/wp-json\/wp\/v2\/comments?post=213819"}],"version-history":[{"count":0,"href":"https:\/\/www.pressenza.com\/it\/wp-json\/wp\/v2\/posts\/213819\/revisions"}],"wp:featuredmedia":[{"embeddable":true,"href":"https:\/\/www.pressenza.com\/it\/wp-json\/wp\/v2\/media\/213822"}],"wp:attachment":[{"href":"https:\/\/www.pressenza.com\/it\/wp-json\/wp\/v2\/media?parent=213819"}],"wp:term":[{"taxonomy":"category","embeddable":true,"href":"https:\/\/www.pressenza.com\/it\/wp-json\/wp\/v2\/categories?post=213819"},{"taxonomy":"post_tag","embeddable":true,"href":"https:\/\/www.pressenza.com\/it\/wp-json\/wp\/v2\/tags?post=213819"}],"curies":[{"name":"wp","href":"https:\/\/api.w.org\/{rel}","templated":true}]}}