{"id":213505,"date":"2015-08-24T12:32:36","date_gmt":"2015-08-24T11:32:36","guid":{"rendered":"http:\/\/www.pressenza.com\/it\/?p=213505"},"modified":"2015-08-24T21:36:31","modified_gmt":"2015-08-24T20:36:31","slug":"la-battaglia-tra-i-valori-neoliberali-e-quelli-democratici","status":"publish","type":"post","link":"https:\/\/www.pressenza.com\/it\/2015\/08\/la-battaglia-tra-i-valori-neoliberali-e-quelli-democratici\/","title":{"rendered":"La battaglia tra i valori neoliberisti e quelli democratici"},"content":{"rendered":"<p><em>Una delegazione di umanisti \u00e8 stata di recente invitata in Grecia a fare due interventi, durante l\u2019evento Tedx a Anogeia, nell\u2019isola di Creta e ha partecipato a incontri con membri del governo nazionale e locale greco. Faceva parte della delegazione <\/em><strong><em>Antonio Carvallo<\/em><\/strong><em>, ex Segretario Generale dell\u2019Internazionale Umanista. Durante un dibattito sulla crisi in Grecia, ha sviluppato questa analisi, che siamo lieti di aver trascritto e di presentare ora ai nostri lettori. <\/em><\/p>\n<p>La nostra percezione \u00e8 che siamo in un momento di enorme cambiamento per il pianeta, come se delle placche tettoniche si stessero muovendo. Dopo la Seconda Guerra Mondiale abbiamo vissuto in un mondo bipolare. Dopo la guerra l\u2019unico potere in Occidente erano gli Stati Uniti d\u2019America. La Gran Bretagna non ha vinto, ma perso, giacch\u00e9 ha perso l\u2019impero, che rappresentava la fonte del suo potere come forza lavoro a basso costo. Ha perso l\u2019India e le colonie africane e di conseguenza gli Stati Uniti hanno preso il sopravvento. Invece di usare la forza militare per controllare le nazioni, hanno messo in moto le istituzioni finanziarie, ovvero le banche. Hanno creato le istituzioni di Bretton Woods, cio\u00e8 la Banca Mondiale, il Fondo Monetario Internazionale e tutti i sistemi di controllo.<\/p>\n<p>Cos\u00ec hanno imposto ai poteri coloniali la concessione di una libert\u00e0 politica apparente. Ovviamente non hanno mai creduto nella libert\u00e0 politica, poich\u00e9 manipolavano le nazioni in altri modi. La Gran Bretagna, per esempio, ha finito di ripagare i suoi debiti di guerra solo 10 anni fa. Attraverso il Piano Marshall gli USA hanno aiutato l\u2019Europa con un sostegno finanziario, per averne il controllo. L\u2019Europa ha usato i soldi per la ricostruzione, ma gli Usa hanno mantenuto il controllo indiretto di tutte le industrie chiave.<\/p>\n<p>Hanno conservato il controllo militare grazie alla NATO, che proteggeva il mondo dal comunismo. Tutte le volte che gli Stati Uniti volevano andare in guerra, per esempio in Vietnam e in altri luoghi, dovevano stampare nuove banconote. Siccome avevano il controllo di tutti i sistemi finanziari del mondo, potevano in questo modo esportare il costo delle guerre scaricandolo sulle altre nazioni. Questo sistema ha funzionato per oltre sessant\u2019anni; gli Stati Uniti erano la grande potenza egemone ma con la perestoika &#8211; i cambiamenti interni avvenuti in Russia, dove avevano capito bene i processi &#8211; la Cortina di Ferro \u00e8 crollata. Il Partito Comunista si \u00e8 sciolto e il mondo bipolare, che giustificava il controllo dell\u2019America sull\u2019Europa, \u00e8 sparito.<\/p>\n<p>Cos\u00ec gli americani hanno detto: \u201d Abbiamo vinto la Guerra Fredda. Siamo la potenza pi\u00f9 grande del mondo, quindi dettiamo le condizioni\u201d. Hanno continuato ovunque a rafforzare il sistema finanziario, ma in realt\u00e0 l\u2019Europa ha iniziato a consolidarsi e svilupparsi in maniera consistente. Si costituisce l\u2019Unione Europea e le istituzioni europee cominciano a funzionare. L\u2019euro si afferma come moneta unica. In Europa ci sono mezzo miliardo di persone con un ottimo tenore di vita e la cultura europea \u00e8 molto antica, con molte possibilit\u00e0 di ricevere un\u2019adeguata educazione. Cos\u00ec l\u2019Europa \u00e8 diventata pi\u00f9 ricca degli USA. Il PIL europeo \u00e8 all\u2019incirca di 18\/20 miliardi di dollari, quello americano \u00e8 di 16.5 miliardi. Se aggiungessimo la Russia e l\u2019Ucraina al sistema europeo, il PIL raggiungerebbe la cifra di 25 miliardi. Alla luce di questi dati gli USA stanno perdendo la loro egemonia. L\u2019 Europa non \u00e8 pi\u00f9 il vassallo degli Stati Uniti. E\u2019 stata per molti anni loro schiava e questo cambiamento gli sta creando considerevoli problemi.<\/p>\n<p>D\u2019altra parte la Cina sta diventando l\u2019economia pi\u00f9 grande del mondo e inizia ad avere il controllo geopolitico dell\u2019Asia e del Pacifico. In effetti l\u2019America sta perdendo il suo potere e diventando solo una delle tre grandi regioni del pianeta. Questo causa enormi problemi economici agli Stati Uniti, poich\u00e9 non possono esportare i loro problemi economici, scaricandoli su altre parti del mondo.<\/p>\n<p>La Cina sta producendo la maggior parte dei prodotti venduti nei nostri supermercati in Occidente. Ha un bilancio commerciale molto positivo grazie alla forza lavoro sottopagata. Non sapendo cosa fare con i profitti, la Cina ha deciso di acquistare i buoni del tesoro americani. Miliardi di dollari che ogni anno sono stati recuperati dal Ministero del Tesoro americano.<\/p>\n<p>Quando la recessione \u00e8 iniziata, la Cina ha intuito che era stata creata dagli americani e dalle loro istituzioni finanziarie. Il Ministro delle Finanze cinese allora ha detto alla sua controparte americana: \u201dFino a ieri volevamo essere come voi, ma da oggi guardiamo nella direzione opposta\u201d.<\/p>\n<p>Quindi in realt\u00e0 nella situazione attuale non stanno recuperando tutti gli investimenti fatti in Cina e il dollaro americano \u00e8 in una posizione difficile. In termini geopolitici l\u2019America vuole indebolire l\u2019Europa. Al momento il principale obiettivo \u00e8 il vecchio continente, ma non possono dirlo perch\u00e9 l\u2019Europa \u00e8 il loro alleato, cos\u00ec fanno il doppio gioco. Hanno creato guerre tutt\u2019intorno ai suoi confini (Iraq, Siria, Libia, Ucraina), con lo scopo di bloccare il flusso di energia a basso costo proveniente dalla Russia. Tutto ci\u00f2 ha dato agli americani l\u2019opportunit\u00e0 di rafforzare la NATO e di vendere pi\u00f9 armi all\u2019Europa, che si \u00e8 impegnata a investire il 2% del PIL nella difesa. Loro forniscono la difesa, hanno le armi migliori, i migliori aerei. Questo \u00e8 quello che gli Stati Uniti sostengono. Il 2% corrisponde a una spesa di circa 360 miliardi all\u2019anno, la maggior parte dei quali va agli Stati Uniti.<\/p>\n<p>Come risultato delle guerre intorno all\u2018Europa stiamo assistendo a un aumento dell\u2019immigrazione e del terrorismo. L\u2019Europa \u00e8 in uno stato di panico, con un conseguente squilibrio interno. Il terrorismo sta crescendo. I gruppi finanziari in America che hanno legami con le banche tedesche e britanniche vogliono ora indebolire gli stati nazionali, che esistono da duecento anni; prima di essi c\u2019erano i regni.<\/p>\n<p>Vogliono liberarsi degli stati nazionali, perch\u00e9 essi rappresentano il potere dei popoli e cos\u00ec promuovono politiche dove tutto deve essere privatizzato, tutti i servizi fondamentali: elettricit\u00e0, acqua, educazione, sanit\u00e0, case, strade ecc. Tutto deve essere privato.<\/p>\n<p>Nel Regno Unito hanno appena privatizzato la Royal Mail, che era uno dei migliori servizi postali nel mondo, vendendola sul mercato per 1.5 miliardi di sterline; due mesi dopo il valore delle azioni sul mercato finanziario era di 3 miliardi di sterline. In altre parole hanno preso i soldi della gente e li hanno dati alle corporations, che ne hanno tratto un profitto. Ora vogliono distruggere lo stato nazionale in Grecia prendendosi tutti i beni: porti, aeroporti, isole, scuole. In questo modo emetteranno azioni su tutti i beni immobili e le propriet\u00e0 del paese, vendute in seguito sul mercato internazionale.<\/p>\n<p>La Grecia viene trattata come se fosse un\u2019azienda. Stanno togliendo il potere alla gente per consegnarlo ai mercati. Stanno facendo un esperimento ed \u00e8 questa la ragione del loro interesse per quello che succede qui. In un\u2019analisi pubblicata su alcuni media internazionali cinesi, si asserisce che anche se la Grecia dovesse andare in bancarotta, per la terza volta, la Germania riuscirebbe a trarne profitto.<\/p>\n<p>In Gran Bretagna il governo sta inoltre tentando di privatizzare il servizio sanitario nazionale, che \u00e8 uno dei pi\u00f9 efficienti al mondo. Se si affronta un\u2019operazione chirurgica non si deve pagare nulla e le cure sono eccellenti.<\/p>\n<p>Hanno convinto la gente che i mercati finanziari creano ricchezza e noi siamo solo degli esseri inutili, che approfittano dei benefici creati dai mercati. Questo \u00e8 un inganno, una bugia. Sono solo le persone a creare ricchezza. Cambiano tutto da un punto di vista ideologico e ci convincono di cose che sono sbagliate.<\/p>\n<p>Prendiamo il caso della Cina, diventata indipendente nel 1948, dopo la Lunga Marcia di Mao Zedong che ha unificato il paese, con i nazionalisti che sono andati a Taiwan. Dopo anni di guerra civile, la Cina era in uno stato di assoluta povert\u00e0, senza una capitale, strade, dighe. Avevano bisogno di grandi dighe per contenere l\u2019acqua nei fiumi, ma l\u2019Occidente non voleva aiutarli, perch\u00e9 era un paese comunista e i russi non potevano appoggiarli, perch\u00e9 neanche loro avevano le risorse economiche sufficienti per farlo. Cos\u00ec il popolo cinese si \u00e8 messo a costruire tutto con le sue mani. Hanno trasportato le pietre per la costruzione delle strade e dopo 40\/50 anni sono diventati l\u2019economia pi\u00f9 grande del mondo.<\/p>\n<p>Alla fine chi ha creato la ricchezza? I mercati? Chi ha costruito l\u2019Europa dopo la Seconda Guerra Mondiale, i mercati o i popoli? Quali sono i pi\u00f9 grandi beni in Grecia, in Europa e in ogni paese? Sono le persone. Ogni giorno noi creiamo ricchezza e loro la rubano e impoveriscono la gente. Al momento assistiamo a una lotta continua contro lo Stato Nazionale; \u00e8 una battaglia tra i valori democratici e quelli neoliberisti. Le persone per\u00f2 sono confuse, perch\u00e9 la storia si sta evolvendo molto velocemente. Questo \u00e8 il motivo per cui noi come umanisti in differenti parti del mondo stiamo riflettendo, stiamo studiando e ci stiamo allenando per rafforzare i valori della nonviolenza e la fede nella nostra evoluzione come individui. Inoltre stiamo pensando e riflettendo su come vogliamo che le nostre societ\u00e0 siano in futuro.<\/p>\n<p>Stiamo cercando di non soffermarci troppo sul passato, ma su come la societ\u00e0 potr\u00e0 essere tra 50 anni. Come vogliamo che sia il mondo?<\/p>\n<p>Siamo in un momento di grande cambiamento della societ\u00e0, un grande passo avanti per la civilt\u00e0, ma ci sono anche molti poteri distruttivi; una potenza imperialista si sta disintegrando e genera molta violenza in differenti parti del mondo. C\u2019\u00e8 il rischio di una guerra in Ucraina e conflitti in altre parti del mondo. \u00c8 per questo che siamo molto preoccupati per la minaccia nucleare e cerchiamo di sensibilizzare la gente sull\u2019argomento. Esiste il forte rischio di un incidente nucleare; vogliamo quindi rafforzarci come individui e avere una visione molto chiara e un centro di gravit\u00e0 interno, perch\u00e9 nel mondo stanno avvenendo molti cambiamenti.<\/p>\n<p>Abbiamo a disposizione molti strumenti per questo, poich\u00e9 abbiamo il privilegio di condividere la filosofia di Silo, il fondatore del movimento che ha anticipato i processi di cui stiamo parlando. Silo spiega che solo tu puoi assumerti la responsabilit\u00e0 della tua vita e del tuo sviluppo. Nessuno pu\u00f2 farlo al posto tuo. Si tratta di una responsabilit\u00e0 individuale, che dobbiamo prendere nelle nostre mani.<\/p>\n<p>Quando una persona inizia a pensare in questo modo, cambia la propria posizione nei confronti del mondo. Non aspetta pi\u00f9 che i governi, gli altri o Dio risolvano i problemi. Ti assumi le tue responsabilit\u00e0 e fai del tuo meglio per gli altri esseri umani che ti stanno intorno. Questo tipo di approccio pu\u00f2 renderci molto forti, capaci di avanzare in mezzo a tutta questa confusione.<\/p>\n<p>Il processo storico si sta accelerando, come il tempo stesso. Ora possiamo sapere all\u2019istante cosa succede in Cina e nel resto del mondo. Anche il nostro tempo mentale si accelera in maniera vorticosa. Possiamo immaginare qualsiasi parte del mondo. Se vogliamo sapere, ad esempio, dove sia Anogeia, basta cercare su Google Maps per avere subito un\u2019immagine. In questo modo anche il nostro concetto di spazio sta cambiando. Possiamo spostarci da un paese all\u2019altro in modo molto veloce. \u00c8 costoso, ma possiamo farlo.<\/p>\n<p>Cos\u00ec alcuni concetti fondamentali di tempo e di spazio stanno radicalmente cambiando. Riceviamo ogni giorno migliaia di frammenti d\u2019informazione, che abbiamo bisogno di metabolizzare. Per questo dobbiamo avere un forte centro di gravit\u00e0 e abbiamo bisogno di lavorare a stretto contatto con altri esseri umani che hanno la stessa sensibilit\u00e0. Quando facciamo cos\u00ec niente pu\u00f2 pi\u00f9 farci paura, perch\u00e9 abbiamo tante cose preziose con cui possiamo avanzare verso il futuro.<\/p>\n<p><strong><em>Antonio Carvallo<\/em><\/strong><\/p>\n<p>Traduzione dall\u2018inglese di Paola Mola<\/p>\n<p>&nbsp;<\/p>\n<p>&nbsp;<\/p>\n<p>&nbsp;<\/p>\n<p>&nbsp;<\/p>\n<p>&nbsp;<\/p>\n<p>&nbsp;<\/p>\n<p>&nbsp;<\/p>\n<p>&nbsp;<\/p>\n<p><em><strong>\u00a0<\/strong><\/em><\/p>\n<p>&nbsp;<\/p>\n<p>&nbsp;<\/p>\n<p>&nbsp;<\/p>\n<p>&nbsp;<\/p>\n","protected":false},"excerpt":{"rendered":"<p>Una delegazione di umanisti \u00e8 stata di recente invitata in Grecia a fare due interventi, durante l\u2019evento Tedx a Anogeia, nell\u2019isola di Creta e ha partecipato a incontri con membri del governo nazionale e locale greco. Faceva parte della delegazione&hellip;<\/p>\n","protected":false},"author":1014,"featured_media":210812,"comment_status":"closed","ping_status":"open","sticky":false,"template":"","format":"standard","meta":{"footnotes":""},"categories":[11388,162,1260],"tags":[19171,914,4915,19321,8306,2689,19322,1453],"class_list":["post-213505","post","type-post","status-publish","format-standard","has-post-thumbnail","hentry","category-contenuti-originali","category-opinioni","category-umanesimo-spiritualita","tag-antonio-carvallo","tag-cina","tag-gran-bretagna","tag-internazionale-umanista","tag-neoliberismo","tag-privatizzazioni","tag-unione-sovietica","tag-usa-it"],"yoast_head":"<!-- This site is optimized with the Yoast SEO plugin v27.1.1 - https:\/\/yoast.com\/product\/yoast-seo-wordpress\/ -->\n<title>La battaglia tra i valori neoliberisti e quelli democratici<\/title>\n<meta name=\"description\" content=\"Una delegazione di umanisti \u00e8 stata di recente invitata in Grecia a fare due interventi, durante l\u2019evento Tedx a Anogeia, nell\u2019isola di Creta e ha\" \/>\n<meta name=\"robots\" content=\"index, follow, max-snippet:-1, max-image-preview:large, max-video-preview:-1\" \/>\n<link rel=\"canonical\" href=\"https:\/\/www.pressenza.com\/it\/2015\/08\/la-battaglia-tra-i-valori-neoliberali-e-quelli-democratici\/\" \/>\n<meta property=\"og:locale\" content=\"it_IT\" \/>\n<meta property=\"og:type\" content=\"article\" \/>\n<meta property=\"og:title\" content=\"La battaglia tra i valori neoliberisti e quelli democratici\" \/>\n<meta property=\"og:description\" content=\"Una delegazione di umanisti \u00e8 stata di recente invitata in Grecia a fare due interventi, durante l\u2019evento Tedx a Anogeia, nell\u2019isola di Creta e ha\" \/>\n<meta property=\"og:url\" content=\"https:\/\/www.pressenza.com\/it\/2015\/08\/la-battaglia-tra-i-valori-neoliberali-e-quelli-democratici\/\" \/>\n<meta property=\"og:site_name\" content=\"Pressenza\" \/>\n<meta property=\"article:publisher\" content=\"https:\/\/www.facebook.com\/PressenzaItalia\" \/>\n<meta property=\"article:author\" content=\"https:\/\/www.facebook.com\/PressenzaEnglish\/\" \/>\n<meta property=\"article:published_time\" content=\"2015-08-24T11:32:36+00:00\" \/>\n<meta property=\"article:modified_time\" content=\"2015-08-24T20:36:31+00:00\" \/>\n<meta property=\"og:image\" content=\"https:\/\/www.pressenza.com\/wp-content\/uploads\/2015\/08\/Humanist-delegation-in-Crete.jpg\" \/>\n\t<meta property=\"og:image:width\" content=\"4128\" \/>\n\t<meta property=\"og:image:height\" content=\"2322\" \/>\n\t<meta property=\"og:image:type\" content=\"image\/jpeg\" \/>\n<meta name=\"author\" content=\"Pressenza Budapest\" \/>\n<meta name=\"twitter:card\" content=\"summary_large_image\" \/>\n<meta name=\"twitter:creator\" content=\"@PressenzaIPA\" \/>\n<meta name=\"twitter:site\" content=\"@PressenzaIPA\" \/>\n<meta name=\"twitter:label1\" content=\"Scritto da\" \/>\n\t<meta name=\"twitter:data1\" content=\"Pressenza Budapest\" \/>\n\t<meta name=\"twitter:label2\" content=\"Tempo di lettura stimato\" \/>\n\t<meta name=\"twitter:data2\" content=\"10 minuti\" \/>\n<script type=\"application\/ld+json\" class=\"yoast-schema-graph\">{\"@context\":\"https:\/\/schema.org\",\"@graph\":[{\"@type\":\"Article\",\"@id\":\"https:\/\/www.pressenza.com\/it\/2015\/08\/la-battaglia-tra-i-valori-neoliberali-e-quelli-democratici\/#article\",\"isPartOf\":{\"@id\":\"https:\/\/www.pressenza.com\/it\/2015\/08\/la-battaglia-tra-i-valori-neoliberali-e-quelli-democratici\/\"},\"author\":{\"name\":\"Pressenza Budapest\",\"@id\":\"https:\/\/www.pressenza.com\/it\/#\/schema\/person\/bce749c92532068a7a2de4f8a4a182e0\"},\"headline\":\"La battaglia tra i valori neoliberisti e quelli democratici\",\"datePublished\":\"2015-08-24T11:32:36+00:00\",\"dateModified\":\"2015-08-24T20:36:31+00:00\",\"mainEntityOfPage\":{\"@id\":\"https:\/\/www.pressenza.com\/it\/2015\/08\/la-battaglia-tra-i-valori-neoliberali-e-quelli-democratici\/\"},\"wordCount\":1937,\"publisher\":{\"@id\":\"https:\/\/www.pressenza.com\/it\/#organization\"},\"image\":{\"@id\":\"https:\/\/www.pressenza.com\/it\/2015\/08\/la-battaglia-tra-i-valori-neoliberali-e-quelli-democratici\/#primaryimage\"},\"thumbnailUrl\":\"https:\/\/www.pressenza.com\/wp-content\/uploads\/2015\/08\/Humanist-delegation-in-Crete.jpg\",\"keywords\":[\"Antonio Carvallo\",\"Cina\",\"Gran Bretagna\",\"Internazionale Umanista\",\"neoliberismo\",\"privatizzazioni\",\"Unione Sovietica\",\"USA\"],\"articleSection\":[\"contenuti originali\",\"Opinioni\",\"Umanesimo e Spiritualit\u00e0\"],\"inLanguage\":\"it-IT\"},{\"@type\":\"WebPage\",\"@id\":\"https:\/\/www.pressenza.com\/it\/2015\/08\/la-battaglia-tra-i-valori-neoliberali-e-quelli-democratici\/\",\"url\":\"https:\/\/www.pressenza.com\/it\/2015\/08\/la-battaglia-tra-i-valori-neoliberali-e-quelli-democratici\/\",\"name\":\"La battaglia tra i valori neoliberisti e quelli democratici\",\"isPartOf\":{\"@id\":\"https:\/\/www.pressenza.com\/it\/#website\"},\"primaryImageOfPage\":{\"@id\":\"https:\/\/www.pressenza.com\/it\/2015\/08\/la-battaglia-tra-i-valori-neoliberali-e-quelli-democratici\/#primaryimage\"},\"image\":{\"@id\":\"https:\/\/www.pressenza.com\/it\/2015\/08\/la-battaglia-tra-i-valori-neoliberali-e-quelli-democratici\/#primaryimage\"},\"thumbnailUrl\":\"https:\/\/www.pressenza.com\/wp-content\/uploads\/2015\/08\/Humanist-delegation-in-Crete.jpg\",\"datePublished\":\"2015-08-24T11:32:36+00:00\",\"dateModified\":\"2015-08-24T20:36:31+00:00\",\"description\":\"Una delegazione di umanisti \u00e8 stata di recente invitata in Grecia a fare due interventi, durante l\u2019evento Tedx a Anogeia, nell\u2019isola di Creta e ha\",\"breadcrumb\":{\"@id\":\"https:\/\/www.pressenza.com\/it\/2015\/08\/la-battaglia-tra-i-valori-neoliberali-e-quelli-democratici\/#breadcrumb\"},\"inLanguage\":\"it-IT\",\"potentialAction\":[{\"@type\":\"ReadAction\",\"target\":[\"https:\/\/www.pressenza.com\/it\/2015\/08\/la-battaglia-tra-i-valori-neoliberali-e-quelli-democratici\/\"]}]},{\"@type\":\"ImageObject\",\"inLanguage\":\"it-IT\",\"@id\":\"https:\/\/www.pressenza.com\/it\/2015\/08\/la-battaglia-tra-i-valori-neoliberali-e-quelli-democratici\/#primaryimage\",\"url\":\"https:\/\/www.pressenza.com\/wp-content\/uploads\/2015\/08\/Humanist-delegation-in-Crete.jpg\",\"contentUrl\":\"https:\/\/www.pressenza.com\/wp-content\/uploads\/2015\/08\/Humanist-delegation-in-Crete.jpg\",\"width\":4128,\"height\":2322},{\"@type\":\"BreadcrumbList\",\"@id\":\"https:\/\/www.pressenza.com\/it\/2015\/08\/la-battaglia-tra-i-valori-neoliberali-e-quelli-democratici\/#breadcrumb\",\"itemListElement\":[{\"@type\":\"ListItem\",\"position\":1,\"name\":\"Accueil\",\"item\":\"https:\/\/www.pressenza.com\/it\/\"},{\"@type\":\"ListItem\",\"position\":2,\"name\":\"La battaglia tra i valori neoliberisti e quelli democratici\"}]},{\"@type\":\"WebSite\",\"@id\":\"https:\/\/www.pressenza.com\/it\/#website\",\"url\":\"https:\/\/www.pressenza.com\/it\/\",\"name\":\"Pressenza\",\"description\":\"Agenzia di Stampa Internazionale\",\"publisher\":{\"@id\":\"https:\/\/www.pressenza.com\/it\/#organization\"},\"potentialAction\":[{\"@type\":\"SearchAction\",\"target\":{\"@type\":\"EntryPoint\",\"urlTemplate\":\"https:\/\/www.pressenza.com\/it\/?s={search_term_string}\"},\"query-input\":{\"@type\":\"PropertyValueSpecification\",\"valueRequired\":true,\"valueName\":\"search_term_string\"}}],\"inLanguage\":\"it-IT\"},{\"@type\":\"Organization\",\"@id\":\"https:\/\/www.pressenza.com\/it\/#organization\",\"name\":\"Pressenza\",\"url\":\"https:\/\/www.pressenza.com\/it\/\",\"logo\":{\"@type\":\"ImageObject\",\"inLanguage\":\"it-IT\",\"@id\":\"https:\/\/www.pressenza.com\/it\/#\/schema\/logo\/image\/\",\"url\":\"https:\/\/www.pressenza.com\/wp-content\/uploads\/2022\/10\/pressenza_logo_200x200.jpg\",\"contentUrl\":\"https:\/\/www.pressenza.com\/wp-content\/uploads\/2022\/10\/pressenza_logo_200x200.jpg\",\"width\":200,\"height\":200,\"caption\":\"Pressenza\"},\"image\":{\"@id\":\"https:\/\/www.pressenza.com\/it\/#\/schema\/logo\/image\/\"},\"sameAs\":[\"https:\/\/www.facebook.com\/PressenzaItalia\",\"https:\/\/x.com\/PressenzaIPA\"]},{\"@type\":\"Person\",\"@id\":\"https:\/\/www.pressenza.com\/it\/#\/schema\/person\/bce749c92532068a7a2de4f8a4a182e0\",\"name\":\"Pressenza Budapest\",\"description\":\"News published by the Pressenza Bureau in Budapest, Hungary\",\"sameAs\":[\"https:\/\/www.facebook.com\/PressenzaEnglish\/\",\"https:\/\/x.com\/PressenzaIPA\"],\"url\":\"https:\/\/www.pressenza.com\/it\/author\/pressenza-budapest\/\"}]}<\/script>\n<!-- \/ Yoast SEO plugin. -->","yoast_head_json":{"title":"La battaglia tra i valori neoliberisti e quelli democratici","description":"Una delegazione di umanisti \u00e8 stata di recente invitata in Grecia a fare due interventi, durante l\u2019evento Tedx a Anogeia, nell\u2019isola di Creta e ha","robots":{"index":"index","follow":"follow","max-snippet":"max-snippet:-1","max-image-preview":"max-image-preview:large","max-video-preview":"max-video-preview:-1"},"canonical":"https:\/\/www.pressenza.com\/it\/2015\/08\/la-battaglia-tra-i-valori-neoliberali-e-quelli-democratici\/","og_locale":"it_IT","og_type":"article","og_title":"La battaglia tra i valori neoliberisti e quelli democratici","og_description":"Una delegazione di umanisti \u00e8 stata di recente invitata in Grecia a fare due interventi, durante l\u2019evento Tedx a Anogeia, nell\u2019isola di Creta e ha","og_url":"https:\/\/www.pressenza.com\/it\/2015\/08\/la-battaglia-tra-i-valori-neoliberali-e-quelli-democratici\/","og_site_name":"Pressenza","article_publisher":"https:\/\/www.facebook.com\/PressenzaItalia","article_author":"https:\/\/www.facebook.com\/PressenzaEnglish\/","article_published_time":"2015-08-24T11:32:36+00:00","article_modified_time":"2015-08-24T20:36:31+00:00","og_image":[{"width":4128,"height":2322,"url":"https:\/\/www.pressenza.com\/wp-content\/uploads\/2015\/08\/Humanist-delegation-in-Crete.jpg","type":"image\/jpeg"}],"author":"Pressenza Budapest","twitter_card":"summary_large_image","twitter_creator":"@PressenzaIPA","twitter_site":"@PressenzaIPA","twitter_misc":{"Scritto da":"Pressenza Budapest","Tempo di lettura stimato":"10 minuti"},"schema":{"@context":"https:\/\/schema.org","@graph":[{"@type":"Article","@id":"https:\/\/www.pressenza.com\/it\/2015\/08\/la-battaglia-tra-i-valori-neoliberali-e-quelli-democratici\/#article","isPartOf":{"@id":"https:\/\/www.pressenza.com\/it\/2015\/08\/la-battaglia-tra-i-valori-neoliberali-e-quelli-democratici\/"},"author":{"name":"Pressenza Budapest","@id":"https:\/\/www.pressenza.com\/it\/#\/schema\/person\/bce749c92532068a7a2de4f8a4a182e0"},"headline":"La battaglia tra i valori neoliberisti e quelli democratici","datePublished":"2015-08-24T11:32:36+00:00","dateModified":"2015-08-24T20:36:31+00:00","mainEntityOfPage":{"@id":"https:\/\/www.pressenza.com\/it\/2015\/08\/la-battaglia-tra-i-valori-neoliberali-e-quelli-democratici\/"},"wordCount":1937,"publisher":{"@id":"https:\/\/www.pressenza.com\/it\/#organization"},"image":{"@id":"https:\/\/www.pressenza.com\/it\/2015\/08\/la-battaglia-tra-i-valori-neoliberali-e-quelli-democratici\/#primaryimage"},"thumbnailUrl":"https:\/\/www.pressenza.com\/wp-content\/uploads\/2015\/08\/Humanist-delegation-in-Crete.jpg","keywords":["Antonio Carvallo","Cina","Gran Bretagna","Internazionale Umanista","neoliberismo","privatizzazioni","Unione Sovietica","USA"],"articleSection":["contenuti originali","Opinioni","Umanesimo e Spiritualit\u00e0"],"inLanguage":"it-IT"},{"@type":"WebPage","@id":"https:\/\/www.pressenza.com\/it\/2015\/08\/la-battaglia-tra-i-valori-neoliberali-e-quelli-democratici\/","url":"https:\/\/www.pressenza.com\/it\/2015\/08\/la-battaglia-tra-i-valori-neoliberali-e-quelli-democratici\/","name":"La battaglia tra i valori neoliberisti e quelli democratici","isPartOf":{"@id":"https:\/\/www.pressenza.com\/it\/#website"},"primaryImageOfPage":{"@id":"https:\/\/www.pressenza.com\/it\/2015\/08\/la-battaglia-tra-i-valori-neoliberali-e-quelli-democratici\/#primaryimage"},"image":{"@id":"https:\/\/www.pressenza.com\/it\/2015\/08\/la-battaglia-tra-i-valori-neoliberali-e-quelli-democratici\/#primaryimage"},"thumbnailUrl":"https:\/\/www.pressenza.com\/wp-content\/uploads\/2015\/08\/Humanist-delegation-in-Crete.jpg","datePublished":"2015-08-24T11:32:36+00:00","dateModified":"2015-08-24T20:36:31+00:00","description":"Una delegazione di umanisti \u00e8 stata di recente invitata in Grecia a fare due interventi, durante l\u2019evento Tedx a Anogeia, nell\u2019isola di Creta e ha","breadcrumb":{"@id":"https:\/\/www.pressenza.com\/it\/2015\/08\/la-battaglia-tra-i-valori-neoliberali-e-quelli-democratici\/#breadcrumb"},"inLanguage":"it-IT","potentialAction":[{"@type":"ReadAction","target":["https:\/\/www.pressenza.com\/it\/2015\/08\/la-battaglia-tra-i-valori-neoliberali-e-quelli-democratici\/"]}]},{"@type":"ImageObject","inLanguage":"it-IT","@id":"https:\/\/www.pressenza.com\/it\/2015\/08\/la-battaglia-tra-i-valori-neoliberali-e-quelli-democratici\/#primaryimage","url":"https:\/\/www.pressenza.com\/wp-content\/uploads\/2015\/08\/Humanist-delegation-in-Crete.jpg","contentUrl":"https:\/\/www.pressenza.com\/wp-content\/uploads\/2015\/08\/Humanist-delegation-in-Crete.jpg","width":4128,"height":2322},{"@type":"BreadcrumbList","@id":"https:\/\/www.pressenza.com\/it\/2015\/08\/la-battaglia-tra-i-valori-neoliberali-e-quelli-democratici\/#breadcrumb","itemListElement":[{"@type":"ListItem","position":1,"name":"Accueil","item":"https:\/\/www.pressenza.com\/it\/"},{"@type":"ListItem","position":2,"name":"La battaglia tra i valori neoliberisti e quelli democratici"}]},{"@type":"WebSite","@id":"https:\/\/www.pressenza.com\/it\/#website","url":"https:\/\/www.pressenza.com\/it\/","name":"Pressenza","description":"Agenzia di Stampa Internazionale","publisher":{"@id":"https:\/\/www.pressenza.com\/it\/#organization"},"potentialAction":[{"@type":"SearchAction","target":{"@type":"EntryPoint","urlTemplate":"https:\/\/www.pressenza.com\/it\/?s={search_term_string}"},"query-input":{"@type":"PropertyValueSpecification","valueRequired":true,"valueName":"search_term_string"}}],"inLanguage":"it-IT"},{"@type":"Organization","@id":"https:\/\/www.pressenza.com\/it\/#organization","name":"Pressenza","url":"https:\/\/www.pressenza.com\/it\/","logo":{"@type":"ImageObject","inLanguage":"it-IT","@id":"https:\/\/www.pressenza.com\/it\/#\/schema\/logo\/image\/","url":"https:\/\/www.pressenza.com\/wp-content\/uploads\/2022\/10\/pressenza_logo_200x200.jpg","contentUrl":"https:\/\/www.pressenza.com\/wp-content\/uploads\/2022\/10\/pressenza_logo_200x200.jpg","width":200,"height":200,"caption":"Pressenza"},"image":{"@id":"https:\/\/www.pressenza.com\/it\/#\/schema\/logo\/image\/"},"sameAs":["https:\/\/www.facebook.com\/PressenzaItalia","https:\/\/x.com\/PressenzaIPA"]},{"@type":"Person","@id":"https:\/\/www.pressenza.com\/it\/#\/schema\/person\/bce749c92532068a7a2de4f8a4a182e0","name":"Pressenza Budapest","description":"News published by the Pressenza Bureau in Budapest, Hungary","sameAs":["https:\/\/www.facebook.com\/PressenzaEnglish\/","https:\/\/x.com\/PressenzaIPA"],"url":"https:\/\/www.pressenza.com\/it\/author\/pressenza-budapest\/"}]}},"place":"","original_article_url":"","_links":{"self":[{"href":"https:\/\/www.pressenza.com\/it\/wp-json\/wp\/v2\/posts\/213505","targetHints":{"allow":["GET"]}}],"collection":[{"href":"https:\/\/www.pressenza.com\/it\/wp-json\/wp\/v2\/posts"}],"about":[{"href":"https:\/\/www.pressenza.com\/it\/wp-json\/wp\/v2\/types\/post"}],"author":[{"embeddable":true,"href":"https:\/\/www.pressenza.com\/it\/wp-json\/wp\/v2\/users\/1014"}],"replies":[{"embeddable":true,"href":"https:\/\/www.pressenza.com\/it\/wp-json\/wp\/v2\/comments?post=213505"}],"version-history":[{"count":0,"href":"https:\/\/www.pressenza.com\/it\/wp-json\/wp\/v2\/posts\/213505\/revisions"}],"wp:featuredmedia":[{"embeddable":true,"href":"https:\/\/www.pressenza.com\/it\/wp-json\/wp\/v2\/media\/210812"}],"wp:attachment":[{"href":"https:\/\/www.pressenza.com\/it\/wp-json\/wp\/v2\/media?parent=213505"}],"wp:term":[{"taxonomy":"category","embeddable":true,"href":"https:\/\/www.pressenza.com\/it\/wp-json\/wp\/v2\/categories?post=213505"},{"taxonomy":"post_tag","embeddable":true,"href":"https:\/\/www.pressenza.com\/it\/wp-json\/wp\/v2\/tags?post=213505"}],"curies":[{"name":"wp","href":"https:\/\/api.w.org\/{rel}","templated":true}]}}