{"id":213002,"date":"2015-08-23T10:01:17","date_gmt":"2015-08-23T09:01:17","guid":{"rendered":"http:\/\/www.pressenza.com\/?p=213002"},"modified":"2015-08-24T15:55:47","modified_gmt":"2015-08-24T14:55:47","slug":"locarno-2015-da-romeo-e-giulietta-a-lampedusa","status":"publish","type":"post","link":"https:\/\/www.pressenza.com\/it\/2015\/08\/locarno-2015-da-romeo-e-giulietta-a-lampedusa\/","title":{"rendered":"Locarno 2015. da Romeo e Giulietta a Lampedusa"},"content":{"rendered":"<p><strong>III puntata del reportage di Vittorio Agnoletto dal Locarno Film Festival 2015<br \/>\n<\/strong><\/p>\n<p><strong>DA ROMEO E GIULIETTA A LAMPEDUSA<\/strong><\/p>\n<p>Tra i principali media italiani pochi quest\u2019anno hanno fornito una copertura completa del Festival e tra costoro pochissimi si sono soffermati su alcuni film-documentari che invece hanno costituito una delle pi\u00f9 importanti soprese di quest\u2019edizione.<\/p>\n<p><strong><em>\u201cRomeo e Giulietta\u201d<\/em><\/strong> una pellicola italiana di Massimo Coppola, presentato fuori concorso, racconta il tentativo di mettere in scena l\u2019opera di Shakespeare nel campo rom di Tor de\u2019 Cenci a Roma; durante la lavorazione emerge inaspettatamente come i due giovani protagonisti, Nino e Mary, siano a loro volta vittime delle dinamiche non amichevoli tra le due famiglie. La realt\u00e0 quotidiana delle relazioni familiari presenti nel campo si sovrappone costantemente a quanto narrato nella tragedia.<\/p>\n<p>Nulla nasconde la macchina da presa, capace di muoversi con forte determinazione mista a grande delicatezza, evitando al contempo atteggiamenti stigmatizzanti o indulgenti. Le regole non scritte vigenti nel campo vengono illustrate con decisa sobriet\u00e0 da uno dei capi famiglia e vissute, subite\/condivise dai giovani protagonisti; il confronto di culture passa attraverso l\u2019opera di vera e propria mediazione interculturale operata in tempo reale dalla troupe che a sua volte scopre solo strada facendo quanto sia difficile e quanti errori si possano commettere senza accorgersene. Le discussioni sul bacio vietato tra i due adolescenti ne sono solo l\u2019aspetto pi\u00f9 appariscente. Ed il finale fuori pellicola non \u00e8 altro che un\u2019ulteriore conferma delle differenze sociali ed esistenziali, non solo culturali, esistenti: quando il regista torna al campo per mostrare, come promesso, la pellicola, il campo \u00e8 deserto, della comunit\u00e0 rom non c\u2019\u00e8 traccia. Profondamente in linea con il contesto l\u2019interpretazione di Valerio Mastrandrea; una pellicola da vedere capace di evitare ogni stereotipo sul tema.<\/p>\n<p>&#8220;Dentro il dramma dei migranti che muoiono attraversando il Mediterraneo, <strong><em>&#8220;Lampedusa in Winter&#8221;<\/em><\/strong> racconta la vita, i problemi e le sofferenze , ma anche le speranze e i sogni delle donne e degli uomini dell&#8217;isola che provano a confrontarsi con istituzioni lontane&#8230;..&#8221; Con questa motivazione Jakob Brossmann, regista viennese non ancora trentenne, ha vinto il premio &#8220;Boccalino 2015&#8221;, che ogni anno viene assegnato c\/o il centro Rivellino di Locarno, non raramente in polemica con la giuria ufficiale, al miglior film indipendente presente al Festival.<\/p>\n<p><a href=\"http:\/\/www.pressenza.com\/wp-content\/uploads\/2015\/08\/Lampedusa-in-winter.jpg\"><img loading=\"lazy\" decoding=\"async\" class=\"alignnone size-medium wp-image-213118\" src=\"http:\/\/www.pressenza.com\/wp-content\/uploads\/2015\/08\/Lampedusa-in-winter-300x169.jpg\" alt=\"Lampedusa in winter\" width=\"300\" height=\"169\" srcset=\"https:\/\/www.pressenza.com\/wp-content\/uploads\/2015\/08\/Lampedusa-in-winter-300x169.jpg 300w, https:\/\/www.pressenza.com\/wp-content\/uploads\/2015\/08\/Lampedusa-in-winter.jpg 655w\" sizes=\"auto, (max-width: 300px) 100vw, 300px\" \/><\/a><\/p>\n<p>E&#8217; inverno, i turisti hanno abbandonato l&#8217;isola e mentre continua l&#8217;arrivo dei migranti il traghetto che collega Lampedusa con la Sicilia va in fiamme; gli abitanti, i pescatori, restano isolati, gli approvvigionamenti scarseggiano e il pesce rimane invenduto. Il globale e il locale, il dramma dei migranti e le fatiche degli isolani si intrecciano tra loro accompagnando lo spettatore a scoprire una piccola comunit\u00e0 ai confini del continente impegnata nella sua strenua lotta per la sopravvivenza quotidiana e per la solidariet\u00e0 con i rifugiati africani. Mentre vengono sepolti i corpi senza nome, si raccolgono i messaggi di poche righe ritrovati nascosti, spesso cuciti nei jeans, perch\u00e9 durante l&#8217;attraversata s&#8217;impara che nemmeno gli orifizi del corpo sono rifugi sicuri.<\/p>\n<p>Il film, come recita l&#8217;ultima inquadratura, &#8220;E&#8217; dedicato all&#8217;Europa&#8221;, cieca e sorda, come mostrano gli eventi di queste settimane, davanti al dramma che si consuma nel suo sud estremo. Una pellicola che merita di fare il giro del continente e che spero di riuscire a far proiettare nei prossimi mesi, ad esempio il 10 dicembre in occasione della giornata mondiale dei diritti umani, proprio nell&#8217;aula del Parlamento Europeo.<\/p>\n<p>&nbsp;<\/p>\n<p><strong>LA POLITICA E<\/strong><strong> I SUOI GIOCHI<\/strong><\/p>\n<p><a href=\"http:\/\/www.pressenza.com\/wp-content\/uploads\/2015\/08\/Le-grand-jeu.jpg\"><img loading=\"lazy\" decoding=\"async\" class=\"alignnone size-medium wp-image-213125\" src=\"http:\/\/www.pressenza.com\/wp-content\/uploads\/2015\/08\/Le-grand-jeu-300x165.jpg\" alt=\"Le grand jeu\" width=\"300\" height=\"165\" srcset=\"https:\/\/www.pressenza.com\/wp-content\/uploads\/2015\/08\/Le-grand-jeu-300x165.jpg 300w, https:\/\/www.pressenza.com\/wp-content\/uploads\/2015\/08\/Le-grand-jeu.jpg 410w\" sizes=\"auto, (max-width: 300px) 100vw, 300px\" \/><\/a><\/p>\n<p><strong><em>&#8221; Le grand jeu&#8221;<\/em><\/strong> \u201c Il grande gioco\u201d e &#8220;<strong><em>Guibord s&#8217;en va-t-en guerre<\/em><\/strong>&#8220;, \u201cGuibord va alla guerra\u201d sono due film che, pur nella loro diversit\u00e0, si muovono nel mondo della politica.<\/p>\n<p><a href=\"http:\/\/www.pressenza.com\/wp-content\/uploads\/2015\/08\/Guibord-s-en-va-t-en-guerre.jpg\"><img loading=\"lazy\" decoding=\"async\" class=\"alignnone size-medium wp-image-213132\" src=\"http:\/\/www.pressenza.com\/wp-content\/uploads\/2015\/08\/Guibord-s-en-va-t-en-guerre-300x169.jpg\" alt=\"Guibord s en va-t-en guerre\" width=\"300\" height=\"169\" srcset=\"https:\/\/www.pressenza.com\/wp-content\/uploads\/2015\/08\/Guibord-s-en-va-t-en-guerre-300x169.jpg 300w, https:\/\/www.pressenza.com\/wp-content\/uploads\/2015\/08\/Guibord-s-en-va-t-en-guerre-720x405.jpg 720w, https:\/\/www.pressenza.com\/wp-content\/uploads\/2015\/08\/Guibord-s-en-va-t-en-guerre-750x422.jpg 750w, https:\/\/www.pressenza.com\/wp-content\/uploads\/2015\/08\/Guibord-s-en-va-t-en-guerre.jpg 1080w\" sizes=\"auto, (max-width: 300px) 100vw, 300px\" \/><\/a><\/p>\n<p><strong>Guibord <\/strong> \u00e8 un parlamentare indipendente eletto in una contea del Qu\u00e9bec settentrionale il cui voto, per una particolare coincidenza, \u00e8 diventato determinante per decidere l&#8217;entrata in guerra del Canada. Non sapendo quale scelta fare decide di indire una consultazione tra i suoi elettori. Ma lo svolgimento della consultazione dovr\u00e0 fare i conti con le interferenze di lobby di ogni tipo, con le promesse di una fulminante carriera politica e non da ultimo con qualche sussulto della sua coscienza. Metafora del mondo globalizzato, Guibord diventer\u00e0 nel frattempo la star di un piccolo villaggio haitiano. Certamente il regista, quando ha realizzato il film, non sapeva che solo pochi mesi dopo, in Grecia, si sarebbe svolto un referendum nel quale un popolo di una piccola nazione avrebbe cercato di difendere la propria libert\u00e0 dalle grandi lobby economico-finanziarie globali, ma non c&#8217;\u00e8 dubbio che i temi trattati con grande leggerezza e con sapiente ironia alludono a situazioni che vanno ben al di l\u00e0 di una remota regione canadese. Un film divertente ma anche istruttivo.<\/p>\n<p>Ne <strong>&#8220;Il grande gioco&#8221;<\/strong> domina l&#8217;intrigo, una politica trasformata in manipolazione dove si scontrano interessi mai chiaramente dichiarati ma che per tutta la durata del film rivendicano esplicitamente la loro supremazia sulle dinamiche parlamentari. Tutto avviene fuori dal gioco istituzionale, ma tutto ricade sugli assetti statuali e questo avviene in Francia, dove il senso dello Stato \u00e8 ben pi\u00f9 forte che nel nostro Paese e dove i partiti hanno ancora una loro dignit\u00e0 da invocare davanti alla pubblica opinione. Se si considera che Nicolas Pariser \u00e8 al suo primo lungometraggio come regista, il giudizio \u00e8 certamente positivo, il ritmo c&#8217;\u00e8 e la trama, a met\u00e0 strada tra il noir e il thriller, tiene, anche se risulta totalmente fuori dal tempo e decontestualizzata la rappresentazione dei gruppi della sinistra, pi\u00f9 simili alle comuni degli anni &#8217;70 che ai movimento odierni.<\/p>\n<p>&nbsp;<\/p>\n<p><strong><em>\u2026..continua<\/em><\/strong><\/p>\n<p>Le puntate precedenti: <a href=\"https:\/\/www.pressenza.com\/it\/2015\/08\/locarno-2015-68-festival-del-cinema\/\">uno<\/a>, <a href=\"https:\/\/www.pressenza.com\/it\/2015\/08\/locarno-2015-sesso-e-non-solo\/\">due<\/a><\/p>\n","protected":false},"excerpt":{"rendered":"<p>III puntata del reportage di Vittorio Agnoletto dal Locarno Film Festival 2015 DA ROMEO E GIULIETTA A LAMPEDUSA Tra i principali media italiani pochi quest\u2019anno hanno fornito una copertura completa del Festival e tra costoro pochissimi si sono soffermati su&hellip;<\/p>\n","protected":false},"author":975,"featured_media":213022,"comment_status":"closed","ping_status":"open","sticky":false,"template":"","format":"standard","meta":{"footnotes":""},"categories":[11388,56,47],"tags":[6494,1488,19267],"class_list":["post-213002","post","type-post","status-publish","format-standard","has-post-thumbnail","hentry","category-contenuti-originali","category-cultura","category-europa","tag-festival-del-cinema-di-locarno","tag-lampedusa","tag-locarno-2015"],"yoast_head":"<!-- This site is optimized with the Yoast SEO plugin v27.1.1 - https:\/\/yoast.com\/product\/yoast-seo-wordpress\/ -->\n<title>Locarno 2015. da Romeo e Giulietta a Lampedusa<\/title>\n<meta name=\"description\" content=\"III puntata del reportage di Vittorio Agnoletto dal Locarno Film Festival 2015 DA ROMEO E GIULIETTA A LAMPEDUSA Tra i principali media italiani pochi\" \/>\n<meta name=\"robots\" content=\"index, follow, max-snippet:-1, max-image-preview:large, max-video-preview:-1\" \/>\n<link rel=\"canonical\" href=\"https:\/\/www.pressenza.com\/it\/2015\/08\/locarno-2015-da-romeo-e-giulietta-a-lampedusa\/\" \/>\n<meta property=\"og:locale\" content=\"it_IT\" \/>\n<meta property=\"og:type\" content=\"article\" \/>\n<meta property=\"og:title\" content=\"Locarno 2015. da Romeo e Giulietta a Lampedusa\" \/>\n<meta property=\"og:description\" content=\"III puntata del reportage di Vittorio Agnoletto dal Locarno Film Festival 2015 DA ROMEO E GIULIETTA A LAMPEDUSA Tra i principali media italiani pochi\" \/>\n<meta property=\"og:url\" content=\"https:\/\/www.pressenza.com\/it\/2015\/08\/locarno-2015-da-romeo-e-giulietta-a-lampedusa\/\" \/>\n<meta property=\"og:site_name\" content=\"Pressenza\" \/>\n<meta property=\"article:publisher\" content=\"https:\/\/www.facebook.com\/PressenzaItalia\" \/>\n<meta property=\"article:author\" content=\"https:\/\/www.facebook.com\/vittorio.agnoletto\" \/>\n<meta property=\"article:published_time\" content=\"2015-08-23T09:01:17+00:00\" \/>\n<meta property=\"article:modified_time\" content=\"2015-08-24T14:55:47+00:00\" \/>\n<meta property=\"og:image\" content=\"https:\/\/www.pressenza.com\/wp-content\/uploads\/2015\/08\/romeo-e-giulietta-massimo-coppola.jpg\" \/>\n\t<meta property=\"og:image:width\" content=\"717\" \/>\n\t<meta property=\"og:image:height\" content=\"394\" \/>\n\t<meta property=\"og:image:type\" content=\"image\/jpeg\" \/>\n<meta name=\"author\" content=\"Vittorio Agnoletto\" \/>\n<meta name=\"twitter:card\" content=\"summary_large_image\" \/>\n<meta name=\"twitter:creator\" content=\"@PressenzaIPA\" \/>\n<meta name=\"twitter:site\" content=\"@PressenzaIPA\" \/>\n<meta name=\"twitter:label1\" content=\"Scritto da\" \/>\n\t<meta name=\"twitter:data1\" content=\"Vittorio Agnoletto\" \/>\n\t<meta name=\"twitter:label2\" content=\"Tempo di lettura stimato\" \/>\n\t<meta name=\"twitter:data2\" content=\"5 minuti\" \/>\n<script type=\"application\/ld+json\" class=\"yoast-schema-graph\">{\"@context\":\"https:\/\/schema.org\",\"@graph\":[{\"@type\":\"Article\",\"@id\":\"https:\/\/www.pressenza.com\/it\/2015\/08\/locarno-2015-da-romeo-e-giulietta-a-lampedusa\/#article\",\"isPartOf\":{\"@id\":\"https:\/\/www.pressenza.com\/it\/2015\/08\/locarno-2015-da-romeo-e-giulietta-a-lampedusa\/\"},\"author\":{\"name\":\"Vittorio Agnoletto\",\"@id\":\"https:\/\/www.pressenza.com\/it\/#\/schema\/person\/1189fd24c9fc93fc7535b50db4e1c930\"},\"headline\":\"Locarno 2015. da Romeo e Giulietta a Lampedusa\",\"datePublished\":\"2015-08-23T09:01:17+00:00\",\"dateModified\":\"2015-08-24T14:55:47+00:00\",\"mainEntityOfPage\":{\"@id\":\"https:\/\/www.pressenza.com\/it\/2015\/08\/locarno-2015-da-romeo-e-giulietta-a-lampedusa\/\"},\"wordCount\":927,\"publisher\":{\"@id\":\"https:\/\/www.pressenza.com\/it\/#organization\"},\"image\":{\"@id\":\"https:\/\/www.pressenza.com\/it\/2015\/08\/locarno-2015-da-romeo-e-giulietta-a-lampedusa\/#primaryimage\"},\"thumbnailUrl\":\"https:\/\/www.pressenza.com\/wp-content\/uploads\/2015\/08\/romeo-e-giulietta-massimo-coppola.jpg\",\"keywords\":[\"Festival del cinema di Locarno\",\"Lampedusa\",\"Locarno 2015\"],\"articleSection\":[\"contenuti originali\",\"Cultura e Media\",\"Europa\"],\"inLanguage\":\"it-IT\"},{\"@type\":\"WebPage\",\"@id\":\"https:\/\/www.pressenza.com\/it\/2015\/08\/locarno-2015-da-romeo-e-giulietta-a-lampedusa\/\",\"url\":\"https:\/\/www.pressenza.com\/it\/2015\/08\/locarno-2015-da-romeo-e-giulietta-a-lampedusa\/\",\"name\":\"Locarno 2015. da Romeo e Giulietta a Lampedusa\",\"isPartOf\":{\"@id\":\"https:\/\/www.pressenza.com\/it\/#website\"},\"primaryImageOfPage\":{\"@id\":\"https:\/\/www.pressenza.com\/it\/2015\/08\/locarno-2015-da-romeo-e-giulietta-a-lampedusa\/#primaryimage\"},\"image\":{\"@id\":\"https:\/\/www.pressenza.com\/it\/2015\/08\/locarno-2015-da-romeo-e-giulietta-a-lampedusa\/#primaryimage\"},\"thumbnailUrl\":\"https:\/\/www.pressenza.com\/wp-content\/uploads\/2015\/08\/romeo-e-giulietta-massimo-coppola.jpg\",\"datePublished\":\"2015-08-23T09:01:17+00:00\",\"dateModified\":\"2015-08-24T14:55:47+00:00\",\"description\":\"III puntata del reportage di Vittorio Agnoletto dal Locarno Film Festival 2015 DA ROMEO E GIULIETTA A LAMPEDUSA Tra i principali media italiani pochi\",\"breadcrumb\":{\"@id\":\"https:\/\/www.pressenza.com\/it\/2015\/08\/locarno-2015-da-romeo-e-giulietta-a-lampedusa\/#breadcrumb\"},\"inLanguage\":\"it-IT\",\"potentialAction\":[{\"@type\":\"ReadAction\",\"target\":[\"https:\/\/www.pressenza.com\/it\/2015\/08\/locarno-2015-da-romeo-e-giulietta-a-lampedusa\/\"]}]},{\"@type\":\"ImageObject\",\"inLanguage\":\"it-IT\",\"@id\":\"https:\/\/www.pressenza.com\/it\/2015\/08\/locarno-2015-da-romeo-e-giulietta-a-lampedusa\/#primaryimage\",\"url\":\"https:\/\/www.pressenza.com\/wp-content\/uploads\/2015\/08\/romeo-e-giulietta-massimo-coppola.jpg\",\"contentUrl\":\"https:\/\/www.pressenza.com\/wp-content\/uploads\/2015\/08\/romeo-e-giulietta-massimo-coppola.jpg\",\"width\":717,\"height\":394},{\"@type\":\"BreadcrumbList\",\"@id\":\"https:\/\/www.pressenza.com\/it\/2015\/08\/locarno-2015-da-romeo-e-giulietta-a-lampedusa\/#breadcrumb\",\"itemListElement\":[{\"@type\":\"ListItem\",\"position\":1,\"name\":\"Accueil\",\"item\":\"https:\/\/www.pressenza.com\/it\/\"},{\"@type\":\"ListItem\",\"position\":2,\"name\":\"Locarno 2015. da Romeo e Giulietta a Lampedusa\"}]},{\"@type\":\"WebSite\",\"@id\":\"https:\/\/www.pressenza.com\/it\/#website\",\"url\":\"https:\/\/www.pressenza.com\/it\/\",\"name\":\"Pressenza\",\"description\":\"Agenzia di Stampa Internazionale\",\"publisher\":{\"@id\":\"https:\/\/www.pressenza.com\/it\/#organization\"},\"potentialAction\":[{\"@type\":\"SearchAction\",\"target\":{\"@type\":\"EntryPoint\",\"urlTemplate\":\"https:\/\/www.pressenza.com\/it\/?s={search_term_string}\"},\"query-input\":{\"@type\":\"PropertyValueSpecification\",\"valueRequired\":true,\"valueName\":\"search_term_string\"}}],\"inLanguage\":\"it-IT\"},{\"@type\":\"Organization\",\"@id\":\"https:\/\/www.pressenza.com\/it\/#organization\",\"name\":\"Pressenza\",\"url\":\"https:\/\/www.pressenza.com\/it\/\",\"logo\":{\"@type\":\"ImageObject\",\"inLanguage\":\"it-IT\",\"@id\":\"https:\/\/www.pressenza.com\/it\/#\/schema\/logo\/image\/\",\"url\":\"https:\/\/www.pressenza.com\/wp-content\/uploads\/2022\/10\/pressenza_logo_200x200.jpg\",\"contentUrl\":\"https:\/\/www.pressenza.com\/wp-content\/uploads\/2022\/10\/pressenza_logo_200x200.jpg\",\"width\":200,\"height\":200,\"caption\":\"Pressenza\"},\"image\":{\"@id\":\"https:\/\/www.pressenza.com\/it\/#\/schema\/logo\/image\/\"},\"sameAs\":[\"https:\/\/www.facebook.com\/PressenzaItalia\",\"https:\/\/x.com\/PressenzaIPA\"]},{\"@type\":\"Person\",\"@id\":\"https:\/\/www.pressenza.com\/it\/#\/schema\/person\/1189fd24c9fc93fc7535b50db4e1c930\",\"name\":\"Vittorio Agnoletto\",\"sameAs\":[\"https:\/\/www.facebook.com\/vittorio.agnoletto\"],\"url\":\"https:\/\/www.pressenza.com\/it\/author\/vittorio-agnoletto\/\"}]}<\/script>\n<!-- \/ Yoast SEO plugin. -->","yoast_head_json":{"title":"Locarno 2015. da Romeo e Giulietta a Lampedusa","description":"III puntata del reportage di Vittorio Agnoletto dal Locarno Film Festival 2015 DA ROMEO E GIULIETTA A LAMPEDUSA Tra i principali media italiani pochi","robots":{"index":"index","follow":"follow","max-snippet":"max-snippet:-1","max-image-preview":"max-image-preview:large","max-video-preview":"max-video-preview:-1"},"canonical":"https:\/\/www.pressenza.com\/it\/2015\/08\/locarno-2015-da-romeo-e-giulietta-a-lampedusa\/","og_locale":"it_IT","og_type":"article","og_title":"Locarno 2015. da Romeo e Giulietta a Lampedusa","og_description":"III puntata del reportage di Vittorio Agnoletto dal Locarno Film Festival 2015 DA ROMEO E GIULIETTA A LAMPEDUSA Tra i principali media italiani pochi","og_url":"https:\/\/www.pressenza.com\/it\/2015\/08\/locarno-2015-da-romeo-e-giulietta-a-lampedusa\/","og_site_name":"Pressenza","article_publisher":"https:\/\/www.facebook.com\/PressenzaItalia","article_author":"https:\/\/www.facebook.com\/vittorio.agnoletto","article_published_time":"2015-08-23T09:01:17+00:00","article_modified_time":"2015-08-24T14:55:47+00:00","og_image":[{"width":717,"height":394,"url":"https:\/\/www.pressenza.com\/wp-content\/uploads\/2015\/08\/romeo-e-giulietta-massimo-coppola.jpg","type":"image\/jpeg"}],"author":"Vittorio Agnoletto","twitter_card":"summary_large_image","twitter_creator":"@PressenzaIPA","twitter_site":"@PressenzaIPA","twitter_misc":{"Scritto da":"Vittorio Agnoletto","Tempo di lettura stimato":"5 minuti"},"schema":{"@context":"https:\/\/schema.org","@graph":[{"@type":"Article","@id":"https:\/\/www.pressenza.com\/it\/2015\/08\/locarno-2015-da-romeo-e-giulietta-a-lampedusa\/#article","isPartOf":{"@id":"https:\/\/www.pressenza.com\/it\/2015\/08\/locarno-2015-da-romeo-e-giulietta-a-lampedusa\/"},"author":{"name":"Vittorio Agnoletto","@id":"https:\/\/www.pressenza.com\/it\/#\/schema\/person\/1189fd24c9fc93fc7535b50db4e1c930"},"headline":"Locarno 2015. da Romeo e Giulietta a Lampedusa","datePublished":"2015-08-23T09:01:17+00:00","dateModified":"2015-08-24T14:55:47+00:00","mainEntityOfPage":{"@id":"https:\/\/www.pressenza.com\/it\/2015\/08\/locarno-2015-da-romeo-e-giulietta-a-lampedusa\/"},"wordCount":927,"publisher":{"@id":"https:\/\/www.pressenza.com\/it\/#organization"},"image":{"@id":"https:\/\/www.pressenza.com\/it\/2015\/08\/locarno-2015-da-romeo-e-giulietta-a-lampedusa\/#primaryimage"},"thumbnailUrl":"https:\/\/www.pressenza.com\/wp-content\/uploads\/2015\/08\/romeo-e-giulietta-massimo-coppola.jpg","keywords":["Festival del cinema di Locarno","Lampedusa","Locarno 2015"],"articleSection":["contenuti originali","Cultura e Media","Europa"],"inLanguage":"it-IT"},{"@type":"WebPage","@id":"https:\/\/www.pressenza.com\/it\/2015\/08\/locarno-2015-da-romeo-e-giulietta-a-lampedusa\/","url":"https:\/\/www.pressenza.com\/it\/2015\/08\/locarno-2015-da-romeo-e-giulietta-a-lampedusa\/","name":"Locarno 2015. da Romeo e Giulietta a Lampedusa","isPartOf":{"@id":"https:\/\/www.pressenza.com\/it\/#website"},"primaryImageOfPage":{"@id":"https:\/\/www.pressenza.com\/it\/2015\/08\/locarno-2015-da-romeo-e-giulietta-a-lampedusa\/#primaryimage"},"image":{"@id":"https:\/\/www.pressenza.com\/it\/2015\/08\/locarno-2015-da-romeo-e-giulietta-a-lampedusa\/#primaryimage"},"thumbnailUrl":"https:\/\/www.pressenza.com\/wp-content\/uploads\/2015\/08\/romeo-e-giulietta-massimo-coppola.jpg","datePublished":"2015-08-23T09:01:17+00:00","dateModified":"2015-08-24T14:55:47+00:00","description":"III puntata del reportage di Vittorio Agnoletto dal Locarno Film Festival 2015 DA ROMEO E GIULIETTA A LAMPEDUSA Tra i principali media italiani pochi","breadcrumb":{"@id":"https:\/\/www.pressenza.com\/it\/2015\/08\/locarno-2015-da-romeo-e-giulietta-a-lampedusa\/#breadcrumb"},"inLanguage":"it-IT","potentialAction":[{"@type":"ReadAction","target":["https:\/\/www.pressenza.com\/it\/2015\/08\/locarno-2015-da-romeo-e-giulietta-a-lampedusa\/"]}]},{"@type":"ImageObject","inLanguage":"it-IT","@id":"https:\/\/www.pressenza.com\/it\/2015\/08\/locarno-2015-da-romeo-e-giulietta-a-lampedusa\/#primaryimage","url":"https:\/\/www.pressenza.com\/wp-content\/uploads\/2015\/08\/romeo-e-giulietta-massimo-coppola.jpg","contentUrl":"https:\/\/www.pressenza.com\/wp-content\/uploads\/2015\/08\/romeo-e-giulietta-massimo-coppola.jpg","width":717,"height":394},{"@type":"BreadcrumbList","@id":"https:\/\/www.pressenza.com\/it\/2015\/08\/locarno-2015-da-romeo-e-giulietta-a-lampedusa\/#breadcrumb","itemListElement":[{"@type":"ListItem","position":1,"name":"Accueil","item":"https:\/\/www.pressenza.com\/it\/"},{"@type":"ListItem","position":2,"name":"Locarno 2015. da Romeo e Giulietta a Lampedusa"}]},{"@type":"WebSite","@id":"https:\/\/www.pressenza.com\/it\/#website","url":"https:\/\/www.pressenza.com\/it\/","name":"Pressenza","description":"Agenzia di Stampa Internazionale","publisher":{"@id":"https:\/\/www.pressenza.com\/it\/#organization"},"potentialAction":[{"@type":"SearchAction","target":{"@type":"EntryPoint","urlTemplate":"https:\/\/www.pressenza.com\/it\/?s={search_term_string}"},"query-input":{"@type":"PropertyValueSpecification","valueRequired":true,"valueName":"search_term_string"}}],"inLanguage":"it-IT"},{"@type":"Organization","@id":"https:\/\/www.pressenza.com\/it\/#organization","name":"Pressenza","url":"https:\/\/www.pressenza.com\/it\/","logo":{"@type":"ImageObject","inLanguage":"it-IT","@id":"https:\/\/www.pressenza.com\/it\/#\/schema\/logo\/image\/","url":"https:\/\/www.pressenza.com\/wp-content\/uploads\/2022\/10\/pressenza_logo_200x200.jpg","contentUrl":"https:\/\/www.pressenza.com\/wp-content\/uploads\/2022\/10\/pressenza_logo_200x200.jpg","width":200,"height":200,"caption":"Pressenza"},"image":{"@id":"https:\/\/www.pressenza.com\/it\/#\/schema\/logo\/image\/"},"sameAs":["https:\/\/www.facebook.com\/PressenzaItalia","https:\/\/x.com\/PressenzaIPA"]},{"@type":"Person","@id":"https:\/\/www.pressenza.com\/it\/#\/schema\/person\/1189fd24c9fc93fc7535b50db4e1c930","name":"Vittorio Agnoletto","sameAs":["https:\/\/www.facebook.com\/vittorio.agnoletto"],"url":"https:\/\/www.pressenza.com\/it\/author\/vittorio-agnoletto\/"}]}},"place":"","original_article_url":"","_links":{"self":[{"href":"https:\/\/www.pressenza.com\/it\/wp-json\/wp\/v2\/posts\/213002","targetHints":{"allow":["GET"]}}],"collection":[{"href":"https:\/\/www.pressenza.com\/it\/wp-json\/wp\/v2\/posts"}],"about":[{"href":"https:\/\/www.pressenza.com\/it\/wp-json\/wp\/v2\/types\/post"}],"author":[{"embeddable":true,"href":"https:\/\/www.pressenza.com\/it\/wp-json\/wp\/v2\/users\/975"}],"replies":[{"embeddable":true,"href":"https:\/\/www.pressenza.com\/it\/wp-json\/wp\/v2\/comments?post=213002"}],"version-history":[{"count":0,"href":"https:\/\/www.pressenza.com\/it\/wp-json\/wp\/v2\/posts\/213002\/revisions"}],"wp:featuredmedia":[{"embeddable":true,"href":"https:\/\/www.pressenza.com\/it\/wp-json\/wp\/v2\/media\/213022"}],"wp:attachment":[{"href":"https:\/\/www.pressenza.com\/it\/wp-json\/wp\/v2\/media?parent=213002"}],"wp:term":[{"taxonomy":"category","embeddable":true,"href":"https:\/\/www.pressenza.com\/it\/wp-json\/wp\/v2\/categories?post=213002"},{"taxonomy":"post_tag","embeddable":true,"href":"https:\/\/www.pressenza.com\/it\/wp-json\/wp\/v2\/tags?post=213002"}],"curies":[{"name":"wp","href":"https:\/\/api.w.org\/{rel}","templated":true}]}}