{"id":208772,"date":"2015-08-07T15:37:56","date_gmt":"2015-08-07T14:37:56","guid":{"rendered":"http:\/\/www.pressenza.com\/?p=208772"},"modified":"2015-08-07T15:37:56","modified_gmt":"2015-08-07T14:37:56","slug":"giornata-internazionale-dei-popoli-indigeni-9-agosto","status":"publish","type":"post","link":"https:\/\/www.pressenza.com\/it\/2015\/08\/giornata-internazionale-dei-popoli-indigeni-9-agosto\/","title":{"rendered":"Giornata internazionale dei Popoli Indigeni (9 agosto)"},"content":{"rendered":"<p><em>Attivisti indigeni per l&#8217;ambiente rischiano la vita &#8211; Un nuovo rapporto documenta le sempre maggiori minacce in tutto il mondo<\/em><\/p>\n<p>Bolzano, G\u00f6ttingen, 7 agosto 2015<\/p>\n<p>In occasione della Giornata internazionale dei Popoli indigeni (9 agosto), l&#8217;Associazione per i Popoli Minacciati (APM) pubblica un nuovo rapporto sulla situazione degli attivisti indigeni. Per gli attivisti indigeni di tutto il mondo chiedere il rispetto dei propri diritti o protestare per la salvaguardia delle proprie terre significa rischiare la vita. In molti paesi del mondo, alzare la voce a favore delle popolazioni indigene comporta la concreta probabilit\u00e0 di diventare vittima di assassinii di stato, di arresti arbitrari, di essere condannati a lunghe pene detentive ingiustificate, di subire torture o importanti limitazioni della propria libert\u00e0 di movimento e di parola.<\/p>\n<p>Il nuovo rapporto pubblicato dall&#8217;APM mette in evidenza le pratiche adottate da governi e multinazionali per assicurarsi profitti economici senza riguardo delle comunit\u00e0 indigene e delle loro terre. Solamente sull&#8217;isola di Mindanao (Filippine) tra ottobre 2014 e giugno 2015 sono stati uccisi 23 leader indigeni impegnati a salvaguardare la loro terra dallo sfruttamento selvaggio imposto da progetti minerari. A Mindanao come altrove nel mondo, gli assassini, che siano sono semplici criminali, paramilitari o forze dell&#8217;ordine statali, restano impuniti.<\/p>\n<p>Il rapporto analizza la situazione di dieci paesi in Asia, Centroamerica, Sudamerica e nella federazione Russa e mostra le metodologie violente e senza scrupoli messe in campo da latifondisti, governi e multinazionali per realizzare enormi progetti per lo sfruttamento di risorse naturali quali petrolio, gas, minerali, legname, ma anche di costruzione di dighe o di traffico di droga a scapito della vita non solo dei singoli attivisti ma di intere comunit\u00e0 indigene.<\/p>\n<p>I membri delle comunit\u00e0 indigene sono attivisti per l&#8217;ambiente particolarmente motivati, proprio perch\u00e9 la loro sopravvivenza come comunit\u00e0 dipende perlopi\u00f9 da un ambiente intatto, pulito e sano. La loro agricoltura sostenibile e i fortissimi legami con la propria terra tradizionale da cui traggono sia il senso identitario sia di appartenenza comunitaria dipendono proprio dal rispetto per la natura e l&#8217;ambiente. La realizzazione di mega-progetti sulla loro terra implica la distruzione dell&#8217;ambiente, l&#8217;avvelenamento dei terreni e troppo spesso la messa in fuga o la deportazione delle comunit\u00e0 indigene che ci vivono. Per loro ci\u00f2 significa cadere nel baratro della povert\u00e0 estrema, malattia, la perdita dei legami comunitari e delle proprie radici culturali.<\/p>\n<p>La politica ambientale delle nazioni industrializzate sembra limitarsi all&#8217;organizzazione e alla partecipazione di vertici per il clima e giornate per la terra, nel proclamare compiaciuti sempre nuovi obiettivi da raggiungere per la salvaguardia del clima, ma di fatto non va molto oltre. Non solo non si impegna a proteggere la vita degli attivisti indigeni, le prime vittime e le maggiormente colpite dalla distruzione ambientale a livello mondiale, ma non pare nemmeno interessata ad ascoltare la loro voce.<\/p>\n","protected":false},"excerpt":{"rendered":"<p>Attivisti indigeni per l&#8217;ambiente rischiano la vita &#8211; Un nuovo rapporto documenta le sempre maggiori minacce in tutto il mondo Bolzano, G\u00f6ttingen, 7 agosto 2015 In occasione della Giornata internazionale dei Popoli indigeni (9 agosto), l&#8217;Associazione per i Popoli Minacciati&hellip;<\/p>\n","protected":false},"author":903,"featured_media":208774,"comment_status":"closed","ping_status":"open","sticky":false,"template":"","format":"standard","meta":{"footnotes":""},"categories":[150,38,61],"tags":[19001,19002,12336,9474],"class_list":["post-208772","post","type-post","status-publish","format-standard","has-post-thumbnail","hentry","category-comunicati-stampa","category-internazionale","category-popoli-aborigeni","tag-attivisti-indigeni","tag-giornata-internazionale-dei-popoli-indigeni","tag-mindanao","tag-popoli-indigeni"],"yoast_head":"<!-- This site is optimized with the Yoast SEO plugin v27.1.1 - https:\/\/yoast.com\/product\/yoast-seo-wordpress\/ -->\n<title>Giornata internazionale dei Popoli Indigeni (9 agosto)<\/title>\n<meta name=\"description\" content=\"Attivisti indigeni per l&#039;ambiente rischiano la vita - Un nuovo rapporto documenta le sempre maggiori minacce in tutto il mondo Bolzano, G\u00f6ttingen, 7\" \/>\n<meta name=\"robots\" content=\"index, follow, max-snippet:-1, max-image-preview:large, max-video-preview:-1\" \/>\n<link rel=\"canonical\" href=\"https:\/\/www.pressenza.com\/it\/2015\/08\/giornata-internazionale-dei-popoli-indigeni-9-agosto\/\" \/>\n<meta property=\"og:locale\" content=\"it_IT\" \/>\n<meta property=\"og:type\" content=\"article\" \/>\n<meta property=\"og:title\" content=\"Giornata internazionale dei Popoli Indigeni (9 agosto)\" \/>\n<meta property=\"og:description\" content=\"Attivisti indigeni per l&#039;ambiente rischiano la vita - Un nuovo rapporto documenta le sempre maggiori minacce in tutto il mondo Bolzano, G\u00f6ttingen, 7\" \/>\n<meta property=\"og:url\" content=\"https:\/\/www.pressenza.com\/it\/2015\/08\/giornata-internazionale-dei-popoli-indigeni-9-agosto\/\" \/>\n<meta property=\"og:site_name\" content=\"Pressenza\" \/>\n<meta property=\"article:publisher\" content=\"https:\/\/www.facebook.com\/PressenzaItalia\" \/>\n<meta property=\"article:author\" content=\"https:\/\/www.facebook.com\/popoliminacciati\" \/>\n<meta property=\"article:published_time\" content=\"2015-08-07T14:37:56+00:00\" \/>\n<meta property=\"og:image\" content=\"https:\/\/www.pressenza.com\/wp-content\/uploads\/2015\/08\/150807indigen.jpg\" \/>\n\t<meta property=\"og:image:width\" content=\"425\" \/>\n\t<meta property=\"og:image:height\" content=\"305\" \/>\n\t<meta property=\"og:image:type\" content=\"image\/jpeg\" \/>\n<meta name=\"author\" content=\"Associazione per i Popoli Minacciati\" \/>\n<meta name=\"twitter:card\" content=\"summary_large_image\" \/>\n<meta name=\"twitter:creator\" content=\"@PressenzaIPA\" \/>\n<meta name=\"twitter:site\" content=\"@PressenzaIPA\" \/>\n<meta name=\"twitter:label1\" content=\"Scritto da\" \/>\n\t<meta name=\"twitter:data1\" content=\"Associazione per i Popoli Minacciati\" \/>\n\t<meta name=\"twitter:label2\" content=\"Tempo di lettura stimato\" \/>\n\t<meta name=\"twitter:data2\" content=\"2 minuti\" \/>\n<script type=\"application\/ld+json\" class=\"yoast-schema-graph\">{\"@context\":\"https:\/\/schema.org\",\"@graph\":[{\"@type\":\"Article\",\"@id\":\"https:\/\/www.pressenza.com\/it\/2015\/08\/giornata-internazionale-dei-popoli-indigeni-9-agosto\/#article\",\"isPartOf\":{\"@id\":\"https:\/\/www.pressenza.com\/it\/2015\/08\/giornata-internazionale-dei-popoli-indigeni-9-agosto\/\"},\"author\":{\"name\":\"Associazione per i Popoli Minacciati\",\"@id\":\"https:\/\/www.pressenza.com\/it\/#\/schema\/person\/cdd4529aa9392a0fa5dc5a848b317076\"},\"headline\":\"Giornata internazionale dei Popoli Indigeni (9 agosto)\",\"datePublished\":\"2015-08-07T14:37:56+00:00\",\"mainEntityOfPage\":{\"@id\":\"https:\/\/www.pressenza.com\/it\/2015\/08\/giornata-internazionale-dei-popoli-indigeni-9-agosto\/\"},\"wordCount\":474,\"publisher\":{\"@id\":\"https:\/\/www.pressenza.com\/it\/#organization\"},\"image\":{\"@id\":\"https:\/\/www.pressenza.com\/it\/2015\/08\/giornata-internazionale-dei-popoli-indigeni-9-agosto\/#primaryimage\"},\"thumbnailUrl\":\"https:\/\/www.pressenza.com\/wp-content\/uploads\/2015\/08\/150807indigen.jpg\",\"keywords\":[\"attivisti indigeni\",\"Giornata internazionale dei popoli indigeni\",\"Mindanao\",\"popoli indigeni\"],\"articleSection\":[\"Comunicati Stampa\",\"Internazionale\",\"Popoli originari\"],\"inLanguage\":\"it-IT\"},{\"@type\":\"WebPage\",\"@id\":\"https:\/\/www.pressenza.com\/it\/2015\/08\/giornata-internazionale-dei-popoli-indigeni-9-agosto\/\",\"url\":\"https:\/\/www.pressenza.com\/it\/2015\/08\/giornata-internazionale-dei-popoli-indigeni-9-agosto\/\",\"name\":\"Giornata internazionale dei Popoli Indigeni (9 agosto)\",\"isPartOf\":{\"@id\":\"https:\/\/www.pressenza.com\/it\/#website\"},\"primaryImageOfPage\":{\"@id\":\"https:\/\/www.pressenza.com\/it\/2015\/08\/giornata-internazionale-dei-popoli-indigeni-9-agosto\/#primaryimage\"},\"image\":{\"@id\":\"https:\/\/www.pressenza.com\/it\/2015\/08\/giornata-internazionale-dei-popoli-indigeni-9-agosto\/#primaryimage\"},\"thumbnailUrl\":\"https:\/\/www.pressenza.com\/wp-content\/uploads\/2015\/08\/150807indigen.jpg\",\"datePublished\":\"2015-08-07T14:37:56+00:00\",\"description\":\"Attivisti indigeni per l'ambiente rischiano la vita - Un nuovo rapporto documenta le sempre maggiori minacce in tutto il mondo Bolzano, G\u00f6ttingen, 7\",\"breadcrumb\":{\"@id\":\"https:\/\/www.pressenza.com\/it\/2015\/08\/giornata-internazionale-dei-popoli-indigeni-9-agosto\/#breadcrumb\"},\"inLanguage\":\"it-IT\",\"potentialAction\":[{\"@type\":\"ReadAction\",\"target\":[\"https:\/\/www.pressenza.com\/it\/2015\/08\/giornata-internazionale-dei-popoli-indigeni-9-agosto\/\"]}]},{\"@type\":\"ImageObject\",\"inLanguage\":\"it-IT\",\"@id\":\"https:\/\/www.pressenza.com\/it\/2015\/08\/giornata-internazionale-dei-popoli-indigeni-9-agosto\/#primaryimage\",\"url\":\"https:\/\/www.pressenza.com\/wp-content\/uploads\/2015\/08\/150807indigen.jpg\",\"contentUrl\":\"https:\/\/www.pressenza.com\/wp-content\/uploads\/2015\/08\/150807indigen.jpg\",\"width\":425,\"height\":305},{\"@type\":\"BreadcrumbList\",\"@id\":\"https:\/\/www.pressenza.com\/it\/2015\/08\/giornata-internazionale-dei-popoli-indigeni-9-agosto\/#breadcrumb\",\"itemListElement\":[{\"@type\":\"ListItem\",\"position\":1,\"name\":\"Accueil\",\"item\":\"https:\/\/www.pressenza.com\/it\/\"},{\"@type\":\"ListItem\",\"position\":2,\"name\":\"Giornata internazionale dei Popoli Indigeni (9 agosto)\"}]},{\"@type\":\"WebSite\",\"@id\":\"https:\/\/www.pressenza.com\/it\/#website\",\"url\":\"https:\/\/www.pressenza.com\/it\/\",\"name\":\"Pressenza\",\"description\":\"Agenzia di Stampa Internazionale\",\"publisher\":{\"@id\":\"https:\/\/www.pressenza.com\/it\/#organization\"},\"potentialAction\":[{\"@type\":\"SearchAction\",\"target\":{\"@type\":\"EntryPoint\",\"urlTemplate\":\"https:\/\/www.pressenza.com\/it\/?s={search_term_string}\"},\"query-input\":{\"@type\":\"PropertyValueSpecification\",\"valueRequired\":true,\"valueName\":\"search_term_string\"}}],\"inLanguage\":\"it-IT\"},{\"@type\":\"Organization\",\"@id\":\"https:\/\/www.pressenza.com\/it\/#organization\",\"name\":\"Pressenza\",\"url\":\"https:\/\/www.pressenza.com\/it\/\",\"logo\":{\"@type\":\"ImageObject\",\"inLanguage\":\"it-IT\",\"@id\":\"https:\/\/www.pressenza.com\/it\/#\/schema\/logo\/image\/\",\"url\":\"https:\/\/www.pressenza.com\/wp-content\/uploads\/2022\/10\/pressenza_logo_200x200.jpg\",\"contentUrl\":\"https:\/\/www.pressenza.com\/wp-content\/uploads\/2022\/10\/pressenza_logo_200x200.jpg\",\"width\":200,\"height\":200,\"caption\":\"Pressenza\"},\"image\":{\"@id\":\"https:\/\/www.pressenza.com\/it\/#\/schema\/logo\/image\/\"},\"sameAs\":[\"https:\/\/www.facebook.com\/PressenzaItalia\",\"https:\/\/x.com\/PressenzaIPA\"]},{\"@type\":\"Person\",\"@id\":\"https:\/\/www.pressenza.com\/it\/#\/schema\/person\/cdd4529aa9392a0fa5dc5a848b317076\",\"name\":\"Associazione per i Popoli Minacciati\",\"description\":\"L'APM d\u00e0 voce alle vittime delle violazioni dei diritti umani. Assieme alle vittime, ci impegniamo per i diritti delle minoranze etniche, linguistiche e religiose minacciate e perseguitate, dei popoli senza Stato e delle comunit\u00e0 dei popoli indigeni. Senza condizionamenti politici o ideologici rendiamo noti crimini contro l'umanit\u00e0 e accusiamo i responsabili di genocidi, di esodi di massa, di repressioni, di persecuzioni e di discriminazioni. Siamo sempre dalla parte delle vittime di arbitr\u00ee e violenze. Con il nostro stato consultivo presso le Nazioni Unite abbiamo il diritto di parola alle Conferenze internazionali. In questo modo consentiamo ai rappresentanti di queste minoranze l'accesso agli organi dell'ONU. La nostra organizzazione lavora al livello internazionale: l'APM si trova in Germania, Italia (Sudtirolo), Francia, Svizzera, Austria, Lussemburgo e Bosnia-Herzegowina. www.gfbv.it\",\"sameAs\":[\"http:\/\/www.gfbv.it\/\",\"https:\/\/www.facebook.com\/popoliminacciati\"],\"url\":\"https:\/\/www.pressenza.com\/it\/author\/associazione-per-i-popoli-minacciati\/\"}]}<\/script>\n<!-- \/ Yoast SEO plugin. -->","yoast_head_json":{"title":"Giornata internazionale dei Popoli Indigeni (9 agosto)","description":"Attivisti indigeni per l'ambiente rischiano la vita - Un nuovo rapporto documenta le sempre maggiori minacce in tutto il mondo Bolzano, G\u00f6ttingen, 7","robots":{"index":"index","follow":"follow","max-snippet":"max-snippet:-1","max-image-preview":"max-image-preview:large","max-video-preview":"max-video-preview:-1"},"canonical":"https:\/\/www.pressenza.com\/it\/2015\/08\/giornata-internazionale-dei-popoli-indigeni-9-agosto\/","og_locale":"it_IT","og_type":"article","og_title":"Giornata internazionale dei Popoli Indigeni (9 agosto)","og_description":"Attivisti indigeni per l'ambiente rischiano la vita - Un nuovo rapporto documenta le sempre maggiori minacce in tutto il mondo Bolzano, G\u00f6ttingen, 7","og_url":"https:\/\/www.pressenza.com\/it\/2015\/08\/giornata-internazionale-dei-popoli-indigeni-9-agosto\/","og_site_name":"Pressenza","article_publisher":"https:\/\/www.facebook.com\/PressenzaItalia","article_author":"https:\/\/www.facebook.com\/popoliminacciati","article_published_time":"2015-08-07T14:37:56+00:00","og_image":[{"width":425,"height":305,"url":"https:\/\/www.pressenza.com\/wp-content\/uploads\/2015\/08\/150807indigen.jpg","type":"image\/jpeg"}],"author":"Associazione per i Popoli Minacciati","twitter_card":"summary_large_image","twitter_creator":"@PressenzaIPA","twitter_site":"@PressenzaIPA","twitter_misc":{"Scritto da":"Associazione per i Popoli Minacciati","Tempo di lettura stimato":"2 minuti"},"schema":{"@context":"https:\/\/schema.org","@graph":[{"@type":"Article","@id":"https:\/\/www.pressenza.com\/it\/2015\/08\/giornata-internazionale-dei-popoli-indigeni-9-agosto\/#article","isPartOf":{"@id":"https:\/\/www.pressenza.com\/it\/2015\/08\/giornata-internazionale-dei-popoli-indigeni-9-agosto\/"},"author":{"name":"Associazione per i Popoli Minacciati","@id":"https:\/\/www.pressenza.com\/it\/#\/schema\/person\/cdd4529aa9392a0fa5dc5a848b317076"},"headline":"Giornata internazionale dei Popoli Indigeni (9 agosto)","datePublished":"2015-08-07T14:37:56+00:00","mainEntityOfPage":{"@id":"https:\/\/www.pressenza.com\/it\/2015\/08\/giornata-internazionale-dei-popoli-indigeni-9-agosto\/"},"wordCount":474,"publisher":{"@id":"https:\/\/www.pressenza.com\/it\/#organization"},"image":{"@id":"https:\/\/www.pressenza.com\/it\/2015\/08\/giornata-internazionale-dei-popoli-indigeni-9-agosto\/#primaryimage"},"thumbnailUrl":"https:\/\/www.pressenza.com\/wp-content\/uploads\/2015\/08\/150807indigen.jpg","keywords":["attivisti indigeni","Giornata internazionale dei popoli indigeni","Mindanao","popoli indigeni"],"articleSection":["Comunicati Stampa","Internazionale","Popoli originari"],"inLanguage":"it-IT"},{"@type":"WebPage","@id":"https:\/\/www.pressenza.com\/it\/2015\/08\/giornata-internazionale-dei-popoli-indigeni-9-agosto\/","url":"https:\/\/www.pressenza.com\/it\/2015\/08\/giornata-internazionale-dei-popoli-indigeni-9-agosto\/","name":"Giornata internazionale dei Popoli Indigeni (9 agosto)","isPartOf":{"@id":"https:\/\/www.pressenza.com\/it\/#website"},"primaryImageOfPage":{"@id":"https:\/\/www.pressenza.com\/it\/2015\/08\/giornata-internazionale-dei-popoli-indigeni-9-agosto\/#primaryimage"},"image":{"@id":"https:\/\/www.pressenza.com\/it\/2015\/08\/giornata-internazionale-dei-popoli-indigeni-9-agosto\/#primaryimage"},"thumbnailUrl":"https:\/\/www.pressenza.com\/wp-content\/uploads\/2015\/08\/150807indigen.jpg","datePublished":"2015-08-07T14:37:56+00:00","description":"Attivisti indigeni per l'ambiente rischiano la vita - Un nuovo rapporto documenta le sempre maggiori minacce in tutto il mondo Bolzano, G\u00f6ttingen, 7","breadcrumb":{"@id":"https:\/\/www.pressenza.com\/it\/2015\/08\/giornata-internazionale-dei-popoli-indigeni-9-agosto\/#breadcrumb"},"inLanguage":"it-IT","potentialAction":[{"@type":"ReadAction","target":["https:\/\/www.pressenza.com\/it\/2015\/08\/giornata-internazionale-dei-popoli-indigeni-9-agosto\/"]}]},{"@type":"ImageObject","inLanguage":"it-IT","@id":"https:\/\/www.pressenza.com\/it\/2015\/08\/giornata-internazionale-dei-popoli-indigeni-9-agosto\/#primaryimage","url":"https:\/\/www.pressenza.com\/wp-content\/uploads\/2015\/08\/150807indigen.jpg","contentUrl":"https:\/\/www.pressenza.com\/wp-content\/uploads\/2015\/08\/150807indigen.jpg","width":425,"height":305},{"@type":"BreadcrumbList","@id":"https:\/\/www.pressenza.com\/it\/2015\/08\/giornata-internazionale-dei-popoli-indigeni-9-agosto\/#breadcrumb","itemListElement":[{"@type":"ListItem","position":1,"name":"Accueil","item":"https:\/\/www.pressenza.com\/it\/"},{"@type":"ListItem","position":2,"name":"Giornata internazionale dei Popoli Indigeni (9 agosto)"}]},{"@type":"WebSite","@id":"https:\/\/www.pressenza.com\/it\/#website","url":"https:\/\/www.pressenza.com\/it\/","name":"Pressenza","description":"Agenzia di Stampa Internazionale","publisher":{"@id":"https:\/\/www.pressenza.com\/it\/#organization"},"potentialAction":[{"@type":"SearchAction","target":{"@type":"EntryPoint","urlTemplate":"https:\/\/www.pressenza.com\/it\/?s={search_term_string}"},"query-input":{"@type":"PropertyValueSpecification","valueRequired":true,"valueName":"search_term_string"}}],"inLanguage":"it-IT"},{"@type":"Organization","@id":"https:\/\/www.pressenza.com\/it\/#organization","name":"Pressenza","url":"https:\/\/www.pressenza.com\/it\/","logo":{"@type":"ImageObject","inLanguage":"it-IT","@id":"https:\/\/www.pressenza.com\/it\/#\/schema\/logo\/image\/","url":"https:\/\/www.pressenza.com\/wp-content\/uploads\/2022\/10\/pressenza_logo_200x200.jpg","contentUrl":"https:\/\/www.pressenza.com\/wp-content\/uploads\/2022\/10\/pressenza_logo_200x200.jpg","width":200,"height":200,"caption":"Pressenza"},"image":{"@id":"https:\/\/www.pressenza.com\/it\/#\/schema\/logo\/image\/"},"sameAs":["https:\/\/www.facebook.com\/PressenzaItalia","https:\/\/x.com\/PressenzaIPA"]},{"@type":"Person","@id":"https:\/\/www.pressenza.com\/it\/#\/schema\/person\/cdd4529aa9392a0fa5dc5a848b317076","name":"Associazione per i Popoli Minacciati","description":"L'APM d\u00e0 voce alle vittime delle violazioni dei diritti umani. Assieme alle vittime, ci impegniamo per i diritti delle minoranze etniche, linguistiche e religiose minacciate e perseguitate, dei popoli senza Stato e delle comunit\u00e0 dei popoli indigeni. Senza condizionamenti politici o ideologici rendiamo noti crimini contro l'umanit\u00e0 e accusiamo i responsabili di genocidi, di esodi di massa, di repressioni, di persecuzioni e di discriminazioni. Siamo sempre dalla parte delle vittime di arbitr\u00ee e violenze. Con il nostro stato consultivo presso le Nazioni Unite abbiamo il diritto di parola alle Conferenze internazionali. In questo modo consentiamo ai rappresentanti di queste minoranze l'accesso agli organi dell'ONU. La nostra organizzazione lavora al livello internazionale: l'APM si trova in Germania, Italia (Sudtirolo), Francia, Svizzera, Austria, Lussemburgo e Bosnia-Herzegowina. www.gfbv.it","sameAs":["http:\/\/www.gfbv.it\/","https:\/\/www.facebook.com\/popoliminacciati"],"url":"https:\/\/www.pressenza.com\/it\/author\/associazione-per-i-popoli-minacciati\/"}]}},"place":"","original_article_url":"","_links":{"self":[{"href":"https:\/\/www.pressenza.com\/it\/wp-json\/wp\/v2\/posts\/208772","targetHints":{"allow":["GET"]}}],"collection":[{"href":"https:\/\/www.pressenza.com\/it\/wp-json\/wp\/v2\/posts"}],"about":[{"href":"https:\/\/www.pressenza.com\/it\/wp-json\/wp\/v2\/types\/post"}],"author":[{"embeddable":true,"href":"https:\/\/www.pressenza.com\/it\/wp-json\/wp\/v2\/users\/903"}],"replies":[{"embeddable":true,"href":"https:\/\/www.pressenza.com\/it\/wp-json\/wp\/v2\/comments?post=208772"}],"version-history":[{"count":0,"href":"https:\/\/www.pressenza.com\/it\/wp-json\/wp\/v2\/posts\/208772\/revisions"}],"wp:featuredmedia":[{"embeddable":true,"href":"https:\/\/www.pressenza.com\/it\/wp-json\/wp\/v2\/media\/208774"}],"wp:attachment":[{"href":"https:\/\/www.pressenza.com\/it\/wp-json\/wp\/v2\/media?parent=208772"}],"wp:term":[{"taxonomy":"category","embeddable":true,"href":"https:\/\/www.pressenza.com\/it\/wp-json\/wp\/v2\/categories?post=208772"},{"taxonomy":"post_tag","embeddable":true,"href":"https:\/\/www.pressenza.com\/it\/wp-json\/wp\/v2\/tags?post=208772"}],"curies":[{"name":"wp","href":"https:\/\/api.w.org\/{rel}","templated":true}]}}