{"id":206026,"date":"2015-07-28T12:03:00","date_gmt":"2015-07-28T11:03:00","guid":{"rendered":"http:\/\/www.pressenza.com\/?p=206026"},"modified":"2015-07-28T12:09:51","modified_gmt":"2015-07-28T11:09:51","slug":"qui-moriremo-tutti-documentario-di-andres-mego","status":"publish","type":"post","link":"https:\/\/www.pressenza.com\/it\/2015\/07\/qui-moriremo-tutti-documentario-di-andres-mego\/","title":{"rendered":"&#8220;Qui moriremo tutti&#8221;. documentario di Andr\u00e9s Mego"},"content":{"rendered":"<p>Intervista di Madeleine Jhon.<\/p>\n<p><em>Il primo documentario di Andr\u00e9s Mego ci mostra Julio Yovera, ex membro di <strong>Sendero Luminoso<\/strong> e sopravvissuto ai massacri avvenuti in Per\u00f9 nelle carceri nel 1986.<br \/>\n<\/em><br \/>\n<strong>Qual&#8217; e&#8217; stato il tuo interesse nel fare questo documentario?<\/strong><\/p>\n<p><strong><br \/>\n<\/strong>Da bambino, negli anni 80, ho vissuto\u00a0 ad Ilo, Moquegua. Uno dei pochi luoghi del Per\u00f9 non toccata dalla guerra civile. Nel 1992 venni ad abitare a Lima, a Piazza Bolognesi, in pieno centro citt\u00e0 e mi impression\u00f2 il clima di paura che si viveva. Molto vicino a dove abitavo ci fu un attentato alla DINCOTE (Direzione Nazionale Contro il Terrorismo) dove esplose una bomba. Come molti della mia generazione mi posi alcune domande: perch\u00e9 accadde tutto questo? Perch\u00e9 molti che militarono in <strong><em>Sendero Luminoso<\/em><\/strong> decisero di farlo? Chi sono realmente i &#8220;terroristi&#8221;? Fino ad oggi non ho risposte, ma non solo soddisfatto della spiegazione ufficiale secondo la quale <strong><em>Sendero <\/em><\/strong>era un gruppo terrorista e qui termina la discussione ( di fatto lo fu, ma con questa definizione si semplificano\u00a0\u00a0 molte cose). Assistiamo al fatto che qualsiasi tentativo di trovare spiegazioni pi\u00f9 profonde corre il rischio di essere squalificato come simpatizzante di <strong><em>Sendero,<\/em><\/strong> il gran cattivo della nostra storia, figura che i nostri governanti continuano a strumentalizzare politicamente per creare paura nella gente, quando \u00e8 necessario. Dunque le domande sono ancora senza risposta. <strong><em>Sendero <\/em><\/strong>si deve essere connesso con qualcosa che c&#8217; era nella gente, per avere il potere che ebbe. E questo non fu casuale. Quindi la mie domande\u00a0 iniziali per questo documentario sono state: chi sono coloro che sono stati senderisti?, come vivono? perch\u00e9 decisero di militare in <strong><em>Sendero<\/em><\/strong>? Ho provato a rispondere attraverso la storia di Julio Yovera.<\/p>\n<p><strong>Qual&#8217; \u00e9 l&#8217; approccio del documentario?<\/strong><\/p>\n<p><strong><br \/>\n<\/strong>Non avevo visto documentari o letto libri (che ora ci sono) sul tema degli anni della violenza a partire dal punto di vista dell&#8217; altro. Se vediamo come \u00e8 stato affrontato il tema nella produzione peruviana il senderista \u00e8 un personaggio senza volto, \u00e8 una non-persona, \u00e8 qualcuno senza nome, che sta nell&#8217; oscurit\u00e0, che \u00e8 una presenza minacciosa, ma invisibile e allo stesso tempo un assassino in agguato. Cosa valida secondo un approccio narrativo e giustificato dal modo di fare di <strong><em>Sendero.<\/em><\/strong> Ma di fatto non \u00e8 il solo approccio valido.\u00a0 Esiste una specie di accordo tacito che il tema si debba trattare secondo il punto di vista delle vittime. Da questo punto di vista il realizzatore lavora sul sicuro perch\u00e9 chi pu\u00f2 essere contro alla vittima? Ma, anche se politicamente\u00a0 corretto, questo approccio \u00e8 riduttivo. Allora ebbi il coraggio di produrre il mio primo documentario su una persona legata a\u00a0 <strong><em>Sendero<\/em><\/strong>, ma che al tempo stesso \u00e8 una vittima, perch\u00e9 sopravvisse ad un massacro ed \u00e8 stato torturato, ma per la sua militanza non \u00e8 considerato tale. Un personaggio che si colloca in una zona grigia, vittima e carnefice; e questa doppia condizione mi \u00e8 sembrata molto stimolante per un documentario, perch\u00e9 rompeva con gli schemi. D&#8217; altra parte quando iniziai a realizzare questo documentario nel 2011, <strong><em>Sendero <\/em><\/strong>sembrava una cosa del passato che si preferiva dimenticare e sebbene poteva essere polemico assumere il punto di vista di vista di questa persona, stavo parlando di qualcosa che era avvenuta vent&#8217; anni prima. Tuttavia l&#8217; anno seguente apparve il MOVADEF(1) che nell&#8217; opinione pubblica fu visto come la riapparizione di <strong><em>Sendero<\/em><\/strong>. Fu un contesto molto sfavorevole per il documentario. Avrei dovuto prevederlo, perch\u00e9 durante la preparazione del documentario, filmai un&#8217; evento del MOVADEF per il Giorno del Lavoratore al quale partecip\u00f2 Yovera. Tutto dava a intendere che stavano per organizzarsi come partito. Ma il documentario non aveva niente a vedere con loro, io lavoravo solo con Yovera. Egli gentilmente mi diede la sua testimonianza. Iniziai a andare a trovarlo tutti i sabati per intervistarlo, filmare situazioni a casa sua, poi visitammo El Fronton, il Museo della Memoria, tutto ci\u00f2\u00a0 pi\u00f9 o meno per un anno. Pi\u00f9 tardi lo editai nel mio computer. Lo misi in internet per vedere che reazioni provocava. Bene, per mia sfortuna nel 2012 el tema del MOVADEF era scoppiato e gli animi erano molto esasperati. Usci un commento sul documentario di un critico di\u00a0 cinema. Disgraziatamente interpret\u00f2 che il mio lavoro era allineato con il MOVADEF. Il MOVADEF allora era gi\u00e0 un protagonista, per cui il documentario non si poteva vedere innocentemente, perch\u00e9, come il critico affermava, c&#8217; era una strategia di MOVADEF di passare come normale, qualcosa come &#8220;perdonateci senza che chiediamo perdono&#8221; e considerava il mio lavoro come complice perch\u00e9 mostravo Julio Yovera e le sue idee senza contestarle, senza mettere in chiaro che erano sbagliate. Una maniera quindi di come non doveva essere trattato il tema. Dopo abbiamo visto che in lavori anche meno polemici ci furono persone che hanno visto apologia, il che sta ad indicare che il tema continua ad essere delicato.<br \/>\nIl mio documentario non pretende essere giornalistico. E&#8217; la storia del massacro del <em>Front\u00f3n <\/em>dal punto di vista di Yovera. Allora mi aggredirono. &#8220;Come puoi fare questo?&#8221; Perch\u00e9, naturalmente, se pubblichi qualcosa su un terrorista devi mettere qualcuno che lo critichi o che lo faccia vedere come il terrorista che \u00e8. Quindi questo fu il mio peccato, fare il documentario cos\u00ec, in maniera\u00a0 parziale, perch\u00e9 questo era l&#8217; obiettivo del documentario, far vedere chi \u00e8 Julio Yovera, cosa gli accadde, cosa e come pensa. Decisi di non giudicarlo e lasciare che si mostri, che mostri la sua famiglia, sua moglie, che esprima le proprie opinioni pi\u00f9 polemiche come quando giustifica l&#8217;uccisione di <em>campesinos. <\/em>Lo portai al <em>Front\u00f3n, <\/em>al <em>Museo de la Memoria<\/em> per stimolare ricordi. Ma in nessun momento lo forzai perch\u00e9 mi facesse vedere qualche segno di rimorso. Perch\u00e9 questo \u00e8 un altro modo sicuro perch\u00e9 il realizzatore non sia malvisto, avere un personaggio che sia un pentito. Sebbene\u00a0 il documentario non sia certo perfetto dal punto di vista tecnico, il suo obiettivo \u00e8 di avvicinarsi all&#8217; <strong>&#8220;altro&#8221;<\/strong>, forse per la prima volta.<\/p>\n<p><strong>Qual&#8217;\u00e8, secondo te, il contributo del documentario?<br \/>\n<\/strong><\/p>\n<p>E&#8217; un piccolissimo pezzo di tutto quello che possiamo fare riguardo alla riflessione sulla violenza che abbiamo vissuto. E comunque \u00e8\u00a0 parziale, \u00e8 solo il punto di vista di un protagonista tra i tanti, e come una fotografia che va letta in un contesto pi\u00f9 ampio. Il mio contributo \u00e8 di essermi avvicinato all'&#8221;altro&#8221; ed averne fatto un ritratto pi\u00f9 che aver dato risposte, cerca di stimolare molte pi\u00f9 domande. Non possiamo continuare a rimanere con l&#8217; idea che il terrorista \u00e8 come un extraterrestre. Solo comprendendo quello che successe possiamo impedire che questa storia si ripeta, che \u00e8 possibile in una cultura come quella peruviana tanto impregnata di autoritarismo. Per questo il mio documentario pu\u00f2 essere irritante per molte persone. Senza dubbio la gente che sta investigando sulla guerra civile ha mostrato interesse a questo documentario. Ho messo in chiaro nel documentario il mio punto di vista sul tema. La vita pubblica del documentario \u00e8&#8217; stata molto corta. Si proiett\u00f2 nella Mostra del Documentario Peruviano. Poi fu presentato al Festival Transcinema ( Festival Internazionale di Non Fiction). Tutta qui la sua apparizione nell&#8217; ambiente. Ora si pu\u00f2 trovare in rete. Chi lo vuole vedere lo pu\u00f2 incontrare.<\/p>\n<p>(1) Movimento che chiede l&#8217; amnistia per i prigionieri politici.<\/p>\n<p>&nbsp;<\/p>\n<p>Link con il documentario:<\/p>\n<p>&nbsp;<\/p>\n<p><a href=\"http:\/\/www.dailymotion.com\/video\/x10ztsb_aqui-vamos-a-morir-todos-2012-documental-50-min-peru_shortfilms\">http:\/\/www.dailymotion.com\/video\/x10ztsb_aqui-vamos-a-morir-todos-2012-documental-50-min-peru_shortfilms<\/a><\/p>\n<p>Traduzione dallo spagnolo di Francesco Cecchini<\/p>\n","protected":false},"excerpt":{"rendered":"<p>Intervista di Madeleine Jhon. Il primo documentario di Andr\u00e9s Mego ci mostra Julio Yovera, ex membro di Sendero Luminoso e sopravvissuto ai massacri avvenuti in Per\u00f9 nelle carceri nel 1986. Qual&#8217; e&#8217; stato il tuo interesse nel fare questo documentario?&hellip;<\/p>\n","protected":false},"author":831,"featured_media":200895,"comment_status":"closed","ping_status":"open","sticky":false,"template":"","format":"standard","meta":{"footnotes":""},"categories":[11388,56,157],"tags":[18817,7208,8461],"class_list":["post-206026","post","type-post","status-publish","format-standard","has-post-thumbnail","hentry","category-contenuti-originali","category-cultura","category-interviste","tag-andres-mego","tag-peru-it","tag-sendero-luminoso"],"yoast_head":"<!-- This site is optimized with the Yoast SEO plugin v27.1.1 - https:\/\/yoast.com\/product\/yoast-seo-wordpress\/ -->\n<title>&quot;Qui moriremo tutti&quot;. documentario di Andr\u00e9s Mego<\/title>\n<meta name=\"description\" content=\"Intervista di Madeleine Jhon. Il primo documentario di Andr\u00e9s Mego ci mostra Julio Yovera, ex membro di Sendero Luminoso e sopravvissuto ai massacri\" \/>\n<meta name=\"robots\" content=\"index, follow, max-snippet:-1, max-image-preview:large, max-video-preview:-1\" \/>\n<link rel=\"canonical\" href=\"https:\/\/www.pressenza.com\/it\/2015\/07\/qui-moriremo-tutti-documentario-di-andres-mego\/\" \/>\n<meta property=\"og:locale\" content=\"it_IT\" \/>\n<meta property=\"og:type\" content=\"article\" \/>\n<meta property=\"og:title\" content=\"&quot;Qui moriremo tutti&quot;. documentario di Andr\u00e9s Mego\" \/>\n<meta property=\"og:description\" content=\"Intervista di Madeleine Jhon. Il primo documentario di Andr\u00e9s Mego ci mostra Julio Yovera, ex membro di Sendero Luminoso e sopravvissuto ai massacri\" \/>\n<meta property=\"og:url\" content=\"https:\/\/www.pressenza.com\/it\/2015\/07\/qui-moriremo-tutti-documentario-di-andres-mego\/\" \/>\n<meta property=\"og:site_name\" content=\"Pressenza\" \/>\n<meta property=\"article:publisher\" content=\"https:\/\/www.facebook.com\/PressenzaItalia\" \/>\n<meta property=\"article:published_time\" content=\"2015-07-28T11:03:00+00:00\" \/>\n<meta property=\"article:modified_time\" content=\"2015-07-28T11:09:51+00:00\" \/>\n<meta property=\"og:image\" content=\"https:\/\/www.pressenza.com\/wp-content\/uploads\/2015\/07\/Andres_Mego.jpg\" \/>\n\t<meta property=\"og:image:width\" content=\"1024\" \/>\n\t<meta property=\"og:image:height\" content=\"692\" \/>\n\t<meta property=\"og:image:type\" content=\"image\/jpeg\" \/>\n<meta name=\"author\" content=\"Redacci\u00f3n Per\u00fa\" \/>\n<meta name=\"twitter:card\" content=\"summary_large_image\" \/>\n<meta name=\"twitter:creator\" content=\"@PressenzaIPA\" \/>\n<meta name=\"twitter:site\" content=\"@PressenzaIPA\" \/>\n<meta name=\"twitter:label1\" content=\"Scritto da\" \/>\n\t<meta name=\"twitter:data1\" content=\"Redacci\u00f3n Per\u00fa\" \/>\n\t<meta name=\"twitter:label2\" content=\"Tempo di lettura stimato\" \/>\n\t<meta name=\"twitter:data2\" content=\"6 minuti\" \/>\n<script type=\"application\/ld+json\" class=\"yoast-schema-graph\">{\"@context\":\"https:\/\/schema.org\",\"@graph\":[{\"@type\":\"Article\",\"@id\":\"https:\/\/www.pressenza.com\/it\/2015\/07\/qui-moriremo-tutti-documentario-di-andres-mego\/#article\",\"isPartOf\":{\"@id\":\"https:\/\/www.pressenza.com\/it\/2015\/07\/qui-moriremo-tutti-documentario-di-andres-mego\/\"},\"author\":{\"name\":\"Redacci\u00f3n Per\u00fa\",\"@id\":\"https:\/\/www.pressenza.com\/it\/#\/schema\/person\/e86c29a41185b85084a478822f5de81b\"},\"headline\":\"&#8220;Qui moriremo tutti&#8221;. documentario di Andr\u00e9s Mego\",\"datePublished\":\"2015-07-28T11:03:00+00:00\",\"dateModified\":\"2015-07-28T11:09:51+00:00\",\"mainEntityOfPage\":{\"@id\":\"https:\/\/www.pressenza.com\/it\/2015\/07\/qui-moriremo-tutti-documentario-di-andres-mego\/\"},\"wordCount\":1213,\"publisher\":{\"@id\":\"https:\/\/www.pressenza.com\/it\/#organization\"},\"image\":{\"@id\":\"https:\/\/www.pressenza.com\/it\/2015\/07\/qui-moriremo-tutti-documentario-di-andres-mego\/#primaryimage\"},\"thumbnailUrl\":\"https:\/\/www.pressenza.com\/wp-content\/uploads\/2015\/07\/Andres_Mego.jpg\",\"keywords\":[\"Andr\u00e9s Mego\",\"Per\u00f9\",\"sendero luminoso\"],\"articleSection\":[\"contenuti originali\",\"Cultura e Media\",\"Interviste\"],\"inLanguage\":\"it-IT\"},{\"@type\":\"WebPage\",\"@id\":\"https:\/\/www.pressenza.com\/it\/2015\/07\/qui-moriremo-tutti-documentario-di-andres-mego\/\",\"url\":\"https:\/\/www.pressenza.com\/it\/2015\/07\/qui-moriremo-tutti-documentario-di-andres-mego\/\",\"name\":\"\\\"Qui moriremo tutti\\\". documentario di Andr\u00e9s Mego\",\"isPartOf\":{\"@id\":\"https:\/\/www.pressenza.com\/it\/#website\"},\"primaryImageOfPage\":{\"@id\":\"https:\/\/www.pressenza.com\/it\/2015\/07\/qui-moriremo-tutti-documentario-di-andres-mego\/#primaryimage\"},\"image\":{\"@id\":\"https:\/\/www.pressenza.com\/it\/2015\/07\/qui-moriremo-tutti-documentario-di-andres-mego\/#primaryimage\"},\"thumbnailUrl\":\"https:\/\/www.pressenza.com\/wp-content\/uploads\/2015\/07\/Andres_Mego.jpg\",\"datePublished\":\"2015-07-28T11:03:00+00:00\",\"dateModified\":\"2015-07-28T11:09:51+00:00\",\"description\":\"Intervista di Madeleine Jhon. Il primo documentario di Andr\u00e9s Mego ci mostra Julio Yovera, ex membro di Sendero Luminoso e sopravvissuto ai massacri\",\"breadcrumb\":{\"@id\":\"https:\/\/www.pressenza.com\/it\/2015\/07\/qui-moriremo-tutti-documentario-di-andres-mego\/#breadcrumb\"},\"inLanguage\":\"it-IT\",\"potentialAction\":[{\"@type\":\"ReadAction\",\"target\":[\"https:\/\/www.pressenza.com\/it\/2015\/07\/qui-moriremo-tutti-documentario-di-andres-mego\/\"]}]},{\"@type\":\"ImageObject\",\"inLanguage\":\"it-IT\",\"@id\":\"https:\/\/www.pressenza.com\/it\/2015\/07\/qui-moriremo-tutti-documentario-di-andres-mego\/#primaryimage\",\"url\":\"https:\/\/www.pressenza.com\/wp-content\/uploads\/2015\/07\/Andres_Mego.jpg\",\"contentUrl\":\"https:\/\/www.pressenza.com\/wp-content\/uploads\/2015\/07\/Andres_Mego.jpg\",\"width\":1024,\"height\":692},{\"@type\":\"BreadcrumbList\",\"@id\":\"https:\/\/www.pressenza.com\/it\/2015\/07\/qui-moriremo-tutti-documentario-di-andres-mego\/#breadcrumb\",\"itemListElement\":[{\"@type\":\"ListItem\",\"position\":1,\"name\":\"Accueil\",\"item\":\"https:\/\/www.pressenza.com\/it\/\"},{\"@type\":\"ListItem\",\"position\":2,\"name\":\"&#8220;Qui moriremo tutti&#8221;. documentario di Andr\u00e9s Mego\"}]},{\"@type\":\"WebSite\",\"@id\":\"https:\/\/www.pressenza.com\/it\/#website\",\"url\":\"https:\/\/www.pressenza.com\/it\/\",\"name\":\"Pressenza\",\"description\":\"Agenzia di Stampa Internazionale\",\"publisher\":{\"@id\":\"https:\/\/www.pressenza.com\/it\/#organization\"},\"potentialAction\":[{\"@type\":\"SearchAction\",\"target\":{\"@type\":\"EntryPoint\",\"urlTemplate\":\"https:\/\/www.pressenza.com\/it\/?s={search_term_string}\"},\"query-input\":{\"@type\":\"PropertyValueSpecification\",\"valueRequired\":true,\"valueName\":\"search_term_string\"}}],\"inLanguage\":\"it-IT\"},{\"@type\":\"Organization\",\"@id\":\"https:\/\/www.pressenza.com\/it\/#organization\",\"name\":\"Pressenza\",\"url\":\"https:\/\/www.pressenza.com\/it\/\",\"logo\":{\"@type\":\"ImageObject\",\"inLanguage\":\"it-IT\",\"@id\":\"https:\/\/www.pressenza.com\/it\/#\/schema\/logo\/image\/\",\"url\":\"https:\/\/www.pressenza.com\/wp-content\/uploads\/2022\/10\/pressenza_logo_200x200.jpg\",\"contentUrl\":\"https:\/\/www.pressenza.com\/wp-content\/uploads\/2022\/10\/pressenza_logo_200x200.jpg\",\"width\":200,\"height\":200,\"caption\":\"Pressenza\"},\"image\":{\"@id\":\"https:\/\/www.pressenza.com\/it\/#\/schema\/logo\/image\/\"},\"sameAs\":[\"https:\/\/www.facebook.com\/PressenzaItalia\",\"https:\/\/x.com\/PressenzaIPA\"]},{\"@type\":\"Person\",\"@id\":\"https:\/\/www.pressenza.com\/it\/#\/schema\/person\/e86c29a41185b85084a478822f5de81b\",\"name\":\"Redacci\u00f3n Per\u00fa\",\"description\":\"News published by the Pressenza bureau in Peru\",\"url\":\"https:\/\/www.pressenza.com\/it\/author\/redaccion-peru\/\"}]}<\/script>\n<!-- \/ Yoast SEO plugin. -->","yoast_head_json":{"title":"\"Qui moriremo tutti\". documentario di Andr\u00e9s Mego","description":"Intervista di Madeleine Jhon. Il primo documentario di Andr\u00e9s Mego ci mostra Julio Yovera, ex membro di Sendero Luminoso e sopravvissuto ai massacri","robots":{"index":"index","follow":"follow","max-snippet":"max-snippet:-1","max-image-preview":"max-image-preview:large","max-video-preview":"max-video-preview:-1"},"canonical":"https:\/\/www.pressenza.com\/it\/2015\/07\/qui-moriremo-tutti-documentario-di-andres-mego\/","og_locale":"it_IT","og_type":"article","og_title":"\"Qui moriremo tutti\". documentario di Andr\u00e9s Mego","og_description":"Intervista di Madeleine Jhon. Il primo documentario di Andr\u00e9s Mego ci mostra Julio Yovera, ex membro di Sendero Luminoso e sopravvissuto ai massacri","og_url":"https:\/\/www.pressenza.com\/it\/2015\/07\/qui-moriremo-tutti-documentario-di-andres-mego\/","og_site_name":"Pressenza","article_publisher":"https:\/\/www.facebook.com\/PressenzaItalia","article_published_time":"2015-07-28T11:03:00+00:00","article_modified_time":"2015-07-28T11:09:51+00:00","og_image":[{"width":1024,"height":692,"url":"https:\/\/www.pressenza.com\/wp-content\/uploads\/2015\/07\/Andres_Mego.jpg","type":"image\/jpeg"}],"author":"Redacci\u00f3n Per\u00fa","twitter_card":"summary_large_image","twitter_creator":"@PressenzaIPA","twitter_site":"@PressenzaIPA","twitter_misc":{"Scritto da":"Redacci\u00f3n Per\u00fa","Tempo di lettura stimato":"6 minuti"},"schema":{"@context":"https:\/\/schema.org","@graph":[{"@type":"Article","@id":"https:\/\/www.pressenza.com\/it\/2015\/07\/qui-moriremo-tutti-documentario-di-andres-mego\/#article","isPartOf":{"@id":"https:\/\/www.pressenza.com\/it\/2015\/07\/qui-moriremo-tutti-documentario-di-andres-mego\/"},"author":{"name":"Redacci\u00f3n Per\u00fa","@id":"https:\/\/www.pressenza.com\/it\/#\/schema\/person\/e86c29a41185b85084a478822f5de81b"},"headline":"&#8220;Qui moriremo tutti&#8221;. documentario di Andr\u00e9s Mego","datePublished":"2015-07-28T11:03:00+00:00","dateModified":"2015-07-28T11:09:51+00:00","mainEntityOfPage":{"@id":"https:\/\/www.pressenza.com\/it\/2015\/07\/qui-moriremo-tutti-documentario-di-andres-mego\/"},"wordCount":1213,"publisher":{"@id":"https:\/\/www.pressenza.com\/it\/#organization"},"image":{"@id":"https:\/\/www.pressenza.com\/it\/2015\/07\/qui-moriremo-tutti-documentario-di-andres-mego\/#primaryimage"},"thumbnailUrl":"https:\/\/www.pressenza.com\/wp-content\/uploads\/2015\/07\/Andres_Mego.jpg","keywords":["Andr\u00e9s Mego","Per\u00f9","sendero luminoso"],"articleSection":["contenuti originali","Cultura e Media","Interviste"],"inLanguage":"it-IT"},{"@type":"WebPage","@id":"https:\/\/www.pressenza.com\/it\/2015\/07\/qui-moriremo-tutti-documentario-di-andres-mego\/","url":"https:\/\/www.pressenza.com\/it\/2015\/07\/qui-moriremo-tutti-documentario-di-andres-mego\/","name":"\"Qui moriremo tutti\". documentario di Andr\u00e9s Mego","isPartOf":{"@id":"https:\/\/www.pressenza.com\/it\/#website"},"primaryImageOfPage":{"@id":"https:\/\/www.pressenza.com\/it\/2015\/07\/qui-moriremo-tutti-documentario-di-andres-mego\/#primaryimage"},"image":{"@id":"https:\/\/www.pressenza.com\/it\/2015\/07\/qui-moriremo-tutti-documentario-di-andres-mego\/#primaryimage"},"thumbnailUrl":"https:\/\/www.pressenza.com\/wp-content\/uploads\/2015\/07\/Andres_Mego.jpg","datePublished":"2015-07-28T11:03:00+00:00","dateModified":"2015-07-28T11:09:51+00:00","description":"Intervista di Madeleine Jhon. Il primo documentario di Andr\u00e9s Mego ci mostra Julio Yovera, ex membro di Sendero Luminoso e sopravvissuto ai massacri","breadcrumb":{"@id":"https:\/\/www.pressenza.com\/it\/2015\/07\/qui-moriremo-tutti-documentario-di-andres-mego\/#breadcrumb"},"inLanguage":"it-IT","potentialAction":[{"@type":"ReadAction","target":["https:\/\/www.pressenza.com\/it\/2015\/07\/qui-moriremo-tutti-documentario-di-andres-mego\/"]}]},{"@type":"ImageObject","inLanguage":"it-IT","@id":"https:\/\/www.pressenza.com\/it\/2015\/07\/qui-moriremo-tutti-documentario-di-andres-mego\/#primaryimage","url":"https:\/\/www.pressenza.com\/wp-content\/uploads\/2015\/07\/Andres_Mego.jpg","contentUrl":"https:\/\/www.pressenza.com\/wp-content\/uploads\/2015\/07\/Andres_Mego.jpg","width":1024,"height":692},{"@type":"BreadcrumbList","@id":"https:\/\/www.pressenza.com\/it\/2015\/07\/qui-moriremo-tutti-documentario-di-andres-mego\/#breadcrumb","itemListElement":[{"@type":"ListItem","position":1,"name":"Accueil","item":"https:\/\/www.pressenza.com\/it\/"},{"@type":"ListItem","position":2,"name":"&#8220;Qui moriremo tutti&#8221;. documentario di Andr\u00e9s Mego"}]},{"@type":"WebSite","@id":"https:\/\/www.pressenza.com\/it\/#website","url":"https:\/\/www.pressenza.com\/it\/","name":"Pressenza","description":"Agenzia di Stampa Internazionale","publisher":{"@id":"https:\/\/www.pressenza.com\/it\/#organization"},"potentialAction":[{"@type":"SearchAction","target":{"@type":"EntryPoint","urlTemplate":"https:\/\/www.pressenza.com\/it\/?s={search_term_string}"},"query-input":{"@type":"PropertyValueSpecification","valueRequired":true,"valueName":"search_term_string"}}],"inLanguage":"it-IT"},{"@type":"Organization","@id":"https:\/\/www.pressenza.com\/it\/#organization","name":"Pressenza","url":"https:\/\/www.pressenza.com\/it\/","logo":{"@type":"ImageObject","inLanguage":"it-IT","@id":"https:\/\/www.pressenza.com\/it\/#\/schema\/logo\/image\/","url":"https:\/\/www.pressenza.com\/wp-content\/uploads\/2022\/10\/pressenza_logo_200x200.jpg","contentUrl":"https:\/\/www.pressenza.com\/wp-content\/uploads\/2022\/10\/pressenza_logo_200x200.jpg","width":200,"height":200,"caption":"Pressenza"},"image":{"@id":"https:\/\/www.pressenza.com\/it\/#\/schema\/logo\/image\/"},"sameAs":["https:\/\/www.facebook.com\/PressenzaItalia","https:\/\/x.com\/PressenzaIPA"]},{"@type":"Person","@id":"https:\/\/www.pressenza.com\/it\/#\/schema\/person\/e86c29a41185b85084a478822f5de81b","name":"Redacci\u00f3n Per\u00fa","description":"News published by the Pressenza bureau in Peru","url":"https:\/\/www.pressenza.com\/it\/author\/redaccion-peru\/"}]}},"place":"","original_article_url":"","_links":{"self":[{"href":"https:\/\/www.pressenza.com\/it\/wp-json\/wp\/v2\/posts\/206026","targetHints":{"allow":["GET"]}}],"collection":[{"href":"https:\/\/www.pressenza.com\/it\/wp-json\/wp\/v2\/posts"}],"about":[{"href":"https:\/\/www.pressenza.com\/it\/wp-json\/wp\/v2\/types\/post"}],"author":[{"embeddable":true,"href":"https:\/\/www.pressenza.com\/it\/wp-json\/wp\/v2\/users\/831"}],"replies":[{"embeddable":true,"href":"https:\/\/www.pressenza.com\/it\/wp-json\/wp\/v2\/comments?post=206026"}],"version-history":[{"count":0,"href":"https:\/\/www.pressenza.com\/it\/wp-json\/wp\/v2\/posts\/206026\/revisions"}],"wp:featuredmedia":[{"embeddable":true,"href":"https:\/\/www.pressenza.com\/it\/wp-json\/wp\/v2\/media\/200895"}],"wp:attachment":[{"href":"https:\/\/www.pressenza.com\/it\/wp-json\/wp\/v2\/media?parent=206026"}],"wp:term":[{"taxonomy":"category","embeddable":true,"href":"https:\/\/www.pressenza.com\/it\/wp-json\/wp\/v2\/categories?post=206026"},{"taxonomy":"post_tag","embeddable":true,"href":"https:\/\/www.pressenza.com\/it\/wp-json\/wp\/v2\/tags?post=206026"}],"curies":[{"name":"wp","href":"https:\/\/api.w.org\/{rel}","templated":true}]}}