{"id":205545,"date":"2015-07-25T20:19:21","date_gmt":"2015-07-25T19:19:21","guid":{"rendered":"http:\/\/www.pressenza.com\/?p=205545"},"modified":"2015-07-26T17:41:44","modified_gmt":"2015-07-26T16:41:44","slug":"articolare-la-comunicazione-per-lintegrazione-della-regione-latino-americana-e-caraibica","status":"publish","type":"post","link":"https:\/\/www.pressenza.com\/it\/2015\/07\/articolare-la-comunicazione-per-lintegrazione-della-regione-latino-americana-e-caraibica\/","title":{"rendered":"Articolare la Comunicazione per l\u2019Integrazione della regione latino americana e caraibica"},"content":{"rendered":"<p><em>Condivido con i lettori di Pressenza l&#8217;intervento che ho fatto il 21 luglio nell\u2019ambito della riunione dei media popolari che costruiscono la Patria Grande organizzato dal Foro comunicazione per l\u2019integrazione di Nuestra America,\u00a0\u00a0 nella sede di CIESPAL a Quito, Ecuador, lavoro preliminare al congresso Comunicazione ed Integrazione Latino Americana Da e Verso il Sud.<\/em><\/p>\n<p><em>\u00a0<\/em><\/p>\n<p>Ringraziamo per la possibilit\u00e0 di esporre alcune idee riguardo al tema per il quale siamo qui convocati: la necessit\u00e0 di articolare il lavoro di comunicazione con l\u2019obiettivo di assicurare ed approfondire l\u2019integrazione dell\u2019America latina e dei Caraibi.<\/p>\n<p>Prima di tutto, che significato ha l\u2019integrazione che si menziona come obiettivo dell\u2019articolato sforzo di comunicazione che stiamo portando avanti? Quali sono le parti che l\u00ec si integrano? Gli stati, i popoli, le nazioni? Queste non sono domande da niente, perch\u00e9 si rifanno al senso essenziale dell\u2019unit\u00e0 desiderata.<\/p>\n<p>\u00c8 importante non confondere i termini Stato e Nazione e, ancora di pi\u00f9, non fonderli in uno stesso concetto. Le nazioni esistono al di l\u00e0 di una giurisdizione territoriale o di governo, e cos\u00ec va anche crescendo il riconoscimento per il quale gli Stati ospitano e sono configurati da una pluralit\u00e0 di nazionalit\u00e0. Approfondiamo brevemente le dinamiche storiche: per quanto riguarda lo stato, questo sorge nel suo formato attuale come una forma superata di un dispotico potere monarchico, per poi consolidarsi come\u00a0 strumento dell\u2019ascendente borghesia europea. In questo modo, quegli ideali originari di libert\u00e0 uguaglianza e fraternit\u00e0 sarebbero stati eclissati nella pratica dal diritto alla propriet\u00e0 individuale. Qualcosa di simile sarebbe successo nell\u2019America occupata dove la discendenza coloniale e i creoli meglio piazzati avrebbero rimaneggiato i nuovi stati indipendenti secondo le loro appetenze.<\/p>\n<p>Sia qui che l\u00ec, la chiesa colonialista avrebbe mantenuto gran parte della sua influenza. Gli schiavi, le donne, le nazioni originarie, gli abitanti dei campi, i contadini intanto divenuti operai, avrebbero continuato ad essere vessati ed oppressi. Appena dopo la seconda met\u00e0 del secolo XIX e la prima del XX le lotte rivendicatrici sarebbero riuscite ad abolire la schiavit\u00f9, ad elevare la condizione femminile e generare ogni volta maggiori diritti per il cittadino comune. Comunque con l\u2019avanzare dell\u2019imperialismo vorace, molte elite di vertice si sarebbero offerte per barattare lo sforzo comune e gli avanzamenti ottenuti con il matenimento del potere.Tradimento e propaganda avrebbero convertito cos\u00ec lo stato in un apparato al servizio degli affari dei poteri stranieri, che a loro volta mutavano dalle loro capacit\u00e0 industrialiste e commerciali verso una crudele e improduttiva manipolazione finanziaria.<\/p>\n<p>In tempi recenti nel solco di alcuni sforzi precedenti \u2013 parzialmente spazzati via allora dagli interessi del grande capitale e dalle logiche distruttive di un mondo bipolare \u2013 sarebbero emersi nella nostra regione nuove forze politiche alla ricerca\u00a0 dello Stato come casa dei diritti umani. Queste forze si sarebbero incarnate in governanti di riconosciuta decenza e con una grande capacit\u00e0 di docenza verso le loro popolazioni. Nella voragine di un mondo ogni volta pi\u00f9 connesso, davanti all\u2019impeto di una globalizzazione \u201cdel pi\u00f9 forte\u201d, vari popoli latino americani avrebbero trovato in questi dirigenti i migliori rappresentanti per contrapporre un progetto di stato a volte forte e compassionevole insieme alla proposta di forgiare strutture\u00a0 interstatali di aiuto e promozione degli interessi degli abitanti di questi territori.<\/p>\n<p>Andando adesso al concetto di \u201cnazioni\u201d, queste si definiscono citando il pensatore latino americano Silo: \u201cPer il riconoscimento reciproco che stabiliscono tra di loro le persone che si identificano con simili valori e che aspirano ad un futuro comune.\u201d \u201cUna nazione \u2013 continua il pensatore \u2013 pu\u00f2 formarsi oggi, pu\u00f2 crescere nel futuro o fallire domani e pu\u00f2 incorporare altri insiemi al suo progetto\u201d. \u00c8 qui che in questa prospettiva i popoli latino americani e caraibici vanno verso un futuro comune. Cio\u00e8 la base della nostra unione non \u00e8 costituita essenzialmente da antichi retaggi o chimerici paesaggi passati, ma dalla possibilit\u00e0 di riconoscerci fratelli in un progetto comune verso il futuro. L\u2019integrazione diviene cos\u00ec in uno spazio di convergenza intenzionale.<\/p>\n<p>In questo modo non solo possono confluire tradizione culturali diverse, lingue diverse, modi di vedere il mondo, diverse spiritualit\u00e0 e credenze ma anche da questo miscuglio nuovo possono emergere creativamente nuovi usi e visioni condivise.<\/p>\n<p>Cos\u00ec il nostro progetto di integrazione richiede non solo le istanze istituzionali interstatali che resistano effettivamente al permanente intento di dominazione del potere stabilito, sia esso vernacolare o suburbano, ma anche e soprattutto di una cosciente e attiva volont\u00e0 dei popoli per andare incontro agli altri insiemi e ad altre realt\u00e0 per andare pi\u00f9 in l\u00e0 delle loro frontiere geografiche, culturali e mentali.<\/p>\n<p>Da questa prospettiva \u00e8 necessario realizzare sogni, vocazioni, sentimenti di fratellanza, \u00e8 imprescindibile mostrare che i cambiamenti non sono solo desiderati e necessari, ma soprattutto possibili, ma che si richiedono da parte di tutti o per lo meno da molti.<\/p>\n<p>Qui sorge l\u2019imperiosa necessit\u00e0 di comunicare, appellandosi alla soggettivit\u00e0 di ognuno per disporsi a questo cambiamento e all\u2019 articolazione organizzata degli insiemi umani che veicolano e migliorano tutta la capacit\u00e0 individuale.<\/p>\n<p>Il progetto integratore ha un unico senso possibile ed \u00e8 quello della solidariet\u00e0, della pace illimitata e dell\u2019ampliamento degli orizzonti per ogni essere umano che abita in questi territori. Senza questo segnale le alleanze sono strumenti di oppressione. Chi vorrebbe questi super stati mostruosi e insensibili che allontanano ogni volta di pi\u00f9 la\u00a0 gente dalle decisioni?<\/p>\n<p>Facendo uso di concetti usati dai sociologi brasiliani Andrea Bruckmann e Theotonio Dos Santos, \u00e8 evidente che il progetto di integrazione al quale aspiriamo si includa in termini pi\u00f9 generali \u201cin un movimento ogni volta pi\u00f9 ampio a livello mondiale che afferma la necessit\u00e0 di un\u2019alleanza strategica tra i paesi del sud per promuovere nuove forme di convivenza planetaria basate sul rispetto reciproco, nella tolleranza come principio fondamentale, nella diversit\u00e0 culturale e civilizzatrice come possibilit\u00e0 di arricchimento e non di esclusione, e nella cooperazione Sud-Sud basata sul principio dei vantaggi condivisi\u201d. Rappresenta anche una trasformazione di paradigmi che lascia indietro lo scontro di civilt\u00e0 per andare verso la collaborazione tra le civilt\u00e0; significa passare dalla violenza dell\u2019imposizione di un imperialismo globalizzatore alla nonviolenza dell\u2019incontro fraterno e mondializzatore tra culture e popoli.<\/p>\n<p>Il progetto integratore guadagna senso e permanenza quando si uniscono le nazioni e quando gli stati e i loro governi sono portavoce e interpreti istituzionali di questa unit\u00e0. Il progetto integratore in America latina e nei Caraibi \u00e8 una risposta evolutiva alla disintegrazione insensibile della globalizzazione. \u00c8 il segnale di avanguardia che, per il suo contesto fraterno e umano, tende a proiettarsi come un faro pi\u00f9 in l\u00e0 della propria regione. \u00c8 l\u2019opportunit\u00e0 di affermare un nuovo orizzonte di valori degno degli esseri umani che mira a trasformare l\u2019attuale ritardo nelle strutture sociali e di ideazione che non corrispondono pi\u00f9 alle necessit\u00e0 evolutive della nostra specie. All\u2019interno del progetto integratore si inserisce anche la responsabilit\u00e0 di risolvere i diverbi tra popoli della regione, comprendendo come questi litigi sono stati generati da poteri extra territoriali che hanno come obiettivo quello di depredare e dividere.<\/p>\n<p>Allo stesso tempo, questo progetto integratore avr\u00e0 la caratteristica di abbordare l\u2019effettivo superamento di conflitti che oggi sono deliberatamente nascosti o minimizzati dallo status quo, ma che sono alla base di disuguaglianze di opportunit\u00e0, come lo sono l\u2019illegittima appropriazione della terra e dei saperi e conoscenze collettivi, la mercantilizzazione dei servizi di base, la situazione inaccettabile di fame e miseria che ancora coinvolge milioni di esseri umani, la depredazione irrazionale delle risorse ambientali, l\u2019indebita manipolazione dell\u2019informazione da parte delle corporazioni mediatiche, il pericolo che rappresentano la guerra e la sovversione della democrazia fomentata dall\u2019ingerenza straniera golpista, ma anche le tendenze interne all\u2019aumento dell\u2019armamentismo e la militarizzazione sociale, le discriminazioni che ancora sono presenti nella nostra coscienza, la vacua propensione al consumo sfrenato come fonte di senso vitale e tanti altri temi che avremmo bisogno di scoprire.<\/p>\n<p>Come propagare questo progetto? Come convocare ogni volta pi\u00f9 collettivi e insiemi a fluire in questo canale trasformatore? Questo \u00e8 il nostro nuovo obiettivo.<\/p>\n<p>Cos\u00ec come pensiamo all\u2019integrazione in termini di articolazione e confluenza, cos\u00ec abbiamo nostalgia che i nostri popoli convergano in direzioni comuni. La comunicazione del progetto di integrazione deve essere anche coerente con questi postulati. In questo modo, ogni organizzazione, ogni mezzo di comunicazione, ogni rete, ogni comunicatore potr\u00e0 collaborare con il progetto, se va oltre al suo interesse particolare e immediato. Molto oltre.<\/p>\n<p>Non si tratta di abbandonare identit\u00e0, ma di includerle in un progetto pi\u00f9 grande. Non si tratta di uniformare niente, si tratta di moltiplicare formati e modi di comunicare, appoggiandosi alle immagini di questa missione centrale, convocante e vincolante. Non si tratta di monopolizzare niente, ma di confutare i monopoli. Non si tratta di un progetto chauvinista, risentito, reattivo, ma di costruire realt\u00e0 proprie e congiunte, propositive e creative, e di amare queste realt\u00e0 che si costruiscono insieme agli altri.<\/p>\n<p>Si tratta di condividere con gli altri comunicatori ma anche con artisti, sportivi, letterati, musicisti, referenti della scienza e dello spirito, e tanti altri attori sociali che si uniscono a questo obiettivo. Si tratta di convocare i nostri 160 milioni di giovani &#8211; che hanno gi\u00e0 il vantaggio di essere nati in un paesaggio transfrontaliero \u2013 a sfocare definitivamente i limiti dei vecchi confini e proporli, convertire la genuina integrazione latino americana e caraibica in parte del loro progetto generazionale. Si tratta di offrire le migliori qualit\u00e0 di ognuno, le loro migliori virt\u00f9 per questa nobile causa. Si tratta di elaborare strategie diverse con la partecipazione attiva di movimenti, accademici, governi, per lasciare indietro vecchi rancori e scoprire nuovi incontri.<\/p>\n<p>Soprattutto si tratta di dare spazio pieno alla stessa gente, perch\u00e9 possa coltivare la propria esistenza sulla base delle loro necessit\u00e0 e aspirazioni e non basate su desideri manipolati da altri. Si tratta, come dicevamo all\u2019inizio, di cercarci e incontrarci per articolare una comunicazione del gran progetto di integrarci come popoli e persone che aspirano ad un futuro pieno di umanit\u00e0 per tutti.<\/p>\n<p>&nbsp;<\/p>\n<p><em>Traduzione dallo spagnolo di Claudia Calderaro<\/em><\/p>\n","protected":false},"excerpt":{"rendered":"<p>Condivido con i lettori di Pressenza l&#8217;intervento che ho fatto il 21 luglio nell\u2019ambito della riunione dei media popolari che costruiscono la Patria Grande organizzato dal Foro comunicazione per l\u2019integrazione di Nuestra America,\u00a0\u00a0 nella sede di CIESPAL a Quito, Ecuador,&hellip;<\/p>\n","protected":false},"author":970,"featured_media":204796,"comment_status":"closed","ping_status":"open","sticky":false,"template":"","format":"standard","meta":{"footnotes":""},"categories":[50,11388,56,162,57,48],"tags":[1550,18726,6906,13260,4611,1312],"class_list":["post-205545","post","type-post","status-publish","format-standard","has-post-thumbnail","hentry","category-centro-america","category-contenuti-originali","category-cultura","category-opinioni","category-affari-esteri","category-sud-america","tag-ecuador-it","tag-foro-di-comunicazione-per-lintegrazione-di-nuestramerica","tag-integrazione","tag-javier-tolcachier-2","tag-mass-media","tag-pressenza-it"],"yoast_head":"<!-- This site is optimized with the Yoast SEO plugin v27.1.1 - https:\/\/yoast.com\/product\/yoast-seo-wordpress\/ -->\n<title>Articolare la Comunicazione per l\u2019Integrazione della regione latino americana e caraibica<\/title>\n<meta name=\"description\" content=\"Condivido con i lettori di Pressenza l&#039;intervento che ho fatto il 21 luglio nell\u2019ambito della riunione dei media popolari che costruiscono la Patria\" \/>\n<meta name=\"robots\" content=\"index, follow, max-snippet:-1, max-image-preview:large, max-video-preview:-1\" \/>\n<link rel=\"canonical\" href=\"https:\/\/www.pressenza.com\/it\/2015\/07\/articolare-la-comunicazione-per-lintegrazione-della-regione-latino-americana-e-caraibica\/\" \/>\n<meta property=\"og:locale\" content=\"it_IT\" \/>\n<meta property=\"og:type\" content=\"article\" \/>\n<meta property=\"og:title\" content=\"Articolare la Comunicazione per l\u2019Integrazione della regione latino americana e caraibica\" \/>\n<meta property=\"og:description\" content=\"Condivido con i lettori di Pressenza l&#039;intervento che ho fatto il 21 luglio nell\u2019ambito della riunione dei media popolari che costruiscono la Patria\" \/>\n<meta property=\"og:url\" content=\"https:\/\/www.pressenza.com\/it\/2015\/07\/articolare-la-comunicazione-per-lintegrazione-della-regione-latino-americana-e-caraibica\/\" \/>\n<meta property=\"og:site_name\" content=\"Pressenza\" \/>\n<meta property=\"article:publisher\" content=\"https:\/\/www.facebook.com\/PressenzaItalia\" \/>\n<meta property=\"article:author\" content=\"https:\/\/www.facebook.com\/javier.tolcachier?fref=ts\" \/>\n<meta property=\"article:published_time\" content=\"2015-07-25T19:19:21+00:00\" \/>\n<meta property=\"article:modified_time\" content=\"2015-07-26T16:41:44+00:00\" \/>\n<meta property=\"og:image\" content=\"https:\/\/www.pressenza.com\/wp-content\/uploads\/2015\/07\/NuestrAm--rica-02.jpg\" \/>\n\t<meta property=\"og:image:width\" content=\"3602\" \/>\n\t<meta property=\"og:image:height\" content=\"2525\" \/>\n\t<meta property=\"og:image:type\" content=\"image\/jpeg\" \/>\n<meta name=\"author\" content=\"Javier Tolcachier\" \/>\n<meta name=\"twitter:card\" content=\"summary_large_image\" \/>\n<meta name=\"twitter:creator\" content=\"@jtolcachier\" \/>\n<meta name=\"twitter:site\" content=\"@PressenzaIPA\" \/>\n<meta name=\"twitter:label1\" content=\"Scritto da\" \/>\n\t<meta name=\"twitter:data1\" content=\"Javier Tolcachier\" \/>\n\t<meta name=\"twitter:label2\" content=\"Tempo di lettura stimato\" \/>\n\t<meta name=\"twitter:data2\" content=\"8 minuti\" \/>\n<script type=\"application\/ld+json\" class=\"yoast-schema-graph\">{\"@context\":\"https:\/\/schema.org\",\"@graph\":[{\"@type\":\"Article\",\"@id\":\"https:\/\/www.pressenza.com\/it\/2015\/07\/articolare-la-comunicazione-per-lintegrazione-della-regione-latino-americana-e-caraibica\/#article\",\"isPartOf\":{\"@id\":\"https:\/\/www.pressenza.com\/it\/2015\/07\/articolare-la-comunicazione-per-lintegrazione-della-regione-latino-americana-e-caraibica\/\"},\"author\":{\"name\":\"Javier Tolcachier\",\"@id\":\"https:\/\/www.pressenza.com\/it\/#\/schema\/person\/f353f6d4eed144101dedba60e6227564\"},\"headline\":\"Articolare la Comunicazione per l\u2019Integrazione della regione latino americana e caraibica\",\"datePublished\":\"2015-07-25T19:19:21+00:00\",\"dateModified\":\"2015-07-26T16:41:44+00:00\",\"mainEntityOfPage\":{\"@id\":\"https:\/\/www.pressenza.com\/it\/2015\/07\/articolare-la-comunicazione-per-lintegrazione-della-regione-latino-americana-e-caraibica\/\"},\"wordCount\":1670,\"publisher\":{\"@id\":\"https:\/\/www.pressenza.com\/it\/#organization\"},\"image\":{\"@id\":\"https:\/\/www.pressenza.com\/it\/2015\/07\/articolare-la-comunicazione-per-lintegrazione-della-regione-latino-americana-e-caraibica\/#primaryimage\"},\"thumbnailUrl\":\"https:\/\/www.pressenza.com\/wp-content\/uploads\/2015\/07\/NuestrAm--rica-02.jpg\",\"keywords\":[\"Ecuador\",\"Foro di Comunicazione per l\u2019Integrazione di NuestrAmerica\",\"integrazione\",\"Javier Tolcachier\",\"mass-media\",\"Pressenza\"],\"articleSection\":[\"America Centrale\",\"contenuti originali\",\"Cultura e Media\",\"Opinioni\",\"Questioni internazionali\",\"Sud America\"],\"inLanguage\":\"it-IT\"},{\"@type\":\"WebPage\",\"@id\":\"https:\/\/www.pressenza.com\/it\/2015\/07\/articolare-la-comunicazione-per-lintegrazione-della-regione-latino-americana-e-caraibica\/\",\"url\":\"https:\/\/www.pressenza.com\/it\/2015\/07\/articolare-la-comunicazione-per-lintegrazione-della-regione-latino-americana-e-caraibica\/\",\"name\":\"Articolare la Comunicazione per l\u2019Integrazione della regione latino americana e caraibica\",\"isPartOf\":{\"@id\":\"https:\/\/www.pressenza.com\/it\/#website\"},\"primaryImageOfPage\":{\"@id\":\"https:\/\/www.pressenza.com\/it\/2015\/07\/articolare-la-comunicazione-per-lintegrazione-della-regione-latino-americana-e-caraibica\/#primaryimage\"},\"image\":{\"@id\":\"https:\/\/www.pressenza.com\/it\/2015\/07\/articolare-la-comunicazione-per-lintegrazione-della-regione-latino-americana-e-caraibica\/#primaryimage\"},\"thumbnailUrl\":\"https:\/\/www.pressenza.com\/wp-content\/uploads\/2015\/07\/NuestrAm--rica-02.jpg\",\"datePublished\":\"2015-07-25T19:19:21+00:00\",\"dateModified\":\"2015-07-26T16:41:44+00:00\",\"description\":\"Condivido con i lettori di Pressenza l'intervento che ho fatto il 21 luglio nell\u2019ambito della riunione dei media popolari che costruiscono la Patria\",\"breadcrumb\":{\"@id\":\"https:\/\/www.pressenza.com\/it\/2015\/07\/articolare-la-comunicazione-per-lintegrazione-della-regione-latino-americana-e-caraibica\/#breadcrumb\"},\"inLanguage\":\"it-IT\",\"potentialAction\":[{\"@type\":\"ReadAction\",\"target\":[\"https:\/\/www.pressenza.com\/it\/2015\/07\/articolare-la-comunicazione-per-lintegrazione-della-regione-latino-americana-e-caraibica\/\"]}]},{\"@type\":\"ImageObject\",\"inLanguage\":\"it-IT\",\"@id\":\"https:\/\/www.pressenza.com\/it\/2015\/07\/articolare-la-comunicazione-per-lintegrazione-della-regione-latino-americana-e-caraibica\/#primaryimage\",\"url\":\"https:\/\/www.pressenza.com\/wp-content\/uploads\/2015\/07\/NuestrAm--rica-02.jpg\",\"contentUrl\":\"https:\/\/www.pressenza.com\/wp-content\/uploads\/2015\/07\/NuestrAm--rica-02.jpg\",\"width\":3602,\"height\":2525},{\"@type\":\"BreadcrumbList\",\"@id\":\"https:\/\/www.pressenza.com\/it\/2015\/07\/articolare-la-comunicazione-per-lintegrazione-della-regione-latino-americana-e-caraibica\/#breadcrumb\",\"itemListElement\":[{\"@type\":\"ListItem\",\"position\":1,\"name\":\"Accueil\",\"item\":\"https:\/\/www.pressenza.com\/it\/\"},{\"@type\":\"ListItem\",\"position\":2,\"name\":\"Articolare la Comunicazione per l\u2019Integrazione della regione latino americana e caraibica\"}]},{\"@type\":\"WebSite\",\"@id\":\"https:\/\/www.pressenza.com\/it\/#website\",\"url\":\"https:\/\/www.pressenza.com\/it\/\",\"name\":\"Pressenza\",\"description\":\"Agenzia di Stampa Internazionale\",\"publisher\":{\"@id\":\"https:\/\/www.pressenza.com\/it\/#organization\"},\"potentialAction\":[{\"@type\":\"SearchAction\",\"target\":{\"@type\":\"EntryPoint\",\"urlTemplate\":\"https:\/\/www.pressenza.com\/it\/?s={search_term_string}\"},\"query-input\":{\"@type\":\"PropertyValueSpecification\",\"valueRequired\":true,\"valueName\":\"search_term_string\"}}],\"inLanguage\":\"it-IT\"},{\"@type\":\"Organization\",\"@id\":\"https:\/\/www.pressenza.com\/it\/#organization\",\"name\":\"Pressenza\",\"url\":\"https:\/\/www.pressenza.com\/it\/\",\"logo\":{\"@type\":\"ImageObject\",\"inLanguage\":\"it-IT\",\"@id\":\"https:\/\/www.pressenza.com\/it\/#\/schema\/logo\/image\/\",\"url\":\"https:\/\/www.pressenza.com\/wp-content\/uploads\/2022\/10\/pressenza_logo_200x200.jpg\",\"contentUrl\":\"https:\/\/www.pressenza.com\/wp-content\/uploads\/2022\/10\/pressenza_logo_200x200.jpg\",\"width\":200,\"height\":200,\"caption\":\"Pressenza\"},\"image\":{\"@id\":\"https:\/\/www.pressenza.com\/it\/#\/schema\/logo\/image\/\"},\"sameAs\":[\"https:\/\/www.facebook.com\/PressenzaItalia\",\"https:\/\/x.com\/PressenzaIPA\"]},{\"@type\":\"Person\",\"@id\":\"https:\/\/www.pressenza.com\/it\/#\/schema\/person\/f353f6d4eed144101dedba60e6227564\",\"name\":\"Javier Tolcachier\",\"description\":\"Javier Tolcachier is a researcher from the World Centre of Humanist Studies, an organism of the Humanist Movement. Mail: javiertolcachier@disroot.org Twitter: @jtolcachier\",\"sameAs\":[\"https:\/\/www.facebook.com\/javier.tolcachier?fref=ts\",\"https:\/\/x.com\/jtolcachier\"],\"url\":\"https:\/\/www.pressenza.com\/it\/author\/javier-tolcachier\/\"}]}<\/script>\n<!-- \/ Yoast SEO plugin. -->","yoast_head_json":{"title":"Articolare la Comunicazione per l\u2019Integrazione della regione latino americana e caraibica","description":"Condivido con i lettori di Pressenza l'intervento che ho fatto il 21 luglio nell\u2019ambito della riunione dei media popolari che costruiscono la Patria","robots":{"index":"index","follow":"follow","max-snippet":"max-snippet:-1","max-image-preview":"max-image-preview:large","max-video-preview":"max-video-preview:-1"},"canonical":"https:\/\/www.pressenza.com\/it\/2015\/07\/articolare-la-comunicazione-per-lintegrazione-della-regione-latino-americana-e-caraibica\/","og_locale":"it_IT","og_type":"article","og_title":"Articolare la Comunicazione per l\u2019Integrazione della regione latino americana e caraibica","og_description":"Condivido con i lettori di Pressenza l'intervento che ho fatto il 21 luglio nell\u2019ambito della riunione dei media popolari che costruiscono la Patria","og_url":"https:\/\/www.pressenza.com\/it\/2015\/07\/articolare-la-comunicazione-per-lintegrazione-della-regione-latino-americana-e-caraibica\/","og_site_name":"Pressenza","article_publisher":"https:\/\/www.facebook.com\/PressenzaItalia","article_author":"https:\/\/www.facebook.com\/javier.tolcachier?fref=ts","article_published_time":"2015-07-25T19:19:21+00:00","article_modified_time":"2015-07-26T16:41:44+00:00","og_image":[{"width":3602,"height":2525,"url":"https:\/\/www.pressenza.com\/wp-content\/uploads\/2015\/07\/NuestrAm--rica-02.jpg","type":"image\/jpeg"}],"author":"Javier Tolcachier","twitter_card":"summary_large_image","twitter_creator":"@jtolcachier","twitter_site":"@PressenzaIPA","twitter_misc":{"Scritto da":"Javier Tolcachier","Tempo di lettura stimato":"8 minuti"},"schema":{"@context":"https:\/\/schema.org","@graph":[{"@type":"Article","@id":"https:\/\/www.pressenza.com\/it\/2015\/07\/articolare-la-comunicazione-per-lintegrazione-della-regione-latino-americana-e-caraibica\/#article","isPartOf":{"@id":"https:\/\/www.pressenza.com\/it\/2015\/07\/articolare-la-comunicazione-per-lintegrazione-della-regione-latino-americana-e-caraibica\/"},"author":{"name":"Javier Tolcachier","@id":"https:\/\/www.pressenza.com\/it\/#\/schema\/person\/f353f6d4eed144101dedba60e6227564"},"headline":"Articolare la Comunicazione per l\u2019Integrazione della regione latino americana e caraibica","datePublished":"2015-07-25T19:19:21+00:00","dateModified":"2015-07-26T16:41:44+00:00","mainEntityOfPage":{"@id":"https:\/\/www.pressenza.com\/it\/2015\/07\/articolare-la-comunicazione-per-lintegrazione-della-regione-latino-americana-e-caraibica\/"},"wordCount":1670,"publisher":{"@id":"https:\/\/www.pressenza.com\/it\/#organization"},"image":{"@id":"https:\/\/www.pressenza.com\/it\/2015\/07\/articolare-la-comunicazione-per-lintegrazione-della-regione-latino-americana-e-caraibica\/#primaryimage"},"thumbnailUrl":"https:\/\/www.pressenza.com\/wp-content\/uploads\/2015\/07\/NuestrAm--rica-02.jpg","keywords":["Ecuador","Foro di Comunicazione per l\u2019Integrazione di NuestrAmerica","integrazione","Javier Tolcachier","mass-media","Pressenza"],"articleSection":["America Centrale","contenuti originali","Cultura e Media","Opinioni","Questioni internazionali","Sud America"],"inLanguage":"it-IT"},{"@type":"WebPage","@id":"https:\/\/www.pressenza.com\/it\/2015\/07\/articolare-la-comunicazione-per-lintegrazione-della-regione-latino-americana-e-caraibica\/","url":"https:\/\/www.pressenza.com\/it\/2015\/07\/articolare-la-comunicazione-per-lintegrazione-della-regione-latino-americana-e-caraibica\/","name":"Articolare la Comunicazione per l\u2019Integrazione della regione latino americana e caraibica","isPartOf":{"@id":"https:\/\/www.pressenza.com\/it\/#website"},"primaryImageOfPage":{"@id":"https:\/\/www.pressenza.com\/it\/2015\/07\/articolare-la-comunicazione-per-lintegrazione-della-regione-latino-americana-e-caraibica\/#primaryimage"},"image":{"@id":"https:\/\/www.pressenza.com\/it\/2015\/07\/articolare-la-comunicazione-per-lintegrazione-della-regione-latino-americana-e-caraibica\/#primaryimage"},"thumbnailUrl":"https:\/\/www.pressenza.com\/wp-content\/uploads\/2015\/07\/NuestrAm--rica-02.jpg","datePublished":"2015-07-25T19:19:21+00:00","dateModified":"2015-07-26T16:41:44+00:00","description":"Condivido con i lettori di Pressenza l'intervento che ho fatto il 21 luglio nell\u2019ambito della riunione dei media popolari che costruiscono la Patria","breadcrumb":{"@id":"https:\/\/www.pressenza.com\/it\/2015\/07\/articolare-la-comunicazione-per-lintegrazione-della-regione-latino-americana-e-caraibica\/#breadcrumb"},"inLanguage":"it-IT","potentialAction":[{"@type":"ReadAction","target":["https:\/\/www.pressenza.com\/it\/2015\/07\/articolare-la-comunicazione-per-lintegrazione-della-regione-latino-americana-e-caraibica\/"]}]},{"@type":"ImageObject","inLanguage":"it-IT","@id":"https:\/\/www.pressenza.com\/it\/2015\/07\/articolare-la-comunicazione-per-lintegrazione-della-regione-latino-americana-e-caraibica\/#primaryimage","url":"https:\/\/www.pressenza.com\/wp-content\/uploads\/2015\/07\/NuestrAm--rica-02.jpg","contentUrl":"https:\/\/www.pressenza.com\/wp-content\/uploads\/2015\/07\/NuestrAm--rica-02.jpg","width":3602,"height":2525},{"@type":"BreadcrumbList","@id":"https:\/\/www.pressenza.com\/it\/2015\/07\/articolare-la-comunicazione-per-lintegrazione-della-regione-latino-americana-e-caraibica\/#breadcrumb","itemListElement":[{"@type":"ListItem","position":1,"name":"Accueil","item":"https:\/\/www.pressenza.com\/it\/"},{"@type":"ListItem","position":2,"name":"Articolare la Comunicazione per l\u2019Integrazione della regione latino americana e caraibica"}]},{"@type":"WebSite","@id":"https:\/\/www.pressenza.com\/it\/#website","url":"https:\/\/www.pressenza.com\/it\/","name":"Pressenza","description":"Agenzia di Stampa Internazionale","publisher":{"@id":"https:\/\/www.pressenza.com\/it\/#organization"},"potentialAction":[{"@type":"SearchAction","target":{"@type":"EntryPoint","urlTemplate":"https:\/\/www.pressenza.com\/it\/?s={search_term_string}"},"query-input":{"@type":"PropertyValueSpecification","valueRequired":true,"valueName":"search_term_string"}}],"inLanguage":"it-IT"},{"@type":"Organization","@id":"https:\/\/www.pressenza.com\/it\/#organization","name":"Pressenza","url":"https:\/\/www.pressenza.com\/it\/","logo":{"@type":"ImageObject","inLanguage":"it-IT","@id":"https:\/\/www.pressenza.com\/it\/#\/schema\/logo\/image\/","url":"https:\/\/www.pressenza.com\/wp-content\/uploads\/2022\/10\/pressenza_logo_200x200.jpg","contentUrl":"https:\/\/www.pressenza.com\/wp-content\/uploads\/2022\/10\/pressenza_logo_200x200.jpg","width":200,"height":200,"caption":"Pressenza"},"image":{"@id":"https:\/\/www.pressenza.com\/it\/#\/schema\/logo\/image\/"},"sameAs":["https:\/\/www.facebook.com\/PressenzaItalia","https:\/\/x.com\/PressenzaIPA"]},{"@type":"Person","@id":"https:\/\/www.pressenza.com\/it\/#\/schema\/person\/f353f6d4eed144101dedba60e6227564","name":"Javier Tolcachier","description":"Javier Tolcachier is a researcher from the World Centre of Humanist Studies, an organism of the Humanist Movement. Mail: javiertolcachier@disroot.org Twitter: @jtolcachier","sameAs":["https:\/\/www.facebook.com\/javier.tolcachier?fref=ts","https:\/\/x.com\/jtolcachier"],"url":"https:\/\/www.pressenza.com\/it\/author\/javier-tolcachier\/"}]}},"place":"","original_article_url":"","_links":{"self":[{"href":"https:\/\/www.pressenza.com\/it\/wp-json\/wp\/v2\/posts\/205545","targetHints":{"allow":["GET"]}}],"collection":[{"href":"https:\/\/www.pressenza.com\/it\/wp-json\/wp\/v2\/posts"}],"about":[{"href":"https:\/\/www.pressenza.com\/it\/wp-json\/wp\/v2\/types\/post"}],"author":[{"embeddable":true,"href":"https:\/\/www.pressenza.com\/it\/wp-json\/wp\/v2\/users\/970"}],"replies":[{"embeddable":true,"href":"https:\/\/www.pressenza.com\/it\/wp-json\/wp\/v2\/comments?post=205545"}],"version-history":[{"count":0,"href":"https:\/\/www.pressenza.com\/it\/wp-json\/wp\/v2\/posts\/205545\/revisions"}],"wp:featuredmedia":[{"embeddable":true,"href":"https:\/\/www.pressenza.com\/it\/wp-json\/wp\/v2\/media\/204796"}],"wp:attachment":[{"href":"https:\/\/www.pressenza.com\/it\/wp-json\/wp\/v2\/media?parent=205545"}],"wp:term":[{"taxonomy":"category","embeddable":true,"href":"https:\/\/www.pressenza.com\/it\/wp-json\/wp\/v2\/categories?post=205545"},{"taxonomy":"post_tag","embeddable":true,"href":"https:\/\/www.pressenza.com\/it\/wp-json\/wp\/v2\/tags?post=205545"}],"curies":[{"name":"wp","href":"https:\/\/api.w.org\/{rel}","templated":true}]}}