{"id":201028,"date":"2015-07-09T17:04:55","date_gmt":"2015-07-09T16:04:55","guid":{"rendered":"http:\/\/www.pressenza.com\/?p=201028"},"modified":"2015-07-09T20:06:10","modified_gmt":"2015-07-09T19:06:10","slug":"la-grecia-in-prigione-per-debiti","status":"publish","type":"post","link":"https:\/\/www.pressenza.com\/it\/2015\/07\/la-grecia-in-prigione-per-debiti\/","title":{"rendered":"La Grecia in prigione per debiti"},"content":{"rendered":"<p>Pare che per trovare una voce dissonante nell\u2019isterico coro che predice caos, anarchia e sciagure nel caso di uscita dalla Grecia dall\u2019euro sia necessario rivolgersi alla grande letteratura del passato. Dopo Cervantes, autore di Don Chiosciotte e Sofocle, che ci ha lasciato la tragedia Antigone, ecco che ci viene in aiuto Charles Dickens! Nel suo romanzo \u201cLa piccola Dorrit\u201d il padre della protagonista, William Dorrit, non riesce a pagare i suoi debiti fino a quando i creditori lo tengono rinchiuso nella prigione di Marshalsea. E lo tengono l\u00e0 perch\u00e9 gli conviene mantenere i suoi debiti nei loro registri, piuttosto che ammettere che non potr\u00e0 saldarli. Dickens si scaglia contro l\u2019ipocrisia di finanzieri spregiudicati e corrotti, che trascinano nella rovina la gente che hanno invischiato nelle loro truffe.<\/p>\n<p>La citazione del romanzo compare in un articolo del giornalista inglese Simon Jenkins, pubblicato sul Guardian con l\u2019esplicito titolo \u201cLa peggiore catastrofe per la Grecia ora sarebbe restare nell\u2019euro\u201d. Colpisce nell\u2019articolo il coraggioso rovesciamento dei concetti con cui veniamo martellati da mesi sulla questione del debito greco: le misure di austerity imposte alla Grecia sono state produttive come far cucire i sacchi postali ai detenuti e invece che una catastrofe, l\u2019ipotesi di Grexit diventa \u201cla luce alla fine del tunnel\u201d. Negare a un paese i benefici della bancarotta significa imprigionarlo in condizioni disumane, come succedeva ai disgraziati inglesi che non riuscivano a pagare i loro debiti. E mantenerlo cos\u00ec conviene ai banchieri, come accadeva un tempo con i creditori di Dorrit. Al di l\u00e0 delle dichiarazioni di facciata, i manager dell\u2019eurozona tengono pi\u00f9 ai loro prestiti e all\u2019idolatrata moneta unica che alla Grecia. Sono ossessionati da un\u2019unica preoccupazione: estendere i rimborsi greci per favorire le banche tedesche, francesi e inglesi.<\/p>\n<p>Certo, ammette Jenkins, l\u2019uscita dall\u2019euro sar\u00e0 difficile da gestire, ma soprattutto perch\u00e9 \u00e8 stata rimandata troppo e ora diventa una scelta forzata. D\u2019altra parte lo stesso Fondo Monetario Internazionale ha ammesso la settimana scorsa che il debito greco \u00e8 \u201cinsostenibile\u201d. Se la Grecia fosse uscita dall\u2019euro dopo la crisi del 2008, a quest\u2019ora, con una moneta sovrana, sarebbe gi\u00e0 sulla strada della ripresa, con i debiti svalutati, i cittadini tornati al lavoro, gli investimenti ripresi e il turismo in pieno boom.<\/p>\n<p>Un quadro troppo roseo? Forse, ma \u00e8 difficile immaginarsi una situazione peggiore di quella in cui il paese piomberebbe, se si dovesse ricominciare con l\u2019austerity che lo ha portato alla rovina.<\/p>\n<p>&nbsp;<\/p>\n<p>&nbsp;<\/p>\n<p>&nbsp;<\/p>\n","protected":false},"excerpt":{"rendered":"<p>Pare che per trovare una voce dissonante nell\u2019isterico coro che predice caos, anarchia e sciagure nel caso di uscita dalla Grecia dall\u2019euro sia necessario rivolgersi alla grande letteratura del passato. Dopo Cervantes, autore di Don Chiosciotte e Sofocle, che ci&hellip;<\/p>\n","protected":false},"author":500,"featured_media":201029,"comment_status":"closed","ping_status":"open","sticky":false,"template":"","format":"standard","meta":{"footnotes":""},"categories":[11388,62,47,162],"tags":[18442,1174,15975],"class_list":["post-201028","post","type-post","status-publish","format-standard","has-post-thumbnail","hentry","category-contenuti-originali","category-economia","category-europa","category-opinioni","tag-debiti","tag-grecia","tag-grexit"],"yoast_head":"<!-- This site is optimized with the Yoast SEO plugin v27.1.1 - https:\/\/yoast.com\/product\/yoast-seo-wordpress\/ -->\n<title>La Grecia in prigione per debiti<\/title>\n<meta name=\"description\" content=\"Pare che per trovare una voce dissonante nell\u2019isterico coro che predice caos, anarchia e sciagure nel caso di uscita dalla Grecia dall\u2019euro sia necessario\" \/>\n<meta name=\"robots\" content=\"index, follow, max-snippet:-1, max-image-preview:large, max-video-preview:-1\" \/>\n<link rel=\"canonical\" href=\"https:\/\/www.pressenza.com\/it\/2015\/07\/la-grecia-in-prigione-per-debiti\/\" \/>\n<meta property=\"og:locale\" content=\"it_IT\" \/>\n<meta property=\"og:type\" content=\"article\" \/>\n<meta property=\"og:title\" content=\"La Grecia in prigione per debiti\" \/>\n<meta property=\"og:description\" content=\"Pare che per trovare una voce dissonante nell\u2019isterico coro che predice caos, anarchia e sciagure nel caso di uscita dalla Grecia dall\u2019euro sia necessario\" \/>\n<meta property=\"og:url\" content=\"https:\/\/www.pressenza.com\/it\/2015\/07\/la-grecia-in-prigione-per-debiti\/\" \/>\n<meta property=\"og:site_name\" content=\"Pressenza\" \/>\n<meta property=\"article:publisher\" content=\"https:\/\/www.facebook.com\/PressenzaItalia\" \/>\n<meta property=\"article:published_time\" content=\"2015-07-09T16:04:55+00:00\" \/>\n<meta property=\"article:modified_time\" content=\"2015-07-09T19:06:10+00:00\" \/>\n<meta property=\"og:image\" content=\"https:\/\/www.pressenza.com\/wp-content\/uploads\/2015\/07\/prigione-piccola-Dorrit-Phiz.jpg\" \/>\n\t<meta property=\"og:image:width\" content=\"613\" \/>\n\t<meta property=\"og:image:height\" content=\"360\" \/>\n\t<meta property=\"og:image:type\" content=\"image\/jpeg\" \/>\n<meta name=\"author\" content=\"Anna Polo\" \/>\n<meta name=\"twitter:card\" content=\"summary_large_image\" \/>\n<meta name=\"twitter:creator\" content=\"@PressenzaIPA\" \/>\n<meta name=\"twitter:site\" content=\"@PressenzaIPA\" \/>\n<meta name=\"twitter:label1\" content=\"Scritto da\" \/>\n\t<meta name=\"twitter:data1\" content=\"Anna Polo\" \/>\n\t<meta name=\"twitter:label2\" content=\"Tempo di lettura stimato\" \/>\n\t<meta name=\"twitter:data2\" content=\"2 minuti\" \/>\n<script type=\"application\/ld+json\" class=\"yoast-schema-graph\">{\"@context\":\"https:\/\/schema.org\",\"@graph\":[{\"@type\":\"Article\",\"@id\":\"https:\/\/www.pressenza.com\/it\/2015\/07\/la-grecia-in-prigione-per-debiti\/#article\",\"isPartOf\":{\"@id\":\"https:\/\/www.pressenza.com\/it\/2015\/07\/la-grecia-in-prigione-per-debiti\/\"},\"author\":{\"name\":\"Anna Polo\",\"@id\":\"https:\/\/www.pressenza.com\/it\/#\/schema\/person\/f361ce2dfe3d4331d5ae6840551ffe67\"},\"headline\":\"La Grecia in prigione per debiti\",\"datePublished\":\"2015-07-09T16:04:55+00:00\",\"dateModified\":\"2015-07-09T19:06:10+00:00\",\"mainEntityOfPage\":{\"@id\":\"https:\/\/www.pressenza.com\/it\/2015\/07\/la-grecia-in-prigione-per-debiti\/\"},\"wordCount\":420,\"publisher\":{\"@id\":\"https:\/\/www.pressenza.com\/it\/#organization\"},\"image\":{\"@id\":\"https:\/\/www.pressenza.com\/it\/2015\/07\/la-grecia-in-prigione-per-debiti\/#primaryimage\"},\"thumbnailUrl\":\"https:\/\/www.pressenza.com\/wp-content\/uploads\/2015\/07\/prigione-piccola-Dorrit-Phiz.jpg\",\"keywords\":[\"debiti\",\"Grecia\",\"Grexit\"],\"articleSection\":[\"contenuti originali\",\"Economia\",\"Europa\",\"Opinioni\"],\"inLanguage\":\"it-IT\"},{\"@type\":\"WebPage\",\"@id\":\"https:\/\/www.pressenza.com\/it\/2015\/07\/la-grecia-in-prigione-per-debiti\/\",\"url\":\"https:\/\/www.pressenza.com\/it\/2015\/07\/la-grecia-in-prigione-per-debiti\/\",\"name\":\"La Grecia in prigione per debiti\",\"isPartOf\":{\"@id\":\"https:\/\/www.pressenza.com\/it\/#website\"},\"primaryImageOfPage\":{\"@id\":\"https:\/\/www.pressenza.com\/it\/2015\/07\/la-grecia-in-prigione-per-debiti\/#primaryimage\"},\"image\":{\"@id\":\"https:\/\/www.pressenza.com\/it\/2015\/07\/la-grecia-in-prigione-per-debiti\/#primaryimage\"},\"thumbnailUrl\":\"https:\/\/www.pressenza.com\/wp-content\/uploads\/2015\/07\/prigione-piccola-Dorrit-Phiz.jpg\",\"datePublished\":\"2015-07-09T16:04:55+00:00\",\"dateModified\":\"2015-07-09T19:06:10+00:00\",\"description\":\"Pare che per trovare una voce dissonante nell\u2019isterico coro che predice caos, anarchia e sciagure nel caso di uscita dalla Grecia dall\u2019euro sia necessario\",\"breadcrumb\":{\"@id\":\"https:\/\/www.pressenza.com\/it\/2015\/07\/la-grecia-in-prigione-per-debiti\/#breadcrumb\"},\"inLanguage\":\"it-IT\",\"potentialAction\":[{\"@type\":\"ReadAction\",\"target\":[\"https:\/\/www.pressenza.com\/it\/2015\/07\/la-grecia-in-prigione-per-debiti\/\"]}]},{\"@type\":\"ImageObject\",\"inLanguage\":\"it-IT\",\"@id\":\"https:\/\/www.pressenza.com\/it\/2015\/07\/la-grecia-in-prigione-per-debiti\/#primaryimage\",\"url\":\"https:\/\/www.pressenza.com\/wp-content\/uploads\/2015\/07\/prigione-piccola-Dorrit-Phiz.jpg\",\"contentUrl\":\"https:\/\/www.pressenza.com\/wp-content\/uploads\/2015\/07\/prigione-piccola-Dorrit-Phiz.jpg\",\"width\":613,\"height\":360},{\"@type\":\"BreadcrumbList\",\"@id\":\"https:\/\/www.pressenza.com\/it\/2015\/07\/la-grecia-in-prigione-per-debiti\/#breadcrumb\",\"itemListElement\":[{\"@type\":\"ListItem\",\"position\":1,\"name\":\"Accueil\",\"item\":\"https:\/\/www.pressenza.com\/it\/\"},{\"@type\":\"ListItem\",\"position\":2,\"name\":\"La Grecia in prigione per debiti\"}]},{\"@type\":\"WebSite\",\"@id\":\"https:\/\/www.pressenza.com\/it\/#website\",\"url\":\"https:\/\/www.pressenza.com\/it\/\",\"name\":\"Pressenza\",\"description\":\"Agenzia di Stampa Internazionale\",\"publisher\":{\"@id\":\"https:\/\/www.pressenza.com\/it\/#organization\"},\"potentialAction\":[{\"@type\":\"SearchAction\",\"target\":{\"@type\":\"EntryPoint\",\"urlTemplate\":\"https:\/\/www.pressenza.com\/it\/?s={search_term_string}\"},\"query-input\":{\"@type\":\"PropertyValueSpecification\",\"valueRequired\":true,\"valueName\":\"search_term_string\"}}],\"inLanguage\":\"it-IT\"},{\"@type\":\"Organization\",\"@id\":\"https:\/\/www.pressenza.com\/it\/#organization\",\"name\":\"Pressenza\",\"url\":\"https:\/\/www.pressenza.com\/it\/\",\"logo\":{\"@type\":\"ImageObject\",\"inLanguage\":\"it-IT\",\"@id\":\"https:\/\/www.pressenza.com\/it\/#\/schema\/logo\/image\/\",\"url\":\"https:\/\/www.pressenza.com\/wp-content\/uploads\/2022\/10\/pressenza_logo_200x200.jpg\",\"contentUrl\":\"https:\/\/www.pressenza.com\/wp-content\/uploads\/2022\/10\/pressenza_logo_200x200.jpg\",\"width\":200,\"height\":200,\"caption\":\"Pressenza\"},\"image\":{\"@id\":\"https:\/\/www.pressenza.com\/it\/#\/schema\/logo\/image\/\"},\"sameAs\":[\"https:\/\/www.facebook.com\/PressenzaItalia\",\"https:\/\/x.com\/PressenzaIPA\"]},{\"@type\":\"Person\",\"@id\":\"https:\/\/www.pressenza.com\/it\/#\/schema\/person\/f361ce2dfe3d4331d5ae6840551ffe67\",\"name\":\"Anna Polo\",\"description\":\"Impegnata per anni nel campo della pace e della nonviolenza, ha fatto parte dell'equipe relazioni della Marcia Mondiale per la Pace e la Nonviolenza e in seguito di Mondo senza guerre e senza violenza. Attualmente partecipa alla redazione italiana di Pressenza e si occupa principalmente del tema migrazioni, pubblicando articoli e interviste e organizzando eventi.\",\"url\":\"https:\/\/www.pressenza.com\/it\/author\/anna-polo\/\"}]}<\/script>\n<!-- \/ Yoast SEO plugin. -->","yoast_head_json":{"title":"La Grecia in prigione per debiti","description":"Pare che per trovare una voce dissonante nell\u2019isterico coro che predice caos, anarchia e sciagure nel caso di uscita dalla Grecia dall\u2019euro sia necessario","robots":{"index":"index","follow":"follow","max-snippet":"max-snippet:-1","max-image-preview":"max-image-preview:large","max-video-preview":"max-video-preview:-1"},"canonical":"https:\/\/www.pressenza.com\/it\/2015\/07\/la-grecia-in-prigione-per-debiti\/","og_locale":"it_IT","og_type":"article","og_title":"La Grecia in prigione per debiti","og_description":"Pare che per trovare una voce dissonante nell\u2019isterico coro che predice caos, anarchia e sciagure nel caso di uscita dalla Grecia dall\u2019euro sia necessario","og_url":"https:\/\/www.pressenza.com\/it\/2015\/07\/la-grecia-in-prigione-per-debiti\/","og_site_name":"Pressenza","article_publisher":"https:\/\/www.facebook.com\/PressenzaItalia","article_published_time":"2015-07-09T16:04:55+00:00","article_modified_time":"2015-07-09T19:06:10+00:00","og_image":[{"width":613,"height":360,"url":"https:\/\/www.pressenza.com\/wp-content\/uploads\/2015\/07\/prigione-piccola-Dorrit-Phiz.jpg","type":"image\/jpeg"}],"author":"Anna Polo","twitter_card":"summary_large_image","twitter_creator":"@PressenzaIPA","twitter_site":"@PressenzaIPA","twitter_misc":{"Scritto da":"Anna Polo","Tempo di lettura stimato":"2 minuti"},"schema":{"@context":"https:\/\/schema.org","@graph":[{"@type":"Article","@id":"https:\/\/www.pressenza.com\/it\/2015\/07\/la-grecia-in-prigione-per-debiti\/#article","isPartOf":{"@id":"https:\/\/www.pressenza.com\/it\/2015\/07\/la-grecia-in-prigione-per-debiti\/"},"author":{"name":"Anna Polo","@id":"https:\/\/www.pressenza.com\/it\/#\/schema\/person\/f361ce2dfe3d4331d5ae6840551ffe67"},"headline":"La Grecia in prigione per debiti","datePublished":"2015-07-09T16:04:55+00:00","dateModified":"2015-07-09T19:06:10+00:00","mainEntityOfPage":{"@id":"https:\/\/www.pressenza.com\/it\/2015\/07\/la-grecia-in-prigione-per-debiti\/"},"wordCount":420,"publisher":{"@id":"https:\/\/www.pressenza.com\/it\/#organization"},"image":{"@id":"https:\/\/www.pressenza.com\/it\/2015\/07\/la-grecia-in-prigione-per-debiti\/#primaryimage"},"thumbnailUrl":"https:\/\/www.pressenza.com\/wp-content\/uploads\/2015\/07\/prigione-piccola-Dorrit-Phiz.jpg","keywords":["debiti","Grecia","Grexit"],"articleSection":["contenuti originali","Economia","Europa","Opinioni"],"inLanguage":"it-IT"},{"@type":"WebPage","@id":"https:\/\/www.pressenza.com\/it\/2015\/07\/la-grecia-in-prigione-per-debiti\/","url":"https:\/\/www.pressenza.com\/it\/2015\/07\/la-grecia-in-prigione-per-debiti\/","name":"La Grecia in prigione per debiti","isPartOf":{"@id":"https:\/\/www.pressenza.com\/it\/#website"},"primaryImageOfPage":{"@id":"https:\/\/www.pressenza.com\/it\/2015\/07\/la-grecia-in-prigione-per-debiti\/#primaryimage"},"image":{"@id":"https:\/\/www.pressenza.com\/it\/2015\/07\/la-grecia-in-prigione-per-debiti\/#primaryimage"},"thumbnailUrl":"https:\/\/www.pressenza.com\/wp-content\/uploads\/2015\/07\/prigione-piccola-Dorrit-Phiz.jpg","datePublished":"2015-07-09T16:04:55+00:00","dateModified":"2015-07-09T19:06:10+00:00","description":"Pare che per trovare una voce dissonante nell\u2019isterico coro che predice caos, anarchia e sciagure nel caso di uscita dalla Grecia dall\u2019euro sia necessario","breadcrumb":{"@id":"https:\/\/www.pressenza.com\/it\/2015\/07\/la-grecia-in-prigione-per-debiti\/#breadcrumb"},"inLanguage":"it-IT","potentialAction":[{"@type":"ReadAction","target":["https:\/\/www.pressenza.com\/it\/2015\/07\/la-grecia-in-prigione-per-debiti\/"]}]},{"@type":"ImageObject","inLanguage":"it-IT","@id":"https:\/\/www.pressenza.com\/it\/2015\/07\/la-grecia-in-prigione-per-debiti\/#primaryimage","url":"https:\/\/www.pressenza.com\/wp-content\/uploads\/2015\/07\/prigione-piccola-Dorrit-Phiz.jpg","contentUrl":"https:\/\/www.pressenza.com\/wp-content\/uploads\/2015\/07\/prigione-piccola-Dorrit-Phiz.jpg","width":613,"height":360},{"@type":"BreadcrumbList","@id":"https:\/\/www.pressenza.com\/it\/2015\/07\/la-grecia-in-prigione-per-debiti\/#breadcrumb","itemListElement":[{"@type":"ListItem","position":1,"name":"Accueil","item":"https:\/\/www.pressenza.com\/it\/"},{"@type":"ListItem","position":2,"name":"La Grecia in prigione per debiti"}]},{"@type":"WebSite","@id":"https:\/\/www.pressenza.com\/it\/#website","url":"https:\/\/www.pressenza.com\/it\/","name":"Pressenza","description":"Agenzia di Stampa Internazionale","publisher":{"@id":"https:\/\/www.pressenza.com\/it\/#organization"},"potentialAction":[{"@type":"SearchAction","target":{"@type":"EntryPoint","urlTemplate":"https:\/\/www.pressenza.com\/it\/?s={search_term_string}"},"query-input":{"@type":"PropertyValueSpecification","valueRequired":true,"valueName":"search_term_string"}}],"inLanguage":"it-IT"},{"@type":"Organization","@id":"https:\/\/www.pressenza.com\/it\/#organization","name":"Pressenza","url":"https:\/\/www.pressenza.com\/it\/","logo":{"@type":"ImageObject","inLanguage":"it-IT","@id":"https:\/\/www.pressenza.com\/it\/#\/schema\/logo\/image\/","url":"https:\/\/www.pressenza.com\/wp-content\/uploads\/2022\/10\/pressenza_logo_200x200.jpg","contentUrl":"https:\/\/www.pressenza.com\/wp-content\/uploads\/2022\/10\/pressenza_logo_200x200.jpg","width":200,"height":200,"caption":"Pressenza"},"image":{"@id":"https:\/\/www.pressenza.com\/it\/#\/schema\/logo\/image\/"},"sameAs":["https:\/\/www.facebook.com\/PressenzaItalia","https:\/\/x.com\/PressenzaIPA"]},{"@type":"Person","@id":"https:\/\/www.pressenza.com\/it\/#\/schema\/person\/f361ce2dfe3d4331d5ae6840551ffe67","name":"Anna Polo","description":"Impegnata per anni nel campo della pace e della nonviolenza, ha fatto parte dell'equipe relazioni della Marcia Mondiale per la Pace e la Nonviolenza e in seguito di Mondo senza guerre e senza violenza. Attualmente partecipa alla redazione italiana di Pressenza e si occupa principalmente del tema migrazioni, pubblicando articoli e interviste e organizzando eventi.","url":"https:\/\/www.pressenza.com\/it\/author\/anna-polo\/"}]}},"place":"","original_article_url":"","_links":{"self":[{"href":"https:\/\/www.pressenza.com\/it\/wp-json\/wp\/v2\/posts\/201028","targetHints":{"allow":["GET"]}}],"collection":[{"href":"https:\/\/www.pressenza.com\/it\/wp-json\/wp\/v2\/posts"}],"about":[{"href":"https:\/\/www.pressenza.com\/it\/wp-json\/wp\/v2\/types\/post"}],"author":[{"embeddable":true,"href":"https:\/\/www.pressenza.com\/it\/wp-json\/wp\/v2\/users\/500"}],"replies":[{"embeddable":true,"href":"https:\/\/www.pressenza.com\/it\/wp-json\/wp\/v2\/comments?post=201028"}],"version-history":[{"count":0,"href":"https:\/\/www.pressenza.com\/it\/wp-json\/wp\/v2\/posts\/201028\/revisions"}],"wp:featuredmedia":[{"embeddable":true,"href":"https:\/\/www.pressenza.com\/it\/wp-json\/wp\/v2\/media\/201029"}],"wp:attachment":[{"href":"https:\/\/www.pressenza.com\/it\/wp-json\/wp\/v2\/media?parent=201028"}],"wp:term":[{"taxonomy":"category","embeddable":true,"href":"https:\/\/www.pressenza.com\/it\/wp-json\/wp\/v2\/categories?post=201028"},{"taxonomy":"post_tag","embeddable":true,"href":"https:\/\/www.pressenza.com\/it\/wp-json\/wp\/v2\/tags?post=201028"}],"curies":[{"name":"wp","href":"https:\/\/api.w.org\/{rel}","templated":true}]}}