{"id":199780,"date":"2015-07-05T16:18:35","date_gmt":"2015-07-05T15:18:35","guid":{"rendered":"http:\/\/www.pressenza.com\/?p=199780"},"modified":"2015-07-05T17:41:02","modified_gmt":"2015-07-05T16:41:02","slug":"risposta-di-emilio-molinari-a-erasmo-dangelis","status":"publish","type":"post","link":"https:\/\/www.pressenza.com\/it\/2015\/07\/risposta-di-emilio-molinari-a-erasmo-dangelis\/","title":{"rendered":"Risposta di Emilio Molinari a Erasmo D&#8217;Angelis"},"content":{"rendered":"<div class=\"gmail_quote\">\n<div dir=\"ltr\">\n<div><em><span style=\"font-size: small;\">Riportiamo questa lettera in cui Emilio Molinari commenta le affermazioni di Erasmo D&#8217;Angelis e che sta circolando sulle liste del Foruma Acqua Bene Comune<b><br \/>\n<\/b><\/span><\/em><br \/>\n<b>Prima dei contenuti colpisce il linguaggio<\/b> <b>di quanto scrive<\/b> su il manifesto <b>Erasmo D&#8217;Angelis<\/b>, nuovo direttore dell&#8217;Unit\u00e0 (giornale fondato da Antonio Gramsci), rivolgendosi a Marco Bersani a proposito di privatizzazione dei servizi pubblici locali e idrici in particolare (<a href=\"http:\/\/ilmanifesto.info\/erasmo-dangelis-lo-sblocca-italia-e-di-sinistra\/\" target=\"_blank\">http:\/\/ilmanifesto.info\/erasmo-dangelis-lo-sblocca-italia-e-di-sinistra\/<\/a>). <b>Rozzo<\/b>, <b>con paradossi estremi<\/b>, <b>nel giudicare coloro che difendono il servizio pubblico<\/b>, <b>D&#8217;Angelis dice che l&#8217;Italia \u00e8 <\/b><i>\u201c<\/i>l\u2019ultimo paese sovietico d\u2019Europa<i>\u201d<\/i> e <b>chi sostiene i servizi pubblici \u00e8 fermo a Giolitti<\/b> (liberale) cio\u00e8 ad un Paese arretrato e miserabile<i>, <\/i><b>dove<\/b><i>\u201cla civilt\u00e0 e il progresso si misuravano nella gratuit\u00e0 e nell\u2019universalit\u00e0 dei servizi<\/i>\u201d (presumo intendesse l\u2019universalit\u00e0 del diritto all\u2019acqua potabile).Ne discende che per l\u2019ex presidente di Publiacqua Spa <b>il diritto \u00e8 un qualcosa che si acquista<\/b> e <b>la partecipazione dei cittadini alla cosa pubblica<\/b>, testuali parole di D&#8217;Angelis, \u201c<i>si esprime comprando azioni delle imprese<\/i>\u201d <b>e giocando in Borsa<\/b><i>.<\/i>E\u2019 un modo di pensare che merita di essere ripreso, perch\u00e9 vi si possono leggere, brutalizzate, le fondamenta di quel pensiero politico e di quella cultura amministrativa che oggi, come un cancro, sta uccidendo la Comunit\u00e0 Europea, la Grecia, la democrazia; che strangola i Comuni, li spinge alla privatizzazione ricattandoli con lo Sblocca Italia (che per l\u2019Erasmo \u00e8 di \u201cs<i>inistra\u201d,<\/i> cretini noi a non capirlo) e si sta disfacendo non solo delle aziende municipalizzate ma anche delle Istituzioni.<\/div>\n<\/div>\n<p>Io, lo confesso, sono vecchio ed ho rispetto per la storia. <b>Penso che ci siano diritti e servizi fondamentali che attengono alla vita degli essere umani<\/b>, <b>l&#8217;accesso ai quali deve essere garantito a tutti<\/b>, <b><i>universalmente e gratuitamente<\/i><\/b><b> <\/b>(nel minimo) <b><i>per vivere decentemente<\/i><\/b>. Questa \u00e8 la missione della politica dei \u201cbeni comuni\u201d dalla Rivoluzione francese in poi. Non so se Turati e altri socialisti, oggi, avrebbero cambiato idea come dice l\u2019Erasmo; so che questo \u00e8 il pensiero della <b>Dichiarazione Universale dei Diritti Umani<\/b> del 1948 e delle <b>Costituzioni italiana ed europee<\/b> nate dalla Resistenza e lo \u00e8 stato della politica d\u2019ogni colore&#8230; fino all\u2019arrivo dei Chicago Boys.<\/p>\n<p>Noi, inoltre, non abbiamo mai parlato di totale gratuit\u00e0 per tali servizi, abbiamo detto che non si devono fare profitti e che si deve garantirne l\u2019accesso; abbiamo detto poi che la fiscalit\u00e0 generale deve garantire tali servizi e la loro efficienza e che questa \u00e8 una priorit\u00e0 superiore agli armamenti, ad Expo, alle grandi opere inutili disseminate sul territorio italico ed alle migliaia di Enti inutili.<\/p>\n<p>Chiariamoci subito alcune questioni: il movimento dell\u2019acqua non ha mai difeso gli ottomila Enti pubblici, molti dei quali inventati dalla casta.<br \/>\nLe domande, a questo proposito, sono altre.<\/p>\n<p>Perch\u00e9, se proliferano gli Enti inutili, per la casta politica che li ha generati diventa un buon pretesto per privatizzare servizi essenziali come quelli idrici, dello smaltimento dei rifiuti o del trasporto pubblico?<\/p>\n<p>Perch\u00e9 la questione morale, l\u2019inefficienza, la corruzione degli amministratori pubblici devono essere impugnate dagli stessi come ragione per svendere al privato il patrimonio pubblico?<\/p>\n<p>Perch\u00e9 il Sud viene presentato come il modello corrotto ed inefficiente, dimenticando che i servizi idrici del sud (salvo Napoli e l\u2019acquedotto pugliese <i>in house <\/i>che se la cavano) sono gi\u00e0 stati tutti privatizzati?<\/p>\n<p>Perch\u00e9 non si denuncia che in Italia gli investimenti nei servizi sono 10 euro per persona all\u2019anno contro gli 80\/120 in Europa ?<b>Chi non investe sono coloro che tagliano la spesa pubblica e strangolano i Comuni e tutti quei privati a cui \u00e8 stata affidata la gestione del 50% dei servizi idrici italiani<\/b> (in particolare Acea, Iren, A2A, Hera, Suez, Veolia, tutte quotate in borsa). Vorrei fare una scommessa, sicuro di vincerla: sono convinto che tutti gli amministratori indagati per corruzione siano stati sostenitori delle privatizzazioni!!!<\/p>\n<p>Perch\u00e9 non si vuole vedere quali disastri hanno fatto nel nostro Paese i privati: Parmalat, Cirio, Fiat, Ilva e poi Telecom, Alitalia ecc.?<\/p>\n<p>Provi, D&#8217;Angelis, ad andare in Liguria ed a chiedere ai cittadini un po&#8217; anziani cosa pensano di Iren, o provi a Milano a chiedere come funziona la quotata in borsa A2A; vedr\u00e0 quanta nostalgia per la vecchia municipalizzata AEM che funzionava benissimo.<\/p>\n<p>E\u2019 immorale, questo s\u00ec, sentire tanta furia privatizzatrice e tanto accanimento contro ogni gestione pubblica da chi ricopre da anni ruoli di amministratore della cosa pubblica.<\/p>\n<p>Erasmo D&#8217;Angelis \u00e8 stato: Consigliere regionale, Presidente di Publiacqua, Presidente della Commissione Ambiente, Sottosegretario alle infrastrutture e trasporti e infine responsabile dell&#8217;unit\u00e0 contro il dissesto idrogeologico. E\u2019 mai possibile che uno che ha ricoperto tante cariche pubbliche e gestito direttamente aziende pubbliche, debba essere l\u2019accusatore della mala gestione e si permetta di definire i movimenti ed i 27 milioni di cittadini che hanno votato per la ripubblicizzazione come retrogradi sovietici?<\/p>\n<p>Viene spontaneo chiedersi<b>: <\/b>ma dove ha vissuto e dove vive costui?<b><br \/>\n<\/b>Dove si \u00e8 costruito una simile lettura del passato e del presente, dell\u2019Italia e dell\u2019Europa?<b>In Europa e nel mondo le cose vanno in modo diverso da quanto D&#8217;Angelis sostiene: <\/b>Parigi, Bordeaux, Nizza, Stoccarda, Berlino, Napoli, hanno ripubblicizzato; in Olanda ed in Belgio non hanno mai privatizzato; l\u2019Irlanda \u00e8 stata percorsa da manifestazioni per l\u2019acqua pubblica; la Commissione del Parlamento europeo ha di recente votato per l\u2019acqua diritto umano e aperto la discussione sul bene comune non mercificabile.<\/p>\n<p>Dal marzo 2000 al marzo 2015 si sono verificati nel mondo 235 casi di rimunicipalizzazione dell&#8217;acqua in 37 Paesi diversi, per un totale di pi\u00f9 di 100 milioni di persone; la maggioranza delle citt\u00e0 sono in Francia (94) e negli USA (58, tra cui Atlanta e Houston); in Colombia Bogot\u00e0, in Argentina Santa F\u00e8, Rosario, Mendoza, la provincia di Buenos Aires, in Guinea Conakry, in Uganda Kampala, in Mali Bamako, in SudAfrica Johannesburg, in Malesia Kuala Lumpur, ecc.<br \/>\nTutti bolscevichi? Tutti non hanno capito la \u201cmodernit\u00e0\u201d?<b>I ricercatori dell\u2019Universit\u00e0 di Greenwich hanno anche indicano le ragioni di insoddisfazione per la gestione privata: <\/b>scarsi investimenti in infrastrutture; degrado nella qualit\u00e0 dell&#8217;acqua; mancanza di trasparenza sui costi e sull&#8217;aumento delle tariffe; crescita esponenziale dei costi; rischi ambientali; non trasparenza finanziaria; riduzione dei posti di lavoro e prestazione di servizi scadenti.<\/p>\n<p><b>Infine mi chiedo:<\/b> <b>ma il nostro detrattore della cosa pubblica si \u00e8 accorto che anche il Papa \u00e8 uno degli ultimi sovietici? <\/b><br \/>\n<b>Ha letto l&#8217;Enciclica dove si dichiara<\/b>, senza se e senza ma, <b>che l\u2019acqua potabile \u00e8 un diritto umano e non si deve privatizzare n\u00e9 mercificare?<\/b><br \/>\nChe facciamo, rottamiamo anche il Papa?<\/p>\n<p><strong>Emilio Molinari<\/strong><\/p>\n<\/div>\n","protected":false},"excerpt":{"rendered":"<p>Riportiamo questa lettera in cui Emilio Molinari commenta le affermazioni di Erasmo D&#8217;Angelis e che sta circolando sulle liste del Foruma Acqua Bene Comune Prima dei contenuti colpisce il linguaggio di quanto scrive su il manifesto Erasmo D&#8217;Angelis, nuovo direttore&hellip;<\/p>\n","protected":false},"author":594,"featured_media":169624,"comment_status":"closed","ping_status":"open","sticky":false,"template":"","format":"standard","meta":{"footnotes":""},"categories":[60,62],"tags":[9019,2689],"class_list":["post-199780","post","type-post","status-publish","format-standard","has-post-thumbnail","hentry","category-diritti-umani","category-economia","tag-acqua-bene-comune","tag-privatizzazioni"],"yoast_head":"<!-- This site is optimized with the Yoast SEO plugin v27.1.1 - https:\/\/yoast.com\/product\/yoast-seo-wordpress\/ -->\n<title>Risposta di Emilio Molinari a Erasmo D&#039;Angelis<\/title>\n<meta name=\"description\" content=\"Riportiamo questa lettera in cui Emilio Molinari commenta le affermazioni di Erasmo D&#039;Angelis e che sta circolando sulle liste del Foruma Acqua Bene\" \/>\n<meta name=\"robots\" content=\"index, follow, max-snippet:-1, max-image-preview:large, max-video-preview:-1\" \/>\n<link rel=\"canonical\" href=\"https:\/\/www.pressenza.com\/it\/2015\/07\/risposta-di-emilio-molinari-a-erasmo-dangelis\/\" \/>\n<meta property=\"og:locale\" content=\"it_IT\" \/>\n<meta property=\"og:type\" content=\"article\" \/>\n<meta property=\"og:title\" content=\"Risposta di Emilio Molinari a Erasmo D&#039;Angelis\" \/>\n<meta property=\"og:description\" content=\"Riportiamo questa lettera in cui Emilio Molinari commenta le affermazioni di Erasmo D&#039;Angelis e che sta circolando sulle liste del Foruma Acqua Bene\" \/>\n<meta property=\"og:url\" content=\"https:\/\/www.pressenza.com\/it\/2015\/07\/risposta-di-emilio-molinari-a-erasmo-dangelis\/\" \/>\n<meta property=\"og:site_name\" content=\"Pressenza\" \/>\n<meta property=\"article:publisher\" content=\"https:\/\/www.facebook.com\/PressenzaItalia\" \/>\n<meta property=\"article:author\" content=\"https:\/\/www.facebook.com\/PressenzaItalia\" \/>\n<meta property=\"article:published_time\" content=\"2015-07-05T15:18:35+00:00\" \/>\n<meta property=\"article:modified_time\" content=\"2015-07-05T16:41:02+00:00\" \/>\n<meta property=\"og:image\" content=\"https:\/\/www.pressenza.com\/wp-content\/uploads\/2015\/03\/alex-zanotelli-acqua-pubblica-napoli.jpg\" \/>\n\t<meta property=\"og:image:width\" content=\"672\" \/>\n\t<meta property=\"og:image:height\" content=\"446\" \/>\n\t<meta property=\"og:image:type\" content=\"image\/jpeg\" \/>\n<meta name=\"author\" content=\"Redazione Italia\" \/>\n<meta name=\"twitter:card\" content=\"summary_large_image\" \/>\n<meta name=\"twitter:creator\" content=\"@pressenza_it\" \/>\n<meta name=\"twitter:site\" content=\"@PressenzaIPA\" \/>\n<meta name=\"twitter:label1\" content=\"Scritto da\" \/>\n\t<meta name=\"twitter:data1\" content=\"Redazione Italia\" \/>\n\t<meta name=\"twitter:label2\" content=\"Tempo di lettura stimato\" \/>\n\t<meta name=\"twitter:data2\" content=\"5 minuti\" \/>\n<script type=\"application\/ld+json\" class=\"yoast-schema-graph\">{\"@context\":\"https:\/\/schema.org\",\"@graph\":[{\"@type\":\"Article\",\"@id\":\"https:\/\/www.pressenza.com\/it\/2015\/07\/risposta-di-emilio-molinari-a-erasmo-dangelis\/#article\",\"isPartOf\":{\"@id\":\"https:\/\/www.pressenza.com\/it\/2015\/07\/risposta-di-emilio-molinari-a-erasmo-dangelis\/\"},\"author\":{\"name\":\"Redazione Italia\",\"@id\":\"https:\/\/www.pressenza.com\/it\/#\/schema\/person\/d983e81827ae24f2c7b1a2123d197f8d\"},\"headline\":\"Risposta di Emilio Molinari a Erasmo D&#8217;Angelis\",\"datePublished\":\"2015-07-05T15:18:35+00:00\",\"dateModified\":\"2015-07-05T16:41:02+00:00\",\"mainEntityOfPage\":{\"@id\":\"https:\/\/www.pressenza.com\/it\/2015\/07\/risposta-di-emilio-molinari-a-erasmo-dangelis\/\"},\"wordCount\":1084,\"publisher\":{\"@id\":\"https:\/\/www.pressenza.com\/it\/#organization\"},\"image\":{\"@id\":\"https:\/\/www.pressenza.com\/it\/2015\/07\/risposta-di-emilio-molinari-a-erasmo-dangelis\/#primaryimage\"},\"thumbnailUrl\":\"https:\/\/www.pressenza.com\/wp-content\/uploads\/2015\/03\/alex-zanotelli-acqua-pubblica-napoli.jpg\",\"keywords\":[\"acqua bene comune\",\"privatizzazioni\"],\"articleSection\":[\"Diritti Umani\",\"Economia\"],\"inLanguage\":\"it-IT\"},{\"@type\":\"WebPage\",\"@id\":\"https:\/\/www.pressenza.com\/it\/2015\/07\/risposta-di-emilio-molinari-a-erasmo-dangelis\/\",\"url\":\"https:\/\/www.pressenza.com\/it\/2015\/07\/risposta-di-emilio-molinari-a-erasmo-dangelis\/\",\"name\":\"Risposta di Emilio Molinari a Erasmo D'Angelis\",\"isPartOf\":{\"@id\":\"https:\/\/www.pressenza.com\/it\/#website\"},\"primaryImageOfPage\":{\"@id\":\"https:\/\/www.pressenza.com\/it\/2015\/07\/risposta-di-emilio-molinari-a-erasmo-dangelis\/#primaryimage\"},\"image\":{\"@id\":\"https:\/\/www.pressenza.com\/it\/2015\/07\/risposta-di-emilio-molinari-a-erasmo-dangelis\/#primaryimage\"},\"thumbnailUrl\":\"https:\/\/www.pressenza.com\/wp-content\/uploads\/2015\/03\/alex-zanotelli-acqua-pubblica-napoli.jpg\",\"datePublished\":\"2015-07-05T15:18:35+00:00\",\"dateModified\":\"2015-07-05T16:41:02+00:00\",\"description\":\"Riportiamo questa lettera in cui Emilio Molinari commenta le affermazioni di Erasmo D'Angelis e che sta circolando sulle liste del Foruma Acqua Bene\",\"breadcrumb\":{\"@id\":\"https:\/\/www.pressenza.com\/it\/2015\/07\/risposta-di-emilio-molinari-a-erasmo-dangelis\/#breadcrumb\"},\"inLanguage\":\"it-IT\",\"potentialAction\":[{\"@type\":\"ReadAction\",\"target\":[\"https:\/\/www.pressenza.com\/it\/2015\/07\/risposta-di-emilio-molinari-a-erasmo-dangelis\/\"]}]},{\"@type\":\"ImageObject\",\"inLanguage\":\"it-IT\",\"@id\":\"https:\/\/www.pressenza.com\/it\/2015\/07\/risposta-di-emilio-molinari-a-erasmo-dangelis\/#primaryimage\",\"url\":\"https:\/\/www.pressenza.com\/wp-content\/uploads\/2015\/03\/alex-zanotelli-acqua-pubblica-napoli.jpg\",\"contentUrl\":\"https:\/\/www.pressenza.com\/wp-content\/uploads\/2015\/03\/alex-zanotelli-acqua-pubblica-napoli.jpg\",\"width\":672,\"height\":446,\"caption\":\"alex zanotelli acqua pubblica napoli\"},{\"@type\":\"BreadcrumbList\",\"@id\":\"https:\/\/www.pressenza.com\/it\/2015\/07\/risposta-di-emilio-molinari-a-erasmo-dangelis\/#breadcrumb\",\"itemListElement\":[{\"@type\":\"ListItem\",\"position\":1,\"name\":\"Accueil\",\"item\":\"https:\/\/www.pressenza.com\/it\/\"},{\"@type\":\"ListItem\",\"position\":2,\"name\":\"Risposta di Emilio Molinari a Erasmo D&#8217;Angelis\"}]},{\"@type\":\"WebSite\",\"@id\":\"https:\/\/www.pressenza.com\/it\/#website\",\"url\":\"https:\/\/www.pressenza.com\/it\/\",\"name\":\"Pressenza\",\"description\":\"Agenzia di Stampa Internazionale\",\"publisher\":{\"@id\":\"https:\/\/www.pressenza.com\/it\/#organization\"},\"potentialAction\":[{\"@type\":\"SearchAction\",\"target\":{\"@type\":\"EntryPoint\",\"urlTemplate\":\"https:\/\/www.pressenza.com\/it\/?s={search_term_string}\"},\"query-input\":{\"@type\":\"PropertyValueSpecification\",\"valueRequired\":true,\"valueName\":\"search_term_string\"}}],\"inLanguage\":\"it-IT\"},{\"@type\":\"Organization\",\"@id\":\"https:\/\/www.pressenza.com\/it\/#organization\",\"name\":\"Pressenza\",\"url\":\"https:\/\/www.pressenza.com\/it\/\",\"logo\":{\"@type\":\"ImageObject\",\"inLanguage\":\"it-IT\",\"@id\":\"https:\/\/www.pressenza.com\/it\/#\/schema\/logo\/image\/\",\"url\":\"https:\/\/www.pressenza.com\/wp-content\/uploads\/2022\/10\/pressenza_logo_200x200.jpg\",\"contentUrl\":\"https:\/\/www.pressenza.com\/wp-content\/uploads\/2022\/10\/pressenza_logo_200x200.jpg\",\"width\":200,\"height\":200,\"caption\":\"Pressenza\"},\"image\":{\"@id\":\"https:\/\/www.pressenza.com\/it\/#\/schema\/logo\/image\/\"},\"sameAs\":[\"https:\/\/www.facebook.com\/PressenzaItalia\",\"https:\/\/x.com\/PressenzaIPA\"]},{\"@type\":\"Person\",\"@id\":\"https:\/\/www.pressenza.com\/it\/#\/schema\/person\/d983e81827ae24f2c7b1a2123d197f8d\",\"name\":\"Redazione Italia\",\"description\":\"News from the Pressenza Bureau in Italy\",\"sameAs\":[\"https:\/\/www.pressenza.com\/it\/author\/redazione-italia\/\",\"https:\/\/www.facebook.com\/PressenzaItalia\",\"https:\/\/www.instagram.com\/pressenza_italia\/\",\"https:\/\/x.com\/pressenza_it\",\"https:\/\/www.youtube.com\/channel\/UCSalEIWjE1RSxkwjfftFuqg\"],\"url\":\"https:\/\/www.pressenza.com\/it\/author\/redazione-italia\/\"}]}<\/script>\n<!-- \/ Yoast SEO plugin. -->","yoast_head_json":{"title":"Risposta di Emilio Molinari a Erasmo D'Angelis","description":"Riportiamo questa lettera in cui Emilio Molinari commenta le affermazioni di Erasmo D'Angelis e che sta circolando sulle liste del Foruma Acqua Bene","robots":{"index":"index","follow":"follow","max-snippet":"max-snippet:-1","max-image-preview":"max-image-preview:large","max-video-preview":"max-video-preview:-1"},"canonical":"https:\/\/www.pressenza.com\/it\/2015\/07\/risposta-di-emilio-molinari-a-erasmo-dangelis\/","og_locale":"it_IT","og_type":"article","og_title":"Risposta di Emilio Molinari a Erasmo D'Angelis","og_description":"Riportiamo questa lettera in cui Emilio Molinari commenta le affermazioni di Erasmo D'Angelis e che sta circolando sulle liste del Foruma Acqua Bene","og_url":"https:\/\/www.pressenza.com\/it\/2015\/07\/risposta-di-emilio-molinari-a-erasmo-dangelis\/","og_site_name":"Pressenza","article_publisher":"https:\/\/www.facebook.com\/PressenzaItalia","article_author":"https:\/\/www.facebook.com\/PressenzaItalia","article_published_time":"2015-07-05T15:18:35+00:00","article_modified_time":"2015-07-05T16:41:02+00:00","og_image":[{"width":672,"height":446,"url":"https:\/\/www.pressenza.com\/wp-content\/uploads\/2015\/03\/alex-zanotelli-acqua-pubblica-napoli.jpg","type":"image\/jpeg"}],"author":"Redazione Italia","twitter_card":"summary_large_image","twitter_creator":"@pressenza_it","twitter_site":"@PressenzaIPA","twitter_misc":{"Scritto da":"Redazione Italia","Tempo di lettura stimato":"5 minuti"},"schema":{"@context":"https:\/\/schema.org","@graph":[{"@type":"Article","@id":"https:\/\/www.pressenza.com\/it\/2015\/07\/risposta-di-emilio-molinari-a-erasmo-dangelis\/#article","isPartOf":{"@id":"https:\/\/www.pressenza.com\/it\/2015\/07\/risposta-di-emilio-molinari-a-erasmo-dangelis\/"},"author":{"name":"Redazione Italia","@id":"https:\/\/www.pressenza.com\/it\/#\/schema\/person\/d983e81827ae24f2c7b1a2123d197f8d"},"headline":"Risposta di Emilio Molinari a Erasmo D&#8217;Angelis","datePublished":"2015-07-05T15:18:35+00:00","dateModified":"2015-07-05T16:41:02+00:00","mainEntityOfPage":{"@id":"https:\/\/www.pressenza.com\/it\/2015\/07\/risposta-di-emilio-molinari-a-erasmo-dangelis\/"},"wordCount":1084,"publisher":{"@id":"https:\/\/www.pressenza.com\/it\/#organization"},"image":{"@id":"https:\/\/www.pressenza.com\/it\/2015\/07\/risposta-di-emilio-molinari-a-erasmo-dangelis\/#primaryimage"},"thumbnailUrl":"https:\/\/www.pressenza.com\/wp-content\/uploads\/2015\/03\/alex-zanotelli-acqua-pubblica-napoli.jpg","keywords":["acqua bene comune","privatizzazioni"],"articleSection":["Diritti Umani","Economia"],"inLanguage":"it-IT"},{"@type":"WebPage","@id":"https:\/\/www.pressenza.com\/it\/2015\/07\/risposta-di-emilio-molinari-a-erasmo-dangelis\/","url":"https:\/\/www.pressenza.com\/it\/2015\/07\/risposta-di-emilio-molinari-a-erasmo-dangelis\/","name":"Risposta di Emilio Molinari a Erasmo D'Angelis","isPartOf":{"@id":"https:\/\/www.pressenza.com\/it\/#website"},"primaryImageOfPage":{"@id":"https:\/\/www.pressenza.com\/it\/2015\/07\/risposta-di-emilio-molinari-a-erasmo-dangelis\/#primaryimage"},"image":{"@id":"https:\/\/www.pressenza.com\/it\/2015\/07\/risposta-di-emilio-molinari-a-erasmo-dangelis\/#primaryimage"},"thumbnailUrl":"https:\/\/www.pressenza.com\/wp-content\/uploads\/2015\/03\/alex-zanotelli-acqua-pubblica-napoli.jpg","datePublished":"2015-07-05T15:18:35+00:00","dateModified":"2015-07-05T16:41:02+00:00","description":"Riportiamo questa lettera in cui Emilio Molinari commenta le affermazioni di Erasmo D'Angelis e che sta circolando sulle liste del Foruma Acqua Bene","breadcrumb":{"@id":"https:\/\/www.pressenza.com\/it\/2015\/07\/risposta-di-emilio-molinari-a-erasmo-dangelis\/#breadcrumb"},"inLanguage":"it-IT","potentialAction":[{"@type":"ReadAction","target":["https:\/\/www.pressenza.com\/it\/2015\/07\/risposta-di-emilio-molinari-a-erasmo-dangelis\/"]}]},{"@type":"ImageObject","inLanguage":"it-IT","@id":"https:\/\/www.pressenza.com\/it\/2015\/07\/risposta-di-emilio-molinari-a-erasmo-dangelis\/#primaryimage","url":"https:\/\/www.pressenza.com\/wp-content\/uploads\/2015\/03\/alex-zanotelli-acqua-pubblica-napoli.jpg","contentUrl":"https:\/\/www.pressenza.com\/wp-content\/uploads\/2015\/03\/alex-zanotelli-acqua-pubblica-napoli.jpg","width":672,"height":446,"caption":"alex zanotelli acqua pubblica napoli"},{"@type":"BreadcrumbList","@id":"https:\/\/www.pressenza.com\/it\/2015\/07\/risposta-di-emilio-molinari-a-erasmo-dangelis\/#breadcrumb","itemListElement":[{"@type":"ListItem","position":1,"name":"Accueil","item":"https:\/\/www.pressenza.com\/it\/"},{"@type":"ListItem","position":2,"name":"Risposta di Emilio Molinari a Erasmo D&#8217;Angelis"}]},{"@type":"WebSite","@id":"https:\/\/www.pressenza.com\/it\/#website","url":"https:\/\/www.pressenza.com\/it\/","name":"Pressenza","description":"Agenzia di Stampa Internazionale","publisher":{"@id":"https:\/\/www.pressenza.com\/it\/#organization"},"potentialAction":[{"@type":"SearchAction","target":{"@type":"EntryPoint","urlTemplate":"https:\/\/www.pressenza.com\/it\/?s={search_term_string}"},"query-input":{"@type":"PropertyValueSpecification","valueRequired":true,"valueName":"search_term_string"}}],"inLanguage":"it-IT"},{"@type":"Organization","@id":"https:\/\/www.pressenza.com\/it\/#organization","name":"Pressenza","url":"https:\/\/www.pressenza.com\/it\/","logo":{"@type":"ImageObject","inLanguage":"it-IT","@id":"https:\/\/www.pressenza.com\/it\/#\/schema\/logo\/image\/","url":"https:\/\/www.pressenza.com\/wp-content\/uploads\/2022\/10\/pressenza_logo_200x200.jpg","contentUrl":"https:\/\/www.pressenza.com\/wp-content\/uploads\/2022\/10\/pressenza_logo_200x200.jpg","width":200,"height":200,"caption":"Pressenza"},"image":{"@id":"https:\/\/www.pressenza.com\/it\/#\/schema\/logo\/image\/"},"sameAs":["https:\/\/www.facebook.com\/PressenzaItalia","https:\/\/x.com\/PressenzaIPA"]},{"@type":"Person","@id":"https:\/\/www.pressenza.com\/it\/#\/schema\/person\/d983e81827ae24f2c7b1a2123d197f8d","name":"Redazione Italia","description":"News from the Pressenza Bureau in Italy","sameAs":["https:\/\/www.pressenza.com\/it\/author\/redazione-italia\/","https:\/\/www.facebook.com\/PressenzaItalia","https:\/\/www.instagram.com\/pressenza_italia\/","https:\/\/x.com\/pressenza_it","https:\/\/www.youtube.com\/channel\/UCSalEIWjE1RSxkwjfftFuqg"],"url":"https:\/\/www.pressenza.com\/it\/author\/redazione-italia\/"}]}},"place":"","original_article_url":"","_links":{"self":[{"href":"https:\/\/www.pressenza.com\/it\/wp-json\/wp\/v2\/posts\/199780","targetHints":{"allow":["GET"]}}],"collection":[{"href":"https:\/\/www.pressenza.com\/it\/wp-json\/wp\/v2\/posts"}],"about":[{"href":"https:\/\/www.pressenza.com\/it\/wp-json\/wp\/v2\/types\/post"}],"author":[{"embeddable":true,"href":"https:\/\/www.pressenza.com\/it\/wp-json\/wp\/v2\/users\/594"}],"replies":[{"embeddable":true,"href":"https:\/\/www.pressenza.com\/it\/wp-json\/wp\/v2\/comments?post=199780"}],"version-history":[{"count":0,"href":"https:\/\/www.pressenza.com\/it\/wp-json\/wp\/v2\/posts\/199780\/revisions"}],"wp:featuredmedia":[{"embeddable":true,"href":"https:\/\/www.pressenza.com\/it\/wp-json\/wp\/v2\/media\/169624"}],"wp:attachment":[{"href":"https:\/\/www.pressenza.com\/it\/wp-json\/wp\/v2\/media?parent=199780"}],"wp:term":[{"taxonomy":"category","embeddable":true,"href":"https:\/\/www.pressenza.com\/it\/wp-json\/wp\/v2\/categories?post=199780"},{"taxonomy":"post_tag","embeddable":true,"href":"https:\/\/www.pressenza.com\/it\/wp-json\/wp\/v2\/tags?post=199780"}],"curies":[{"name":"wp","href":"https:\/\/api.w.org\/{rel}","templated":true}]}}