{"id":197780,"date":"2015-06-30T07:03:09","date_gmt":"2015-06-30T06:03:09","guid":{"rendered":"http:\/\/www.pressenza.com\/?p=197780"},"modified":"2015-06-30T08:33:10","modified_gmt":"2015-06-30T07:33:10","slug":"renzi-e-le-banche-armate","status":"publish","type":"post","link":"https:\/\/www.pressenza.com\/it\/2015\/06\/renzi-e-le-banche-armate\/","title":{"rendered":"Renzi e le banche armate"},"content":{"rendered":"<p>E&#8217; iniziata la fine svendita dei gioielli di famiglia. Con un colpo di mano passato quasi inosservato, Matteo Renzi nei giorni scorsi ha imposto le dimissioni a Franco Bassanini, presidente di Cassa Depositi e Prestiti (CDP).\u00a0Per ottenere questo cambiamento strategico \u00e8 arrivato a minacciare di commissariare il Consiglio di Amministrazione di CDP, una pratica che ormai \u00e8 diventata prassi usuale per il capo del governo. E cos\u00ec Bassanini \u00e8 stato sostituito alla presidenza di CDP dal candidato di Renzi, Claudio Costamagna.<\/p>\n<p>Per chi non ne fosse a conoscenza, Cassa Depositi e Prestiti \u00e8 una societ\u00e0 per azioni finanziaria italiana, partecipata per il 80,1% dal Ministero dell&#8217;Economia e delle Finanze, per il 18,4% da diverse fondazioni bancarie (private) e per il restante 1,5% in azioni proprie.<\/p>\n<p>Per avere un quadro economico completo, CDP al 31 dicembre 2013 aveva un capitale investito di circa 252,2 miliardi di euro, con un patrimonio netto di 15,5 miliardi di euro, mentre la raccolta ammontava a 98,6 miliardi in libretti postali e 111,2 miliardi in Buoni fruttiferi postali. L&#8217;esercizio di CDP nel 2013 \u00e8 stato chiuso con un utile netto di 3,1 miliardi.<br \/>\nPer capire invece chi \u00e8 Claudio Costamagna ma soprattutto chi o cosa egli rappresenti, basta cercare nel suo Curriculum.<\/p>\n<p>Claudio Costamagna, classe 1956, di formazione bocconiana, nel 1985 Direttore Finanziario della Montedison, nel 1988 diventa <strong>uomo della Goldman Sachs,<\/strong> la nota banca americana che insieme a Lheman Brother, JP Morgan e Merril Lynch ha dato il via alla crisi economica iniziata nel 2008 e che ancora oggi stiamo subendo. Nel 1999 il grande salto: Costamagna diventa Presidente della divisione Investment Banking di Goldman Sachs per l\u2019Europa, Medio Oriente e Africa e anche membro dello European Management Committee e del Global Partnership Committee. Ruoli che ricopre per oltre 8 anni.\u00a0Nel 2012 \u00e8 Presidente di AAA \u2013 Advanced Accelerator Applications, Gruppo farmaceutico europeo specializzato nella medicina nucleare e sempre nel 2012 Presidente della Impregilo SpA, principale gruppo italiano nella costruzione di infrastrutture, dal 2013 membro del Consiglio di Amministrazione di Luxottica.<\/p>\n<p>Insomma, un uomo dal curriculum pesante, in cui spiccano i\u00a0quasi 20 anni passati in Goldman Sachs, una delle banche d\u2019investimento e di consulenza finanziaria pi\u00f9 grandi del mondo, che guarda caso ha visto fra i suoi consulenti, <strong>Mario Draghi<\/strong>, (Attuale Presidente della BCE), <strong>Romano Prodi<\/strong> (il traghettatore dell\u2019entrata italiana nell\u2019Europa dell\u2019euro) e <strong>Mario Monti<\/strong>, che non ha certo bisogno di presentazioni.<\/p>\n<p>Ma chi o meglio,<strong> <a href=\"https:\/\/www.pressenza.com\/it\/2012\/01\/che-cosxe-goldman-sachs\/\">che cos\u2019\u00e8 Goldman Sachs?<\/a><\/strong>\u00a0 La banca che nel 2008 ha pilotato la vendita di titoli tossici i derivati spazzatura, provocando la crisi.\u00a0Ma Goldman Sachs, a cui Costamagna \u00e8 tanto legato, rappresenta anche molto altro: ad esempio, \u00e8 uno dei principali attori della crisi che da anni sta subendo l\u2019Europa, come ben spiegato in <a href=\"http:\/\/www.repubblica.it\/economia\/finanza\/2011\/11\/15\/news\/goldman_sachs-25058681\/\">questo articolo<\/a>\u00a0di Repubblica Economia e Finanza del 2011, che descrive come questa banca da anni sia impegnata in una vera e propria <strong>guerra contro l&#8217;Europa<\/strong>.<\/p>\n<p>E\u2019 anche <strong>una delle principali banche che finanziano la produzione di armi<\/strong>, come le <strong><a href=\"http:\/\/www.ibtimes.co.uk\/cluster-bombs-banks-pensions-syria-civil-war-529913\">Cluster Bomb<\/a>, <\/strong>le stesse armi che poi vengono vendute in Medio Oriente e in Africa, scatenando guerre, terrorismo e destabilizzazioni a non finire.<\/p>\n<p>Goldman Sachs \u00e8 la banca americana di maggior peso all\u2019interno degli equilibri di potere del Fondo Monetario Internazionale.<\/p>\n<p>Goldman Sachs infine \u00e8 quella banca che pochi giorni fa, per bocca del suo emissario <a href=\"https:\/\/www.pressenza.com\/it\/2015\/06\/ai-tempi-del-nazismo-economico-atene-circondata\/\">Huw Pill, ha dichiarato guerra alla Grecia<\/a>, abbandonando il tavolo delle trattative tra FMI e governo greco, auspicando nuove elezioni e un cambiamento di vertice, minacciando un default per lo Stato ellenico, con tutte le sue gravi conseguenze per la popolazione.<\/p>\n<p>Se non lo si fosse ancora capito, stiamo parlando di <strong>nazismo economico,<\/strong> messo in opera da un gruppo di banchieri che invece di usare le armi per invadere e occupare i paesi, usano la loro potenza economica per ottenere gli stessi risultati di una guerra.<\/p>\n<p><strong>Goldman Sachs<\/strong> rappresenta uno dei maggiori interpreti di questa nuova forma di nazismo esercitato attraverso la violenza economica, la destabilizzazione dei paesi, il ricatto, la minaccia, l\u2019appropriazione di beni pubblici e la distruzione dei popoli e del pianeta.<\/p>\n<p>Come gi\u00e0 detto, Costamagna, il\u00a0nuovo Presidente di CDP imposto da Renzi, \u00e8 un uomo fidato di Goldman Sachs, presente anche nel giugno 1992 alle famose <strong><a href=\"http:\/\/archiviostorico.corriere.it\/1997\/ottobre\/26\/SCOMMESSA_DEL_BRITANNIA_co_0_9710261233.shtml\">riunioni sul panfilo Britannia<\/a><\/strong> al largo di Civitavecchia, nelle quali banchieri anglo-americani e uomini pubblici e privati italiani decisero la svendita del paese Italia, attuato tramite la linea di privatizzazioni delle aziende strategiche nazionali e portata poi avanti col contributo decisivo di Romano Prodi.\u00a0Perch\u00e9 nominare Presidente di una delle pi\u00f9 importanti societ\u00e0 italiane a controllo pubblico, un uomo cresciuto negli ambienti dell\u2019alta finanza americana e della grande industria privata?<\/p>\n<p>La risposta si trova proprio nelle recenti dichiarazioni del Renzi: \u201cL\u2019Italia si trova oggi a un passaggio decisivo per la ripresa. Le riforme strutturali, l\u2019attrazione degli investimenti e una politica di bilancio basata sul taglio delle tasse sul lavoro stanno riportando il paese alla crescita. In questo contesto il rafforzamento del ruolo di CDP risulta ancora pi\u00f9 cruciale\u201d<\/p>\n<p><strong>&#8220;Riforme Strutturali&#8221;<\/strong>, ossia cancellare gli ultimi vincoli legislativi che impedivano la svendita finale del paese.<br \/>\n<strong>&#8220;Taglio delle tasse sul lavoro&#8221;<\/strong>, un&#8217;espressione che nasconde l\u2019intenzione di svalutare ulteriormente il mercato del lavoro, aumentando lo sfruttamento di persone che lavoreranno ad un costo sempre pi\u00f9 basso.<br \/>\n<strong>&#8220;Attrarre investimenti&#8221;,<\/strong> per intendersi mettere all\u2019asta a basso prezzo gli ultimi gioielli di famiglia del paese, sottraendoli al controllo pubblico per darli in mano a quello privato: vedi Poste Italiane ed Eni e le sue controllate, Enel e Finmeccanica, ultimi pezzi strategici del nostro paese.<br \/>\n<strong>&#8220;Rafforzamento del ruolo cruciale di CDP&#8221;,<\/strong> in altre parole controllare tramite il CDP gli ultimi risparmi degli italiani.<\/p>\n<p>Se ancora non lo si fosse capito, il nostro telecomandato premier ha piazzato sulla scacchiera un altro pezzo strategico da novanta, naturalmente per conto di \u201caltri. A\u00a0Claudio Costamagna adesso viene affidato persino il controllo di 250 miliardi di risparmi postali dei cittadini italiani.<\/p>\n<p>In questi giorni stiamo assistendo coi nostri occhi all\u2019assedio del nuovo nazismo economico a danno del popolo della <strong>Grecia<\/strong>. Gli stessi nazisti economici per mezzo di governanti complici e al tempo stesso ostaggi del potere delle banche, hanno insediato ormai\u00a0i loro rappresentanti in quasi tutti i ruoli chiave del nostro paese.\u00a0<span style=\"line-height: 1.5;\">Dopo la Grecia sar\u00e0 la volta dell\u2019Italia e della Spagna e poi di altri paesi ancora; se non faremo qualcosa, tutti questi verranno definitivamente occupati, come nel \u201841 con il nazismo.<\/span><\/p>\n<p>Per quanto tempo ancora vogliamo chiudere gli occhi e piegare la testa di fronte alle banche armate e ai loro emissari?<\/p>\n","protected":false},"excerpt":{"rendered":"<p>E&#8217; iniziata la fine svendita dei gioielli di famiglia. Con un colpo di mano passato quasi inosservato, Matteo Renzi nei giorni scorsi ha imposto le dimissioni a Franco Bassanini, presidente di Cassa Depositi e Prestiti (CDP).\u00a0Per ottenere questo cambiamento strategico&hellip;<\/p>\n","protected":false},"author":980,"featured_media":197812,"comment_status":"closed","ping_status":"open","sticky":false,"template":"","format":"standard","meta":{"footnotes":""},"categories":[11388,62,47,162,55],"tags":[3648,18252,7232,18250,1098,8369,4649,18251,3995],"class_list":["post-197780","post","type-post","status-publish","format-standard","has-post-thumbnail","hentry","category-contenuti-originali","category-economia","category-europa","category-opinioni","category-politica","tag-banche-armate","tag-banksters","tag-cassa-depositi-e-prestiti","tag-claudio-costamagna","tag-fmi-it","tag-goldman-sachs-it","tag-matteo-renzi","tag-nazismo-economico","tag-violenza-economica"],"yoast_head":"<!-- This site is optimized with the Yoast SEO plugin v27.1.1 - https:\/\/yoast.com\/product\/yoast-seo-wordpress\/ -->\n<title>Renzi e le banche armate<\/title>\n<meta name=\"description\" content=\"Come affidare 250 miliardi di risparmi dei cittadini italiani sotto il controllo di una nota banca americana e imboccare la strada della Grecia\" \/>\n<meta name=\"robots\" content=\"index, follow, max-snippet:-1, max-image-preview:large, max-video-preview:-1\" \/>\n<link rel=\"canonical\" href=\"https:\/\/www.pressenza.com\/it\/2015\/06\/renzi-e-le-banche-armate\/\" \/>\n<meta property=\"og:locale\" content=\"it_IT\" \/>\n<meta property=\"og:type\" content=\"article\" \/>\n<meta property=\"og:title\" content=\"Renzi e le banche armate.\" \/>\n<meta property=\"og:description\" content=\"Come affidare 250 miliardi di risparmi dei cittadini italiani sotto il controllo di una nota banca americana e imboccare la strada della Grecia\" \/>\n<meta property=\"og:url\" content=\"https:\/\/www.pressenza.com\/it\/2015\/06\/renzi-e-le-banche-armate\/\" \/>\n<meta property=\"og:site_name\" content=\"Pressenza\" \/>\n<meta property=\"article:publisher\" content=\"https:\/\/www.facebook.com\/PressenzaItalia\" \/>\n<meta property=\"article:author\" content=\"https:\/\/www.facebook.com\/valdarno.sostenibile\" \/>\n<meta property=\"article:published_time\" content=\"2015-06-30T06:03:09+00:00\" \/>\n<meta property=\"article:modified_time\" content=\"2015-06-30T07:33:10+00:00\" \/>\n<meta property=\"og:image\" content=\"https:\/\/www.pressenza.com\/wp-content\/uploads\/2015\/06\/Cassa-Depositi-e-Prestiti.jpg\" \/>\n\t<meta property=\"og:image:width\" content=\"1000\" \/>\n\t<meta property=\"og:image:height\" content=\"600\" \/>\n\t<meta property=\"og:image:type\" content=\"image\/jpeg\" \/>\n<meta name=\"author\" content=\"Luca Cellini\" \/>\n<meta name=\"twitter:card\" content=\"summary_large_image\" \/>\n<meta name=\"twitter:title\" content=\"Renzi e le banche armate.\" \/>\n<meta name=\"twitter:description\" content=\"Come affidare 250 miliardi di risparmi dei cittadini italiani sotto il controllo di una nota banca americana e imboccare la strada della Grecia\" \/>\n<meta name=\"twitter:image\" content=\"http:\/\/www.pressenza.com\/wp-content\/uploads\/2015\/06\/Cassa-Depositi-e-Prestiti.jpg\" \/>\n<meta name=\"twitter:creator\" content=\"@LucaCellini68\" \/>\n<meta name=\"twitter:site\" content=\"@PressenzaIPA\" \/>\n<meta name=\"twitter:label1\" content=\"Scritto da\" \/>\n\t<meta name=\"twitter:data1\" content=\"Luca Cellini\" \/>\n\t<meta name=\"twitter:label2\" content=\"Tempo di lettura stimato\" \/>\n\t<meta name=\"twitter:data2\" content=\"5 minuti\" \/>\n<script type=\"application\/ld+json\" class=\"yoast-schema-graph\">{\"@context\":\"https:\/\/schema.org\",\"@graph\":[{\"@type\":\"Article\",\"@id\":\"https:\/\/www.pressenza.com\/it\/2015\/06\/renzi-e-le-banche-armate\/#article\",\"isPartOf\":{\"@id\":\"https:\/\/www.pressenza.com\/it\/2015\/06\/renzi-e-le-banche-armate\/\"},\"author\":{\"name\":\"Luca Cellini\",\"@id\":\"https:\/\/www.pressenza.com\/it\/#\/schema\/person\/6f5bf686b3d94620dc918fd3afbd9180\"},\"headline\":\"Renzi e le banche armate\",\"datePublished\":\"2015-06-30T06:03:09+00:00\",\"dateModified\":\"2015-06-30T07:33:10+00:00\",\"mainEntityOfPage\":{\"@id\":\"https:\/\/www.pressenza.com\/it\/2015\/06\/renzi-e-le-banche-armate\/\"},\"wordCount\":1072,\"publisher\":{\"@id\":\"https:\/\/www.pressenza.com\/it\/#organization\"},\"image\":{\"@id\":\"https:\/\/www.pressenza.com\/it\/2015\/06\/renzi-e-le-banche-armate\/#primaryimage\"},\"thumbnailUrl\":\"https:\/\/www.pressenza.com\/wp-content\/uploads\/2015\/06\/Cassa-Depositi-e-Prestiti.jpg\",\"keywords\":[\"banche armate\",\"banksters\",\"Cassa Depositi e Prestiti\",\"Claudio Costamagna\",\"FMI\",\"Goldman Sachs\",\"Matteo Renzi\",\"nazismo economico\",\"violenza economica\"],\"articleSection\":[\"contenuti originali\",\"Economia\",\"Europa\",\"Opinioni\",\"Politica\"],\"inLanguage\":\"it-IT\"},{\"@type\":\"WebPage\",\"@id\":\"https:\/\/www.pressenza.com\/it\/2015\/06\/renzi-e-le-banche-armate\/\",\"url\":\"https:\/\/www.pressenza.com\/it\/2015\/06\/renzi-e-le-banche-armate\/\",\"name\":\"Renzi e le banche armate\",\"isPartOf\":{\"@id\":\"https:\/\/www.pressenza.com\/it\/#website\"},\"primaryImageOfPage\":{\"@id\":\"https:\/\/www.pressenza.com\/it\/2015\/06\/renzi-e-le-banche-armate\/#primaryimage\"},\"image\":{\"@id\":\"https:\/\/www.pressenza.com\/it\/2015\/06\/renzi-e-le-banche-armate\/#primaryimage\"},\"thumbnailUrl\":\"https:\/\/www.pressenza.com\/wp-content\/uploads\/2015\/06\/Cassa-Depositi-e-Prestiti.jpg\",\"datePublished\":\"2015-06-30T06:03:09+00:00\",\"dateModified\":\"2015-06-30T07:33:10+00:00\",\"description\":\"Come affidare 250 miliardi di risparmi dei cittadini italiani sotto il controllo di una nota banca americana e imboccare la strada della Grecia\",\"breadcrumb\":{\"@id\":\"https:\/\/www.pressenza.com\/it\/2015\/06\/renzi-e-le-banche-armate\/#breadcrumb\"},\"inLanguage\":\"it-IT\",\"potentialAction\":[{\"@type\":\"ReadAction\",\"target\":[\"https:\/\/www.pressenza.com\/it\/2015\/06\/renzi-e-le-banche-armate\/\"]}]},{\"@type\":\"ImageObject\",\"inLanguage\":\"it-IT\",\"@id\":\"https:\/\/www.pressenza.com\/it\/2015\/06\/renzi-e-le-banche-armate\/#primaryimage\",\"url\":\"https:\/\/www.pressenza.com\/wp-content\/uploads\/2015\/06\/Cassa-Depositi-e-Prestiti.jpg\",\"contentUrl\":\"https:\/\/www.pressenza.com\/wp-content\/uploads\/2015\/06\/Cassa-Depositi-e-Prestiti.jpg\",\"width\":1000,\"height\":600,\"caption\":\"Cassa Depositi e Prestiti\"},{\"@type\":\"BreadcrumbList\",\"@id\":\"https:\/\/www.pressenza.com\/it\/2015\/06\/renzi-e-le-banche-armate\/#breadcrumb\",\"itemListElement\":[{\"@type\":\"ListItem\",\"position\":1,\"name\":\"Accueil\",\"item\":\"https:\/\/www.pressenza.com\/it\/\"},{\"@type\":\"ListItem\",\"position\":2,\"name\":\"Renzi e le banche armate\"}]},{\"@type\":\"WebSite\",\"@id\":\"https:\/\/www.pressenza.com\/it\/#website\",\"url\":\"https:\/\/www.pressenza.com\/it\/\",\"name\":\"Pressenza\",\"description\":\"Agenzia di Stampa Internazionale\",\"publisher\":{\"@id\":\"https:\/\/www.pressenza.com\/it\/#organization\"},\"potentialAction\":[{\"@type\":\"SearchAction\",\"target\":{\"@type\":\"EntryPoint\",\"urlTemplate\":\"https:\/\/www.pressenza.com\/it\/?s={search_term_string}\"},\"query-input\":{\"@type\":\"PropertyValueSpecification\",\"valueRequired\":true,\"valueName\":\"search_term_string\"}}],\"inLanguage\":\"it-IT\"},{\"@type\":\"Organization\",\"@id\":\"https:\/\/www.pressenza.com\/it\/#organization\",\"name\":\"Pressenza\",\"url\":\"https:\/\/www.pressenza.com\/it\/\",\"logo\":{\"@type\":\"ImageObject\",\"inLanguage\":\"it-IT\",\"@id\":\"https:\/\/www.pressenza.com\/it\/#\/schema\/logo\/image\/\",\"url\":\"https:\/\/www.pressenza.com\/wp-content\/uploads\/2022\/10\/pressenza_logo_200x200.jpg\",\"contentUrl\":\"https:\/\/www.pressenza.com\/wp-content\/uploads\/2022\/10\/pressenza_logo_200x200.jpg\",\"width\":200,\"height\":200,\"caption\":\"Pressenza\"},\"image\":{\"@id\":\"https:\/\/www.pressenza.com\/it\/#\/schema\/logo\/image\/\"},\"sameAs\":[\"https:\/\/www.facebook.com\/PressenzaItalia\",\"https:\/\/x.com\/PressenzaIPA\"]},{\"@type\":\"Person\",\"@id\":\"https:\/\/www.pressenza.com\/it\/#\/schema\/person\/6f5bf686b3d94620dc918fd3afbd9180\",\"name\":\"Luca Cellini\",\"description\":\"Luca Cellini has participated with the Humanist Party. He was a volunteer with the Conscientious Objectors Association and an activist with Greenpeace. He participated in the Mir Sada International Peace March, a nonviolent peace convoy during the Bosnian conflict in Mostar and Sarajevo, to try to stop the conflict. He participated in the Social Forum and in the World March for Peace and Nonviolence. He founded the Valdarno Sustainability Committee with which he promotes the formation of the Valdarno Valdsieve coordination network to stop the construction of landfills and incinerators. He is passionate for writing, interested in alternative information, economics, research in the field of energy, strategies to achieve zero waste, and ecology, topics for which he has held public meetings and seminars for high school students. He works as a designer for the industry sector. Currently he engaged as volunteer in the fight against child exploitation and again Human Trafficking. Editor and columnist for Pressenza.\",\"sameAs\":[\"https:\/\/valdarnosostenibile.wordpress.com\/\",\"https:\/\/www.facebook.com\/valdarno.sostenibile\",\"https:\/\/x.com\/LucaCellini68\"],\"url\":\"https:\/\/www.pressenza.com\/it\/author\/luca-cellini\/\"}]}<\/script>\n<!-- \/ Yoast SEO plugin. -->","yoast_head_json":{"title":"Renzi e le banche armate","description":"Come affidare 250 miliardi di risparmi dei cittadini italiani sotto il controllo di una nota banca americana e imboccare la strada della Grecia","robots":{"index":"index","follow":"follow","max-snippet":"max-snippet:-1","max-image-preview":"max-image-preview:large","max-video-preview":"max-video-preview:-1"},"canonical":"https:\/\/www.pressenza.com\/it\/2015\/06\/renzi-e-le-banche-armate\/","og_locale":"it_IT","og_type":"article","og_title":"Renzi e le banche armate.","og_description":"Come affidare 250 miliardi di risparmi dei cittadini italiani sotto il controllo di una nota banca americana e imboccare la strada della Grecia","og_url":"https:\/\/www.pressenza.com\/it\/2015\/06\/renzi-e-le-banche-armate\/","og_site_name":"Pressenza","article_publisher":"https:\/\/www.facebook.com\/PressenzaItalia","article_author":"https:\/\/www.facebook.com\/valdarno.sostenibile","article_published_time":"2015-06-30T06:03:09+00:00","article_modified_time":"2015-06-30T07:33:10+00:00","og_image":[{"width":1000,"height":600,"url":"https:\/\/www.pressenza.com\/wp-content\/uploads\/2015\/06\/Cassa-Depositi-e-Prestiti.jpg","type":"image\/jpeg"}],"author":"Luca Cellini","twitter_card":"summary_large_image","twitter_title":"Renzi e le banche armate.","twitter_description":"Come affidare 250 miliardi di risparmi dei cittadini italiani sotto il controllo di una nota banca americana e imboccare la strada della Grecia","twitter_image":"http:\/\/www.pressenza.com\/wp-content\/uploads\/2015\/06\/Cassa-Depositi-e-Prestiti.jpg","twitter_creator":"@LucaCellini68","twitter_site":"@PressenzaIPA","twitter_misc":{"Scritto da":"Luca Cellini","Tempo di lettura stimato":"5 minuti"},"schema":{"@context":"https:\/\/schema.org","@graph":[{"@type":"Article","@id":"https:\/\/www.pressenza.com\/it\/2015\/06\/renzi-e-le-banche-armate\/#article","isPartOf":{"@id":"https:\/\/www.pressenza.com\/it\/2015\/06\/renzi-e-le-banche-armate\/"},"author":{"name":"Luca Cellini","@id":"https:\/\/www.pressenza.com\/it\/#\/schema\/person\/6f5bf686b3d94620dc918fd3afbd9180"},"headline":"Renzi e le banche armate","datePublished":"2015-06-30T06:03:09+00:00","dateModified":"2015-06-30T07:33:10+00:00","mainEntityOfPage":{"@id":"https:\/\/www.pressenza.com\/it\/2015\/06\/renzi-e-le-banche-armate\/"},"wordCount":1072,"publisher":{"@id":"https:\/\/www.pressenza.com\/it\/#organization"},"image":{"@id":"https:\/\/www.pressenza.com\/it\/2015\/06\/renzi-e-le-banche-armate\/#primaryimage"},"thumbnailUrl":"https:\/\/www.pressenza.com\/wp-content\/uploads\/2015\/06\/Cassa-Depositi-e-Prestiti.jpg","keywords":["banche armate","banksters","Cassa Depositi e Prestiti","Claudio Costamagna","FMI","Goldman Sachs","Matteo Renzi","nazismo economico","violenza economica"],"articleSection":["contenuti originali","Economia","Europa","Opinioni","Politica"],"inLanguage":"it-IT"},{"@type":"WebPage","@id":"https:\/\/www.pressenza.com\/it\/2015\/06\/renzi-e-le-banche-armate\/","url":"https:\/\/www.pressenza.com\/it\/2015\/06\/renzi-e-le-banche-armate\/","name":"Renzi e le banche armate","isPartOf":{"@id":"https:\/\/www.pressenza.com\/it\/#website"},"primaryImageOfPage":{"@id":"https:\/\/www.pressenza.com\/it\/2015\/06\/renzi-e-le-banche-armate\/#primaryimage"},"image":{"@id":"https:\/\/www.pressenza.com\/it\/2015\/06\/renzi-e-le-banche-armate\/#primaryimage"},"thumbnailUrl":"https:\/\/www.pressenza.com\/wp-content\/uploads\/2015\/06\/Cassa-Depositi-e-Prestiti.jpg","datePublished":"2015-06-30T06:03:09+00:00","dateModified":"2015-06-30T07:33:10+00:00","description":"Come affidare 250 miliardi di risparmi dei cittadini italiani sotto il controllo di una nota banca americana e imboccare la strada della Grecia","breadcrumb":{"@id":"https:\/\/www.pressenza.com\/it\/2015\/06\/renzi-e-le-banche-armate\/#breadcrumb"},"inLanguage":"it-IT","potentialAction":[{"@type":"ReadAction","target":["https:\/\/www.pressenza.com\/it\/2015\/06\/renzi-e-le-banche-armate\/"]}]},{"@type":"ImageObject","inLanguage":"it-IT","@id":"https:\/\/www.pressenza.com\/it\/2015\/06\/renzi-e-le-banche-armate\/#primaryimage","url":"https:\/\/www.pressenza.com\/wp-content\/uploads\/2015\/06\/Cassa-Depositi-e-Prestiti.jpg","contentUrl":"https:\/\/www.pressenza.com\/wp-content\/uploads\/2015\/06\/Cassa-Depositi-e-Prestiti.jpg","width":1000,"height":600,"caption":"Cassa Depositi e Prestiti"},{"@type":"BreadcrumbList","@id":"https:\/\/www.pressenza.com\/it\/2015\/06\/renzi-e-le-banche-armate\/#breadcrumb","itemListElement":[{"@type":"ListItem","position":1,"name":"Accueil","item":"https:\/\/www.pressenza.com\/it\/"},{"@type":"ListItem","position":2,"name":"Renzi e le banche armate"}]},{"@type":"WebSite","@id":"https:\/\/www.pressenza.com\/it\/#website","url":"https:\/\/www.pressenza.com\/it\/","name":"Pressenza","description":"Agenzia di Stampa Internazionale","publisher":{"@id":"https:\/\/www.pressenza.com\/it\/#organization"},"potentialAction":[{"@type":"SearchAction","target":{"@type":"EntryPoint","urlTemplate":"https:\/\/www.pressenza.com\/it\/?s={search_term_string}"},"query-input":{"@type":"PropertyValueSpecification","valueRequired":true,"valueName":"search_term_string"}}],"inLanguage":"it-IT"},{"@type":"Organization","@id":"https:\/\/www.pressenza.com\/it\/#organization","name":"Pressenza","url":"https:\/\/www.pressenza.com\/it\/","logo":{"@type":"ImageObject","inLanguage":"it-IT","@id":"https:\/\/www.pressenza.com\/it\/#\/schema\/logo\/image\/","url":"https:\/\/www.pressenza.com\/wp-content\/uploads\/2022\/10\/pressenza_logo_200x200.jpg","contentUrl":"https:\/\/www.pressenza.com\/wp-content\/uploads\/2022\/10\/pressenza_logo_200x200.jpg","width":200,"height":200,"caption":"Pressenza"},"image":{"@id":"https:\/\/www.pressenza.com\/it\/#\/schema\/logo\/image\/"},"sameAs":["https:\/\/www.facebook.com\/PressenzaItalia","https:\/\/x.com\/PressenzaIPA"]},{"@type":"Person","@id":"https:\/\/www.pressenza.com\/it\/#\/schema\/person\/6f5bf686b3d94620dc918fd3afbd9180","name":"Luca Cellini","description":"Luca Cellini has participated with the Humanist Party. He was a volunteer with the Conscientious Objectors Association and an activist with Greenpeace. He participated in the Mir Sada International Peace March, a nonviolent peace convoy during the Bosnian conflict in Mostar and Sarajevo, to try to stop the conflict. He participated in the Social Forum and in the World March for Peace and Nonviolence. He founded the Valdarno Sustainability Committee with which he promotes the formation of the Valdarno Valdsieve coordination network to stop the construction of landfills and incinerators. He is passionate for writing, interested in alternative information, economics, research in the field of energy, strategies to achieve zero waste, and ecology, topics for which he has held public meetings and seminars for high school students. He works as a designer for the industry sector. Currently he engaged as volunteer in the fight against child exploitation and again Human Trafficking. Editor and columnist for Pressenza.","sameAs":["https:\/\/valdarnosostenibile.wordpress.com\/","https:\/\/www.facebook.com\/valdarno.sostenibile","https:\/\/x.com\/LucaCellini68"],"url":"https:\/\/www.pressenza.com\/it\/author\/luca-cellini\/"}]}},"place":"","original_article_url":"","_links":{"self":[{"href":"https:\/\/www.pressenza.com\/it\/wp-json\/wp\/v2\/posts\/197780","targetHints":{"allow":["GET"]}}],"collection":[{"href":"https:\/\/www.pressenza.com\/it\/wp-json\/wp\/v2\/posts"}],"about":[{"href":"https:\/\/www.pressenza.com\/it\/wp-json\/wp\/v2\/types\/post"}],"author":[{"embeddable":true,"href":"https:\/\/www.pressenza.com\/it\/wp-json\/wp\/v2\/users\/980"}],"replies":[{"embeddable":true,"href":"https:\/\/www.pressenza.com\/it\/wp-json\/wp\/v2\/comments?post=197780"}],"version-history":[{"count":0,"href":"https:\/\/www.pressenza.com\/it\/wp-json\/wp\/v2\/posts\/197780\/revisions"}],"wp:featuredmedia":[{"embeddable":true,"href":"https:\/\/www.pressenza.com\/it\/wp-json\/wp\/v2\/media\/197812"}],"wp:attachment":[{"href":"https:\/\/www.pressenza.com\/it\/wp-json\/wp\/v2\/media?parent=197780"}],"wp:term":[{"taxonomy":"category","embeddable":true,"href":"https:\/\/www.pressenza.com\/it\/wp-json\/wp\/v2\/categories?post=197780"},{"taxonomy":"post_tag","embeddable":true,"href":"https:\/\/www.pressenza.com\/it\/wp-json\/wp\/v2\/tags?post=197780"}],"curies":[{"name":"wp","href":"https:\/\/api.w.org\/{rel}","templated":true}]}}