{"id":196652,"date":"2015-06-25T17:00:06","date_gmt":"2015-06-25T16:00:06","guid":{"rendered":"http:\/\/www.pressenza.com\/?p=196652"},"modified":"2015-06-25T17:12:49","modified_gmt":"2015-06-25T16:12:49","slug":"sentenza-storica-di-tribunale-olandese-lo-stato-tenuto-ad-agire-contro-i-cambiamenti-climatici","status":"publish","type":"post","link":"https:\/\/www.pressenza.com\/it\/2015\/06\/sentenza-storica-di-tribunale-olandese-lo-stato-tenuto-ad-agire-contro-i-cambiamenti-climatici\/","title":{"rendered":"Sentenza storica di tribunale olandese: lo stato tenuto ad agire contro i cambiamenti climatici"},"content":{"rendered":"<p style=\"text-align: justify;\"><span style=\"color: #333333;\"><span style=\"font-family: 'Helvetica Neue', 'Malgun Gothic', sans-serif;\"><span style=\"font-size: small;\">Si tratta di una vittoria storica per la popolazione olandese e per quella europea. Un tribunale dell&#8217;Aia, al quale si erano rivolti novecento cittadini, ha imposto, mercoled\u00ec 24 giugno, allo stato olandese di ridurre le emissioni di gas a effetto serra.<\/span><\/span><\/span><span style=\"color: #333333;\"><span style=\"font-family: 'Helvetica Neue', 'Malgun Gothic', sans-serif;\"><span style=\"font-size: small;\"><i>&#8220;Il governo sar\u00e0 ora costretto a cambiare le sue politiche, dato che i giudici hanno ordinato una riduzione delle emissioni di CO2 del 25% rispetto ai livelli del 1990 entro il 2020<\/i><\/span><\/span><\/span><span style=\"color: #333333;\"><span style=\"font-family: 'Helvetica Neue', 'Malgun Gothic', sans-serif;\"><span style=\"font-size: small;\">.<\/span><\/span><\/span><i> <\/i><span style=\"color: #333333;\"><span style=\"font-family: 'Helvetica Neue', 'Malgun Gothic', sans-serif;\"><span style=\"font-size: small;\">&#8220;<\/span><\/span><\/span><span style=\"color: #333333;\"><span style=\"font-family: 'Helvetica Neue', 'Malgun Gothic', sans-serif;\"><span style=\"font-size: small;\"><i>Si tratta di una decisione vincolante&#8221;<\/i><\/span><\/span><\/span><span style=\"color: #333333;\"><span style=\"font-family: 'Helvetica Neue', 'Malgun Gothic', sans-serif;\"><span style=\"font-size: small;\">, spiega a <em>R<\/em><\/span><\/span><\/span><em><span style=\"color: #333333;\"><span style=\"font-family: 'Helvetica Neue', 'Malgun Gothic', sans-serif;\"><span style=\"font-size: small;\">eporterre<\/span><\/span><\/span><\/em><span style=\"color: #333333;\"><span style=\"font-family: 'Helvetica Neue', 'Malgun Gothic', sans-serif;\"><span style=\"font-size: small;\"><em>\u00a0<\/em>Dennis Van Berkel, dell&#8217;organizzazione non governativa <\/span><\/span><\/span><span style=\"color: #000080;\"><span lang=\"zxx\"><a href=\"http:\/\/www.urgenda.nl\/en\/#_blank\"><span style=\"color: #217dd3;\"><span style=\"font-size: small;\">Urgenda<\/span><\/span><\/a><\/span><\/span><span style=\"color: #333333;\"><span style=\"font-family: 'Helvetica Neue', 'Malgun Gothic', sans-serif;\"><span style=\"font-size: small;\">, che ha coordinato l&#8217;azione legale. I 900 ricorrenti olandesi avevano chiesto alla magistrature di definire come <\/span><\/span><\/span><span style=\"color: #333333;\"><span style=\"font-family: 'Helvetica Neue', 'Malgun Gothic', sans-serif;\"><span style=\"font-size: small;\"><i>&#8220;violazione dei diritti umani\u201d <\/i><\/span><\/span><\/span><span style=\"color: #333333;\"><span style=\"font-family: 'Helvetica Neue', 'Malgun Gothic', sans-serif;\"><span style=\"font-size: small;\">un riscaldamento climatico superiore ai 2\u00b0c entro la fine del secolo.<\/span><\/span><\/span><\/p>\n<dl>\n<dt><img loading=\"lazy\" decoding=\"async\" src=\"http:\/\/reporterre.net\/local\/cache-vignettes\/L700xH467\/la_joie_a_la_sortie_du_tribunal_v_1-0af72.jpg\" alt=\"\" width=\"640\" height=\"434\" name=\"immagini1\" align=\"BOTTOM\" border=\"0\" \/><\/dt>\n<dt><strong><span style=\"color: #333333;\"><span style=\"font-family: 'Helvetica Neue', 'Malgun Gothic', sans-serif;\"><span style=\"font-size: small;\">La gioia degli attivisti Urgenda all&#8217;uscita del processo<\/span><\/span><\/span><\/strong><\/dt>\n<\/dl>\n<p style=\"text-align: justify;\"><span style=\"color: #333333;\"><span style=\"font-family: 'Helvetica Neue', 'Malgun Gothic', sans-serif;\"><span style=\"font-size: small;\">Il tribunale, spiega Urgenda in un comunicato stampa, ha in effetti ricordato che lo stato \u201d<\/span><\/span><\/span><span style=\"color: #333333;\"><span style=\"font-family: 'Helvetica Neue', 'Malgun Gothic', sans-serif;\"><span style=\"font-size: small;\"><i>\u00e8 te<\/i><\/span><\/span><\/span><span style=\"color: #333333;\"><span style=\"font-family: 'Helvetica Neue', 'Malgun Gothic', sans-serif;\"><span style=\"font-size: small;\"><i>nuto per legge a proteggere i propri cittadini\u201d.<\/i><\/span><\/span><\/span><span style=\"color: #333333;\"><span style=\"font-family: 'Helvetica Neue', 'Malgun Gothic', sans-serif;\"><span style=\"font-size: small;\"> Lo stato olandese, d\u2019altra parte, non ha finora formalizzato alcun impegno specifico sulle emissioni di gas serra del paese, sostenendo di voler aspettare i risultati della<\/span><\/span><\/span><span style=\"color: #000080;\"><span lang=\"zxx\"><a href=\"http:\/\/www.cop21.gouv.fr\/#_blank\"><span style=\"color: #217dd3;\"><span style=\"font-size: small;\"> Cop21<\/span><\/span><\/a><\/span><\/span><span style=\"color: #333333;\"><span style=\"font-family: 'Helvetica Neue', 'Malgun Gothic', sans-serif;\"><span style=\"font-size: small;\">, conferenza delle Nazioni Unite sui cambiamenti climatici, che avr\u00e0 luogo dal 30 novembre al 15 dicembre 2015 a Parigi. Inoltre, i Paesi Bassi rimangono tra i meno avanzati in Europa nel campo della produzione di energia da fonti rinnovabili: solo Malta e Lussemburgo stanno peggio.<\/span><\/span><\/span><\/p>\n<p style=\"text-align: justify;\"><span style=\"color: #333333;\"><span style=\"font-family: 'Helvetica Neue', 'Malgun Gothic', sans-serif;\"><span style=\"font-size: small;\">L&#8217;avvocato della difesa durante il processo ha sostenuto davanti alla Corte che \u201c<\/span><\/span><\/span><span style=\"color: #333333;\"><span style=\"font-family: 'Helvetica Neue', 'Malgun Gothic', sans-serif;\"><span style=\"font-size: small;\"><i>le decisioni della magistratura non devono interferire con l&#8217;azione del governo, perch\u00e9 indicare un livello di riduzione specifico presuppone valutazioni politiche la cui responsabilit\u00e0, in una democrazia, poggia sulle spalle del governo e del Parlamento&#8221;<\/i><\/span><\/span><\/span><span style=\"color: #333333;\"><span style=\"font-family: 'Helvetica Neue', 'Malgun Gothic', sans-serif;\"><span style=\"font-size: small;\">.<\/span><\/span><\/span><\/p>\n<dl>\n<dt><img loading=\"lazy\" decoding=\"async\" src=\"http:\/\/reporterre.net\/local\/cache-vignettes\/L700xH467\/audience_v_1-98100.jpg\" alt=\"\" width=\"633\" height=\"453\" name=\"immagini2\" align=\"BOTTOM\" border=\"0\" \/><\/dt>\n<dt><strong><span style=\"color: #333333;\"><span style=\"font-family: 'Helvetica Neue', 'Malgun Gothic', sans-serif;\"><span style=\"font-size: small;\">L&#8217;udienza presso il Tribunale dell&#8217;Aia<\/span><\/span><\/span><\/strong><\/dt>\n<\/dl>\n<p style=\"text-align: justify;\"><span style=\"color: #333333;\"><span style=\"font-family: 'Helvetica Neue', 'Malgun Gothic', sans-serif;\"><span style=\"font-size: small;\"><i>&#8220;In un paese democratico basato sullo stato di diritto\u201d <\/i><\/span><\/span><\/span><span style=\"color: #333333;\"><span style=\"font-family: 'Helvetica Neue', 'Malgun Gothic', sans-serif;\"><span style=\"font-size: small;\">ha\u00a0risposto<\/span><\/span><\/span><span style=\"color: #333333;\"><span style=\"font-family: 'Helvetica Neue', 'Malgun Gothic', sans-serif;\"><span style=\"font-size: small;\"> l&#8217;avvocato di Urgenda,\u00a0\u201d<\/span><\/span><\/span><span style=\"color: #333333;\"><span style=\"font-family: 'Helvetica Neue', 'Malgun Gothic', sans-serif;\"><span style=\"font-size: small;\"><i>anche un governo eletto dal popolo \u00e8 soggetto alla legge. La magistratura \u00e8 dunque tenuta a far rispettare questo principio e correggere l&#8217;azione del potere pubblico ove necessario\u201d.<\/i><\/span><\/span><\/span><\/p>\n<p style=\"text-align: justify;\"><span style=\"color: #333333;\"><span style=\"font-family: 'Helvetica Neue', 'Malgun Gothic', sans-serif;\"><span style=\"font-size: small;\"><i>&#8220;Se la politica non \u00e8 in grado di cambiare lo stato delle cose, tocca ai giudici pronunciarsi&#8221;<\/i><\/span><\/span><\/span><span style=\"color: #333333;\"><span style=\"font-family: 'Helvetica Neue', 'Malgun Gothic', sans-serif;\"><span style=\"font-size: small;\">, ha aggiunto Liesbeth van Tongeren, deputata del partito Groenlinks <\/span><\/span><\/span><span style=\"color: #333333;\"><span style=\"font-family: 'Helvetica Neue', 'Malgun Gothic', sans-serif;\"><span style=\"font-size: small;\"><i>(Sinistra verde)<\/i><\/span><\/span><\/span><span style=\"color: #333333;\"><span style=\"font-family: 'Helvetica Neue', 'Malgun Gothic', sans-serif;\"><span style=\"font-size: small;\">.<\/span><\/span><\/span><\/p>\n<p style=\"text-align: justify;\"><span style=\"color: #333333;\"><span style=\"font-family: 'Helvetica Neue', 'Malgun Gothic', sans-serif;\"><span style=\"font-size: small;\">In conclusione, il Tribunale dell&#8217;Aia ha sancito la legittimit\u00e0 delle richieste dei cittadini, chiedendo al governo di<\/span><\/span><\/span><span style=\"color: #333333;\"><span style=\"font-family: 'Helvetica Neue', 'Malgun Gothic', sans-serif;\"><span style=\"font-size: small;\"><i> \u201cmettere in atto quelle azioni che lo stesso governo aveva indicato come necessarie per combattere il pericoloso cambiamento climatico, e in particolare ridurre ulteriormente le emissioni di CO2, visto che, sulla base delle politiche attuali, entro il 2020 si arriverebbe ad una diminuzione del 16% soltanto rispetto al 1990\u201d<\/i><\/span><\/span><\/span><span style=\"color: #333333;\"><span style=\"font-family: 'Helvetica Neue', 'Malgun Gothic', sans-serif;\"><span style=\"font-size: small;\">.<\/span><\/span><\/span><\/p>\n<p style=\"text-align: justify;\"><span style=\"color: #333333;\"><span style=\"font-family: 'Helvetica Neue', 'Malgun Gothic', sans-serif;\"><span style=\"font-size: small;\">Questa riduzione, continua il Tribunale,\u00a0\u201d<\/span><\/span><\/span><span style=\"color: #333333;\"><span style=\"font-family: 'Helvetica Neue', 'Malgun Gothic', sans-serif;\"><span style=\"font-size: small;\"><i>\u00e8 considerata indispensabile sia dalle organizzazioni internazionali sia dagli scienziati\u201d<\/i><\/span><\/span><\/span><span style=\"color: #333333;\"><span style=\"font-family: 'Helvetica Neue', 'Malgun Gothic', sans-serif;\"><span style=\"font-size: small;\">, e i costi da sostenere per raggiungere tale obiettivo non ammontano a livelli\u00a0\u201d<\/span><\/span><\/span><span style=\"color: #333333;\"><span style=\"font-family: 'Helvetica Neue', 'Malgun Gothic', sans-serif;\"><span style=\"font-size: small;\"><i>inconcepibili\u201d<\/i><\/span><\/span><\/span><span style=\"color: #333333;\"><span style=\"font-family: 'Helvetica Neue', 'Malgun Gothic', sans-serif;\"><span style=\"font-size: small;\">. Inoltre, aggiunge Urgenda, \u201c<\/span><\/span><\/span><span style=\"color: #333333;\"><span style=\"font-family: 'Helvetica Neue', 'Malgun Gothic', sans-serif;\"><span style=\"font-size: small;\"><i>gli obiettivi sono assolutamente abbordabili, tenendo conto del fatto che altri paesi, come la Danimarca o la Germania, hanno messo in atto politiche che garantiranno una diminuzione delle emissioni del 40% entro il 2020.&#8221;<\/i><\/span><\/span><\/span><\/p>\n<h3 class=\"western\" style=\"text-align: justify;\"><span style=\"color: #333333;\"><span style=\"font-family: 'Helvetica Neue', 'Malgun Gothic', sans-serif;\"><span style=\"font-size: large;\">Se i politici non agiscono, i tribunali possono intervenire<\/span><\/span><\/span><\/h3>\n<p style=\"text-align: justify;\"><span style=\"color: #333333;\"><span style=\"font-family: 'Helvetica Neue', 'Malgun Gothic', sans-serif;\"><span style=\"font-size: small;\">Urgenda, al fine di condividere la propria esperienza, sta provvedendo alla traduzione in inglese di tutta la documentazione legale. Altre organizzazioni di cittadini, in Europa, hanno iniziato azioni simili ([\u00e8 il caso del Belgio -&gt;<\/span><\/span><\/span><span style=\"color: #000080;\"><span lang=\"zxx\"><a href=\"http:\/\/www.humanite.fr\/climat-le-recours-la-justice-contre-les-grands-discours-571729#_blank\"><span style=\"color: #217dd3;\"><span style=\"font-size: small;\">http:\/\/www.humanite.fr\/climat-le-recours-la-justice-contre-les-grands-discours-571729<\/span><\/span><\/a><\/span><\/span><span style=\"color: #333333;\"><span style=\"font-family: 'Helvetica Neue', 'Malgun Gothic', sans-serif;\"><span style=\"font-size: small;\">]) o le stanno preparando, come in Norvegia.\u00a0\u201d<\/span><\/span><\/span><span style=\"color: #333333;\"><span style=\"font-family: 'Helvetica Neue', 'Malgun Gothic', sans-serif;\"><span style=\"font-size: small;\"><i>Milioni di persone gi\u00e0 colpite dalle conseguenze del cambiamento climatico sperano che coloro che hanno causato le emissioni nocive intervengano per ridurle<\/i><\/span><\/span><\/span><span style=\"color: #333333;\"><span style=\"font-family: 'Helvetica Neue', 'Malgun Gothic', sans-serif;\"><span style=\"font-size: small;\">.<\/span><\/span><\/span><span style=\"color: #333333;\"><span style=\"font-family: 'Helvetica Neue', 'Malgun Gothic', sans-serif;\"><span style=\"font-size: small;\"><i> Questo verdetto fornisce una grande risorsa per preparare le azioni legali\u201d<\/i><\/span><\/span><\/span><span style=\"color: #333333;\"><span style=\"font-family: 'Helvetica Neue', 'Malgun Gothic', sans-serif;\"><span style=\"font-size: small;\">, sostiene Marjan Minnesma, direttore di Urgenda, che, con un team di avvocati, aveva cominciato a studiare la denuncia nel 2013.<\/span><\/span><\/span><\/p>\n<dl>\n<dt><img loading=\"lazy\" decoding=\"async\" src=\"http:\/\/reporterre.net\/local\/cache-vignettes\/L432xH648\/marjan_minnesma_v_1-2-ee8b9.jpg\" alt=\"\" width=\"432\" height=\"648\" name=\"immagini3\" align=\"BOTTOM\" border=\"0\" \/><\/dt>\n<dt><strong><span style=\"color: #333333;\"><span style=\"font-family: 'Helvetica Neue', 'Malgun Gothic', sans-serif;\"><span style=\"font-size: small;\">Marjan Minnesma<\/span><\/span><\/span><\/strong><\/dt>\n<\/dl>\n<p style=\"text-align: justify;\"><span style=\"color: #333333;\">\u201c<\/span><span style=\"color: #333333;\"><span style=\"font-family: 'Helvetica Neue', 'Malgun Gothic', sans-serif;\"><span style=\"font-size: small;\"><i>Questa \u00e8 una sentenza rivoluzionaria per la battaglia\u00a0ecologica\u201d<\/i><\/span><\/span><\/span><span style=\"color: #333333;\"><span style=\"font-family: 'Helvetica Neue', 'Malgun Gothic', sans-serif;\"><span style=\"font-size: small;\">, secondo Fahmy Oulahsen, di Greenpeace-Paesi Bassi.\u00a0\u201d<\/span><\/span><\/span><span style=\"color: #333333;\"><span style=\"font-family: 'Helvetica Neue', 'Malgun Gothic', sans-serif;\"><span style=\"font-size: small;\"><i>Il giudice olandese \u00e8 stato molto chiaro: il governo \u00e8 obbligato per legge a proteggere i propri cittadini contro le minacce legate al clima. Adesso queste azioni legali si moltiplicheranno nel mondo. I politici che si riuniranno a dicembre a Parigi dovrebbero tener conto di questa sentenza\u201d.<\/i><\/span><\/span><\/span><\/p>\n<p style=\"text-align: justify;\"><span style=\"color: #333333;\"><span style=\"font-family: 'Helvetica Neue', 'Malgun Gothic', sans-serif;\"><span style=\"font-size: small;\">Secondo Marjan Minnesma,\u00a0\u201d<\/span><\/span><\/span><span style=\"color: #333333;\"><span style=\"font-family: 'Helvetica Neue', 'Malgun Gothic', sans-serif;\"><span style=\"font-size: small;\"><i>il cambiamento climatico \u00e8 un problema enorme che deve essere affrontato con maggior efficacia<\/i><\/span><\/span><\/span><span style=\"color: #333333;\"><span style=\"font-family: 'Helvetica Neue', 'Malgun Gothic', sans-serif;\"><span style=\"font-size: small;\">.<\/span><\/span><\/span><span style=\"color: #333333;\"><span style=\"font-family: 'Helvetica Neue', 'Malgun Gothic', sans-serif;\"><span style=\"font-size: small;\"><i> E se i politici non si impegnano su questo cammino, sono i giudici ad intervenire\u201d.<\/i><\/span><\/span><\/span><\/p>\n<p>Traduzione dal francese di <a href=\"http:\/\/it.linkedin.com\/pub\/giuseppina-vecchia\/2b\/942\/802\/en\">Giuseppina Vecchia<\/a> per Pressenza<\/p>\n","protected":false},"excerpt":{"rendered":"<p>Si tratta di una vittoria storica per la popolazione olandese e per quella europea. Un tribunale dell&#8217;Aia, al quale si erano rivolti novecento cittadini, ha imposto, mercoled\u00ec 24 giugno, allo stato olandese di ridurre le emissioni di gas a effetto&hellip;<\/p>\n","protected":false},"author":1138,"featured_media":196622,"comment_status":"closed","ping_status":"open","sticky":false,"template":"","format":"standard","meta":{"footnotes":""},"categories":[60,59,47,38],"tags":[6933,897,13696],"class_list":["post-196652","post","type-post","status-publish","format-standard","has-post-thumbnail","hentry","category-diritti-umani","category-ambiente-ecologia","category-europa","category-internazionale","tag-cambiamenti-climatici","tag-diritti-umani","tag-ecologia-e-ambiente"],"yoast_head":"<!-- This site is optimized with the Yoast SEO plugin v27.1.1 - https:\/\/yoast.com\/product\/yoast-seo-wordpress\/ -->\n<title>Sentenza storica di tribunale olandese: lo stato tenuto ad agire contro i cambiamenti climatici<\/title>\n<meta name=\"description\" content=\"Si tratta di una vittoria storica per la popolazione olandese e per quella europea. Un tribunale dell&#039;Aia, al quale si erano rivolti novecento cittadini,\" \/>\n<meta name=\"robots\" content=\"index, follow, max-snippet:-1, max-image-preview:large, max-video-preview:-1\" \/>\n<link rel=\"canonical\" href=\"https:\/\/www.pressenza.com\/it\/2015\/06\/sentenza-storica-di-tribunale-olandese-lo-stato-tenuto-ad-agire-contro-i-cambiamenti-climatici\/\" \/>\n<meta property=\"og:locale\" content=\"it_IT\" \/>\n<meta property=\"og:type\" content=\"article\" \/>\n<meta property=\"og:title\" content=\"Sentenza storica di tribunale olandese: lo stato tenuto ad agire contro i cambiamenti climatici\" \/>\n<meta property=\"og:description\" content=\"Si tratta di una vittoria storica per la popolazione olandese e per quella europea. Un tribunale dell&#039;Aia, al quale si erano rivolti novecento cittadini,\" \/>\n<meta property=\"og:url\" content=\"https:\/\/www.pressenza.com\/it\/2015\/06\/sentenza-storica-di-tribunale-olandese-lo-stato-tenuto-ad-agire-contro-i-cambiamenti-climatici\/\" \/>\n<meta property=\"og:site_name\" content=\"Pressenza\" \/>\n<meta property=\"article:publisher\" content=\"https:\/\/www.facebook.com\/PressenzaItalia\" \/>\n<meta property=\"article:published_time\" content=\"2015-06-25T16:00:06+00:00\" \/>\n<meta property=\"article:modified_time\" content=\"2015-06-25T16:12:49+00:00\" \/>\n<meta property=\"og:image\" content=\"https:\/\/www.pressenza.com\/wp-content\/uploads\/2015\/06\/arton7752-fb1fa.jpg\" \/>\n\t<meta property=\"og:image:width\" content=\"720\" \/>\n\t<meta property=\"og:image:height\" content=\"480\" \/>\n\t<meta property=\"og:image:type\" content=\"image\/jpeg\" \/>\n<meta name=\"author\" content=\"Reporterre, le quotidien de l\u2019\u00e9cologie\" \/>\n<meta name=\"twitter:card\" content=\"summary_large_image\" \/>\n<meta name=\"twitter:creator\" content=\"@reporterre\" \/>\n<meta name=\"twitter:site\" content=\"@PressenzaIPA\" \/>\n<meta name=\"twitter:label1\" content=\"Scritto da\" \/>\n\t<meta name=\"twitter:data1\" content=\"Reporterre, le quotidien de l\u2019\u00e9cologie\" \/>\n\t<meta name=\"twitter:label2\" content=\"Tempo di lettura stimato\" \/>\n\t<meta name=\"twitter:data2\" content=\"3 minuti\" \/>\n<script type=\"application\/ld+json\" class=\"yoast-schema-graph\">{\"@context\":\"https:\/\/schema.org\",\"@graph\":[{\"@type\":\"Article\",\"@id\":\"https:\/\/www.pressenza.com\/it\/2015\/06\/sentenza-storica-di-tribunale-olandese-lo-stato-tenuto-ad-agire-contro-i-cambiamenti-climatici\/#article\",\"isPartOf\":{\"@id\":\"https:\/\/www.pressenza.com\/it\/2015\/06\/sentenza-storica-di-tribunale-olandese-lo-stato-tenuto-ad-agire-contro-i-cambiamenti-climatici\/\"},\"author\":{\"name\":\"Reporterre, le quotidien de l\u2019\u00e9cologie\",\"@id\":\"https:\/\/www.pressenza.com\/it\/#\/schema\/person\/de7a73acc724ec52aecb29649b65b9bc\"},\"headline\":\"Sentenza storica di tribunale olandese: lo stato tenuto ad agire contro i cambiamenti climatici\",\"datePublished\":\"2015-06-25T16:00:06+00:00\",\"dateModified\":\"2015-06-25T16:12:49+00:00\",\"mainEntityOfPage\":{\"@id\":\"https:\/\/www.pressenza.com\/it\/2015\/06\/sentenza-storica-di-tribunale-olandese-lo-stato-tenuto-ad-agire-contro-i-cambiamenti-climatici\/\"},\"wordCount\":696,\"publisher\":{\"@id\":\"https:\/\/www.pressenza.com\/it\/#organization\"},\"image\":{\"@id\":\"https:\/\/www.pressenza.com\/it\/2015\/06\/sentenza-storica-di-tribunale-olandese-lo-stato-tenuto-ad-agire-contro-i-cambiamenti-climatici\/#primaryimage\"},\"thumbnailUrl\":\"https:\/\/www.pressenza.com\/wp-content\/uploads\/2015\/06\/arton7752-fb1fa.jpg\",\"keywords\":[\"cambiamenti climatici\",\"diritti umani\",\"ecologia e ambiente\"],\"articleSection\":[\"Diritti Umani\",\"Ecologia ed Ambiente\",\"Europa\",\"Internazionale\"],\"inLanguage\":\"it-IT\"},{\"@type\":\"WebPage\",\"@id\":\"https:\/\/www.pressenza.com\/it\/2015\/06\/sentenza-storica-di-tribunale-olandese-lo-stato-tenuto-ad-agire-contro-i-cambiamenti-climatici\/\",\"url\":\"https:\/\/www.pressenza.com\/it\/2015\/06\/sentenza-storica-di-tribunale-olandese-lo-stato-tenuto-ad-agire-contro-i-cambiamenti-climatici\/\",\"name\":\"Sentenza storica di tribunale olandese: lo stato tenuto ad agire contro i cambiamenti climatici\",\"isPartOf\":{\"@id\":\"https:\/\/www.pressenza.com\/it\/#website\"},\"primaryImageOfPage\":{\"@id\":\"https:\/\/www.pressenza.com\/it\/2015\/06\/sentenza-storica-di-tribunale-olandese-lo-stato-tenuto-ad-agire-contro-i-cambiamenti-climatici\/#primaryimage\"},\"image\":{\"@id\":\"https:\/\/www.pressenza.com\/it\/2015\/06\/sentenza-storica-di-tribunale-olandese-lo-stato-tenuto-ad-agire-contro-i-cambiamenti-climatici\/#primaryimage\"},\"thumbnailUrl\":\"https:\/\/www.pressenza.com\/wp-content\/uploads\/2015\/06\/arton7752-fb1fa.jpg\",\"datePublished\":\"2015-06-25T16:00:06+00:00\",\"dateModified\":\"2015-06-25T16:12:49+00:00\",\"description\":\"Si tratta di una vittoria storica per la popolazione olandese e per quella europea. Un tribunale dell'Aia, al quale si erano rivolti novecento cittadini,\",\"breadcrumb\":{\"@id\":\"https:\/\/www.pressenza.com\/it\/2015\/06\/sentenza-storica-di-tribunale-olandese-lo-stato-tenuto-ad-agire-contro-i-cambiamenti-climatici\/#breadcrumb\"},\"inLanguage\":\"it-IT\",\"potentialAction\":[{\"@type\":\"ReadAction\",\"target\":[\"https:\/\/www.pressenza.com\/it\/2015\/06\/sentenza-storica-di-tribunale-olandese-lo-stato-tenuto-ad-agire-contro-i-cambiamenti-climatici\/\"]}]},{\"@type\":\"ImageObject\",\"inLanguage\":\"it-IT\",\"@id\":\"https:\/\/www.pressenza.com\/it\/2015\/06\/sentenza-storica-di-tribunale-olandese-lo-stato-tenuto-ad-agire-contro-i-cambiamenti-climatici\/#primaryimage\",\"url\":\"https:\/\/www.pressenza.com\/wp-content\/uploads\/2015\/06\/arton7752-fb1fa.jpg\",\"contentUrl\":\"https:\/\/www.pressenza.com\/wp-content\/uploads\/2015\/06\/arton7752-fb1fa.jpg\",\"width\":720,\"height\":480},{\"@type\":\"BreadcrumbList\",\"@id\":\"https:\/\/www.pressenza.com\/it\/2015\/06\/sentenza-storica-di-tribunale-olandese-lo-stato-tenuto-ad-agire-contro-i-cambiamenti-climatici\/#breadcrumb\",\"itemListElement\":[{\"@type\":\"ListItem\",\"position\":1,\"name\":\"Accueil\",\"item\":\"https:\/\/www.pressenza.com\/it\/\"},{\"@type\":\"ListItem\",\"position\":2,\"name\":\"Sentenza storica di tribunale olandese: lo stato tenuto ad agire contro i cambiamenti climatici\"}]},{\"@type\":\"WebSite\",\"@id\":\"https:\/\/www.pressenza.com\/it\/#website\",\"url\":\"https:\/\/www.pressenza.com\/it\/\",\"name\":\"Pressenza\",\"description\":\"Agenzia di Stampa Internazionale\",\"publisher\":{\"@id\":\"https:\/\/www.pressenza.com\/it\/#organization\"},\"potentialAction\":[{\"@type\":\"SearchAction\",\"target\":{\"@type\":\"EntryPoint\",\"urlTemplate\":\"https:\/\/www.pressenza.com\/it\/?s={search_term_string}\"},\"query-input\":{\"@type\":\"PropertyValueSpecification\",\"valueRequired\":true,\"valueName\":\"search_term_string\"}}],\"inLanguage\":\"it-IT\"},{\"@type\":\"Organization\",\"@id\":\"https:\/\/www.pressenza.com\/it\/#organization\",\"name\":\"Pressenza\",\"url\":\"https:\/\/www.pressenza.com\/it\/\",\"logo\":{\"@type\":\"ImageObject\",\"inLanguage\":\"it-IT\",\"@id\":\"https:\/\/www.pressenza.com\/it\/#\/schema\/logo\/image\/\",\"url\":\"https:\/\/www.pressenza.com\/wp-content\/uploads\/2022\/10\/pressenza_logo_200x200.jpg\",\"contentUrl\":\"https:\/\/www.pressenza.com\/wp-content\/uploads\/2022\/10\/pressenza_logo_200x200.jpg\",\"width\":200,\"height\":200,\"caption\":\"Pressenza\"},\"image\":{\"@id\":\"https:\/\/www.pressenza.com\/it\/#\/schema\/logo\/image\/\"},\"sameAs\":[\"https:\/\/www.facebook.com\/PressenzaItalia\",\"https:\/\/x.com\/PressenzaIPA\"]},{\"@type\":\"Person\",\"@id\":\"https:\/\/www.pressenza.com\/it\/#\/schema\/person\/de7a73acc724ec52aecb29649b65b9bc\",\"name\":\"Reporterre, le quotidien de l\u2019\u00e9cologie\",\"description\":\"Reporterre propose des informations claires et pertinentes sur l\u2019\u00e9cologie dans ses dimensions politique et sociale, ainsi qu\u2019un espace de tribunes pour r\u00e9fl\u00e9chir et d\u00e9battre. Pour nous, l\u2019\u00e9cologie ne peut se r\u00e9duire \u00e0 des questions de nature et de pollution - m\u00eame si nous suivons attentivement ces questions vitales. L\u2019\u00e9cologie engage le destin commun, engage l\u2019avenir, sa situation d\u00e9coule largement des rapports sociaux. Reporterre entend aussi relayer toutes les initiatives qui montrent que les alternatives au syst\u00e8me dominant sont possibles et r\u00e9alistes. www.reporterre.net\",\"sameAs\":[\"http:\/\/www.reporterre.net\/\",\"https:\/\/x.com\/@reporterre\"],\"url\":\"https:\/\/www.pressenza.com\/it\/author\/reporterre\/\"}]}<\/script>\n<!-- \/ Yoast SEO plugin. -->","yoast_head_json":{"title":"Sentenza storica di tribunale olandese: lo stato tenuto ad agire contro i cambiamenti climatici","description":"Si tratta di una vittoria storica per la popolazione olandese e per quella europea. Un tribunale dell'Aia, al quale si erano rivolti novecento cittadini,","robots":{"index":"index","follow":"follow","max-snippet":"max-snippet:-1","max-image-preview":"max-image-preview:large","max-video-preview":"max-video-preview:-1"},"canonical":"https:\/\/www.pressenza.com\/it\/2015\/06\/sentenza-storica-di-tribunale-olandese-lo-stato-tenuto-ad-agire-contro-i-cambiamenti-climatici\/","og_locale":"it_IT","og_type":"article","og_title":"Sentenza storica di tribunale olandese: lo stato tenuto ad agire contro i cambiamenti climatici","og_description":"Si tratta di una vittoria storica per la popolazione olandese e per quella europea. Un tribunale dell'Aia, al quale si erano rivolti novecento cittadini,","og_url":"https:\/\/www.pressenza.com\/it\/2015\/06\/sentenza-storica-di-tribunale-olandese-lo-stato-tenuto-ad-agire-contro-i-cambiamenti-climatici\/","og_site_name":"Pressenza","article_publisher":"https:\/\/www.facebook.com\/PressenzaItalia","article_published_time":"2015-06-25T16:00:06+00:00","article_modified_time":"2015-06-25T16:12:49+00:00","og_image":[{"width":720,"height":480,"url":"https:\/\/www.pressenza.com\/wp-content\/uploads\/2015\/06\/arton7752-fb1fa.jpg","type":"image\/jpeg"}],"author":"Reporterre, le quotidien de l\u2019\u00e9cologie","twitter_card":"summary_large_image","twitter_creator":"@reporterre","twitter_site":"@PressenzaIPA","twitter_misc":{"Scritto da":"Reporterre, le quotidien de l\u2019\u00e9cologie","Tempo di lettura stimato":"3 minuti"},"schema":{"@context":"https:\/\/schema.org","@graph":[{"@type":"Article","@id":"https:\/\/www.pressenza.com\/it\/2015\/06\/sentenza-storica-di-tribunale-olandese-lo-stato-tenuto-ad-agire-contro-i-cambiamenti-climatici\/#article","isPartOf":{"@id":"https:\/\/www.pressenza.com\/it\/2015\/06\/sentenza-storica-di-tribunale-olandese-lo-stato-tenuto-ad-agire-contro-i-cambiamenti-climatici\/"},"author":{"name":"Reporterre, le quotidien de l\u2019\u00e9cologie","@id":"https:\/\/www.pressenza.com\/it\/#\/schema\/person\/de7a73acc724ec52aecb29649b65b9bc"},"headline":"Sentenza storica di tribunale olandese: lo stato tenuto ad agire contro i cambiamenti climatici","datePublished":"2015-06-25T16:00:06+00:00","dateModified":"2015-06-25T16:12:49+00:00","mainEntityOfPage":{"@id":"https:\/\/www.pressenza.com\/it\/2015\/06\/sentenza-storica-di-tribunale-olandese-lo-stato-tenuto-ad-agire-contro-i-cambiamenti-climatici\/"},"wordCount":696,"publisher":{"@id":"https:\/\/www.pressenza.com\/it\/#organization"},"image":{"@id":"https:\/\/www.pressenza.com\/it\/2015\/06\/sentenza-storica-di-tribunale-olandese-lo-stato-tenuto-ad-agire-contro-i-cambiamenti-climatici\/#primaryimage"},"thumbnailUrl":"https:\/\/www.pressenza.com\/wp-content\/uploads\/2015\/06\/arton7752-fb1fa.jpg","keywords":["cambiamenti climatici","diritti umani","ecologia e ambiente"],"articleSection":["Diritti Umani","Ecologia ed Ambiente","Europa","Internazionale"],"inLanguage":"it-IT"},{"@type":"WebPage","@id":"https:\/\/www.pressenza.com\/it\/2015\/06\/sentenza-storica-di-tribunale-olandese-lo-stato-tenuto-ad-agire-contro-i-cambiamenti-climatici\/","url":"https:\/\/www.pressenza.com\/it\/2015\/06\/sentenza-storica-di-tribunale-olandese-lo-stato-tenuto-ad-agire-contro-i-cambiamenti-climatici\/","name":"Sentenza storica di tribunale olandese: lo stato tenuto ad agire contro i cambiamenti climatici","isPartOf":{"@id":"https:\/\/www.pressenza.com\/it\/#website"},"primaryImageOfPage":{"@id":"https:\/\/www.pressenza.com\/it\/2015\/06\/sentenza-storica-di-tribunale-olandese-lo-stato-tenuto-ad-agire-contro-i-cambiamenti-climatici\/#primaryimage"},"image":{"@id":"https:\/\/www.pressenza.com\/it\/2015\/06\/sentenza-storica-di-tribunale-olandese-lo-stato-tenuto-ad-agire-contro-i-cambiamenti-climatici\/#primaryimage"},"thumbnailUrl":"https:\/\/www.pressenza.com\/wp-content\/uploads\/2015\/06\/arton7752-fb1fa.jpg","datePublished":"2015-06-25T16:00:06+00:00","dateModified":"2015-06-25T16:12:49+00:00","description":"Si tratta di una vittoria storica per la popolazione olandese e per quella europea. Un tribunale dell'Aia, al quale si erano rivolti novecento cittadini,","breadcrumb":{"@id":"https:\/\/www.pressenza.com\/it\/2015\/06\/sentenza-storica-di-tribunale-olandese-lo-stato-tenuto-ad-agire-contro-i-cambiamenti-climatici\/#breadcrumb"},"inLanguage":"it-IT","potentialAction":[{"@type":"ReadAction","target":["https:\/\/www.pressenza.com\/it\/2015\/06\/sentenza-storica-di-tribunale-olandese-lo-stato-tenuto-ad-agire-contro-i-cambiamenti-climatici\/"]}]},{"@type":"ImageObject","inLanguage":"it-IT","@id":"https:\/\/www.pressenza.com\/it\/2015\/06\/sentenza-storica-di-tribunale-olandese-lo-stato-tenuto-ad-agire-contro-i-cambiamenti-climatici\/#primaryimage","url":"https:\/\/www.pressenza.com\/wp-content\/uploads\/2015\/06\/arton7752-fb1fa.jpg","contentUrl":"https:\/\/www.pressenza.com\/wp-content\/uploads\/2015\/06\/arton7752-fb1fa.jpg","width":720,"height":480},{"@type":"BreadcrumbList","@id":"https:\/\/www.pressenza.com\/it\/2015\/06\/sentenza-storica-di-tribunale-olandese-lo-stato-tenuto-ad-agire-contro-i-cambiamenti-climatici\/#breadcrumb","itemListElement":[{"@type":"ListItem","position":1,"name":"Accueil","item":"https:\/\/www.pressenza.com\/it\/"},{"@type":"ListItem","position":2,"name":"Sentenza storica di tribunale olandese: lo stato tenuto ad agire contro i cambiamenti climatici"}]},{"@type":"WebSite","@id":"https:\/\/www.pressenza.com\/it\/#website","url":"https:\/\/www.pressenza.com\/it\/","name":"Pressenza","description":"Agenzia di Stampa Internazionale","publisher":{"@id":"https:\/\/www.pressenza.com\/it\/#organization"},"potentialAction":[{"@type":"SearchAction","target":{"@type":"EntryPoint","urlTemplate":"https:\/\/www.pressenza.com\/it\/?s={search_term_string}"},"query-input":{"@type":"PropertyValueSpecification","valueRequired":true,"valueName":"search_term_string"}}],"inLanguage":"it-IT"},{"@type":"Organization","@id":"https:\/\/www.pressenza.com\/it\/#organization","name":"Pressenza","url":"https:\/\/www.pressenza.com\/it\/","logo":{"@type":"ImageObject","inLanguage":"it-IT","@id":"https:\/\/www.pressenza.com\/it\/#\/schema\/logo\/image\/","url":"https:\/\/www.pressenza.com\/wp-content\/uploads\/2022\/10\/pressenza_logo_200x200.jpg","contentUrl":"https:\/\/www.pressenza.com\/wp-content\/uploads\/2022\/10\/pressenza_logo_200x200.jpg","width":200,"height":200,"caption":"Pressenza"},"image":{"@id":"https:\/\/www.pressenza.com\/it\/#\/schema\/logo\/image\/"},"sameAs":["https:\/\/www.facebook.com\/PressenzaItalia","https:\/\/x.com\/PressenzaIPA"]},{"@type":"Person","@id":"https:\/\/www.pressenza.com\/it\/#\/schema\/person\/de7a73acc724ec52aecb29649b65b9bc","name":"Reporterre, le quotidien de l\u2019\u00e9cologie","description":"Reporterre propose des informations claires et pertinentes sur l\u2019\u00e9cologie dans ses dimensions politique et sociale, ainsi qu\u2019un espace de tribunes pour r\u00e9fl\u00e9chir et d\u00e9battre. Pour nous, l\u2019\u00e9cologie ne peut se r\u00e9duire \u00e0 des questions de nature et de pollution - m\u00eame si nous suivons attentivement ces questions vitales. L\u2019\u00e9cologie engage le destin commun, engage l\u2019avenir, sa situation d\u00e9coule largement des rapports sociaux. Reporterre entend aussi relayer toutes les initiatives qui montrent que les alternatives au syst\u00e8me dominant sont possibles et r\u00e9alistes. www.reporterre.net","sameAs":["http:\/\/www.reporterre.net\/","https:\/\/x.com\/@reporterre"],"url":"https:\/\/www.pressenza.com\/it\/author\/reporterre\/"}]}},"place":"","original_article_url":"","_links":{"self":[{"href":"https:\/\/www.pressenza.com\/it\/wp-json\/wp\/v2\/posts\/196652","targetHints":{"allow":["GET"]}}],"collection":[{"href":"https:\/\/www.pressenza.com\/it\/wp-json\/wp\/v2\/posts"}],"about":[{"href":"https:\/\/www.pressenza.com\/it\/wp-json\/wp\/v2\/types\/post"}],"author":[{"embeddable":true,"href":"https:\/\/www.pressenza.com\/it\/wp-json\/wp\/v2\/users\/1138"}],"replies":[{"embeddable":true,"href":"https:\/\/www.pressenza.com\/it\/wp-json\/wp\/v2\/comments?post=196652"}],"version-history":[{"count":0,"href":"https:\/\/www.pressenza.com\/it\/wp-json\/wp\/v2\/posts\/196652\/revisions"}],"wp:featuredmedia":[{"embeddable":true,"href":"https:\/\/www.pressenza.com\/it\/wp-json\/wp\/v2\/media\/196622"}],"wp:attachment":[{"href":"https:\/\/www.pressenza.com\/it\/wp-json\/wp\/v2\/media?parent=196652"}],"wp:term":[{"taxonomy":"category","embeddable":true,"href":"https:\/\/www.pressenza.com\/it\/wp-json\/wp\/v2\/categories?post=196652"},{"taxonomy":"post_tag","embeddable":true,"href":"https:\/\/www.pressenza.com\/it\/wp-json\/wp\/v2\/tags?post=196652"}],"curies":[{"name":"wp","href":"https:\/\/api.w.org\/{rel}","templated":true}]}}