{"id":19560,"date":"2012-10-09T21:09:27","date_gmt":"2012-10-09T21:09:27","guid":{"rendered":"http:\/\/www.pressenza.com\/?p=19560"},"modified":"2012-10-11T14:08:51","modified_gmt":"2012-10-11T14:08:51","slug":"non-siamo-debitori-non-pagheremo","status":"publish","type":"post","link":"https:\/\/www.pressenza.com\/it\/2012\/10\/non-siamo-debitori-non-pagheremo\/","title":{"rendered":"Non siamo debitori, non pagheremo. Ora dipende da noi!"},"content":{"rendered":"<p>Proponiamo qui il manifesto integrale dell&#8217;appello per la\u00a0 manifestazione del 13 ottobre.<\/p>\n<p>In questi ultimi mesi, l&#8217;impatto della cosiddetta crisi sulle nostre vite si \u00e8 andato intensificando, mentre i politici non mostrano n\u00e8 volont\u00e0 n\u00e9 capacit\u00e0 di affrontarla. Di conseguenza, noi stiamo costruendo la nostra politica, prendiamo l&#8217;iniziativa per rivelare quello che si nasconde dietro il meccanismo del debito che sostiene il grande imbroglio chiamato crisi. Noi dichiariamo che:<\/p>\n<p><strong>Il debito non \u00e8 n\u00e9 pubblico n\u00e9 legittimo.<\/strong><\/p>\n<p>La crisi del debito, che ha cominciato a colpire veramente gli europei solo a partire dal 2008, non \u00e8 un&#8217; esclusiva dei paesi del nord. Per decenni, il debito \u00e8 stato utilizzato come meccanismo di estorsione e di sottomissione, un mezzo per spogliare gli stati della loro sovranit\u00e0 e trasformarli in schiavi finanziari.<\/p>\n<p>Lungi dal servire alle popolazioni che si sostiene lo abbiano sottoscritto, il debito \u00e8 stato destinato a finanziare gli interessi di poteri finanziari e di grandi imprese private. Non c&#8217;\u00e8 mai stata socializzazione del profitto. Eppure, assistiamo non solo alla socializzazione delle perdite, ma praticamente l&#8217;intero ammontare di esse ricade sulle nostre spalle, sul popolo.<\/p>\n<p>Ci hanno detto che la responsabilit\u00e0 di questa &#8220;crisi-truffa&#8221; \u00e8 nostra, che abbiamo vissuto al di sopra delle nostre possibilit\u00e0. Ma la responsabilit\u00e0 non \u00e8 la stessa, n\u00e9 questa crisi \u00e8 nata per coprire le stesse necessit\u00e0. Il debito delle famiglie rappresenta solo il 20% del totale, ed \u00e8 stato contratto principalmente per l&#8217;acquisto della prima casa (diritto costituzionale che dovrebbe essere garantito dallo stato), mentre oltre il 60% del debito appartiene a banche e grandi imprese (specie nel settore costruzioni), ed \u00e8 stato generato da attivit\u00e0 portate avanti per ottenere profitti. \u00c9 un dato di fatto: l&#8217;1% ha vissuto sopra le possibilit\u00e0 del 99%. Risultato: sfratti in grande scala, tagli nell&#8217;occupazione, nei diritti sociali e persino in quelli civili. Una continua spoliazione dei cittadini al fine di soddisfare il bisogno patologico dei creditori di riavere indietro i loro rischiosi investimenti. Voi avete giocato, voi avete perso. Non siamo noi i debitori, non pagheremo!<\/p>\n<p>Un debito contratto non per fornire servizi pubblici ai cittadini ma per pagare gli errori dei responsabili della truffa \u00e8 ILLEGITTIMO e NON deve essere rimborsato dai cittadini.<\/p>\n<p><strong>Il salvataggio e le sue bugie<\/strong><\/p>\n<p>Il sistema dei salvataggi che si sta portando avanti adesso in Europa, in paesi come il Portogallo, la Grecia, e ora la Spagna, \u00e8 stato utilizzato in precedenza nei paesi del sud del mondo, per decenni, sotto il nome di <strong>&#8220;Piani di aggiustamento strutturale&#8221;<\/strong>. Per far fronte ai debiti fatti da imprese private o istituzioni finanziarie i governi sottoscrivono prestiti con organismi finanziari come il FMI, la Banca Mondiale, e in Europa la BCE o la CEE.<\/p>\n<p>Proseguendo la tradizione di Zapatero, che invent\u00f2 diversi nome per la crisi-truffa, anche il governo di Rajoy evita di nominare il salvataggio (bailout), e va alla ricerca di eufemismi, come &#8220;aiuti al settore bancario&#8221;, &#8220;salvataggio morbido&#8221;, e cos\u00ec via. Comunque lo si chiami, si tratta sempre della stessa cosa: iniezione di capitali per le banche condizionata a misure di austerit\u00e0 (tagli) e riforme strutturali (lavoro, aumento dell&#8217;IVA, e altre riforme fiscali&#8230;), progressivamente applicate dal governo seguendo un piano preciso firmato nel Memorandum d&#8217;intesa (MOU) dal governo spagnolo e dalla Troika. Le misure ivi contemplate non sono temporanee ma permanenti, e sono destinate a smantellare quello che \u00e8 lo &#8220;stato sociale&#8221;, per sostituirlo con un modello di societ\u00e0 neoliberale fino alle sue ultime conseguenze.<\/p>\n<p>Tutto ruota intorno alla necessit\u00e0 di garantire al sistema bancario europeo il recupero dei propri investimenti irresponsabili. Non c\u2019\u00e8 flusso di credito verso le famiglie, o verso le piccole e medie imprese o i lavoratori autonomi; i soldi vanno direttamente a coprire le perdite delle banche e non all&#8217;economia produttiva. Non \u00e8 un salvataggio, \u00e8 il golpe finanziario contro la democrazia. No al salvataggio. Ci salveremo con i soldi di quelli che hanno creato questa truffa.<\/p>\n<p><strong>Tagli, conseguenze del debito<\/strong><\/p>\n<p>Le conseguenze di questo tipo di misure per la popolazione sono chiare, le stiamo gi\u00e0 sopportando e ancora altre ne verranno. Non \u00e8 questione di qualche anno, \u00e8 un processo a lungo termine che sta mettendo a rischio il nostro futuro e quello delle prossime generazioni. Aumento della povert\u00e0 e delle differenze sociali, con maggior impatto sui pi\u00f9 svantaggiati, come donne, migranti, pensionati, i giovani, i bambini. Aumento del prezzo dei beni primari, come acqua, elettricit\u00e0, alimenti. Privatizzazione dei servizi e vendita dei beni comuni. Tagli alla spesa sociale, come i benefici della &#8220;Ley de dependencia&#8221; (legge per il sostegno alla non-autosufficienza), che ha un particolare impatto sugli immigrati e sulle donne che sostengono il peso maggior per l&#8217;assistenza e la cura ai non-autosufficienti e, naturalmente, i disabili stessi. Aumento della disoccupazione in seguito alle riforme del lavoro, dismissione di dipendenti pubblici, tagli al sistema scolastico (aumento della precariet\u00e0 e classi affollate, ecc.). Tagli nel settore della ricerca e dello sviluppo, nella sanit\u00e0 (aumento delle liste d&#8217;attesa, pagamento delle medicine, privatizzazione del sistema sanitario). Tagli alla cultura (aumento dell&#8217;IVA al 21%, cancellazione dei sussidi, ecc).<\/p>\n<p>L&#8217;implementazione di queste misure ingiuste si accompagna alla perdita di sovranit\u00e0. Gli Stati si trovano asserviti ai poteri finanziari, i quali impongono il loro pensiero unico attraverso i mezzi d&#8217;informazione. Siamo bombardati da messaggi sulla costante e illimitata crescita, ma non si parla del fatto che ci troviamo nel bel mezzo di una crisi mondiale senza precedenti che attraversa varie dimensioni: umanitaria, sociale, energetica, alimentare, sanitaria, finanziaria ed economica. Prendendone coscienza, sempre pi\u00f9 voci si alzano a cercare di creare e sviluppare alternative, promuovere uno sciopero generale globale che coinvolga tutti, non solo i lavoratori ma anche studenti, disoccupati, pensionati, migranti, lavoratori del sommerso e collaboratori familiari&#8230; Noi, da qui, chiamiamo tutti alla mobilizzazione.<\/p>\n<p><strong>Alternative, processare i colpevoli<\/strong><\/p>\n<p>Contro questi attacchi, ci siamo organizzati, siamo scesi in piazza per protestare, per creare vere alternative ai problemi imposti dal sistema capitalista. Reti sociali gi\u00e0 esistenti si sono rafforzate, e ne sono sorte di nuove. Abbiamo creato degli strumenti per fronteggiare questa ingiustizia.<\/p>\n<p>Tra questi, vogliamo sottolineare in particolare due scioperi generali, il 29 settembre e il 29 maggio, gli accampati in varie citt\u00e0 del mondo, e due dimostrazioni globali nell&#8217;ultimo anno. Abbiamo osservato le lotte degli altri. Dimostrazioni e scioperi si sono moltiplicati in questi ultimi mesi: studenti, lavoratori di vari settori, immigrati e disoccupati, e poi manifestazioni per l&#8217;aborto e il diritto al proprio corpo&#8230;Siamo in tanti, dobbiamo solo riuscire a fare il passo successivo.<\/p>\n<p>Nei prossimi giorni, nelle assemblee di quartiere, nei collettivi e nei posti di lavoro, decideremo se partecipare all&#8217;appello per lo sciopero generale del 31 ottobre in tutto il territorio spagnolo.<\/p>\n<p><strong>Contro le misure dell&#8217;1%, questo \u00e8 il nostro proclama<\/strong><strong>, noi 99% <\/strong><strong>:<\/strong><\/p>\n<p>-Noi siamo la soluzione<br \/>\n-Rifiuto del Memorandum e del rimborso di un debito illegittimo, per recuperare sovranit\u00e0 sulle nostre vite. Non siamo debitori, non paghiamo! Dipende da noi!<br \/>\n-Salviamo le persone, non le banche.<br \/>\n-Cancellazione delle misure di austerit\u00e0, che significano tagli e privatizzazione dei servizi essenziali per lo stato sociale, e delle riforme del lavoro e delle pensioni.<br \/>\n-Sottoporre a giudizio i responsabili della crisi.<br \/>\n-Cominciamo a cambiare il sistema, per un&#8217;equa redistribuzione della ricchezza.<br \/>\n-Riforma fiscale.<br \/>\n-Lotta alla frode fiscale e abolizione dei paradisi fiscali.<br \/>\n-Abolizione del regime delle SICAV (Societ\u00e0 di Investimento a Capitale Variabile)<br \/>\n-Recupero dei beni comuni: servizi pubblici universali e spazi per autogestione e solidariet\u00e0.<br \/>\n-Creazione di una banca realmente pubblica e sociale sotto il controllo democratico.<\/p>\n<p>I nostri problemi non sono n\u00e9 solo nostri n\u00e9 limitati localmente, nel resto del mondo sta succedendo la stessa cosa, quindi la soluzione deve essere globale, pur richiedendo azioni e coordinamento locali.<br \/>\nPerci\u00f2 vi incoraggiamo tutti a partecipare e a creare eventi contro il pagamento di debiti illegittimi, oltre a prepararvi per la Settimana Internazionale di azione contro il debito, e soprattutto a partecipare alla concentrazione-dimostrazione Rumore Globale che avverr\u00e0 a Barcellona <strong>sabato 13 ottobre alle 18 in Piazza Catalunya<\/strong> <strong>&#8220;Rimandiamo il debito a quelli che lo hanno generato&#8221;.<\/strong><\/p>\n<p><strong>NON SIAMO DEBITORI, NON PAGHIAMO, DIPENDE DA NOI!!!<\/strong><\/p>\n<p><strong>Ci salveremo con i soldi di chi ha creato questa truffa.<\/strong><br \/>\n<strong>Tira fuori tutto il debito che hai dentro!<\/strong><\/p>\n<p><strong>#NoDebemos #NoPagamos #DeNosotrasDepende<\/strong><br \/>\n<strong>#13O<\/strong><br \/>\n<strong>#13Obcn<\/strong><br \/>\n<strong>#GlobalNoise<\/strong><\/p>\n<p><a href=\"https:\/\/twitter.com\/13obcn\">https:\/\/twitter.com\/13obcn<\/a><br \/>\n<a href=\"http:\/\/manifestacioglobal13obcn.wordpress.com\/\">http:\/\/manifestacioglobal13obcn.wordpress.com\/<\/a><br \/>\nSettimana internazionale di azione contro il debito: <a href=\"http:\/\/tinyurl.com\/8t8gkqq\">http:\/\/tinyurl.com\/8t8gkqq<\/a><\/p>\n<p>Traduzione di Giuseppina Vecchia<\/p>\n<p>&nbsp;<\/p>\n<p>&nbsp;<\/p>\n<p>&nbsp;<\/p>\n<p>&nbsp;<\/p>\n","protected":false},"excerpt":{"rendered":"<p>Proponiamo qui il manifesto integrale dell&#8217;appello per la\u00a0 manifestazione del 13 ottobre. In questi ultimi mesi, l&#8217;impatto della cosiddetta crisi sulle nostre vite si \u00e8 andato intensificando, mentre i politici non mostrano n\u00e8 volont\u00e0 n\u00e9 capacit\u00e0 di affrontarla. Di conseguenza,&hellip;<\/p>\n","protected":false},"author":19,"featured_media":19059,"comment_status":"closed","ping_status":"open","sticky":false,"template":"","format":"standard","meta":{"footnotes":""},"categories":[62,38],"tags":[173,786,890],"class_list":["post-19560","post","type-post","status-publish","format-standard","has-post-thumbnail","hentry","category-economia","category-internazionale","tag-democrazia","tag-economia-it","tag-proteste-sociali"],"yoast_head":"<!-- This site is optimized with the Yoast SEO plugin v27.1.1 - https:\/\/yoast.com\/product\/yoast-seo-wordpress\/ -->\n<title>Non siamo debitori, non pagheremo. Ora dipende da noi!<\/title>\n<meta name=\"description\" content=\"Proponiamo qui il manifesto integrale dell&#039;appello per la\u00a0 manifestazione del 13 ottobre. In questi ultimi mesi, l&#039;impatto della cosiddetta crisi sulle\" \/>\n<meta name=\"robots\" content=\"index, follow, max-snippet:-1, max-image-preview:large, max-video-preview:-1\" \/>\n<link rel=\"canonical\" href=\"https:\/\/www.pressenza.com\/it\/2012\/10\/non-siamo-debitori-non-pagheremo\/\" \/>\n<meta property=\"og:locale\" content=\"it_IT\" \/>\n<meta property=\"og:type\" content=\"article\" \/>\n<meta property=\"og:title\" content=\"Non siamo debitori, non pagheremo. Ora dipende da noi!\" \/>\n<meta property=\"og:description\" content=\"Proponiamo qui il manifesto integrale dell&#039;appello per la\u00a0 manifestazione del 13 ottobre. In questi ultimi mesi, l&#039;impatto della cosiddetta crisi sulle\" \/>\n<meta property=\"og:url\" content=\"https:\/\/www.pressenza.com\/it\/2012\/10\/non-siamo-debitori-non-pagheremo\/\" \/>\n<meta property=\"og:site_name\" content=\"Pressenza\" \/>\n<meta property=\"article:publisher\" content=\"https:\/\/www.facebook.com\/PressenzaItalia\" \/>\n<meta property=\"article:author\" content=\"https:\/\/www.facebook.com\/pressenza\" \/>\n<meta property=\"article:published_time\" content=\"2012-10-09T21:09:27+00:00\" \/>\n<meta property=\"article:modified_time\" content=\"2012-10-11T14:08:51+00:00\" \/>\n<meta property=\"og:image\" content=\"https:\/\/www.pressenza.com\/wp-content\/uploads\/2012\/10\/no-debemos-no-pagamos.jpg\" \/>\n\t<meta property=\"og:image:width\" content=\"800\" \/>\n\t<meta property=\"og:image:height\" content=\"400\" \/>\n\t<meta property=\"og:image:type\" content=\"image\/jpeg\" \/>\n<meta name=\"author\" content=\"Pressenza IPA\" \/>\n<meta name=\"twitter:card\" content=\"summary_large_image\" \/>\n<meta name=\"twitter:creator\" content=\"@PressenzaIPA\" \/>\n<meta name=\"twitter:site\" content=\"@PressenzaIPA\" \/>\n<meta name=\"twitter:label1\" content=\"Scritto da\" \/>\n\t<meta name=\"twitter:data1\" content=\"Pressenza IPA\" \/>\n\t<meta name=\"twitter:label2\" content=\"Tempo di lettura stimato\" \/>\n\t<meta name=\"twitter:data2\" content=\"7 minuti\" \/>\n<script type=\"application\/ld+json\" class=\"yoast-schema-graph\">{\"@context\":\"https:\/\/schema.org\",\"@graph\":[{\"@type\":\"Article\",\"@id\":\"https:\/\/www.pressenza.com\/it\/2012\/10\/non-siamo-debitori-non-pagheremo\/#article\",\"isPartOf\":{\"@id\":\"https:\/\/www.pressenza.com\/it\/2012\/10\/non-siamo-debitori-non-pagheremo\/\"},\"author\":{\"name\":\"Pressenza IPA\",\"@id\":\"https:\/\/www.pressenza.com\/it\/#\/schema\/person\/010e5d02bcf40965427a1289a4cc8d75\"},\"headline\":\"Non siamo debitori, non pagheremo. Ora dipende da noi!\",\"datePublished\":\"2012-10-09T21:09:27+00:00\",\"dateModified\":\"2012-10-11T14:08:51+00:00\",\"mainEntityOfPage\":{\"@id\":\"https:\/\/www.pressenza.com\/it\/2012\/10\/non-siamo-debitori-non-pagheremo\/\"},\"wordCount\":1385,\"publisher\":{\"@id\":\"https:\/\/www.pressenza.com\/it\/#organization\"},\"image\":{\"@id\":\"https:\/\/www.pressenza.com\/it\/2012\/10\/non-siamo-debitori-non-pagheremo\/#primaryimage\"},\"thumbnailUrl\":\"https:\/\/www.pressenza.com\/wp-content\/uploads\/2012\/10\/no-debemos-no-pagamos.jpg\",\"keywords\":[\"Democrazia\",\"economia\",\"proteste sociali\"],\"articleSection\":[\"Economia\",\"Internazionale\"],\"inLanguage\":\"it-IT\"},{\"@type\":\"WebPage\",\"@id\":\"https:\/\/www.pressenza.com\/it\/2012\/10\/non-siamo-debitori-non-pagheremo\/\",\"url\":\"https:\/\/www.pressenza.com\/it\/2012\/10\/non-siamo-debitori-non-pagheremo\/\",\"name\":\"Non siamo debitori, non pagheremo. Ora dipende da noi!\",\"isPartOf\":{\"@id\":\"https:\/\/www.pressenza.com\/it\/#website\"},\"primaryImageOfPage\":{\"@id\":\"https:\/\/www.pressenza.com\/it\/2012\/10\/non-siamo-debitori-non-pagheremo\/#primaryimage\"},\"image\":{\"@id\":\"https:\/\/www.pressenza.com\/it\/2012\/10\/non-siamo-debitori-non-pagheremo\/#primaryimage\"},\"thumbnailUrl\":\"https:\/\/www.pressenza.com\/wp-content\/uploads\/2012\/10\/no-debemos-no-pagamos.jpg\",\"datePublished\":\"2012-10-09T21:09:27+00:00\",\"dateModified\":\"2012-10-11T14:08:51+00:00\",\"description\":\"Proponiamo qui il manifesto integrale dell'appello per la\u00a0 manifestazione del 13 ottobre. In questi ultimi mesi, l'impatto della cosiddetta crisi sulle\",\"breadcrumb\":{\"@id\":\"https:\/\/www.pressenza.com\/it\/2012\/10\/non-siamo-debitori-non-pagheremo\/#breadcrumb\"},\"inLanguage\":\"it-IT\",\"potentialAction\":[{\"@type\":\"ReadAction\",\"target\":[\"https:\/\/www.pressenza.com\/it\/2012\/10\/non-siamo-debitori-non-pagheremo\/\"]}]},{\"@type\":\"ImageObject\",\"inLanguage\":\"it-IT\",\"@id\":\"https:\/\/www.pressenza.com\/it\/2012\/10\/non-siamo-debitori-non-pagheremo\/#primaryimage\",\"url\":\"https:\/\/www.pressenza.com\/wp-content\/uploads\/2012\/10\/no-debemos-no-pagamos.jpg\",\"contentUrl\":\"https:\/\/www.pressenza.com\/wp-content\/uploads\/2012\/10\/no-debemos-no-pagamos.jpg\",\"width\":\"800\",\"height\":\"400\"},{\"@type\":\"BreadcrumbList\",\"@id\":\"https:\/\/www.pressenza.com\/it\/2012\/10\/non-siamo-debitori-non-pagheremo\/#breadcrumb\",\"itemListElement\":[{\"@type\":\"ListItem\",\"position\":1,\"name\":\"Accueil\",\"item\":\"https:\/\/www.pressenza.com\/it\/\"},{\"@type\":\"ListItem\",\"position\":2,\"name\":\"Non siamo debitori, non pagheremo. Ora dipende da noi!\"}]},{\"@type\":\"WebSite\",\"@id\":\"https:\/\/www.pressenza.com\/it\/#website\",\"url\":\"https:\/\/www.pressenza.com\/it\/\",\"name\":\"Pressenza\",\"description\":\"Agenzia di Stampa Internazionale\",\"publisher\":{\"@id\":\"https:\/\/www.pressenza.com\/it\/#organization\"},\"potentialAction\":[{\"@type\":\"SearchAction\",\"target\":{\"@type\":\"EntryPoint\",\"urlTemplate\":\"https:\/\/www.pressenza.com\/it\/?s={search_term_string}\"},\"query-input\":{\"@type\":\"PropertyValueSpecification\",\"valueRequired\":true,\"valueName\":\"search_term_string\"}}],\"inLanguage\":\"it-IT\"},{\"@type\":\"Organization\",\"@id\":\"https:\/\/www.pressenza.com\/it\/#organization\",\"name\":\"Pressenza\",\"url\":\"https:\/\/www.pressenza.com\/it\/\",\"logo\":{\"@type\":\"ImageObject\",\"inLanguage\":\"it-IT\",\"@id\":\"https:\/\/www.pressenza.com\/it\/#\/schema\/logo\/image\/\",\"url\":\"https:\/\/www.pressenza.com\/wp-content\/uploads\/2022\/10\/pressenza_logo_200x200.jpg\",\"contentUrl\":\"https:\/\/www.pressenza.com\/wp-content\/uploads\/2022\/10\/pressenza_logo_200x200.jpg\",\"width\":200,\"height\":200,\"caption\":\"Pressenza\"},\"image\":{\"@id\":\"https:\/\/www.pressenza.com\/it\/#\/schema\/logo\/image\/\"},\"sameAs\":[\"https:\/\/www.facebook.com\/PressenzaItalia\",\"https:\/\/x.com\/PressenzaIPA\"]},{\"@type\":\"Person\",\"@id\":\"https:\/\/www.pressenza.com\/it\/#\/schema\/person\/010e5d02bcf40965427a1289a4cc8d75\",\"name\":\"Pressenza IPA\",\"description\":\"News from Pressenza IPA correspondents\",\"sameAs\":[\"https:\/\/www.facebook.com\/pressenza\",\"https:\/\/x.com\/PressenzaIPA\"],\"url\":\"https:\/\/www.pressenza.com\/it\/author\/pressenza-ipa\/\"}]}<\/script>\n<!-- \/ Yoast SEO plugin. -->","yoast_head_json":{"title":"Non siamo debitori, non pagheremo. Ora dipende da noi!","description":"Proponiamo qui il manifesto integrale dell'appello per la\u00a0 manifestazione del 13 ottobre. In questi ultimi mesi, l'impatto della cosiddetta crisi sulle","robots":{"index":"index","follow":"follow","max-snippet":"max-snippet:-1","max-image-preview":"max-image-preview:large","max-video-preview":"max-video-preview:-1"},"canonical":"https:\/\/www.pressenza.com\/it\/2012\/10\/non-siamo-debitori-non-pagheremo\/","og_locale":"it_IT","og_type":"article","og_title":"Non siamo debitori, non pagheremo. Ora dipende da noi!","og_description":"Proponiamo qui il manifesto integrale dell'appello per la\u00a0 manifestazione del 13 ottobre. In questi ultimi mesi, l'impatto della cosiddetta crisi sulle","og_url":"https:\/\/www.pressenza.com\/it\/2012\/10\/non-siamo-debitori-non-pagheremo\/","og_site_name":"Pressenza","article_publisher":"https:\/\/www.facebook.com\/PressenzaItalia","article_author":"https:\/\/www.facebook.com\/pressenza","article_published_time":"2012-10-09T21:09:27+00:00","article_modified_time":"2012-10-11T14:08:51+00:00","og_image":[{"width":800,"height":400,"url":"https:\/\/www.pressenza.com\/wp-content\/uploads\/2012\/10\/no-debemos-no-pagamos.jpg","type":"image\/jpeg"}],"author":"Pressenza IPA","twitter_card":"summary_large_image","twitter_creator":"@PressenzaIPA","twitter_site":"@PressenzaIPA","twitter_misc":{"Scritto da":"Pressenza IPA","Tempo di lettura stimato":"7 minuti"},"schema":{"@context":"https:\/\/schema.org","@graph":[{"@type":"Article","@id":"https:\/\/www.pressenza.com\/it\/2012\/10\/non-siamo-debitori-non-pagheremo\/#article","isPartOf":{"@id":"https:\/\/www.pressenza.com\/it\/2012\/10\/non-siamo-debitori-non-pagheremo\/"},"author":{"name":"Pressenza IPA","@id":"https:\/\/www.pressenza.com\/it\/#\/schema\/person\/010e5d02bcf40965427a1289a4cc8d75"},"headline":"Non siamo debitori, non pagheremo. Ora dipende da noi!","datePublished":"2012-10-09T21:09:27+00:00","dateModified":"2012-10-11T14:08:51+00:00","mainEntityOfPage":{"@id":"https:\/\/www.pressenza.com\/it\/2012\/10\/non-siamo-debitori-non-pagheremo\/"},"wordCount":1385,"publisher":{"@id":"https:\/\/www.pressenza.com\/it\/#organization"},"image":{"@id":"https:\/\/www.pressenza.com\/it\/2012\/10\/non-siamo-debitori-non-pagheremo\/#primaryimage"},"thumbnailUrl":"https:\/\/www.pressenza.com\/wp-content\/uploads\/2012\/10\/no-debemos-no-pagamos.jpg","keywords":["Democrazia","economia","proteste sociali"],"articleSection":["Economia","Internazionale"],"inLanguage":"it-IT"},{"@type":"WebPage","@id":"https:\/\/www.pressenza.com\/it\/2012\/10\/non-siamo-debitori-non-pagheremo\/","url":"https:\/\/www.pressenza.com\/it\/2012\/10\/non-siamo-debitori-non-pagheremo\/","name":"Non siamo debitori, non pagheremo. Ora dipende da noi!","isPartOf":{"@id":"https:\/\/www.pressenza.com\/it\/#website"},"primaryImageOfPage":{"@id":"https:\/\/www.pressenza.com\/it\/2012\/10\/non-siamo-debitori-non-pagheremo\/#primaryimage"},"image":{"@id":"https:\/\/www.pressenza.com\/it\/2012\/10\/non-siamo-debitori-non-pagheremo\/#primaryimage"},"thumbnailUrl":"https:\/\/www.pressenza.com\/wp-content\/uploads\/2012\/10\/no-debemos-no-pagamos.jpg","datePublished":"2012-10-09T21:09:27+00:00","dateModified":"2012-10-11T14:08:51+00:00","description":"Proponiamo qui il manifesto integrale dell'appello per la\u00a0 manifestazione del 13 ottobre. In questi ultimi mesi, l'impatto della cosiddetta crisi sulle","breadcrumb":{"@id":"https:\/\/www.pressenza.com\/it\/2012\/10\/non-siamo-debitori-non-pagheremo\/#breadcrumb"},"inLanguage":"it-IT","potentialAction":[{"@type":"ReadAction","target":["https:\/\/www.pressenza.com\/it\/2012\/10\/non-siamo-debitori-non-pagheremo\/"]}]},{"@type":"ImageObject","inLanguage":"it-IT","@id":"https:\/\/www.pressenza.com\/it\/2012\/10\/non-siamo-debitori-non-pagheremo\/#primaryimage","url":"https:\/\/www.pressenza.com\/wp-content\/uploads\/2012\/10\/no-debemos-no-pagamos.jpg","contentUrl":"https:\/\/www.pressenza.com\/wp-content\/uploads\/2012\/10\/no-debemos-no-pagamos.jpg","width":"800","height":"400"},{"@type":"BreadcrumbList","@id":"https:\/\/www.pressenza.com\/it\/2012\/10\/non-siamo-debitori-non-pagheremo\/#breadcrumb","itemListElement":[{"@type":"ListItem","position":1,"name":"Accueil","item":"https:\/\/www.pressenza.com\/it\/"},{"@type":"ListItem","position":2,"name":"Non siamo debitori, non pagheremo. Ora dipende da noi!"}]},{"@type":"WebSite","@id":"https:\/\/www.pressenza.com\/it\/#website","url":"https:\/\/www.pressenza.com\/it\/","name":"Pressenza","description":"Agenzia di Stampa Internazionale","publisher":{"@id":"https:\/\/www.pressenza.com\/it\/#organization"},"potentialAction":[{"@type":"SearchAction","target":{"@type":"EntryPoint","urlTemplate":"https:\/\/www.pressenza.com\/it\/?s={search_term_string}"},"query-input":{"@type":"PropertyValueSpecification","valueRequired":true,"valueName":"search_term_string"}}],"inLanguage":"it-IT"},{"@type":"Organization","@id":"https:\/\/www.pressenza.com\/it\/#organization","name":"Pressenza","url":"https:\/\/www.pressenza.com\/it\/","logo":{"@type":"ImageObject","inLanguage":"it-IT","@id":"https:\/\/www.pressenza.com\/it\/#\/schema\/logo\/image\/","url":"https:\/\/www.pressenza.com\/wp-content\/uploads\/2022\/10\/pressenza_logo_200x200.jpg","contentUrl":"https:\/\/www.pressenza.com\/wp-content\/uploads\/2022\/10\/pressenza_logo_200x200.jpg","width":200,"height":200,"caption":"Pressenza"},"image":{"@id":"https:\/\/www.pressenza.com\/it\/#\/schema\/logo\/image\/"},"sameAs":["https:\/\/www.facebook.com\/PressenzaItalia","https:\/\/x.com\/PressenzaIPA"]},{"@type":"Person","@id":"https:\/\/www.pressenza.com\/it\/#\/schema\/person\/010e5d02bcf40965427a1289a4cc8d75","name":"Pressenza IPA","description":"News from Pressenza IPA correspondents","sameAs":["https:\/\/www.facebook.com\/pressenza","https:\/\/x.com\/PressenzaIPA"],"url":"https:\/\/www.pressenza.com\/it\/author\/pressenza-ipa\/"}]}},"place":"","original_article_url":"","_links":{"self":[{"href":"https:\/\/www.pressenza.com\/it\/wp-json\/wp\/v2\/posts\/19560","targetHints":{"allow":["GET"]}}],"collection":[{"href":"https:\/\/www.pressenza.com\/it\/wp-json\/wp\/v2\/posts"}],"about":[{"href":"https:\/\/www.pressenza.com\/it\/wp-json\/wp\/v2\/types\/post"}],"author":[{"embeddable":true,"href":"https:\/\/www.pressenza.com\/it\/wp-json\/wp\/v2\/users\/19"}],"replies":[{"embeddable":true,"href":"https:\/\/www.pressenza.com\/it\/wp-json\/wp\/v2\/comments?post=19560"}],"version-history":[{"count":0,"href":"https:\/\/www.pressenza.com\/it\/wp-json\/wp\/v2\/posts\/19560\/revisions"}],"wp:featuredmedia":[{"embeddable":true,"href":"https:\/\/www.pressenza.com\/it\/wp-json\/wp\/v2\/media\/19059"}],"wp:attachment":[{"href":"https:\/\/www.pressenza.com\/it\/wp-json\/wp\/v2\/media?parent=19560"}],"wp:term":[{"taxonomy":"category","embeddable":true,"href":"https:\/\/www.pressenza.com\/it\/wp-json\/wp\/v2\/categories?post=19560"},{"taxonomy":"post_tag","embeddable":true,"href":"https:\/\/www.pressenza.com\/it\/wp-json\/wp\/v2\/tags?post=19560"}],"curies":[{"name":"wp","href":"https:\/\/api.w.org\/{rel}","templated":true}]}}