{"id":195569,"date":"2015-06-21T15:33:58","date_gmt":"2015-06-21T14:33:58","guid":{"rendered":"http:\/\/www.pressenza.com\/?p=195569"},"modified":"2015-06-21T16:31:57","modified_gmt":"2015-06-21T15:31:57","slug":"curuguaty-una-ferita-nelle-vene-aperte-dellamerica-latina","status":"publish","type":"post","link":"https:\/\/www.pressenza.com\/it\/2015\/06\/curuguaty-una-ferita-nelle-vene-aperte-dellamerica-latina\/","title":{"rendered":"Curuguaty, una ferita nelle vene aperte dell&#8217;America Latina"},"content":{"rendered":"<p><strong>Sta per ricominciare il processo ai 12 campesinos accusati ingiustamente della strage di Curuguaty.<\/strong><\/p>\n<p><em>\u201cEl trueno cae y se queda entre las hojas. Los animales comen las hojas. Los animales comen las hojas. Los animales comen las hojas y se ponen violentos. Los hombres comn los animales y se ponen violentos. La tierra se come a los hombres y empieza a rugir como el trueno.\u201d\u00a0\u00a0\u00a0\u00a0\u00a0\u00a0\u00a0\u00a0\u00a0\u00a0\u00a0\u00a0\u00a0\u00a0\u00a0\u00a0\u00a0\u00a0\u00a0\u00a0\u00a0\u00a0\u00a0\u00a0\u00a0\u00a0\u00a0\u00a0\u00a0\u00a0\u00a0\u00a0\u00a0\u00a0\u00a0\u00a0\u00a0\u00a0\u00a0\u00a0\u00a0\u00a0\u00a0\u00a0\u00a0\u00a0\u00a0\u00a0\u00a0\u00a0\u00a0\u00a0\u00a0\u00a0\u00a0\u00a0\u00a0\u00a0\u00a0\u00a0\u00a0\u00a0\u00a0\u00a0\u00a0\u00a0\u00a0\u00a0\u00a0\u00a0\u00a0\u00a0\u00a0\u00a0\u00a0\u00a0\u00a0\u00a0\u00a0\u00a0\u00a0\u00a0\u00a0\u00a0\u00a0\u00a0\u00a0\u00a0\u00a0\u00a0\u00a0\u00a0\u00a0\u00a0\u00a0\u00a0\u00a0\u00a0\u00a0\u00a0\u00a0\u00a0\u00a0\u00a0\u00a0\u00a0\u00a0\u00a0\u00a0\u00a0\u00a0\u00a0\u00a0\u00a0\u00a0\u00a0 \u201c<\/em><strong>Il tuono cade e resta tra le foglie. Gli animali mangiano le foglie e diventano violenti. Gli uomini mangiano gli animali e diventano violenti. La terra mangia gli uomini ed inizia a ruggire come il tuono.\u201d\u00a0\u00a0\u00a0\u00a0\u00a0\u00a0\u00a0\u00a0\u00a0\u00a0\u00a0\u00a0\u00a0\u00a0\u00a0\u00a0\u00a0\u00a0\u00a0\u00a0\u00a0\u00a0\u00a0\u00a0\u00a0\u00a0\u00a0\u00a0\u00a0\u00a0\u00a0\u00a0\u00a0\u00a0 \u00a0\u00a0\u00a0\u00a0\u00a0\u00a0\u00a0\u00a0\u00a0\u00a0\u00a0\u00a0\u00a0\u00a0\u00a0\u00a0\u00a0\u00a0\u00a0\u00a0\u00a0\u00a0\u00a0\u00a0\u00a0\u00a0\u00a0\u00a0\u00a0\u00a0\u00a0\u00a0\u00a0\u00a0\u00a0\u00a0\u00a0\u00a0\u00a0\u00a0\u00a0\u00a0\u00a0\u00a0\u00a0\u00a0\u00a0\u00a0\u00a0\u00a0\u00a0\u00a0\u00a0\u00a0\u00a0\u00a0\u00a0\u00a0\u00a0\u00a0\u00a0\u00a0\u00a0\u00a0\u00a0\u00a0\u00a0\u00a0\u00a0(da una leggenda di un popolo originario del Paraguay)<\/strong><\/p>\n<p>E in Paraguay, <strong><em>una isla rodeada de tierra<\/em><\/strong><em>, <\/em>la terra ruggisce sempre. Una terra color rosso, non solo perch\u00e9 impregnata di titanio, il Paraguay ha le maggiori riserve mondiali di questo minerale, ma perch\u00e9 macchiata dal sangue di molti contadini assassinati dai vari regimi. <em>Sangre seca sobre tierra roja<\/em>, sangue secco su terra rossa, fu il titolo un articolo di un anno fa del settimanale uruguaiano <strong><em>Brecha<\/em> <\/strong>su questo paese. Solamente dalla caduta della dittatura di Stroessener, nel 1989, si sono registrati circa 200 assassini di dirigenti sindacali <em>campesinos. <\/em>Ai quali si sono aggiunti gli undici contadini massacrati a Curuguaty, due anni fa.<\/p>\n<p>Sono trascorsi oltre 3 anni dal massacro di Curuguaty.<\/p>\n<p>A maggio 2012 una sessantina di contadini con donne e bambini occuparono i 2000 ettari di Marina Ku\u00e8 a Curuguaty .Il <em>terrateniente <\/em>Blas Riquelme che si credeva il padrone reag\u00ec chiedendo lo sgombero perch\u00e9 ritenne l\u2019occupazione illegale. <strong>La sua richiesta, invece, non era legale, in quanto non proprietario della terra<\/strong>; lo mise in evidenza anche un editoriale del giornalista Alcibiades Gonzales Del Valle apparso su <strong>ABC Color<\/strong>, il maggior quotidiano paraguaiano e non certo di sinistra. La richiesta venne per\u00f2 accolta dal l Ministro dell\u2019 Interno del governo di LUGO, Carlos Fillizola, che invi\u00f2 il <em>Grupo Especial de la Policia Nacional<\/em>, specializzato in sgomberi di terre occupate. Va detto che in seguito Lugo dimise Fillizola. Il mattino di venerd\u00ec 15 giugno 2012 iniziano le operazioni di sgombero.<br \/>\nRimasero uccise 17 persone, 11 contadini e sei agenti di polizia. Un massacro.<\/p>\n<p>La versione immediata ed ufficiale dell\u2019accaduto fu che i contadini armati avevano teso un\u2019imboscata, si parl\u00f2 anche di infiltrazione dell\u2019 EPP ( <em>Ejercito del Pueblo Paraguayo<\/em>), alla quale il contingente di polizia reag\u00ec, difendendosi e reprimendo l\u2019attacco. In base a queste bugie il 9 ottobre 2012 dodici contadini vennero incriminati dal Procuratore della Repubblica Jalil Rachid per associazione criminale, invasione di propriet\u00e0 privata, omicidio doloso, ecc., ecc. I loro nomi sono Rub\u00e9n Villalba, Felipe Ben\u00edtez Balmori, Adalberto Castro Benitez, Arnaldo Quintana, Nestor Castro, Luis Olmedo Paredes, Luc\u00eda Ag\u00fcero Romero, Maria Fani Olmedo Paredes, Dolores L\u00f3pez Peralta, Juan Carlos Tiler\u00eda, Alcides Ram\u00f3n Ramirez Pan\u00edagua e Felipe Nery Urbina.<\/p>\n<p>Tutta l\u2019operazione fu illegale, perch\u00e9 le terre appartengono allo stato. Dovrebbero essere processati il giudice, il fiscal, il ministro dell\u2019interno. I contadini aspettavano che andassero a parlare con loro, mostrassero i documenti di propriet\u00e0. Non andarono a parlare, furono sloggiati con violenza, con un\u00a0 ordine di perquisizione e non di sgombero, tutto questo processo deve dichiararsi nullo, assolutamente nullo e mettere sotto processo i responsabili di quest\u2019 operazione infame.<\/p>\n<p><strong>\u00a0<\/strong>Dall\u2019 analisi dei difensori dei contadini e dai rapporti di CODHUPY <em>( Coordinadora de Derechos Humanos del Paraguay<\/em>) sono emerse con chiarezza delle contraddizioni che permettono di definire l\u2019eventuale processo del 22 giugno* prossimo una farsa:<\/p>\n<ul>\n<li>La propriet\u00e0 della terra, come abbiamo visto, non \u00e8 di Riquelme, ma dello stato.<\/li>\n<li>Il materiali sequestrati sono fucili da caccia in cattivo stato, una carabina ad aria compressa, cellulari, cinture, una borsa militare, chiavi di motocicletta, colla per giunti, tutti strumenti inadatti a causare una strage di quelle dimensioni<\/li>\n<li>La criminalizzazione arbitraria dei contadini. Non ci sono prove; inoltre la richiesta di habeas corpus \u00e8 stata respinta.<\/li>\n<li>Tutti gli accusati sono contadini, nessun poliziotto \u00e8 stato incriminato. Per la morte degli 11 <em>campesinos <\/em>nessuno \u00e8 stato incriminato, fatto indicativo dell\u2019unilateralit\u00e0 delle indagini.<\/li>\n<li>Investigatori e giudici parziali. Chi condusse l\u2019investigazione \u00e8 stato Jalil Rachid, figlio di Blader Rachid, ex presidente del Partido Colorado come Blas Riquelme. La famiglia Rachid \u00e8 coinvolta nell\u2019assegnazione fraudolenta di quantit\u00e0 ingenti di terre.<\/li>\n<li>Violazione dei diritti di base dei detenuti: ritardi a dare risposta a reclami ed in molti casi nessuna risposta, assistenza medica insufficiente a prigionieri in sciopero della fame, dichiarazioni di testimoni strappate con la tortura.<\/li>\n<li>Non vennero analizzate le prove a carico e a discarico.<\/li>\n<li>La scena del crimine \u00e8 stata contaminata.<\/li>\n<li>Introduzione di prove precostituite.<\/li>\n<li>Violazione del diritto di difesa.<\/li>\n<\/ul>\n<p>Va sottolineato inoltre che recentemente.<\/p>\n<ol>\n<li>INDERT, l\u2019istituto che gestisce la riforma agraria, ha dichiarato che Marina Ku\u00e9 appartiene allo stato paraguayano e<\/li>\n<li>L\u2019 ex presidente paraguayano, FedricoFranco, che appoggi\u00f2 la destituzione di Fernando Lugo ha ammesso, lo scorso 21 giugno, che il massacro di Curuguaty fu una provocazione.<\/li>\n<\/ol>\n<p><strong>Il processo farsa, come detto sopra dovrebbe iniziare il prossimo 22 giugno prossimo, ma corrono voci di un possibile ulteriore posticipo<\/strong>. I difensori dei <em>campesinos, <\/em>Guillermo Ferreiro e Vicente Morales, chiesero la sospensione del processo fino a quando non verr\u00e0 chiarita la propriet\u00e0 della terra; \u00e8 fondamentale saperlo in quanto uno di capi d\u2019accusa \u00e8 quello di invasione di propriet\u00e0 privata. Hanno chiesto inoltre che il processo si svolga ad Asunci\u00f3n e non a Salto del Guair\u00e1, e <strong>questa richiesta \u00e8 stata accettata.<\/strong><\/p>\n<p>L\u2019 anno scorso aderirono alla lettera da Barcellona di Fabricio Arnelia, militante per la libert\u00e0 dei prigionieri politici di Curuguaty, della Giovent\u00f9 Cominista e del Fronte Guas\u00f9:<\/p>\n<p><strong>Hugo Blanco Gald\u00f3s,<\/strong> direttore di <em>Lucha Ind\u00edgena<\/em>, <strong>Jorge Agurto<\/strong>, direttore di <em>Servindi<\/em>, <strong>Marcelo Martinessi<\/strong>, regista cinematografico paraguaiano <strong>Gigi Bettoli<\/strong>, cooperatore sociale, <strong>Gaia Capogna<\/strong> traduttrice, giornalista,<strong>Francesco Cecchini<\/strong>, scrittore, <strong>Alessandra Kersevan,<\/strong> storica, <strong>Lidia Menapace<\/strong>, del comitato nazionale dell\u2019 ANPI, <strong>avv. Francesco Tartini<\/strong>, Rete italiana di solidariet\u00e0 Colombia Vive, <strong>Avv. Giuseppe Coscione<\/strong>, Rete italiana di solidariet\u00e0 Colombia Vive, <strong>Carla Mariani,<\/strong> Rete italiana di solidariet\u00e0 Colombia Vive, <strong>Flora Scala<\/strong>, Rete italiana di solidariet\u00e0 Colombia Vive, <strong>Antonio Moscato<\/strong>, docente universitario,<strong>Camilo Duque<\/strong>, veterinario, <strong>Agatino Giuffr\u00e9<\/strong>, pensionato,<strong>Aldo Zanchetta<\/strong>, scrittore,<strong>Antonella Ricciardi<\/strong>, giornalista,\u00a0<strong>.Antonio Giuffre<\/strong>, Sinistra in Rete,<strong>Gianluca Valentini<\/strong>, regista e sceneggiatore, <strong>Carmela Plutino<\/strong>, <strong>WalterValentini, AnnaMezzani, Mariella Gabrielli, Franco Fuselli<\/strong>, Associazione Italia-Nicaragua di Genova<strong>, Rodolfo Ricci<\/strong>, coordinatore nazionale FILEF (Federazione Italiana Emigranti e Famiglie),<strong>Stefano Zecchinelli<\/strong>, blogger antimperialista<strong>, Prof.<\/strong> <strong>Francesco Calvanese,<\/strong> ex parlamentare di Rifondazione Comunista, <strong>Franco Ricci, Ester<\/strong> <strong>Ferrara<\/strong>, <strong>Attilio Folliero<\/strong>, politologo italiano residente a Caracas, Venezuela, <strong>Cecylia Laya<\/strong>, economista venezuelana, <strong>Gennaro Carotenuto<\/strong>, storico, <strong>Simone Oggionni<\/strong>, <strong>Daniele Rocchi<\/strong>, Maria Rosaria Stabili, docente universitaria, <strong>Redazione Contropiano<\/strong>, <strong>Gregorio Piccin<\/strong>, scrittore e giornalista, <strong>Alberto Chicayban<\/strong>, musicista,<strong> Arnaldo Nesti, <\/strong>direttore di \u201cReligioni e Societ\u00e0\u201d,<strong>Associazione Culturale Il Sicomoro<\/strong>:<strong>Giorgio Bongiovanni<\/strong>, presidente,<strong>Mara Della Colletta<\/strong>, segreteria, <strong>Anita Sonego<\/strong>, capogruppo Federazione della Sinistra e Presidente Comissione Pari Opportunit\u00e0 Comune di Milano.,<strong>Raffaele Morelli,<\/strong> Ristretti Orizzonti, <strong>Angelo D\u2019 Orsi<\/strong>, docente universitario., ANPI Nicolai Bulgajov, <strong>Pietro Tigli,<\/strong> <strong>ALBA Informazione<\/strong>, <strong>Ciro <\/strong>Brescia, <strong>Anna Arthur<\/strong>, pubblicista free lance, <strong>Annalisa Melandri<\/strong>, giornalista ed attivista dei diritti umani, <strong>Vicente Brunetti<\/strong>, scrittore paraguaiano<\/p>\n<p>L\u2019 appello fu inviato all\u2019 Ambasciata del Paraguay in Italia, all\u2019 ambasciata italiana in Paraguay e ad organizzazioni paraguaiane per i diritti umani. Lo stesso appello sar\u00e0 fatto circolare durante il processo.<\/p>\n<p>&nbsp;<\/p>\n<p><strong>Il processo verr\u00e0 seguito da PRESSENZA, con integrazioni sulla situazione attuale del paese.<\/strong><\/p>\n","protected":false},"excerpt":{"rendered":"<p>Sta per ricominciare il processo ai 12 campesinos accusati ingiustamente della strage di Curuguaty. \u201cEl trueno cae y se queda entre las hojas. Los animales comen las hojas. Los animales comen las hojas. Los animales comen las hojas y se&hellip;<\/p>\n","protected":false},"author":1190,"featured_media":92653,"comment_status":"closed","ping_status":"open","sticky":false,"template":"","format":"standard","meta":{"footnotes":""},"categories":[11388,60,162,48],"tags":[5841,2535,3410,31],"class_list":["post-195569","post","type-post","status-publish","format-standard","has-post-thumbnail","hentry","category-contenuti-originali","category-diritti-umani","category-opinioni","category-sud-america","tag-america-latina","tag-campesinos","tag-curuguaty","tag-paraguay"],"yoast_head":"<!-- This site is optimized with the Yoast SEO plugin v27.1.1 - https:\/\/yoast.com\/product\/yoast-seo-wordpress\/ -->\n<title>Curuguaty, una ferita nelle vene aperte dell&#039;America Latina<\/title>\n<meta name=\"description\" content=\"Sta per ricominciare il processo ai 12 campesinos accusati ingiustamente della strage di Curuguaty. \u201cEl trueno cae y se queda entre las hojas. Los\" \/>\n<meta name=\"robots\" content=\"index, follow, max-snippet:-1, max-image-preview:large, max-video-preview:-1\" \/>\n<link rel=\"canonical\" href=\"https:\/\/www.pressenza.com\/it\/2015\/06\/curuguaty-una-ferita-nelle-vene-aperte-dellamerica-latina\/\" \/>\n<meta property=\"og:locale\" content=\"it_IT\" \/>\n<meta property=\"og:type\" content=\"article\" \/>\n<meta property=\"og:title\" content=\"Curuguaty, una ferita nelle vene aperte dell&#039;America Latina\" \/>\n<meta property=\"og:description\" content=\"Sta per ricominciare il processo ai 12 campesinos accusati ingiustamente della strage di Curuguaty. \u201cEl trueno cae y se queda entre las hojas. Los\" \/>\n<meta property=\"og:url\" content=\"https:\/\/www.pressenza.com\/it\/2015\/06\/curuguaty-una-ferita-nelle-vene-aperte-dellamerica-latina\/\" \/>\n<meta property=\"og:site_name\" content=\"Pressenza\" \/>\n<meta property=\"article:publisher\" content=\"https:\/\/www.facebook.com\/PressenzaItalia\" \/>\n<meta property=\"article:published_time\" content=\"2015-06-21T14:33:58+00:00\" \/>\n<meta property=\"article:modified_time\" content=\"2015-06-21T15:31:57+00:00\" \/>\n<meta property=\"og:image\" content=\"https:\/\/www.pressenza.com\/wp-content\/uploads\/2014\/03\/04-Carol-Thiede.jpg\" \/>\n\t<meta property=\"og:image:width\" content=\"600\" \/>\n\t<meta property=\"og:image:height\" content=\"450\" \/>\n\t<meta property=\"og:image:type\" content=\"image\/jpeg\" \/>\n<meta name=\"author\" content=\"Francesco Cecchini\" \/>\n<meta name=\"twitter:card\" content=\"summary_large_image\" \/>\n<meta name=\"twitter:creator\" content=\"@PressenzaIPA\" \/>\n<meta name=\"twitter:site\" content=\"@PressenzaIPA\" \/>\n<meta name=\"twitter:label1\" content=\"Scritto da\" \/>\n\t<meta name=\"twitter:data1\" content=\"Francesco Cecchini\" \/>\n\t<meta name=\"twitter:label2\" content=\"Tempo di lettura stimato\" \/>\n\t<meta name=\"twitter:data2\" content=\"6 minuti\" \/>\n<script type=\"application\/ld+json\" class=\"yoast-schema-graph\">{\"@context\":\"https:\/\/schema.org\",\"@graph\":[{\"@type\":\"Article\",\"@id\":\"https:\/\/www.pressenza.com\/it\/2015\/06\/curuguaty-una-ferita-nelle-vene-aperte-dellamerica-latina\/#article\",\"isPartOf\":{\"@id\":\"https:\/\/www.pressenza.com\/it\/2015\/06\/curuguaty-una-ferita-nelle-vene-aperte-dellamerica-latina\/\"},\"author\":{\"name\":\"Francesco Cecchini\",\"@id\":\"https:\/\/www.pressenza.com\/it\/#\/schema\/person\/921a58376e7663992b698cbe6e394c53\"},\"headline\":\"Curuguaty, una ferita nelle vene aperte dell&#8217;America Latina\",\"datePublished\":\"2015-06-21T14:33:58+00:00\",\"dateModified\":\"2015-06-21T15:31:57+00:00\",\"mainEntityOfPage\":{\"@id\":\"https:\/\/www.pressenza.com\/it\/2015\/06\/curuguaty-una-ferita-nelle-vene-aperte-dellamerica-latina\/\"},\"wordCount\":1208,\"publisher\":{\"@id\":\"https:\/\/www.pressenza.com\/it\/#organization\"},\"image\":{\"@id\":\"https:\/\/www.pressenza.com\/it\/2015\/06\/curuguaty-una-ferita-nelle-vene-aperte-dellamerica-latina\/#primaryimage\"},\"thumbnailUrl\":\"https:\/\/www.pressenza.com\/wp-content\/uploads\/2014\/03\/04-Carol-Thiede.jpg\",\"keywords\":[\"America Latina\",\"campesinos\",\"Curuguaty\",\"Paraguay\"],\"articleSection\":[\"contenuti originali\",\"Diritti Umani\",\"Opinioni\",\"Sud America\"],\"inLanguage\":\"it-IT\"},{\"@type\":\"WebPage\",\"@id\":\"https:\/\/www.pressenza.com\/it\/2015\/06\/curuguaty-una-ferita-nelle-vene-aperte-dellamerica-latina\/\",\"url\":\"https:\/\/www.pressenza.com\/it\/2015\/06\/curuguaty-una-ferita-nelle-vene-aperte-dellamerica-latina\/\",\"name\":\"Curuguaty, una ferita nelle vene aperte dell'America Latina\",\"isPartOf\":{\"@id\":\"https:\/\/www.pressenza.com\/it\/#website\"},\"primaryImageOfPage\":{\"@id\":\"https:\/\/www.pressenza.com\/it\/2015\/06\/curuguaty-una-ferita-nelle-vene-aperte-dellamerica-latina\/#primaryimage\"},\"image\":{\"@id\":\"https:\/\/www.pressenza.com\/it\/2015\/06\/curuguaty-una-ferita-nelle-vene-aperte-dellamerica-latina\/#primaryimage\"},\"thumbnailUrl\":\"https:\/\/www.pressenza.com\/wp-content\/uploads\/2014\/03\/04-Carol-Thiede.jpg\",\"datePublished\":\"2015-06-21T14:33:58+00:00\",\"dateModified\":\"2015-06-21T15:31:57+00:00\",\"description\":\"Sta per ricominciare il processo ai 12 campesinos accusati ingiustamente della strage di Curuguaty. \u201cEl trueno cae y se queda entre las hojas. Los\",\"breadcrumb\":{\"@id\":\"https:\/\/www.pressenza.com\/it\/2015\/06\/curuguaty-una-ferita-nelle-vene-aperte-dellamerica-latina\/#breadcrumb\"},\"inLanguage\":\"it-IT\",\"potentialAction\":[{\"@type\":\"ReadAction\",\"target\":[\"https:\/\/www.pressenza.com\/it\/2015\/06\/curuguaty-una-ferita-nelle-vene-aperte-dellamerica-latina\/\"]}]},{\"@type\":\"ImageObject\",\"inLanguage\":\"it-IT\",\"@id\":\"https:\/\/www.pressenza.com\/it\/2015\/06\/curuguaty-una-ferita-nelle-vene-aperte-dellamerica-latina\/#primaryimage\",\"url\":\"https:\/\/www.pressenza.com\/wp-content\/uploads\/2014\/03\/04-Carol-Thiede.jpg\",\"contentUrl\":\"https:\/\/www.pressenza.com\/wp-content\/uploads\/2014\/03\/04-Carol-Thiede.jpg\",\"width\":600,\"height\":450},{\"@type\":\"BreadcrumbList\",\"@id\":\"https:\/\/www.pressenza.com\/it\/2015\/06\/curuguaty-una-ferita-nelle-vene-aperte-dellamerica-latina\/#breadcrumb\",\"itemListElement\":[{\"@type\":\"ListItem\",\"position\":1,\"name\":\"Accueil\",\"item\":\"https:\/\/www.pressenza.com\/it\/\"},{\"@type\":\"ListItem\",\"position\":2,\"name\":\"Curuguaty, una ferita nelle vene aperte dell&#8217;America Latina\"}]},{\"@type\":\"WebSite\",\"@id\":\"https:\/\/www.pressenza.com\/it\/#website\",\"url\":\"https:\/\/www.pressenza.com\/it\/\",\"name\":\"Pressenza\",\"description\":\"Agenzia di Stampa Internazionale\",\"publisher\":{\"@id\":\"https:\/\/www.pressenza.com\/it\/#organization\"},\"potentialAction\":[{\"@type\":\"SearchAction\",\"target\":{\"@type\":\"EntryPoint\",\"urlTemplate\":\"https:\/\/www.pressenza.com\/it\/?s={search_term_string}\"},\"query-input\":{\"@type\":\"PropertyValueSpecification\",\"valueRequired\":true,\"valueName\":\"search_term_string\"}}],\"inLanguage\":\"it-IT\"},{\"@type\":\"Organization\",\"@id\":\"https:\/\/www.pressenza.com\/it\/#organization\",\"name\":\"Pressenza\",\"url\":\"https:\/\/www.pressenza.com\/it\/\",\"logo\":{\"@type\":\"ImageObject\",\"inLanguage\":\"it-IT\",\"@id\":\"https:\/\/www.pressenza.com\/it\/#\/schema\/logo\/image\/\",\"url\":\"https:\/\/www.pressenza.com\/wp-content\/uploads\/2022\/10\/pressenza_logo_200x200.jpg\",\"contentUrl\":\"https:\/\/www.pressenza.com\/wp-content\/uploads\/2022\/10\/pressenza_logo_200x200.jpg\",\"width\":200,\"height\":200,\"caption\":\"Pressenza\"},\"image\":{\"@id\":\"https:\/\/www.pressenza.com\/it\/#\/schema\/logo\/image\/\"},\"sameAs\":[\"https:\/\/www.facebook.com\/PressenzaItalia\",\"https:\/\/x.com\/PressenzaIPA\"]},{\"@type\":\"Person\",\"@id\":\"https:\/\/www.pressenza.com\/it\/#\/schema\/person\/921a58376e7663992b698cbe6e394c53\",\"name\":\"Francesco Cecchini\",\"url\":\"https:\/\/www.pressenza.com\/it\/author\/francesco-cecchini\/\"}]}<\/script>\n<!-- \/ Yoast SEO plugin. -->","yoast_head_json":{"title":"Curuguaty, una ferita nelle vene aperte dell'America Latina","description":"Sta per ricominciare il processo ai 12 campesinos accusati ingiustamente della strage di Curuguaty. \u201cEl trueno cae y se queda entre las hojas. Los","robots":{"index":"index","follow":"follow","max-snippet":"max-snippet:-1","max-image-preview":"max-image-preview:large","max-video-preview":"max-video-preview:-1"},"canonical":"https:\/\/www.pressenza.com\/it\/2015\/06\/curuguaty-una-ferita-nelle-vene-aperte-dellamerica-latina\/","og_locale":"it_IT","og_type":"article","og_title":"Curuguaty, una ferita nelle vene aperte dell'America Latina","og_description":"Sta per ricominciare il processo ai 12 campesinos accusati ingiustamente della strage di Curuguaty. \u201cEl trueno cae y se queda entre las hojas. Los","og_url":"https:\/\/www.pressenza.com\/it\/2015\/06\/curuguaty-una-ferita-nelle-vene-aperte-dellamerica-latina\/","og_site_name":"Pressenza","article_publisher":"https:\/\/www.facebook.com\/PressenzaItalia","article_published_time":"2015-06-21T14:33:58+00:00","article_modified_time":"2015-06-21T15:31:57+00:00","og_image":[{"width":600,"height":450,"url":"https:\/\/www.pressenza.com\/wp-content\/uploads\/2014\/03\/04-Carol-Thiede.jpg","type":"image\/jpeg"}],"author":"Francesco Cecchini","twitter_card":"summary_large_image","twitter_creator":"@PressenzaIPA","twitter_site":"@PressenzaIPA","twitter_misc":{"Scritto da":"Francesco Cecchini","Tempo di lettura stimato":"6 minuti"},"schema":{"@context":"https:\/\/schema.org","@graph":[{"@type":"Article","@id":"https:\/\/www.pressenza.com\/it\/2015\/06\/curuguaty-una-ferita-nelle-vene-aperte-dellamerica-latina\/#article","isPartOf":{"@id":"https:\/\/www.pressenza.com\/it\/2015\/06\/curuguaty-una-ferita-nelle-vene-aperte-dellamerica-latina\/"},"author":{"name":"Francesco Cecchini","@id":"https:\/\/www.pressenza.com\/it\/#\/schema\/person\/921a58376e7663992b698cbe6e394c53"},"headline":"Curuguaty, una ferita nelle vene aperte dell&#8217;America Latina","datePublished":"2015-06-21T14:33:58+00:00","dateModified":"2015-06-21T15:31:57+00:00","mainEntityOfPage":{"@id":"https:\/\/www.pressenza.com\/it\/2015\/06\/curuguaty-una-ferita-nelle-vene-aperte-dellamerica-latina\/"},"wordCount":1208,"publisher":{"@id":"https:\/\/www.pressenza.com\/it\/#organization"},"image":{"@id":"https:\/\/www.pressenza.com\/it\/2015\/06\/curuguaty-una-ferita-nelle-vene-aperte-dellamerica-latina\/#primaryimage"},"thumbnailUrl":"https:\/\/www.pressenza.com\/wp-content\/uploads\/2014\/03\/04-Carol-Thiede.jpg","keywords":["America Latina","campesinos","Curuguaty","Paraguay"],"articleSection":["contenuti originali","Diritti Umani","Opinioni","Sud America"],"inLanguage":"it-IT"},{"@type":"WebPage","@id":"https:\/\/www.pressenza.com\/it\/2015\/06\/curuguaty-una-ferita-nelle-vene-aperte-dellamerica-latina\/","url":"https:\/\/www.pressenza.com\/it\/2015\/06\/curuguaty-una-ferita-nelle-vene-aperte-dellamerica-latina\/","name":"Curuguaty, una ferita nelle vene aperte dell'America Latina","isPartOf":{"@id":"https:\/\/www.pressenza.com\/it\/#website"},"primaryImageOfPage":{"@id":"https:\/\/www.pressenza.com\/it\/2015\/06\/curuguaty-una-ferita-nelle-vene-aperte-dellamerica-latina\/#primaryimage"},"image":{"@id":"https:\/\/www.pressenza.com\/it\/2015\/06\/curuguaty-una-ferita-nelle-vene-aperte-dellamerica-latina\/#primaryimage"},"thumbnailUrl":"https:\/\/www.pressenza.com\/wp-content\/uploads\/2014\/03\/04-Carol-Thiede.jpg","datePublished":"2015-06-21T14:33:58+00:00","dateModified":"2015-06-21T15:31:57+00:00","description":"Sta per ricominciare il processo ai 12 campesinos accusati ingiustamente della strage di Curuguaty. \u201cEl trueno cae y se queda entre las hojas. Los","breadcrumb":{"@id":"https:\/\/www.pressenza.com\/it\/2015\/06\/curuguaty-una-ferita-nelle-vene-aperte-dellamerica-latina\/#breadcrumb"},"inLanguage":"it-IT","potentialAction":[{"@type":"ReadAction","target":["https:\/\/www.pressenza.com\/it\/2015\/06\/curuguaty-una-ferita-nelle-vene-aperte-dellamerica-latina\/"]}]},{"@type":"ImageObject","inLanguage":"it-IT","@id":"https:\/\/www.pressenza.com\/it\/2015\/06\/curuguaty-una-ferita-nelle-vene-aperte-dellamerica-latina\/#primaryimage","url":"https:\/\/www.pressenza.com\/wp-content\/uploads\/2014\/03\/04-Carol-Thiede.jpg","contentUrl":"https:\/\/www.pressenza.com\/wp-content\/uploads\/2014\/03\/04-Carol-Thiede.jpg","width":600,"height":450},{"@type":"BreadcrumbList","@id":"https:\/\/www.pressenza.com\/it\/2015\/06\/curuguaty-una-ferita-nelle-vene-aperte-dellamerica-latina\/#breadcrumb","itemListElement":[{"@type":"ListItem","position":1,"name":"Accueil","item":"https:\/\/www.pressenza.com\/it\/"},{"@type":"ListItem","position":2,"name":"Curuguaty, una ferita nelle vene aperte dell&#8217;America Latina"}]},{"@type":"WebSite","@id":"https:\/\/www.pressenza.com\/it\/#website","url":"https:\/\/www.pressenza.com\/it\/","name":"Pressenza","description":"Agenzia di Stampa Internazionale","publisher":{"@id":"https:\/\/www.pressenza.com\/it\/#organization"},"potentialAction":[{"@type":"SearchAction","target":{"@type":"EntryPoint","urlTemplate":"https:\/\/www.pressenza.com\/it\/?s={search_term_string}"},"query-input":{"@type":"PropertyValueSpecification","valueRequired":true,"valueName":"search_term_string"}}],"inLanguage":"it-IT"},{"@type":"Organization","@id":"https:\/\/www.pressenza.com\/it\/#organization","name":"Pressenza","url":"https:\/\/www.pressenza.com\/it\/","logo":{"@type":"ImageObject","inLanguage":"it-IT","@id":"https:\/\/www.pressenza.com\/it\/#\/schema\/logo\/image\/","url":"https:\/\/www.pressenza.com\/wp-content\/uploads\/2022\/10\/pressenza_logo_200x200.jpg","contentUrl":"https:\/\/www.pressenza.com\/wp-content\/uploads\/2022\/10\/pressenza_logo_200x200.jpg","width":200,"height":200,"caption":"Pressenza"},"image":{"@id":"https:\/\/www.pressenza.com\/it\/#\/schema\/logo\/image\/"},"sameAs":["https:\/\/www.facebook.com\/PressenzaItalia","https:\/\/x.com\/PressenzaIPA"]},{"@type":"Person","@id":"https:\/\/www.pressenza.com\/it\/#\/schema\/person\/921a58376e7663992b698cbe6e394c53","name":"Francesco Cecchini","url":"https:\/\/www.pressenza.com\/it\/author\/francesco-cecchini\/"}]}},"place":"","original_article_url":"","_links":{"self":[{"href":"https:\/\/www.pressenza.com\/it\/wp-json\/wp\/v2\/posts\/195569","targetHints":{"allow":["GET"]}}],"collection":[{"href":"https:\/\/www.pressenza.com\/it\/wp-json\/wp\/v2\/posts"}],"about":[{"href":"https:\/\/www.pressenza.com\/it\/wp-json\/wp\/v2\/types\/post"}],"author":[{"embeddable":true,"href":"https:\/\/www.pressenza.com\/it\/wp-json\/wp\/v2\/users\/1190"}],"replies":[{"embeddable":true,"href":"https:\/\/www.pressenza.com\/it\/wp-json\/wp\/v2\/comments?post=195569"}],"version-history":[{"count":0,"href":"https:\/\/www.pressenza.com\/it\/wp-json\/wp\/v2\/posts\/195569\/revisions"}],"wp:featuredmedia":[{"embeddable":true,"href":"https:\/\/www.pressenza.com\/it\/wp-json\/wp\/v2\/media\/92653"}],"wp:attachment":[{"href":"https:\/\/www.pressenza.com\/it\/wp-json\/wp\/v2\/media?parent=195569"}],"wp:term":[{"taxonomy":"category","embeddable":true,"href":"https:\/\/www.pressenza.com\/it\/wp-json\/wp\/v2\/categories?post=195569"},{"taxonomy":"post_tag","embeddable":true,"href":"https:\/\/www.pressenza.com\/it\/wp-json\/wp\/v2\/tags?post=195569"}],"curies":[{"name":"wp","href":"https:\/\/api.w.org\/{rel}","templated":true}]}}