{"id":195176,"date":"2015-06-19T17:45:11","date_gmt":"2015-06-19T16:45:11","guid":{"rendered":"http:\/\/www.pressenza.com\/?p=195176"},"modified":"2015-06-19T17:45:11","modified_gmt":"2015-06-19T16:45:11","slug":"coalizione-italiana-parigi-2015-mobilitiamoci-per-il-clima","status":"publish","type":"post","link":"https:\/\/www.pressenza.com\/it\/2015\/06\/coalizione-italiana-parigi-2015-mobilitiamoci-per-il-clima\/","title":{"rendered":"Coalizione italiana Parigi 2015: mobilitiamoci per il clima"},"content":{"rendered":"<p><strong>Gli Stati generali sui cambiamenti climatici segnino una nuova stagione delle politiche\u00a0su energia, innovazione, manutenzione del territorio<br \/>\n<\/strong><strong>Cinque proposte per il governo Renzi<\/strong><\/p>\n<p>Gli Stati generali sui cambiamenti climatici e sulla difesa del territorio, convocati dal governo Renzi il 22 giugno, devono segnare l&#8217;apertura di una pagina nuova su un tema che \u00e8 oggi pi\u00f9 che mai al centro dell&#8217;agenda politica internazionale. L&#8217;Italia \u00e8 infatti l&#8217;unico dei grandi paesi europei che non ha ancora alcuno strumento strategico che fissi obiettivi e tappe di riduzione delle emissioni di gas serra e sono significativi i ritardi nelle politiche di adattamento, quando sono sempre pi\u00f9 evidenti gli impatti nel territorio, che si accelereranno in una prospettiva di riscaldamento globale legata alla crescita delle emissioni climalteranti.<\/p>\n<p>L&#8217;augurio \u00e8 che, con questi Stati generali, l&#8217;Italia guardi finalmente verso un futuro incentrato su fonti rinnovabili ed efficienza energetica, su un\u2019economia circolare che valorizzi i territori, su un\u2019agricoltura che rafforzi le naturali funzioni del suolo di assorbimento della CO2, la manutenzione dal rischio idrogeologico, il ripristino della funzionalit\u00e0 dei sistemi naturali. Dunque che cambi finalmente l&#8217;asse della politica del governo Renzi, che in questi 16 mesi ha puntato sulle trivellazioni di petrolio e gas e alla riprivatizzazione dell\u2019acqua &#8211; con il decreto Sblocca Italia &#8211; e messo paletti alla crescita delle fonti rinnovabili (con lo spalma incentivi e con la recente bozza di decreto sulle fonti rinnovabili elettriche) ci\u00f2 nonostante il successo realizzato negli ultimi dieci anni, con un contributo rispetto ai consumi elettrici passato dal 15 al 38%.<\/p>\n<p>Gli stati generali devono essere l&#8217;avvio di un nuovo percorso per traghettare l&#8217;Italia oltre la crisi e verso un economia \u201clow carbon\u201d che valorizzi e crei occupazione nei territori. Proprio in questa direzione deve andare il ruolo che l&#8217;Italia dovr\u00e0 svolgere nell&#8217;Unione europea alla Conferenza sul clima di Parigi, per raggiungere un accordo che permetta al mondo di agire insieme, di agire in fretta, di agire in modo efficace ed equo.<\/p>\n<p>La \u201cCoalizione italiana Parigi 2015: mobilitiamoci per il clima\u201d chiede che il governo italiano prenda un chiaro impegno su cinque azioni fondamentali per il clima:<\/p>\n<p><em>1) Approvare prima della Conferenza di Parigi una strategia per il clima<\/em><\/p>\n<p>L&#8217;Italia ha un indifferibile bisogno di una strategia che fissi gli obiettivi di riduzione delle emissioni di gas serra, col relativo Piano di azioni, secondo una prospettiva che assuma sul serio gli obiettivi europei, per l&#8217;interesse che ha il nostro Paese a ridurre importazioni e consumi di fonti fossili in tutti i settori strategici e a intrecciare obiettivi economici, industriali e sociali.<\/p>\n<p><em>2) Realizzare con scelte concrete la just transition verso un\u2019economia low carbon<\/em><\/p>\n<p>Dall&#8217;edilizia all&#8217;industria, dall&#8217;agricoltura ai trasporti, occorre spingere con forza un\u2019innovazione trasversale ai diversi settori che permetta di ridurre i consumi energetici e le emissioni, aiutando cos\u00ec le famiglie e le imprese. Per questo serve accompagnare con efficaci politiche le fonti rinnovabili verso la grid parity, in una prospettiva di generazione distribuita integrata nei territori e con interventi di efficienza energetica per ridurre la domanda di energia. Un nuovo modello economico sostenibile si basa su un\u2019economia circolare, che permette di tenere assieme gli obiettivi di tutela e corretta gestione delle risorse, di recupero, riciclo e riuso delle materie, fondamentale in un Paese storicamente importatore come l&#8217;Italia. Il governo deve intervenire cancellando tutte le barriere che ostacolano lo sviluppo delle fonti rinnovabili e dell\u2019efficienza energetica, che sono state messe in questi anni con interventi retroattivi, il perdurare dell&#8217;incertezza sulle politiche, le barriere all&#8217;approvazione degli impianti anche di piccola taglia. Il primo segnale che va mandato subito riguarda la radicale modifica della bozza di decreto sulle rinnovabili elettriche non fotovoltaiche. Il secondo riguarda l&#8217;attuazione di quanto prevedono la direttiva sull&#8217;efficienza energetica e lo stesso decreto attuativo, sbloccando finalmente il fondo per gli investimenti e introducendo regole chiare per i controlli in edilizia, nell&#8217;interesse dei cittadini. L\u2019impegno per la decarbonizzazione dell&#8217;economia deve essere accompagnato da interventi di sostegno al mercato del lavoro, una solida agenda sociale che comprenda: investimenti per la creazione di posti di lavoro di qualit\u00e0, la partecipazione dei lavoratori, la riqualificazione delle competenze e dei curriculum verso i nuovi settori dello sviluppo sostenibile, la ricollocazione dei lavoratori dei settori altamente inquinanti che verranno dismessi, la protezione sociale e il rispetto dei diritti del lavoro.<\/p>\n<p><em>3) Stop ai sussidi alle fonti fossili e alle trivellazioni di petrolio e gas<\/em><\/p>\n<p>Come sancito dall&#8217;ultimo G7 in Germania, occorre cancellare tutti i sussidi diretti e indiretti alle fonti fossili che ancora esistono in Italia nelle bollette elettriche, nell&#8217;autotrasporto, nelle politiche industriali. Ma il governo Renzi deve anche cambiare strada rispetto alle scelte realizzate negli ultimi anni di via libera alle trivellazioni petrolifere, in Italia e nel Mediterraneo.<\/p>\n<p><em>4) Adattamento del territorio ai cambiamenti climatici<\/em><\/p>\n<p>Dopo la definitiva approvazione della strategia nazionale di adattamento, occorre passare dalle parole ai fatti con politiche di rafforzamento della resilienza dei territori rispetto ai fenomeni meteorologici estremi, di messa in sicurezza delle citt\u00e0 dagli impatti e i danni che sempre pi\u00f9 spesso si determinano, di manutenzione del territorio e di riduzione del rischio, di valorizzazione del ruolo dell&#8217;agricoltura. In questa direzione, attraverso la chiave dell&#8217;adattamento, deve realizzarsi subito la revisione dei progetti contro il dissesto idrogeologico.<\/p>\n<p><em>5) Sviluppo sostenibile nel mondo, a partire dal Mediterraneo<\/em><\/p>\n<p>L&#8217;Italia, all&#8217;interno dell&#8217;Europa, deve diventare protagonista di una politica di sviluppo nel mondo che sostenga i paesi pi\u00f9 poveri, sia attraverso politiche di trasferimento tecnologico e realizzazione di progetti di innovazione energetica, che di intervento per aiutare i territori pi\u00f9 esposti al rischio e agli impatti del rischio climatico. In particolare l&#8217;Italia deve assumere questo obiettivo con forza rispetto al Mediterraneo, partecipando al finanziamento del Fondo Verde per il clima con fondi addizionali e individuando progetti di cooperazione per aiutare territori e comunit\u00e0 in progetti di fonti rinnovabili e di adattamento delle citt\u00e0 e delle aree agricole ai cambiamenti climatici, in modo anche da affrontare la questione dei profughi ambientali.<\/p>\n<p><em>Primi promotori della\u201d Coalizione italiana Parigi 2015: mobilitiamoci per il clima\u201d: ACLI, AIAB, AIIG, ARCI, ARCI CACCIA, ARCI SERVIZIO CIVILE, ASUD, AUSER, CEVI &#8211; CENTRO DI VOLONTARIATO INTERNAZIONALE DI UDINE, CGIL, CIA, COLDIRETTI, COMITATO ROMA XII PER I BENI COMUNI, COOP \u201cE&#8217; NOSTRA\u201d-ENERGIA CONDIVISA, COORDINAMENTO FREE, CTS, FEDERCONSUMATORI, FIAB, FIMA, FIOM, FOCSIV, FONDAZIONE CULTURALE RESPONSABILITA&#8217; ETICA, FORUM ITALIANO DEI MOVIMENTI PER L&#8217;ACQUA, FORUM SICILIANO DEI MOVIMENTI PER L&#8217;ACQUA ED I BENI COMUNI, GIORNALISTI NELL\u2019ERBA, GREENBIZ.IT, GREENME.IT, GREENPEACE, ISDE-MEDICI PER L&#8217;AMBIENTE, ISTITUTO NAZIONALE URBANISTICA \u2013 INU, ITALIAN CLIMATE NETWORK, KYOTO CLUB, LA NUOVA ECOLOGIA, LEGA PESCA, LEGAMBIENTE, LINK, LIPU, LUNARIA, MAREVIVO, MOVIMENTO CONSUMATORI, MOVIMENTO DIFESA CITTADINO, OXFAM, PRO NATURA, QUALENERGIA, RETE DEGLI STUDENTI MEDI, RETE DELLA CONOSCENZA, RETE PER LA PACE, RINNOVABILI.IT, RSU ALMAVIVA, SALVIAMO IL PAESAGGIO, SBILANCIAMOCI, SCELGO LA TERRA, SI&#8217; RINNOVABILI NO NUCLEARE, SLOW FOOD ITALIA, SPI \u2013 CGIL, TOURING CLUB ITALIANO, UIL, UISP, UNIONE DEGLI STUDENTI, UNIONE DEGLI UNIVERSITARI, WWF ITALIA<\/em><\/p>\n","protected":false},"excerpt":{"rendered":"<p>Gli Stati generali sui cambiamenti climatici segnino una nuova stagione delle politiche\u00a0su energia, innovazione, manutenzione del territorio Cinque proposte per il governo Renzi Gli Stati generali sui cambiamenti climatici e sulla difesa del territorio, convocati dal governo Renzi il 22&hellip;<\/p>\n","protected":false},"author":618,"featured_media":195179,"comment_status":"closed","ping_status":"open","sticky":false,"template":"","format":"standard","meta":{"footnotes":""},"categories":[150,59,47],"tags":[6933,7908,18087,8850,3091],"class_list":["post-195176","post","type-post","status-publish","format-standard","has-post-thumbnail","hentry","category-comunicati-stampa","category-ambiente-ecologia","category-europa","tag-cambiamenti-climatici","tag-clima","tag-conferenza-di-parigi-2015","tag-fonti-rinnovabili","tag-sviluppo-sostenibile"],"yoast_head":"<!-- This site is optimized with the Yoast SEO plugin v27.1.1 - https:\/\/yoast.com\/product\/yoast-seo-wordpress\/ -->\n<title>Coalizione italiana Parigi 2015: mobilitiamoci per il clima<\/title>\n<meta name=\"description\" content=\"Gli Stati generali sui cambiamenti climatici segnino una nuova stagione delle politiche\u00a0su energia, innovazione, manutenzione del territorio Cinque\" \/>\n<meta name=\"robots\" content=\"index, follow, max-snippet:-1, max-image-preview:large, max-video-preview:-1\" \/>\n<link rel=\"canonical\" href=\"https:\/\/www.pressenza.com\/it\/2015\/06\/coalizione-italiana-parigi-2015-mobilitiamoci-per-il-clima\/\" \/>\n<meta property=\"og:locale\" content=\"it_IT\" \/>\n<meta property=\"og:type\" content=\"article\" \/>\n<meta property=\"og:title\" content=\"Coalizione italiana Parigi 2015: mobilitiamoci per il clima\" \/>\n<meta property=\"og:description\" content=\"Gli Stati generali sui cambiamenti climatici segnino una nuova stagione delle politiche\u00a0su energia, innovazione, manutenzione del territorio Cinque\" \/>\n<meta property=\"og:url\" content=\"https:\/\/www.pressenza.com\/it\/2015\/06\/coalizione-italiana-parigi-2015-mobilitiamoci-per-il-clima\/\" \/>\n<meta property=\"og:site_name\" content=\"Pressenza\" \/>\n<meta property=\"article:publisher\" content=\"https:\/\/www.facebook.com\/PressenzaItalia\" \/>\n<meta property=\"article:author\" content=\"https:\/\/www.facebook.com\/GreenpeaceItalia\/\" \/>\n<meta property=\"article:published_time\" content=\"2015-06-19T16:45:11+00:00\" \/>\n<meta property=\"og:image\" content=\"https:\/\/www.pressenza.com\/wp-content\/uploads\/2015\/06\/TourEiffel_COP21.jpg\" \/>\n\t<meta property=\"og:image:width\" content=\"800\" \/>\n\t<meta property=\"og:image:height\" content=\"533\" \/>\n\t<meta property=\"og:image:type\" content=\"image\/jpeg\" \/>\n<meta name=\"author\" content=\"Greenpeace Italia\" \/>\n<meta name=\"twitter:card\" content=\"summary_large_image\" \/>\n<meta name=\"twitter:creator\" content=\"@PressenzaIPA\" \/>\n<meta name=\"twitter:site\" content=\"@PressenzaIPA\" \/>\n<meta name=\"twitter:label1\" content=\"Scritto da\" \/>\n\t<meta name=\"twitter:data1\" content=\"Greenpeace Italia\" \/>\n\t<meta name=\"twitter:label2\" content=\"Tempo di lettura stimato\" \/>\n\t<meta name=\"twitter:data2\" content=\"6 minuti\" \/>\n<script type=\"application\/ld+json\" class=\"yoast-schema-graph\">{\"@context\":\"https:\/\/schema.org\",\"@graph\":[{\"@type\":\"Article\",\"@id\":\"https:\/\/www.pressenza.com\/it\/2015\/06\/coalizione-italiana-parigi-2015-mobilitiamoci-per-il-clima\/#article\",\"isPartOf\":{\"@id\":\"https:\/\/www.pressenza.com\/it\/2015\/06\/coalizione-italiana-parigi-2015-mobilitiamoci-per-il-clima\/\"},\"author\":{\"name\":\"Greenpeace Italia\",\"@id\":\"https:\/\/www.pressenza.com\/it\/#\/schema\/person\/2b5e1aef56a92e7fcda4ef0db68c28f0\"},\"headline\":\"Coalizione italiana Parigi 2015: mobilitiamoci per il clima\",\"datePublished\":\"2015-06-19T16:45:11+00:00\",\"mainEntityOfPage\":{\"@id\":\"https:\/\/www.pressenza.com\/it\/2015\/06\/coalizione-italiana-parigi-2015-mobilitiamoci-per-il-clima\/\"},\"wordCount\":1171,\"publisher\":{\"@id\":\"https:\/\/www.pressenza.com\/it\/#organization\"},\"image\":{\"@id\":\"https:\/\/www.pressenza.com\/it\/2015\/06\/coalizione-italiana-parigi-2015-mobilitiamoci-per-il-clima\/#primaryimage\"},\"thumbnailUrl\":\"https:\/\/www.pressenza.com\/wp-content\/uploads\/2015\/06\/TourEiffel_COP21.jpg\",\"keywords\":[\"cambiamenti climatici\",\"clima\",\"conferenza di Parigi 2015\",\"fonti rinnovabili\",\"sviluppo sostenibile\"],\"articleSection\":[\"Comunicati Stampa\",\"Ecologia ed Ambiente\",\"Europa\"],\"inLanguage\":\"it-IT\"},{\"@type\":\"WebPage\",\"@id\":\"https:\/\/www.pressenza.com\/it\/2015\/06\/coalizione-italiana-parigi-2015-mobilitiamoci-per-il-clima\/\",\"url\":\"https:\/\/www.pressenza.com\/it\/2015\/06\/coalizione-italiana-parigi-2015-mobilitiamoci-per-il-clima\/\",\"name\":\"Coalizione italiana Parigi 2015: mobilitiamoci per il clima\",\"isPartOf\":{\"@id\":\"https:\/\/www.pressenza.com\/it\/#website\"},\"primaryImageOfPage\":{\"@id\":\"https:\/\/www.pressenza.com\/it\/2015\/06\/coalizione-italiana-parigi-2015-mobilitiamoci-per-il-clima\/#primaryimage\"},\"image\":{\"@id\":\"https:\/\/www.pressenza.com\/it\/2015\/06\/coalizione-italiana-parigi-2015-mobilitiamoci-per-il-clima\/#primaryimage\"},\"thumbnailUrl\":\"https:\/\/www.pressenza.com\/wp-content\/uploads\/2015\/06\/TourEiffel_COP21.jpg\",\"datePublished\":\"2015-06-19T16:45:11+00:00\",\"description\":\"Gli Stati generali sui cambiamenti climatici segnino una nuova stagione delle politiche\u00a0su energia, innovazione, manutenzione del territorio Cinque\",\"breadcrumb\":{\"@id\":\"https:\/\/www.pressenza.com\/it\/2015\/06\/coalizione-italiana-parigi-2015-mobilitiamoci-per-il-clima\/#breadcrumb\"},\"inLanguage\":\"it-IT\",\"potentialAction\":[{\"@type\":\"ReadAction\",\"target\":[\"https:\/\/www.pressenza.com\/it\/2015\/06\/coalizione-italiana-parigi-2015-mobilitiamoci-per-il-clima\/\"]}]},{\"@type\":\"ImageObject\",\"inLanguage\":\"it-IT\",\"@id\":\"https:\/\/www.pressenza.com\/it\/2015\/06\/coalizione-italiana-parigi-2015-mobilitiamoci-per-il-clima\/#primaryimage\",\"url\":\"https:\/\/www.pressenza.com\/wp-content\/uploads\/2015\/06\/TourEiffel_COP21.jpg\",\"contentUrl\":\"https:\/\/www.pressenza.com\/wp-content\/uploads\/2015\/06\/TourEiffel_COP21.jpg\",\"width\":800,\"height\":533},{\"@type\":\"BreadcrumbList\",\"@id\":\"https:\/\/www.pressenza.com\/it\/2015\/06\/coalizione-italiana-parigi-2015-mobilitiamoci-per-il-clima\/#breadcrumb\",\"itemListElement\":[{\"@type\":\"ListItem\",\"position\":1,\"name\":\"Accueil\",\"item\":\"https:\/\/www.pressenza.com\/it\/\"},{\"@type\":\"ListItem\",\"position\":2,\"name\":\"Coalizione italiana Parigi 2015: mobilitiamoci per il clima\"}]},{\"@type\":\"WebSite\",\"@id\":\"https:\/\/www.pressenza.com\/it\/#website\",\"url\":\"https:\/\/www.pressenza.com\/it\/\",\"name\":\"Pressenza\",\"description\":\"Agenzia di Stampa Internazionale\",\"publisher\":{\"@id\":\"https:\/\/www.pressenza.com\/it\/#organization\"},\"potentialAction\":[{\"@type\":\"SearchAction\",\"target\":{\"@type\":\"EntryPoint\",\"urlTemplate\":\"https:\/\/www.pressenza.com\/it\/?s={search_term_string}\"},\"query-input\":{\"@type\":\"PropertyValueSpecification\",\"valueRequired\":true,\"valueName\":\"search_term_string\"}}],\"inLanguage\":\"it-IT\"},{\"@type\":\"Organization\",\"@id\":\"https:\/\/www.pressenza.com\/it\/#organization\",\"name\":\"Pressenza\",\"url\":\"https:\/\/www.pressenza.com\/it\/\",\"logo\":{\"@type\":\"ImageObject\",\"inLanguage\":\"it-IT\",\"@id\":\"https:\/\/www.pressenza.com\/it\/#\/schema\/logo\/image\/\",\"url\":\"https:\/\/www.pressenza.com\/wp-content\/uploads\/2022\/10\/pressenza_logo_200x200.jpg\",\"contentUrl\":\"https:\/\/www.pressenza.com\/wp-content\/uploads\/2022\/10\/pressenza_logo_200x200.jpg\",\"width\":200,\"height\":200,\"caption\":\"Pressenza\"},\"image\":{\"@id\":\"https:\/\/www.pressenza.com\/it\/#\/schema\/logo\/image\/\"},\"sameAs\":[\"https:\/\/www.facebook.com\/PressenzaItalia\",\"https:\/\/x.com\/PressenzaIPA\"]},{\"@type\":\"Person\",\"@id\":\"https:\/\/www.pressenza.com\/it\/#\/schema\/person\/2b5e1aef56a92e7fcda4ef0db68c28f0\",\"name\":\"Greenpeace Italia\",\"sameAs\":[\"http:\/\/www.greenpeace.it\",\"https:\/\/www.facebook.com\/GreenpeaceItalia\/\"],\"url\":\"https:\/\/www.pressenza.com\/it\/author\/greenpeace-italia\/\"}]}<\/script>\n<!-- \/ Yoast SEO plugin. -->","yoast_head_json":{"title":"Coalizione italiana Parigi 2015: mobilitiamoci per il clima","description":"Gli Stati generali sui cambiamenti climatici segnino una nuova stagione delle politiche\u00a0su energia, innovazione, manutenzione del territorio Cinque","robots":{"index":"index","follow":"follow","max-snippet":"max-snippet:-1","max-image-preview":"max-image-preview:large","max-video-preview":"max-video-preview:-1"},"canonical":"https:\/\/www.pressenza.com\/it\/2015\/06\/coalizione-italiana-parigi-2015-mobilitiamoci-per-il-clima\/","og_locale":"it_IT","og_type":"article","og_title":"Coalizione italiana Parigi 2015: mobilitiamoci per il clima","og_description":"Gli Stati generali sui cambiamenti climatici segnino una nuova stagione delle politiche\u00a0su energia, innovazione, manutenzione del territorio Cinque","og_url":"https:\/\/www.pressenza.com\/it\/2015\/06\/coalizione-italiana-parigi-2015-mobilitiamoci-per-il-clima\/","og_site_name":"Pressenza","article_publisher":"https:\/\/www.facebook.com\/PressenzaItalia","article_author":"https:\/\/www.facebook.com\/GreenpeaceItalia\/","article_published_time":"2015-06-19T16:45:11+00:00","og_image":[{"width":800,"height":533,"url":"https:\/\/www.pressenza.com\/wp-content\/uploads\/2015\/06\/TourEiffel_COP21.jpg","type":"image\/jpeg"}],"author":"Greenpeace Italia","twitter_card":"summary_large_image","twitter_creator":"@PressenzaIPA","twitter_site":"@PressenzaIPA","twitter_misc":{"Scritto da":"Greenpeace Italia","Tempo di lettura stimato":"6 minuti"},"schema":{"@context":"https:\/\/schema.org","@graph":[{"@type":"Article","@id":"https:\/\/www.pressenza.com\/it\/2015\/06\/coalizione-italiana-parigi-2015-mobilitiamoci-per-il-clima\/#article","isPartOf":{"@id":"https:\/\/www.pressenza.com\/it\/2015\/06\/coalizione-italiana-parigi-2015-mobilitiamoci-per-il-clima\/"},"author":{"name":"Greenpeace Italia","@id":"https:\/\/www.pressenza.com\/it\/#\/schema\/person\/2b5e1aef56a92e7fcda4ef0db68c28f0"},"headline":"Coalizione italiana Parigi 2015: mobilitiamoci per il clima","datePublished":"2015-06-19T16:45:11+00:00","mainEntityOfPage":{"@id":"https:\/\/www.pressenza.com\/it\/2015\/06\/coalizione-italiana-parigi-2015-mobilitiamoci-per-il-clima\/"},"wordCount":1171,"publisher":{"@id":"https:\/\/www.pressenza.com\/it\/#organization"},"image":{"@id":"https:\/\/www.pressenza.com\/it\/2015\/06\/coalizione-italiana-parigi-2015-mobilitiamoci-per-il-clima\/#primaryimage"},"thumbnailUrl":"https:\/\/www.pressenza.com\/wp-content\/uploads\/2015\/06\/TourEiffel_COP21.jpg","keywords":["cambiamenti climatici","clima","conferenza di Parigi 2015","fonti rinnovabili","sviluppo sostenibile"],"articleSection":["Comunicati Stampa","Ecologia ed Ambiente","Europa"],"inLanguage":"it-IT"},{"@type":"WebPage","@id":"https:\/\/www.pressenza.com\/it\/2015\/06\/coalizione-italiana-parigi-2015-mobilitiamoci-per-il-clima\/","url":"https:\/\/www.pressenza.com\/it\/2015\/06\/coalizione-italiana-parigi-2015-mobilitiamoci-per-il-clima\/","name":"Coalizione italiana Parigi 2015: mobilitiamoci per il clima","isPartOf":{"@id":"https:\/\/www.pressenza.com\/it\/#website"},"primaryImageOfPage":{"@id":"https:\/\/www.pressenza.com\/it\/2015\/06\/coalizione-italiana-parigi-2015-mobilitiamoci-per-il-clima\/#primaryimage"},"image":{"@id":"https:\/\/www.pressenza.com\/it\/2015\/06\/coalizione-italiana-parigi-2015-mobilitiamoci-per-il-clima\/#primaryimage"},"thumbnailUrl":"https:\/\/www.pressenza.com\/wp-content\/uploads\/2015\/06\/TourEiffel_COP21.jpg","datePublished":"2015-06-19T16:45:11+00:00","description":"Gli Stati generali sui cambiamenti climatici segnino una nuova stagione delle politiche\u00a0su energia, innovazione, manutenzione del territorio Cinque","breadcrumb":{"@id":"https:\/\/www.pressenza.com\/it\/2015\/06\/coalizione-italiana-parigi-2015-mobilitiamoci-per-il-clima\/#breadcrumb"},"inLanguage":"it-IT","potentialAction":[{"@type":"ReadAction","target":["https:\/\/www.pressenza.com\/it\/2015\/06\/coalizione-italiana-parigi-2015-mobilitiamoci-per-il-clima\/"]}]},{"@type":"ImageObject","inLanguage":"it-IT","@id":"https:\/\/www.pressenza.com\/it\/2015\/06\/coalizione-italiana-parigi-2015-mobilitiamoci-per-il-clima\/#primaryimage","url":"https:\/\/www.pressenza.com\/wp-content\/uploads\/2015\/06\/TourEiffel_COP21.jpg","contentUrl":"https:\/\/www.pressenza.com\/wp-content\/uploads\/2015\/06\/TourEiffel_COP21.jpg","width":800,"height":533},{"@type":"BreadcrumbList","@id":"https:\/\/www.pressenza.com\/it\/2015\/06\/coalizione-italiana-parigi-2015-mobilitiamoci-per-il-clima\/#breadcrumb","itemListElement":[{"@type":"ListItem","position":1,"name":"Accueil","item":"https:\/\/www.pressenza.com\/it\/"},{"@type":"ListItem","position":2,"name":"Coalizione italiana Parigi 2015: mobilitiamoci per il clima"}]},{"@type":"WebSite","@id":"https:\/\/www.pressenza.com\/it\/#website","url":"https:\/\/www.pressenza.com\/it\/","name":"Pressenza","description":"Agenzia di Stampa Internazionale","publisher":{"@id":"https:\/\/www.pressenza.com\/it\/#organization"},"potentialAction":[{"@type":"SearchAction","target":{"@type":"EntryPoint","urlTemplate":"https:\/\/www.pressenza.com\/it\/?s={search_term_string}"},"query-input":{"@type":"PropertyValueSpecification","valueRequired":true,"valueName":"search_term_string"}}],"inLanguage":"it-IT"},{"@type":"Organization","@id":"https:\/\/www.pressenza.com\/it\/#organization","name":"Pressenza","url":"https:\/\/www.pressenza.com\/it\/","logo":{"@type":"ImageObject","inLanguage":"it-IT","@id":"https:\/\/www.pressenza.com\/it\/#\/schema\/logo\/image\/","url":"https:\/\/www.pressenza.com\/wp-content\/uploads\/2022\/10\/pressenza_logo_200x200.jpg","contentUrl":"https:\/\/www.pressenza.com\/wp-content\/uploads\/2022\/10\/pressenza_logo_200x200.jpg","width":200,"height":200,"caption":"Pressenza"},"image":{"@id":"https:\/\/www.pressenza.com\/it\/#\/schema\/logo\/image\/"},"sameAs":["https:\/\/www.facebook.com\/PressenzaItalia","https:\/\/x.com\/PressenzaIPA"]},{"@type":"Person","@id":"https:\/\/www.pressenza.com\/it\/#\/schema\/person\/2b5e1aef56a92e7fcda4ef0db68c28f0","name":"Greenpeace Italia","sameAs":["http:\/\/www.greenpeace.it","https:\/\/www.facebook.com\/GreenpeaceItalia\/"],"url":"https:\/\/www.pressenza.com\/it\/author\/greenpeace-italia\/"}]}},"place":"","original_article_url":"","_links":{"self":[{"href":"https:\/\/www.pressenza.com\/it\/wp-json\/wp\/v2\/posts\/195176","targetHints":{"allow":["GET"]}}],"collection":[{"href":"https:\/\/www.pressenza.com\/it\/wp-json\/wp\/v2\/posts"}],"about":[{"href":"https:\/\/www.pressenza.com\/it\/wp-json\/wp\/v2\/types\/post"}],"author":[{"embeddable":true,"href":"https:\/\/www.pressenza.com\/it\/wp-json\/wp\/v2\/users\/618"}],"replies":[{"embeddable":true,"href":"https:\/\/www.pressenza.com\/it\/wp-json\/wp\/v2\/comments?post=195176"}],"version-history":[{"count":0,"href":"https:\/\/www.pressenza.com\/it\/wp-json\/wp\/v2\/posts\/195176\/revisions"}],"wp:featuredmedia":[{"embeddable":true,"href":"https:\/\/www.pressenza.com\/it\/wp-json\/wp\/v2\/media\/195179"}],"wp:attachment":[{"href":"https:\/\/www.pressenza.com\/it\/wp-json\/wp\/v2\/media?parent=195176"}],"wp:term":[{"taxonomy":"category","embeddable":true,"href":"https:\/\/www.pressenza.com\/it\/wp-json\/wp\/v2\/categories?post=195176"},{"taxonomy":"post_tag","embeddable":true,"href":"https:\/\/www.pressenza.com\/it\/wp-json\/wp\/v2\/tags?post=195176"}],"curies":[{"name":"wp","href":"https:\/\/api.w.org\/{rel}","templated":true}]}}