{"id":193502,"date":"2015-06-13T22:26:43","date_gmt":"2015-06-13T21:26:43","guid":{"rendered":"http:\/\/www.pressenza.com\/?p=193502"},"modified":"2015-07-25T13:25:39","modified_gmt":"2015-07-25T12:25:39","slug":"linatteso-asse-lisbona-berlino","status":"publish","type":"post","link":"https:\/\/www.pressenza.com\/it\/2015\/06\/linatteso-asse-lisbona-berlino\/","title":{"rendered":"L&#8217;inatteso asse Lisbona-Berlino"},"content":{"rendered":"<div>In questi giorni \u00e8 nel vivo la trattativa tra Atene e Bruxelles riguardo il piano di riforme che condizioner\u00e0 gli aiuti dell&#8217;Unione Europea agli ellenici.<\/div>\n<div>Un inaspettato aiuto ai falchi, o meglio avvoltoi, dell&#8217;austerit\u00e0 arriva da Lisbona, dove il governo di centro destra guidato da Coelho becca Tsipras, dichiarando che per uscire dalla crisi c&#8217;\u00e8 bisogno di seguire le indicazioni della Troika (BCE, FMI, Commissione Europea), come hanno fatto loro.<\/div>\n<div><\/div>\n<div>Non si parla molto del Portogallo, paese dell&#8217;estrema periferia dell&#8217;Europa occidentale, non solo geograficamente parlando.<\/div>\n<div><\/div>\n<div>Sembrerebbe che i lusitani siano l&#8217;esempio che le cure di Berlino e i soci funzionino!<\/div>\n<div>Se si osservano i dati forniti dal Banco de Portugal, a prima vista si direbbe che si sia davvero usciti dalla crisi.<\/div>\n<div>Nel 2011 il paese fu salvato dalla bancarotta grazie a 78 miliardi di euro.<\/div>\n<div>I commissari inviati da Bruxelles (alias Berlino) per &#8220;supervisionare&#8221; la situazione se ne sono andati esattamente un anno fa.<\/div>\n<div>Le statistiche oggi parlano di una ripresa dell&#8217;economia, trainata dall&#8217;export e dal turismo.<\/div>\n<div>Il deficit del paese \u00e8 diminuito considerevolmente.<\/div>\n<div>Il PIL \u00e8 in crescita per il secondo anno consecutivo.<\/div>\n<div><\/div>\n<div>E se la Merkel, in fondo in fondo, avesse ragione?!<\/div>\n<div>Continuiamo&#8230;<\/div>\n<div><\/div>\n<div>La disoccupazione supera il 15%.<\/div>\n<div>Il salario medio \u00e8 tra i pi\u00f9 bassi dei paesi OCSE (sono messi persino peggio di noi).<\/div>\n<div>C&#8217;\u00e8 una fuga di giovani senza precedenti nella storia del Portogallo democratico.<\/div>\n<div>Nonostante la crescita del 2014 e 2015, tra il 2010 e il 2013 il PIL \u00e8 calato di 6 punti circa.<\/div>\n<div>Il debito pubblico, che prima dell&#8217;arrivo dei commissari si aggirava intorno al 94%, oggi \u00e8 al 126%.<\/div>\n<div>Si finiranno di pagare i debiti contratti con l&#8217;FMI nel 2024, e con l&#8217;UE nel 2042.<\/div>\n<div>Perci\u00f2 \u00a0si rimarr\u00e0 vincolati ad un potere extra nazionale che condizioner\u00e0 (perdonate l&#8217;eufemismo) le scelte politiche dei governi per ancora molti anni.<\/div>\n<div><\/div>\n<div>I portoghesi hanno pagato a caro prezzo l&#8217;aiuto della Troika. Taglia Welfare, aumento della pressione fiscale, privatizzazioni selvagge.<\/div>\n<div>Solita ricetta dal successo garantito.<\/div>\n<div>Il paese \u00e8 uscito sconvolto dagli anni della crisi e il segno positivo su alcuni indicatori non pu\u00f2 essere preso come un successo su cui basare Lectio Magistralis in giro per l&#8217;Europa.<\/div>\n<div>I tagli a sanit\u00e0 e istruzione hanno ucciso una gi\u00e0 precaria giustizia sociale. Il Portogallo insomma \u00e8 pi\u00f9 povero di prima .<\/div>\n<div>Dopo quella di Stoccolma arriva la &#8220;Sindrome di Lisbona&#8221;.<\/div>\n<div><\/div>\n<div><\/div>\n<p>&nbsp;<\/p>\n","protected":false},"excerpt":{"rendered":"<p>In questi giorni \u00e8 nel vivo la trattativa tra Atene e Bruxelles riguardo il piano di riforme che condizioner\u00e0 gli aiuti dell&#8217;Unione Europea agli ellenici. Un inaspettato aiuto ai falchi, o meglio avvoltoi, dell&#8217;austerit\u00e0 arriva da Lisbona, dove il governo&hellip;<\/p>\n","protected":false},"author":1199,"featured_media":193504,"comment_status":"closed","ping_status":"open","sticky":false,"template":"","format":"standard","meta":{"footnotes":""},"categories":[11388,62,47,162,55],"tags":[1098,2505,1627],"class_list":["post-193502","post","type-post","status-publish","format-standard","has-post-thumbnail","hentry","category-contenuti-originali","category-economia","category-europa","category-opinioni","category-politica","tag-fmi-it","tag-portogallo","tag-troika-it"],"yoast_head":"<!-- This site is optimized with the Yoast SEO plugin v27.1.1 - https:\/\/yoast.com\/product\/yoast-seo-wordpress\/ -->\n<title>L&#039;inatteso asse Lisbona-Berlino<\/title>\n<meta name=\"description\" content=\"Non si parla molto del Portogallo, qui ve ne descriviamo un &quot;interessante&quot; quadretto socioeconomico dopo la &quot;cura intensiva&quot; della Troika.\" \/>\n<meta name=\"robots\" content=\"index, follow, max-snippet:-1, max-image-preview:large, max-video-preview:-1\" \/>\n<link rel=\"canonical\" href=\"https:\/\/www.pressenza.com\/it\/2015\/06\/linatteso-asse-lisbona-berlino\/\" \/>\n<meta property=\"og:locale\" content=\"it_IT\" \/>\n<meta property=\"og:type\" content=\"article\" \/>\n<meta property=\"og:title\" content=\"L&#039;inatteso asse Lisbona-Berlino\" \/>\n<meta property=\"og:description\" content=\"Non si parla molto del Portogallo, qui ve ne descriviamo un &quot;interessante&quot; quadretto socioeconomico dopo la &quot;cura intensiva&quot; della Troika.\" \/>\n<meta property=\"og:url\" content=\"https:\/\/www.pressenza.com\/it\/2015\/06\/linatteso-asse-lisbona-berlino\/\" \/>\n<meta property=\"og:site_name\" content=\"Pressenza\" \/>\n<meta property=\"article:publisher\" content=\"https:\/\/www.facebook.com\/PressenzaItalia\" \/>\n<meta property=\"article:published_time\" content=\"2015-06-13T21:26:43+00:00\" \/>\n<meta property=\"article:modified_time\" content=\"2015-07-25T12:25:39+00:00\" \/>\n<meta property=\"og:image\" content=\"https:\/\/www.pressenza.com\/wp-content\/uploads\/2015\/06\/Image_3031.jpg\" \/>\n\t<meta property=\"og:image:width\" content=\"960\" \/>\n\t<meta property=\"og:image:height\" content=\"600\" \/>\n\t<meta property=\"og:image:type\" content=\"image\/jpeg\" \/>\n<meta name=\"author\" content=\"Francesco Floris\" \/>\n<meta name=\"twitter:card\" content=\"summary_large_image\" \/>\n<meta name=\"twitter:title\" content=\"L&#039;inatteso asse Lisbona-Berlino\" \/>\n<meta name=\"twitter:description\" content=\"Non si parla molto del Portogallo, qui ve ne descriviamo un &quot;interessante&quot; quadretto socioeconomico dopo la &quot;cura intensiva&quot; della Troika.\" \/>\n<meta name=\"twitter:image\" content=\"http:\/\/www.pressenza.com\/wp-content\/uploads\/2015\/06\/Image_3031.jpg\" \/>\n<meta name=\"twitter:creator\" content=\"@PressenzaIPA\" \/>\n<meta name=\"twitter:site\" content=\"@PressenzaIPA\" \/>\n<meta name=\"twitter:label1\" content=\"Scritto da\" \/>\n\t<meta name=\"twitter:data1\" content=\"Francesco Floris\" \/>\n\t<meta name=\"twitter:label2\" content=\"Tempo di lettura stimato\" \/>\n\t<meta name=\"twitter:data2\" content=\"2 minuti\" \/>\n<script type=\"application\/ld+json\" class=\"yoast-schema-graph\">{\"@context\":\"https:\/\/schema.org\",\"@graph\":[{\"@type\":\"Article\",\"@id\":\"https:\/\/www.pressenza.com\/it\/2015\/06\/linatteso-asse-lisbona-berlino\/#article\",\"isPartOf\":{\"@id\":\"https:\/\/www.pressenza.com\/it\/2015\/06\/linatteso-asse-lisbona-berlino\/\"},\"author\":{\"name\":\"Francesco Floris\",\"@id\":\"https:\/\/www.pressenza.com\/it\/#\/schema\/person\/a96055bbc930ba28a17749acf8332ea5\"},\"headline\":\"L&#8217;inatteso asse Lisbona-Berlino\",\"datePublished\":\"2015-06-13T21:26:43+00:00\",\"dateModified\":\"2015-07-25T12:25:39+00:00\",\"mainEntityOfPage\":{\"@id\":\"https:\/\/www.pressenza.com\/it\/2015\/06\/linatteso-asse-lisbona-berlino\/\"},\"wordCount\":389,\"publisher\":{\"@id\":\"https:\/\/www.pressenza.com\/it\/#organization\"},\"image\":{\"@id\":\"https:\/\/www.pressenza.com\/it\/2015\/06\/linatteso-asse-lisbona-berlino\/#primaryimage\"},\"thumbnailUrl\":\"https:\/\/www.pressenza.com\/wp-content\/uploads\/2015\/06\/Image_3031.jpg\",\"keywords\":[\"FMI\",\"Portogallo\",\"Troika\"],\"articleSection\":[\"contenuti originali\",\"Economia\",\"Europa\",\"Opinioni\",\"Politica\"],\"inLanguage\":\"it-IT\"},{\"@type\":\"WebPage\",\"@id\":\"https:\/\/www.pressenza.com\/it\/2015\/06\/linatteso-asse-lisbona-berlino\/\",\"url\":\"https:\/\/www.pressenza.com\/it\/2015\/06\/linatteso-asse-lisbona-berlino\/\",\"name\":\"L'inatteso asse Lisbona-Berlino\",\"isPartOf\":{\"@id\":\"https:\/\/www.pressenza.com\/it\/#website\"},\"primaryImageOfPage\":{\"@id\":\"https:\/\/www.pressenza.com\/it\/2015\/06\/linatteso-asse-lisbona-berlino\/#primaryimage\"},\"image\":{\"@id\":\"https:\/\/www.pressenza.com\/it\/2015\/06\/linatteso-asse-lisbona-berlino\/#primaryimage\"},\"thumbnailUrl\":\"https:\/\/www.pressenza.com\/wp-content\/uploads\/2015\/06\/Image_3031.jpg\",\"datePublished\":\"2015-06-13T21:26:43+00:00\",\"dateModified\":\"2015-07-25T12:25:39+00:00\",\"description\":\"Non si parla molto del Portogallo, qui ve ne descriviamo un \\\"interessante\\\" quadretto socioeconomico dopo la \\\"cura intensiva\\\" della Troika.\",\"breadcrumb\":{\"@id\":\"https:\/\/www.pressenza.com\/it\/2015\/06\/linatteso-asse-lisbona-berlino\/#breadcrumb\"},\"inLanguage\":\"it-IT\",\"potentialAction\":[{\"@type\":\"ReadAction\",\"target\":[\"https:\/\/www.pressenza.com\/it\/2015\/06\/linatteso-asse-lisbona-berlino\/\"]}]},{\"@type\":\"ImageObject\",\"inLanguage\":\"it-IT\",\"@id\":\"https:\/\/www.pressenza.com\/it\/2015\/06\/linatteso-asse-lisbona-berlino\/#primaryimage\",\"url\":\"https:\/\/www.pressenza.com\/wp-content\/uploads\/2015\/06\/Image_3031.jpg\",\"contentUrl\":\"https:\/\/www.pressenza.com\/wp-content\/uploads\/2015\/06\/Image_3031.jpg\",\"width\":960,\"height\":600,\"caption\":\"FMI Portogallo\"},{\"@type\":\"BreadcrumbList\",\"@id\":\"https:\/\/www.pressenza.com\/it\/2015\/06\/linatteso-asse-lisbona-berlino\/#breadcrumb\",\"itemListElement\":[{\"@type\":\"ListItem\",\"position\":1,\"name\":\"Accueil\",\"item\":\"https:\/\/www.pressenza.com\/it\/\"},{\"@type\":\"ListItem\",\"position\":2,\"name\":\"L&#8217;inatteso asse Lisbona-Berlino\"}]},{\"@type\":\"WebSite\",\"@id\":\"https:\/\/www.pressenza.com\/it\/#website\",\"url\":\"https:\/\/www.pressenza.com\/it\/\",\"name\":\"Pressenza\",\"description\":\"Agenzia di Stampa Internazionale\",\"publisher\":{\"@id\":\"https:\/\/www.pressenza.com\/it\/#organization\"},\"potentialAction\":[{\"@type\":\"SearchAction\",\"target\":{\"@type\":\"EntryPoint\",\"urlTemplate\":\"https:\/\/www.pressenza.com\/it\/?s={search_term_string}\"},\"query-input\":{\"@type\":\"PropertyValueSpecification\",\"valueRequired\":true,\"valueName\":\"search_term_string\"}}],\"inLanguage\":\"it-IT\"},{\"@type\":\"Organization\",\"@id\":\"https:\/\/www.pressenza.com\/it\/#organization\",\"name\":\"Pressenza\",\"url\":\"https:\/\/www.pressenza.com\/it\/\",\"logo\":{\"@type\":\"ImageObject\",\"inLanguage\":\"it-IT\",\"@id\":\"https:\/\/www.pressenza.com\/it\/#\/schema\/logo\/image\/\",\"url\":\"https:\/\/www.pressenza.com\/wp-content\/uploads\/2022\/10\/pressenza_logo_200x200.jpg\",\"contentUrl\":\"https:\/\/www.pressenza.com\/wp-content\/uploads\/2022\/10\/pressenza_logo_200x200.jpg\",\"width\":200,\"height\":200,\"caption\":\"Pressenza\"},\"image\":{\"@id\":\"https:\/\/www.pressenza.com\/it\/#\/schema\/logo\/image\/\"},\"sameAs\":[\"https:\/\/www.facebook.com\/PressenzaItalia\",\"https:\/\/x.com\/PressenzaIPA\"]},{\"@type\":\"Person\",\"@id\":\"https:\/\/www.pressenza.com\/it\/#\/schema\/person\/a96055bbc930ba28a17749acf8332ea5\",\"name\":\"Francesco Floris\",\"url\":\"https:\/\/www.pressenza.com\/it\/author\/francesco-floris\/\"}]}<\/script>\n<!-- \/ Yoast SEO plugin. -->","yoast_head_json":{"title":"L'inatteso asse Lisbona-Berlino","description":"Non si parla molto del Portogallo, qui ve ne descriviamo un \"interessante\" quadretto socioeconomico dopo la \"cura intensiva\" della Troika.","robots":{"index":"index","follow":"follow","max-snippet":"max-snippet:-1","max-image-preview":"max-image-preview:large","max-video-preview":"max-video-preview:-1"},"canonical":"https:\/\/www.pressenza.com\/it\/2015\/06\/linatteso-asse-lisbona-berlino\/","og_locale":"it_IT","og_type":"article","og_title":"L'inatteso asse Lisbona-Berlino","og_description":"Non si parla molto del Portogallo, qui ve ne descriviamo un \"interessante\" quadretto socioeconomico dopo la \"cura intensiva\" della Troika.","og_url":"https:\/\/www.pressenza.com\/it\/2015\/06\/linatteso-asse-lisbona-berlino\/","og_site_name":"Pressenza","article_publisher":"https:\/\/www.facebook.com\/PressenzaItalia","article_published_time":"2015-06-13T21:26:43+00:00","article_modified_time":"2015-07-25T12:25:39+00:00","og_image":[{"width":960,"height":600,"url":"https:\/\/www.pressenza.com\/wp-content\/uploads\/2015\/06\/Image_3031.jpg","type":"image\/jpeg"}],"author":"Francesco Floris","twitter_card":"summary_large_image","twitter_title":"L'inatteso asse Lisbona-Berlino","twitter_description":"Non si parla molto del Portogallo, qui ve ne descriviamo un \"interessante\" quadretto socioeconomico dopo la \"cura intensiva\" della Troika.","twitter_image":"http:\/\/www.pressenza.com\/wp-content\/uploads\/2015\/06\/Image_3031.jpg","twitter_creator":"@PressenzaIPA","twitter_site":"@PressenzaIPA","twitter_misc":{"Scritto da":"Francesco Floris","Tempo di lettura stimato":"2 minuti"},"schema":{"@context":"https:\/\/schema.org","@graph":[{"@type":"Article","@id":"https:\/\/www.pressenza.com\/it\/2015\/06\/linatteso-asse-lisbona-berlino\/#article","isPartOf":{"@id":"https:\/\/www.pressenza.com\/it\/2015\/06\/linatteso-asse-lisbona-berlino\/"},"author":{"name":"Francesco Floris","@id":"https:\/\/www.pressenza.com\/it\/#\/schema\/person\/a96055bbc930ba28a17749acf8332ea5"},"headline":"L&#8217;inatteso asse Lisbona-Berlino","datePublished":"2015-06-13T21:26:43+00:00","dateModified":"2015-07-25T12:25:39+00:00","mainEntityOfPage":{"@id":"https:\/\/www.pressenza.com\/it\/2015\/06\/linatteso-asse-lisbona-berlino\/"},"wordCount":389,"publisher":{"@id":"https:\/\/www.pressenza.com\/it\/#organization"},"image":{"@id":"https:\/\/www.pressenza.com\/it\/2015\/06\/linatteso-asse-lisbona-berlino\/#primaryimage"},"thumbnailUrl":"https:\/\/www.pressenza.com\/wp-content\/uploads\/2015\/06\/Image_3031.jpg","keywords":["FMI","Portogallo","Troika"],"articleSection":["contenuti originali","Economia","Europa","Opinioni","Politica"],"inLanguage":"it-IT"},{"@type":"WebPage","@id":"https:\/\/www.pressenza.com\/it\/2015\/06\/linatteso-asse-lisbona-berlino\/","url":"https:\/\/www.pressenza.com\/it\/2015\/06\/linatteso-asse-lisbona-berlino\/","name":"L'inatteso asse Lisbona-Berlino","isPartOf":{"@id":"https:\/\/www.pressenza.com\/it\/#website"},"primaryImageOfPage":{"@id":"https:\/\/www.pressenza.com\/it\/2015\/06\/linatteso-asse-lisbona-berlino\/#primaryimage"},"image":{"@id":"https:\/\/www.pressenza.com\/it\/2015\/06\/linatteso-asse-lisbona-berlino\/#primaryimage"},"thumbnailUrl":"https:\/\/www.pressenza.com\/wp-content\/uploads\/2015\/06\/Image_3031.jpg","datePublished":"2015-06-13T21:26:43+00:00","dateModified":"2015-07-25T12:25:39+00:00","description":"Non si parla molto del Portogallo, qui ve ne descriviamo un \"interessante\" quadretto socioeconomico dopo la \"cura intensiva\" della Troika.","breadcrumb":{"@id":"https:\/\/www.pressenza.com\/it\/2015\/06\/linatteso-asse-lisbona-berlino\/#breadcrumb"},"inLanguage":"it-IT","potentialAction":[{"@type":"ReadAction","target":["https:\/\/www.pressenza.com\/it\/2015\/06\/linatteso-asse-lisbona-berlino\/"]}]},{"@type":"ImageObject","inLanguage":"it-IT","@id":"https:\/\/www.pressenza.com\/it\/2015\/06\/linatteso-asse-lisbona-berlino\/#primaryimage","url":"https:\/\/www.pressenza.com\/wp-content\/uploads\/2015\/06\/Image_3031.jpg","contentUrl":"https:\/\/www.pressenza.com\/wp-content\/uploads\/2015\/06\/Image_3031.jpg","width":960,"height":600,"caption":"FMI Portogallo"},{"@type":"BreadcrumbList","@id":"https:\/\/www.pressenza.com\/it\/2015\/06\/linatteso-asse-lisbona-berlino\/#breadcrumb","itemListElement":[{"@type":"ListItem","position":1,"name":"Accueil","item":"https:\/\/www.pressenza.com\/it\/"},{"@type":"ListItem","position":2,"name":"L&#8217;inatteso asse Lisbona-Berlino"}]},{"@type":"WebSite","@id":"https:\/\/www.pressenza.com\/it\/#website","url":"https:\/\/www.pressenza.com\/it\/","name":"Pressenza","description":"Agenzia di Stampa Internazionale","publisher":{"@id":"https:\/\/www.pressenza.com\/it\/#organization"},"potentialAction":[{"@type":"SearchAction","target":{"@type":"EntryPoint","urlTemplate":"https:\/\/www.pressenza.com\/it\/?s={search_term_string}"},"query-input":{"@type":"PropertyValueSpecification","valueRequired":true,"valueName":"search_term_string"}}],"inLanguage":"it-IT"},{"@type":"Organization","@id":"https:\/\/www.pressenza.com\/it\/#organization","name":"Pressenza","url":"https:\/\/www.pressenza.com\/it\/","logo":{"@type":"ImageObject","inLanguage":"it-IT","@id":"https:\/\/www.pressenza.com\/it\/#\/schema\/logo\/image\/","url":"https:\/\/www.pressenza.com\/wp-content\/uploads\/2022\/10\/pressenza_logo_200x200.jpg","contentUrl":"https:\/\/www.pressenza.com\/wp-content\/uploads\/2022\/10\/pressenza_logo_200x200.jpg","width":200,"height":200,"caption":"Pressenza"},"image":{"@id":"https:\/\/www.pressenza.com\/it\/#\/schema\/logo\/image\/"},"sameAs":["https:\/\/www.facebook.com\/PressenzaItalia","https:\/\/x.com\/PressenzaIPA"]},{"@type":"Person","@id":"https:\/\/www.pressenza.com\/it\/#\/schema\/person\/a96055bbc930ba28a17749acf8332ea5","name":"Francesco Floris","url":"https:\/\/www.pressenza.com\/it\/author\/francesco-floris\/"}]}},"place":"","original_article_url":"","_links":{"self":[{"href":"https:\/\/www.pressenza.com\/it\/wp-json\/wp\/v2\/posts\/193502","targetHints":{"allow":["GET"]}}],"collection":[{"href":"https:\/\/www.pressenza.com\/it\/wp-json\/wp\/v2\/posts"}],"about":[{"href":"https:\/\/www.pressenza.com\/it\/wp-json\/wp\/v2\/types\/post"}],"author":[{"embeddable":true,"href":"https:\/\/www.pressenza.com\/it\/wp-json\/wp\/v2\/users\/1199"}],"replies":[{"embeddable":true,"href":"https:\/\/www.pressenza.com\/it\/wp-json\/wp\/v2\/comments?post=193502"}],"version-history":[{"count":0,"href":"https:\/\/www.pressenza.com\/it\/wp-json\/wp\/v2\/posts\/193502\/revisions"}],"wp:featuredmedia":[{"embeddable":true,"href":"https:\/\/www.pressenza.com\/it\/wp-json\/wp\/v2\/media\/193504"}],"wp:attachment":[{"href":"https:\/\/www.pressenza.com\/it\/wp-json\/wp\/v2\/media?parent=193502"}],"wp:term":[{"taxonomy":"category","embeddable":true,"href":"https:\/\/www.pressenza.com\/it\/wp-json\/wp\/v2\/categories?post=193502"},{"taxonomy":"post_tag","embeddable":true,"href":"https:\/\/www.pressenza.com\/it\/wp-json\/wp\/v2\/tags?post=193502"}],"curies":[{"name":"wp","href":"https:\/\/api.w.org\/{rel}","templated":true}]}}