{"id":189965,"date":"2015-06-03T19:27:20","date_gmt":"2015-06-03T18:27:20","guid":{"rendered":"http:\/\/www.pressenza.com\/?p=189965"},"modified":"2015-06-03T20:12:10","modified_gmt":"2015-06-03T19:12:10","slug":"ebraismo-e-islam-la-loro-straordinaria-convivenza","status":"publish","type":"post","link":"https:\/\/www.pressenza.com\/it\/2015\/06\/ebraismo-e-islam-la-loro-straordinaria-convivenza\/","title":{"rendered":"Ebraismo e Islam: la loro straordinaria convivenza"},"content":{"rendered":"<p>Abbiamo presentato da poco su Promosaik\u00a0la traduzione tedesca dell\u2019<a href=\"http:\/\/www.promosaik.com\/prof-yakov-m-rabkin-perspektiven-zum-muslimischen-anderen-in-der-judischen-tradition\/\">articolo\u00a0 <\/a>del Prof. Yakov M Rabkin sulle prospettive relative ai musulmani nella tradizione ebraica.<\/p>\n<p>Le conclusioni dell\u2019articolo sono molto interessanti: ebraismo e Islam, prima della formazione dell\u2019ideologia sionista e prima della fondazione dello stato coloniale di Israele, nella loro lunga storia comune avevano ottimi rapporti.<\/p>\n<p>Ritengo che la considerazione di questa bellissima convivenza tra ebrei e musulmani nella storia possa rappresentare un punto di partenza per la convivenza odierna nella pace e nella giustizia in uno stesso paese, rispettando l\u2019identit\u00e0 dell\u2019altro in tutti i suoi aspetti.<\/p>\n<p>Il sionismo \u00e8 un\u2019ideologia nazionalista e colonialista, del tutto opposta all\u2019etica ebraica e anche alla percezione ebraica del musulmano quale fratello monoteista.<\/p>\n<p>Qui di seguito trovate l\u2019intervista della nostra redazione con il Prof. Yakov sul suo preziosissimo articolo.<\/p>\n<p><strong>Caro Yakov, l\u2019associazione ProMosaik e.V. \u00e8 convinta del fatto che porre l\u2019accento sulle relazioni positive tra ebraismo ed Islam nella storia possa promuovere oggi la pace e la giustizia oltre il sionismo. Che ne pensi?<\/strong><\/p>\n<p>Proprio per questo ho deciso di scrivere questo articolo. Sono cosciente del fatto che vi siano degli sforzi propagandistici enormi per falsificare la realt\u00e0 e \u201cprovare\u201d che l\u2019inimicizia tra ebrei e musulmani sia da ricondurre alla storia e alla teologia. Comunque le persone di buona volont\u00e0, tra cui molti storici, hanno scritto molto sulla secolare convivenza amichevole tra i due gruppi religiosi.<\/p>\n<p><strong>Quali sono le strategie messe in atto dal sionismo per creare l\u2019inimicizia tra musulmani ed ebrei?<\/strong><\/p>\n<p>In realt\u00e0 le strategie sono abbastanza recenti. Il sionismo \u00e8 un movimento politico, laico e anti-religioso. Negli ultimi due decenni si \u00e8 sviluppata una tendenza nuova, che persegue lo scopo di distruggere qualsiasi speranza relativa a una possibile convivenza tra ebrei e musulmani. Queste strategie hanno ottenuto un certo successo, ma hanno anche suscitato qualche sospetto in numerosi paesi, quali il Canada, il Sudafrica e gli Stati Uniti, dove la convivenza funziona in modo del tutto naturale.<\/p>\n<p><strong>Quali sono i problemi di discriminazione alla quale sono esposti gli arabi israeliani nello stato odierno di Israele?<\/strong><\/p>\n<p>Vengono discriminati nel settore dell\u2019educazione, nel lavoro e naturalmente anche in ambito politico. Questa prassi inizialmente veniva criticata dalla Corte Suprema, ma ora questa critica sembra svanita. Infatti anche la Corte non prende le distanze dal clima sociale dominante, che ha subito uno spostamento costante verso destra.<\/p>\n<p><strong>L\u2019associazione ProMosaik e.V. ritiene che il conflitto israeliano-palestinese non sia un conflitto religioso, ma un conflitto neo-imperialista. Siamo comunque convinti che possa esserci una soluzione interreligiosa del problema. Quanto ottimista e\/o pessimista sei al riguardo?<\/strong><\/p>\n<p>Ci sono musulmani e religiosi ebrei che si sono impegnati per la pace. Il rabbino Froman e lo sceicco Yassin di Hamas, assassinato dai militari israeliani, hanno cercato invano di influenzare le forze politiche dominanti. Questi impegni devono essere portati avanti. Infatti gli ebrei ortodossi che si oppongono al sionismo non hanno abbandonato la speranza.<\/p>\n<p><strong>Caro Yakov, il tuo articolo riveste un\u2019importanza essenziale per comprendere gli atteggiamenti degli ebrei verso i musulmani. Quali sono gli aspetti fondamentali che vorresti trasmettere alle persone che ancora non lo hanno letto?<\/strong><\/p>\n<p>L\u2019ebraismo tradizionale ha sempre considerato l\u2019Islam la religione pi\u00f9 vicina, sia in relazione alla prassi che ai valori.<\/p>\n<p>Traduzione dal tedesco di <a href=\"http:\/\/www.promosaik.com\/\">Promosaik<\/a><\/p>\n","protected":false},"excerpt":{"rendered":"<p>Abbiamo presentato da poco su Promosaik\u00a0la traduzione tedesca dell\u2019articolo\u00a0 del Prof. Yakov M Rabkin sulle prospettive relative ai musulmani nella tradizione ebraica. Le conclusioni dell\u2019articolo sono molto interessanti: ebraismo e Islam, prima della formazione dell\u2019ideologia sionista e prima della fondazione&hellip;<\/p>\n","protected":false},"author":1149,"featured_media":189089,"comment_status":"closed","ping_status":"open","sticky":false,"template":"","format":"standard","meta":{"footnotes":""},"categories":[11388,157,52,1260],"tags":[3665,7420,17837,590,22209,8222,17838],"class_list":["post-189965","post","type-post","status-publish","format-standard","has-post-thumbnail","hentry","category-contenuti-originali","category-interviste","category-medio-oriente","category-umanesimo-spiritualita","tag-dialogo","tag-dialogo-interreligioso","tag-froman","tag-islam","tag-medio-oriente","tag-sionismo","tag-yassin"],"yoast_head":"<!-- This site is optimized with the Yoast SEO plugin v27.1.1 - https:\/\/yoast.com\/product\/yoast-seo-wordpress\/ -->\n<title>Ebraismo e Islam: la loro straordinaria convivenza<\/title>\n<meta name=\"description\" content=\"Abbiamo presentato da poco su Promosaik\u00a0la traduzione tedesca dell\u2019articolo\u00a0 del Prof. Yakov M Rabkin sulle prospettive relative ai musulmani nella\" \/>\n<meta name=\"robots\" content=\"index, follow, max-snippet:-1, max-image-preview:large, max-video-preview:-1\" \/>\n<link rel=\"canonical\" href=\"https:\/\/www.pressenza.com\/it\/2015\/06\/ebraismo-e-islam-la-loro-straordinaria-convivenza\/\" \/>\n<meta property=\"og:locale\" content=\"it_IT\" \/>\n<meta property=\"og:type\" content=\"article\" \/>\n<meta property=\"og:title\" content=\"Ebraismo e Islam: la loro straordinaria convivenza\" \/>\n<meta property=\"og:description\" content=\"Abbiamo presentato da poco su Promosaik\u00a0la traduzione tedesca dell\u2019articolo\u00a0 del Prof. Yakov M Rabkin sulle prospettive relative ai musulmani nella\" \/>\n<meta property=\"og:url\" content=\"https:\/\/www.pressenza.com\/it\/2015\/06\/ebraismo-e-islam-la-loro-straordinaria-convivenza\/\" \/>\n<meta property=\"og:site_name\" content=\"Pressenza\" \/>\n<meta property=\"article:publisher\" content=\"https:\/\/www.facebook.com\/PressenzaItalia\" \/>\n<meta property=\"article:published_time\" content=\"2015-06-03T18:27:20+00:00\" \/>\n<meta property=\"article:modified_time\" content=\"2015-06-03T19:12:10+00:00\" \/>\n<meta property=\"og:image\" content=\"https:\/\/www.pressenza.com\/wp-content\/uploads\/2015\/05\/conference-trip-054-cropped.jpg\" \/>\n\t<meta property=\"og:image:width\" content=\"900\" \/>\n\t<meta property=\"og:image:height\" content=\"379\" \/>\n\t<meta property=\"og:image:type\" content=\"image\/jpeg\" \/>\n<meta name=\"author\" content=\"Milena Rampoldi\" \/>\n<meta name=\"twitter:card\" content=\"summary_large_image\" \/>\n<meta name=\"twitter:creator\" content=\"@PressenzaIPA\" \/>\n<meta name=\"twitter:site\" content=\"@PressenzaIPA\" \/>\n<meta name=\"twitter:label1\" content=\"Scritto da\" \/>\n\t<meta name=\"twitter:data1\" content=\"Milena Rampoldi\" \/>\n\t<meta name=\"twitter:label2\" content=\"Tempo di lettura stimato\" \/>\n\t<meta name=\"twitter:data2\" content=\"3 minuti\" \/>\n<script type=\"application\/ld+json\" class=\"yoast-schema-graph\">{\"@context\":\"https:\/\/schema.org\",\"@graph\":[{\"@type\":\"Article\",\"@id\":\"https:\/\/www.pressenza.com\/it\/2015\/06\/ebraismo-e-islam-la-loro-straordinaria-convivenza\/#article\",\"isPartOf\":{\"@id\":\"https:\/\/www.pressenza.com\/it\/2015\/06\/ebraismo-e-islam-la-loro-straordinaria-convivenza\/\"},\"author\":{\"name\":\"Milena Rampoldi\",\"@id\":\"https:\/\/www.pressenza.com\/it\/#\/schema\/person\/1f3113f1dbef2a8376909f563854e5e5\"},\"headline\":\"Ebraismo e Islam: la loro straordinaria convivenza\",\"datePublished\":\"2015-06-03T18:27:20+00:00\",\"dateModified\":\"2015-06-03T19:12:10+00:00\",\"mainEntityOfPage\":{\"@id\":\"https:\/\/www.pressenza.com\/it\/2015\/06\/ebraismo-e-islam-la-loro-straordinaria-convivenza\/\"},\"wordCount\":557,\"publisher\":{\"@id\":\"https:\/\/www.pressenza.com\/it\/#organization\"},\"image\":{\"@id\":\"https:\/\/www.pressenza.com\/it\/2015\/06\/ebraismo-e-islam-la-loro-straordinaria-convivenza\/#primaryimage\"},\"thumbnailUrl\":\"https:\/\/www.pressenza.com\/wp-content\/uploads\/2015\/05\/conference-trip-054-cropped.jpg\",\"keywords\":[\"di\u00e1logo\",\"dialogo interreligioso\",\"Froman\",\"Islam\",\"Medio Oriente\",\"sionismo\",\"Yassin\"],\"articleSection\":[\"contenuti originali\",\"Interviste\",\"Medio Oriente\",\"Umanesimo e Spiritualit\u00e0\"],\"inLanguage\":\"it-IT\"},{\"@type\":\"WebPage\",\"@id\":\"https:\/\/www.pressenza.com\/it\/2015\/06\/ebraismo-e-islam-la-loro-straordinaria-convivenza\/\",\"url\":\"https:\/\/www.pressenza.com\/it\/2015\/06\/ebraismo-e-islam-la-loro-straordinaria-convivenza\/\",\"name\":\"Ebraismo e Islam: la loro straordinaria convivenza\",\"isPartOf\":{\"@id\":\"https:\/\/www.pressenza.com\/it\/#website\"},\"primaryImageOfPage\":{\"@id\":\"https:\/\/www.pressenza.com\/it\/2015\/06\/ebraismo-e-islam-la-loro-straordinaria-convivenza\/#primaryimage\"},\"image\":{\"@id\":\"https:\/\/www.pressenza.com\/it\/2015\/06\/ebraismo-e-islam-la-loro-straordinaria-convivenza\/#primaryimage\"},\"thumbnailUrl\":\"https:\/\/www.pressenza.com\/wp-content\/uploads\/2015\/05\/conference-trip-054-cropped.jpg\",\"datePublished\":\"2015-06-03T18:27:20+00:00\",\"dateModified\":\"2015-06-03T19:12:10+00:00\",\"description\":\"Abbiamo presentato da poco su Promosaik\u00a0la traduzione tedesca dell\u2019articolo\u00a0 del Prof. Yakov M Rabkin sulle prospettive relative ai musulmani nella\",\"breadcrumb\":{\"@id\":\"https:\/\/www.pressenza.com\/it\/2015\/06\/ebraismo-e-islam-la-loro-straordinaria-convivenza\/#breadcrumb\"},\"inLanguage\":\"it-IT\",\"potentialAction\":[{\"@type\":\"ReadAction\",\"target\":[\"https:\/\/www.pressenza.com\/it\/2015\/06\/ebraismo-e-islam-la-loro-straordinaria-convivenza\/\"]}]},{\"@type\":\"ImageObject\",\"inLanguage\":\"it-IT\",\"@id\":\"https:\/\/www.pressenza.com\/it\/2015\/06\/ebraismo-e-islam-la-loro-straordinaria-convivenza\/#primaryimage\",\"url\":\"https:\/\/www.pressenza.com\/wp-content\/uploads\/2015\/05\/conference-trip-054-cropped.jpg\",\"contentUrl\":\"https:\/\/www.pressenza.com\/wp-content\/uploads\/2015\/05\/conference-trip-054-cropped.jpg\",\"width\":900,\"height\":379},{\"@type\":\"BreadcrumbList\",\"@id\":\"https:\/\/www.pressenza.com\/it\/2015\/06\/ebraismo-e-islam-la-loro-straordinaria-convivenza\/#breadcrumb\",\"itemListElement\":[{\"@type\":\"ListItem\",\"position\":1,\"name\":\"Accueil\",\"item\":\"https:\/\/www.pressenza.com\/it\/\"},{\"@type\":\"ListItem\",\"position\":2,\"name\":\"Ebraismo e Islam: la loro straordinaria convivenza\"}]},{\"@type\":\"WebSite\",\"@id\":\"https:\/\/www.pressenza.com\/it\/#website\",\"url\":\"https:\/\/www.pressenza.com\/it\/\",\"name\":\"Pressenza\",\"description\":\"Agenzia di Stampa Internazionale\",\"publisher\":{\"@id\":\"https:\/\/www.pressenza.com\/it\/#organization\"},\"potentialAction\":[{\"@type\":\"SearchAction\",\"target\":{\"@type\":\"EntryPoint\",\"urlTemplate\":\"https:\/\/www.pressenza.com\/it\/?s={search_term_string}\"},\"query-input\":{\"@type\":\"PropertyValueSpecification\",\"valueRequired\":true,\"valueName\":\"search_term_string\"}}],\"inLanguage\":\"it-IT\"},{\"@type\":\"Organization\",\"@id\":\"https:\/\/www.pressenza.com\/it\/#organization\",\"name\":\"Pressenza\",\"url\":\"https:\/\/www.pressenza.com\/it\/\",\"logo\":{\"@type\":\"ImageObject\",\"inLanguage\":\"it-IT\",\"@id\":\"https:\/\/www.pressenza.com\/it\/#\/schema\/logo\/image\/\",\"url\":\"https:\/\/www.pressenza.com\/wp-content\/uploads\/2022\/10\/pressenza_logo_200x200.jpg\",\"contentUrl\":\"https:\/\/www.pressenza.com\/wp-content\/uploads\/2022\/10\/pressenza_logo_200x200.jpg\",\"width\":200,\"height\":200,\"caption\":\"Pressenza\"},\"image\":{\"@id\":\"https:\/\/www.pressenza.com\/it\/#\/schema\/logo\/image\/\"},\"sameAs\":[\"https:\/\/www.facebook.com\/PressenzaItalia\",\"https:\/\/x.com\/PressenzaIPA\"]},{\"@type\":\"Person\",\"@id\":\"https:\/\/www.pressenza.com\/it\/#\/schema\/person\/1f3113f1dbef2a8376909f563854e5e5\",\"name\":\"Milena Rampoldi\",\"description\":\"Milena Rampoldi \u00e8 nata a Bolzano nel 1973 e dopo i suoi studi teologici, pedagogici, filosofici e orientali in Italia ha proseguito con il dottorato di arabistica sul tema della didattica arabofona del Corano a Vienna. Insegnante di lingue e traduttrice, da anni si occupa di storia e religione islamica, di questioni politiche ed umanitarie, di femminismo e diritti umani e di storia medio-orientale ed africana. Tra le varie pubblicazioni, soprattutto in lingua tedesca, figurano i testi italiani sui Corsari del Mediterraneo e sul filosofo Ren\u00e9 Gu\u00e9non. E' promotrice dell'Associazione per il dialogo interculturale e interreligioso Promosaik www.promosaik.com\",\"url\":\"https:\/\/www.pressenza.com\/it\/author\/milena-rampoldi\/\"}]}<\/script>\n<!-- \/ Yoast SEO plugin. -->","yoast_head_json":{"title":"Ebraismo e Islam: la loro straordinaria convivenza","description":"Abbiamo presentato da poco su Promosaik\u00a0la traduzione tedesca dell\u2019articolo\u00a0 del Prof. Yakov M Rabkin sulle prospettive relative ai musulmani nella","robots":{"index":"index","follow":"follow","max-snippet":"max-snippet:-1","max-image-preview":"max-image-preview:large","max-video-preview":"max-video-preview:-1"},"canonical":"https:\/\/www.pressenza.com\/it\/2015\/06\/ebraismo-e-islam-la-loro-straordinaria-convivenza\/","og_locale":"it_IT","og_type":"article","og_title":"Ebraismo e Islam: la loro straordinaria convivenza","og_description":"Abbiamo presentato da poco su Promosaik\u00a0la traduzione tedesca dell\u2019articolo\u00a0 del Prof. Yakov M Rabkin sulle prospettive relative ai musulmani nella","og_url":"https:\/\/www.pressenza.com\/it\/2015\/06\/ebraismo-e-islam-la-loro-straordinaria-convivenza\/","og_site_name":"Pressenza","article_publisher":"https:\/\/www.facebook.com\/PressenzaItalia","article_published_time":"2015-06-03T18:27:20+00:00","article_modified_time":"2015-06-03T19:12:10+00:00","og_image":[{"width":900,"height":379,"url":"https:\/\/www.pressenza.com\/wp-content\/uploads\/2015\/05\/conference-trip-054-cropped.jpg","type":"image\/jpeg"}],"author":"Milena Rampoldi","twitter_card":"summary_large_image","twitter_creator":"@PressenzaIPA","twitter_site":"@PressenzaIPA","twitter_misc":{"Scritto da":"Milena Rampoldi","Tempo di lettura stimato":"3 minuti"},"schema":{"@context":"https:\/\/schema.org","@graph":[{"@type":"Article","@id":"https:\/\/www.pressenza.com\/it\/2015\/06\/ebraismo-e-islam-la-loro-straordinaria-convivenza\/#article","isPartOf":{"@id":"https:\/\/www.pressenza.com\/it\/2015\/06\/ebraismo-e-islam-la-loro-straordinaria-convivenza\/"},"author":{"name":"Milena Rampoldi","@id":"https:\/\/www.pressenza.com\/it\/#\/schema\/person\/1f3113f1dbef2a8376909f563854e5e5"},"headline":"Ebraismo e Islam: la loro straordinaria convivenza","datePublished":"2015-06-03T18:27:20+00:00","dateModified":"2015-06-03T19:12:10+00:00","mainEntityOfPage":{"@id":"https:\/\/www.pressenza.com\/it\/2015\/06\/ebraismo-e-islam-la-loro-straordinaria-convivenza\/"},"wordCount":557,"publisher":{"@id":"https:\/\/www.pressenza.com\/it\/#organization"},"image":{"@id":"https:\/\/www.pressenza.com\/it\/2015\/06\/ebraismo-e-islam-la-loro-straordinaria-convivenza\/#primaryimage"},"thumbnailUrl":"https:\/\/www.pressenza.com\/wp-content\/uploads\/2015\/05\/conference-trip-054-cropped.jpg","keywords":["di\u00e1logo","dialogo interreligioso","Froman","Islam","Medio Oriente","sionismo","Yassin"],"articleSection":["contenuti originali","Interviste","Medio Oriente","Umanesimo e Spiritualit\u00e0"],"inLanguage":"it-IT"},{"@type":"WebPage","@id":"https:\/\/www.pressenza.com\/it\/2015\/06\/ebraismo-e-islam-la-loro-straordinaria-convivenza\/","url":"https:\/\/www.pressenza.com\/it\/2015\/06\/ebraismo-e-islam-la-loro-straordinaria-convivenza\/","name":"Ebraismo e Islam: la loro straordinaria convivenza","isPartOf":{"@id":"https:\/\/www.pressenza.com\/it\/#website"},"primaryImageOfPage":{"@id":"https:\/\/www.pressenza.com\/it\/2015\/06\/ebraismo-e-islam-la-loro-straordinaria-convivenza\/#primaryimage"},"image":{"@id":"https:\/\/www.pressenza.com\/it\/2015\/06\/ebraismo-e-islam-la-loro-straordinaria-convivenza\/#primaryimage"},"thumbnailUrl":"https:\/\/www.pressenza.com\/wp-content\/uploads\/2015\/05\/conference-trip-054-cropped.jpg","datePublished":"2015-06-03T18:27:20+00:00","dateModified":"2015-06-03T19:12:10+00:00","description":"Abbiamo presentato da poco su Promosaik\u00a0la traduzione tedesca dell\u2019articolo\u00a0 del Prof. Yakov M Rabkin sulle prospettive relative ai musulmani nella","breadcrumb":{"@id":"https:\/\/www.pressenza.com\/it\/2015\/06\/ebraismo-e-islam-la-loro-straordinaria-convivenza\/#breadcrumb"},"inLanguage":"it-IT","potentialAction":[{"@type":"ReadAction","target":["https:\/\/www.pressenza.com\/it\/2015\/06\/ebraismo-e-islam-la-loro-straordinaria-convivenza\/"]}]},{"@type":"ImageObject","inLanguage":"it-IT","@id":"https:\/\/www.pressenza.com\/it\/2015\/06\/ebraismo-e-islam-la-loro-straordinaria-convivenza\/#primaryimage","url":"https:\/\/www.pressenza.com\/wp-content\/uploads\/2015\/05\/conference-trip-054-cropped.jpg","contentUrl":"https:\/\/www.pressenza.com\/wp-content\/uploads\/2015\/05\/conference-trip-054-cropped.jpg","width":900,"height":379},{"@type":"BreadcrumbList","@id":"https:\/\/www.pressenza.com\/it\/2015\/06\/ebraismo-e-islam-la-loro-straordinaria-convivenza\/#breadcrumb","itemListElement":[{"@type":"ListItem","position":1,"name":"Accueil","item":"https:\/\/www.pressenza.com\/it\/"},{"@type":"ListItem","position":2,"name":"Ebraismo e Islam: la loro straordinaria convivenza"}]},{"@type":"WebSite","@id":"https:\/\/www.pressenza.com\/it\/#website","url":"https:\/\/www.pressenza.com\/it\/","name":"Pressenza","description":"Agenzia di Stampa Internazionale","publisher":{"@id":"https:\/\/www.pressenza.com\/it\/#organization"},"potentialAction":[{"@type":"SearchAction","target":{"@type":"EntryPoint","urlTemplate":"https:\/\/www.pressenza.com\/it\/?s={search_term_string}"},"query-input":{"@type":"PropertyValueSpecification","valueRequired":true,"valueName":"search_term_string"}}],"inLanguage":"it-IT"},{"@type":"Organization","@id":"https:\/\/www.pressenza.com\/it\/#organization","name":"Pressenza","url":"https:\/\/www.pressenza.com\/it\/","logo":{"@type":"ImageObject","inLanguage":"it-IT","@id":"https:\/\/www.pressenza.com\/it\/#\/schema\/logo\/image\/","url":"https:\/\/www.pressenza.com\/wp-content\/uploads\/2022\/10\/pressenza_logo_200x200.jpg","contentUrl":"https:\/\/www.pressenza.com\/wp-content\/uploads\/2022\/10\/pressenza_logo_200x200.jpg","width":200,"height":200,"caption":"Pressenza"},"image":{"@id":"https:\/\/www.pressenza.com\/it\/#\/schema\/logo\/image\/"},"sameAs":["https:\/\/www.facebook.com\/PressenzaItalia","https:\/\/x.com\/PressenzaIPA"]},{"@type":"Person","@id":"https:\/\/www.pressenza.com\/it\/#\/schema\/person\/1f3113f1dbef2a8376909f563854e5e5","name":"Milena Rampoldi","description":"Milena Rampoldi \u00e8 nata a Bolzano nel 1973 e dopo i suoi studi teologici, pedagogici, filosofici e orientali in Italia ha proseguito con il dottorato di arabistica sul tema della didattica arabofona del Corano a Vienna. Insegnante di lingue e traduttrice, da anni si occupa di storia e religione islamica, di questioni politiche ed umanitarie, di femminismo e diritti umani e di storia medio-orientale ed africana. Tra le varie pubblicazioni, soprattutto in lingua tedesca, figurano i testi italiani sui Corsari del Mediterraneo e sul filosofo Ren\u00e9 Gu\u00e9non. E' promotrice dell'Associazione per il dialogo interculturale e interreligioso Promosaik www.promosaik.com","url":"https:\/\/www.pressenza.com\/it\/author\/milena-rampoldi\/"}]}},"place":"","original_article_url":"","_links":{"self":[{"href":"https:\/\/www.pressenza.com\/it\/wp-json\/wp\/v2\/posts\/189965","targetHints":{"allow":["GET"]}}],"collection":[{"href":"https:\/\/www.pressenza.com\/it\/wp-json\/wp\/v2\/posts"}],"about":[{"href":"https:\/\/www.pressenza.com\/it\/wp-json\/wp\/v2\/types\/post"}],"author":[{"embeddable":true,"href":"https:\/\/www.pressenza.com\/it\/wp-json\/wp\/v2\/users\/1149"}],"replies":[{"embeddable":true,"href":"https:\/\/www.pressenza.com\/it\/wp-json\/wp\/v2\/comments?post=189965"}],"version-history":[{"count":0,"href":"https:\/\/www.pressenza.com\/it\/wp-json\/wp\/v2\/posts\/189965\/revisions"}],"wp:featuredmedia":[{"embeddable":true,"href":"https:\/\/www.pressenza.com\/it\/wp-json\/wp\/v2\/media\/189089"}],"wp:attachment":[{"href":"https:\/\/www.pressenza.com\/it\/wp-json\/wp\/v2\/media?parent=189965"}],"wp:term":[{"taxonomy":"category","embeddable":true,"href":"https:\/\/www.pressenza.com\/it\/wp-json\/wp\/v2\/categories?post=189965"},{"taxonomy":"post_tag","embeddable":true,"href":"https:\/\/www.pressenza.com\/it\/wp-json\/wp\/v2\/tags?post=189965"}],"curies":[{"name":"wp","href":"https:\/\/api.w.org\/{rel}","templated":true}]}}