{"id":187933,"date":"2015-05-27T18:38:48","date_gmt":"2015-05-27T17:38:48","guid":{"rendered":"http:\/\/www.pressenza.com\/?p=187933"},"modified":"2015-05-27T18:38:48","modified_gmt":"2015-05-27T17:38:48","slug":"i-padroni-e-il-clima-gli-attivisti-siamo-noi","status":"publish","type":"post","link":"https:\/\/www.pressenza.com\/it\/2015\/05\/i-padroni-e-il-clima-gli-attivisti-siamo-noi\/","title":{"rendered":"I padroni e il clima: Gli attivisti siamo noi!"},"content":{"rendered":"<p><strong><span style=\"color: #333333;\"><span style=\"font-family: 'Helvetica Neue', Arial, sans-serif;\"><span style=\"font-size: small;\">Padroni di multinazionali e numerosi ministri si sono ritrovati a Parigi per il &#8220;Business &amp; clima Summit&#8221;. Auto-celebrando le proprie azioni e presentandosi come gli attori principali nella lotta contro gli squilibri climatici, hanno con forza reclamato l&#8217;introduzione del prezzo della CO2.<\/span><\/span><\/span><\/strong><\/p>\n<div id=\"Sezione1\" dir=\"LTR\">\n<p><span style=\"color: #333333;\"><span style=\"font-family: 'Helvetica Neue', Arial, sans-serif;\"><span style=\"font-size: small;\">Sin dall\u2019entrata al\u00a0<\/span><\/span><\/span><span style=\"color: #000080;\"><span lang=\"zxx\"><span style=\"text-decoration: underline;\"><a href=\"http:\/\/www.businessclimatesummit.com\/#_blank\"><span style=\"color: #217dd3;\"><span style=\"font-family: 'Helvetica Neue', Arial, sans-serif;\"><span style=\"font-size: small;\">Business &amp; clima summit<\/span><\/span><\/span><\/a><\/span><\/span><\/span><span style=\"color: #333333;\"><span style=\"font-family: 'Helvetica Neue', Arial, sans-serif;\"><span style=\"font-size: small;\">, il partenariato pubblico-privato occupa tutto lo spazio. Il 20 e 21 maggio, la sede di Parigi dell&#8217;Unesco \u00e8 stata tenuta sotto controllo sicurezza dalla polizia nazionale, con in seconda linea una societ\u00e0 di sicurezza privata. Una volta passati i punti di controllo, corridoi e sale riunioni risuonano di ricorrenti dichiarazioni sulla necessit\u00e0 di fissare il prezzo della CO2, o del carbonio come viene spesso erroneamente chiamata.<\/span><\/span><\/span><\/p>\n<p><span style=\"color: #333333;\">\u201c<\/span><span style=\"color: #333333;\"><span style=\"font-family: 'Helvetica Neue', Arial, sans-serif;\"><span style=\"font-size: small;\"><i>Prezzo, prezzo, prezzo!\u201d<\/i><\/span><\/span><\/span><span style=\"color: #333333;\"><span style=\"font-family: 'Helvetica Neue', Arial, sans-serif;\"><span style=\"font-size: small;\">, martella il Segretario generale dell&#8217;OCSE (organizzazione per la cooperazione e lo sviluppo economico), Angel Gurria, rivolto ai padroni venuti qui per mostrare i loro impegni per il clima, in vista del COP 21. Una richiesta urgente ripresa da tutti i partecipanti, organizzazioni internazionali, coalizioni di affari e gli stessi CEO. Per evitare di trovarsi ignorati durante le trattative del COP21 a dicembre, questi big boss hanno giocato d\u2019anticipo, si sono assunti il ruolo dei buoni chiedendo agli Stati di comportarsi bene e annunciando che loro stessi, nelle loro imprese, gi\u00e0 sono d&#8217;esempio. Anche se sono i principali inquinatori del pianeta, massimi produttori di gas serra.<\/span><\/span><\/span><\/p>\n<p><span style=\"color: #333333;\"><span style=\"font-family: 'Helvetica Neue', Arial, sans-serif;\"><span style=\"font-size: small;\">\u00c8 un po\u2019 il ballo degli ipocriti trasformato in grande show di generosi maghi. Una operazione a met\u00e0 tra lobbying e lavoro d\u2019immagine.\u00a0\u201c<\/span><\/span><\/span><span style=\"color: #333333;\"><span style=\"font-family: 'Helvetica Neue', Arial, sans-serif;\"><span style=\"font-size: small;\"><i>Le imprese sono pragmatiche, vogliono chiarezza, sapere se i governi fanno sul serio e hanno davvero intenzione di impegnarsi. Le imprese hanno il vantaggio di non essere bloccate dalle frontiere, la sfida \u00e8 ovviamente globale, ben al di l\u00e0 dei confini. Quanto al prezzo del carbonio, \u00e8 una condizione necessaria ma non sufficiente, che tuttavia le imprese vogliono integrare e fare in modo che non cambi ad ogni nuova maggioranza politica&#8221;<\/i><\/span><\/span><\/span><span style=\"color: #333333;\"><span style=\"font-family: 'Helvetica Neue', Arial, sans-serif;\"><span style=\"font-size: small;\">, dice Brice Lalonde. Si trova l\u00ec n\u00e9 come ex militante ecologista (il tempo del PSU e degli Amici della Terra, \u00e8 passato da tanto), n\u00e9 come ex ministro dell&#8217;ambiente (anche questo oramai lontano nel tempo), ma come consulente. Lui preferisce il termine di\u00a0<\/span><\/span><\/span><span style=\"color: #333333;\"><span style=\"font-family: 'Helvetica Neue', Arial, sans-serif;\"><span style=\"font-size: small;\"><i>\u201dconsigliere\u201d<\/i><\/span><\/span><\/span><span style=\"color: #333333;\"><span style=\"font-family: 'Helvetica Neue', Arial, sans-serif;\"><span style=\"font-size: small;\">, o \u201c<\/span><\/span><\/span><span style=\"color: #333333;\"><span style=\"font-family: 'Helvetica Neue', Arial, sans-serif;\"><span style=\"font-size: small;\"><i>advisor\u201d<\/i><\/span><\/span><\/span><span style=\"color: #333333;\"><span style=\"font-family: 'Helvetica Neue', Arial, sans-serif;\"><span style=\"font-size: small;\">\u00a0in inglese. Consiglia\u00a0<\/span><\/span><\/span><span style=\"color: #000080;\"><span lang=\"zxx\"><a href=\"https:\/\/www.unglobalcompact.org\/languages\/french\/#_blank\"><span style=\"color: #217dd3;\"><span style=\"font-size: small;\">Global Compact<\/span><\/span><\/a><\/span><\/span><span style=\"color: #333333;\"><span style=\"font-family: 'Helvetica Neue', Arial, sans-serif;\"><span style=\"font-size: small;\">, uno di quei raggruppamenti dei boss auto-proclamatisi virtuosi. Riconosce che la recente presa di coscienza unanime qui ostentata da questi grandi capi \u00e8 legata all&#8217;emergenza di mercati, allo sviluppo della responsabilit\u00e0 sociale delle imprese e alla necessit\u00e0 di avere una buona immagine per attirare i giovani.<\/span><\/span><\/span><\/p>\n<h3 class=\"western\"><span style=\"color: #333333;\">\u201c<span style=\"font-size: large;\">Il greenwashing rappresenta il primo passo sulla strada giusta\u201d.<\/span><\/span><\/h3>\n<p><span style=\"color: #333333;\"><span style=\"font-family: 'Helvetica Neue', Arial, sans-serif;\"><span style=\"font-size: small;\">Per quanto riguarda il rischio di\u00a0<\/span><\/span><\/span><span style=\"color: #333333;\"><span style=\"font-family: 'Helvetica Neue', Arial, sans-serif;\"><span style=\"font-size: small;\"><i>greenwashing<\/i><\/span><\/span><\/span><span style=\"color: #333333;\"><span style=\"font-family: 'Helvetica Neue', Arial, sans-serif;\"><span style=\"font-size: small;\">, appena accennato una volta sola e rapidamente spazzato via con una battuta, Brice Lalonde ha un&#8217;opinione che deve piacere ai suoi clienti: <\/span><\/span><\/span><span style=\"color: #333333;\"><span style=\"font-family: 'Helvetica Neue', Arial, sans-serif;\"><span style=\"font-size: small;\"><i>&#8220;Il greenwashing? \u00c8 meglio di niente. \u00c8 il primo passo sulla strada giusta&#8230;\u201d<\/i><\/span><\/span><\/span><\/p>\n<p><span style=\"color: #333333;\"><span style=\"font-family: 'Helvetica Neue', Arial, sans-serif;\"><span style=\"font-size: small;\">Durante la sua seconda apparizione, il segretario dell&#8217;OCSE riprende l\u2019azione \u201c<\/span><\/span><\/span><span style=\"color: #333333;\"><span style=\"font-family: 'Helvetica Neue', Arial, sans-serif;\"><span style=\"font-size: small;\"><i>prezzo prezzo prezzo!\u201d<\/i><\/span><\/span><\/span><span style=\"color: #333333;\"><span style=\"font-family: 'Helvetica Neue', Arial, sans-serif;\"><span style=\"font-size: small;\">, aggiungendo senza tanti giri di parole che bisogna \u201c<\/span><\/span><\/span><span style=\"color: #333333;\"><span style=\"font-family: 'Helvetica Neue', Arial, sans-serif;\"><span style=\"font-size: small;\"><i>fare affari in un ambiente diverso\u201d<\/i><\/span><\/span><\/span><span style=\"color: #333333;\"><span style=\"font-family: 'Helvetica Neue', Arial, sans-serif;\"><span style=\"font-size: small;\">. Tutto un programma.<\/span><\/span><\/span><\/p>\n<p><span style=\"color: #333333;\"><span style=\"font-family: 'Helvetica Neue', Arial, sans-serif;\"><span style=\"font-size: small;\">Da notare, nessuna traccia qui di clima-scetticismo. Nessuno mette in dubbio l&#8217;origine umana degli squilibri climatici. Bisogna solo trarne profitto, in senso proprio e in senso figurato.<\/span><\/span><\/span><\/p>\n<h3 class=\"western\"><span style=\"color: #333333;\"><span style=\"font-size: large;\">Pascal Lamy \u00e8 un &#8220;attivista&#8221;!<\/span><\/span><\/h3>\n<p><span style=\"color: #333333;\"><span style=\"font-family: 'Helvetica Neue', Arial, sans-serif;\"><span style=\"font-size: small;\">L&#8217;altro leit motiv della giornata \u00e8 la frase di Pascal Lamy, l&#8217;ex direttore dell&#8217;OMC (Organizzazione mondiale del commercio, o WTO). Alla domanda se si sente ottimista o pessimista, risponde di essere \u201c<\/span><\/span><\/span><span style=\"color: #333333;\"><span style=\"font-family: 'Helvetica Neue', Arial, sans-serif;\"><span style=\"font-size: small;\"><i>attivista\u201d<\/i><\/span><\/span><\/span><span style=\"color: #333333;\"><span style=\"font-family: 'Helvetica Neue', Arial, sans-serif;\"><span style=\"font-size: small;\">. Nel corso delle dichiarazioni, la battuta viene ripresa con gusto. Un bel ribaltamento di significato sulla bocca dei grandi capi. Se \u00e8 necessario recuperare la minaccia climatica per farne una\u00a0<\/span><\/span><\/span><span style=\"color: #333333;\"><span style=\"font-family: 'Helvetica Neue', Arial, sans-serif;\"><span style=\"font-size: small;\"><i>&#8216;\u201dleva di crescita\u201d<\/i><\/span><\/span><\/span><span style=\"color: #333333;\"><span style=\"font-family: 'Helvetica Neue', Arial, sans-serif;\"><span style=\"font-size: small;\">\u00a0e un inventore di mercati (come si inventa un tesoro), tanto vale, nel contempo, riprendere le espressioni dell&#8217;avversario, \u201czadisti\u201d [militanti delle \u201czone da difendere\u201d, numerosi in Francia], ambientalisti o militanti delle prime nazioni contrari ai fautori dell\u2019estrattivismo in tutto il mondo.<\/span><\/span><\/span><\/p>\n<p><span style=\"color: #333333;\"><span style=\"font-family: 'Helvetica Neue', Arial, sans-serif;\"><span style=\"font-size: small;\">I grandi capi appena\u00a0diventati \u201c<\/span><\/span><\/span><span style=\"color: #333333;\"><span style=\"font-family: 'Helvetica Neue', Arial, sans-serif;\"><span style=\"font-size: small;\"><i>attivisti\u201d<\/i><\/span><\/span><\/span><span style=\"color: #333333;\"><span style=\"font-family: 'Helvetica Neue', Arial, sans-serif;\"><span style=\"font-size: small;\">\u00a0infilano uno dopo l\u2019altro clich\u00e9 sulla necessit\u00e0 di lavorare insieme e sullo \u201c<\/span><\/span><\/span><span style=\"color: #333333;\"><span style=\"font-family: 'Helvetica Neue', Arial, sans-serif;\"><span style=\"font-size: small;\"><i>spirito di squadra\u201d<\/i><\/span><\/span><\/span><span style=\"color: #333333;\"><span style=\"font-family: 'Helvetica Neue', Arial, sans-serif;\"><span style=\"font-size: small;\">, ma tutto questo \u00e8 limitato alle categorie \u201crispettabili\u201d, le multinazionali, i loro consigli d\u2019amministrazione, i loro azionisti e di fronte, ma in partenariato, i governi e i parlamentari detti \u201c<\/span><\/span><\/span><span style=\"color: #333333;\"><span style=\"font-family: 'Helvetica Neue', Arial, sans-serif;\"><span style=\"font-size: small;\"><i>decisori\u201d<\/i><\/span><\/span><\/span><span style=\"color: #333333;\"><span style=\"font-family: 'Helvetica Neue', Arial, sans-serif;\"><span style=\"font-size: small;\">, quelli che fanno le leggi e i regolamenti. E questo \u00e8 tutto per quanto riguarda la tavola rotonda.<\/span><\/span><\/span><\/p>\n<p><span style=\"color: #333333;\"><span style=\"font-family: 'Helvetica Neue', Arial, sans-serif;\"><span style=\"font-size: small;\">Non sono stati invitati al dibattito n\u00e9 le ONG, n\u00e9 i movimenti sociali, n\u00e9 gli \u201czadisti\u201d di tutte le cause, i popoli autoctoni che difendono le loro terre dal saccheggio, gli altermondialisti, i residenti arrabbiati o persino gli utenti in senso ampio. In questo campo, \u201c<\/span><\/span><\/span><span style=\"color: #333333;\"><span style=\"font-family: 'Helvetica Neue', Arial, sans-serif;\"><span style=\"font-size: small;\"><i>business must go on\u201d<\/i><\/span><\/span><\/span><span style=\"color: #333333;\"><span style=\"font-family: 'Helvetica Neue', Arial, sans-serif;\"><span style=\"font-size: small;\">, anche se ci si rende conto che la formula \u201c<\/span><\/span><\/span><span style=\"color: #333333;\"><span style=\"font-family: 'Helvetica Neue', Arial, sans-serif;\"><span style=\"font-size: small;\"><i>business as usual\u201d<\/i><\/span><\/span><\/span><span style=\"color: #333333;\"><span style=\"font-family: 'Helvetica Neue', Arial, sans-serif;\"><span style=\"font-size: small;\">\u00a0non \u00e8 pi\u00f9 possibile e che bisogna adattarla alla nuova situazione.<\/span><\/span><\/span><\/p>\n<p><span style=\"color: #333333;\"><span style=\"font-family: 'Helvetica Neue', Arial, sans-serif;\"><span style=\"font-size: small;\">Questa ammissione \u00e8 considerata una enorme evoluzione. <\/span><\/span><\/span><span style=\"color: #333333;\"><span style=\"font-family: 'Helvetica Neue', Arial, sans-serif;\"><span style=\"font-size: small;\"><i>&#8220;Non si arriva da nessuna parte con lo scontro, anche tra azionisti e consigli d\u2019amministrazione. Ci vuole collaborazione, orizzontale e verticale,&#8221;<\/i><\/span><\/span><\/span><span style=\"color: #333333;\"><span style=\"font-family: 'Helvetica Neue', Arial, sans-serif;\"><span style=\"font-size: small;\">, insiste la costaricana Christina Figueres, segretario esecutivo della Convenzione delle Nazioni Unite sul clima.<\/span><\/span><\/span><\/p>\n<p><span style=\"color: #333333;\"><span style=\"font-family: 'Helvetica Neue', Arial, sans-serif;\"><span style=\"font-size: small;\">I governi, le imprese, chi deve condurre la lotta contro il riscaldamento globale? La miscela di ministri, scandinavi o latino-americani, e di grandi capi si scambia cortesie.\u00a0\u201d<\/span><\/span><\/span><span style=\"color: #333333;\"><span style=\"font-family: 'Helvetica Neue', Arial, sans-serif;\"><span style=\"font-size: small;\"><i>Per generare mercati pi\u00f9 importanti, abbiamo bisogno del supporto dei governi&#8217;<\/i><\/span><\/span><\/span><span style=\"color: #333333;\"><span style=\"font-family: 'Helvetica Neue', Arial, sans-serif;\"><span style=\"font-size: small;\">, ha detto Pierre-Andr\u00e9 de Chalendar, CEO di Saint-Gobain. Messaggio comune ripreso da molti altri oratori. Tutti hanno adottato gli stessi elementi di linguaggio.<\/span><\/span><\/span><\/p>\n<p><span style=\"color: #333333;\"><span style=\"font-family: 'Helvetica Neue', Arial, sans-serif;\"><span style=\"font-size: small;\">Lo slogan di questo Business &amp; clima summit d\u00e0 la chiave di lettura dello spartito:\u00a0\u201d<\/span><\/span><\/span><span style=\"color: #333333;\"><span style=\"font-family: 'Helvetica Neue', Arial, sans-serif;\"><span style=\"font-size: small;\"><i>Working together to build a better economy\u201d<\/i><\/span><\/span><\/span><span style=\"color: #333333;\"><span style=\"font-family: 'Helvetica Neue', Arial, sans-serif;\"><span style=\"font-size: small;\">\u00a0(lavorare insieme per costruire una migliore economia). Un lavoro comune non per costruire un mondo migliore, pi\u00f9 giusto o pi\u00f9 equo, ma semplicemente per migliorare l&#8217;economia, con l&#8217;innovazione e gli investimenti, alla conquista di nuovi mercati.<\/span><\/span><\/span><\/p>\n<p><span style=\"color: #333333;\"><span style=\"font-family: 'Helvetica Neue', Arial, sans-serif;\"><span style=\"font-size: small;\">S\u00e9gol\u00e8ne Royal, venuta a vantare i propri impegni sia a livello legislativo che per la promozione della crescita verde, che \u00e8 il nuovo chiodo fisso del capitalismo d\u2019opportunit\u00e0, si trova qui in terra amica. Si permette una frecciatina al \u201c<\/span><\/span><\/span><span style=\"color: #333333;\"><span style=\"font-family: 'Helvetica Neue', Arial, sans-serif;\"><span style=\"font-size: small;\"><i>settore finanziario predatore che per tanto tempo ha prelevato le risorse naturali senza pagare\u201d<\/i><\/span><\/span><\/span><span style=\"color: #333333;\"><span style=\"font-family: 'Helvetica Neue', Arial, sans-serif;\"><span style=\"font-size: small;\">, ma si riprende subito con una sintesi, pi\u00f9 accettabbile in questo consesso, sulla transizione:\u00a0\u201d<\/span><\/span><\/span><span style=\"color: #333333;\"><span style=\"font-family: 'Helvetica Neue', Arial, sans-serif;\"><span style=\"font-size: small;\"><i>Costa, ma rende di pi\u00f9\u201d<\/i><\/span><\/span><\/span><span style=\"color: #333333;\"><span style=\"font-family: 'Helvetica Neue', Arial, sans-serif;\"><span style=\"font-size: small;\">.<\/span><\/span><\/span><\/p>\n<h3 class=\"western\"><span style=\"color: #333333;\"><span style=\"font-size: large;\">&#8220;A chi venderemo lo shampoo, se non c&#8217;\u00e8 pi\u00f9 acqua?&#8221;<\/span><\/span><\/h3>\n<p><span style=\"color: #333333;\"><span style=\"font-family: 'Helvetica Neue', Arial, sans-serif;\"><span style=\"font-size: small;\">Si sentiranno alcune risposte sorprendenti, come quella del padrone di Carrefour, Georges Plassat, che ad una domanda, pur benevola, su possibili\u00a0\u201d<\/span><\/span><\/span><span style=\"color: #333333;\"><span style=\"font-family: 'Helvetica Neue', Arial, sans-serif;\"><span style=\"font-size: small;\"><i>sospetti di greenwashing\u201d<\/i><\/span><\/span><\/span><span style=\"color: #333333;\"><span style=\"font-family: 'Helvetica Neue', Arial, sans-serif;\"><span style=\"font-size: small;\">\u00a0in questo novello impegno delle imprese per il clima, replica:\u00a0<\/span><\/span><\/span><span style=\"color: #333333;\"><span style=\"font-family: 'Helvetica Neue', Arial, sans-serif;\"><span style=\"font-size: small;\"><i>&#8220;Non c&#8217;\u00e8 nessun sospetto!\u201d<\/i><\/span><\/span><\/span><span style=\"color: #333333;\"><span style=\"font-family: 'Helvetica Neue', Arial, sans-serif;\"><span style=\"font-size: small;\">\u00a0Punto. Senza che si possa capire se intende che c\u2019\u00e8 solo e esclusivamente <\/span><\/span><\/span><span style=\"color: #333333;\"><span style=\"font-family: 'Helvetica Neue', Arial, sans-serif;\"><span style=\"font-size: small;\"><i>greenwashing <\/i><\/span><\/span><\/span><span style=\"color: #333333;\"><span style=\"font-family: 'Helvetica Neue', Arial, sans-serif;\"><span style=\"font-size: small;\">consapevole, intenzionale, o se l&#8217;idea di sospettarlo \u00e8 davvero scioccante, fuori luogo e assolutamente fantasiosa.<\/span><\/span><\/span><\/p>\n<p><span style=\"color: #333333;\"><span style=\"font-family: 'Helvetica Neue', Arial, sans-serif;\"><span style=\"font-size: small;\">Altro grido di dolore nel momento in cui vengono evocati gli effetti gi\u00e0 presenti degli squilibri climatici, la perdita dell&#8217;accesso all&#8217;acqua, il fatto che alcuni brasiliani non possono fare la doccia tutti i giorni:\u00a0\u201c<\/span><\/span><\/span><span style=\"color: #333333;\"><span style=\"font-family: 'Helvetica Neue', Arial, sans-serif;\"><span style=\"font-size: small;\"><i>A chi venderemo lo shampoo?\u201d\u00a0si chiede,<\/i><\/span><\/span><\/span><span style=\"color: #333333;\"><span style=\"font-family: 'Helvetica Neue', Arial, sans-serif;\"><span style=\"font-size: small;\">\u00a0seriamente preoccupato, Jean-Paul Agon, il padrone di L\u2019Oreal.<\/span><\/span><\/span><\/p>\n<h3 class=\"western\"><span style=\"color: #333333;\"><span style=\"font-size: large;\">&#8220;Non viviamo nel mondo dei sogni&#8221;. <\/span><\/span><\/h3>\n<p><span style=\"color: #333333;\"><span style=\"font-family: 'Helvetica Neue', Arial, sans-serif;\"><span style=\"font-size: small;\">Patrick Pouyann\u00e9, nuovo CEO di Total, si assume la responsabilit\u00e0 di essere\u00a0<\/span><\/span><\/span><span style=\"color: #333333;\"><span style=\"font-family: 'Helvetica Neue', Arial, sans-serif;\"><span style=\"font-size: small;\"><i>&#8220;uno dei pi\u00f9 grandi inquinatori&#8221;<\/i><\/span><\/span><\/span><span style=\"color: #333333;\"><span style=\"font-family: 'Helvetica Neue', Arial, sans-serif;\"><span style=\"font-size: small;\"> di questo importante consesso. Rappresenta un poco il \u201c<\/span><\/span><\/span><span style=\"color: #333333;\"><span style=\"font-family: 'Helvetica Neue', Arial, sans-serif;\"><span style=\"font-size: small;\"><i>bad boy<\/i><\/span><\/span><\/span><span style=\"color: #333333;\"><span style=\"font-family: 'Helvetica Neue', Arial, sans-serif;\"><span style=\"font-size: small;\">\u201d in mezzo ai teneri combattenti per il clima, attivisti ma sopratutto a caccia di buoni ritorni sui capitali investiti.<\/span><\/span><\/span><\/p>\n<p><span style=\"color: #333333;\"><span style=\"font-family: 'Helvetica Neue', Arial, sans-serif;\"><span style=\"font-size: small;\">Pouyann\u00e9 non si \u00e8 presentato senza dichiarazioni. La misura fondamentale a dimostrazione della propria buona volont\u00e0? Promette di \u201c<\/span><\/span><\/span><span style=\"color: #333333;\"><span style=\"font-family: 'Helvetica Neue', Arial, sans-serif;\"><span style=\"font-size: small;\"><i>interrompere la pratica del gas flaring (incendio dei gas residui) nei suoi giacimenti petroliferi da ora al 2030\u201d<\/i><\/span><\/span><\/span><span style=\"color: #333333;\"><span style=\"font-family: 'Helvetica Neue', Arial, sans-serif;\"><span style=\"font-size: small;\">. Per il resto, la sua dichiarazione non brilla per sofisticatezza:\u00a0<\/span><\/span><\/span><span style=\"color: #333333;\"><span style=\"font-family: 'Helvetica Neue', Arial, sans-serif;\"><span style=\"font-size: small;\"><i>&#8220;Il mondo ha bisogno di pi\u00f9 energia e le fonti rinnovabili non possono coprire tutto. Bisogna affrontare la realt\u00e0. Dobbiamo fornire energia a coloro che non vi hanno accesso. Ci sar\u00e0 bisogno di tanta energia, per i trasporti, per le industrie chimiche e tante altre. Non viviamo nel mondo dei sogni. La nostra industria non pu\u00f2 fare tattiche: ci vuole una visione a lungo termine, con un quadro incentivante e stabile, in particolare attraverso il prezzo della CO2. Non si pu\u00f2 cambiare se non gradualmente. Parallelamente, Total investe nelle energie pulite: solare, biocarburanti. Certo, siamo parte del problema, ma siamo anche parte della soluzione&#8221;<\/i><\/span><\/span><\/span><span style=\"color: #333333;\"><span style=\"font-family: 'Helvetica Neue', Arial, sans-serif;\"><span style=\"font-size: small;\">.<\/span><\/span><\/span><\/p>\n<h3 class=\"western\"><span style=\"color: #333333;\"><span style=\"font-size: large;\">Hollande vuole inviare segnali al mercato<\/span><\/span><\/h3>\n<p><span style=\"color: #333333;\"><span style=\"font-family: 'Helvetica Neue', Arial, sans-serif;\"><span style=\"font-size: small;\">Arriva il Presidente della Repubblica. Fran\u00e7ois Hollande rincara:\u00a0<\/span><\/span><\/span><span style=\"color: #333333;\"><span style=\"font-family: 'Helvetica Neue', Arial, sans-serif;\"><span style=\"font-size: small;\"><i>&#8220;Ci\u00f2 che sta accadendo a Parigi, \u00e8 la trasformazione del mondo. Se non siamo in grado di raggiungere un accordo qui, a Parigi, il pianeta sar\u00e0 un posto pi\u00f9 difficile in cui vivere e le sfide industriali saranno sempre pi\u00f9 difficili da affrontare. Se raggiungiamo un accordo, sar\u00e0 una rivoluzione per i prossimi decenni. Convincere 196 paesi avr\u00e0 del miracoloso. Mettersi d&#8217;accordo non \u00e8 mai facile. A volte \u00e8 difficile anche da soli&#8230;\u00a0&#8220;<\/i><\/span><\/span><\/span><span style=\"color: #333333;\"><span style=\"font-family: 'Helvetica Neue', Arial, sans-serif;\"><span style=\"font-size: small;\">\u00a0Sorrisi in sala.<\/span><\/span><\/span><\/p>\n<p><span style=\"color: #333333;\"><span style=\"font-family: 'Helvetica Neue', Arial, sans-serif;\"><span style=\"font-size: small;\">Dovendo ogni paese rendere noti i propri\u00a0\u201c<\/span><\/span><\/span><span style=\"color: #333333;\"><span style=\"font-family: 'Helvetica Neue', Arial, sans-serif;\"><span style=\"font-size: small;\"><i>contributi nazionali\u201d,<\/i><\/span><\/span><\/span><span style=\"color: #333333;\"><span style=\"font-family: 'Helvetica Neue', Arial, sans-serif;\"><span style=\"font-size: small;\"> il Presidente della Repubblica deplora il fatto che solo 37 paesi li abbiano pubblicati. Evoca inoltre anche il finanziamento di futuri impegni attraverso il <\/span><\/span><\/span><span style=\"color: #333333;\"><span style=\"font-family: 'Helvetica Neue', Arial, sans-serif;\"><span style=\"font-size: small;\"><i>Fondo<\/i><\/span><\/span><\/span><span style=\"color: #333333;\"><span style=\"font-family: 'Helvetica Neue', Arial, sans-serif;\"><span style=\"font-size: small;\"><i> verde <\/i><\/span><\/span><\/span><span style=\"color: #333333;\"><span style=\"font-family: 'Helvetica Neue', Arial, sans-serif;\"><span style=\"font-size: small;\"><i>internazionale<\/i><\/span><\/span><\/span><span style=\"color: #333333;\"><span style=\"font-family: 'Helvetica Neue', Arial, sans-serif;\"><span style=\"font-size: small;\">. Manca molta gente all\u2019appello.\u00a0\u201c<\/span><\/span><\/span><span style=\"color: #333333;\"><span style=\"font-family: 'Helvetica Neue', Arial, sans-serif;\"><span style=\"font-size: small;\"><i>Senza fondi, non ci sar\u00e0 nessun accordo a Parigi\u201d.<\/i><\/span><\/span><\/span><\/p>\n<p><span style=\"color: #333333;\"><span style=\"font-family: 'Helvetica Neue', Arial, sans-serif;\"><span style=\"font-size: small;\"><i>&#8216;\u201dC\u2019\u00e8 bisogno di inviare segnali ai mercati!<\/i><\/span><\/span><\/span><span style=\"color: #333333;\"><span style=\"font-family: 'Helvetica Neue', Arial, sans-serif;\"><span style=\"font-size: small;\">\u201c esclama Hollande il liberale, altrettanto favorevole a quell&#8217;istituzione di un prezzo del carbonio che riempie i dibattiti in questa sede dell&#8217;Unesco. Questi\u00a0\u201c<\/span><\/span><\/span><span style=\"color: #333333;\"><span style=\"font-family: 'Helvetica Neue', Arial, sans-serif;\"><span style=\"font-size: small;\"><i>segnali ai mercati\u201d<\/i><\/span><\/span><\/span><span style=\"color: #333333;\"><span style=\"font-family: 'Helvetica Neue', Arial, sans-serif;\"><span style=\"font-size: small;\"> i padroni li hanno richiesti durante questi due giorni, perch\u00e9 si prenda in considerazione un prezzo del carbonio, ammettendo che questo tema non \u00e8 all&#8217;ordine del giorno del COP21 n\u00e9 sperano di riuscirci nel 2016. Tutti quindi chiedono e lanciano segnali.<\/span><\/span><\/span><\/p>\n<p><span style=\"color: #333333;\"><span style=\"font-family: 'Helvetica Neue', Arial, sans-serif;\"><span style=\"font-size: small;\">Forse segnali di fumo. A meno che non si tratti di cortine di fumo, quando Philippe Varin, il nuovo CEO di Areva vanta la soluzione nucleare come la panacea zero emissioni. Anche lui si definisce <\/span><\/span><\/span><span style=\"color: #333333;\"><span style=\"font-family: 'Helvetica Neue', Arial, sans-serif;\"><span style=\"font-size: small;\"><i>\u201cparte della soluzione\u201d: \u201cIl nucleare \u00e8 complementare alle energie rinnovabili e l&#8217;esempio francese, con il 75% di nucleare, \u00e8 un mix corretto, una buona soluzione. Certamente incontriamo dei problemi, ma questo \u00e8 normale, non \u00e8 raro incontrare problemi nello sviluppo di tecnologie, sta a noi superarli\u201d.\u00a0<\/i><\/span><\/span><\/span><span style=\"color: #333333;\"><span style=\"font-family: 'Helvetica Neue', Arial, sans-serif;\"><span style=\"font-size: small;\">Aggiunge poi anche il suo peso al discorso sulla necessit\u00e0 di fissare il prezzo del carbonio, un prezzo\u00a0\u201d<\/span><\/span><\/span><span style=\"color: #333333;\"><span style=\"font-family: 'Helvetica Neue', Arial, sans-serif;\"><span style=\"font-size: small;\"><i>robusto e prevedibile almeno per vent&#8217;anni\u201d<\/i><\/span><\/span><\/span><span style=\"color: #333333;\"><span style=\"font-family: 'Helvetica Neue', Arial, sans-serif;\"><span style=\"font-size: small;\">.<\/span><\/span><\/span><\/p>\n<p><span style=\"color: #333333;\"><span style=\"font-family: 'Helvetica Neue', Arial, sans-serif;\"><span style=\"font-size: small;\">Il prezzo del carbonio? Questo deve essere l&#8217;unico messaggio martellato continuamente da questa assemblea di multinazionali.<\/span><\/span><\/span><\/p>\n<p><span style=\"color: #333333;\"><span style=\"font-family: 'Helvetica Neue', Arial, sans-serif;\"><span style=\"font-size: small;\"><b>Leggere anche:\u00a0<\/b><\/span><\/span><\/span><span style=\"color: #000080;\"><span lang=\"zxx\"><a href=\"http:\/\/reporterre.net\/Merci-Total-merci-EDF-merci-BNP\"><span style=\"color: #217dd3;\"><span style=\"font-size: small;\">\u00a0Merci Total, merci\u00a0EDF, merci\u00a0BNP, merci pour la pollution et pour la crise climatique\u00a0<\/span><\/span><\/a><\/span><\/span><\/p>\n<\/div>\n<p>Traduzione dal francese di <a href=\"http:\/\/it.linkedin.com\/pub\/giuseppina-vecchia\/2b\/942\/802\/en\">Giuseppina Vecchia<\/a> per Pressenza<\/p>\n","protected":false},"excerpt":{"rendered":"<p>Padroni di multinazionali e numerosi ministri si sono ritrovati a Parigi per il &#8220;Business &amp; clima Summit&#8221;. Auto-celebrando le proprie azioni e presentandosi come gli attori principali nella lotta contro gli squilibri climatici, hanno con forza reclamato l&#8217;introduzione del prezzo&hellip;<\/p>\n","protected":false},"author":1138,"featured_media":186694,"comment_status":"closed","ping_status":"open","sticky":false,"template":"","format":"standard","meta":{"footnotes":""},"categories":[59,62,47,38,162],"tags":[17729,1463],"class_list":["post-187933","post","type-post","status-publish","format-standard","has-post-thumbnail","hentry","category-ambiente-ecologia","category-economia","category-europa","category-internazionale","category-opinioni","tag-economia-verde","tag-energia"],"yoast_head":"<!-- This site is optimized with the Yoast SEO plugin v27.1.1 - https:\/\/yoast.com\/product\/yoast-seo-wordpress\/ -->\n<title>I padroni e il clima: Gli attivisti siamo noi!<\/title>\n<meta name=\"description\" content=\"Padroni di multinazionali e numerosi ministri si sono ritrovati a Parigi per il &quot;Business &amp; clima Summit&quot;. Auto-celebrando le proprie azioni e\" \/>\n<meta name=\"robots\" content=\"index, follow, max-snippet:-1, max-image-preview:large, max-video-preview:-1\" \/>\n<link rel=\"canonical\" href=\"https:\/\/www.pressenza.com\/it\/2015\/05\/i-padroni-e-il-clima-gli-attivisti-siamo-noi\/\" \/>\n<meta property=\"og:locale\" content=\"it_IT\" \/>\n<meta property=\"og:type\" content=\"article\" \/>\n<meta property=\"og:title\" content=\"I padroni e il clima: Gli attivisti siamo noi!\" \/>\n<meta property=\"og:description\" content=\"Padroni di multinazionali e numerosi ministri si sono ritrovati a Parigi per il &quot;Business &amp; clima Summit&quot;. Auto-celebrando le proprie azioni e\" \/>\n<meta property=\"og:url\" content=\"https:\/\/www.pressenza.com\/it\/2015\/05\/i-padroni-e-il-clima-gli-attivisti-siamo-noi\/\" \/>\n<meta property=\"og:site_name\" content=\"Pressenza\" \/>\n<meta property=\"article:publisher\" content=\"https:\/\/www.facebook.com\/PressenzaItalia\" \/>\n<meta property=\"article:published_time\" content=\"2015-05-27T17:38:48+00:00\" \/>\n<meta property=\"og:image\" content=\"https:\/\/www.pressenza.com\/wp-content\/uploads\/2015\/05\/arton7516-969e1.jpg\" \/>\n\t<meta property=\"og:image:width\" content=\"652\" \/>\n\t<meta property=\"og:image:height\" content=\"500\" \/>\n\t<meta property=\"og:image:type\" content=\"image\/jpeg\" \/>\n<meta name=\"author\" content=\"Reporterre, le quotidien de l\u2019\u00e9cologie\" \/>\n<meta name=\"twitter:card\" content=\"summary_large_image\" \/>\n<meta name=\"twitter:creator\" content=\"@reporterre\" \/>\n<meta name=\"twitter:site\" content=\"@PressenzaIPA\" \/>\n<meta name=\"twitter:label1\" content=\"Scritto da\" \/>\n\t<meta name=\"twitter:data1\" content=\"Reporterre, le quotidien de l\u2019\u00e9cologie\" \/>\n\t<meta name=\"twitter:label2\" content=\"Tempo di lettura stimato\" \/>\n\t<meta name=\"twitter:data2\" content=\"8 minuti\" \/>\n<script type=\"application\/ld+json\" class=\"yoast-schema-graph\">{\"@context\":\"https:\/\/schema.org\",\"@graph\":[{\"@type\":\"Article\",\"@id\":\"https:\/\/www.pressenza.com\/it\/2015\/05\/i-padroni-e-il-clima-gli-attivisti-siamo-noi\/#article\",\"isPartOf\":{\"@id\":\"https:\/\/www.pressenza.com\/it\/2015\/05\/i-padroni-e-il-clima-gli-attivisti-siamo-noi\/\"},\"author\":{\"name\":\"Reporterre, le quotidien de l\u2019\u00e9cologie\",\"@id\":\"https:\/\/www.pressenza.com\/it\/#\/schema\/person\/de7a73acc724ec52aecb29649b65b9bc\"},\"headline\":\"I padroni e il clima: Gli attivisti siamo noi!\",\"datePublished\":\"2015-05-27T17:38:48+00:00\",\"mainEntityOfPage\":{\"@id\":\"https:\/\/www.pressenza.com\/it\/2015\/05\/i-padroni-e-il-clima-gli-attivisti-siamo-noi\/\"},\"wordCount\":1707,\"publisher\":{\"@id\":\"https:\/\/www.pressenza.com\/it\/#organization\"},\"image\":{\"@id\":\"https:\/\/www.pressenza.com\/it\/2015\/05\/i-padroni-e-il-clima-gli-attivisti-siamo-noi\/#primaryimage\"},\"thumbnailUrl\":\"https:\/\/www.pressenza.com\/wp-content\/uploads\/2015\/05\/arton7516-969e1.jpg\",\"keywords\":[\"economia verde\",\"energia\"],\"articleSection\":[\"Ecologia ed Ambiente\",\"Economia\",\"Europa\",\"Internazionale\",\"Opinioni\"],\"inLanguage\":\"it-IT\"},{\"@type\":\"WebPage\",\"@id\":\"https:\/\/www.pressenza.com\/it\/2015\/05\/i-padroni-e-il-clima-gli-attivisti-siamo-noi\/\",\"url\":\"https:\/\/www.pressenza.com\/it\/2015\/05\/i-padroni-e-il-clima-gli-attivisti-siamo-noi\/\",\"name\":\"I padroni e il clima: Gli attivisti siamo noi!\",\"isPartOf\":{\"@id\":\"https:\/\/www.pressenza.com\/it\/#website\"},\"primaryImageOfPage\":{\"@id\":\"https:\/\/www.pressenza.com\/it\/2015\/05\/i-padroni-e-il-clima-gli-attivisti-siamo-noi\/#primaryimage\"},\"image\":{\"@id\":\"https:\/\/www.pressenza.com\/it\/2015\/05\/i-padroni-e-il-clima-gli-attivisti-siamo-noi\/#primaryimage\"},\"thumbnailUrl\":\"https:\/\/www.pressenza.com\/wp-content\/uploads\/2015\/05\/arton7516-969e1.jpg\",\"datePublished\":\"2015-05-27T17:38:48+00:00\",\"description\":\"Padroni di multinazionali e numerosi ministri si sono ritrovati a Parigi per il \\\"Business &amp; clima Summit\\\". Auto-celebrando le proprie azioni e\",\"breadcrumb\":{\"@id\":\"https:\/\/www.pressenza.com\/it\/2015\/05\/i-padroni-e-il-clima-gli-attivisti-siamo-noi\/#breadcrumb\"},\"inLanguage\":\"it-IT\",\"potentialAction\":[{\"@type\":\"ReadAction\",\"target\":[\"https:\/\/www.pressenza.com\/it\/2015\/05\/i-padroni-e-il-clima-gli-attivisti-siamo-noi\/\"]}]},{\"@type\":\"ImageObject\",\"inLanguage\":\"it-IT\",\"@id\":\"https:\/\/www.pressenza.com\/it\/2015\/05\/i-padroni-e-il-clima-gli-attivisti-siamo-noi\/#primaryimage\",\"url\":\"https:\/\/www.pressenza.com\/wp-content\/uploads\/2015\/05\/arton7516-969e1.jpg\",\"contentUrl\":\"https:\/\/www.pressenza.com\/wp-content\/uploads\/2015\/05\/arton7516-969e1.jpg\",\"width\":652,\"height\":500},{\"@type\":\"BreadcrumbList\",\"@id\":\"https:\/\/www.pressenza.com\/it\/2015\/05\/i-padroni-e-il-clima-gli-attivisti-siamo-noi\/#breadcrumb\",\"itemListElement\":[{\"@type\":\"ListItem\",\"position\":1,\"name\":\"Accueil\",\"item\":\"https:\/\/www.pressenza.com\/it\/\"},{\"@type\":\"ListItem\",\"position\":2,\"name\":\"I padroni e il clima: Gli attivisti siamo noi!\"}]},{\"@type\":\"WebSite\",\"@id\":\"https:\/\/www.pressenza.com\/it\/#website\",\"url\":\"https:\/\/www.pressenza.com\/it\/\",\"name\":\"Pressenza\",\"description\":\"Agenzia di Stampa Internazionale\",\"publisher\":{\"@id\":\"https:\/\/www.pressenza.com\/it\/#organization\"},\"potentialAction\":[{\"@type\":\"SearchAction\",\"target\":{\"@type\":\"EntryPoint\",\"urlTemplate\":\"https:\/\/www.pressenza.com\/it\/?s={search_term_string}\"},\"query-input\":{\"@type\":\"PropertyValueSpecification\",\"valueRequired\":true,\"valueName\":\"search_term_string\"}}],\"inLanguage\":\"it-IT\"},{\"@type\":\"Organization\",\"@id\":\"https:\/\/www.pressenza.com\/it\/#organization\",\"name\":\"Pressenza\",\"url\":\"https:\/\/www.pressenza.com\/it\/\",\"logo\":{\"@type\":\"ImageObject\",\"inLanguage\":\"it-IT\",\"@id\":\"https:\/\/www.pressenza.com\/it\/#\/schema\/logo\/image\/\",\"url\":\"https:\/\/www.pressenza.com\/wp-content\/uploads\/2022\/10\/pressenza_logo_200x200.jpg\",\"contentUrl\":\"https:\/\/www.pressenza.com\/wp-content\/uploads\/2022\/10\/pressenza_logo_200x200.jpg\",\"width\":200,\"height\":200,\"caption\":\"Pressenza\"},\"image\":{\"@id\":\"https:\/\/www.pressenza.com\/it\/#\/schema\/logo\/image\/\"},\"sameAs\":[\"https:\/\/www.facebook.com\/PressenzaItalia\",\"https:\/\/x.com\/PressenzaIPA\"]},{\"@type\":\"Person\",\"@id\":\"https:\/\/www.pressenza.com\/it\/#\/schema\/person\/de7a73acc724ec52aecb29649b65b9bc\",\"name\":\"Reporterre, le quotidien de l\u2019\u00e9cologie\",\"description\":\"Reporterre propose des informations claires et pertinentes sur l\u2019\u00e9cologie dans ses dimensions politique et sociale, ainsi qu\u2019un espace de tribunes pour r\u00e9fl\u00e9chir et d\u00e9battre. Pour nous, l\u2019\u00e9cologie ne peut se r\u00e9duire \u00e0 des questions de nature et de pollution - m\u00eame si nous suivons attentivement ces questions vitales. L\u2019\u00e9cologie engage le destin commun, engage l\u2019avenir, sa situation d\u00e9coule largement des rapports sociaux. Reporterre entend aussi relayer toutes les initiatives qui montrent que les alternatives au syst\u00e8me dominant sont possibles et r\u00e9alistes. www.reporterre.net\",\"sameAs\":[\"http:\/\/www.reporterre.net\/\",\"https:\/\/x.com\/@reporterre\"],\"url\":\"https:\/\/www.pressenza.com\/it\/author\/reporterre\/\"}]}<\/script>\n<!-- \/ Yoast SEO plugin. -->","yoast_head_json":{"title":"I padroni e il clima: Gli attivisti siamo noi!","description":"Padroni di multinazionali e numerosi ministri si sono ritrovati a Parigi per il \"Business &amp; clima Summit\". Auto-celebrando le proprie azioni e","robots":{"index":"index","follow":"follow","max-snippet":"max-snippet:-1","max-image-preview":"max-image-preview:large","max-video-preview":"max-video-preview:-1"},"canonical":"https:\/\/www.pressenza.com\/it\/2015\/05\/i-padroni-e-il-clima-gli-attivisti-siamo-noi\/","og_locale":"it_IT","og_type":"article","og_title":"I padroni e il clima: Gli attivisti siamo noi!","og_description":"Padroni di multinazionali e numerosi ministri si sono ritrovati a Parigi per il \"Business &amp; clima Summit\". Auto-celebrando le proprie azioni e","og_url":"https:\/\/www.pressenza.com\/it\/2015\/05\/i-padroni-e-il-clima-gli-attivisti-siamo-noi\/","og_site_name":"Pressenza","article_publisher":"https:\/\/www.facebook.com\/PressenzaItalia","article_published_time":"2015-05-27T17:38:48+00:00","og_image":[{"width":652,"height":500,"url":"https:\/\/www.pressenza.com\/wp-content\/uploads\/2015\/05\/arton7516-969e1.jpg","type":"image\/jpeg"}],"author":"Reporterre, le quotidien de l\u2019\u00e9cologie","twitter_card":"summary_large_image","twitter_creator":"@reporterre","twitter_site":"@PressenzaIPA","twitter_misc":{"Scritto da":"Reporterre, le quotidien de l\u2019\u00e9cologie","Tempo di lettura stimato":"8 minuti"},"schema":{"@context":"https:\/\/schema.org","@graph":[{"@type":"Article","@id":"https:\/\/www.pressenza.com\/it\/2015\/05\/i-padroni-e-il-clima-gli-attivisti-siamo-noi\/#article","isPartOf":{"@id":"https:\/\/www.pressenza.com\/it\/2015\/05\/i-padroni-e-il-clima-gli-attivisti-siamo-noi\/"},"author":{"name":"Reporterre, le quotidien de l\u2019\u00e9cologie","@id":"https:\/\/www.pressenza.com\/it\/#\/schema\/person\/de7a73acc724ec52aecb29649b65b9bc"},"headline":"I padroni e il clima: Gli attivisti siamo noi!","datePublished":"2015-05-27T17:38:48+00:00","mainEntityOfPage":{"@id":"https:\/\/www.pressenza.com\/it\/2015\/05\/i-padroni-e-il-clima-gli-attivisti-siamo-noi\/"},"wordCount":1707,"publisher":{"@id":"https:\/\/www.pressenza.com\/it\/#organization"},"image":{"@id":"https:\/\/www.pressenza.com\/it\/2015\/05\/i-padroni-e-il-clima-gli-attivisti-siamo-noi\/#primaryimage"},"thumbnailUrl":"https:\/\/www.pressenza.com\/wp-content\/uploads\/2015\/05\/arton7516-969e1.jpg","keywords":["economia verde","energia"],"articleSection":["Ecologia ed Ambiente","Economia","Europa","Internazionale","Opinioni"],"inLanguage":"it-IT"},{"@type":"WebPage","@id":"https:\/\/www.pressenza.com\/it\/2015\/05\/i-padroni-e-il-clima-gli-attivisti-siamo-noi\/","url":"https:\/\/www.pressenza.com\/it\/2015\/05\/i-padroni-e-il-clima-gli-attivisti-siamo-noi\/","name":"I padroni e il clima: Gli attivisti siamo noi!","isPartOf":{"@id":"https:\/\/www.pressenza.com\/it\/#website"},"primaryImageOfPage":{"@id":"https:\/\/www.pressenza.com\/it\/2015\/05\/i-padroni-e-il-clima-gli-attivisti-siamo-noi\/#primaryimage"},"image":{"@id":"https:\/\/www.pressenza.com\/it\/2015\/05\/i-padroni-e-il-clima-gli-attivisti-siamo-noi\/#primaryimage"},"thumbnailUrl":"https:\/\/www.pressenza.com\/wp-content\/uploads\/2015\/05\/arton7516-969e1.jpg","datePublished":"2015-05-27T17:38:48+00:00","description":"Padroni di multinazionali e numerosi ministri si sono ritrovati a Parigi per il \"Business &amp; clima Summit\". Auto-celebrando le proprie azioni e","breadcrumb":{"@id":"https:\/\/www.pressenza.com\/it\/2015\/05\/i-padroni-e-il-clima-gli-attivisti-siamo-noi\/#breadcrumb"},"inLanguage":"it-IT","potentialAction":[{"@type":"ReadAction","target":["https:\/\/www.pressenza.com\/it\/2015\/05\/i-padroni-e-il-clima-gli-attivisti-siamo-noi\/"]}]},{"@type":"ImageObject","inLanguage":"it-IT","@id":"https:\/\/www.pressenza.com\/it\/2015\/05\/i-padroni-e-il-clima-gli-attivisti-siamo-noi\/#primaryimage","url":"https:\/\/www.pressenza.com\/wp-content\/uploads\/2015\/05\/arton7516-969e1.jpg","contentUrl":"https:\/\/www.pressenza.com\/wp-content\/uploads\/2015\/05\/arton7516-969e1.jpg","width":652,"height":500},{"@type":"BreadcrumbList","@id":"https:\/\/www.pressenza.com\/it\/2015\/05\/i-padroni-e-il-clima-gli-attivisti-siamo-noi\/#breadcrumb","itemListElement":[{"@type":"ListItem","position":1,"name":"Accueil","item":"https:\/\/www.pressenza.com\/it\/"},{"@type":"ListItem","position":2,"name":"I padroni e il clima: Gli attivisti siamo noi!"}]},{"@type":"WebSite","@id":"https:\/\/www.pressenza.com\/it\/#website","url":"https:\/\/www.pressenza.com\/it\/","name":"Pressenza","description":"Agenzia di Stampa Internazionale","publisher":{"@id":"https:\/\/www.pressenza.com\/it\/#organization"},"potentialAction":[{"@type":"SearchAction","target":{"@type":"EntryPoint","urlTemplate":"https:\/\/www.pressenza.com\/it\/?s={search_term_string}"},"query-input":{"@type":"PropertyValueSpecification","valueRequired":true,"valueName":"search_term_string"}}],"inLanguage":"it-IT"},{"@type":"Organization","@id":"https:\/\/www.pressenza.com\/it\/#organization","name":"Pressenza","url":"https:\/\/www.pressenza.com\/it\/","logo":{"@type":"ImageObject","inLanguage":"it-IT","@id":"https:\/\/www.pressenza.com\/it\/#\/schema\/logo\/image\/","url":"https:\/\/www.pressenza.com\/wp-content\/uploads\/2022\/10\/pressenza_logo_200x200.jpg","contentUrl":"https:\/\/www.pressenza.com\/wp-content\/uploads\/2022\/10\/pressenza_logo_200x200.jpg","width":200,"height":200,"caption":"Pressenza"},"image":{"@id":"https:\/\/www.pressenza.com\/it\/#\/schema\/logo\/image\/"},"sameAs":["https:\/\/www.facebook.com\/PressenzaItalia","https:\/\/x.com\/PressenzaIPA"]},{"@type":"Person","@id":"https:\/\/www.pressenza.com\/it\/#\/schema\/person\/de7a73acc724ec52aecb29649b65b9bc","name":"Reporterre, le quotidien de l\u2019\u00e9cologie","description":"Reporterre propose des informations claires et pertinentes sur l\u2019\u00e9cologie dans ses dimensions politique et sociale, ainsi qu\u2019un espace de tribunes pour r\u00e9fl\u00e9chir et d\u00e9battre. Pour nous, l\u2019\u00e9cologie ne peut se r\u00e9duire \u00e0 des questions de nature et de pollution - m\u00eame si nous suivons attentivement ces questions vitales. L\u2019\u00e9cologie engage le destin commun, engage l\u2019avenir, sa situation d\u00e9coule largement des rapports sociaux. Reporterre entend aussi relayer toutes les initiatives qui montrent que les alternatives au syst\u00e8me dominant sont possibles et r\u00e9alistes. www.reporterre.net","sameAs":["http:\/\/www.reporterre.net\/","https:\/\/x.com\/@reporterre"],"url":"https:\/\/www.pressenza.com\/it\/author\/reporterre\/"}]}},"place":"","original_article_url":"","_links":{"self":[{"href":"https:\/\/www.pressenza.com\/it\/wp-json\/wp\/v2\/posts\/187933","targetHints":{"allow":["GET"]}}],"collection":[{"href":"https:\/\/www.pressenza.com\/it\/wp-json\/wp\/v2\/posts"}],"about":[{"href":"https:\/\/www.pressenza.com\/it\/wp-json\/wp\/v2\/types\/post"}],"author":[{"embeddable":true,"href":"https:\/\/www.pressenza.com\/it\/wp-json\/wp\/v2\/users\/1138"}],"replies":[{"embeddable":true,"href":"https:\/\/www.pressenza.com\/it\/wp-json\/wp\/v2\/comments?post=187933"}],"version-history":[{"count":0,"href":"https:\/\/www.pressenza.com\/it\/wp-json\/wp\/v2\/posts\/187933\/revisions"}],"wp:featuredmedia":[{"embeddable":true,"href":"https:\/\/www.pressenza.com\/it\/wp-json\/wp\/v2\/media\/186694"}],"wp:attachment":[{"href":"https:\/\/www.pressenza.com\/it\/wp-json\/wp\/v2\/media?parent=187933"}],"wp:term":[{"taxonomy":"category","embeddable":true,"href":"https:\/\/www.pressenza.com\/it\/wp-json\/wp\/v2\/categories?post=187933"},{"taxonomy":"post_tag","embeddable":true,"href":"https:\/\/www.pressenza.com\/it\/wp-json\/wp\/v2\/tags?post=187933"}],"curies":[{"name":"wp","href":"https:\/\/api.w.org\/{rel}","templated":true}]}}