{"id":186286,"date":"2015-05-20T15:55:00","date_gmt":"2015-05-20T14:55:00","guid":{"rendered":"http:\/\/www.pressenza.com\/?p=186286"},"modified":"2015-05-20T20:12:08","modified_gmt":"2015-05-20T19:12:08","slug":"expo-nutrire-il-pianeta-o-le-multinazionali-2a-edizione","status":"publish","type":"post","link":"https:\/\/www.pressenza.com\/it\/2015\/05\/expo-nutrire-il-pianeta-o-le-multinazionali-2a-edizione\/","title":{"rendered":"EXPO: nutrire il pianeta o le multinazionali? (2a edizione)"},"content":{"rendered":"<p><strong>Convegno internazionale<\/strong><\/p>\n<p><strong>Venerd\u00ec 26 giugno 15.00\/19.00 spazio Oberdan,<\/strong><\/p>\n<p><strong>viale Vittorio Veneto 2\/piazza Oberdan<\/strong><\/p>\n<p><strong>Sabato 27 giugno 9.00 \/18.30 teatro Puccini\/Elfo<\/strong><\/p>\n<p><strong>c.so Buenos Aires 33, Milano<\/strong><\/p>\n<p><strong>Un appuntamento di critica e proposte, per una politica globale capace di garantire a tutta l&#8217;umanit\u00e0\u00a0<\/strong><strong>un futuro degno di essere vissuto.<\/strong><\/p>\n<p>Organizzato dal GUE\/NGL, (il Gruppo della Sinistra Unita Europea al Parlamento Europeo) in collaborazione con l&#8217;associazione \u201cCostituzione BeniComuni\u201d e con il Comitato Milanese Acquapubblica, con l&#8217;adesione di\u00a0Altra Europa con Tsipras, il convegno \u00e8 in continuit\u00e0 con l&#8217;iniziativa che si \u00e8 svolta a Milano il 7 febbraio in Sala Alessi.<\/p>\n<p>Ora Expo con tanto di vetrina delle multinazionali e del \u201cmade in italy\u201d \u00e8 in pieno svolgimento, sostenuto da uno sforzo mediatico che non ha precedenti, omologa tante buone volont\u00e0 e sembra non voler lasciare\u00a0spazio a voci critiche.<\/p>\n<p>La \u201cCarta di Milano\u201d, il documento che dovrebbe costituire il lascito di Expo all&#8217;umanit\u00e0, si conferma come una operazione puramente mediatica e mistificante: prende a prestito i linguaggi dei movimenti ed\u00a0enuncia principi universali, ma non solo si guarda bene dal toccare i modelli agroalimentari, energetici e della grande distribuzione che generano fame e cattiva alimentazione, conflitti ed esodi nel mondo, ma evita anche di mettere sotto accusa le multinazionali dell&#8217;agrobusiness responsabili del mancato rispetto della sovranit\u00e0 alimentare e del diritto per tutti all&#8217;acqua.<\/p>\n<p>Con questo secondo appuntamento \u00e8 la politica, quella che dei beni comuni e del diritto ad un lavoro dignitoso per tutti ha fatto la propria ragione costitutiva, a scendere in campo sui temi che formalmente\u00a0dovrebbero essere trattati da Expo.<\/p>\n<p>Al centro del dibattito vi saranno: il diritto al cibo, alla sovranit\u00e0 alimentare e alla filiera corta; la difesa e il diritto all&#8217;acqua pubblica; la tutela della salute e la centralit\u00e0 dei diritti umani; l&#8217;uso delle energie pulite per assicurare un futuro a tutta l&#8217;umanit\u00e0. Forte \u00e8 la nostra denuncia verso un modello dominato dalle lobby del potere finanziario e da multinazionali che decidono il destino del pianeta espropriando ogni forma di partecipazione democratica alla politica e svuotando di senso e di efficacia le istituzioni. Questo \u00e8 il modello che si auto celebra in Expo, anticipando il nuovo ordine mondiale previsto dal TTIP, l&#8217;accordo commerciale transatlantico tra UE e USA.<\/p>\n<p>EXPO: nutrire il pianeta o le multinazionali? (2a edizione), raccoglier\u00e0 testimonianze da ogni parte del mondo, non si limiter\u00e0 alla critica, ma cercher\u00e0 di proporre soluzioni alternative e realizzabili.<\/p>\n<p>Partecipano tra gli altri:<\/p>\n<p>Gabriele Zimmer, presidente raggruppamento GUE\/NGL<\/p>\n<p>Piero Basso, presidente CostituzioneBeniComuni<\/p>\n<p>Merja Kyllonen, parlamentare europea, Finlandia<\/p>\n<p>Un rappresentante di Syriza<\/p>\n<p>Katerina Konecna, parlamentare europea, Rep. Ceca<\/p>\n<p>Maurizio Landini, segretario generale FIOM<\/p>\n<p>Basilio Rizzo, presidente del Consiglio Comunale di Milano<\/p>\n<p>Gianni Barbacetto, giornalista di &#8220;il Fatto Quotidiano&#8221;<\/p>\n<p>Paul Nicholson, via Campesina internazionale<\/p>\n<p>Gianni Tamino, Universit\u00e0 di Padova<\/p>\n<p>Curzio Maltese, parlamentare europeo, Italia<\/p>\n<p>Chukki Nanjundasawamy, via Campesina dell&#8217;India<\/p>\n<p>Vittorio Agnoletto, associazione CostituzioneBeniComuni<\/p>\n<p>Mamadou Goita, associazione dei contadini Africa centroccidentale<\/p>\n<p>Susan George, Transnational Institute, Parigi\/Amsterdam<\/p>\n<p>Nora McKeon, associazione Terranuova, Roma<\/p>\n<p>Mons. Luis Infanti, vescovo della Patagonia cilena<\/p>\n<p>Lynn Boylan, parlamentare europea, Sinn Fein, Irlanda<\/p>\n<p>Padre Alex Zanotelli, missionario comboniano<\/p>\n<p>Marco Job, comitato italiano per l&#8217;Acqua,<\/p>\n<p>Eleonora Forenza, parlamentare europea, Italia<\/p>\n<p>Pepe Mujica, gi\u00e0 presidente dell&#8217;Uruguay, (in attesa di conferma)<\/p>\n<p>Barbara Spinelli, parlamentare europea, Italia<\/p>\n<p>Pablo Iglesias, portavoce di Podemos (in attesa di conferma)<\/p>\n<p>Emilio Molinari, CostituzioneBeniComuni<\/p>\n<p>Monica Di Sisto, campagna nazionale &#8220;STOP TTIP&#8221;<\/p>\n<p>Moni Ovadia, attore, scrittore, regista<\/p>\n<p>Joao Pedro Stedile, via Campesina internazionale, con un messaggio dal Brasile<\/p>\n","protected":false},"excerpt":{"rendered":"<p>Convegno internazionale Venerd\u00ec 26 giugno 15.00\/19.00 spazio Oberdan, viale Vittorio Veneto 2\/piazza Oberdan Sabato 27 giugno 9.00 \/18.30 teatro Puccini\/Elfo c.so Buenos Aires 33, Milano Un appuntamento di critica e proposte, per una politica globale capace di garantire a tutta&hellip;<\/p>\n","protected":false},"author":594,"featured_media":186287,"comment_status":"closed","ping_status":"open","sticky":false,"template":"","format":"standard","meta":{"footnotes":""},"categories":[150,62,47],"tags":[9020,6207,445,3770,2751],"class_list":["post-186286","post","type-post","status-publish","format-standard","has-post-thumbnail","hentry","category-comunicati-stampa","category-economia","category-europa","tag-diritto-allacqua","tag-expo","tag-land-grabbing","tag-multinazionali","tag-sovranita-alimentare"],"yoast_head":"<!-- This site is optimized with the Yoast SEO plugin v27.1.1 - https:\/\/yoast.com\/product\/yoast-seo-wordpress\/ -->\n<title>EXPO: nutrire il pianeta o le multinazionali? (2a edizione)<\/title>\n<meta name=\"description\" content=\"A Milano un appuntamento di critica e proposte, per una politica globale capace di garantire a tutta l&#039;umanit\u00e0 un futuro degno di essere vissuto\" \/>\n<meta name=\"robots\" content=\"index, follow, max-snippet:-1, max-image-preview:large, max-video-preview:-1\" \/>\n<link rel=\"canonical\" href=\"https:\/\/www.pressenza.com\/it\/2015\/05\/expo-nutrire-il-pianeta-o-le-multinazionali-2a-edizione\/\" \/>\n<meta property=\"og:locale\" content=\"it_IT\" \/>\n<meta property=\"og:type\" content=\"article\" \/>\n<meta property=\"og:title\" content=\"EXPO: nutrire il pianeta o le multinazionali? (2a edizione)\" \/>\n<meta property=\"og:description\" content=\"A Milano un appuntamento di critica e proposte, per una politica globale capace di garantire a tutta l&#039;umanit\u00e0 un futuro degno di essere vissuto\" \/>\n<meta property=\"og:url\" content=\"https:\/\/www.pressenza.com\/it\/2015\/05\/expo-nutrire-il-pianeta-o-le-multinazionali-2a-edizione\/\" \/>\n<meta property=\"og:site_name\" content=\"Pressenza\" \/>\n<meta property=\"article:publisher\" content=\"https:\/\/www.facebook.com\/PressenzaItalia\" \/>\n<meta property=\"article:author\" content=\"https:\/\/www.facebook.com\/PressenzaItalia\" \/>\n<meta property=\"article:published_time\" content=\"2015-05-20T14:55:00+00:00\" \/>\n<meta property=\"article:modified_time\" content=\"2015-05-20T19:12:08+00:00\" \/>\n<meta property=\"og:image\" content=\"https:\/\/www.pressenza.com\/wp-content\/uploads\/2015\/05\/landgrabbing.jpg\" \/>\n\t<meta property=\"og:image:width\" content=\"637\" \/>\n\t<meta property=\"og:image:height\" content=\"425\" \/>\n\t<meta property=\"og:image:type\" content=\"image\/jpeg\" \/>\n<meta name=\"author\" content=\"Redazione Italia\" \/>\n<meta name=\"twitter:card\" content=\"summary_large_image\" \/>\n<meta name=\"twitter:creator\" content=\"@pressenza_it\" \/>\n<meta name=\"twitter:site\" content=\"@PressenzaIPA\" \/>\n<meta name=\"twitter:label1\" content=\"Scritto da\" \/>\n\t<meta name=\"twitter:data1\" content=\"Redazione Italia\" \/>\n\t<meta name=\"twitter:label2\" content=\"Tempo di lettura stimato\" \/>\n\t<meta name=\"twitter:data2\" content=\"3 minuti\" \/>\n<script type=\"application\/ld+json\" class=\"yoast-schema-graph\">{\"@context\":\"https:\/\/schema.org\",\"@graph\":[{\"@type\":\"Article\",\"@id\":\"https:\/\/www.pressenza.com\/it\/2015\/05\/expo-nutrire-il-pianeta-o-le-multinazionali-2a-edizione\/#article\",\"isPartOf\":{\"@id\":\"https:\/\/www.pressenza.com\/it\/2015\/05\/expo-nutrire-il-pianeta-o-le-multinazionali-2a-edizione\/\"},\"author\":{\"name\":\"Redazione Italia\",\"@id\":\"https:\/\/www.pressenza.com\/it\/#\/schema\/person\/d983e81827ae24f2c7b1a2123d197f8d\"},\"headline\":\"EXPO: nutrire il pianeta o le multinazionali? (2a edizione)\",\"datePublished\":\"2015-05-20T14:55:00+00:00\",\"dateModified\":\"2015-05-20T19:12:08+00:00\",\"mainEntityOfPage\":{\"@id\":\"https:\/\/www.pressenza.com\/it\/2015\/05\/expo-nutrire-il-pianeta-o-le-multinazionali-2a-edizione\/\"},\"wordCount\":582,\"publisher\":{\"@id\":\"https:\/\/www.pressenza.com\/it\/#organization\"},\"image\":{\"@id\":\"https:\/\/www.pressenza.com\/it\/2015\/05\/expo-nutrire-il-pianeta-o-le-multinazionali-2a-edizione\/#primaryimage\"},\"thumbnailUrl\":\"https:\/\/www.pressenza.com\/wp-content\/uploads\/2015\/05\/landgrabbing.jpg\",\"keywords\":[\"diritto all'acqua\",\"Expo\",\"land grabbing\",\"multinazionali\",\"sovranit\u00e0 alimentare\"],\"articleSection\":[\"Comunicati Stampa\",\"Economia\",\"Europa\"],\"inLanguage\":\"it-IT\"},{\"@type\":\"WebPage\",\"@id\":\"https:\/\/www.pressenza.com\/it\/2015\/05\/expo-nutrire-il-pianeta-o-le-multinazionali-2a-edizione\/\",\"url\":\"https:\/\/www.pressenza.com\/it\/2015\/05\/expo-nutrire-il-pianeta-o-le-multinazionali-2a-edizione\/\",\"name\":\"EXPO: nutrire il pianeta o le multinazionali? (2a edizione)\",\"isPartOf\":{\"@id\":\"https:\/\/www.pressenza.com\/it\/#website\"},\"primaryImageOfPage\":{\"@id\":\"https:\/\/www.pressenza.com\/it\/2015\/05\/expo-nutrire-il-pianeta-o-le-multinazionali-2a-edizione\/#primaryimage\"},\"image\":{\"@id\":\"https:\/\/www.pressenza.com\/it\/2015\/05\/expo-nutrire-il-pianeta-o-le-multinazionali-2a-edizione\/#primaryimage\"},\"thumbnailUrl\":\"https:\/\/www.pressenza.com\/wp-content\/uploads\/2015\/05\/landgrabbing.jpg\",\"datePublished\":\"2015-05-20T14:55:00+00:00\",\"dateModified\":\"2015-05-20T19:12:08+00:00\",\"description\":\"A Milano un appuntamento di critica e proposte, per una politica globale capace di garantire a tutta l'umanit\u00e0 un futuro degno di essere vissuto\",\"breadcrumb\":{\"@id\":\"https:\/\/www.pressenza.com\/it\/2015\/05\/expo-nutrire-il-pianeta-o-le-multinazionali-2a-edizione\/#breadcrumb\"},\"inLanguage\":\"it-IT\",\"potentialAction\":[{\"@type\":\"ReadAction\",\"target\":[\"https:\/\/www.pressenza.com\/it\/2015\/05\/expo-nutrire-il-pianeta-o-le-multinazionali-2a-edizione\/\"]}]},{\"@type\":\"ImageObject\",\"inLanguage\":\"it-IT\",\"@id\":\"https:\/\/www.pressenza.com\/it\/2015\/05\/expo-nutrire-il-pianeta-o-le-multinazionali-2a-edizione\/#primaryimage\",\"url\":\"https:\/\/www.pressenza.com\/wp-content\/uploads\/2015\/05\/landgrabbing.jpg\",\"contentUrl\":\"https:\/\/www.pressenza.com\/wp-content\/uploads\/2015\/05\/landgrabbing.jpg\",\"width\":637,\"height\":425},{\"@type\":\"BreadcrumbList\",\"@id\":\"https:\/\/www.pressenza.com\/it\/2015\/05\/expo-nutrire-il-pianeta-o-le-multinazionali-2a-edizione\/#breadcrumb\",\"itemListElement\":[{\"@type\":\"ListItem\",\"position\":1,\"name\":\"Accueil\",\"item\":\"https:\/\/www.pressenza.com\/it\/\"},{\"@type\":\"ListItem\",\"position\":2,\"name\":\"EXPO: nutrire il pianeta o le multinazionali? (2a edizione)\"}]},{\"@type\":\"WebSite\",\"@id\":\"https:\/\/www.pressenza.com\/it\/#website\",\"url\":\"https:\/\/www.pressenza.com\/it\/\",\"name\":\"Pressenza\",\"description\":\"Agenzia di Stampa Internazionale\",\"publisher\":{\"@id\":\"https:\/\/www.pressenza.com\/it\/#organization\"},\"potentialAction\":[{\"@type\":\"SearchAction\",\"target\":{\"@type\":\"EntryPoint\",\"urlTemplate\":\"https:\/\/www.pressenza.com\/it\/?s={search_term_string}\"},\"query-input\":{\"@type\":\"PropertyValueSpecification\",\"valueRequired\":true,\"valueName\":\"search_term_string\"}}],\"inLanguage\":\"it-IT\"},{\"@type\":\"Organization\",\"@id\":\"https:\/\/www.pressenza.com\/it\/#organization\",\"name\":\"Pressenza\",\"url\":\"https:\/\/www.pressenza.com\/it\/\",\"logo\":{\"@type\":\"ImageObject\",\"inLanguage\":\"it-IT\",\"@id\":\"https:\/\/www.pressenza.com\/it\/#\/schema\/logo\/image\/\",\"url\":\"https:\/\/www.pressenza.com\/wp-content\/uploads\/2022\/10\/pressenza_logo_200x200.jpg\",\"contentUrl\":\"https:\/\/www.pressenza.com\/wp-content\/uploads\/2022\/10\/pressenza_logo_200x200.jpg\",\"width\":200,\"height\":200,\"caption\":\"Pressenza\"},\"image\":{\"@id\":\"https:\/\/www.pressenza.com\/it\/#\/schema\/logo\/image\/\"},\"sameAs\":[\"https:\/\/www.facebook.com\/PressenzaItalia\",\"https:\/\/x.com\/PressenzaIPA\"]},{\"@type\":\"Person\",\"@id\":\"https:\/\/www.pressenza.com\/it\/#\/schema\/person\/d983e81827ae24f2c7b1a2123d197f8d\",\"name\":\"Redazione Italia\",\"description\":\"News from the Pressenza Bureau in Italy\",\"sameAs\":[\"https:\/\/www.pressenza.com\/it\/author\/redazione-italia\/\",\"https:\/\/www.facebook.com\/PressenzaItalia\",\"https:\/\/www.instagram.com\/pressenza_italia\/\",\"https:\/\/x.com\/pressenza_it\",\"https:\/\/www.youtube.com\/channel\/UCSalEIWjE1RSxkwjfftFuqg\"],\"url\":\"https:\/\/www.pressenza.com\/it\/author\/redazione-italia\/\"}]}<\/script>\n<!-- \/ Yoast SEO plugin. -->","yoast_head_json":{"title":"EXPO: nutrire il pianeta o le multinazionali? (2a edizione)","description":"A Milano un appuntamento di critica e proposte, per una politica globale capace di garantire a tutta l'umanit\u00e0 un futuro degno di essere vissuto","robots":{"index":"index","follow":"follow","max-snippet":"max-snippet:-1","max-image-preview":"max-image-preview:large","max-video-preview":"max-video-preview:-1"},"canonical":"https:\/\/www.pressenza.com\/it\/2015\/05\/expo-nutrire-il-pianeta-o-le-multinazionali-2a-edizione\/","og_locale":"it_IT","og_type":"article","og_title":"EXPO: nutrire il pianeta o le multinazionali? (2a edizione)","og_description":"A Milano un appuntamento di critica e proposte, per una politica globale capace di garantire a tutta l'umanit\u00e0 un futuro degno di essere vissuto","og_url":"https:\/\/www.pressenza.com\/it\/2015\/05\/expo-nutrire-il-pianeta-o-le-multinazionali-2a-edizione\/","og_site_name":"Pressenza","article_publisher":"https:\/\/www.facebook.com\/PressenzaItalia","article_author":"https:\/\/www.facebook.com\/PressenzaItalia","article_published_time":"2015-05-20T14:55:00+00:00","article_modified_time":"2015-05-20T19:12:08+00:00","og_image":[{"width":637,"height":425,"url":"https:\/\/www.pressenza.com\/wp-content\/uploads\/2015\/05\/landgrabbing.jpg","type":"image\/jpeg"}],"author":"Redazione Italia","twitter_card":"summary_large_image","twitter_creator":"@pressenza_it","twitter_site":"@PressenzaIPA","twitter_misc":{"Scritto da":"Redazione Italia","Tempo di lettura stimato":"3 minuti"},"schema":{"@context":"https:\/\/schema.org","@graph":[{"@type":"Article","@id":"https:\/\/www.pressenza.com\/it\/2015\/05\/expo-nutrire-il-pianeta-o-le-multinazionali-2a-edizione\/#article","isPartOf":{"@id":"https:\/\/www.pressenza.com\/it\/2015\/05\/expo-nutrire-il-pianeta-o-le-multinazionali-2a-edizione\/"},"author":{"name":"Redazione Italia","@id":"https:\/\/www.pressenza.com\/it\/#\/schema\/person\/d983e81827ae24f2c7b1a2123d197f8d"},"headline":"EXPO: nutrire il pianeta o le multinazionali? (2a edizione)","datePublished":"2015-05-20T14:55:00+00:00","dateModified":"2015-05-20T19:12:08+00:00","mainEntityOfPage":{"@id":"https:\/\/www.pressenza.com\/it\/2015\/05\/expo-nutrire-il-pianeta-o-le-multinazionali-2a-edizione\/"},"wordCount":582,"publisher":{"@id":"https:\/\/www.pressenza.com\/it\/#organization"},"image":{"@id":"https:\/\/www.pressenza.com\/it\/2015\/05\/expo-nutrire-il-pianeta-o-le-multinazionali-2a-edizione\/#primaryimage"},"thumbnailUrl":"https:\/\/www.pressenza.com\/wp-content\/uploads\/2015\/05\/landgrabbing.jpg","keywords":["diritto all'acqua","Expo","land grabbing","multinazionali","sovranit\u00e0 alimentare"],"articleSection":["Comunicati Stampa","Economia","Europa"],"inLanguage":"it-IT"},{"@type":"WebPage","@id":"https:\/\/www.pressenza.com\/it\/2015\/05\/expo-nutrire-il-pianeta-o-le-multinazionali-2a-edizione\/","url":"https:\/\/www.pressenza.com\/it\/2015\/05\/expo-nutrire-il-pianeta-o-le-multinazionali-2a-edizione\/","name":"EXPO: nutrire il pianeta o le multinazionali? (2a edizione)","isPartOf":{"@id":"https:\/\/www.pressenza.com\/it\/#website"},"primaryImageOfPage":{"@id":"https:\/\/www.pressenza.com\/it\/2015\/05\/expo-nutrire-il-pianeta-o-le-multinazionali-2a-edizione\/#primaryimage"},"image":{"@id":"https:\/\/www.pressenza.com\/it\/2015\/05\/expo-nutrire-il-pianeta-o-le-multinazionali-2a-edizione\/#primaryimage"},"thumbnailUrl":"https:\/\/www.pressenza.com\/wp-content\/uploads\/2015\/05\/landgrabbing.jpg","datePublished":"2015-05-20T14:55:00+00:00","dateModified":"2015-05-20T19:12:08+00:00","description":"A Milano un appuntamento di critica e proposte, per una politica globale capace di garantire a tutta l'umanit\u00e0 un futuro degno di essere vissuto","breadcrumb":{"@id":"https:\/\/www.pressenza.com\/it\/2015\/05\/expo-nutrire-il-pianeta-o-le-multinazionali-2a-edizione\/#breadcrumb"},"inLanguage":"it-IT","potentialAction":[{"@type":"ReadAction","target":["https:\/\/www.pressenza.com\/it\/2015\/05\/expo-nutrire-il-pianeta-o-le-multinazionali-2a-edizione\/"]}]},{"@type":"ImageObject","inLanguage":"it-IT","@id":"https:\/\/www.pressenza.com\/it\/2015\/05\/expo-nutrire-il-pianeta-o-le-multinazionali-2a-edizione\/#primaryimage","url":"https:\/\/www.pressenza.com\/wp-content\/uploads\/2015\/05\/landgrabbing.jpg","contentUrl":"https:\/\/www.pressenza.com\/wp-content\/uploads\/2015\/05\/landgrabbing.jpg","width":637,"height":425},{"@type":"BreadcrumbList","@id":"https:\/\/www.pressenza.com\/it\/2015\/05\/expo-nutrire-il-pianeta-o-le-multinazionali-2a-edizione\/#breadcrumb","itemListElement":[{"@type":"ListItem","position":1,"name":"Accueil","item":"https:\/\/www.pressenza.com\/it\/"},{"@type":"ListItem","position":2,"name":"EXPO: nutrire il pianeta o le multinazionali? (2a edizione)"}]},{"@type":"WebSite","@id":"https:\/\/www.pressenza.com\/it\/#website","url":"https:\/\/www.pressenza.com\/it\/","name":"Pressenza","description":"Agenzia di Stampa Internazionale","publisher":{"@id":"https:\/\/www.pressenza.com\/it\/#organization"},"potentialAction":[{"@type":"SearchAction","target":{"@type":"EntryPoint","urlTemplate":"https:\/\/www.pressenza.com\/it\/?s={search_term_string}"},"query-input":{"@type":"PropertyValueSpecification","valueRequired":true,"valueName":"search_term_string"}}],"inLanguage":"it-IT"},{"@type":"Organization","@id":"https:\/\/www.pressenza.com\/it\/#organization","name":"Pressenza","url":"https:\/\/www.pressenza.com\/it\/","logo":{"@type":"ImageObject","inLanguage":"it-IT","@id":"https:\/\/www.pressenza.com\/it\/#\/schema\/logo\/image\/","url":"https:\/\/www.pressenza.com\/wp-content\/uploads\/2022\/10\/pressenza_logo_200x200.jpg","contentUrl":"https:\/\/www.pressenza.com\/wp-content\/uploads\/2022\/10\/pressenza_logo_200x200.jpg","width":200,"height":200,"caption":"Pressenza"},"image":{"@id":"https:\/\/www.pressenza.com\/it\/#\/schema\/logo\/image\/"},"sameAs":["https:\/\/www.facebook.com\/PressenzaItalia","https:\/\/x.com\/PressenzaIPA"]},{"@type":"Person","@id":"https:\/\/www.pressenza.com\/it\/#\/schema\/person\/d983e81827ae24f2c7b1a2123d197f8d","name":"Redazione Italia","description":"News from the Pressenza Bureau in Italy","sameAs":["https:\/\/www.pressenza.com\/it\/author\/redazione-italia\/","https:\/\/www.facebook.com\/PressenzaItalia","https:\/\/www.instagram.com\/pressenza_italia\/","https:\/\/x.com\/pressenza_it","https:\/\/www.youtube.com\/channel\/UCSalEIWjE1RSxkwjfftFuqg"],"url":"https:\/\/www.pressenza.com\/it\/author\/redazione-italia\/"}]}},"place":"Milano","original_article_url":"","_links":{"self":[{"href":"https:\/\/www.pressenza.com\/it\/wp-json\/wp\/v2\/posts\/186286","targetHints":{"allow":["GET"]}}],"collection":[{"href":"https:\/\/www.pressenza.com\/it\/wp-json\/wp\/v2\/posts"}],"about":[{"href":"https:\/\/www.pressenza.com\/it\/wp-json\/wp\/v2\/types\/post"}],"author":[{"embeddable":true,"href":"https:\/\/www.pressenza.com\/it\/wp-json\/wp\/v2\/users\/594"}],"replies":[{"embeddable":true,"href":"https:\/\/www.pressenza.com\/it\/wp-json\/wp\/v2\/comments?post=186286"}],"version-history":[{"count":0,"href":"https:\/\/www.pressenza.com\/it\/wp-json\/wp\/v2\/posts\/186286\/revisions"}],"wp:featuredmedia":[{"embeddable":true,"href":"https:\/\/www.pressenza.com\/it\/wp-json\/wp\/v2\/media\/186287"}],"wp:attachment":[{"href":"https:\/\/www.pressenza.com\/it\/wp-json\/wp\/v2\/media?parent=186286"}],"wp:term":[{"taxonomy":"category","embeddable":true,"href":"https:\/\/www.pressenza.com\/it\/wp-json\/wp\/v2\/categories?post=186286"},{"taxonomy":"post_tag","embeddable":true,"href":"https:\/\/www.pressenza.com\/it\/wp-json\/wp\/v2\/tags?post=186286"}],"curies":[{"name":"wp","href":"https:\/\/api.w.org\/{rel}","templated":true}]}}