{"id":1844508,"date":"2024-05-11T22:34:36","date_gmt":"2024-05-11T21:34:36","guid":{"rendered":"https:\/\/www.pressenza.com\/?p=1844508"},"modified":"2024-05-11T22:34:36","modified_gmt":"2024-05-11T21:34:36","slug":"unicef-gaza-con-laumento-dei-bisogni-a-rafah-la-risposta-umanitaria-e-costretta-a-raschiare-il-fondo-del-barile","status":"publish","type":"post","link":"https:\/\/www.pressenza.com\/it\/2024\/05\/unicef-gaza-con-laumento-dei-bisogni-a-rafah-la-risposta-umanitaria-e-costretta-a-raschiare-il-fondo-del-barile\/","title":{"rendered":"UNICEF\/Gaza: con l&#8217;aumento dei bisogni a Rafah, la risposta umanitaria \u00e8 costretta a &#8220;raschiare il fondo del barile&#8221;"},"content":{"rendered":"<p style=\"text-align: left;\" align=\"center\"><b><i>Dichiarazione del Coordinatore Senior dell&#8217;UNICEF per le emergenze nella Striscia di Gaza, Hamish Young durante l&#8217;incontro con la stampa tenutosi oggi al Palazzo delle Nazioni di Ginevra.<\/p>\n<p><\/i><\/b><\/p>\n<p>\u00a0\u201cHo lavorato su emergenze umanitarie su larga scala per la maggior parte degli ultimi 30 anni e non sono mai stato coinvolto in una situazione cos\u00ec devastante, complessa o imprevedibile come questa. <b>Quando sono arrivato a Gaza a met\u00e0 novembre, sono rimasto scioccato dalla gravit\u00e0 dell&#8217;impatto di questo conflitto sui bambini<\/b>\u00a0e, impossibilmente, da allora la situazione ha continuato a peggiorare.<\/p>\n<p><b>Ieri ho fatto un giro ad Al-Mawasi, la cosiddetta &#8220;zona umanitaria&#8221; in cui \u00e8 stato detto agli abitanti della parte orientale di Rafah di trasferirsi. Pi\u00f9 di 100.000 persone sono fuggite da Rafah negli ultimi 5 giorni e il flusso di sfollati continua. Le strade per Mawasi sono intasate<\/b>\u00a0&#8211; molte centinaia di camion, autobus, auto e carri trainati da asini carichi di persone e beni.<\/p>\n<p>Oggi ho visto qualcuno che cercava di spostare la propria latrina sul retro di un carretto trainato da un asino: questo d\u00e0 un&#8217;idea di quanto la gente sia disperata.\u00a0 I rifugi erano gi\u00e0 allineati sulle dune di sabbia di Al-Mawasi e ora \u00e8 difficile passare tra la massa di tende e teloni.<\/p>\n<p>Le persone con cui parlo mi dicono di essere esauste, terrorizzate e di sapere che la vita ad Al-Mawasi sar\u00e0, ancora una volta, impossibilmente, pi\u00f9 dura. Le famiglie non dispongono di servizi igienici adeguati, di acqua potabile e di un riparo. La gente costruisce bagni improvvisati scavando buche nel terreno intorno a gruppi di tende. La defecazione a cielo aperto \u00e8 in aumento.<\/p>\n<p>Gli sfollati sono soggetti a un rischio ancora maggiore di malattie, infezioni, malnutrizione, disidratazione e altri problemi di protezione e salute. Al di l\u00e0 di alcuni punti sanitari mobili e di ospedali da campo con capacit\u00e0 limitate, l&#8217;ospedale pi\u00f9 vicino \u00e8 ad almeno 4 km di distanza, ammesso che la strada per raggiungerlo sia sicura. A Gaza quasi tutti sono stati sfollati pi\u00f9 di una volta &#8211; alcuni molte volte &#8211; e di conseguenza sono ancora pi\u00f9 a rischio.<\/p>\n<p>Un padre mi ha detto, piangendo, che aveva solo cattive opzioni tra cui scegliere. Nessun posto \u00e8 sicuro per i suoi figli.<\/p>\n<p><b>Impossibilmente, ancora una volta, la situazione peggiorer\u00e0 se le operazioni umanitarie non saranno riattivate nelle prossime 48 ore.\u00a0<\/b><\/p>\n<p><b>Per 5 giorni, nessun carburante e praticamente nessun aiuto umanitario \u00e8 entrato nella Striscia di Gaza e stiamo raschiando il fondo del barile<\/b>. Questo \u00e8 gi\u00e0 un problema enorme per la popolazione e per tutti gli attori umanitari, ma nel giro di pochi giorni, se non si pone rimedio, la mancanza di carburante potrebbe far fallire le operazioni umanitarie.<\/p>\n<p><b>&#8220;Senza carburante, i reparti di maternit\u00e0 dell&#8217;ospedale emiratino non possono funzionare, e ogni giorno vi nascono circa 80 bambini<\/b>. Le donne incinte sono lasciate senza opzioni per un parto sicuro dei loro neonati. Come abbiamo visto in altre parti di Gaza negli ultimi sette mesi, quando gli ospedali rimangono senza carburante, le attrezzature salvavita come i ventilatori e le incubatrici smettono di funzionare.<\/p>\n<p><b>Senza carburante, gli impianti di desalinizzazione dell&#8217;acqua e i pozzi d&#8217;acqua non possono funzionare, il sistema fognario non pu\u00f2 funzionare<\/b>. E i nostri camion non possono portare gli aiuti umanitari essenziali e salvavita alle persone che ne hanno bisogno.<\/p>\n<p>Le scorte di cibo per sostenere la popolazione del sud dovrebbero esaurirsi domani e l&#8217;ultima panetteria funzionante nel sud sta per esaurire il carburante.<\/p>\n<p>In un momento in cui la gente \u00e8 costretta a riprendere il cammino e a spostarsi, le forniture salvavita che sostengono e supportano la popolazione sono state completamente tagliate.\u00a0<b>Bisogna essere molto chiari: questo porter\u00e0 alla morte dei bambini. Morti che possono essere evitate.<\/b><\/p>\n<p><b>E poi ci sono le famiglie che non possono lasciare Rafah o scelgono di rimanere. Centinaia di migliaia di bambini sono feriti, malati, malnutriti o con disabilit\u00e0 preesistenti.<\/b><\/p>\n<p><b>Secondo quanto riferito, oltre 14.000 bambini sono gi\u00e0 stati uccisi &#8211; un&#8217;offensiva di terra a Rafah far\u00e0 senza dubbio aumentare drasticamente questo numero.<\/b><\/p>\n<p>Ho trascorso molto tempo nei restanti ospedali di Gaza e le ferite di cui sono stato testimone sono strazianti. \u00c8 davvero difficile descrivere l&#8217;impatto delle armi moderne su un bambino di quattro anni. Quello che fa a un giovane corpo va oltre la comprensione.\u00a0<b>Ho visto di persona molti, molti bambini che hanno perso arti, che hanno subito ustioni orribili. E naturalmente l&#8217;impatto sulla salute mentale di tutti i bambini della Striscia di Gaza \u00e8 terribile.<\/b><\/p>\n<p>Noi che lavoriamo qui stiamo facendo tutto il possibile per mantenere viva la risposta umanitaria.\u00a0<b>Speriamo che i nostri appelli per un cessate il fuoco vengano ascoltati e accolti,<\/b>\u00a0ma siamo anche pronti ad affrontare questo conflitto insensato che continua a sconvolgere anche i pi\u00f9 avvezzi.<\/p>\n<div><b>Abbiamo bisogno di carburante immediatamente. Gli aiuti devono arrivare. Gli ostaggi devono essere liberati. Rafah non deve essere invasa.<\/b><\/div>\n<p>&nbsp;<\/p>\n","protected":false},"excerpt":{"rendered":"<p>Dichiarazione del Coordinatore Senior dell&#8217;UNICEF per le emergenze nella Striscia di Gaza, Hamish Young durante l&#8217;incontro con la stampa tenutosi oggi al Palazzo delle Nazioni di Ginevra. \u00a0\u201cHo lavorato su emergenze umanitarie su larga scala per la maggior parte degli&hellip;<\/p>\n","protected":false},"author":1490,"featured_media":1844510,"comment_status":"closed","ping_status":"closed","sticky":false,"template":"","format":"standard","meta":{"footnotes":""},"categories":[150,60],"tags":[1005,122792,27068,3894],"class_list":["post-1844508","post","type-post","status-publish","format-standard","has-post-thumbnail","hentry","category-comunicati-stampa","category-diritti-umani","tag-gaza","tag-hamish-young","tag-rafah","tag-unicef-it"],"yoast_head":"<!-- This site is optimized with the Yoast SEO plugin v27.1.1 - https:\/\/yoast.com\/product\/yoast-seo-wordpress\/ -->\n<title>UNICEF\/Gaza: con l&#039;aumento dei bisogni a Rafah, la risposta umanitaria \u00e8 costretta a &quot;raschiare il fondo del barile&quot;<\/title>\n<meta name=\"description\" content=\"Dichiarazione del Coordinatore Senior dell&#039;UNICEF per le emergenze nella Striscia di Gaza, Hamish Young durante l&#039;incontro con la stampa tenutosi oggi al\" \/>\n<meta name=\"robots\" content=\"index, follow, max-snippet:-1, max-image-preview:large, max-video-preview:-1\" \/>\n<link rel=\"canonical\" href=\"https:\/\/www.pressenza.com\/it\/2024\/05\/unicef-gaza-con-laumento-dei-bisogni-a-rafah-la-risposta-umanitaria-e-costretta-a-raschiare-il-fondo-del-barile\/\" \/>\n<meta property=\"og:locale\" content=\"it_IT\" \/>\n<meta property=\"og:type\" content=\"article\" \/>\n<meta property=\"og:title\" content=\"UNICEF\/Gaza: con l&#039;aumento dei bisogni a Rafah, la risposta umanitaria \u00e8 costretta a &quot;raschiare il fondo del barile&quot;\" \/>\n<meta property=\"og:description\" content=\"Dichiarazione del Coordinatore Senior dell&#039;UNICEF per le emergenze nella Striscia di Gaza, Hamish Young durante l&#039;incontro con la stampa tenutosi oggi al\" \/>\n<meta property=\"og:url\" content=\"https:\/\/www.pressenza.com\/it\/2024\/05\/unicef-gaza-con-laumento-dei-bisogni-a-rafah-la-risposta-umanitaria-e-costretta-a-raschiare-il-fondo-del-barile\/\" \/>\n<meta property=\"og:site_name\" content=\"Pressenza\" \/>\n<meta property=\"article:publisher\" content=\"https:\/\/www.facebook.com\/PressenzaItalia\" \/>\n<meta property=\"article:published_time\" content=\"2024-05-11T21:34:36+00:00\" \/>\n<meta property=\"og:image\" content=\"https:\/\/www.pressenza.com\/wp-content\/uploads\/2024\/05\/Gaza-UNICEF-El-Baba.jpg\" \/>\n\t<meta property=\"og:image:width\" content=\"512\" \/>\n\t<meta property=\"og:image:height\" content=\"338\" \/>\n\t<meta property=\"og:image:type\" content=\"image\/jpeg\" \/>\n<meta name=\"author\" content=\"UNICEF\" \/>\n<meta name=\"twitter:card\" content=\"summary_large_image\" \/>\n<meta name=\"twitter:creator\" content=\"@PressenzaIPA\" \/>\n<meta name=\"twitter:site\" content=\"@PressenzaIPA\" \/>\n<meta name=\"twitter:label1\" content=\"Scritto da\" \/>\n\t<meta name=\"twitter:data1\" content=\"UNICEF\" \/>\n\t<meta name=\"twitter:label2\" content=\"Tempo di lettura stimato\" \/>\n\t<meta name=\"twitter:data2\" content=\"5 minuti\" \/>\n<script type=\"application\/ld+json\" class=\"yoast-schema-graph\">{\"@context\":\"https:\/\/schema.org\",\"@graph\":[{\"@type\":\"Article\",\"@id\":\"https:\/\/www.pressenza.com\/it\/2024\/05\/unicef-gaza-con-laumento-dei-bisogni-a-rafah-la-risposta-umanitaria-e-costretta-a-raschiare-il-fondo-del-barile\/#article\",\"isPartOf\":{\"@id\":\"https:\/\/www.pressenza.com\/it\/2024\/05\/unicef-gaza-con-laumento-dei-bisogni-a-rafah-la-risposta-umanitaria-e-costretta-a-raschiare-il-fondo-del-barile\/\"},\"author\":{\"name\":\"UNICEF\",\"@id\":\"https:\/\/www.pressenza.com\/it\/#\/schema\/person\/1798433491159bafc2b2ce4daf871dd0\"},\"headline\":\"UNICEF\/Gaza: con l&#8217;aumento dei bisogni a Rafah, la risposta umanitaria \u00e8 costretta a &#8220;raschiare il fondo del barile&#8221;\",\"datePublished\":\"2024-05-11T21:34:36+00:00\",\"mainEntityOfPage\":{\"@id\":\"https:\/\/www.pressenza.com\/it\/2024\/05\/unicef-gaza-con-laumento-dei-bisogni-a-rafah-la-risposta-umanitaria-e-costretta-a-raschiare-il-fondo-del-barile\/\"},\"wordCount\":823,\"publisher\":{\"@id\":\"https:\/\/www.pressenza.com\/it\/#organization\"},\"image\":{\"@id\":\"https:\/\/www.pressenza.com\/it\/2024\/05\/unicef-gaza-con-laumento-dei-bisogni-a-rafah-la-risposta-umanitaria-e-costretta-a-raschiare-il-fondo-del-barile\/#primaryimage\"},\"thumbnailUrl\":\"https:\/\/www.pressenza.com\/wp-content\/uploads\/2024\/05\/Gaza-UNICEF-El-Baba.jpg\",\"keywords\":[\"Gaza\",\"Hamish Young\",\"Rafah\",\"Unicef\"],\"articleSection\":[\"Comunicati Stampa\",\"Diritti Umani\"],\"inLanguage\":\"it-IT\"},{\"@type\":\"WebPage\",\"@id\":\"https:\/\/www.pressenza.com\/it\/2024\/05\/unicef-gaza-con-laumento-dei-bisogni-a-rafah-la-risposta-umanitaria-e-costretta-a-raschiare-il-fondo-del-barile\/\",\"url\":\"https:\/\/www.pressenza.com\/it\/2024\/05\/unicef-gaza-con-laumento-dei-bisogni-a-rafah-la-risposta-umanitaria-e-costretta-a-raschiare-il-fondo-del-barile\/\",\"name\":\"UNICEF\/Gaza: con l'aumento dei bisogni a Rafah, la risposta umanitaria \u00e8 costretta a \\\"raschiare il fondo del barile\\\"\",\"isPartOf\":{\"@id\":\"https:\/\/www.pressenza.com\/it\/#website\"},\"primaryImageOfPage\":{\"@id\":\"https:\/\/www.pressenza.com\/it\/2024\/05\/unicef-gaza-con-laumento-dei-bisogni-a-rafah-la-risposta-umanitaria-e-costretta-a-raschiare-il-fondo-del-barile\/#primaryimage\"},\"image\":{\"@id\":\"https:\/\/www.pressenza.com\/it\/2024\/05\/unicef-gaza-con-laumento-dei-bisogni-a-rafah-la-risposta-umanitaria-e-costretta-a-raschiare-il-fondo-del-barile\/#primaryimage\"},\"thumbnailUrl\":\"https:\/\/www.pressenza.com\/wp-content\/uploads\/2024\/05\/Gaza-UNICEF-El-Baba.jpg\",\"datePublished\":\"2024-05-11T21:34:36+00:00\",\"description\":\"Dichiarazione del Coordinatore Senior dell'UNICEF per le emergenze nella Striscia di Gaza, Hamish Young durante l'incontro con la stampa tenutosi oggi al\",\"breadcrumb\":{\"@id\":\"https:\/\/www.pressenza.com\/it\/2024\/05\/unicef-gaza-con-laumento-dei-bisogni-a-rafah-la-risposta-umanitaria-e-costretta-a-raschiare-il-fondo-del-barile\/#breadcrumb\"},\"inLanguage\":\"it-IT\",\"potentialAction\":[{\"@type\":\"ReadAction\",\"target\":[\"https:\/\/www.pressenza.com\/it\/2024\/05\/unicef-gaza-con-laumento-dei-bisogni-a-rafah-la-risposta-umanitaria-e-costretta-a-raschiare-il-fondo-del-barile\/\"]}]},{\"@type\":\"ImageObject\",\"inLanguage\":\"it-IT\",\"@id\":\"https:\/\/www.pressenza.com\/it\/2024\/05\/unicef-gaza-con-laumento-dei-bisogni-a-rafah-la-risposta-umanitaria-e-costretta-a-raschiare-il-fondo-del-barile\/#primaryimage\",\"url\":\"https:\/\/www.pressenza.com\/wp-content\/uploads\/2024\/05\/Gaza-UNICEF-El-Baba.jpg\",\"contentUrl\":\"https:\/\/www.pressenza.com\/wp-content\/uploads\/2024\/05\/Gaza-UNICEF-El-Baba.jpg\",\"width\":512,\"height\":338},{\"@type\":\"BreadcrumbList\",\"@id\":\"https:\/\/www.pressenza.com\/it\/2024\/05\/unicef-gaza-con-laumento-dei-bisogni-a-rafah-la-risposta-umanitaria-e-costretta-a-raschiare-il-fondo-del-barile\/#breadcrumb\",\"itemListElement\":[{\"@type\":\"ListItem\",\"position\":1,\"name\":\"Accueil\",\"item\":\"https:\/\/www.pressenza.com\/it\/\"},{\"@type\":\"ListItem\",\"position\":2,\"name\":\"UNICEF\/Gaza: con l&#8217;aumento dei bisogni a Rafah, la risposta umanitaria \u00e8 costretta a &#8220;raschiare il fondo del barile&#8221;\"}]},{\"@type\":\"WebSite\",\"@id\":\"https:\/\/www.pressenza.com\/it\/#website\",\"url\":\"https:\/\/www.pressenza.com\/it\/\",\"name\":\"Pressenza\",\"description\":\"Agenzia di Stampa Internazionale\",\"publisher\":{\"@id\":\"https:\/\/www.pressenza.com\/it\/#organization\"},\"potentialAction\":[{\"@type\":\"SearchAction\",\"target\":{\"@type\":\"EntryPoint\",\"urlTemplate\":\"https:\/\/www.pressenza.com\/it\/?s={search_term_string}\"},\"query-input\":{\"@type\":\"PropertyValueSpecification\",\"valueRequired\":true,\"valueName\":\"search_term_string\"}}],\"inLanguage\":\"it-IT\"},{\"@type\":\"Organization\",\"@id\":\"https:\/\/www.pressenza.com\/it\/#organization\",\"name\":\"Pressenza\",\"url\":\"https:\/\/www.pressenza.com\/it\/\",\"logo\":{\"@type\":\"ImageObject\",\"inLanguage\":\"it-IT\",\"@id\":\"https:\/\/www.pressenza.com\/it\/#\/schema\/logo\/image\/\",\"url\":\"https:\/\/www.pressenza.com\/wp-content\/uploads\/2022\/10\/pressenza_logo_200x200.jpg\",\"contentUrl\":\"https:\/\/www.pressenza.com\/wp-content\/uploads\/2022\/10\/pressenza_logo_200x200.jpg\",\"width\":200,\"height\":200,\"caption\":\"Pressenza\"},\"image\":{\"@id\":\"https:\/\/www.pressenza.com\/it\/#\/schema\/logo\/image\/\"},\"sameAs\":[\"https:\/\/www.facebook.com\/PressenzaItalia\",\"https:\/\/x.com\/PressenzaIPA\"]},{\"@type\":\"Person\",\"@id\":\"https:\/\/www.pressenza.com\/it\/#\/schema\/person\/1798433491159bafc2b2ce4daf871dd0\",\"name\":\"UNICEF\",\"description\":\"www.unicef.it\",\"sameAs\":[\"http:\/\/www.unicef.it\/\"],\"url\":\"https:\/\/www.pressenza.com\/it\/author\/unicef\/\"}]}<\/script>\n<!-- \/ Yoast SEO plugin. -->","yoast_head_json":{"title":"UNICEF\/Gaza: con l'aumento dei bisogni a Rafah, la risposta umanitaria \u00e8 costretta a \"raschiare il fondo del barile\"","description":"Dichiarazione del Coordinatore Senior dell'UNICEF per le emergenze nella Striscia di Gaza, Hamish Young durante l'incontro con la stampa tenutosi oggi al","robots":{"index":"index","follow":"follow","max-snippet":"max-snippet:-1","max-image-preview":"max-image-preview:large","max-video-preview":"max-video-preview:-1"},"canonical":"https:\/\/www.pressenza.com\/it\/2024\/05\/unicef-gaza-con-laumento-dei-bisogni-a-rafah-la-risposta-umanitaria-e-costretta-a-raschiare-il-fondo-del-barile\/","og_locale":"it_IT","og_type":"article","og_title":"UNICEF\/Gaza: con l'aumento dei bisogni a Rafah, la risposta umanitaria \u00e8 costretta a \"raschiare il fondo del barile\"","og_description":"Dichiarazione del Coordinatore Senior dell'UNICEF per le emergenze nella Striscia di Gaza, Hamish Young durante l'incontro con la stampa tenutosi oggi al","og_url":"https:\/\/www.pressenza.com\/it\/2024\/05\/unicef-gaza-con-laumento-dei-bisogni-a-rafah-la-risposta-umanitaria-e-costretta-a-raschiare-il-fondo-del-barile\/","og_site_name":"Pressenza","article_publisher":"https:\/\/www.facebook.com\/PressenzaItalia","article_published_time":"2024-05-11T21:34:36+00:00","og_image":[{"width":512,"height":338,"url":"https:\/\/www.pressenza.com\/wp-content\/uploads\/2024\/05\/Gaza-UNICEF-El-Baba.jpg","type":"image\/jpeg"}],"author":"UNICEF","twitter_card":"summary_large_image","twitter_creator":"@PressenzaIPA","twitter_site":"@PressenzaIPA","twitter_misc":{"Scritto da":"UNICEF","Tempo di lettura stimato":"5 minuti"},"schema":{"@context":"https:\/\/schema.org","@graph":[{"@type":"Article","@id":"https:\/\/www.pressenza.com\/it\/2024\/05\/unicef-gaza-con-laumento-dei-bisogni-a-rafah-la-risposta-umanitaria-e-costretta-a-raschiare-il-fondo-del-barile\/#article","isPartOf":{"@id":"https:\/\/www.pressenza.com\/it\/2024\/05\/unicef-gaza-con-laumento-dei-bisogni-a-rafah-la-risposta-umanitaria-e-costretta-a-raschiare-il-fondo-del-barile\/"},"author":{"name":"UNICEF","@id":"https:\/\/www.pressenza.com\/it\/#\/schema\/person\/1798433491159bafc2b2ce4daf871dd0"},"headline":"UNICEF\/Gaza: con l&#8217;aumento dei bisogni a Rafah, la risposta umanitaria \u00e8 costretta a &#8220;raschiare il fondo del barile&#8221;","datePublished":"2024-05-11T21:34:36+00:00","mainEntityOfPage":{"@id":"https:\/\/www.pressenza.com\/it\/2024\/05\/unicef-gaza-con-laumento-dei-bisogni-a-rafah-la-risposta-umanitaria-e-costretta-a-raschiare-il-fondo-del-barile\/"},"wordCount":823,"publisher":{"@id":"https:\/\/www.pressenza.com\/it\/#organization"},"image":{"@id":"https:\/\/www.pressenza.com\/it\/2024\/05\/unicef-gaza-con-laumento-dei-bisogni-a-rafah-la-risposta-umanitaria-e-costretta-a-raschiare-il-fondo-del-barile\/#primaryimage"},"thumbnailUrl":"https:\/\/www.pressenza.com\/wp-content\/uploads\/2024\/05\/Gaza-UNICEF-El-Baba.jpg","keywords":["Gaza","Hamish Young","Rafah","Unicef"],"articleSection":["Comunicati Stampa","Diritti Umani"],"inLanguage":"it-IT"},{"@type":"WebPage","@id":"https:\/\/www.pressenza.com\/it\/2024\/05\/unicef-gaza-con-laumento-dei-bisogni-a-rafah-la-risposta-umanitaria-e-costretta-a-raschiare-il-fondo-del-barile\/","url":"https:\/\/www.pressenza.com\/it\/2024\/05\/unicef-gaza-con-laumento-dei-bisogni-a-rafah-la-risposta-umanitaria-e-costretta-a-raschiare-il-fondo-del-barile\/","name":"UNICEF\/Gaza: con l'aumento dei bisogni a Rafah, la risposta umanitaria \u00e8 costretta a \"raschiare il fondo del barile\"","isPartOf":{"@id":"https:\/\/www.pressenza.com\/it\/#website"},"primaryImageOfPage":{"@id":"https:\/\/www.pressenza.com\/it\/2024\/05\/unicef-gaza-con-laumento-dei-bisogni-a-rafah-la-risposta-umanitaria-e-costretta-a-raschiare-il-fondo-del-barile\/#primaryimage"},"image":{"@id":"https:\/\/www.pressenza.com\/it\/2024\/05\/unicef-gaza-con-laumento-dei-bisogni-a-rafah-la-risposta-umanitaria-e-costretta-a-raschiare-il-fondo-del-barile\/#primaryimage"},"thumbnailUrl":"https:\/\/www.pressenza.com\/wp-content\/uploads\/2024\/05\/Gaza-UNICEF-El-Baba.jpg","datePublished":"2024-05-11T21:34:36+00:00","description":"Dichiarazione del Coordinatore Senior dell'UNICEF per le emergenze nella Striscia di Gaza, Hamish Young durante l'incontro con la stampa tenutosi oggi al","breadcrumb":{"@id":"https:\/\/www.pressenza.com\/it\/2024\/05\/unicef-gaza-con-laumento-dei-bisogni-a-rafah-la-risposta-umanitaria-e-costretta-a-raschiare-il-fondo-del-barile\/#breadcrumb"},"inLanguage":"it-IT","potentialAction":[{"@type":"ReadAction","target":["https:\/\/www.pressenza.com\/it\/2024\/05\/unicef-gaza-con-laumento-dei-bisogni-a-rafah-la-risposta-umanitaria-e-costretta-a-raschiare-il-fondo-del-barile\/"]}]},{"@type":"ImageObject","inLanguage":"it-IT","@id":"https:\/\/www.pressenza.com\/it\/2024\/05\/unicef-gaza-con-laumento-dei-bisogni-a-rafah-la-risposta-umanitaria-e-costretta-a-raschiare-il-fondo-del-barile\/#primaryimage","url":"https:\/\/www.pressenza.com\/wp-content\/uploads\/2024\/05\/Gaza-UNICEF-El-Baba.jpg","contentUrl":"https:\/\/www.pressenza.com\/wp-content\/uploads\/2024\/05\/Gaza-UNICEF-El-Baba.jpg","width":512,"height":338},{"@type":"BreadcrumbList","@id":"https:\/\/www.pressenza.com\/it\/2024\/05\/unicef-gaza-con-laumento-dei-bisogni-a-rafah-la-risposta-umanitaria-e-costretta-a-raschiare-il-fondo-del-barile\/#breadcrumb","itemListElement":[{"@type":"ListItem","position":1,"name":"Accueil","item":"https:\/\/www.pressenza.com\/it\/"},{"@type":"ListItem","position":2,"name":"UNICEF\/Gaza: con l&#8217;aumento dei bisogni a Rafah, la risposta umanitaria \u00e8 costretta a &#8220;raschiare il fondo del barile&#8221;"}]},{"@type":"WebSite","@id":"https:\/\/www.pressenza.com\/it\/#website","url":"https:\/\/www.pressenza.com\/it\/","name":"Pressenza","description":"Agenzia di Stampa Internazionale","publisher":{"@id":"https:\/\/www.pressenza.com\/it\/#organization"},"potentialAction":[{"@type":"SearchAction","target":{"@type":"EntryPoint","urlTemplate":"https:\/\/www.pressenza.com\/it\/?s={search_term_string}"},"query-input":{"@type":"PropertyValueSpecification","valueRequired":true,"valueName":"search_term_string"}}],"inLanguage":"it-IT"},{"@type":"Organization","@id":"https:\/\/www.pressenza.com\/it\/#organization","name":"Pressenza","url":"https:\/\/www.pressenza.com\/it\/","logo":{"@type":"ImageObject","inLanguage":"it-IT","@id":"https:\/\/www.pressenza.com\/it\/#\/schema\/logo\/image\/","url":"https:\/\/www.pressenza.com\/wp-content\/uploads\/2022\/10\/pressenza_logo_200x200.jpg","contentUrl":"https:\/\/www.pressenza.com\/wp-content\/uploads\/2022\/10\/pressenza_logo_200x200.jpg","width":200,"height":200,"caption":"Pressenza"},"image":{"@id":"https:\/\/www.pressenza.com\/it\/#\/schema\/logo\/image\/"},"sameAs":["https:\/\/www.facebook.com\/PressenzaItalia","https:\/\/x.com\/PressenzaIPA"]},{"@type":"Person","@id":"https:\/\/www.pressenza.com\/it\/#\/schema\/person\/1798433491159bafc2b2ce4daf871dd0","name":"UNICEF","description":"www.unicef.it","sameAs":["http:\/\/www.unicef.it\/"],"url":"https:\/\/www.pressenza.com\/it\/author\/unicef\/"}]}},"place":"","original_article_url":"","_links":{"self":[{"href":"https:\/\/www.pressenza.com\/it\/wp-json\/wp\/v2\/posts\/1844508","targetHints":{"allow":["GET"]}}],"collection":[{"href":"https:\/\/www.pressenza.com\/it\/wp-json\/wp\/v2\/posts"}],"about":[{"href":"https:\/\/www.pressenza.com\/it\/wp-json\/wp\/v2\/types\/post"}],"author":[{"embeddable":true,"href":"https:\/\/www.pressenza.com\/it\/wp-json\/wp\/v2\/users\/1490"}],"replies":[{"embeddable":true,"href":"https:\/\/www.pressenza.com\/it\/wp-json\/wp\/v2\/comments?post=1844508"}],"version-history":[{"count":0,"href":"https:\/\/www.pressenza.com\/it\/wp-json\/wp\/v2\/posts\/1844508\/revisions"}],"wp:featuredmedia":[{"embeddable":true,"href":"https:\/\/www.pressenza.com\/it\/wp-json\/wp\/v2\/media\/1844510"}],"wp:attachment":[{"href":"https:\/\/www.pressenza.com\/it\/wp-json\/wp\/v2\/media?parent=1844508"}],"wp:term":[{"taxonomy":"category","embeddable":true,"href":"https:\/\/www.pressenza.com\/it\/wp-json\/wp\/v2\/categories?post=1844508"},{"taxonomy":"post_tag","embeddable":true,"href":"https:\/\/www.pressenza.com\/it\/wp-json\/wp\/v2\/tags?post=1844508"}],"curies":[{"name":"wp","href":"https:\/\/api.w.org\/{rel}","templated":true}]}}