{"id":1844383,"date":"2024-05-11T14:12:53","date_gmt":"2024-05-11T13:12:53","guid":{"rendered":"https:\/\/www.pressenza.com\/?p=1844383"},"modified":"2024-05-11T14:12:53","modified_gmt":"2024-05-11T13:12:53","slug":"la-decrescita-felice-a-fumetti-avviciniamo-i-giovani-a-questi-temi","status":"publish","type":"post","link":"https:\/\/www.pressenza.com\/it\/2024\/05\/la-decrescita-felice-a-fumetti-avviciniamo-i-giovani-a-questi-temi\/","title":{"rendered":"La decrescita felice a fumetti: \u00abAvviciniamo i giovani a questi temi\u00bb"},"content":{"rendered":"<div id=\"ad-40902\" class=\"ad-zone-ajax\" data-ad_zone_identifier=\"top-63071\" data-ad_context_object_id=\"71547\"><em>Curato da <strong>Marco Sacco<\/strong>, con le illustrazioni di\u00a0<strong>Luca Corradi<\/strong>\u00a0e la prefazione di\u00a0<strong>Lucia Cuffaro<\/strong>, il fumetto\u00a0<a title=\"Link a \u201cVirgilia e la decrescita felice\u201d\" href=\"https:\/\/www.terranuovalibri.it\/libro\/dettaglio\/movimento-per-la-decrescita-felice-marco-sacco\/virgilia-e-la-decrescita-felice-9788866818861-236786.html\" target=\"_blank\" rel=\"noopener\"><strong>\u201cVirgilia e la decrescita felice\u201d<\/strong>\u00a0\u00a0<\/a>(Terra Nuova edizioni) \u00e8 uno strumento di consapevolezza adatto a bambini e adulti, arricchito con approfondimenti e schede che lo rendono un punto di riferimento per chi vuole approfondire le tematiche delle decrescita e della sostenibilit\u00e0 in modo simpatico e diretto.<\/em><\/div>\n<div class=\"description clearfix\">\n<p><strong>Marco, quali contenuti e messaggi si possono trovare nel libro che hai curato?<\/strong><\/p>\n<p>\u00abIl fumetto ha proprio lo scopo di far conoscere a un vasto pubblico cosa sia la decrescita felice e come possa essere una risposta ai problemi di oggi. Il libro \u00e8 diviso in capitoli che affrontano diversi temi quali l\u2019energia, la vita quotidiana, il turismo, l\u2019organizzazione sociale, il clima ecc. Per ognuno di essi facciamo vedere esperienze concrete tramite personaggi spesso presi dalla realt\u00e0, a volte inventati, e cerchiamo di dare alcune coordinate teoriche.\u00a0Raccontiamo esempi di persone che si autoproducono cibo e oggetti, di imprenditori che mirano a fornire prodotti e servizi buoni e sostenibili invece che puntare a massimizzare il profitto, di persone che scelgono di diminuire il tempo del lavoro retribuito per dedicarsi alla comunit\u00e0, di esempi di sharing economy. Il messaggio che attraversa tutto il libro \u00e8 che ci sono moltissimi modi in cui possiamo cercare di star bene ed essere felici senza dover perseguire la crescita economica, che significa passare per il mercato per soddisfare i propri bisogni. Perch\u00e9 la mercificazione di tutto comporta non solo l\u2019aumento di inquinamento, effetto serra e crisi climatica, ma anche di solitudine e insoddisfazione. Attraverso il recupero delle relazioni interpersonali positive, il saper fare e un po\u2019 di sobriet\u00e0 possiamo invece salvare il pianeta ed essere un po\u2019 pi\u00f9 felici\u00bb.<\/p>\n<p><strong>Un invito quindi ad adottare stili di vita pi\u00f9 compatibili con l\u2019ambiente e pi\u00f9 sostenibili in un momento in cui c\u2019\u00e8 un gran bisogno di agire per contrastare la crisi ecologica?<\/strong><\/p>\n<p>\u00abEsattamente. Anche se le proposte del Movimento per la Decrescita Felice datano almeno 15 anni, ora i \u201cdifetti\u201d del consumismo si sono fatti pi\u00f9 evidenti e la consapevolezza che sia necessario un cambiamento \u00e8 cresciuta. \u00c8 anche evidente che le proposte delle istituzioni e delle principali forze politiche sono insufficienti: avremmo dovuto fermare l\u2019aumento della temperatura a 1,5\u00b0 ma gi\u00e0 oggi l\u2019aumento \u00e8 di un grado e le politiche per la riduzione delle emissioni sono totalmente inefficaci e gli eventi climatici estremi e la perdita di biodiversit\u00e0 aumentano. Serve che tutte le persone modifichino i propri comportamenti, ma soprattutto chiedano una regolazione pi\u00f9 stringente contro le attivit\u00e0 che impediscono di raggiungere la sostenibilit\u00e0\u00bb.<\/p>\n<p><strong>Anche un modo anche per far comprendere e apprezzare questi contenuti ai pi\u00f9 giovani.<\/strong><\/p>\n<p>\u00abSperiamo che il linguaggio del fumetto e l\u2019aiuto di Virgilia riescano ad avvicinare anche i giovani. Virgilia \u00e8 una bambina magica dotata di ali e bacchetta che accompagna il lettore attraverso tutto il libro. Interroga i personaggi come potrebbe fare il lettore e cerca, anche in maniera critica, di capire quali siano le soluzioni migliori alle questioni che si pongono.\u00a0Il libro \u00e8 rivolto prevalentemente ai giovani, anche se non ai bambini perch\u00e9 comunque \u00e8 caratterizzato da una certa complessit\u00e0. I disegni di Luca Corradi sono veramente belli ed efficaci, pertanto credo che chi ama il fumetto non rimarr\u00e0 deluso\u00bb.<\/p>\n<p><strong>Quanto \u00e8 importante portare questi contenuti nelle scuole oggi?<\/strong><\/p>\n<p>\u00abMi sembra che i ragazzi di oggi siano gi\u00e0 sensibili ai temi ambientali: crescono ricevendo costanti informazioni circa i cambiamenti climatici, l\u2019inquinamento, la povert\u00e0 nel mondo.\u00a0Eppure sono pochi ad aver chiaro il nesso tra la spinta verso la crescita economica infinita e i problemi dell\u2019ambiente, delle disuguaglianze e dei cambiamenti climatici.\u00a0\u00a0I programmi scolastici evidenziano la situazione ma non individuano le soluzioni. Sarebbe invece importante stimolare la discussione critica tra giovani e con gli insegnanti, specialmente delle superiori e all\u2019universit\u00e0, in modo che possano emergere nuove proposte e nuovi paradigmi per affrontare le sfide di oggi. Se questo libro a fumetti pu\u00f2 essere d\u2019aiuto, ne saremmo molto felici!\u00bb<\/p>\n<p>_____<\/p>\n<p><a id=\"eztoc1689299_1\"><\/a><\/p>\n<h2>PER APPROFONDIRE<\/h2>\n<p><a title=\"Link a VIRGILIA E LA DECRESCITA FELICE\" href=\"https:\/\/www.terranuovalibri.it\/libro\/dettaglio\/movimento-per-la-decrescita-felice-marco-sacco\/virgilia-e-la-decrescita-felice-9788866818861-236786.html\" target=\"_blank\" rel=\"noopener\"><strong>VIRGILIA E LA DECRESCITA FELICE<\/strong>\u00a0<i class=\"fa fa-external-link\"><\/i><\/a><\/p>\n<div class=\"embed object-right\">\n<div class=\"content-view-embed\">\n<div class=\"class-image\">\n<div class=\"attribute-image\"><img decoding=\"async\" class=\"img-responsive\" title=\"\" src=\"https:\/\/www.terranuova.it\/var\/terranuova\/storage\/images\/media\/images\/virgilia-e-la-decrescita-felice-2367862\/1689320-1-ita-IT\/virgilia-e-la-decrescita-felice-236786_large.jpg\" alt=\"\" \/><\/div>\n<\/div>\n<\/div>\n<\/div>\n<p>Per rispondere alla crisi ecologica e sociale che stiamo attraversando \u00e8 necessario un profondo cambiamento dei nostri stili di vita insostenibili e, soprattutto, un grande sforzo per immaginare una societ\u00e0 basata su relazioni positive e non competitive tra le persone e verso la natura.<\/p>\n<p>Questo fumetto, giunto alla seconda edizione, racconta le proposte del Movimento per la Decrescita Felice descrivendo un mondo popolato da personaggi e situazioni in parte inventati e in parte esistenti che coinvolgono attivisti del Movimento, esperienze di associazionismo, buone pratiche del mondo produttivo. Troverete idee e proposte su diversi temi quali lavoro, alimentazione, moda e molti altri!<\/p>\n<p><a title=\"Link a QUI PUOI SFOGLIARE L'ANTEPRIMA DEL LIBRO\" href=\"https:\/\/www.terranuovalibri.it\/libro\/dettaglio\/movimento-per-la-decrescita-felice-marco-sacco\/virgilia-e-la-decrescita-felice-9788866818861-236786.html\" target=\"_blank\" rel=\"noopener\"><strong>QUI PUOI SFOGLIARE L&#8217;ANTEPRIMA DEL LIBRO<\/strong>\u00a0<i class=\"fa fa-external-link\"><\/i><\/a><\/p>\n<\/div>\n","protected":false},"excerpt":{"rendered":"<p>Curato da Marco Sacco, con le illustrazioni di\u00a0Luca Corradi\u00a0e la prefazione di\u00a0Lucia Cuffaro, il fumetto\u00a0\u201cVirgilia e la decrescita felice\u201d\u00a0\u00a0(Terra Nuova edizioni) \u00e8 uno strumento di consapevolezza adatto a bambini e adulti, arricchito con approfondimenti e schede che lo rendono un&hellip;<\/p>\n","protected":false},"author":594,"featured_media":1844384,"comment_status":"closed","ping_status":"closed","sticky":false,"template":"","format":"standard","meta":{"footnotes":""},"categories":[56,157],"tags":[5326,3874,1311],"class_list":["post-1844383","post","type-post","status-publish","format-standard","has-post-thumbnail","hentry","category-cultura","category-interviste","tag-decrescita-felice","tag-fumetti","tag-libro"],"yoast_head":"<!-- This site is optimized with the Yoast SEO plugin v27.1.1 - https:\/\/yoast.com\/product\/yoast-seo-wordpress\/ -->\n<title>La decrescita felice a fumetti: \u00abAvviciniamo i giovani a questi temi\u00bb<\/title>\n<meta name=\"description\" content=\"Curato da Marco Sacco, con le illustrazioni di\u00a0Luca Corradi\u00a0e la prefazione di\u00a0Lucia Cuffaro, il fumetto\u00a0\u201cVirgilia e la decrescita felice\u201d\u00a0\u00a0(Terra Nuova\" \/>\n<meta name=\"robots\" content=\"index, follow, max-snippet:-1, max-image-preview:large, max-video-preview:-1\" \/>\n<link rel=\"canonical\" href=\"https:\/\/www.pressenza.com\/it\/2024\/05\/la-decrescita-felice-a-fumetti-avviciniamo-i-giovani-a-questi-temi\/\" \/>\n<meta property=\"og:locale\" content=\"it_IT\" \/>\n<meta property=\"og:type\" content=\"article\" \/>\n<meta property=\"og:title\" content=\"La decrescita felice a fumetti: \u00abAvviciniamo i giovani a questi temi\u00bb\" \/>\n<meta property=\"og:description\" content=\"Curato da Marco Sacco, con le illustrazioni di\u00a0Luca Corradi\u00a0e la prefazione di\u00a0Lucia Cuffaro, il fumetto\u00a0\u201cVirgilia e la decrescita felice\u201d\u00a0\u00a0(Terra Nuova\" \/>\n<meta property=\"og:url\" content=\"https:\/\/www.pressenza.com\/it\/2024\/05\/la-decrescita-felice-a-fumetti-avviciniamo-i-giovani-a-questi-temi\/\" \/>\n<meta property=\"og:site_name\" content=\"Pressenza\" \/>\n<meta property=\"article:publisher\" content=\"https:\/\/www.facebook.com\/PressenzaItalia\" \/>\n<meta property=\"article:author\" content=\"https:\/\/www.facebook.com\/PressenzaItalia\" \/>\n<meta property=\"article:published_time\" content=\"2024-05-11T13:12:53+00:00\" \/>\n<meta property=\"og:image\" content=\"https:\/\/www.pressenza.com\/wp-content\/uploads\/2024\/05\/La-decrescita-felice-a-fumetti-Avviciniamo-i-giovani-a-questi-temi_articleimage.jpg\" \/>\n\t<meta property=\"og:image:width\" content=\"480\" \/>\n\t<meta property=\"og:image:height\" content=\"359\" \/>\n\t<meta property=\"og:image:type\" content=\"image\/jpeg\" \/>\n<meta name=\"author\" content=\"Redazione Italia\" \/>\n<meta name=\"twitter:card\" content=\"summary_large_image\" \/>\n<meta name=\"twitter:creator\" content=\"@pressenza_it\" \/>\n<meta name=\"twitter:site\" content=\"@PressenzaIPA\" \/>\n<meta name=\"twitter:label1\" content=\"Scritto da\" \/>\n\t<meta name=\"twitter:data1\" content=\"Redazione Italia\" \/>\n\t<meta name=\"twitter:label2\" content=\"Tempo di lettura stimato\" \/>\n\t<meta name=\"twitter:data2\" content=\"5 minuti\" \/>\n<script type=\"application\/ld+json\" class=\"yoast-schema-graph\">{\"@context\":\"https:\/\/schema.org\",\"@graph\":[{\"@type\":\"Article\",\"@id\":\"https:\/\/www.pressenza.com\/it\/2024\/05\/la-decrescita-felice-a-fumetti-avviciniamo-i-giovani-a-questi-temi\/#article\",\"isPartOf\":{\"@id\":\"https:\/\/www.pressenza.com\/it\/2024\/05\/la-decrescita-felice-a-fumetti-avviciniamo-i-giovani-a-questi-temi\/\"},\"author\":{\"name\":\"Redazione Italia\",\"@id\":\"https:\/\/www.pressenza.com\/it\/#\/schema\/person\/d983e81827ae24f2c7b1a2123d197f8d\"},\"headline\":\"La decrescita felice a fumetti: \u00abAvviciniamo i giovani a questi temi\u00bb\",\"datePublished\":\"2024-05-11T13:12:53+00:00\",\"mainEntityOfPage\":{\"@id\":\"https:\/\/www.pressenza.com\/it\/2024\/05\/la-decrescita-felice-a-fumetti-avviciniamo-i-giovani-a-questi-temi\/\"},\"wordCount\":788,\"publisher\":{\"@id\":\"https:\/\/www.pressenza.com\/it\/#organization\"},\"image\":{\"@id\":\"https:\/\/www.pressenza.com\/it\/2024\/05\/la-decrescita-felice-a-fumetti-avviciniamo-i-giovani-a-questi-temi\/#primaryimage\"},\"thumbnailUrl\":\"https:\/\/www.pressenza.com\/wp-content\/uploads\/2024\/05\/La-decrescita-felice-a-fumetti-Avviciniamo-i-giovani-a-questi-temi_articleimage.jpg\",\"keywords\":[\"decrescita felice\",\"fumetti\",\"libro\"],\"articleSection\":[\"Cultura e Media\",\"Interviste\"],\"inLanguage\":\"it-IT\"},{\"@type\":\"WebPage\",\"@id\":\"https:\/\/www.pressenza.com\/it\/2024\/05\/la-decrescita-felice-a-fumetti-avviciniamo-i-giovani-a-questi-temi\/\",\"url\":\"https:\/\/www.pressenza.com\/it\/2024\/05\/la-decrescita-felice-a-fumetti-avviciniamo-i-giovani-a-questi-temi\/\",\"name\":\"La decrescita felice a fumetti: \u00abAvviciniamo i giovani a questi temi\u00bb\",\"isPartOf\":{\"@id\":\"https:\/\/www.pressenza.com\/it\/#website\"},\"primaryImageOfPage\":{\"@id\":\"https:\/\/www.pressenza.com\/it\/2024\/05\/la-decrescita-felice-a-fumetti-avviciniamo-i-giovani-a-questi-temi\/#primaryimage\"},\"image\":{\"@id\":\"https:\/\/www.pressenza.com\/it\/2024\/05\/la-decrescita-felice-a-fumetti-avviciniamo-i-giovani-a-questi-temi\/#primaryimage\"},\"thumbnailUrl\":\"https:\/\/www.pressenza.com\/wp-content\/uploads\/2024\/05\/La-decrescita-felice-a-fumetti-Avviciniamo-i-giovani-a-questi-temi_articleimage.jpg\",\"datePublished\":\"2024-05-11T13:12:53+00:00\",\"description\":\"Curato da Marco Sacco, con le illustrazioni di\u00a0Luca Corradi\u00a0e la prefazione di\u00a0Lucia Cuffaro, il fumetto\u00a0\u201cVirgilia e la decrescita felice\u201d\u00a0\u00a0(Terra Nuova\",\"breadcrumb\":{\"@id\":\"https:\/\/www.pressenza.com\/it\/2024\/05\/la-decrescita-felice-a-fumetti-avviciniamo-i-giovani-a-questi-temi\/#breadcrumb\"},\"inLanguage\":\"it-IT\",\"potentialAction\":[{\"@type\":\"ReadAction\",\"target\":[\"https:\/\/www.pressenza.com\/it\/2024\/05\/la-decrescita-felice-a-fumetti-avviciniamo-i-giovani-a-questi-temi\/\"]}]},{\"@type\":\"ImageObject\",\"inLanguage\":\"it-IT\",\"@id\":\"https:\/\/www.pressenza.com\/it\/2024\/05\/la-decrescita-felice-a-fumetti-avviciniamo-i-giovani-a-questi-temi\/#primaryimage\",\"url\":\"https:\/\/www.pressenza.com\/wp-content\/uploads\/2024\/05\/La-decrescita-felice-a-fumetti-Avviciniamo-i-giovani-a-questi-temi_articleimage.jpg\",\"contentUrl\":\"https:\/\/www.pressenza.com\/wp-content\/uploads\/2024\/05\/La-decrescita-felice-a-fumetti-Avviciniamo-i-giovani-a-questi-temi_articleimage.jpg\",\"width\":480,\"height\":359},{\"@type\":\"BreadcrumbList\",\"@id\":\"https:\/\/www.pressenza.com\/it\/2024\/05\/la-decrescita-felice-a-fumetti-avviciniamo-i-giovani-a-questi-temi\/#breadcrumb\",\"itemListElement\":[{\"@type\":\"ListItem\",\"position\":1,\"name\":\"Accueil\",\"item\":\"https:\/\/www.pressenza.com\/it\/\"},{\"@type\":\"ListItem\",\"position\":2,\"name\":\"La decrescita felice a fumetti: \u00abAvviciniamo i giovani a questi temi\u00bb\"}]},{\"@type\":\"WebSite\",\"@id\":\"https:\/\/www.pressenza.com\/it\/#website\",\"url\":\"https:\/\/www.pressenza.com\/it\/\",\"name\":\"Pressenza\",\"description\":\"Agenzia di Stampa Internazionale\",\"publisher\":{\"@id\":\"https:\/\/www.pressenza.com\/it\/#organization\"},\"potentialAction\":[{\"@type\":\"SearchAction\",\"target\":{\"@type\":\"EntryPoint\",\"urlTemplate\":\"https:\/\/www.pressenza.com\/it\/?s={search_term_string}\"},\"query-input\":{\"@type\":\"PropertyValueSpecification\",\"valueRequired\":true,\"valueName\":\"search_term_string\"}}],\"inLanguage\":\"it-IT\"},{\"@type\":\"Organization\",\"@id\":\"https:\/\/www.pressenza.com\/it\/#organization\",\"name\":\"Pressenza\",\"url\":\"https:\/\/www.pressenza.com\/it\/\",\"logo\":{\"@type\":\"ImageObject\",\"inLanguage\":\"it-IT\",\"@id\":\"https:\/\/www.pressenza.com\/it\/#\/schema\/logo\/image\/\",\"url\":\"https:\/\/www.pressenza.com\/wp-content\/uploads\/2022\/10\/pressenza_logo_200x200.jpg\",\"contentUrl\":\"https:\/\/www.pressenza.com\/wp-content\/uploads\/2022\/10\/pressenza_logo_200x200.jpg\",\"width\":200,\"height\":200,\"caption\":\"Pressenza\"},\"image\":{\"@id\":\"https:\/\/www.pressenza.com\/it\/#\/schema\/logo\/image\/\"},\"sameAs\":[\"https:\/\/www.facebook.com\/PressenzaItalia\",\"https:\/\/x.com\/PressenzaIPA\"]},{\"@type\":\"Person\",\"@id\":\"https:\/\/www.pressenza.com\/it\/#\/schema\/person\/d983e81827ae24f2c7b1a2123d197f8d\",\"name\":\"Redazione Italia\",\"description\":\"News from the Pressenza Bureau in Italy\",\"sameAs\":[\"https:\/\/www.pressenza.com\/it\/author\/redazione-italia\/\",\"https:\/\/www.facebook.com\/PressenzaItalia\",\"https:\/\/www.instagram.com\/pressenza_italia\/\",\"https:\/\/x.com\/pressenza_it\",\"https:\/\/www.youtube.com\/channel\/UCSalEIWjE1RSxkwjfftFuqg\"],\"url\":\"https:\/\/www.pressenza.com\/it\/author\/redazione-italia\/\"}]}<\/script>\n<!-- \/ Yoast SEO plugin. -->","yoast_head_json":{"title":"La decrescita felice a fumetti: \u00abAvviciniamo i giovani a questi temi\u00bb","description":"Curato da Marco Sacco, con le illustrazioni di\u00a0Luca Corradi\u00a0e la prefazione di\u00a0Lucia Cuffaro, il fumetto\u00a0\u201cVirgilia e la decrescita felice\u201d\u00a0\u00a0(Terra Nuova","robots":{"index":"index","follow":"follow","max-snippet":"max-snippet:-1","max-image-preview":"max-image-preview:large","max-video-preview":"max-video-preview:-1"},"canonical":"https:\/\/www.pressenza.com\/it\/2024\/05\/la-decrescita-felice-a-fumetti-avviciniamo-i-giovani-a-questi-temi\/","og_locale":"it_IT","og_type":"article","og_title":"La decrescita felice a fumetti: \u00abAvviciniamo i giovani a questi temi\u00bb","og_description":"Curato da Marco Sacco, con le illustrazioni di\u00a0Luca Corradi\u00a0e la prefazione di\u00a0Lucia Cuffaro, il fumetto\u00a0\u201cVirgilia e la decrescita felice\u201d\u00a0\u00a0(Terra Nuova","og_url":"https:\/\/www.pressenza.com\/it\/2024\/05\/la-decrescita-felice-a-fumetti-avviciniamo-i-giovani-a-questi-temi\/","og_site_name":"Pressenza","article_publisher":"https:\/\/www.facebook.com\/PressenzaItalia","article_author":"https:\/\/www.facebook.com\/PressenzaItalia","article_published_time":"2024-05-11T13:12:53+00:00","og_image":[{"width":480,"height":359,"url":"https:\/\/www.pressenza.com\/wp-content\/uploads\/2024\/05\/La-decrescita-felice-a-fumetti-Avviciniamo-i-giovani-a-questi-temi_articleimage.jpg","type":"image\/jpeg"}],"author":"Redazione Italia","twitter_card":"summary_large_image","twitter_creator":"@pressenza_it","twitter_site":"@PressenzaIPA","twitter_misc":{"Scritto da":"Redazione Italia","Tempo di lettura stimato":"5 minuti"},"schema":{"@context":"https:\/\/schema.org","@graph":[{"@type":"Article","@id":"https:\/\/www.pressenza.com\/it\/2024\/05\/la-decrescita-felice-a-fumetti-avviciniamo-i-giovani-a-questi-temi\/#article","isPartOf":{"@id":"https:\/\/www.pressenza.com\/it\/2024\/05\/la-decrescita-felice-a-fumetti-avviciniamo-i-giovani-a-questi-temi\/"},"author":{"name":"Redazione Italia","@id":"https:\/\/www.pressenza.com\/it\/#\/schema\/person\/d983e81827ae24f2c7b1a2123d197f8d"},"headline":"La decrescita felice a fumetti: \u00abAvviciniamo i giovani a questi temi\u00bb","datePublished":"2024-05-11T13:12:53+00:00","mainEntityOfPage":{"@id":"https:\/\/www.pressenza.com\/it\/2024\/05\/la-decrescita-felice-a-fumetti-avviciniamo-i-giovani-a-questi-temi\/"},"wordCount":788,"publisher":{"@id":"https:\/\/www.pressenza.com\/it\/#organization"},"image":{"@id":"https:\/\/www.pressenza.com\/it\/2024\/05\/la-decrescita-felice-a-fumetti-avviciniamo-i-giovani-a-questi-temi\/#primaryimage"},"thumbnailUrl":"https:\/\/www.pressenza.com\/wp-content\/uploads\/2024\/05\/La-decrescita-felice-a-fumetti-Avviciniamo-i-giovani-a-questi-temi_articleimage.jpg","keywords":["decrescita felice","fumetti","libro"],"articleSection":["Cultura e Media","Interviste"],"inLanguage":"it-IT"},{"@type":"WebPage","@id":"https:\/\/www.pressenza.com\/it\/2024\/05\/la-decrescita-felice-a-fumetti-avviciniamo-i-giovani-a-questi-temi\/","url":"https:\/\/www.pressenza.com\/it\/2024\/05\/la-decrescita-felice-a-fumetti-avviciniamo-i-giovani-a-questi-temi\/","name":"La decrescita felice a fumetti: \u00abAvviciniamo i giovani a questi temi\u00bb","isPartOf":{"@id":"https:\/\/www.pressenza.com\/it\/#website"},"primaryImageOfPage":{"@id":"https:\/\/www.pressenza.com\/it\/2024\/05\/la-decrescita-felice-a-fumetti-avviciniamo-i-giovani-a-questi-temi\/#primaryimage"},"image":{"@id":"https:\/\/www.pressenza.com\/it\/2024\/05\/la-decrescita-felice-a-fumetti-avviciniamo-i-giovani-a-questi-temi\/#primaryimage"},"thumbnailUrl":"https:\/\/www.pressenza.com\/wp-content\/uploads\/2024\/05\/La-decrescita-felice-a-fumetti-Avviciniamo-i-giovani-a-questi-temi_articleimage.jpg","datePublished":"2024-05-11T13:12:53+00:00","description":"Curato da Marco Sacco, con le illustrazioni di\u00a0Luca Corradi\u00a0e la prefazione di\u00a0Lucia Cuffaro, il fumetto\u00a0\u201cVirgilia e la decrescita felice\u201d\u00a0\u00a0(Terra Nuova","breadcrumb":{"@id":"https:\/\/www.pressenza.com\/it\/2024\/05\/la-decrescita-felice-a-fumetti-avviciniamo-i-giovani-a-questi-temi\/#breadcrumb"},"inLanguage":"it-IT","potentialAction":[{"@type":"ReadAction","target":["https:\/\/www.pressenza.com\/it\/2024\/05\/la-decrescita-felice-a-fumetti-avviciniamo-i-giovani-a-questi-temi\/"]}]},{"@type":"ImageObject","inLanguage":"it-IT","@id":"https:\/\/www.pressenza.com\/it\/2024\/05\/la-decrescita-felice-a-fumetti-avviciniamo-i-giovani-a-questi-temi\/#primaryimage","url":"https:\/\/www.pressenza.com\/wp-content\/uploads\/2024\/05\/La-decrescita-felice-a-fumetti-Avviciniamo-i-giovani-a-questi-temi_articleimage.jpg","contentUrl":"https:\/\/www.pressenza.com\/wp-content\/uploads\/2024\/05\/La-decrescita-felice-a-fumetti-Avviciniamo-i-giovani-a-questi-temi_articleimage.jpg","width":480,"height":359},{"@type":"BreadcrumbList","@id":"https:\/\/www.pressenza.com\/it\/2024\/05\/la-decrescita-felice-a-fumetti-avviciniamo-i-giovani-a-questi-temi\/#breadcrumb","itemListElement":[{"@type":"ListItem","position":1,"name":"Accueil","item":"https:\/\/www.pressenza.com\/it\/"},{"@type":"ListItem","position":2,"name":"La decrescita felice a fumetti: \u00abAvviciniamo i giovani a questi temi\u00bb"}]},{"@type":"WebSite","@id":"https:\/\/www.pressenza.com\/it\/#website","url":"https:\/\/www.pressenza.com\/it\/","name":"Pressenza","description":"Agenzia di Stampa Internazionale","publisher":{"@id":"https:\/\/www.pressenza.com\/it\/#organization"},"potentialAction":[{"@type":"SearchAction","target":{"@type":"EntryPoint","urlTemplate":"https:\/\/www.pressenza.com\/it\/?s={search_term_string}"},"query-input":{"@type":"PropertyValueSpecification","valueRequired":true,"valueName":"search_term_string"}}],"inLanguage":"it-IT"},{"@type":"Organization","@id":"https:\/\/www.pressenza.com\/it\/#organization","name":"Pressenza","url":"https:\/\/www.pressenza.com\/it\/","logo":{"@type":"ImageObject","inLanguage":"it-IT","@id":"https:\/\/www.pressenza.com\/it\/#\/schema\/logo\/image\/","url":"https:\/\/www.pressenza.com\/wp-content\/uploads\/2022\/10\/pressenza_logo_200x200.jpg","contentUrl":"https:\/\/www.pressenza.com\/wp-content\/uploads\/2022\/10\/pressenza_logo_200x200.jpg","width":200,"height":200,"caption":"Pressenza"},"image":{"@id":"https:\/\/www.pressenza.com\/it\/#\/schema\/logo\/image\/"},"sameAs":["https:\/\/www.facebook.com\/PressenzaItalia","https:\/\/x.com\/PressenzaIPA"]},{"@type":"Person","@id":"https:\/\/www.pressenza.com\/it\/#\/schema\/person\/d983e81827ae24f2c7b1a2123d197f8d","name":"Redazione Italia","description":"News from the Pressenza Bureau in Italy","sameAs":["https:\/\/www.pressenza.com\/it\/author\/redazione-italia\/","https:\/\/www.facebook.com\/PressenzaItalia","https:\/\/www.instagram.com\/pressenza_italia\/","https:\/\/x.com\/pressenza_it","https:\/\/www.youtube.com\/channel\/UCSalEIWjE1RSxkwjfftFuqg"],"url":"https:\/\/www.pressenza.com\/it\/author\/redazione-italia\/"}]}},"place":"Terra Nuova","original_article_url":"https:\/\/www.terranuova.it\/News\/Stili-di-vita\/La-decrescita-felice-a-fumetti-Avviciniamo-i-giovani-a-questi-temi","_links":{"self":[{"href":"https:\/\/www.pressenza.com\/it\/wp-json\/wp\/v2\/posts\/1844383","targetHints":{"allow":["GET"]}}],"collection":[{"href":"https:\/\/www.pressenza.com\/it\/wp-json\/wp\/v2\/posts"}],"about":[{"href":"https:\/\/www.pressenza.com\/it\/wp-json\/wp\/v2\/types\/post"}],"author":[{"embeddable":true,"href":"https:\/\/www.pressenza.com\/it\/wp-json\/wp\/v2\/users\/594"}],"replies":[{"embeddable":true,"href":"https:\/\/www.pressenza.com\/it\/wp-json\/wp\/v2\/comments?post=1844383"}],"version-history":[{"count":0,"href":"https:\/\/www.pressenza.com\/it\/wp-json\/wp\/v2\/posts\/1844383\/revisions"}],"wp:featuredmedia":[{"embeddable":true,"href":"https:\/\/www.pressenza.com\/it\/wp-json\/wp\/v2\/media\/1844384"}],"wp:attachment":[{"href":"https:\/\/www.pressenza.com\/it\/wp-json\/wp\/v2\/media?parent=1844383"}],"wp:term":[{"taxonomy":"category","embeddable":true,"href":"https:\/\/www.pressenza.com\/it\/wp-json\/wp\/v2\/categories?post=1844383"},{"taxonomy":"post_tag","embeddable":true,"href":"https:\/\/www.pressenza.com\/it\/wp-json\/wp\/v2\/tags?post=1844383"}],"curies":[{"name":"wp","href":"https:\/\/api.w.org\/{rel}","templated":true}]}}