{"id":1842512,"date":"2024-05-04T09:56:36","date_gmt":"2024-05-04T08:56:36","guid":{"rendered":"https:\/\/www.pressenza.com\/?p=1842512"},"modified":"2024-05-04T09:56:36","modified_gmt":"2024-05-04T08:56:36","slug":"tre-eventi-per-assange-a-reggio-emilia-l8-maggio-in-attesa-del-nuovo-verdetto","status":"publish","type":"post","link":"https:\/\/www.pressenza.com\/it\/2024\/05\/tre-eventi-per-assange-a-reggio-emilia-l8-maggio-in-attesa-del-nuovo-verdetto\/","title":{"rendered":"Tre eventi per Assange a Reggio Emilia l\u20198 maggio in attesa del nuovo verdetto"},"content":{"rendered":"<p>Il Movimento reggiano impegnato nella campagna di liberazione di Julian Assange continua ad attivarsi per mantenere viva l\u2019attenzione sul caso del giornalista\/editore di WikiLeaks e <strong>l\u20198 maggio prossimo ha in programma diversi eventi sul territorio<\/strong>, con la partecipazione della giornalista d\u2019inchiesta Stefania Maurizi, che collabora con il Fatto Quotidiano ed \u00e8 autrice del libro \u201cIl potere segreto. Perch\u00e8 vogliono distruggere Assange e WikiLeaks\u201d.<\/p>\n<p><strong>La mattina, dalle 10.15 alle 11.45<\/strong> presso l\u2019universit\u00e0 (Viale Allegri, 9) la giornalista terr\u00e0 una conferenza su \u201cMedia, libert\u00e0 e diritti umani- La vicenda di Julian Assange\u201d in dialogo col prof. Damiano Razzoli, responsabile del corso di Comunicazione Multimediale. Oltre ai giovani universitari interessati saranno presenti alcune classi quinte di scuole secondarie di secondo grado della citt\u00e0. L\u2019iniziativa \u00e8 promossa in collaborazione con la Coop. Reggiana Educatori e con Officina Educativa, nell\u2019ambito di percorsi formativi condivisi coi docenti. L\u2019ingresso \u00e8 libero e aperto al pubblico.<\/p>\n<p><strong>Nel pomeriggio, dalle 18.15 alle 19.30<\/strong>, Stefania Maurizi sar\u00e0 ospite del Circolo Berneri per un incontro conviviale, nel corso del quale far\u00e0 il punto della situazione sulla vicenda giuridica di Assange.<\/p>\n<p><strong>L\u2019ultimo evento della giornata si terr\u00e0 a Casalgrande, alle ore 21.00<\/strong> presso la sala espositiva\u00a0 \u201cG. Strada\u201d(P.zza R. Ruffilli, 3): un incontro pubblico dove Stefania Maurizi esporr\u00e0 gli elementi raccolti nel lungo lavoro di ricerca da lei svolto riguardo Julian Assange e\u00a0 Wikileaks, un\u2019inchiesta che restituisce un\u2019immagine di Assange non pi\u00f9 criminale, ma vittima.<\/p>\n<p><img loading=\"lazy\" decoding=\"async\" class=\"alignnone wp-image-1842514 size-full\" src=\"https:\/\/www.pressenza.com\/wp-content\/uploads\/2024\/05\/1Free-Assange-evento-8-maggio1-page-0.jpg\" alt=\"\" width=\"1358\" height=\"1920\" srcset=\"https:\/\/www.pressenza.com\/wp-content\/uploads\/2024\/05\/1Free-Assange-evento-8-maggio1-page-0.jpg 1358w, https:\/\/www.pressenza.com\/wp-content\/uploads\/2024\/05\/1Free-Assange-evento-8-maggio1-page-0-212x300.jpg 212w, https:\/\/www.pressenza.com\/wp-content\/uploads\/2024\/05\/1Free-Assange-evento-8-maggio1-page-0-724x1024.jpg 724w\" sizes=\"auto, (max-width: 1358px) 100vw, 1358px\" \/><\/p>\n<p>Assange \u00e8 vittima di una persecuzione legale che non ha precedenti per aver diffuso documenti riservati a dir poco imbarazzanti per il governo USA, che rivelavano tra l\u2019altro crimini di guerra commessi in Iraq e in Afghanistan. Crimini fino a quel momento nascosti grazie al \u201csegreto di stato\u201d.<\/p>\n<p>Da cinque anni Assange \u00e8 rinchiuso in un carcere di massima sicurezza londinese, senza processo n\u00e9 accuse e ora \u00e8 in attesa della decisione definitiva in merito alla sua estradizione negli USA; qui vogliono processarlo in base a una legge del 1917, mai applicata finora a un giornalista, che non fa distinzioni tra una spia e un professionista dell\u2019informazione che pubblica notizie di pubblico interesse. In pratica gli si vuole negare lo scudo del Primo Emendamento della Costituzione americana, che garantisce la libert\u00e0 di stampa nell\u2019interesse dei governati e non dei governanti.<\/p>\n<p>Il 20 maggio prossimo l\u2019Alta Corte londinese dovr\u00e0 valutare se le garanzie fornite dagli USA sul trattamento\u00a0 che verrebbe riservato ad Assange, nel caso fosse estradato, possano ritenersi soddisfacenti &#8211; condizione richiesta per confermare l\u2019estradizione-\u00a0 o, in caso contrario, accogliere l\u2019istanza di appello contro l\u2019estradizione presentata dai legali di Assange.<\/p>\n<p>In ogni caso non possiamo permetterci di essere fiduciosi rispetto alla possibilit\u00e0 che Assange possa avere giustizia per via legale, considerata la serie di anomalie che contraddistinguono questa lunga vicenda giudiziaria. A dimostrare che si tratta di una questione politica, non giudiziaria.<\/p>\n<p>Ecco perch\u00e9 la lotta deve continuare. Per Julian, per i diritti umani, per la democrazia.<\/p>\n<p><strong>Movimento Free Assange Reggio Emilia<\/strong><\/p>\n<p>&nbsp;<\/p>\n","protected":false},"excerpt":{"rendered":"<p>Il Movimento reggiano impegnato nella campagna di liberazione di Julian Assange continua ad attivarsi per mantenere viva l\u2019attenzione sul caso del giornalista\/editore di WikiLeaks e l\u20198 maggio prossimo ha in programma diversi eventi sul territorio, con la partecipazione della giornalista&hellip;<\/p>\n","protected":false},"author":2265,"featured_media":1709395,"comment_status":"closed","ping_status":"closed","sticky":false,"template":"","format":"standard","meta":{"footnotes":""},"categories":[150,56,60,47,49],"tags":[459,4645,1767,2599,666,106764,1453],"class_list":["post-1842512","post","type-post","status-publish","format-standard","has-post-thumbnail","hentry","category-comunicati-stampa","category-cultura","category-diritti-umani","category-europa","category-nord-america","tag-afghanistan-it","tag-estradizione","tag-giornalismo","tag-julian-assange-it","tag-liberta-di-stampa","tag-movimento-free-assange-reggio-emilia","tag-usa-it"],"yoast_head":"<!-- This site is optimized with the Yoast SEO plugin v27.1.1 - https:\/\/yoast.com\/product\/yoast-seo-wordpress\/ -->\n<title>Tre eventi per Assange a Reggio Emilia l\u20198 maggio in attesa del nuovo verdetto<\/title>\n<meta name=\"description\" content=\"Il Movimento reggiano impegnato nella campagna di liberazione di Julian Assange continua ad attivarsi per mantenere viva l\u2019attenzione sul caso del\" \/>\n<meta name=\"robots\" content=\"index, follow, max-snippet:-1, max-image-preview:large, max-video-preview:-1\" \/>\n<link rel=\"canonical\" href=\"https:\/\/www.pressenza.com\/it\/2024\/05\/tre-eventi-per-assange-a-reggio-emilia-l8-maggio-in-attesa-del-nuovo-verdetto\/\" \/>\n<meta property=\"og:locale\" content=\"it_IT\" \/>\n<meta property=\"og:type\" content=\"article\" \/>\n<meta property=\"og:title\" content=\"Tre eventi per Assange a Reggio Emilia l\u20198 maggio in attesa del nuovo verdetto\" \/>\n<meta property=\"og:description\" content=\"Il Movimento reggiano impegnato nella campagna di liberazione di Julian Assange continua ad attivarsi per mantenere viva l\u2019attenzione sul caso del\" \/>\n<meta property=\"og:url\" content=\"https:\/\/www.pressenza.com\/it\/2024\/05\/tre-eventi-per-assange-a-reggio-emilia-l8-maggio-in-attesa-del-nuovo-verdetto\/\" \/>\n<meta property=\"og:site_name\" content=\"Pressenza\" \/>\n<meta property=\"article:publisher\" content=\"https:\/\/www.facebook.com\/PressenzaItalia\" \/>\n<meta property=\"article:published_time\" content=\"2024-05-04T08:56:36+00:00\" \/>\n<meta property=\"og:image\" content=\"https:\/\/www.pressenza.com\/wp-content\/uploads\/2023\/01\/dont-extradite-Assange-striscione.jpg\" \/>\n\t<meta property=\"og:image:width\" content=\"1920\" \/>\n\t<meta property=\"og:image:height\" content=\"907\" \/>\n\t<meta property=\"og:image:type\" content=\"image\/jpeg\" \/>\n<meta name=\"author\" content=\"Comitati per la Liberazione di Assange\" \/>\n<meta name=\"twitter:card\" content=\"summary_large_image\" \/>\n<meta name=\"twitter:creator\" content=\"@PressenzaIPA\" \/>\n<meta name=\"twitter:site\" content=\"@PressenzaIPA\" \/>\n<meta name=\"twitter:label1\" content=\"Scritto da\" \/>\n\t<meta name=\"twitter:data1\" content=\"Comitati per la Liberazione di Assange\" \/>\n\t<meta name=\"twitter:label2\" content=\"Tempo di lettura stimato\" \/>\n\t<meta name=\"twitter:data2\" content=\"3 minuti\" \/>\n<script type=\"application\/ld+json\" class=\"yoast-schema-graph\">{\"@context\":\"https:\/\/schema.org\",\"@graph\":[{\"@type\":\"Article\",\"@id\":\"https:\/\/www.pressenza.com\/it\/2024\/05\/tre-eventi-per-assange-a-reggio-emilia-l8-maggio-in-attesa-del-nuovo-verdetto\/#article\",\"isPartOf\":{\"@id\":\"https:\/\/www.pressenza.com\/it\/2024\/05\/tre-eventi-per-assange-a-reggio-emilia-l8-maggio-in-attesa-del-nuovo-verdetto\/\"},\"author\":{\"name\":\"Comitati per la Liberazione di Assange\",\"@id\":\"https:\/\/www.pressenza.com\/it\/#\/schema\/person\/7b3bd0136b4643a28fec985f18dfabea\"},\"headline\":\"Tre eventi per Assange a Reggio Emilia l\u20198 maggio in attesa del nuovo verdetto\",\"datePublished\":\"2024-05-04T08:56:36+00:00\",\"mainEntityOfPage\":{\"@id\":\"https:\/\/www.pressenza.com\/it\/2024\/05\/tre-eventi-per-assange-a-reggio-emilia-l8-maggio-in-attesa-del-nuovo-verdetto\/\"},\"wordCount\":504,\"publisher\":{\"@id\":\"https:\/\/www.pressenza.com\/it\/#organization\"},\"image\":{\"@id\":\"https:\/\/www.pressenza.com\/it\/2024\/05\/tre-eventi-per-assange-a-reggio-emilia-l8-maggio-in-attesa-del-nuovo-verdetto\/#primaryimage\"},\"thumbnailUrl\":\"https:\/\/www.pressenza.com\/wp-content\/uploads\/2023\/01\/dont-extradite-Assange-striscione.jpg\",\"keywords\":[\"Afghanistan\",\"estradizione\",\"giornalismo\",\"Julian Assange\",\"libert\u00e0 di stampa\",\"Movimento Free Assange Reggio Emilia\",\"USA\"],\"articleSection\":[\"Comunicati Stampa\",\"Cultura e Media\",\"Diritti Umani\",\"Europa\",\"Nord America\"],\"inLanguage\":\"it-IT\"},{\"@type\":\"WebPage\",\"@id\":\"https:\/\/www.pressenza.com\/it\/2024\/05\/tre-eventi-per-assange-a-reggio-emilia-l8-maggio-in-attesa-del-nuovo-verdetto\/\",\"url\":\"https:\/\/www.pressenza.com\/it\/2024\/05\/tre-eventi-per-assange-a-reggio-emilia-l8-maggio-in-attesa-del-nuovo-verdetto\/\",\"name\":\"Tre eventi per Assange a Reggio Emilia l\u20198 maggio in attesa del nuovo verdetto\",\"isPartOf\":{\"@id\":\"https:\/\/www.pressenza.com\/it\/#website\"},\"primaryImageOfPage\":{\"@id\":\"https:\/\/www.pressenza.com\/it\/2024\/05\/tre-eventi-per-assange-a-reggio-emilia-l8-maggio-in-attesa-del-nuovo-verdetto\/#primaryimage\"},\"image\":{\"@id\":\"https:\/\/www.pressenza.com\/it\/2024\/05\/tre-eventi-per-assange-a-reggio-emilia-l8-maggio-in-attesa-del-nuovo-verdetto\/#primaryimage\"},\"thumbnailUrl\":\"https:\/\/www.pressenza.com\/wp-content\/uploads\/2023\/01\/dont-extradite-Assange-striscione.jpg\",\"datePublished\":\"2024-05-04T08:56:36+00:00\",\"description\":\"Il Movimento reggiano impegnato nella campagna di liberazione di Julian Assange continua ad attivarsi per mantenere viva l\u2019attenzione sul caso del\",\"breadcrumb\":{\"@id\":\"https:\/\/www.pressenza.com\/it\/2024\/05\/tre-eventi-per-assange-a-reggio-emilia-l8-maggio-in-attesa-del-nuovo-verdetto\/#breadcrumb\"},\"inLanguage\":\"it-IT\",\"potentialAction\":[{\"@type\":\"ReadAction\",\"target\":[\"https:\/\/www.pressenza.com\/it\/2024\/05\/tre-eventi-per-assange-a-reggio-emilia-l8-maggio-in-attesa-del-nuovo-verdetto\/\"]}]},{\"@type\":\"ImageObject\",\"inLanguage\":\"it-IT\",\"@id\":\"https:\/\/www.pressenza.com\/it\/2024\/05\/tre-eventi-per-assange-a-reggio-emilia-l8-maggio-in-attesa-del-nuovo-verdetto\/#primaryimage\",\"url\":\"https:\/\/www.pressenza.com\/wp-content\/uploads\/2023\/01\/dont-extradite-Assange-striscione.jpg\",\"contentUrl\":\"https:\/\/www.pressenza.com\/wp-content\/uploads\/2023\/01\/dont-extradite-Assange-striscione.jpg\",\"width\":1920,\"height\":907},{\"@type\":\"BreadcrumbList\",\"@id\":\"https:\/\/www.pressenza.com\/it\/2024\/05\/tre-eventi-per-assange-a-reggio-emilia-l8-maggio-in-attesa-del-nuovo-verdetto\/#breadcrumb\",\"itemListElement\":[{\"@type\":\"ListItem\",\"position\":1,\"name\":\"Accueil\",\"item\":\"https:\/\/www.pressenza.com\/it\/\"},{\"@type\":\"ListItem\",\"position\":2,\"name\":\"Tre eventi per Assange a Reggio Emilia l\u20198 maggio in attesa del nuovo verdetto\"}]},{\"@type\":\"WebSite\",\"@id\":\"https:\/\/www.pressenza.com\/it\/#website\",\"url\":\"https:\/\/www.pressenza.com\/it\/\",\"name\":\"Pressenza\",\"description\":\"Agenzia di Stampa Internazionale\",\"publisher\":{\"@id\":\"https:\/\/www.pressenza.com\/it\/#organization\"},\"potentialAction\":[{\"@type\":\"SearchAction\",\"target\":{\"@type\":\"EntryPoint\",\"urlTemplate\":\"https:\/\/www.pressenza.com\/it\/?s={search_term_string}\"},\"query-input\":{\"@type\":\"PropertyValueSpecification\",\"valueRequired\":true,\"valueName\":\"search_term_string\"}}],\"inLanguage\":\"it-IT\"},{\"@type\":\"Organization\",\"@id\":\"https:\/\/www.pressenza.com\/it\/#organization\",\"name\":\"Pressenza\",\"url\":\"https:\/\/www.pressenza.com\/it\/\",\"logo\":{\"@type\":\"ImageObject\",\"inLanguage\":\"it-IT\",\"@id\":\"https:\/\/www.pressenza.com\/it\/#\/schema\/logo\/image\/\",\"url\":\"https:\/\/www.pressenza.com\/wp-content\/uploads\/2022\/10\/pressenza_logo_200x200.jpg\",\"contentUrl\":\"https:\/\/www.pressenza.com\/wp-content\/uploads\/2022\/10\/pressenza_logo_200x200.jpg\",\"width\":200,\"height\":200,\"caption\":\"Pressenza\"},\"image\":{\"@id\":\"https:\/\/www.pressenza.com\/it\/#\/schema\/logo\/image\/\"},\"sameAs\":[\"https:\/\/www.facebook.com\/PressenzaItalia\",\"https:\/\/x.com\/PressenzaIPA\"]},{\"@type\":\"Person\",\"@id\":\"https:\/\/www.pressenza.com\/it\/#\/schema\/person\/7b3bd0136b4643a28fec985f18dfabea\",\"name\":\"Comitati per la Liberazione di Assange\",\"sameAs\":[\"https:\/\/www.24hassange.org\/\"],\"url\":\"https:\/\/www.pressenza.com\/it\/author\/comitati-per-la-liberazione-di-assange\/\"}]}<\/script>\n<!-- \/ Yoast SEO plugin. -->","yoast_head_json":{"title":"Tre eventi per Assange a Reggio Emilia l\u20198 maggio in attesa del nuovo verdetto","description":"Il Movimento reggiano impegnato nella campagna di liberazione di Julian Assange continua ad attivarsi per mantenere viva l\u2019attenzione sul caso del","robots":{"index":"index","follow":"follow","max-snippet":"max-snippet:-1","max-image-preview":"max-image-preview:large","max-video-preview":"max-video-preview:-1"},"canonical":"https:\/\/www.pressenza.com\/it\/2024\/05\/tre-eventi-per-assange-a-reggio-emilia-l8-maggio-in-attesa-del-nuovo-verdetto\/","og_locale":"it_IT","og_type":"article","og_title":"Tre eventi per Assange a Reggio Emilia l\u20198 maggio in attesa del nuovo verdetto","og_description":"Il Movimento reggiano impegnato nella campagna di liberazione di Julian Assange continua ad attivarsi per mantenere viva l\u2019attenzione sul caso del","og_url":"https:\/\/www.pressenza.com\/it\/2024\/05\/tre-eventi-per-assange-a-reggio-emilia-l8-maggio-in-attesa-del-nuovo-verdetto\/","og_site_name":"Pressenza","article_publisher":"https:\/\/www.facebook.com\/PressenzaItalia","article_published_time":"2024-05-04T08:56:36+00:00","og_image":[{"width":1920,"height":907,"url":"https:\/\/www.pressenza.com\/wp-content\/uploads\/2023\/01\/dont-extradite-Assange-striscione.jpg","type":"image\/jpeg"}],"author":"Comitati per la Liberazione di Assange","twitter_card":"summary_large_image","twitter_creator":"@PressenzaIPA","twitter_site":"@PressenzaIPA","twitter_misc":{"Scritto da":"Comitati per la Liberazione di Assange","Tempo di lettura stimato":"3 minuti"},"schema":{"@context":"https:\/\/schema.org","@graph":[{"@type":"Article","@id":"https:\/\/www.pressenza.com\/it\/2024\/05\/tre-eventi-per-assange-a-reggio-emilia-l8-maggio-in-attesa-del-nuovo-verdetto\/#article","isPartOf":{"@id":"https:\/\/www.pressenza.com\/it\/2024\/05\/tre-eventi-per-assange-a-reggio-emilia-l8-maggio-in-attesa-del-nuovo-verdetto\/"},"author":{"name":"Comitati per la Liberazione di Assange","@id":"https:\/\/www.pressenza.com\/it\/#\/schema\/person\/7b3bd0136b4643a28fec985f18dfabea"},"headline":"Tre eventi per Assange a Reggio Emilia l\u20198 maggio in attesa del nuovo verdetto","datePublished":"2024-05-04T08:56:36+00:00","mainEntityOfPage":{"@id":"https:\/\/www.pressenza.com\/it\/2024\/05\/tre-eventi-per-assange-a-reggio-emilia-l8-maggio-in-attesa-del-nuovo-verdetto\/"},"wordCount":504,"publisher":{"@id":"https:\/\/www.pressenza.com\/it\/#organization"},"image":{"@id":"https:\/\/www.pressenza.com\/it\/2024\/05\/tre-eventi-per-assange-a-reggio-emilia-l8-maggio-in-attesa-del-nuovo-verdetto\/#primaryimage"},"thumbnailUrl":"https:\/\/www.pressenza.com\/wp-content\/uploads\/2023\/01\/dont-extradite-Assange-striscione.jpg","keywords":["Afghanistan","estradizione","giornalismo","Julian Assange","libert\u00e0 di stampa","Movimento Free Assange Reggio Emilia","USA"],"articleSection":["Comunicati Stampa","Cultura e Media","Diritti Umani","Europa","Nord America"],"inLanguage":"it-IT"},{"@type":"WebPage","@id":"https:\/\/www.pressenza.com\/it\/2024\/05\/tre-eventi-per-assange-a-reggio-emilia-l8-maggio-in-attesa-del-nuovo-verdetto\/","url":"https:\/\/www.pressenza.com\/it\/2024\/05\/tre-eventi-per-assange-a-reggio-emilia-l8-maggio-in-attesa-del-nuovo-verdetto\/","name":"Tre eventi per Assange a Reggio Emilia l\u20198 maggio in attesa del nuovo verdetto","isPartOf":{"@id":"https:\/\/www.pressenza.com\/it\/#website"},"primaryImageOfPage":{"@id":"https:\/\/www.pressenza.com\/it\/2024\/05\/tre-eventi-per-assange-a-reggio-emilia-l8-maggio-in-attesa-del-nuovo-verdetto\/#primaryimage"},"image":{"@id":"https:\/\/www.pressenza.com\/it\/2024\/05\/tre-eventi-per-assange-a-reggio-emilia-l8-maggio-in-attesa-del-nuovo-verdetto\/#primaryimage"},"thumbnailUrl":"https:\/\/www.pressenza.com\/wp-content\/uploads\/2023\/01\/dont-extradite-Assange-striscione.jpg","datePublished":"2024-05-04T08:56:36+00:00","description":"Il Movimento reggiano impegnato nella campagna di liberazione di Julian Assange continua ad attivarsi per mantenere viva l\u2019attenzione sul caso del","breadcrumb":{"@id":"https:\/\/www.pressenza.com\/it\/2024\/05\/tre-eventi-per-assange-a-reggio-emilia-l8-maggio-in-attesa-del-nuovo-verdetto\/#breadcrumb"},"inLanguage":"it-IT","potentialAction":[{"@type":"ReadAction","target":["https:\/\/www.pressenza.com\/it\/2024\/05\/tre-eventi-per-assange-a-reggio-emilia-l8-maggio-in-attesa-del-nuovo-verdetto\/"]}]},{"@type":"ImageObject","inLanguage":"it-IT","@id":"https:\/\/www.pressenza.com\/it\/2024\/05\/tre-eventi-per-assange-a-reggio-emilia-l8-maggio-in-attesa-del-nuovo-verdetto\/#primaryimage","url":"https:\/\/www.pressenza.com\/wp-content\/uploads\/2023\/01\/dont-extradite-Assange-striscione.jpg","contentUrl":"https:\/\/www.pressenza.com\/wp-content\/uploads\/2023\/01\/dont-extradite-Assange-striscione.jpg","width":1920,"height":907},{"@type":"BreadcrumbList","@id":"https:\/\/www.pressenza.com\/it\/2024\/05\/tre-eventi-per-assange-a-reggio-emilia-l8-maggio-in-attesa-del-nuovo-verdetto\/#breadcrumb","itemListElement":[{"@type":"ListItem","position":1,"name":"Accueil","item":"https:\/\/www.pressenza.com\/it\/"},{"@type":"ListItem","position":2,"name":"Tre eventi per Assange a Reggio Emilia l\u20198 maggio in attesa del nuovo verdetto"}]},{"@type":"WebSite","@id":"https:\/\/www.pressenza.com\/it\/#website","url":"https:\/\/www.pressenza.com\/it\/","name":"Pressenza","description":"Agenzia di Stampa Internazionale","publisher":{"@id":"https:\/\/www.pressenza.com\/it\/#organization"},"potentialAction":[{"@type":"SearchAction","target":{"@type":"EntryPoint","urlTemplate":"https:\/\/www.pressenza.com\/it\/?s={search_term_string}"},"query-input":{"@type":"PropertyValueSpecification","valueRequired":true,"valueName":"search_term_string"}}],"inLanguage":"it-IT"},{"@type":"Organization","@id":"https:\/\/www.pressenza.com\/it\/#organization","name":"Pressenza","url":"https:\/\/www.pressenza.com\/it\/","logo":{"@type":"ImageObject","inLanguage":"it-IT","@id":"https:\/\/www.pressenza.com\/it\/#\/schema\/logo\/image\/","url":"https:\/\/www.pressenza.com\/wp-content\/uploads\/2022\/10\/pressenza_logo_200x200.jpg","contentUrl":"https:\/\/www.pressenza.com\/wp-content\/uploads\/2022\/10\/pressenza_logo_200x200.jpg","width":200,"height":200,"caption":"Pressenza"},"image":{"@id":"https:\/\/www.pressenza.com\/it\/#\/schema\/logo\/image\/"},"sameAs":["https:\/\/www.facebook.com\/PressenzaItalia","https:\/\/x.com\/PressenzaIPA"]},{"@type":"Person","@id":"https:\/\/www.pressenza.com\/it\/#\/schema\/person\/7b3bd0136b4643a28fec985f18dfabea","name":"Comitati per la Liberazione di Assange","sameAs":["https:\/\/www.24hassange.org\/"],"url":"https:\/\/www.pressenza.com\/it\/author\/comitati-per-la-liberazione-di-assange\/"}]}},"place":"","original_article_url":"","_links":{"self":[{"href":"https:\/\/www.pressenza.com\/it\/wp-json\/wp\/v2\/posts\/1842512","targetHints":{"allow":["GET"]}}],"collection":[{"href":"https:\/\/www.pressenza.com\/it\/wp-json\/wp\/v2\/posts"}],"about":[{"href":"https:\/\/www.pressenza.com\/it\/wp-json\/wp\/v2\/types\/post"}],"author":[{"embeddable":true,"href":"https:\/\/www.pressenza.com\/it\/wp-json\/wp\/v2\/users\/2265"}],"replies":[{"embeddable":true,"href":"https:\/\/www.pressenza.com\/it\/wp-json\/wp\/v2\/comments?post=1842512"}],"version-history":[{"count":0,"href":"https:\/\/www.pressenza.com\/it\/wp-json\/wp\/v2\/posts\/1842512\/revisions"}],"wp:featuredmedia":[{"embeddable":true,"href":"https:\/\/www.pressenza.com\/it\/wp-json\/wp\/v2\/media\/1709395"}],"wp:attachment":[{"href":"https:\/\/www.pressenza.com\/it\/wp-json\/wp\/v2\/media?parent=1842512"}],"wp:term":[{"taxonomy":"category","embeddable":true,"href":"https:\/\/www.pressenza.com\/it\/wp-json\/wp\/v2\/categories?post=1842512"},{"taxonomy":"post_tag","embeddable":true,"href":"https:\/\/www.pressenza.com\/it\/wp-json\/wp\/v2\/tags?post=1842512"}],"curies":[{"name":"wp","href":"https:\/\/api.w.org\/{rel}","templated":true}]}}