{"id":1842333,"date":"2024-05-03T09:05:18","date_gmt":"2024-05-03T08:05:18","guid":{"rendered":"https:\/\/www.pressenza.com\/?p=1842333"},"modified":"2024-05-03T09:08:21","modified_gmt":"2024-05-03T08:08:21","slug":"eterica-un-progetto-bio-ecologico-nellappennino-modenese","status":"publish","type":"post","link":"https:\/\/www.pressenza.com\/it\/2024\/05\/eterica-un-progetto-bio-ecologico-nellappennino-modenese\/","title":{"rendered":"Eterica, un progetto bio-ecologico nell\u2019Appennino modenese"},"content":{"rendered":"<p>Nel marzo 2024, Pressenza ha incontrato virtualmente l&#8217;esperienza di \u201cEterica Officina Alchemica\u201d, una piccola azienda che sviluppa un progetto bio-ecologico nelle valli dell&#8217;Appennino modenese, a 450 metri sul livello del mare.<\/p>\n<p>A partire dall&#8217;uso di tecniche biologiche, biodinamiche e della permacultura, Eterica sviluppa con coerenza un <em>modus vivendi<\/em> rispettoso non solo dei tempi della natura, ma anche di chi la lavora, seguendo tecniche tradizionali e integrandole con quelle nuove, seguendo la tradizione e mettendoci il cuore.<\/p>\n<p><img loading=\"lazy\" decoding=\"async\" class=\"alignnone wp-image-1842335 size-full\" src=\"https:\/\/www.pressenza.com\/wp-content\/uploads\/2024\/05\/Eterica-campo-lavanda.jpg\" alt=\"\" width=\"514\" height=\"517\" srcset=\"https:\/\/www.pressenza.com\/wp-content\/uploads\/2024\/05\/Eterica-campo-lavanda.jpg 514w, https:\/\/www.pressenza.com\/wp-content\/uploads\/2024\/05\/Eterica-campo-lavanda-298x300.jpg 298w, https:\/\/www.pressenza.com\/wp-content\/uploads\/2024\/05\/Eterica-campo-lavanda-150x150.jpg 150w\" sizes=\"auto, (max-width: 514px) 100vw, 514px\" \/><\/p>\n<p>Abbiamo deciso di intervistare il suo fondatore, Alessandro Biancardi, per diffondere modi diversi di vivere e di produrre che ci fanno pensare che un altro stile di vita \u00e8 possibile, oltre che necessario.<\/p>\n<p>\u201cEterica nasce circa 30 anni fa, ma si \u00e8 sviluppato in vari passi\u201d commenta Alessandro. \u201cDividevo la mia vita tra il mio lavoro in radiologia e la campagna. Avvicinarmi alla vita contadina mi dava la possibilit\u00e0 di aiutare gli altri in ospedale, cos\u00ec ho deciso di laurearmi in scienze erboristiche\u201d.<\/p>\n<p>Partendo da un piccolo appezzamento per la produzione di oli essenziali, dopo circa 10 anni il progetto si \u00e8 ampliato a un piccolo orto botanico che \u00e8 arrivato a contare pi\u00f9 di 500 specie officinali. Con questi prodotti, Alessandro realizzava preparati con finalit\u00e0 farmaceutiche-erboristiche, ma anche estetiche e fitomiurgiche (cio\u00e8 da ingerire). Parallelamente, ha iniziato a promuovere corsi di formazione e autoproduzione su come riconoscere le piante.<\/p>\n<p>Alessandro porta avanti questo progetto a livello familiare, insieme ad Anna, creativa naturalista, appassionata di pittura e cucina naturale. Insieme hanno costruito la loro casa con terrapaglia e coltivano tre variet\u00e0 di grano antico per l&#8217;autoconsumo. Il grano antico, che pochi ancora conoscono, \u00e8 la coltivazione tradizionale del grano, che presenta un basso contenuto di glutine: si tratta di colture che in passato erano molto usate e che poi con il tempo sono state abbandonate, per poi essere recuperate, anche se in minima parte, intorno al 2000.<\/p>\n<p><strong>Alessandro, coltivare il proprio campo per l\u2019autoproduzione, per poter vivere, alimentarsi e curarsi in modo cosciente e del tutto naturale sembra un&#8217;impresa quasi impossibile nel mondo di oggi. Qual \u00e8 la chiave per riuscirci?<\/strong><\/p>\n<p>Beh, sicuramente la dimensione collettiva: ci vuole competenza, fortuna ed \u00e8 fondamentale creare una rete. Tendenzialmente il mercato si sta aprendo; sono sempre di pi\u00f9 le persone che cercano sostanze e alimenti naturali, anche se \u00e8 veramente difficile competere con grosse case produttrici che vendono prodotti ugualmente biologici ma di qualit\u00e0 industriale\u201d.<\/p>\n<p><strong>\u00c8 questa una delle principali difficolt\u00e0 oggi giorno per i piccoli produttori?<\/strong><\/p>\n<p>Nel mercato del biologico ci sono veri e propri colossi multinazionali che hanno la certificazione, anche se la qualit\u00e0 che pu\u00f2 avere un piccolo produttore \u00e8 sicuramente diversa, superiore, ovviamente con costi maggiori. Le piccole realt\u00e0 non vengono tanto aiutate; hanno gli oneri di una grande azienda, senza averne le possibilit\u00e0, per cui \u00e8 necessario trovare dei Gruppi di Acquisto Solidale (GAS). Ci sono tante realt\u00e0 nella nostra zona che ci stanno lavorando, anche se vivere completamente di questo non \u00e8 facilissimo. Io, per esempio, dopo 30 anni, sono ancora part-time. Buona parte del mio lavoro consiste anche nelle consulenze come professionista.<\/p>\n<p><strong>Scegliere di coltivare biologico, con culture biodinamiche, rispettando i tempi e i modi della natura dev&#8217;essere una rivoluzione in termini di concetto di produzione e consumo. Voi riuscite a sostenervi con l&#8217;autoproduzione?<\/strong><\/p>\n<p>La nostra famiglia si sostiene per l&#8217;80% con i nostri prodotti, ma non si tratta solo di quello che mangiamo. Anche per l&#8217;energia con la casa di terrapaglia siamo abbastanza autosufficienti. Abbiamo un sistema fotovoltaico e cerchiamo di usare il pi\u00f9 possibile l&#8217;energia che prendiamo dalle fonti, dalle sorgenti.<\/p>\n<p><strong>In tutto questo, come vi adattate ai cambiamenti climatici? Sar\u00e0 sostenibile questo stile di vita in futuro?<\/strong><\/p>\n<p>Il clima sta cambiando, quindi affrontiamo sempre pi\u00f9 spesso grandi piogge e periodi di siccit\u00e0. \u00c8 sempre pi\u00f9 complicato produrre in modo biologico. Noi, per esempio, usiamo una tecnica che si chiama paciamatura. Si tratta di coprire le piantine con la paglia, che degradandosi rilascia sostanze nutritive, oltre a preservare le colture mantenendo pi\u00f9 a lungo l&#8217;acqua del suolo e lavorando sulle piante infestate. \u00c8 una pratica agricola a basso impatto, perch\u00e9 viene dalla nostra stessa produzione: si tratta di riutilizzare gli scarti, riducendo il consumo d&#8217;acqua per avere un buon raccolto.\u201d<\/p>\n<p><strong>Che cosa si impara dal lavorare la terra?<\/strong><\/p>\n<p>Pi\u00f9 rispetto, entrare in un contatto pi\u00f9 profondo con tutti gli elementi. La pianta non \u00e9 solo qualcosa che ci d\u00e0 da vivere, ma \u00e8 un organismo vivente, perci\u00f2 si costruisce un processo di rispetto e di amore verso le piante. \u00c8 una scuola anche per noi.<\/p>\n<p>E poi sicuramente il ritmo: provare a fare a meno della tecnologia, a stare meno in situazioni che ci alienano. Stare nel silenzio, nell&#8217;ascolto. \u00c8 una forma in un certo senso meditativa, non si tratta solo di un lavoro: \u00e8 entrare in un ritmo dell&#8217;essere. E poi il contatto con il mondo vegetale ti d\u00e0 qualcosa di profondo: la pianta \u00e8 molto potente, perch\u00e9 \u00e8 statica, si deve nutrire, difendere e diffondere, quindi \u00e8 molto intelligente. Le piante \u00a0comunicano attraverso i fiori, i semi.<\/p>\n<p>Personalmente, cerco di aumentare la produzione di alberi del 10% ogni anno, perch\u00e9 pi\u00f9 alberi autoctoni ci sono, maggiore \u00e8 la qualit\u00e0 della vita che possiamo portare nel mondo. Se tutti piantassimo alberi invece di distruggerli, partendo dalle scuole&#8230; Proprio fra poco andr\u00f2 in una scuola a fare divulgazione.<\/p>\n<p><strong>Come fa una piccola impresa come la tua ad affrontare le sfide poste dal cambiamento climatico?<\/strong><\/p>\n<p>Il grande lavoro lo stanno facendo i permacultori, seguendo la natura e i suoi cambiamenti. Si stanno attivando processi tecnologici agricoli, per esempio nel cercare di piantare colture che abbiano bisogno di meno acqua, oltre a dare meno input chimici, che sono quelli che ci hanno portato alla situazione attuale. L&#8217;impegno \u00e8 verso i giovani perch\u00e9 devono essere condizionati nel bene e possono fare la differenza adesso, anche se devo dire che non tanti si prendono la briga di tornare nella natura, un po&#8217; perch\u00e9 non c&#8217;\u00e8 creativit\u00e0, perch\u00e9 con la natura puoi fare veramente tutto. La natura ti d\u00e0 lo scenario per poter fare qualsiasi cosa, molto pi\u00f9 di una metropoli.<\/p>\n<p><strong>Perch\u00e9 avete scelto il nome \u201cEterica\u201d?<\/strong><\/p>\n<p>Eterica \u00e8 collegata all&#8217;aspetto spirituale. La pianta e tutti noi attingiamo dall&#8217;aspetto spirituale: \u00e8 il collegamento tra la materia e l&#8217;aspetto spirituale, rappresentato dal simbolo della triscele, la tripla spirale. Secondo l&#8217;alchimia i simboli dello zolfo, del mercurio e del sale contenuti nella triscele si collegano al piano fisico, emotivo e spirituale. Si tratta di una connessione tra il cielo e la terra.<\/p>\n<p><strong>A proposito di questo, esistono studi in cui si forniscono evidenze sul sentire delle piante?<\/strong><\/p>\n<p>S\u00ec, esistono meccanismi di traduzione della linfa della pianta, attraverso un apparecchio che misura il sistema linfatico del vegetale e si vede proprio che a seconda del tipo di emozione che prova una persona, la pianta reagisce. Se hai intenzione di tagliarla, lei lo sa. Per esempio, al momento di raccogliere un&#8217;insalata, bisogna arrivare con attitudine di ringraziamento. L\u00ec si apre un altro mondo sulla coscienza vegetale.<\/p>\n<p>Eterica si pu\u00f2 visitare previo appuntamento, si possono trovare attivit\u00e0 di formazione, produzione di olii essenziali e anche prodotti ortofrutticoli tra marzo e ottobre, insieme a erbe medicinali e piante officinali nell&#8217;orto botanico, sempre nei mesi pi\u00f9 caldi, per percorsi alchemici e botanici. Si realizzano anche percorsi con meditazioni guidate.<\/p>\n<p><a href=\"https:\/\/www.eterica.bio\/\">https:\/\/www.eterica.bio\/<\/a><\/p>\n","protected":false},"excerpt":{"rendered":"<p>Nel marzo 2024, Pressenza ha incontrato virtualmente l&#8217;esperienza di \u201cEterica Officina Alchemica\u201d, una piccola azienda che sviluppa un progetto bio-ecologico nelle valli dell&#8217;Appennino modenese, a 450 metri sul livello del mare. A partire dall&#8217;uso di tecniche biologiche, biodinamiche e della&hellip;<\/p>\n","protected":false},"author":2127,"featured_media":1842334,"comment_status":"closed","ping_status":"closed","sticky":false,"template":"","format":"standard","meta":{"footnotes":""},"categories":[11388,59,47,157],"tags":[122506,6933,122505,3359,79923],"class_list":["post-1842333","post","type-post","status-publish","format-standard","has-post-thumbnail","hentry","category-contenuti-originali","category-ambiente-ecologia","category-europa","category-interviste","tag-auto-produzione","tag-cambiamenti-climatici","tag-eterica-officina-alchemica","tag-gruppi-di-acquisto-solidale","tag-permacultura-it"],"yoast_head":"<!-- This site is optimized with the Yoast SEO plugin v27.1.1 - https:\/\/yoast.com\/product\/yoast-seo-wordpress\/ -->\n<title>Eterica, un progetto bio-ecologico nell\u2019Appennino modenese<\/title>\n<meta name=\"description\" content=\"Nel marzo 2024, Pressenza ha incontrato virtualmente l&#039;esperienza di \u201cEterica Officina Alchemica\u201d, una piccola azienda che sviluppa un progetto\" \/>\n<meta name=\"robots\" content=\"index, follow, max-snippet:-1, max-image-preview:large, max-video-preview:-1\" \/>\n<link rel=\"canonical\" href=\"https:\/\/www.pressenza.com\/it\/2024\/05\/eterica-un-progetto-bio-ecologico-nellappennino-modenese\/\" \/>\n<meta property=\"og:locale\" content=\"it_IT\" \/>\n<meta property=\"og:type\" content=\"article\" \/>\n<meta property=\"og:title\" content=\"Eterica, un progetto bio-ecologico nell\u2019Appennino modenese\" \/>\n<meta property=\"og:description\" content=\"Nel marzo 2024, Pressenza ha incontrato virtualmente l&#039;esperienza di \u201cEterica Officina Alchemica\u201d, una piccola azienda che sviluppa un progetto\" \/>\n<meta property=\"og:url\" content=\"https:\/\/www.pressenza.com\/it\/2024\/05\/eterica-un-progetto-bio-ecologico-nellappennino-modenese\/\" \/>\n<meta property=\"og:site_name\" content=\"Pressenza\" \/>\n<meta property=\"article:publisher\" content=\"https:\/\/www.facebook.com\/PressenzaItalia\" \/>\n<meta property=\"article:published_time\" content=\"2024-05-03T08:05:18+00:00\" \/>\n<meta property=\"article:modified_time\" content=\"2024-05-03T08:08:21+00:00\" \/>\n<meta property=\"og:image\" content=\"https:\/\/www.pressenza.com\/wp-content\/uploads\/2024\/05\/Eterica-2-persone.jpg\" \/>\n\t<meta property=\"og:image:width\" content=\"642\" \/>\n\t<meta property=\"og:image:height\" content=\"524\" \/>\n\t<meta property=\"og:image:type\" content=\"image\/jpeg\" \/>\n<meta name=\"author\" content=\"Cristina Bianchi\" \/>\n<meta name=\"twitter:card\" content=\"summary_large_image\" \/>\n<meta name=\"twitter:creator\" content=\"@PressenzaIPA\" \/>\n<meta name=\"twitter:site\" content=\"@PressenzaIPA\" \/>\n<meta name=\"twitter:label1\" content=\"Scritto da\" \/>\n\t<meta name=\"twitter:data1\" content=\"Cristina Bianchi\" \/>\n\t<meta name=\"twitter:label2\" content=\"Tempo di lettura stimato\" \/>\n\t<meta name=\"twitter:data2\" content=\"7 minuti\" \/>\n<script type=\"application\/ld+json\" class=\"yoast-schema-graph\">{\"@context\":\"https:\/\/schema.org\",\"@graph\":[{\"@type\":\"Article\",\"@id\":\"https:\/\/www.pressenza.com\/it\/2024\/05\/eterica-un-progetto-bio-ecologico-nellappennino-modenese\/#article\",\"isPartOf\":{\"@id\":\"https:\/\/www.pressenza.com\/it\/2024\/05\/eterica-un-progetto-bio-ecologico-nellappennino-modenese\/\"},\"author\":{\"name\":\"Cristina Bianchi\",\"@id\":\"https:\/\/www.pressenza.com\/it\/#\/schema\/person\/e88b84f7057c5b1ca8d5ce214681f401\"},\"headline\":\"Eterica, un progetto bio-ecologico nell\u2019Appennino modenese\",\"datePublished\":\"2024-05-03T08:05:18+00:00\",\"dateModified\":\"2024-05-03T08:08:21+00:00\",\"mainEntityOfPage\":{\"@id\":\"https:\/\/www.pressenza.com\/it\/2024\/05\/eterica-un-progetto-bio-ecologico-nellappennino-modenese\/\"},\"wordCount\":1218,\"publisher\":{\"@id\":\"https:\/\/www.pressenza.com\/it\/#organization\"},\"image\":{\"@id\":\"https:\/\/www.pressenza.com\/it\/2024\/05\/eterica-un-progetto-bio-ecologico-nellappennino-modenese\/#primaryimage\"},\"thumbnailUrl\":\"https:\/\/www.pressenza.com\/wp-content\/uploads\/2024\/05\/Eterica-2-persone.jpg\",\"keywords\":[\"auto-produzione\",\"cambiamenti climatici\",\"Eterica Officina Alchemica\",\"gruppi di acquisto solidale\",\"permacultura\"],\"articleSection\":[\"contenuti originali\",\"Ecologia ed Ambiente\",\"Europa\",\"Interviste\"],\"inLanguage\":\"it-IT\"},{\"@type\":\"WebPage\",\"@id\":\"https:\/\/www.pressenza.com\/it\/2024\/05\/eterica-un-progetto-bio-ecologico-nellappennino-modenese\/\",\"url\":\"https:\/\/www.pressenza.com\/it\/2024\/05\/eterica-un-progetto-bio-ecologico-nellappennino-modenese\/\",\"name\":\"Eterica, un progetto bio-ecologico nell\u2019Appennino modenese\",\"isPartOf\":{\"@id\":\"https:\/\/www.pressenza.com\/it\/#website\"},\"primaryImageOfPage\":{\"@id\":\"https:\/\/www.pressenza.com\/it\/2024\/05\/eterica-un-progetto-bio-ecologico-nellappennino-modenese\/#primaryimage\"},\"image\":{\"@id\":\"https:\/\/www.pressenza.com\/it\/2024\/05\/eterica-un-progetto-bio-ecologico-nellappennino-modenese\/#primaryimage\"},\"thumbnailUrl\":\"https:\/\/www.pressenza.com\/wp-content\/uploads\/2024\/05\/Eterica-2-persone.jpg\",\"datePublished\":\"2024-05-03T08:05:18+00:00\",\"dateModified\":\"2024-05-03T08:08:21+00:00\",\"description\":\"Nel marzo 2024, Pressenza ha incontrato virtualmente l'esperienza di \u201cEterica Officina Alchemica\u201d, una piccola azienda che sviluppa un progetto\",\"breadcrumb\":{\"@id\":\"https:\/\/www.pressenza.com\/it\/2024\/05\/eterica-un-progetto-bio-ecologico-nellappennino-modenese\/#breadcrumb\"},\"inLanguage\":\"it-IT\",\"potentialAction\":[{\"@type\":\"ReadAction\",\"target\":[\"https:\/\/www.pressenza.com\/it\/2024\/05\/eterica-un-progetto-bio-ecologico-nellappennino-modenese\/\"]}]},{\"@type\":\"ImageObject\",\"inLanguage\":\"it-IT\",\"@id\":\"https:\/\/www.pressenza.com\/it\/2024\/05\/eterica-un-progetto-bio-ecologico-nellappennino-modenese\/#primaryimage\",\"url\":\"https:\/\/www.pressenza.com\/wp-content\/uploads\/2024\/05\/Eterica-2-persone.jpg\",\"contentUrl\":\"https:\/\/www.pressenza.com\/wp-content\/uploads\/2024\/05\/Eterica-2-persone.jpg\",\"width\":642,\"height\":524},{\"@type\":\"BreadcrumbList\",\"@id\":\"https:\/\/www.pressenza.com\/it\/2024\/05\/eterica-un-progetto-bio-ecologico-nellappennino-modenese\/#breadcrumb\",\"itemListElement\":[{\"@type\":\"ListItem\",\"position\":1,\"name\":\"Accueil\",\"item\":\"https:\/\/www.pressenza.com\/it\/\"},{\"@type\":\"ListItem\",\"position\":2,\"name\":\"Eterica, un progetto bio-ecologico nell\u2019Appennino modenese\"}]},{\"@type\":\"WebSite\",\"@id\":\"https:\/\/www.pressenza.com\/it\/#website\",\"url\":\"https:\/\/www.pressenza.com\/it\/\",\"name\":\"Pressenza\",\"description\":\"Agenzia di Stampa Internazionale\",\"publisher\":{\"@id\":\"https:\/\/www.pressenza.com\/it\/#organization\"},\"potentialAction\":[{\"@type\":\"SearchAction\",\"target\":{\"@type\":\"EntryPoint\",\"urlTemplate\":\"https:\/\/www.pressenza.com\/it\/?s={search_term_string}\"},\"query-input\":{\"@type\":\"PropertyValueSpecification\",\"valueRequired\":true,\"valueName\":\"search_term_string\"}}],\"inLanguage\":\"it-IT\"},{\"@type\":\"Organization\",\"@id\":\"https:\/\/www.pressenza.com\/it\/#organization\",\"name\":\"Pressenza\",\"url\":\"https:\/\/www.pressenza.com\/it\/\",\"logo\":{\"@type\":\"ImageObject\",\"inLanguage\":\"it-IT\",\"@id\":\"https:\/\/www.pressenza.com\/it\/#\/schema\/logo\/image\/\",\"url\":\"https:\/\/www.pressenza.com\/wp-content\/uploads\/2022\/10\/pressenza_logo_200x200.jpg\",\"contentUrl\":\"https:\/\/www.pressenza.com\/wp-content\/uploads\/2022\/10\/pressenza_logo_200x200.jpg\",\"width\":200,\"height\":200,\"caption\":\"Pressenza\"},\"image\":{\"@id\":\"https:\/\/www.pressenza.com\/it\/#\/schema\/logo\/image\/\"},\"sameAs\":[\"https:\/\/www.facebook.com\/PressenzaItalia\",\"https:\/\/x.com\/PressenzaIPA\"]},{\"@type\":\"Person\",\"@id\":\"https:\/\/www.pressenza.com\/it\/#\/schema\/person\/e88b84f7057c5b1ca8d5ce214681f401\",\"name\":\"Cristina Bianchi\",\"sameAs\":[\"https:\/\/cristinabianchi1981.wordpress.com\/\"],\"url\":\"https:\/\/www.pressenza.com\/it\/author\/cristina-bianchi\/\"}]}<\/script>\n<!-- \/ Yoast SEO plugin. -->","yoast_head_json":{"title":"Eterica, un progetto bio-ecologico nell\u2019Appennino modenese","description":"Nel marzo 2024, Pressenza ha incontrato virtualmente l'esperienza di \u201cEterica Officina Alchemica\u201d, una piccola azienda che sviluppa un progetto","robots":{"index":"index","follow":"follow","max-snippet":"max-snippet:-1","max-image-preview":"max-image-preview:large","max-video-preview":"max-video-preview:-1"},"canonical":"https:\/\/www.pressenza.com\/it\/2024\/05\/eterica-un-progetto-bio-ecologico-nellappennino-modenese\/","og_locale":"it_IT","og_type":"article","og_title":"Eterica, un progetto bio-ecologico nell\u2019Appennino modenese","og_description":"Nel marzo 2024, Pressenza ha incontrato virtualmente l'esperienza di \u201cEterica Officina Alchemica\u201d, una piccola azienda che sviluppa un progetto","og_url":"https:\/\/www.pressenza.com\/it\/2024\/05\/eterica-un-progetto-bio-ecologico-nellappennino-modenese\/","og_site_name":"Pressenza","article_publisher":"https:\/\/www.facebook.com\/PressenzaItalia","article_published_time":"2024-05-03T08:05:18+00:00","article_modified_time":"2024-05-03T08:08:21+00:00","og_image":[{"width":642,"height":524,"url":"https:\/\/www.pressenza.com\/wp-content\/uploads\/2024\/05\/Eterica-2-persone.jpg","type":"image\/jpeg"}],"author":"Cristina Bianchi","twitter_card":"summary_large_image","twitter_creator":"@PressenzaIPA","twitter_site":"@PressenzaIPA","twitter_misc":{"Scritto da":"Cristina Bianchi","Tempo di lettura stimato":"7 minuti"},"schema":{"@context":"https:\/\/schema.org","@graph":[{"@type":"Article","@id":"https:\/\/www.pressenza.com\/it\/2024\/05\/eterica-un-progetto-bio-ecologico-nellappennino-modenese\/#article","isPartOf":{"@id":"https:\/\/www.pressenza.com\/it\/2024\/05\/eterica-un-progetto-bio-ecologico-nellappennino-modenese\/"},"author":{"name":"Cristina Bianchi","@id":"https:\/\/www.pressenza.com\/it\/#\/schema\/person\/e88b84f7057c5b1ca8d5ce214681f401"},"headline":"Eterica, un progetto bio-ecologico nell\u2019Appennino modenese","datePublished":"2024-05-03T08:05:18+00:00","dateModified":"2024-05-03T08:08:21+00:00","mainEntityOfPage":{"@id":"https:\/\/www.pressenza.com\/it\/2024\/05\/eterica-un-progetto-bio-ecologico-nellappennino-modenese\/"},"wordCount":1218,"publisher":{"@id":"https:\/\/www.pressenza.com\/it\/#organization"},"image":{"@id":"https:\/\/www.pressenza.com\/it\/2024\/05\/eterica-un-progetto-bio-ecologico-nellappennino-modenese\/#primaryimage"},"thumbnailUrl":"https:\/\/www.pressenza.com\/wp-content\/uploads\/2024\/05\/Eterica-2-persone.jpg","keywords":["auto-produzione","cambiamenti climatici","Eterica Officina Alchemica","gruppi di acquisto solidale","permacultura"],"articleSection":["contenuti originali","Ecologia ed Ambiente","Europa","Interviste"],"inLanguage":"it-IT"},{"@type":"WebPage","@id":"https:\/\/www.pressenza.com\/it\/2024\/05\/eterica-un-progetto-bio-ecologico-nellappennino-modenese\/","url":"https:\/\/www.pressenza.com\/it\/2024\/05\/eterica-un-progetto-bio-ecologico-nellappennino-modenese\/","name":"Eterica, un progetto bio-ecologico nell\u2019Appennino modenese","isPartOf":{"@id":"https:\/\/www.pressenza.com\/it\/#website"},"primaryImageOfPage":{"@id":"https:\/\/www.pressenza.com\/it\/2024\/05\/eterica-un-progetto-bio-ecologico-nellappennino-modenese\/#primaryimage"},"image":{"@id":"https:\/\/www.pressenza.com\/it\/2024\/05\/eterica-un-progetto-bio-ecologico-nellappennino-modenese\/#primaryimage"},"thumbnailUrl":"https:\/\/www.pressenza.com\/wp-content\/uploads\/2024\/05\/Eterica-2-persone.jpg","datePublished":"2024-05-03T08:05:18+00:00","dateModified":"2024-05-03T08:08:21+00:00","description":"Nel marzo 2024, Pressenza ha incontrato virtualmente l'esperienza di \u201cEterica Officina Alchemica\u201d, una piccola azienda che sviluppa un progetto","breadcrumb":{"@id":"https:\/\/www.pressenza.com\/it\/2024\/05\/eterica-un-progetto-bio-ecologico-nellappennino-modenese\/#breadcrumb"},"inLanguage":"it-IT","potentialAction":[{"@type":"ReadAction","target":["https:\/\/www.pressenza.com\/it\/2024\/05\/eterica-un-progetto-bio-ecologico-nellappennino-modenese\/"]}]},{"@type":"ImageObject","inLanguage":"it-IT","@id":"https:\/\/www.pressenza.com\/it\/2024\/05\/eterica-un-progetto-bio-ecologico-nellappennino-modenese\/#primaryimage","url":"https:\/\/www.pressenza.com\/wp-content\/uploads\/2024\/05\/Eterica-2-persone.jpg","contentUrl":"https:\/\/www.pressenza.com\/wp-content\/uploads\/2024\/05\/Eterica-2-persone.jpg","width":642,"height":524},{"@type":"BreadcrumbList","@id":"https:\/\/www.pressenza.com\/it\/2024\/05\/eterica-un-progetto-bio-ecologico-nellappennino-modenese\/#breadcrumb","itemListElement":[{"@type":"ListItem","position":1,"name":"Accueil","item":"https:\/\/www.pressenza.com\/it\/"},{"@type":"ListItem","position":2,"name":"Eterica, un progetto bio-ecologico nell\u2019Appennino modenese"}]},{"@type":"WebSite","@id":"https:\/\/www.pressenza.com\/it\/#website","url":"https:\/\/www.pressenza.com\/it\/","name":"Pressenza","description":"Agenzia di Stampa Internazionale","publisher":{"@id":"https:\/\/www.pressenza.com\/it\/#organization"},"potentialAction":[{"@type":"SearchAction","target":{"@type":"EntryPoint","urlTemplate":"https:\/\/www.pressenza.com\/it\/?s={search_term_string}"},"query-input":{"@type":"PropertyValueSpecification","valueRequired":true,"valueName":"search_term_string"}}],"inLanguage":"it-IT"},{"@type":"Organization","@id":"https:\/\/www.pressenza.com\/it\/#organization","name":"Pressenza","url":"https:\/\/www.pressenza.com\/it\/","logo":{"@type":"ImageObject","inLanguage":"it-IT","@id":"https:\/\/www.pressenza.com\/it\/#\/schema\/logo\/image\/","url":"https:\/\/www.pressenza.com\/wp-content\/uploads\/2022\/10\/pressenza_logo_200x200.jpg","contentUrl":"https:\/\/www.pressenza.com\/wp-content\/uploads\/2022\/10\/pressenza_logo_200x200.jpg","width":200,"height":200,"caption":"Pressenza"},"image":{"@id":"https:\/\/www.pressenza.com\/it\/#\/schema\/logo\/image\/"},"sameAs":["https:\/\/www.facebook.com\/PressenzaItalia","https:\/\/x.com\/PressenzaIPA"]},{"@type":"Person","@id":"https:\/\/www.pressenza.com\/it\/#\/schema\/person\/e88b84f7057c5b1ca8d5ce214681f401","name":"Cristina Bianchi","sameAs":["https:\/\/cristinabianchi1981.wordpress.com\/"],"url":"https:\/\/www.pressenza.com\/it\/author\/cristina-bianchi\/"}]}},"place":"","original_article_url":"","_links":{"self":[{"href":"https:\/\/www.pressenza.com\/it\/wp-json\/wp\/v2\/posts\/1842333","targetHints":{"allow":["GET"]}}],"collection":[{"href":"https:\/\/www.pressenza.com\/it\/wp-json\/wp\/v2\/posts"}],"about":[{"href":"https:\/\/www.pressenza.com\/it\/wp-json\/wp\/v2\/types\/post"}],"author":[{"embeddable":true,"href":"https:\/\/www.pressenza.com\/it\/wp-json\/wp\/v2\/users\/2127"}],"replies":[{"embeddable":true,"href":"https:\/\/www.pressenza.com\/it\/wp-json\/wp\/v2\/comments?post=1842333"}],"version-history":[{"count":0,"href":"https:\/\/www.pressenza.com\/it\/wp-json\/wp\/v2\/posts\/1842333\/revisions"}],"wp:featuredmedia":[{"embeddable":true,"href":"https:\/\/www.pressenza.com\/it\/wp-json\/wp\/v2\/media\/1842334"}],"wp:attachment":[{"href":"https:\/\/www.pressenza.com\/it\/wp-json\/wp\/v2\/media?parent=1842333"}],"wp:term":[{"taxonomy":"category","embeddable":true,"href":"https:\/\/www.pressenza.com\/it\/wp-json\/wp\/v2\/categories?post=1842333"},{"taxonomy":"post_tag","embeddable":true,"href":"https:\/\/www.pressenza.com\/it\/wp-json\/wp\/v2\/tags?post=1842333"}],"curies":[{"name":"wp","href":"https:\/\/api.w.org\/{rel}","templated":true}]}}