{"id":1841814,"date":"2024-04-30T19:45:48","date_gmt":"2024-04-30T18:45:48","guid":{"rendered":"https:\/\/www.pressenza.com\/?p=1841814"},"modified":"2024-04-30T20:02:17","modified_gmt":"2024-04-30T19:02:17","slug":"percezioni-della-dominanza-sociale-e-come-cambiarle","status":"publish","type":"post","link":"https:\/\/www.pressenza.com\/it\/2024\/04\/percezioni-della-dominanza-sociale-e-come-cambiarle\/","title":{"rendered":"Percezioni della dominanza sociale e come cambiarle"},"content":{"rendered":"<blockquote><p><strong>\u00c8 sorprendente che i <a href=\"https:\/\/www.science.org\/doi\/10.1126\/science.1199198\">neonati umani di appena 10 mesi<\/a> siano in grado di identificare il rango sociale. Una ricerca rivela che i neonati imparano a distinguere chi \u00e8 dominante intorno a loro, usando come indizio le dimensioni relative del corpo.<\/strong><\/p><\/blockquote>\n<p>Gli esperimenti condotti dalla psicologa Lotte Thomsen dell&#8217;Universit\u00e0 di Oslo indicano che i neonati <a href=\"https:\/\/www.sciencedirect.com\/science\/article\/pii\/S2352250X19301241#https:\/\/www.sciencedirect.com\/science\/article\/pii\/S2352250X19301241\">possono usare l&#8217;indizio delle dimensioni del corpo<\/a> per prevedere che un oggetto di dimensioni maggiori prevarr\u00e0 su uno di dimensioni minori in una rappresentazione visiva controllata. Inoltre, un gruppo di ricercatori dell&#8217;Universit\u00e0 di Yale ha scoperto che i bambini di appena tre mesi sembrano essere in grado di <a href=\"https:\/\/royalsocietypublishing.org\/doi\/full\/10.1098\/rspb.2017.0656\">riconoscere che l&#8217;intonazione della voce \u00e8 correlata alle dimensioni del corpo<\/a>: gli organismi pi\u00f9 piccoli producono un suono pi\u00f9 acuto.<\/p>\n<h3><strong>Come facciamo a sapere cosa pensano i neonati?<\/strong><\/h3>\n<p>La ricerca e la valutazione delle percezioni dei neonati sono complesse. Gli esperimenti che valutano le reazioni dei neonati prevedono di farli familiarizzare con un oggetto visivo animato, come un blocco colorato, e poi di modificare il suo rapporto con un altro blocco simile.<\/p>\n<p>Quando il rapporto previsto viene invertito, in quella che viene chiamata &#8220;violazione delle aspettative&#8221;, i ricercatori misurano quanto a lungo il bambino guarda l&#8217;immagine anomala, rispetto alla durata del suo sguardo sull&#8217;immagine prevista. Lo sguardo pi\u00f9 lungo sull&#8217;immagine inaspettata viene interpretato come se il bambino riconoscesse che qualcosa non va bene.<\/p>\n<p>Per esempio, per valutare la percezione della dominanza, <a href=\"https:\/\/u36605228.ct.sendgrid.net\/ls\/click?upn=u001.irwnA1ZB8N-2BHNL3jUmYY-2BBxmghfUpffsu5NdntU3J5UTRYJ35Nfqc08PzGmFy07oY5PMUS43vtLqrZTNsCE1mg-3D-3DcYqX_pIbxPfpDI69aAybPrpOfg2qk668hyntwP4Bju9c-2FBUHmqzagKPMobPYCfWZv8yYQFLEHKv4R7adUtz1UX8-2BCLlhVWdXrOsoNdUMywUlaEbz1MA5C0-2BtGycJtAKQAL8ktyNGn8VLqValjm-2BI7YU-2BfGdR7aJtcpCgmao8ObzQQBUWsgVeaX00EoNbRridOng4WN5r7ZIBVVcgEf7WskQRT0M7UUxCEB-2Fy3jl2Dcf42A-2BfNT7iP94Ew7baIAjszAknfK54l-2BsguiZ0iNcEgdTd3YR66Msg-2Frdw-2FQcoD2VHy1SQXExr7f6Yxk1Hkr2tHhbKWSAlv6OkignhhrEFv2LR5-2FiICfktuFmWREGe2UsBc5Cu1XH0dRsR1NRSaaX5NIe5vKgx0IAZFX98MfD92cU6tfar8bJhzuOsNysi5QILS6PaivBRNTnr1oN8j-2BulgrvbNrIsmyDp8iVvQbTNfRV-2BfQI-2Bryg0vv3zQx9X4icqGEUSk9lyaRqqItWrcVEQKsDj15sOc5Pe09e9FteiXwHv31s9mdj2iHp7VMgNSrh7CfScw1I2IIocNXvYCJaDBI-2F3Gr5DUYkQQaprhqbRoER7MaDC0LEm5TJ-2Fhzfd7t3WONNtmDYk6pF6S3-2FgCAH7mJXdyeyeeG8SDCpGESIIb1FSvBx08d96xRMGuaDSdKYylp1qBHPiO-2F4-2B7ilz7kBX2B-2BrTaK0XuuTZBrN9HYCmYIRhHj8tcuJgyf0rSX34KK0Q8rR6dAt17NWOPDVGEQLVa7VvU5Kwm7f3qeJr-2FqtmVkl34X29OJm1eiEYf4-2B6AAH57i5y1OE537PtvshYxZvYYLdv\">Thomsen e un team internazionale di ricercatori<\/a> hanno mostrato ai bambini delle animazioni che raffiguravano un blocco piccolo e uno grande che si muovevano l&#8217;uno verso l&#8217;altro, dove uno o l&#8217;altro si chinava e cedeva il passo per evitare una collisione. In una serie di esperimenti, hanno scoperto che i bambini guardavano pi\u00f9 a lungo quando l&#8217;oggetto pi\u00f9 grande dava precedenza a quello pi\u00f9 piccolo, suggerendo che questo non era ci\u00f2 che il bambino si aspettava.<\/p>\n<p>Questa linea di ricerca suggerisce che a un anno di et\u00e0 i bambini possono essere in grado di riconoscere che le dimensioni sono legate alla forza e alla dominanza, che la taglia pi\u00f9 grande prevarr\u00e0 in una situazione di conflitto e che questo vale anche per altre situazioni di conflitto. Questi esperimenti concludono che la conoscenza degli indizi per percepire la gerarchia sociale si sviluppa molto presto nell&#8217;organismo umano e continua a svilupparsi durante l&#8217;infanzia e l&#8217;adolescenza.<\/p>\n<h3><strong>Anche altre specie lo fanno<\/strong><\/h3>\n<p>Gli studi che confrontano la struttura gerarchica delle societ\u00e0 umane con quelle di altre specie suggeriscono che <a href=\"https:\/\/www.pnas.org\/doi\/full\/10.1073\/pnas.082104199\">&#8220;sembrano non esserci discontinuit\u00e0 fondamentali tra la struttura sociale degli esseri umani e quella degli animali&#8221;<\/a>. La gerarchia sociale nei gruppi animali \u00e8 quasi onnipresente: lo fanno i primati non umani, gli insetti, gli uccelli e i pesci.<\/p>\n<p>I gruppi sociali delle specie non umane formano gerarchie per aiutare a proteggere il gruppo dai predatori, ridurre l&#8217;aggressivit\u00e0 all&#8217;interno del gruppo, trovare e allocare le risorse e garantire che coloro che sono in cima alla gerarchia possano riprodursi con successo: tutto ci\u00f2 si ritiene contribuisca al benessere del gruppo nel suo complesso.<\/p>\n<p>La cura reciproca del corpo (grooming) \u00e8 importante per tenere uniti i gruppi di primati, incoraggiando il legame. Gli studi dimostrano che <a href=\"https:\/\/royalsocietypublishing.org\/doi\/10.1098\/rspa.2020.0446\">il grooming dei primati innesca il rilascio di endorfine da parte del cervello<\/a>, che promuovono un senso di benessere e di rilassamento e allo stesso tempo creano un senso di fiducia reciproca. Il grooming tra i primati pu\u00f2 essere utilizzato anche come <a href=\"https:\/\/u36605228.ct.sendgrid.net\/ls\/click?upn=u001.irwnA1ZB8N-2BHNL3jUmYY-2BBZlzMR0LHuSA0mFjjzaQ0U5bcrtice2jqKwkRpV0BPCmhLN4ENpShYFfXYf1dV1Yg-3D-3D2xGr_pIbxPfpDI69aAybPrpOfg2qk668hyntwP4Bju9c-2FBUHmqzagKPMobPYCfWZv8yYQFLEHKv4R7adUtz1UX8-2BCLlhVWdXrOsoNdUMywUlaEbz1MA5C0-2BtGycJtAKQAL8ktyNGn8VLqValjm-2BI7YU-2BfGdR7aJtcpCgmao8ObzQQBUWsgVeaX00EoNbRridOng4WN5r7ZIBVVcgEf7WskQRT0M7UUxCEB-2Fy3jl2Dcf42A-2BfNT7iP94Ew7baIAjszAknfK54l-2BsguiZ0iNcEgdTd3YR66Msg-2Frdw-2FQcoD2VHy1SQXExr7f6Yxk1Hkr2tHhbKWSAlv6OkignhhrEFv2LR5-2FiICfktuFmWREGe2UsBc5Cu1XH0dRsR1NRSaaX5NIe5vKgx0IAZFX98MfD92cU6tfar8bJhzuOsNysi5QILS6PaivBRNTnr1oN8j-2BulgrvbNrIsmyDp8iVvQbTNfRV-2BfQI-2Bryg0vv3zQx9X4icqGEUSk9lyaRqqItWrcVEQKsDj15sOc5Pe09e9FteiXwHv31s9mdj2iHp7VMgNSrh7CfScw1I2IIocNXvYCJaDBI-2F3Gr5DUYkQQaprhqbRoER7MaDC0LEm5TJ-2Fhzfd7t3WONNuEp0x2OIu8ZVvmj4Na6y-2BfFVrIpDMGwI65JQzVXjM-2FZ0x9T4FryC1QjR9Hn9yIFx6bWBUn2WhCI8JM8t8ehrXzMX31iNcaNIBba-2FwH0Ky-2FAN57EaXBvcVcDXDKR69Ur4hoXCPRJ-2FPjoB7MaEsHn3F0wYW4hVQX2IH93tTnz3qoMdpoKs167PfHdobd2ZiwJFuMOEkZ7cq1NNzoSYXmoYiV\">forma di risoluzione dei conflitti e di riconciliazione<\/a>. Si ipotizza che il grooming, che richiede molto tempo, limiti la dimensione massima dei gruppi di primati a circa 50 individui.<\/p>\n<p>Gli esseri umani replicano la stimolazione delle endorfine del grooming, suggerisce lo psicologo R. I. M. Dunbar dell&#8217;Universit\u00e0 di Oxford in un articolo del 2020, tramite la creazione di una <a href=\"https:\/\/royalsocietypublishing.org\/doi\/10.1098\/rspa.2020.0446\">&#8220;forma di grooming a distanza&#8221;<\/a>, che comprende risate, canti, balli, racconti, mangiare e bere in comune. Negli esseri umani come nei primati, le pratiche che rilasciano endorfine permettono ai membri del gruppo di conoscersi e di prevedere il comportamento futuro dei membri del gruppo.<\/p>\n<h3><strong>Connessioni neurali<\/strong><\/h3>\n<p>Le connessioni neurali con lo status e la sua percezione sono un&#8217;area di costante ricerca sia nei primati che negli esseri umani. I ricercatori di psicologia della Temple University suggeriscono l&#8217;esistenza di una <a href=\"https:\/\/www.ncbi.nlm.nih.gov\/pmc\/articles\/PMC5494206\/#:~:text=Social%20primates%20are%20sensitive%20to,cues%20and%20knowledge-based%20cues.\">&#8220;origine evoluta per il raggiungimento di uno status elevato e per il riconoscimento dello status negli altri&#8221;<\/a> sia nei primati non umani che negli adulti umani.<\/p>\n<p>Utilizzando la risonanza magnetica per immagini, gli scienziati che hanno analizzato le aree cerebrali legate alla percezione dello status sociale e della dominanza hanno identificato le regioni del cervello e i neurotrasmettitori che si attivano quando gli esseri umani o i primati sono coinvolti nella percezione della dominanza in una relazione. I risultati della ricerca variano a seconda della configurazione sperimentale, ma gli studi hanno costantemente identificato <a href=\"https:\/\/www.ncbi.nlm.nih.gov\/pmc\/articles\/PMC4469834\/\">le stesse aree cerebrali specifiche<\/a>, tra cui l&#8217;amigdala, l&#8217;ippocampo e la corteccia prefrontale, come parte della rete neurale coinvolta.<\/p>\n<p>Per creare un quadro pi\u00f9 preciso di come il cervello degli esseri umani e dei primati sia coinvolto nella percezione dello status sociale, sono necessarie ricerche future, forse aiutate da migliori tecniche di rappresentazione e di rilevamento, concludono i ricercatori. Quello che si sa \u00e8 che la percezione della dominanza viene appresa nei neonati umani e continua a svilupparsi in complessit\u00e0 man mano che l&#8217;individuo invecchia e acquisisce maggiore esperienza sociale.<\/p>\n<h3><strong>Gerarchia buona o cattiva?<\/strong><\/h3>\n<p>Se l&#8217;organizzazione gerarchica \u00e8 effettivamente innata e persino necessaria per le istituzioni umane, la questione \u00e8 come utilizzare questa realt\u00e0.<\/p>\n<p>Le gerarchie possono essere caratterizzate come benevole o autocratiche, a seconda che vadano principalmente a beneficio del bene generale, di coloro che stanno in basso e al centro o dei pochi in alto. Guardando alla storia dell&#8217;umanit\u00e0, le societ\u00e0 gerarchiche che vengono in mente sono &#8220;cattive&#8221; nella mente della maggior parte delle persone. Si pensi a dittatori come Stalin o Hitler, o a quelli pi\u00f9 recenti.<\/p>\n<p>Ma, come <a href=\"https:\/\/press.princeton.edu\/ideas\/the-case-for-hierarchy\">sostiene un gruppo di ricerca<\/a>, &#8220;l&#8217;uguaglianza \u00e8 un miraggio&#8221;. Secondo i teorici politici dell&#8217;Universit\u00e0 di Hong Kong, Wang Pei e il canadese Daniel A. Bell, per funzionare bene una societ\u00e0 su larga scala ha bisogno di un sistema organizzativo che preveda delle gerarchie. Essi indicano il fallimento della Rivoluzione culturale cinese come esempio di &#8220;uguaglianza&#8221; fallita. Propongono invece:<\/p>\n<blockquote><p>&#8220;La scelta non \u00e8 tra una societ\u00e0 senza gerarchie e una con gerarchie, ma piuttosto tra una societ\u00e0 con gerarchie ingiuste che perpetuano strutture di potere ingiuste e una con gerarchie giuste che servono a scopi moralmente desiderabili&#8221;.<\/p><\/blockquote>\n<p>La questione non diventa una scelta tra uguaglianza e gerarchia, ma come trasformare una societ\u00e0 gerarchica in una societ\u00e0 che promuova una maggiore uguaglianza.<\/p>\n<h3><strong>Le conseguenze della disuguaglianza<\/strong><\/h3>\n<p>L&#8217;uguaglianza \u00e8 oggi un tema caldo nella societ\u00e0, che si parli di genere, religione, razza, reddito o istruzione. In generale, l&#8217;arco dello sviluppo politico si sta orientando verso una maggiore uguaglianza, allontanandosi dalle disuguaglianze tradizionali, come quella che relega le donne a un rango inferiore.<\/p>\n<p>La questione dell&#8217;uguaglianza non \u00e8 astratta. La percezione di uno status sociale inferiore ha conseguenze sulla salute e sul benessere psicofisico, nonch\u00e9 sull&#8217;aspettativa di vita, sia per gli esseri umani che per gli animali. Come riporta uno <a href=\"https:\/\/www.pnas.org\/doi\/full\/10.1073\/pnas.1820846116\">studio antropologico del 2019 sui macachi rhesus<\/a>, &#8220;le avversit\u00e0 sociali si insinuano nella pelle per lunghi periodi di tempo&#8221;. Scrivendo nei <em>Proceedings of the American Academy of Sciences<\/em>, un team internazionale di ricercatori ha concluso che le avversit\u00e0 sociali influenzano il sistema immunitario dei macachi femmina, con alcune variazioni, come il tipo di agente patogeno, la durata dell&#8217;esposizione e il grado di avversit\u00e0 sociale.<\/p>\n<p>Numerosi studi documentano gli effetti negativi della percezione di un basso status socioeconomico negli esseri umani. Ad esempio, una meta-analisi di <a href=\"https:\/\/www.ncbi.nlm.nih.gov\/pmc\/articles\/PMC5756083\/\">44 studi su adolescenti tra i 12 e i 19 anni<\/a>, condotta dai ricercatori della Concordia University di Montreal, ha rilevato che un&#8217;autopercezione di status inferiore \u00e8 correlata a una salute peggiore. \u00c8 interessante notare che lo studio suggerisce che indicatori oggettivi come la ricchezza non sono rilevanti per la salute quanto la percezione soggettiva dello status.<\/p>\n<p>Uno <a href=\"https:\/\/psycnet.apa.org\/record\/2008-03424-016\">studio molto specifico<\/a>, pubblicato su Health Psychology nel 2008, ha esaminato lo status socioeconomico oggettivo e la percezione soggettiva dello status e il modo in cui ciascuno di essi \u00e8 stato influenzato dal comune virus del raffreddore. I ricercatori hanno coinvolto 193 adulti statunitensi sani, che sono stati prima classificati oggettivamente e poi soggettivamente in base a indicatori di status sociale. Dopo sei settimane, i volontari dello studio sono stati esaminati per verificare la presenza di eventuali sintomi di raffreddore e, se non ne avevano, sono stati esposti a una delle due variet\u00e0 di virus del raffreddore comune. Nei giorni successivi, i volontari sono stati monitorati per verificare la presenza di sintomi di raffreddore.<\/p>\n<p>Il risultato \u00e8 stato sorprendente: Lo status sociale inferiore percepito soggettivamente era correlato a una maggiore predisposizione a prendere il raffreddore. Il basso status sociale oggettivo non presentava questa associazione.<\/p>\n<h3><strong>Verso una migliore salute e felicit\u00e0<\/strong><\/h3>\n<p>Come <a href=\"https:\/\/www.sciencedirect.com\/science\/article\/abs\/pii\/S2352250X19300946?via%3Dihub\">spiega Marc A. Fournier<\/a>, psicologo dell&#8217;Universit\u00e0 di Toronto, &#8220;la disuguaglianza di reddito getta un&#8217;ombra sulla qualit\u00e0 delle relazioni sociali, tanto che chiunque viva in una societ\u00e0 pi\u00f9 stratificata ha meno probabilit\u00e0 di fidarsi degli altri o di partecipare alla vita della comunit\u00e0&#8221;. Inoltre, coloro che si classificano soggettivamente con uno status sociale inferiore, come dimostrano molti studi diversi, hanno maggiori probabilit\u00e0 di avere livelli di felicit\u00e0 pi\u00f9 bassi.<\/p>\n<p>I rimedi per creare pi\u00f9 felicit\u00e0, e di conseguenza una salute migliore, non sono misteriosi, ma sono una sfida continua. Una misura sicura \u00e8 la ridistribuzione del reddito, ad esempio attraverso una tassazione progressiva. <a href=\"https:\/\/www.sciencedirect.com\/science\/article\/abs\/pii\/S2352250X19300946?via%3Dihub\">Alcuni studi condotti in diversi Paesi<\/a> nell&#8217;arco di alcuni decenni hanno documentato che questa misura diminuisce la disuguaglianza di reddito e aumenta la felicit\u00e0.<\/p>\n<p>Anche altre misure sembrano evidenti. Ci sono opportunit\u00e0 nella societ\u00e0 per migliorare il proprio status? Come possono i sistemi di istruzione pubblica favorire tali opportunit\u00e0? In che modo il sistema educativo prepara i giovani ad avere maggiore padronanza della propria vita? In che modo le istituzioni sociali possono creare maggiori opportunit\u00e0 di relazioni comunitarie positive?<\/p>\n<p>La percezione del dominio e del rango sociale sembra iniziare molto presto nella vita e la successiva autopercezione di un rango inferiore, che sia accurata o meno, influisce sulla salute e sulla felicit\u00e0. Le domande aperte sono: quanto siano innate queste percezioni e come l&#8217;approccio della societ\u00e0 all&#8217;uguaglianza pu\u00f2 aiutare a cambiare in meglio queste percezioni?<\/p>\n<p><em><strong>Questo articolo \u00e8 stato prodotto da <a href=\"https:\/\/u36605228.ct.sendgrid.net\/ls\/click?upn=u001.irwnA1ZB8N-2BHNL3jUmYY-2BEs9rWttVey5EbjXnC9DFdGU2KewnRlXF6ta-2B3fk7ercEzVB_pIbxPfpDI69aAybPrpOfg2qk668hyntwP4Bju9c-2FBUHmqzagKPMobPYCfWZv8yYQFLEHKv4R7adUtz1UX8-2BCLlhVWdXrOsoNdUMywUlaEbz1MA5C0-2BtGycJtAKQAL8ktyNGn8VLqValjm-2BI7YU-2BfGdR7aJtcpCgmao8ObzQQBUWsgVeaX00EoNbRridOng4WN5r7ZIBVVcgEf7WskQRT0M7UUxCEB-2Fy3jl2Dcf42A-2BfNT7iP94Ew7baIAjszAknfK54l-2BsguiZ0iNcEgdTd3YR66Msg-2Frdw-2FQcoD2VHy1SQXExr7f6Yxk1Hkr2tHhbKWSAlv6OkignhhrEFv2LR5-2FiICfktuFmWREGe2UsBc5Cu1XH0dRsR1NRSaaX5NIe5vKgx0IAZFX98MfD92cU6tfar8bJhzuOsNysi5QILS6PaivBRNTnr1oN8j-2BulgrvbNrIsmyDp8iVvQbTNfRV-2BfQI-2Bryg0vv3zQx9X4icqGEUSk9lyaRqqItWrcVEQKsDj15sOc5Pe09e9FteiXwHv31s9mdj2iHp7VMgNSrh7CfScw1I2IIocNXvYCJaDBI-2F3Gr5DUYkQQaprhqbRoER7MaDC0LEm5TJ-2Fhzfd7t3WONNvw5oqYEl6-2FRHp4bcs-2Be-2Fk7kZrCxX9r6jT12Xg65yIjdz-2BKzRQm3GHDMIQOtncspSFeUTrvFZHqmpDSoc8ngSLWxZuskmP63IPUVc2SxIeUDzAxBmJhpPCk-2F6fTIINyU-2FRXg4JRMYHYoR-2Bq353b6BCJOpon3AVaGPFkrW9sSrAaJHG3clMcRkbipiYroow5BEmDfjWLkB9TzslX2yQ-2Fybz6\">Human Bridges<\/a>.<\/strong><\/em><\/p>\n<hr \/>\n<p><strong>L&#8217;autrice: Marjorie Hecht <\/strong>\u00e8 stata a lungo redattrice di riviste e scrittrice con una specializzazione in argomenti scientifici. \u00c8 una autrice freelance e attivista comunitaria che vive a Cape Cod, negli Stati Uniti. \u00c8 possibile leggere altri lavori di Marjorie Hecht sull&#8217;<a href=\"https:\/\/u36605228.ct.sendgrid.net\/ls\/click?upn=u001.irwnA1ZB8N-2BHNL3jUmYY-2BEs9rWttVey5EbjXnC9DFdFYUPS6DaOS1CrVHeXjprbvORSrRWP-2F3LFN3oZr6LNcJw-3D-3D4D39_pIbxPfpDI69aAybPrpOfg2qk668hyntwP4Bju9c-2FBUHmqzagKPMobPYCfWZv8yYQFLEHKv4R7adUtz1UX8-2BCLlhVWdXrOsoNdUMywUlaEbz1MA5C0-2BtGycJtAKQAL8ktyNGn8VLqValjm-2BI7YU-2BfGdR7aJtcpCgmao8ObzQQBUWsgVeaX00EoNbRridOng4WN5r7ZIBVVcgEf7WskQRT0M7UUxCEB-2Fy3jl2Dcf42A-2BfNT7iP94Ew7baIAjszAknfK54l-2BsguiZ0iNcEgdTd3YR66Msg-2Frdw-2FQcoD2VHy1SQXExr7f6Yxk1Hkr2tHhbKWSAlv6OkignhhrEFv2LR5-2FiICfktuFmWREGe2UsBc5Cu1XH0dRsR1NRSaaX5NIe5vKgx0IAZFX98MfD92cU6tfar8bJhzuOsNysi5QILS6PaivBRNTnr1oN8j-2BulgrvbNrIsmyDp8iVvQbTNfRV-2BfQI-2Bryg0vv3zQx9X4icqGEUSk9lyaRqqItWrcVEQKsDj15sOc5Pe09e9FteiXwHv31s9mdj2iHp7VMgNSrh7CfScw1I2IIocNXvYCJaDBI-2F3Gr5DUYkQQaprhqbRoER7MaDC0LEm5TJ-2Fhzfd7t3WONNsilGVsF3ZKytT85E-2BvPwjLkAGM0ngcR5UQbjWEYKbvPAMDwEZ-2B0mfvxM-2FRO-2B6NkEJm5jEIEvl1SdbtUw24rmO3MRSWos9Zh9hvV9e8CnnUOyy2rPel3Qtn-2FuKZYiO4OUY-2BQ2nnTY-2B73ZkoFhSPEvGD25lpWV15OrnKnpzAbHJcAEEDCcQU0t-2FDQ5iaCh7-2BeJgYuiuDNJAt-2FaRFYziiN7sn\">Observatory<\/a>.<\/p>\n<hr \/>\n<p><em>Traduzione dall\u2019inglese<\/em><em>\u00a0di Giuseppe Marchiello. Revisione di Thomas Schmid.<\/em><\/p>\n","protected":false},"excerpt":{"rendered":"<p>\u00c8 sorprendente che i neonati umani di appena 10 mesi siano in grado di identificare il rango sociale. Una ricerca rivela che i neonati imparano a distinguere chi \u00e8 dominante intorno a loro, usando come indizio le dimensioni relative del&hellip;<\/p>\n","protected":false},"author":1783,"featured_media":1841819,"comment_status":"closed","ping_status":"closed","sticky":false,"template":"","format":"standard","meta":{"footnotes":""},"categories":[38,496],"tags":[10575,122436,122437,122440,122438,122439],"class_list":["post-1841814","post","type-post","status-publish","format-standard","has-post-thumbnail","hentry","category-internazionale","category-scienza-tecnologia","tag-disuguaglianza","tag-dominanza","tag-dominio-sociale","tag-gerarchia","tag-status-sociale","tag-status-socioeconomico"],"yoast_head":"<!-- This site is optimized with the Yoast SEO plugin v27.1.1 - https:\/\/yoast.com\/product\/yoast-seo-wordpress\/ -->\n<title>Percezioni della dominanza sociale e come cambiarle<\/title>\n<meta name=\"description\" content=\"La percezione del dominio e del rango sociale sembra iniziare molto presto nella vita e la successiva autopercezione di un rango inferiore, che sia accurata o meno, influisce sulla salute e sulla felicit\u00e0.\" \/>\n<meta name=\"robots\" content=\"index, follow, max-snippet:-1, max-image-preview:large, max-video-preview:-1\" \/>\n<link rel=\"canonical\" href=\"https:\/\/www.pressenza.com\/it\/2024\/04\/percezioni-della-dominanza-sociale-e-come-cambiarle\/\" \/>\n<meta property=\"og:locale\" content=\"it_IT\" \/>\n<meta property=\"og:type\" content=\"article\" \/>\n<meta property=\"og:title\" content=\"Percezioni della dominanza sociale e come cambiarle\" \/>\n<meta property=\"og:description\" content=\"La percezione del dominio e del rango sociale sembra iniziare molto presto nella vita e la successiva autopercezione di un rango inferiore, che sia accurata o meno, influisce sulla salute e sulla felicit\u00e0.\" \/>\n<meta property=\"og:url\" content=\"https:\/\/www.pressenza.com\/it\/2024\/04\/percezioni-della-dominanza-sociale-e-come-cambiarle\/\" \/>\n<meta property=\"og:site_name\" content=\"Pressenza\" \/>\n<meta property=\"article:publisher\" content=\"https:\/\/www.facebook.com\/PressenzaItalia\" \/>\n<meta property=\"article:published_time\" content=\"2024-04-30T18:45:48+00:00\" \/>\n<meta property=\"article:modified_time\" content=\"2024-04-30T19:02:17+00:00\" \/>\n<meta property=\"og:image\" content=\"https:\/\/www.pressenza.com\/wp-content\/uploads\/2024\/04\/226f280d-f881-4344-aa40-f3648085a13f.jpeg\" \/>\n\t<meta property=\"og:image:width\" content=\"1024\" \/>\n\t<meta property=\"og:image:height\" content=\"1024\" \/>\n\t<meta property=\"og:image:type\" content=\"image\/jpeg\" \/>\n<meta name=\"author\" content=\"Independent Media Institute\" \/>\n<meta name=\"twitter:card\" content=\"summary_large_image\" \/>\n<meta name=\"twitter:creator\" content=\"@PressenzaIPA\" \/>\n<meta name=\"twitter:site\" content=\"@PressenzaIPA\" \/>\n<meta name=\"twitter:label1\" content=\"Scritto da\" \/>\n\t<meta name=\"twitter:data1\" content=\"Independent Media Institute\" \/>\n\t<meta name=\"twitter:label2\" content=\"Tempo di lettura stimato\" \/>\n\t<meta name=\"twitter:data2\" content=\"8 minuti\" \/>\n<script type=\"application\/ld+json\" class=\"yoast-schema-graph\">{\"@context\":\"https:\/\/schema.org\",\"@graph\":[{\"@type\":\"Article\",\"@id\":\"https:\/\/www.pressenza.com\/it\/2024\/04\/percezioni-della-dominanza-sociale-e-come-cambiarle\/#article\",\"isPartOf\":{\"@id\":\"https:\/\/www.pressenza.com\/it\/2024\/04\/percezioni-della-dominanza-sociale-e-come-cambiarle\/\"},\"author\":{\"name\":\"Independent Media Institute\",\"@id\":\"https:\/\/www.pressenza.com\/it\/#\/schema\/person\/599664ae09d1f11b2c43fa455197df6f\"},\"headline\":\"Percezioni della dominanza sociale e come cambiarle\",\"datePublished\":\"2024-04-30T18:45:48+00:00\",\"dateModified\":\"2024-04-30T19:02:17+00:00\",\"mainEntityOfPage\":{\"@id\":\"https:\/\/www.pressenza.com\/it\/2024\/04\/percezioni-della-dominanza-sociale-e-come-cambiarle\/\"},\"wordCount\":1790,\"publisher\":{\"@id\":\"https:\/\/www.pressenza.com\/it\/#organization\"},\"image\":{\"@id\":\"https:\/\/www.pressenza.com\/it\/2024\/04\/percezioni-della-dominanza-sociale-e-come-cambiarle\/#primaryimage\"},\"thumbnailUrl\":\"https:\/\/www.pressenza.com\/wp-content\/uploads\/2024\/04\/226f280d-f881-4344-aa40-f3648085a13f.jpeg\",\"keywords\":[\"disuguaglianza\",\"dominanza\",\"dominio sociale\",\"gerarchia\",\"status sociale\",\"status socioeconomico\"],\"articleSection\":[\"Internazionale\",\"Scienza e Tecnologia\"],\"inLanguage\":\"it-IT\"},{\"@type\":\"WebPage\",\"@id\":\"https:\/\/www.pressenza.com\/it\/2024\/04\/percezioni-della-dominanza-sociale-e-come-cambiarle\/\",\"url\":\"https:\/\/www.pressenza.com\/it\/2024\/04\/percezioni-della-dominanza-sociale-e-come-cambiarle\/\",\"name\":\"Percezioni della dominanza sociale e come cambiarle\",\"isPartOf\":{\"@id\":\"https:\/\/www.pressenza.com\/it\/#website\"},\"primaryImageOfPage\":{\"@id\":\"https:\/\/www.pressenza.com\/it\/2024\/04\/percezioni-della-dominanza-sociale-e-come-cambiarle\/#primaryimage\"},\"image\":{\"@id\":\"https:\/\/www.pressenza.com\/it\/2024\/04\/percezioni-della-dominanza-sociale-e-come-cambiarle\/#primaryimage\"},\"thumbnailUrl\":\"https:\/\/www.pressenza.com\/wp-content\/uploads\/2024\/04\/226f280d-f881-4344-aa40-f3648085a13f.jpeg\",\"datePublished\":\"2024-04-30T18:45:48+00:00\",\"dateModified\":\"2024-04-30T19:02:17+00:00\",\"description\":\"La percezione del dominio e del rango sociale sembra iniziare molto presto nella vita e la successiva autopercezione di un rango inferiore, che sia accurata o meno, influisce sulla salute e sulla felicit\u00e0.\",\"breadcrumb\":{\"@id\":\"https:\/\/www.pressenza.com\/it\/2024\/04\/percezioni-della-dominanza-sociale-e-come-cambiarle\/#breadcrumb\"},\"inLanguage\":\"it-IT\",\"potentialAction\":[{\"@type\":\"ReadAction\",\"target\":[\"https:\/\/www.pressenza.com\/it\/2024\/04\/percezioni-della-dominanza-sociale-e-come-cambiarle\/\"]}]},{\"@type\":\"ImageObject\",\"inLanguage\":\"it-IT\",\"@id\":\"https:\/\/www.pressenza.com\/it\/2024\/04\/percezioni-della-dominanza-sociale-e-come-cambiarle\/#primaryimage\",\"url\":\"https:\/\/www.pressenza.com\/wp-content\/uploads\/2024\/04\/226f280d-f881-4344-aa40-f3648085a13f.jpeg\",\"contentUrl\":\"https:\/\/www.pressenza.com\/wp-content\/uploads\/2024\/04\/226f280d-f881-4344-aa40-f3648085a13f.jpeg\",\"width\":1024,\"height\":1024},{\"@type\":\"BreadcrumbList\",\"@id\":\"https:\/\/www.pressenza.com\/it\/2024\/04\/percezioni-della-dominanza-sociale-e-come-cambiarle\/#breadcrumb\",\"itemListElement\":[{\"@type\":\"ListItem\",\"position\":1,\"name\":\"Accueil\",\"item\":\"https:\/\/www.pressenza.com\/it\/\"},{\"@type\":\"ListItem\",\"position\":2,\"name\":\"Percezioni della dominanza sociale e come cambiarle\"}]},{\"@type\":\"WebSite\",\"@id\":\"https:\/\/www.pressenza.com\/it\/#website\",\"url\":\"https:\/\/www.pressenza.com\/it\/\",\"name\":\"Pressenza\",\"description\":\"Agenzia di Stampa Internazionale\",\"publisher\":{\"@id\":\"https:\/\/www.pressenza.com\/it\/#organization\"},\"potentialAction\":[{\"@type\":\"SearchAction\",\"target\":{\"@type\":\"EntryPoint\",\"urlTemplate\":\"https:\/\/www.pressenza.com\/it\/?s={search_term_string}\"},\"query-input\":{\"@type\":\"PropertyValueSpecification\",\"valueRequired\":true,\"valueName\":\"search_term_string\"}}],\"inLanguage\":\"it-IT\"},{\"@type\":\"Organization\",\"@id\":\"https:\/\/www.pressenza.com\/it\/#organization\",\"name\":\"Pressenza\",\"url\":\"https:\/\/www.pressenza.com\/it\/\",\"logo\":{\"@type\":\"ImageObject\",\"inLanguage\":\"it-IT\",\"@id\":\"https:\/\/www.pressenza.com\/it\/#\/schema\/logo\/image\/\",\"url\":\"https:\/\/www.pressenza.com\/wp-content\/uploads\/2022\/10\/pressenza_logo_200x200.jpg\",\"contentUrl\":\"https:\/\/www.pressenza.com\/wp-content\/uploads\/2022\/10\/pressenza_logo_200x200.jpg\",\"width\":200,\"height\":200,\"caption\":\"Pressenza\"},\"image\":{\"@id\":\"https:\/\/www.pressenza.com\/it\/#\/schema\/logo\/image\/\"},\"sameAs\":[\"https:\/\/www.facebook.com\/PressenzaItalia\",\"https:\/\/x.com\/PressenzaIPA\"]},{\"@type\":\"Person\",\"@id\":\"https:\/\/www.pressenza.com\/it\/#\/schema\/person\/599664ae09d1f11b2c43fa455197df6f\",\"name\":\"Independent Media Institute\",\"description\":\"The Independent Media Institute (IMI) is a nonprofit organization that educates the public through a diverse array of independent media projects and programs. IMI works with journalists and media outlets to shine a spotlight on stories that are vital to the public interest, using multiple media formats and distribution channels.\",\"sameAs\":[\"https:\/\/independentmediainstitute.org\/\"],\"url\":\"https:\/\/www.pressenza.com\/it\/author\/independent-media-institute\/\"}]}<\/script>\n<!-- \/ Yoast SEO plugin. -->","yoast_head_json":{"title":"Percezioni della dominanza sociale e come cambiarle","description":"La percezione del dominio e del rango sociale sembra iniziare molto presto nella vita e la successiva autopercezione di un rango inferiore, che sia accurata o meno, influisce sulla salute e sulla felicit\u00e0.","robots":{"index":"index","follow":"follow","max-snippet":"max-snippet:-1","max-image-preview":"max-image-preview:large","max-video-preview":"max-video-preview:-1"},"canonical":"https:\/\/www.pressenza.com\/it\/2024\/04\/percezioni-della-dominanza-sociale-e-come-cambiarle\/","og_locale":"it_IT","og_type":"article","og_title":"Percezioni della dominanza sociale e come cambiarle","og_description":"La percezione del dominio e del rango sociale sembra iniziare molto presto nella vita e la successiva autopercezione di un rango inferiore, che sia accurata o meno, influisce sulla salute e sulla felicit\u00e0.","og_url":"https:\/\/www.pressenza.com\/it\/2024\/04\/percezioni-della-dominanza-sociale-e-come-cambiarle\/","og_site_name":"Pressenza","article_publisher":"https:\/\/www.facebook.com\/PressenzaItalia","article_published_time":"2024-04-30T18:45:48+00:00","article_modified_time":"2024-04-30T19:02:17+00:00","og_image":[{"width":1024,"height":1024,"url":"https:\/\/www.pressenza.com\/wp-content\/uploads\/2024\/04\/226f280d-f881-4344-aa40-f3648085a13f.jpeg","type":"image\/jpeg"}],"author":"Independent Media Institute","twitter_card":"summary_large_image","twitter_creator":"@PressenzaIPA","twitter_site":"@PressenzaIPA","twitter_misc":{"Scritto da":"Independent Media Institute","Tempo di lettura stimato":"8 minuti"},"schema":{"@context":"https:\/\/schema.org","@graph":[{"@type":"Article","@id":"https:\/\/www.pressenza.com\/it\/2024\/04\/percezioni-della-dominanza-sociale-e-come-cambiarle\/#article","isPartOf":{"@id":"https:\/\/www.pressenza.com\/it\/2024\/04\/percezioni-della-dominanza-sociale-e-come-cambiarle\/"},"author":{"name":"Independent Media Institute","@id":"https:\/\/www.pressenza.com\/it\/#\/schema\/person\/599664ae09d1f11b2c43fa455197df6f"},"headline":"Percezioni della dominanza sociale e come cambiarle","datePublished":"2024-04-30T18:45:48+00:00","dateModified":"2024-04-30T19:02:17+00:00","mainEntityOfPage":{"@id":"https:\/\/www.pressenza.com\/it\/2024\/04\/percezioni-della-dominanza-sociale-e-come-cambiarle\/"},"wordCount":1790,"publisher":{"@id":"https:\/\/www.pressenza.com\/it\/#organization"},"image":{"@id":"https:\/\/www.pressenza.com\/it\/2024\/04\/percezioni-della-dominanza-sociale-e-come-cambiarle\/#primaryimage"},"thumbnailUrl":"https:\/\/www.pressenza.com\/wp-content\/uploads\/2024\/04\/226f280d-f881-4344-aa40-f3648085a13f.jpeg","keywords":["disuguaglianza","dominanza","dominio sociale","gerarchia","status sociale","status socioeconomico"],"articleSection":["Internazionale","Scienza e Tecnologia"],"inLanguage":"it-IT"},{"@type":"WebPage","@id":"https:\/\/www.pressenza.com\/it\/2024\/04\/percezioni-della-dominanza-sociale-e-come-cambiarle\/","url":"https:\/\/www.pressenza.com\/it\/2024\/04\/percezioni-della-dominanza-sociale-e-come-cambiarle\/","name":"Percezioni della dominanza sociale e come cambiarle","isPartOf":{"@id":"https:\/\/www.pressenza.com\/it\/#website"},"primaryImageOfPage":{"@id":"https:\/\/www.pressenza.com\/it\/2024\/04\/percezioni-della-dominanza-sociale-e-come-cambiarle\/#primaryimage"},"image":{"@id":"https:\/\/www.pressenza.com\/it\/2024\/04\/percezioni-della-dominanza-sociale-e-come-cambiarle\/#primaryimage"},"thumbnailUrl":"https:\/\/www.pressenza.com\/wp-content\/uploads\/2024\/04\/226f280d-f881-4344-aa40-f3648085a13f.jpeg","datePublished":"2024-04-30T18:45:48+00:00","dateModified":"2024-04-30T19:02:17+00:00","description":"La percezione del dominio e del rango sociale sembra iniziare molto presto nella vita e la successiva autopercezione di un rango inferiore, che sia accurata o meno, influisce sulla salute e sulla felicit\u00e0.","breadcrumb":{"@id":"https:\/\/www.pressenza.com\/it\/2024\/04\/percezioni-della-dominanza-sociale-e-come-cambiarle\/#breadcrumb"},"inLanguage":"it-IT","potentialAction":[{"@type":"ReadAction","target":["https:\/\/www.pressenza.com\/it\/2024\/04\/percezioni-della-dominanza-sociale-e-come-cambiarle\/"]}]},{"@type":"ImageObject","inLanguage":"it-IT","@id":"https:\/\/www.pressenza.com\/it\/2024\/04\/percezioni-della-dominanza-sociale-e-come-cambiarle\/#primaryimage","url":"https:\/\/www.pressenza.com\/wp-content\/uploads\/2024\/04\/226f280d-f881-4344-aa40-f3648085a13f.jpeg","contentUrl":"https:\/\/www.pressenza.com\/wp-content\/uploads\/2024\/04\/226f280d-f881-4344-aa40-f3648085a13f.jpeg","width":1024,"height":1024},{"@type":"BreadcrumbList","@id":"https:\/\/www.pressenza.com\/it\/2024\/04\/percezioni-della-dominanza-sociale-e-come-cambiarle\/#breadcrumb","itemListElement":[{"@type":"ListItem","position":1,"name":"Accueil","item":"https:\/\/www.pressenza.com\/it\/"},{"@type":"ListItem","position":2,"name":"Percezioni della dominanza sociale e come cambiarle"}]},{"@type":"WebSite","@id":"https:\/\/www.pressenza.com\/it\/#website","url":"https:\/\/www.pressenza.com\/it\/","name":"Pressenza","description":"Agenzia di Stampa Internazionale","publisher":{"@id":"https:\/\/www.pressenza.com\/it\/#organization"},"potentialAction":[{"@type":"SearchAction","target":{"@type":"EntryPoint","urlTemplate":"https:\/\/www.pressenza.com\/it\/?s={search_term_string}"},"query-input":{"@type":"PropertyValueSpecification","valueRequired":true,"valueName":"search_term_string"}}],"inLanguage":"it-IT"},{"@type":"Organization","@id":"https:\/\/www.pressenza.com\/it\/#organization","name":"Pressenza","url":"https:\/\/www.pressenza.com\/it\/","logo":{"@type":"ImageObject","inLanguage":"it-IT","@id":"https:\/\/www.pressenza.com\/it\/#\/schema\/logo\/image\/","url":"https:\/\/www.pressenza.com\/wp-content\/uploads\/2022\/10\/pressenza_logo_200x200.jpg","contentUrl":"https:\/\/www.pressenza.com\/wp-content\/uploads\/2022\/10\/pressenza_logo_200x200.jpg","width":200,"height":200,"caption":"Pressenza"},"image":{"@id":"https:\/\/www.pressenza.com\/it\/#\/schema\/logo\/image\/"},"sameAs":["https:\/\/www.facebook.com\/PressenzaItalia","https:\/\/x.com\/PressenzaIPA"]},{"@type":"Person","@id":"https:\/\/www.pressenza.com\/it\/#\/schema\/person\/599664ae09d1f11b2c43fa455197df6f","name":"Independent Media Institute","description":"The Independent Media Institute (IMI) is a nonprofit organization that educates the public through a diverse array of independent media projects and programs. IMI works with journalists and media outlets to shine a spotlight on stories that are vital to the public interest, using multiple media formats and distribution channels.","sameAs":["https:\/\/independentmediainstitute.org\/"],"url":"https:\/\/www.pressenza.com\/it\/author\/independent-media-institute\/"}]}},"place":"Stati Uniti - Marjorie Hecht","original_article_url":"","_links":{"self":[{"href":"https:\/\/www.pressenza.com\/it\/wp-json\/wp\/v2\/posts\/1841814","targetHints":{"allow":["GET"]}}],"collection":[{"href":"https:\/\/www.pressenza.com\/it\/wp-json\/wp\/v2\/posts"}],"about":[{"href":"https:\/\/www.pressenza.com\/it\/wp-json\/wp\/v2\/types\/post"}],"author":[{"embeddable":true,"href":"https:\/\/www.pressenza.com\/it\/wp-json\/wp\/v2\/users\/1783"}],"replies":[{"embeddable":true,"href":"https:\/\/www.pressenza.com\/it\/wp-json\/wp\/v2\/comments?post=1841814"}],"version-history":[{"count":0,"href":"https:\/\/www.pressenza.com\/it\/wp-json\/wp\/v2\/posts\/1841814\/revisions"}],"wp:featuredmedia":[{"embeddable":true,"href":"https:\/\/www.pressenza.com\/it\/wp-json\/wp\/v2\/media\/1841819"}],"wp:attachment":[{"href":"https:\/\/www.pressenza.com\/it\/wp-json\/wp\/v2\/media?parent=1841814"}],"wp:term":[{"taxonomy":"category","embeddable":true,"href":"https:\/\/www.pressenza.com\/it\/wp-json\/wp\/v2\/categories?post=1841814"},{"taxonomy":"post_tag","embeddable":true,"href":"https:\/\/www.pressenza.com\/it\/wp-json\/wp\/v2\/tags?post=1841814"}],"curies":[{"name":"wp","href":"https:\/\/api.w.org\/{rel}","templated":true}]}}