{"id":1839948,"date":"2024-04-21T18:44:06","date_gmt":"2024-04-21T17:44:06","guid":{"rendered":"https:\/\/www.pressenza.com\/?p=1839948"},"modified":"2024-04-21T18:44:06","modified_gmt":"2024-04-21T17:44:06","slug":"lo-stato-attuale-della-trasparenza-nella-gestione-dei-beni-confiscati-alle-mafie","status":"publish","type":"post","link":"https:\/\/www.pressenza.com\/it\/2024\/04\/lo-stato-attuale-della-trasparenza-nella-gestione-dei-beni-confiscati-alle-mafie\/","title":{"rendered":"Lo stato attuale della trasparenza nella gestione dei beni confiscati alle mafie"},"content":{"rendered":"<p><span style=\"font-weight: 400;\">Per garantire il riutilizzo sociale dei beni confiscati alle mafie \u00e8 innanzitutto importante farli conoscere, mettendo a disposizione di tutte le cittadine e di tutti i cittadini dati, notizie e informazioni sui patrimoni confiscati: dove si trovano, l&#8217;attuale loro uso, da chi sono gestiti o perch\u00e9 restano inutilizzati. Avere a disposizione questi dati rimane il primo fondamentale passo per immaginare qualsiasi forma di partecipazione e di protagonismo da parte della societ\u00e0 civile e responsabile, nell\u2019ottica della valorizzazione delle esperienze di riutilizzo sociale. Le previsioni normative del Codice Antimafia (D.Lgs. num. 159 del 06 settembre 2011), impongono agli enti locali di mettere a disposizione di tutte e tutti i dati sui beni confiscati trasferiti al loro patrimonio, pubblicandoli in un apposito e specifico elenco. Una previsione ulteriormente rafforzata dalla legge di riforma del Codice, che, nel 2017, ha introdotto la responsabilit\u00e0 dirigenziale in capo ai comuni inadempienti: \u201c<\/span><i><span style=\"font-weight: 400;\">Gli enti territoriali provvedono a formare un apposito elenco dei beni confiscati ad essi trasferiti, che viene periodicamente aggiornato con cadenza mensile. L&#8217;elenco, reso pubblico nel sito internet istituzionale dell&#8217;ente, deve contenere i dati concernenti la consistenza, la destinazione e l&#8217;utilizzazione dei beni nonch\u00e9, in caso di assegnazione a terzi, i dati identificativi del concessionario e gli estremi, l&#8217;oggetto e la durata dell&#8217;atto di concessione. La mancata pubblicazione comporta responsabilit\u00e0 dirigenziale ai sensi dell&#8217;articolo 46 del Decreto Legislativo 14 marzo 2013, n. 33<\/span><\/i><span style=\"font-weight: 400;\">.\u201d\u00a0<\/span><\/p>\n<p><span style=\"font-weight: 400;\">E&#8217; stata presentata nei giorni scorsi da <\/span><b>Libera<\/b><span style=\"font-weight: 400;\"> la terza edizione di \u201c<\/span><b>RimanDATI<\/b><span style=\"font-weight: 400;\">\u201d, il Report nazionale che indaga sullo stato della trasparenza degli enti territoriali in materia di bene confiscati, promosso in collaborazione con il <\/span><b>Gruppo Abele <\/b><span style=\"font-weight: 400;\">e il <\/span><b>Dipartimento di Culture, Politica e Societ\u00e0 dell\u2019Universit\u00e0 di Torino <\/b><span style=\"font-weight: 400;\">e che quest\u2019anno si arricchisce anche di un prezioso contributo dell&#8217;<\/span><b>ISTAT<\/b><span style=\"font-weight: 400;\">. <\/span><b>\u00a0<\/b><\/p>\n<p><span style=\"font-weight: 400;\">Il primato negativo in termini di trasparenza assoluta spetta ai comuni del Sud Italia (compreso le isole) con ben 248 comuni che non pubblicano l&#8217;elenco dei beni confiscati, segue il Nord Italia con 87 comuni e il Centro con 51. A livello di singole Regioni, tra le pi\u00f9 \u201cvirtuose\u201d &#8211; quelle cio\u00e8 che raggiungono o superano il 70% dei comuni che pubblicano l\u2019elenco \u2013 registriamo la Liguria (87,5%), l&#8217;Emilia-Romagna (84,4%), Puglia (79,8%) e Piemonte (78,2%). Rimandati con percentuale al di sotto del 50% troviamo Basilicata, Calabria, Lazio e Molise. Nello specifico delle singole regioni, val la pena rilevare come anche le 4 regioni ferme a 0 comuni adempienti nel 2022 (Basilicata, Molise, Trentino e Valle d\u2019Aosta), nel 2023 facciano registrare un balzo in avanti.<\/span><\/p>\n<p><span style=\"font-weight: 400;\">Tuttavia, in generale i dati migliorano in tutte le regioni, con punte significative, considerato il peso regionale, per Campania, Piemonte e Liguria. Risale lentamente la Calabria che passa dal 18,8% dello scorso anno al 49,8% di questo. Lo stesso dicasi per la Sicilia, dove, a fronte del 29,9% del 2022, nel 2023 arriva al 56,5%. \u00c8 bene in ogni caso ricordare che tali considerazioni vanno lette con la massima cautela, dato il numero significativo degli immobili confiscati che gli enti locali in queste regioni sono chiamate a gestire. Sono tre le Province assegnatarie di Beni confiscati che non pubblicano l&#8217;elenco: Crotone, Matera e Messina, mentre Calabria e Lazio, tra le regioni monitorate, sono le uniche a non pubblicare nulla.\u00a0<\/span><\/p>\n<p><span style=\"font-weight: 400;\">Un approfondimento \u00e8 stato fatto sulla modalit\u00e0 di pubblicazione dell&#8217;elenco, da cui dipende in maniera sostanziale la qualit\u00e0 dei dati messi a disposizione. Ai fini della ricerca di <\/span><b>Libera <\/b><span style=\"font-weight: 400;\">&#8211; che mira a stimolare la pubblicazione di dati pienamente e compiutamente fruibili e dunque in formato aperto &#8211; sono stati considerati, nella percentuale dei comuni che pubblicano, esclusivamente quelli che lo fanno in formato tabellare. Tutte le altre tipologie di pubblicazione, nella valutazione complessiva, vengono associate alla categoria \u201celenco non presente\u201d. Rispetto alle precedenti edizioni, si azzera il numero dei comuni che utilizzano formati totalmente chiusi mentre aumenta nettamente il numero dei comuni che pubblicano in formato aperto (passando dagli 82 del 2022 ai 238 del 2023) e in formato PDF ricercabile (da 260 del 2022 a 321 del 2023). Di contro, resta alto il numero dei comuni che proseguono nell\u2019utilizzo di un PDF scansionato. Il monitoraggio ha riguardato anche altre informazioni fondamentali sulla vita del bene confiscato: il 6,4% dei comuni non specificano i dati catastali, sono il 4% gli enti che non specificano tipologia, il 6% l&#8217;ubicazione e ben il 30% non specificano la consistenza (informazioni sulla metratura o sugli ettari del bene confiscato).\u00a0<\/span><\/p>\n<p><span style=\"font-weight: 400;\">Tra le varie proposte che <\/span><b>Libera <\/b><span style=\"font-weight: 400;\">avanza per migliorare la trasparenza in ordine alla gestione dei beni confiscati alle mafue, vi \u00e8 quella di consolidare <\/span><b>la pratica del governo aperto<\/b><span style=\"font-weight: 400;\">: \u201c<\/span><i><span style=\"font-weight: 400;\">Garantire trasparenza integrale durante tutto il ciclo di vita dei beni, dalla fase di gestione da parte dell\u2019ANBSC a quella che attiene agli enti territoriali, \u00e8 atto chiave per la loro piena restituzione alla collettivit\u00e0. Essa permette alla societ\u00e0 civile di comprendere cosa stia accadendo sui beni e alle istituzioni di valutare l\u2019impatto di politiche dedicate. \u00c8 quindi indispensabile che ogni ente coinvolto nel processo di restituzione dei dati agisca tempestivamente, in modo completo e prevedendo una effettiva comparabilit\u00e0 tra dataset, a oggi ancora lontana. Tale armonizzazione, di intenti e di forme di pubblicazione, \u00e8 da praticarsi tanto nelle sedi nazionali dedicate alla promozione del governo aperto, come l\u2019Open Government Partnership, quanto da parte di singole realt\u00e0 istituzionali, agendo in dialogo con la cittadinanza diffusa<\/span><\/i><span style=\"font-weight: 400;\">.\u201d\u00a0<\/span><\/p>\n<p><b>Qui<\/b><span style=\"font-weight: 400;\"> per approfondimenti e per scaricare la terza edizione di \u201c<\/span><b>RimanDATI<\/b><span style=\"font-weight: 400;\">\u201d: <\/span><a href=\"https:\/\/www.libera.it\/schede-2438-beni_confiscati_monitoraggio_libera_trasparenza\"><span style=\"font-weight: 400;\">https:\/\/www.libera.it\/schede-2438-beni_confiscati_monitoraggio_libera_trasparenza<\/span><\/a><span style=\"font-weight: 400;\">. <\/span><\/p>\n","protected":false},"excerpt":{"rendered":"<p>Per garantire il riutilizzo sociale dei beni confiscati alle mafie \u00e8 innanzitutto importante farli conoscere, mettendo a disposizione di tutte le cittadine e di tutti i cittadini dati, notizie e informazioni sui patrimoni confiscati: dove si trovano, l&#8217;attuale loro uso,&hellip;<\/p>\n","protected":false},"author":2106,"featured_media":1839949,"comment_status":"closed","ping_status":"closed","sticky":false,"template":"","format":"standard","meta":{"footnotes":""},"categories":[11388,55],"tags":[90784,5434,2846],"class_list":["post-1839948","post","type-post","status-publish","format-standard","has-post-thumbnail","hentry","category-contenuti-originali","category-politica","tag-beni-confiscati-alla-mafia","tag-libera","tag-mafia-it"],"yoast_head":"<!-- This site is optimized with the Yoast SEO plugin v27.1.1 - https:\/\/yoast.com\/product\/yoast-seo-wordpress\/ -->\n<title>Lo stato attuale della trasparenza nella gestione dei beni confiscati alle mafie<\/title>\n<meta name=\"description\" content=\"Per garantire il riutilizzo sociale dei beni confiscati alle mafie \u00e8 innanzitutto importante farli conoscere, mettendo a disposizione di tutte le\" \/>\n<meta name=\"robots\" content=\"index, follow, max-snippet:-1, max-image-preview:large, max-video-preview:-1\" \/>\n<link rel=\"canonical\" href=\"https:\/\/www.pressenza.com\/it\/2024\/04\/lo-stato-attuale-della-trasparenza-nella-gestione-dei-beni-confiscati-alle-mafie\/\" \/>\n<meta property=\"og:locale\" content=\"it_IT\" \/>\n<meta property=\"og:type\" content=\"article\" \/>\n<meta property=\"og:title\" content=\"Lo stato attuale della trasparenza nella gestione dei beni confiscati alle mafie\" \/>\n<meta property=\"og:description\" content=\"Per garantire il riutilizzo sociale dei beni confiscati alle mafie \u00e8 innanzitutto importante farli conoscere, mettendo a disposizione di tutte le\" \/>\n<meta property=\"og:url\" content=\"https:\/\/www.pressenza.com\/it\/2024\/04\/lo-stato-attuale-della-trasparenza-nella-gestione-dei-beni-confiscati-alle-mafie\/\" \/>\n<meta property=\"og:site_name\" content=\"Pressenza\" \/>\n<meta property=\"article:publisher\" content=\"https:\/\/www.facebook.com\/PressenzaItalia\" \/>\n<meta property=\"article:published_time\" content=\"2024-04-21T17:44:06+00:00\" \/>\n<meta property=\"og:image\" content=\"https:\/\/www.pressenza.com\/wp-content\/uploads\/2024\/04\/Foto-di-Libera-beni-confiscali-alle-mafie-cascina-arzilla-volvera-torino.jpg\" \/>\n\t<meta property=\"og:image:width\" content=\"1200\" \/>\n\t<meta property=\"og:image:height\" content=\"800\" \/>\n\t<meta property=\"og:image:type\" content=\"image\/jpeg\" \/>\n<meta name=\"author\" content=\"Giovanni Caprio\" \/>\n<meta name=\"twitter:card\" content=\"summary_large_image\" \/>\n<meta name=\"twitter:creator\" content=\"@PressenzaIPA\" \/>\n<meta name=\"twitter:site\" content=\"@PressenzaIPA\" \/>\n<meta name=\"twitter:label1\" content=\"Scritto da\" \/>\n\t<meta name=\"twitter:data1\" content=\"Giovanni Caprio\" \/>\n\t<meta name=\"twitter:label2\" content=\"Tempo di lettura stimato\" \/>\n\t<meta name=\"twitter:data2\" content=\"5 minuti\" \/>\n<script type=\"application\/ld+json\" class=\"yoast-schema-graph\">{\"@context\":\"https:\/\/schema.org\",\"@graph\":[{\"@type\":\"Article\",\"@id\":\"https:\/\/www.pressenza.com\/it\/2024\/04\/lo-stato-attuale-della-trasparenza-nella-gestione-dei-beni-confiscati-alle-mafie\/#article\",\"isPartOf\":{\"@id\":\"https:\/\/www.pressenza.com\/it\/2024\/04\/lo-stato-attuale-della-trasparenza-nella-gestione-dei-beni-confiscati-alle-mafie\/\"},\"author\":{\"name\":\"Giovanni Caprio\",\"@id\":\"https:\/\/www.pressenza.com\/it\/#\/schema\/person\/841c36a613f4f6e80f5fbc9c1f8c32c8\"},\"headline\":\"Lo stato attuale della trasparenza nella gestione dei beni confiscati alle mafie\",\"datePublished\":\"2024-04-21T17:44:06+00:00\",\"mainEntityOfPage\":{\"@id\":\"https:\/\/www.pressenza.com\/it\/2024\/04\/lo-stato-attuale-della-trasparenza-nella-gestione-dei-beni-confiscati-alle-mafie\/\"},\"wordCount\":891,\"publisher\":{\"@id\":\"https:\/\/www.pressenza.com\/it\/#organization\"},\"image\":{\"@id\":\"https:\/\/www.pressenza.com\/it\/2024\/04\/lo-stato-attuale-della-trasparenza-nella-gestione-dei-beni-confiscati-alle-mafie\/#primaryimage\"},\"thumbnailUrl\":\"https:\/\/www.pressenza.com\/wp-content\/uploads\/2024\/04\/Foto-di-Libera-beni-confiscali-alle-mafie-cascina-arzilla-volvera-torino.jpg\",\"keywords\":[\"beni confiscati alla mafia\",\"Libera\",\"mafia\"],\"articleSection\":[\"contenuti originali\",\"Politica\"],\"inLanguage\":\"it-IT\"},{\"@type\":\"WebPage\",\"@id\":\"https:\/\/www.pressenza.com\/it\/2024\/04\/lo-stato-attuale-della-trasparenza-nella-gestione-dei-beni-confiscati-alle-mafie\/\",\"url\":\"https:\/\/www.pressenza.com\/it\/2024\/04\/lo-stato-attuale-della-trasparenza-nella-gestione-dei-beni-confiscati-alle-mafie\/\",\"name\":\"Lo stato attuale della trasparenza nella gestione dei beni confiscati alle mafie\",\"isPartOf\":{\"@id\":\"https:\/\/www.pressenza.com\/it\/#website\"},\"primaryImageOfPage\":{\"@id\":\"https:\/\/www.pressenza.com\/it\/2024\/04\/lo-stato-attuale-della-trasparenza-nella-gestione-dei-beni-confiscati-alle-mafie\/#primaryimage\"},\"image\":{\"@id\":\"https:\/\/www.pressenza.com\/it\/2024\/04\/lo-stato-attuale-della-trasparenza-nella-gestione-dei-beni-confiscati-alle-mafie\/#primaryimage\"},\"thumbnailUrl\":\"https:\/\/www.pressenza.com\/wp-content\/uploads\/2024\/04\/Foto-di-Libera-beni-confiscali-alle-mafie-cascina-arzilla-volvera-torino.jpg\",\"datePublished\":\"2024-04-21T17:44:06+00:00\",\"description\":\"Per garantire il riutilizzo sociale dei beni confiscati alle mafie \u00e8 innanzitutto importante farli conoscere, mettendo a disposizione di tutte le\",\"breadcrumb\":{\"@id\":\"https:\/\/www.pressenza.com\/it\/2024\/04\/lo-stato-attuale-della-trasparenza-nella-gestione-dei-beni-confiscati-alle-mafie\/#breadcrumb\"},\"inLanguage\":\"it-IT\",\"potentialAction\":[{\"@type\":\"ReadAction\",\"target\":[\"https:\/\/www.pressenza.com\/it\/2024\/04\/lo-stato-attuale-della-trasparenza-nella-gestione-dei-beni-confiscati-alle-mafie\/\"]}]},{\"@type\":\"ImageObject\",\"inLanguage\":\"it-IT\",\"@id\":\"https:\/\/www.pressenza.com\/it\/2024\/04\/lo-stato-attuale-della-trasparenza-nella-gestione-dei-beni-confiscati-alle-mafie\/#primaryimage\",\"url\":\"https:\/\/www.pressenza.com\/wp-content\/uploads\/2024\/04\/Foto-di-Libera-beni-confiscali-alle-mafie-cascina-arzilla-volvera-torino.jpg\",\"contentUrl\":\"https:\/\/www.pressenza.com\/wp-content\/uploads\/2024\/04\/Foto-di-Libera-beni-confiscali-alle-mafie-cascina-arzilla-volvera-torino.jpg\",\"width\":1200,\"height\":800},{\"@type\":\"BreadcrumbList\",\"@id\":\"https:\/\/www.pressenza.com\/it\/2024\/04\/lo-stato-attuale-della-trasparenza-nella-gestione-dei-beni-confiscati-alle-mafie\/#breadcrumb\",\"itemListElement\":[{\"@type\":\"ListItem\",\"position\":1,\"name\":\"Accueil\",\"item\":\"https:\/\/www.pressenza.com\/it\/\"},{\"@type\":\"ListItem\",\"position\":2,\"name\":\"Lo stato attuale della trasparenza nella gestione dei beni confiscati alle mafie\"}]},{\"@type\":\"WebSite\",\"@id\":\"https:\/\/www.pressenza.com\/it\/#website\",\"url\":\"https:\/\/www.pressenza.com\/it\/\",\"name\":\"Pressenza\",\"description\":\"Agenzia di Stampa Internazionale\",\"publisher\":{\"@id\":\"https:\/\/www.pressenza.com\/it\/#organization\"},\"potentialAction\":[{\"@type\":\"SearchAction\",\"target\":{\"@type\":\"EntryPoint\",\"urlTemplate\":\"https:\/\/www.pressenza.com\/it\/?s={search_term_string}\"},\"query-input\":{\"@type\":\"PropertyValueSpecification\",\"valueRequired\":true,\"valueName\":\"search_term_string\"}}],\"inLanguage\":\"it-IT\"},{\"@type\":\"Organization\",\"@id\":\"https:\/\/www.pressenza.com\/it\/#organization\",\"name\":\"Pressenza\",\"url\":\"https:\/\/www.pressenza.com\/it\/\",\"logo\":{\"@type\":\"ImageObject\",\"inLanguage\":\"it-IT\",\"@id\":\"https:\/\/www.pressenza.com\/it\/#\/schema\/logo\/image\/\",\"url\":\"https:\/\/www.pressenza.com\/wp-content\/uploads\/2022\/10\/pressenza_logo_200x200.jpg\",\"contentUrl\":\"https:\/\/www.pressenza.com\/wp-content\/uploads\/2022\/10\/pressenza_logo_200x200.jpg\",\"width\":200,\"height\":200,\"caption\":\"Pressenza\"},\"image\":{\"@id\":\"https:\/\/www.pressenza.com\/it\/#\/schema\/logo\/image\/\"},\"sameAs\":[\"https:\/\/www.facebook.com\/PressenzaItalia\",\"https:\/\/x.com\/PressenzaIPA\"]},{\"@type\":\"Person\",\"@id\":\"https:\/\/www.pressenza.com\/it\/#\/schema\/person\/841c36a613f4f6e80f5fbc9c1f8c32c8\",\"name\":\"Giovanni Caprio\",\"description\":\"Pubblicista, gi\u00e0 dirigente di istituzioni pubbliche e di fondazioni private. Si occupa di beni comuni, partecipazione e governo del territorio.\",\"url\":\"https:\/\/www.pressenza.com\/it\/author\/giovanni-caprio\/\"}]}<\/script>\n<!-- \/ Yoast SEO plugin. -->","yoast_head_json":{"title":"Lo stato attuale della trasparenza nella gestione dei beni confiscati alle mafie","description":"Per garantire il riutilizzo sociale dei beni confiscati alle mafie \u00e8 innanzitutto importante farli conoscere, mettendo a disposizione di tutte le","robots":{"index":"index","follow":"follow","max-snippet":"max-snippet:-1","max-image-preview":"max-image-preview:large","max-video-preview":"max-video-preview:-1"},"canonical":"https:\/\/www.pressenza.com\/it\/2024\/04\/lo-stato-attuale-della-trasparenza-nella-gestione-dei-beni-confiscati-alle-mafie\/","og_locale":"it_IT","og_type":"article","og_title":"Lo stato attuale della trasparenza nella gestione dei beni confiscati alle mafie","og_description":"Per garantire il riutilizzo sociale dei beni confiscati alle mafie \u00e8 innanzitutto importante farli conoscere, mettendo a disposizione di tutte le","og_url":"https:\/\/www.pressenza.com\/it\/2024\/04\/lo-stato-attuale-della-trasparenza-nella-gestione-dei-beni-confiscati-alle-mafie\/","og_site_name":"Pressenza","article_publisher":"https:\/\/www.facebook.com\/PressenzaItalia","article_published_time":"2024-04-21T17:44:06+00:00","og_image":[{"width":1200,"height":800,"url":"https:\/\/www.pressenza.com\/wp-content\/uploads\/2024\/04\/Foto-di-Libera-beni-confiscali-alle-mafie-cascina-arzilla-volvera-torino.jpg","type":"image\/jpeg"}],"author":"Giovanni Caprio","twitter_card":"summary_large_image","twitter_creator":"@PressenzaIPA","twitter_site":"@PressenzaIPA","twitter_misc":{"Scritto da":"Giovanni Caprio","Tempo di lettura stimato":"5 minuti"},"schema":{"@context":"https:\/\/schema.org","@graph":[{"@type":"Article","@id":"https:\/\/www.pressenza.com\/it\/2024\/04\/lo-stato-attuale-della-trasparenza-nella-gestione-dei-beni-confiscati-alle-mafie\/#article","isPartOf":{"@id":"https:\/\/www.pressenza.com\/it\/2024\/04\/lo-stato-attuale-della-trasparenza-nella-gestione-dei-beni-confiscati-alle-mafie\/"},"author":{"name":"Giovanni Caprio","@id":"https:\/\/www.pressenza.com\/it\/#\/schema\/person\/841c36a613f4f6e80f5fbc9c1f8c32c8"},"headline":"Lo stato attuale della trasparenza nella gestione dei beni confiscati alle mafie","datePublished":"2024-04-21T17:44:06+00:00","mainEntityOfPage":{"@id":"https:\/\/www.pressenza.com\/it\/2024\/04\/lo-stato-attuale-della-trasparenza-nella-gestione-dei-beni-confiscati-alle-mafie\/"},"wordCount":891,"publisher":{"@id":"https:\/\/www.pressenza.com\/it\/#organization"},"image":{"@id":"https:\/\/www.pressenza.com\/it\/2024\/04\/lo-stato-attuale-della-trasparenza-nella-gestione-dei-beni-confiscati-alle-mafie\/#primaryimage"},"thumbnailUrl":"https:\/\/www.pressenza.com\/wp-content\/uploads\/2024\/04\/Foto-di-Libera-beni-confiscali-alle-mafie-cascina-arzilla-volvera-torino.jpg","keywords":["beni confiscati alla mafia","Libera","mafia"],"articleSection":["contenuti originali","Politica"],"inLanguage":"it-IT"},{"@type":"WebPage","@id":"https:\/\/www.pressenza.com\/it\/2024\/04\/lo-stato-attuale-della-trasparenza-nella-gestione-dei-beni-confiscati-alle-mafie\/","url":"https:\/\/www.pressenza.com\/it\/2024\/04\/lo-stato-attuale-della-trasparenza-nella-gestione-dei-beni-confiscati-alle-mafie\/","name":"Lo stato attuale della trasparenza nella gestione dei beni confiscati alle mafie","isPartOf":{"@id":"https:\/\/www.pressenza.com\/it\/#website"},"primaryImageOfPage":{"@id":"https:\/\/www.pressenza.com\/it\/2024\/04\/lo-stato-attuale-della-trasparenza-nella-gestione-dei-beni-confiscati-alle-mafie\/#primaryimage"},"image":{"@id":"https:\/\/www.pressenza.com\/it\/2024\/04\/lo-stato-attuale-della-trasparenza-nella-gestione-dei-beni-confiscati-alle-mafie\/#primaryimage"},"thumbnailUrl":"https:\/\/www.pressenza.com\/wp-content\/uploads\/2024\/04\/Foto-di-Libera-beni-confiscali-alle-mafie-cascina-arzilla-volvera-torino.jpg","datePublished":"2024-04-21T17:44:06+00:00","description":"Per garantire il riutilizzo sociale dei beni confiscati alle mafie \u00e8 innanzitutto importante farli conoscere, mettendo a disposizione di tutte le","breadcrumb":{"@id":"https:\/\/www.pressenza.com\/it\/2024\/04\/lo-stato-attuale-della-trasparenza-nella-gestione-dei-beni-confiscati-alle-mafie\/#breadcrumb"},"inLanguage":"it-IT","potentialAction":[{"@type":"ReadAction","target":["https:\/\/www.pressenza.com\/it\/2024\/04\/lo-stato-attuale-della-trasparenza-nella-gestione-dei-beni-confiscati-alle-mafie\/"]}]},{"@type":"ImageObject","inLanguage":"it-IT","@id":"https:\/\/www.pressenza.com\/it\/2024\/04\/lo-stato-attuale-della-trasparenza-nella-gestione-dei-beni-confiscati-alle-mafie\/#primaryimage","url":"https:\/\/www.pressenza.com\/wp-content\/uploads\/2024\/04\/Foto-di-Libera-beni-confiscali-alle-mafie-cascina-arzilla-volvera-torino.jpg","contentUrl":"https:\/\/www.pressenza.com\/wp-content\/uploads\/2024\/04\/Foto-di-Libera-beni-confiscali-alle-mafie-cascina-arzilla-volvera-torino.jpg","width":1200,"height":800},{"@type":"BreadcrumbList","@id":"https:\/\/www.pressenza.com\/it\/2024\/04\/lo-stato-attuale-della-trasparenza-nella-gestione-dei-beni-confiscati-alle-mafie\/#breadcrumb","itemListElement":[{"@type":"ListItem","position":1,"name":"Accueil","item":"https:\/\/www.pressenza.com\/it\/"},{"@type":"ListItem","position":2,"name":"Lo stato attuale della trasparenza nella gestione dei beni confiscati alle mafie"}]},{"@type":"WebSite","@id":"https:\/\/www.pressenza.com\/it\/#website","url":"https:\/\/www.pressenza.com\/it\/","name":"Pressenza","description":"Agenzia di Stampa Internazionale","publisher":{"@id":"https:\/\/www.pressenza.com\/it\/#organization"},"potentialAction":[{"@type":"SearchAction","target":{"@type":"EntryPoint","urlTemplate":"https:\/\/www.pressenza.com\/it\/?s={search_term_string}"},"query-input":{"@type":"PropertyValueSpecification","valueRequired":true,"valueName":"search_term_string"}}],"inLanguage":"it-IT"},{"@type":"Organization","@id":"https:\/\/www.pressenza.com\/it\/#organization","name":"Pressenza","url":"https:\/\/www.pressenza.com\/it\/","logo":{"@type":"ImageObject","inLanguage":"it-IT","@id":"https:\/\/www.pressenza.com\/it\/#\/schema\/logo\/image\/","url":"https:\/\/www.pressenza.com\/wp-content\/uploads\/2022\/10\/pressenza_logo_200x200.jpg","contentUrl":"https:\/\/www.pressenza.com\/wp-content\/uploads\/2022\/10\/pressenza_logo_200x200.jpg","width":200,"height":200,"caption":"Pressenza"},"image":{"@id":"https:\/\/www.pressenza.com\/it\/#\/schema\/logo\/image\/"},"sameAs":["https:\/\/www.facebook.com\/PressenzaItalia","https:\/\/x.com\/PressenzaIPA"]},{"@type":"Person","@id":"https:\/\/www.pressenza.com\/it\/#\/schema\/person\/841c36a613f4f6e80f5fbc9c1f8c32c8","name":"Giovanni Caprio","description":"Pubblicista, gi\u00e0 dirigente di istituzioni pubbliche e di fondazioni private. Si occupa di beni comuni, partecipazione e governo del territorio.","url":"https:\/\/www.pressenza.com\/it\/author\/giovanni-caprio\/"}]}},"place":"","original_article_url":"","_links":{"self":[{"href":"https:\/\/www.pressenza.com\/it\/wp-json\/wp\/v2\/posts\/1839948","targetHints":{"allow":["GET"]}}],"collection":[{"href":"https:\/\/www.pressenza.com\/it\/wp-json\/wp\/v2\/posts"}],"about":[{"href":"https:\/\/www.pressenza.com\/it\/wp-json\/wp\/v2\/types\/post"}],"author":[{"embeddable":true,"href":"https:\/\/www.pressenza.com\/it\/wp-json\/wp\/v2\/users\/2106"}],"replies":[{"embeddable":true,"href":"https:\/\/www.pressenza.com\/it\/wp-json\/wp\/v2\/comments?post=1839948"}],"version-history":[{"count":0,"href":"https:\/\/www.pressenza.com\/it\/wp-json\/wp\/v2\/posts\/1839948\/revisions"}],"wp:featuredmedia":[{"embeddable":true,"href":"https:\/\/www.pressenza.com\/it\/wp-json\/wp\/v2\/media\/1839949"}],"wp:attachment":[{"href":"https:\/\/www.pressenza.com\/it\/wp-json\/wp\/v2\/media?parent=1839948"}],"wp:term":[{"taxonomy":"category","embeddable":true,"href":"https:\/\/www.pressenza.com\/it\/wp-json\/wp\/v2\/categories?post=1839948"},{"taxonomy":"post_tag","embeddable":true,"href":"https:\/\/www.pressenza.com\/it\/wp-json\/wp\/v2\/tags?post=1839948"}],"curies":[{"name":"wp","href":"https:\/\/api.w.org\/{rel}","templated":true}]}}