{"id":1839791,"date":"2024-04-20T20:08:57","date_gmt":"2024-04-20T19:08:57","guid":{"rendered":"https:\/\/www.pressenza.com\/?p=1839791"},"modified":"2024-04-20T20:42:14","modified_gmt":"2024-04-20T19:42:14","slug":"1839791","status":"publish","type":"post","link":"https:\/\/www.pressenza.com\/it\/2024\/04\/1839791\/","title":{"rendered":"Una falsa primavera"},"content":{"rendered":"<p><em>Ecco il testo integrale del monologo di Antonio Scurati sul 25 aprile che lo scrittore avrebbe dovuto recitare a \u201cChe sar\u00e0\u201d, censurato dalla Rai ma letto ugualmente dalla conduttrice Serena Bortone e riportato anche da Gramellini su La7.<\/em><\/p>\n<p>\u00abGiacomo Matteotti fu assassinato da sicari fascisti il 10 di giugno del 1924.<br \/>\nLo attesero sotto casa in cinque, tutti squadristi venuti da Milano, professionisti della violenza assoldati dai pi\u00f9 stretti collaboratori di Benito Mussolini.<\/p>\n<p>L\u2019onorevole Matteotti, il segretario del Partito Socialista Unitario, l\u2019ultimo che in Parlamento ancora si opponeva a viso aperto alla dittatura fascista, fu sequestrato in pieno centro di Roma, in pieno giorno, alla luce del sole. Si batt\u00e9 fino all\u2019ultimo, come lottato aveva per tutta la vita. Lo pugnalarono a morte, poi ne scempiarono il cadavere. Lo piegarono su se stesso per poterlo ficcare dentro una fossa scavata malamente con una lima da fabbro.<br \/>\nMussolini fu immediatamente informato. Oltre che del delitto, si macchi\u00f2 dell\u2019infamia di giurare alla vedova che avrebbe fatto tutto il possibile per riportarle il marito. Mentre giurava, il Duce del fascismo teneva i documenti insanguinati della vittima nel cassetto della sua scrivania.<\/p>\n<p>In questa nostra falsa primavera, per\u00f2, non si commemora soltanto l\u2019omicidio politico di Matteotti; si commemorano anche le stragi nazifasciste perpetrate dalle SS tedesche, con la complicit\u00e0 e la collaborazione dei fascisti italiani, nel 1944.<br \/>\nFosse Ardeatine, Sant\u2019Anna di Stazzema, Marzabotto. Sono soltanto alcuni dei luoghi nei quali i demoniaci alleati di Mussolini massacrarono a sangue freddo migliaia di inermi civili italiani. Tra di essi centinaia di bambini e perfino di infanti. Molti furono addirittura arsi vivi, alcuni decapitati.<\/p>\n<p>Queste due concomitanti ricorrenze luttuose \u2013 primavera del \u201924, primavera del \u201944 \u2013 proclamano che il fascismo \u00e8 stato lungo tutta la sua esistenza storica \u2013 non soltanto alla fine o occasionalmente \u2013 un irredimibile fenomeno di sistematica violenza politica omicida e stragista.<\/p>\n<p>Lo riconosceranno, una buona volta, gli eredi di quella storia?<br \/>\nTutto, purtroppo, lascia pensare che non sar\u00e0 cos\u00ec. Il gruppo dirigente post-fascista, vinte le elezioni nell\u2019ottobre del 2022, aveva davanti a s\u00e9 due strade: ripudiare il suo passato neo-fascista oppure cercare di riscrivere la storia. Ha indubbiamente imboccato la seconda via.<\/p>\n<p>Dopo aver evitato l\u2019argomento in campagna elettorale, la Presidente del Consiglio, quando costretta ad affrontarlo dagli anniversari storici, si \u00e8 pervicacemente attenuta alla linea ideologica della sua cultura neofascista di provenienza: ha preso le distanze dalle efferatezze indifendibili perpetrate dal regime (la persecuzione degli ebrei) senza mai ripudiare nel suo insieme l\u2019esperienza fascista, ha scaricato sui soli nazisti le stragi compiute con la complicit\u00e0 dei fascisti repubblichini, infine ha disconosciuto il ruolo fondamentale della Resistenza nella rinascita italiana (fino al punto di non nominare mai la parola \u201cantifascismo\u201d in occasione del 25 aprile 2023).<\/p>\n<p>Mentre vi parlo, siamo di nuovo alla vigilia dell\u2019anniversario della Liberazione dal nazifascismo. La parola che la Presidente del Consiglio si rifiut\u00f2 di pronunciare palpiter\u00e0 ancora sulle labbra riconoscenti di tutti i sinceri democratici, siano essi di sinistra, di centro o di destra.<br \/>\nFinch\u00e9 quella parola, Antifascismo, non sar\u00e0 pronunciata da chi ci governa, lo spettro del fascismo continuer\u00e0 a infestare la casa della democrazia italiana.\u00bb<\/p>\n","protected":false},"excerpt":{"rendered":"<p>Ecco il testo integrale del monologo di Antonio Scurati sul 25 aprile che lo scrittore avrebbe dovuto recitare a \u201cChe sar\u00e0\u201d, censurato dalla Rai ma letto ugualmente dalla conduttrice Serena Bortone e riportato anche da Gramellini su La7. \u00abGiacomo Matteotti&hellip;<\/p>\n","protected":false},"author":594,"featured_media":1839795,"comment_status":"closed","ping_status":"closed","sticky":false,"template":"","format":"standard","meta":{"footnotes":""},"categories":[56,55],"tags":[3467,1104,11415,10813,4670,4000],"class_list":["post-1839791","post","type-post","status-publish","format-standard","has-post-thumbnail","hentry","category-cultura","category-politica","tag-antifascismo","tag-censura-it","tag-controinformazione","tag-giacomo-matteotti","tag-liberazione","tag-resistenza"],"yoast_head":"<!-- This site is optimized with the Yoast SEO plugin v27.1.1 - https:\/\/yoast.com\/product\/yoast-seo-wordpress\/ -->\n<title>Una falsa primavera<\/title>\n<meta name=\"description\" content=\"Ecco il testo integrale del monologo di Antonio Scurati sul 25 aprile che lo scrittore avrebbe dovuto recitare a \u201cChe sar\u00e0\u201d, censurato dalla Rai ma letto\" \/>\n<meta name=\"robots\" content=\"index, follow, max-snippet:-1, max-image-preview:large, max-video-preview:-1\" \/>\n<link rel=\"canonical\" href=\"https:\/\/www.pressenza.com\/it\/2024\/04\/1839791\/\" \/>\n<meta property=\"og:locale\" content=\"it_IT\" \/>\n<meta property=\"og:type\" content=\"article\" \/>\n<meta property=\"og:title\" content=\"Una falsa primavera\" \/>\n<meta property=\"og:description\" content=\"Ecco il testo integrale del monologo di Antonio Scurati sul 25 aprile che lo scrittore avrebbe dovuto recitare a \u201cChe sar\u00e0\u201d, censurato dalla Rai ma letto\" \/>\n<meta property=\"og:url\" content=\"https:\/\/www.pressenza.com\/it\/2024\/04\/1839791\/\" \/>\n<meta property=\"og:site_name\" content=\"Pressenza\" \/>\n<meta property=\"article:publisher\" content=\"https:\/\/www.facebook.com\/PressenzaItalia\" \/>\n<meta property=\"article:author\" content=\"https:\/\/www.facebook.com\/PressenzaItalia\" \/>\n<meta property=\"article:published_time\" content=\"2024-04-20T19:08:57+00:00\" \/>\n<meta property=\"article:modified_time\" content=\"2024-04-20T19:42:14+00:00\" \/>\n<meta property=\"og:image\" content=\"https:\/\/www.pressenza.com\/wp-content\/uploads\/2024\/04\/matteotti.jpeg\" \/>\n\t<meta property=\"og:image:width\" content=\"283\" \/>\n\t<meta property=\"og:image:height\" content=\"412\" \/>\n\t<meta property=\"og:image:type\" content=\"image\/jpeg\" \/>\n<meta name=\"author\" content=\"Redazione Italia\" \/>\n<meta name=\"twitter:card\" content=\"summary_large_image\" \/>\n<meta name=\"twitter:creator\" content=\"@pressenza_it\" \/>\n<meta name=\"twitter:site\" content=\"@PressenzaIPA\" \/>\n<meta name=\"twitter:label1\" content=\"Scritto da\" \/>\n\t<meta name=\"twitter:data1\" content=\"Redazione Italia\" \/>\n\t<meta name=\"twitter:label2\" content=\"Tempo di lettura stimato\" \/>\n\t<meta name=\"twitter:data2\" content=\"3 minuti\" \/>\n<script type=\"application\/ld+json\" class=\"yoast-schema-graph\">{\"@context\":\"https:\/\/schema.org\",\"@graph\":[{\"@type\":\"Article\",\"@id\":\"https:\/\/www.pressenza.com\/it\/2024\/04\/1839791\/#article\",\"isPartOf\":{\"@id\":\"https:\/\/www.pressenza.com\/it\/2024\/04\/1839791\/\"},\"author\":{\"name\":\"Redazione Italia\",\"@id\":\"https:\/\/www.pressenza.com\/it\/#\/schema\/person\/d983e81827ae24f2c7b1a2123d197f8d\"},\"headline\":\"Una falsa primavera\",\"datePublished\":\"2024-04-20T19:08:57+00:00\",\"dateModified\":\"2024-04-20T19:42:14+00:00\",\"mainEntityOfPage\":{\"@id\":\"https:\/\/www.pressenza.com\/it\/2024\/04\/1839791\/\"},\"wordCount\":519,\"publisher\":{\"@id\":\"https:\/\/www.pressenza.com\/it\/#organization\"},\"image\":{\"@id\":\"https:\/\/www.pressenza.com\/it\/2024\/04\/1839791\/#primaryimage\"},\"thumbnailUrl\":\"https:\/\/www.pressenza.com\/wp-content\/uploads\/2024\/04\/matteotti.jpeg\",\"keywords\":[\"antifascismo\",\"censura\",\"controinformazione\",\"Giacomo Matteotti\",\"Liberazione\",\"Resistenza\"],\"articleSection\":[\"Cultura e Media\",\"Politica\"],\"inLanguage\":\"it-IT\"},{\"@type\":\"WebPage\",\"@id\":\"https:\/\/www.pressenza.com\/it\/2024\/04\/1839791\/\",\"url\":\"https:\/\/www.pressenza.com\/it\/2024\/04\/1839791\/\",\"name\":\"Una falsa primavera\",\"isPartOf\":{\"@id\":\"https:\/\/www.pressenza.com\/it\/#website\"},\"primaryImageOfPage\":{\"@id\":\"https:\/\/www.pressenza.com\/it\/2024\/04\/1839791\/#primaryimage\"},\"image\":{\"@id\":\"https:\/\/www.pressenza.com\/it\/2024\/04\/1839791\/#primaryimage\"},\"thumbnailUrl\":\"https:\/\/www.pressenza.com\/wp-content\/uploads\/2024\/04\/matteotti.jpeg\",\"datePublished\":\"2024-04-20T19:08:57+00:00\",\"dateModified\":\"2024-04-20T19:42:14+00:00\",\"description\":\"Ecco il testo integrale del monologo di Antonio Scurati sul 25 aprile che lo scrittore avrebbe dovuto recitare a \u201cChe sar\u00e0\u201d, censurato dalla Rai ma letto\",\"breadcrumb\":{\"@id\":\"https:\/\/www.pressenza.com\/it\/2024\/04\/1839791\/#breadcrumb\"},\"inLanguage\":\"it-IT\",\"potentialAction\":[{\"@type\":\"ReadAction\",\"target\":[\"https:\/\/www.pressenza.com\/it\/2024\/04\/1839791\/\"]}]},{\"@type\":\"ImageObject\",\"inLanguage\":\"it-IT\",\"@id\":\"https:\/\/www.pressenza.com\/it\/2024\/04\/1839791\/#primaryimage\",\"url\":\"https:\/\/www.pressenza.com\/wp-content\/uploads\/2024\/04\/matteotti.jpeg\",\"contentUrl\":\"https:\/\/www.pressenza.com\/wp-content\/uploads\/2024\/04\/matteotti.jpeg\",\"width\":283,\"height\":412},{\"@type\":\"BreadcrumbList\",\"@id\":\"https:\/\/www.pressenza.com\/it\/2024\/04\/1839791\/#breadcrumb\",\"itemListElement\":[{\"@type\":\"ListItem\",\"position\":1,\"name\":\"Accueil\",\"item\":\"https:\/\/www.pressenza.com\/it\/\"},{\"@type\":\"ListItem\",\"position\":2,\"name\":\"Una falsa primavera\"}]},{\"@type\":\"WebSite\",\"@id\":\"https:\/\/www.pressenza.com\/it\/#website\",\"url\":\"https:\/\/www.pressenza.com\/it\/\",\"name\":\"Pressenza\",\"description\":\"Agenzia di Stampa Internazionale\",\"publisher\":{\"@id\":\"https:\/\/www.pressenza.com\/it\/#organization\"},\"potentialAction\":[{\"@type\":\"SearchAction\",\"target\":{\"@type\":\"EntryPoint\",\"urlTemplate\":\"https:\/\/www.pressenza.com\/it\/?s={search_term_string}\"},\"query-input\":{\"@type\":\"PropertyValueSpecification\",\"valueRequired\":true,\"valueName\":\"search_term_string\"}}],\"inLanguage\":\"it-IT\"},{\"@type\":\"Organization\",\"@id\":\"https:\/\/www.pressenza.com\/it\/#organization\",\"name\":\"Pressenza\",\"url\":\"https:\/\/www.pressenza.com\/it\/\",\"logo\":{\"@type\":\"ImageObject\",\"inLanguage\":\"it-IT\",\"@id\":\"https:\/\/www.pressenza.com\/it\/#\/schema\/logo\/image\/\",\"url\":\"https:\/\/www.pressenza.com\/wp-content\/uploads\/2022\/10\/pressenza_logo_200x200.jpg\",\"contentUrl\":\"https:\/\/www.pressenza.com\/wp-content\/uploads\/2022\/10\/pressenza_logo_200x200.jpg\",\"width\":200,\"height\":200,\"caption\":\"Pressenza\"},\"image\":{\"@id\":\"https:\/\/www.pressenza.com\/it\/#\/schema\/logo\/image\/\"},\"sameAs\":[\"https:\/\/www.facebook.com\/PressenzaItalia\",\"https:\/\/x.com\/PressenzaIPA\"]},{\"@type\":\"Person\",\"@id\":\"https:\/\/www.pressenza.com\/it\/#\/schema\/person\/d983e81827ae24f2c7b1a2123d197f8d\",\"name\":\"Redazione Italia\",\"description\":\"News from the Pressenza Bureau in Italy\",\"sameAs\":[\"https:\/\/www.pressenza.com\/it\/author\/redazione-italia\/\",\"https:\/\/www.facebook.com\/PressenzaItalia\",\"https:\/\/www.instagram.com\/pressenza_italia\/\",\"https:\/\/x.com\/pressenza_it\",\"https:\/\/www.youtube.com\/channel\/UCSalEIWjE1RSxkwjfftFuqg\"],\"url\":\"https:\/\/www.pressenza.com\/it\/author\/redazione-italia\/\"}]}<\/script>\n<!-- \/ Yoast SEO plugin. -->","yoast_head_json":{"title":"Una falsa primavera","description":"Ecco il testo integrale del monologo di Antonio Scurati sul 25 aprile che lo scrittore avrebbe dovuto recitare a \u201cChe sar\u00e0\u201d, censurato dalla Rai ma letto","robots":{"index":"index","follow":"follow","max-snippet":"max-snippet:-1","max-image-preview":"max-image-preview:large","max-video-preview":"max-video-preview:-1"},"canonical":"https:\/\/www.pressenza.com\/it\/2024\/04\/1839791\/","og_locale":"it_IT","og_type":"article","og_title":"Una falsa primavera","og_description":"Ecco il testo integrale del monologo di Antonio Scurati sul 25 aprile che lo scrittore avrebbe dovuto recitare a \u201cChe sar\u00e0\u201d, censurato dalla Rai ma letto","og_url":"https:\/\/www.pressenza.com\/it\/2024\/04\/1839791\/","og_site_name":"Pressenza","article_publisher":"https:\/\/www.facebook.com\/PressenzaItalia","article_author":"https:\/\/www.facebook.com\/PressenzaItalia","article_published_time":"2024-04-20T19:08:57+00:00","article_modified_time":"2024-04-20T19:42:14+00:00","og_image":[{"width":283,"height":412,"url":"https:\/\/www.pressenza.com\/wp-content\/uploads\/2024\/04\/matteotti.jpeg","type":"image\/jpeg"}],"author":"Redazione Italia","twitter_card":"summary_large_image","twitter_creator":"@pressenza_it","twitter_site":"@PressenzaIPA","twitter_misc":{"Scritto da":"Redazione Italia","Tempo di lettura stimato":"3 minuti"},"schema":{"@context":"https:\/\/schema.org","@graph":[{"@type":"Article","@id":"https:\/\/www.pressenza.com\/it\/2024\/04\/1839791\/#article","isPartOf":{"@id":"https:\/\/www.pressenza.com\/it\/2024\/04\/1839791\/"},"author":{"name":"Redazione Italia","@id":"https:\/\/www.pressenza.com\/it\/#\/schema\/person\/d983e81827ae24f2c7b1a2123d197f8d"},"headline":"Una falsa primavera","datePublished":"2024-04-20T19:08:57+00:00","dateModified":"2024-04-20T19:42:14+00:00","mainEntityOfPage":{"@id":"https:\/\/www.pressenza.com\/it\/2024\/04\/1839791\/"},"wordCount":519,"publisher":{"@id":"https:\/\/www.pressenza.com\/it\/#organization"},"image":{"@id":"https:\/\/www.pressenza.com\/it\/2024\/04\/1839791\/#primaryimage"},"thumbnailUrl":"https:\/\/www.pressenza.com\/wp-content\/uploads\/2024\/04\/matteotti.jpeg","keywords":["antifascismo","censura","controinformazione","Giacomo Matteotti","Liberazione","Resistenza"],"articleSection":["Cultura e Media","Politica"],"inLanguage":"it-IT"},{"@type":"WebPage","@id":"https:\/\/www.pressenza.com\/it\/2024\/04\/1839791\/","url":"https:\/\/www.pressenza.com\/it\/2024\/04\/1839791\/","name":"Una falsa primavera","isPartOf":{"@id":"https:\/\/www.pressenza.com\/it\/#website"},"primaryImageOfPage":{"@id":"https:\/\/www.pressenza.com\/it\/2024\/04\/1839791\/#primaryimage"},"image":{"@id":"https:\/\/www.pressenza.com\/it\/2024\/04\/1839791\/#primaryimage"},"thumbnailUrl":"https:\/\/www.pressenza.com\/wp-content\/uploads\/2024\/04\/matteotti.jpeg","datePublished":"2024-04-20T19:08:57+00:00","dateModified":"2024-04-20T19:42:14+00:00","description":"Ecco il testo integrale del monologo di Antonio Scurati sul 25 aprile che lo scrittore avrebbe dovuto recitare a \u201cChe sar\u00e0\u201d, censurato dalla Rai ma letto","breadcrumb":{"@id":"https:\/\/www.pressenza.com\/it\/2024\/04\/1839791\/#breadcrumb"},"inLanguage":"it-IT","potentialAction":[{"@type":"ReadAction","target":["https:\/\/www.pressenza.com\/it\/2024\/04\/1839791\/"]}]},{"@type":"ImageObject","inLanguage":"it-IT","@id":"https:\/\/www.pressenza.com\/it\/2024\/04\/1839791\/#primaryimage","url":"https:\/\/www.pressenza.com\/wp-content\/uploads\/2024\/04\/matteotti.jpeg","contentUrl":"https:\/\/www.pressenza.com\/wp-content\/uploads\/2024\/04\/matteotti.jpeg","width":283,"height":412},{"@type":"BreadcrumbList","@id":"https:\/\/www.pressenza.com\/it\/2024\/04\/1839791\/#breadcrumb","itemListElement":[{"@type":"ListItem","position":1,"name":"Accueil","item":"https:\/\/www.pressenza.com\/it\/"},{"@type":"ListItem","position":2,"name":"Una falsa primavera"}]},{"@type":"WebSite","@id":"https:\/\/www.pressenza.com\/it\/#website","url":"https:\/\/www.pressenza.com\/it\/","name":"Pressenza","description":"Agenzia di Stampa Internazionale","publisher":{"@id":"https:\/\/www.pressenza.com\/it\/#organization"},"potentialAction":[{"@type":"SearchAction","target":{"@type":"EntryPoint","urlTemplate":"https:\/\/www.pressenza.com\/it\/?s={search_term_string}"},"query-input":{"@type":"PropertyValueSpecification","valueRequired":true,"valueName":"search_term_string"}}],"inLanguage":"it-IT"},{"@type":"Organization","@id":"https:\/\/www.pressenza.com\/it\/#organization","name":"Pressenza","url":"https:\/\/www.pressenza.com\/it\/","logo":{"@type":"ImageObject","inLanguage":"it-IT","@id":"https:\/\/www.pressenza.com\/it\/#\/schema\/logo\/image\/","url":"https:\/\/www.pressenza.com\/wp-content\/uploads\/2022\/10\/pressenza_logo_200x200.jpg","contentUrl":"https:\/\/www.pressenza.com\/wp-content\/uploads\/2022\/10\/pressenza_logo_200x200.jpg","width":200,"height":200,"caption":"Pressenza"},"image":{"@id":"https:\/\/www.pressenza.com\/it\/#\/schema\/logo\/image\/"},"sameAs":["https:\/\/www.facebook.com\/PressenzaItalia","https:\/\/x.com\/PressenzaIPA"]},{"@type":"Person","@id":"https:\/\/www.pressenza.com\/it\/#\/schema\/person\/d983e81827ae24f2c7b1a2123d197f8d","name":"Redazione Italia","description":"News from the Pressenza Bureau in Italy","sameAs":["https:\/\/www.pressenza.com\/it\/author\/redazione-italia\/","https:\/\/www.facebook.com\/PressenzaItalia","https:\/\/www.instagram.com\/pressenza_italia\/","https:\/\/x.com\/pressenza_it","https:\/\/www.youtube.com\/channel\/UCSalEIWjE1RSxkwjfftFuqg"],"url":"https:\/\/www.pressenza.com\/it\/author\/redazione-italia\/"}]}},"place":"","original_article_url":"","_links":{"self":[{"href":"https:\/\/www.pressenza.com\/it\/wp-json\/wp\/v2\/posts\/1839791","targetHints":{"allow":["GET"]}}],"collection":[{"href":"https:\/\/www.pressenza.com\/it\/wp-json\/wp\/v2\/posts"}],"about":[{"href":"https:\/\/www.pressenza.com\/it\/wp-json\/wp\/v2\/types\/post"}],"author":[{"embeddable":true,"href":"https:\/\/www.pressenza.com\/it\/wp-json\/wp\/v2\/users\/594"}],"replies":[{"embeddable":true,"href":"https:\/\/www.pressenza.com\/it\/wp-json\/wp\/v2\/comments?post=1839791"}],"version-history":[{"count":0,"href":"https:\/\/www.pressenza.com\/it\/wp-json\/wp\/v2\/posts\/1839791\/revisions"}],"wp:featuredmedia":[{"embeddable":true,"href":"https:\/\/www.pressenza.com\/it\/wp-json\/wp\/v2\/media\/1839795"}],"wp:attachment":[{"href":"https:\/\/www.pressenza.com\/it\/wp-json\/wp\/v2\/media?parent=1839791"}],"wp:term":[{"taxonomy":"category","embeddable":true,"href":"https:\/\/www.pressenza.com\/it\/wp-json\/wp\/v2\/categories?post=1839791"},{"taxonomy":"post_tag","embeddable":true,"href":"https:\/\/www.pressenza.com\/it\/wp-json\/wp\/v2\/tags?post=1839791"}],"curies":[{"name":"wp","href":"https:\/\/api.w.org\/{rel}","templated":true}]}}