{"id":1839521,"date":"2024-04-19T19:59:31","date_gmt":"2024-04-19T18:59:31","guid":{"rendered":"https:\/\/www.pressenza.com\/?p=1839521"},"modified":"2024-04-19T20:06:40","modified_gmt":"2024-04-19T19:06:40","slug":"1839521","status":"publish","type":"post","link":"https:\/\/www.pressenza.com\/it\/2024\/04\/1839521\/","title":{"rendered":"Maria Occhipinti, una donna di Ragusa"},"content":{"rendered":"<p>La cornice \u00e8 quella dell&#8217;Istituto Gramsci Siciliano di Palermo che al pubblico numeroso offre sulla parete di fondo la lettura di due parole in rosso: memoria e impegno.<\/p>\n<p>Oggi qui si fa memoria dell&#8217;impegno di una siciliana vissuta nel secolo scorso, Maria Occhipinti, e della rivolta del &#8220;Non si parte&#8221; a Ragusa: uno sprone alla diserzione rivolto da madri sorelle figlie fidanzate ai richiamati sotto le armi alla vigilia della fine del secondo conflitto mondiale.<\/p>\n<p>Per l&#8217;Anpi il saluto \u00e8 di\u00a0 Letizia Colajanni, che si scusa per la voce roca, persa per aver parlato in una scuola senza amplificazione la stessa mattina. Ma niente andr\u00e0 perduto, la sua voce risuoner\u00e0 nei giovani e nelle giovani che l&#8217;hanno invitata a fare memoria della Resistenza.<\/p>\n<p>Per l&#8217;Udi Daniela Dioguardi ci ricorda le altre siciliane e la loro Resistenza, armata e disarmata, e della nostra protagonista legge parole, mai cos\u00ec attuali come adesso, sulla necessit\u00e0 di estirpare alla radice la macchina della guerra.<\/p>\n<p>Poi la voce \u00e8 quella delle due donne sul palco, Francesca Martino, ideatrice della pi\u00e9ce, ed Elena Pistillo, che ne ha curato anche la regia. Parola parlata e parola cantata, con passione, con ironia. Cos\u00ec ci raccontano la verit\u00e0 di una donna e della sua difficolt\u00e0 di essere se stessa nel suo tempo. Come tutte considerata pazza per la sua volont\u00e0 di non omologarsi, come tutte buttata tra le braccia di un uomo ancora bambina.<\/p>\n<p>La bambina cresce e trova le parole per esprimere il proprio dissenso sulle ingiustizie del mondo che mandano per aria le pezze, gli ultimi, le povere donne che non sanno neanche firmare. E lei, che ha fatto fino alla terza e sa leggere, non vuole pi\u00f9 essere una pezza.<br \/>\nMille domande nella testa di Maria. Dove sono tutti? Morti.<br \/>\nCol marito sotto le armi, vende le uova e legge libri. Legge e rilegge delle ingiustizie del mondo.<\/p>\n<p>E continua il racconto della guerra fino all&#8217;illusione breve della pace.<br \/>\nNessun riscatto per il popolo vessato da nuovi padroni, contrabbandieri arricchiti sulla fame di chi chiede il sussidio. E il popolo delle donne alza la voce per quel poco di pane, pasta e farina puzzolente. \u00c8 cos\u00ec Maria: vuole partecipare alle lotte del popolo finch\u00e9 non arriva la cartolina rosa per i figli del popolo. \u00c8 il 4 gennaio del &#8217;45 a Ragusa.<\/p>\n<p>Maria si stende supina davanti alle ruote del carro che porta via gli uomini rastrellati per essere mandati al fronte. \u00c8 incinta di cinque mesi. La ribellione monta e dopo una settimana di latitanza Maria \u00e8 presa e portata in carcere. Perch\u00e9, signora? Perch\u00e9 sono stanca della guerra. Partorir\u00e0 in carcere e l\u00ec rester\u00e0 fino all&#8217;amnistia della Repubblica che ha vinto il Referendum.<br \/>\nEsce dal carcere, Maria, e respira la sua prima libert\u00e0.<br \/>\nE sul canto &#8220;nostra patria\u00a0 \u00e8 il mondo intero&#8221; il pubblico applaude.<\/p>\n","protected":false},"excerpt":{"rendered":"<p>La cornice \u00e8 quella dell&#8217;Istituto Gramsci Siciliano di Palermo che al pubblico numeroso offre sulla parete di fondo la lettura di due parole in rosso: memoria e impegno. Oggi qui si fa memoria dell&#8217;impegno di una siciliana vissuta nel secolo&hellip;<\/p>\n","protected":false},"author":1860,"featured_media":1839525,"comment_status":"closed","ping_status":"closed","sticky":false,"template":"","format":"standard","meta":{"footnotes":""},"categories":[56,54513,1263],"tags":[2982,231,100529,16580],"class_list":["post-1839521","post","type-post","status-publish","format-standard","has-post-thumbnail","hentry","category-cultura","category-genere-e-femminismi","category-pace-disarmo","tag-antimilitarismo","tag-disarmo","tag-diserzione","tag-femminismo"],"yoast_head":"<!-- This site is optimized with the Yoast SEO plugin v27.1.1 - https:\/\/yoast.com\/product\/yoast-seo-wordpress\/ -->\n<title>Maria Occhipinti, una donna di Ragusa<\/title>\n<meta name=\"description\" content=\"La cornice \u00e8 quella dell&#039;Istituto Gramsci Siciliano di Palermo che al pubblico numeroso offre sulla parete di fondo la lettura di due parole in rosso:\" \/>\n<meta name=\"robots\" content=\"index, follow, max-snippet:-1, max-image-preview:large, max-video-preview:-1\" \/>\n<link rel=\"canonical\" href=\"https:\/\/www.pressenza.com\/it\/2024\/04\/1839521\/\" \/>\n<meta property=\"og:locale\" content=\"it_IT\" \/>\n<meta property=\"og:type\" content=\"article\" \/>\n<meta property=\"og:title\" content=\"Maria Occhipinti, una donna di Ragusa\" \/>\n<meta property=\"og:description\" content=\"La cornice \u00e8 quella dell&#039;Istituto Gramsci Siciliano di Palermo che al pubblico numeroso offre sulla parete di fondo la lettura di due parole in rosso:\" \/>\n<meta property=\"og:url\" content=\"https:\/\/www.pressenza.com\/it\/2024\/04\/1839521\/\" \/>\n<meta property=\"og:site_name\" content=\"Pressenza\" \/>\n<meta property=\"article:publisher\" content=\"https:\/\/www.facebook.com\/PressenzaItalia\" \/>\n<meta property=\"article:published_time\" content=\"2024-04-19T18:59:31+00:00\" \/>\n<meta property=\"article:modified_time\" content=\"2024-04-19T19:06:40+00:00\" \/>\n<meta property=\"og:image\" content=\"https:\/\/www.pressenza.com\/wp-content\/uploads\/2024\/04\/maria-occhipinti-1.jpg\" \/>\n\t<meta property=\"og:image:width\" content=\"1600\" \/>\n\t<meta property=\"og:image:height\" content=\"960\" \/>\n\t<meta property=\"og:image:type\" content=\"image\/jpeg\" \/>\n<meta name=\"author\" content=\"Redazione Palermo\" \/>\n<meta name=\"twitter:card\" content=\"summary_large_image\" \/>\n<meta name=\"twitter:creator\" content=\"@PressenzaIPA\" \/>\n<meta name=\"twitter:site\" content=\"@PressenzaIPA\" \/>\n<meta name=\"twitter:label1\" content=\"Scritto da\" \/>\n\t<meta name=\"twitter:data1\" content=\"Redazione Palermo\" \/>\n\t<meta name=\"twitter:label2\" content=\"Tempo di lettura stimato\" \/>\n\t<meta name=\"twitter:data2\" content=\"3 minuti\" \/>\n<script type=\"application\/ld+json\" class=\"yoast-schema-graph\">{\"@context\":\"https:\/\/schema.org\",\"@graph\":[{\"@type\":\"Article\",\"@id\":\"https:\/\/www.pressenza.com\/it\/2024\/04\/1839521\/#article\",\"isPartOf\":{\"@id\":\"https:\/\/www.pressenza.com\/it\/2024\/04\/1839521\/\"},\"author\":{\"name\":\"Redazione Palermo\",\"@id\":\"https:\/\/www.pressenza.com\/it\/#\/schema\/person\/dd233b73788fa2d4f797777f9b6c1100\"},\"headline\":\"Maria Occhipinti, una donna di Ragusa\",\"datePublished\":\"2024-04-19T18:59:31+00:00\",\"dateModified\":\"2024-04-19T19:06:40+00:00\",\"mainEntityOfPage\":{\"@id\":\"https:\/\/www.pressenza.com\/it\/2024\/04\/1839521\/\"},\"wordCount\":475,\"publisher\":{\"@id\":\"https:\/\/www.pressenza.com\/it\/#organization\"},\"image\":{\"@id\":\"https:\/\/www.pressenza.com\/it\/2024\/04\/1839521\/#primaryimage\"},\"thumbnailUrl\":\"https:\/\/www.pressenza.com\/wp-content\/uploads\/2024\/04\/maria-occhipinti-1.jpg\",\"keywords\":[\"antimilitarismo\",\"disarmo\",\"diserzione\",\"femminismo\"],\"articleSection\":[\"Cultura e Media\",\"Genere e femminismi\",\"Pace e Disarmo\"],\"inLanguage\":\"it-IT\"},{\"@type\":\"WebPage\",\"@id\":\"https:\/\/www.pressenza.com\/it\/2024\/04\/1839521\/\",\"url\":\"https:\/\/www.pressenza.com\/it\/2024\/04\/1839521\/\",\"name\":\"Maria Occhipinti, una donna di Ragusa\",\"isPartOf\":{\"@id\":\"https:\/\/www.pressenza.com\/it\/#website\"},\"primaryImageOfPage\":{\"@id\":\"https:\/\/www.pressenza.com\/it\/2024\/04\/1839521\/#primaryimage\"},\"image\":{\"@id\":\"https:\/\/www.pressenza.com\/it\/2024\/04\/1839521\/#primaryimage\"},\"thumbnailUrl\":\"https:\/\/www.pressenza.com\/wp-content\/uploads\/2024\/04\/maria-occhipinti-1.jpg\",\"datePublished\":\"2024-04-19T18:59:31+00:00\",\"dateModified\":\"2024-04-19T19:06:40+00:00\",\"description\":\"La cornice \u00e8 quella dell'Istituto Gramsci Siciliano di Palermo che al pubblico numeroso offre sulla parete di fondo la lettura di due parole in rosso:\",\"breadcrumb\":{\"@id\":\"https:\/\/www.pressenza.com\/it\/2024\/04\/1839521\/#breadcrumb\"},\"inLanguage\":\"it-IT\",\"potentialAction\":[{\"@type\":\"ReadAction\",\"target\":[\"https:\/\/www.pressenza.com\/it\/2024\/04\/1839521\/\"]}]},{\"@type\":\"ImageObject\",\"inLanguage\":\"it-IT\",\"@id\":\"https:\/\/www.pressenza.com\/it\/2024\/04\/1839521\/#primaryimage\",\"url\":\"https:\/\/www.pressenza.com\/wp-content\/uploads\/2024\/04\/maria-occhipinti-1.jpg\",\"contentUrl\":\"https:\/\/www.pressenza.com\/wp-content\/uploads\/2024\/04\/maria-occhipinti-1.jpg\",\"width\":1600,\"height\":960},{\"@type\":\"BreadcrumbList\",\"@id\":\"https:\/\/www.pressenza.com\/it\/2024\/04\/1839521\/#breadcrumb\",\"itemListElement\":[{\"@type\":\"ListItem\",\"position\":1,\"name\":\"Accueil\",\"item\":\"https:\/\/www.pressenza.com\/it\/\"},{\"@type\":\"ListItem\",\"position\":2,\"name\":\"Maria Occhipinti, una donna di Ragusa\"}]},{\"@type\":\"WebSite\",\"@id\":\"https:\/\/www.pressenza.com\/it\/#website\",\"url\":\"https:\/\/www.pressenza.com\/it\/\",\"name\":\"Pressenza\",\"description\":\"Agenzia di Stampa Internazionale\",\"publisher\":{\"@id\":\"https:\/\/www.pressenza.com\/it\/#organization\"},\"potentialAction\":[{\"@type\":\"SearchAction\",\"target\":{\"@type\":\"EntryPoint\",\"urlTemplate\":\"https:\/\/www.pressenza.com\/it\/?s={search_term_string}\"},\"query-input\":{\"@type\":\"PropertyValueSpecification\",\"valueRequired\":true,\"valueName\":\"search_term_string\"}}],\"inLanguage\":\"it-IT\"},{\"@type\":\"Organization\",\"@id\":\"https:\/\/www.pressenza.com\/it\/#organization\",\"name\":\"Pressenza\",\"url\":\"https:\/\/www.pressenza.com\/it\/\",\"logo\":{\"@type\":\"ImageObject\",\"inLanguage\":\"it-IT\",\"@id\":\"https:\/\/www.pressenza.com\/it\/#\/schema\/logo\/image\/\",\"url\":\"https:\/\/www.pressenza.com\/wp-content\/uploads\/2022\/10\/pressenza_logo_200x200.jpg\",\"contentUrl\":\"https:\/\/www.pressenza.com\/wp-content\/uploads\/2022\/10\/pressenza_logo_200x200.jpg\",\"width\":200,\"height\":200,\"caption\":\"Pressenza\"},\"image\":{\"@id\":\"https:\/\/www.pressenza.com\/it\/#\/schema\/logo\/image\/\"},\"sameAs\":[\"https:\/\/www.facebook.com\/PressenzaItalia\",\"https:\/\/x.com\/PressenzaIPA\"]},{\"@type\":\"Person\",\"@id\":\"https:\/\/www.pressenza.com\/it\/#\/schema\/person\/dd233b73788fa2d4f797777f9b6c1100\",\"name\":\"Redazione Palermo\",\"description\":\"News from the Pressenza Bureau in Palermo, Italy\",\"url\":\"https:\/\/www.pressenza.com\/it\/author\/redazione-palermo\/\"}]}<\/script>\n<!-- \/ Yoast SEO plugin. -->","yoast_head_json":{"title":"Maria Occhipinti, una donna di Ragusa","description":"La cornice \u00e8 quella dell'Istituto Gramsci Siciliano di Palermo che al pubblico numeroso offre sulla parete di fondo la lettura di due parole in rosso:","robots":{"index":"index","follow":"follow","max-snippet":"max-snippet:-1","max-image-preview":"max-image-preview:large","max-video-preview":"max-video-preview:-1"},"canonical":"https:\/\/www.pressenza.com\/it\/2024\/04\/1839521\/","og_locale":"it_IT","og_type":"article","og_title":"Maria Occhipinti, una donna di Ragusa","og_description":"La cornice \u00e8 quella dell'Istituto Gramsci Siciliano di Palermo che al pubblico numeroso offre sulla parete di fondo la lettura di due parole in rosso:","og_url":"https:\/\/www.pressenza.com\/it\/2024\/04\/1839521\/","og_site_name":"Pressenza","article_publisher":"https:\/\/www.facebook.com\/PressenzaItalia","article_published_time":"2024-04-19T18:59:31+00:00","article_modified_time":"2024-04-19T19:06:40+00:00","og_image":[{"width":1600,"height":960,"url":"https:\/\/www.pressenza.com\/wp-content\/uploads\/2024\/04\/maria-occhipinti-1.jpg","type":"image\/jpeg"}],"author":"Redazione Palermo","twitter_card":"summary_large_image","twitter_creator":"@PressenzaIPA","twitter_site":"@PressenzaIPA","twitter_misc":{"Scritto da":"Redazione Palermo","Tempo di lettura stimato":"3 minuti"},"schema":{"@context":"https:\/\/schema.org","@graph":[{"@type":"Article","@id":"https:\/\/www.pressenza.com\/it\/2024\/04\/1839521\/#article","isPartOf":{"@id":"https:\/\/www.pressenza.com\/it\/2024\/04\/1839521\/"},"author":{"name":"Redazione Palermo","@id":"https:\/\/www.pressenza.com\/it\/#\/schema\/person\/dd233b73788fa2d4f797777f9b6c1100"},"headline":"Maria Occhipinti, una donna di Ragusa","datePublished":"2024-04-19T18:59:31+00:00","dateModified":"2024-04-19T19:06:40+00:00","mainEntityOfPage":{"@id":"https:\/\/www.pressenza.com\/it\/2024\/04\/1839521\/"},"wordCount":475,"publisher":{"@id":"https:\/\/www.pressenza.com\/it\/#organization"},"image":{"@id":"https:\/\/www.pressenza.com\/it\/2024\/04\/1839521\/#primaryimage"},"thumbnailUrl":"https:\/\/www.pressenza.com\/wp-content\/uploads\/2024\/04\/maria-occhipinti-1.jpg","keywords":["antimilitarismo","disarmo","diserzione","femminismo"],"articleSection":["Cultura e Media","Genere e femminismi","Pace e Disarmo"],"inLanguage":"it-IT"},{"@type":"WebPage","@id":"https:\/\/www.pressenza.com\/it\/2024\/04\/1839521\/","url":"https:\/\/www.pressenza.com\/it\/2024\/04\/1839521\/","name":"Maria Occhipinti, una donna di Ragusa","isPartOf":{"@id":"https:\/\/www.pressenza.com\/it\/#website"},"primaryImageOfPage":{"@id":"https:\/\/www.pressenza.com\/it\/2024\/04\/1839521\/#primaryimage"},"image":{"@id":"https:\/\/www.pressenza.com\/it\/2024\/04\/1839521\/#primaryimage"},"thumbnailUrl":"https:\/\/www.pressenza.com\/wp-content\/uploads\/2024\/04\/maria-occhipinti-1.jpg","datePublished":"2024-04-19T18:59:31+00:00","dateModified":"2024-04-19T19:06:40+00:00","description":"La cornice \u00e8 quella dell'Istituto Gramsci Siciliano di Palermo che al pubblico numeroso offre sulla parete di fondo la lettura di due parole in rosso:","breadcrumb":{"@id":"https:\/\/www.pressenza.com\/it\/2024\/04\/1839521\/#breadcrumb"},"inLanguage":"it-IT","potentialAction":[{"@type":"ReadAction","target":["https:\/\/www.pressenza.com\/it\/2024\/04\/1839521\/"]}]},{"@type":"ImageObject","inLanguage":"it-IT","@id":"https:\/\/www.pressenza.com\/it\/2024\/04\/1839521\/#primaryimage","url":"https:\/\/www.pressenza.com\/wp-content\/uploads\/2024\/04\/maria-occhipinti-1.jpg","contentUrl":"https:\/\/www.pressenza.com\/wp-content\/uploads\/2024\/04\/maria-occhipinti-1.jpg","width":1600,"height":960},{"@type":"BreadcrumbList","@id":"https:\/\/www.pressenza.com\/it\/2024\/04\/1839521\/#breadcrumb","itemListElement":[{"@type":"ListItem","position":1,"name":"Accueil","item":"https:\/\/www.pressenza.com\/it\/"},{"@type":"ListItem","position":2,"name":"Maria Occhipinti, una donna di Ragusa"}]},{"@type":"WebSite","@id":"https:\/\/www.pressenza.com\/it\/#website","url":"https:\/\/www.pressenza.com\/it\/","name":"Pressenza","description":"Agenzia di Stampa Internazionale","publisher":{"@id":"https:\/\/www.pressenza.com\/it\/#organization"},"potentialAction":[{"@type":"SearchAction","target":{"@type":"EntryPoint","urlTemplate":"https:\/\/www.pressenza.com\/it\/?s={search_term_string}"},"query-input":{"@type":"PropertyValueSpecification","valueRequired":true,"valueName":"search_term_string"}}],"inLanguage":"it-IT"},{"@type":"Organization","@id":"https:\/\/www.pressenza.com\/it\/#organization","name":"Pressenza","url":"https:\/\/www.pressenza.com\/it\/","logo":{"@type":"ImageObject","inLanguage":"it-IT","@id":"https:\/\/www.pressenza.com\/it\/#\/schema\/logo\/image\/","url":"https:\/\/www.pressenza.com\/wp-content\/uploads\/2022\/10\/pressenza_logo_200x200.jpg","contentUrl":"https:\/\/www.pressenza.com\/wp-content\/uploads\/2022\/10\/pressenza_logo_200x200.jpg","width":200,"height":200,"caption":"Pressenza"},"image":{"@id":"https:\/\/www.pressenza.com\/it\/#\/schema\/logo\/image\/"},"sameAs":["https:\/\/www.facebook.com\/PressenzaItalia","https:\/\/x.com\/PressenzaIPA"]},{"@type":"Person","@id":"https:\/\/www.pressenza.com\/it\/#\/schema\/person\/dd233b73788fa2d4f797777f9b6c1100","name":"Redazione Palermo","description":"News from the Pressenza Bureau in Palermo, Italy","url":"https:\/\/www.pressenza.com\/it\/author\/redazione-palermo\/"}]}},"place":"Maria La Bianca","original_article_url":"","_links":{"self":[{"href":"https:\/\/www.pressenza.com\/it\/wp-json\/wp\/v2\/posts\/1839521","targetHints":{"allow":["GET"]}}],"collection":[{"href":"https:\/\/www.pressenza.com\/it\/wp-json\/wp\/v2\/posts"}],"about":[{"href":"https:\/\/www.pressenza.com\/it\/wp-json\/wp\/v2\/types\/post"}],"author":[{"embeddable":true,"href":"https:\/\/www.pressenza.com\/it\/wp-json\/wp\/v2\/users\/1860"}],"replies":[{"embeddable":true,"href":"https:\/\/www.pressenza.com\/it\/wp-json\/wp\/v2\/comments?post=1839521"}],"version-history":[{"count":0,"href":"https:\/\/www.pressenza.com\/it\/wp-json\/wp\/v2\/posts\/1839521\/revisions"}],"wp:featuredmedia":[{"embeddable":true,"href":"https:\/\/www.pressenza.com\/it\/wp-json\/wp\/v2\/media\/1839525"}],"wp:attachment":[{"href":"https:\/\/www.pressenza.com\/it\/wp-json\/wp\/v2\/media?parent=1839521"}],"wp:term":[{"taxonomy":"category","embeddable":true,"href":"https:\/\/www.pressenza.com\/it\/wp-json\/wp\/v2\/categories?post=1839521"},{"taxonomy":"post_tag","embeddable":true,"href":"https:\/\/www.pressenza.com\/it\/wp-json\/wp\/v2\/tags?post=1839521"}],"curies":[{"name":"wp","href":"https:\/\/api.w.org\/{rel}","templated":true}]}}