{"id":1839206,"date":"2024-04-17T21:01:53","date_gmt":"2024-04-17T20:01:53","guid":{"rendered":"https:\/\/www.pressenza.com\/?p=1839206"},"modified":"2024-04-18T16:25:17","modified_gmt":"2024-04-18T15:25:17","slug":"cile-karol-cariola-eletta-presidente-della-camera-dei-deputati","status":"publish","type":"post","link":"https:\/\/www.pressenza.com\/it\/2024\/04\/cile-karol-cariola-eletta-presidente-della-camera-dei-deputati\/","title":{"rendered":"Cile, Karol Cariola eletta Presidente della Camera dei Deputati"},"content":{"rendered":"<p>La cilena Karol Cariola, 37 anni, con 76 voti contro 75 alla candidata dell\u2019opposizione Joanna P\u00e8rez (eletta col partito di centrodestra Dem\u00f2cratas) \u00e8 la prima comunista, in 112 di storia del Paese, che viene eletta Presidente della Camera dei Deputati del Cile.<\/p>\n<p>Il Partito Comunista del Cile \u00e8 da sempre la spina dorsale non soltanto del movimento operaio e popolare ma anche della difesa e ampliamento degli spazi democratici cos\u00ec duramente riconquistati dopo la dittatura fascista di Augusto Pinochet. Spazi quotidianamente rimessi in discussione da una destra neoliberista, opulenta e spietata che non ha mai accettato di rinunciare a nessuno dei privilegi delle classi sociali possidenti, che si sono spartite tutte le risorse che dovrebbero essere utilizzate per il benessere e la felicit\u00e0 del popolo cileno.<\/p>\n<p>Gli eredi di quei militari, politici, capitalisti asserviti all\u2019imperialismo USA che 50 anni fa soffocarono nel sangue la magnifica primavera democratica e socialista rappresentata dal governo di Salvador Allende e dell&#8217;Unit\u00e0 Popolare, stanno continuando a fare di tutto per impedire che si aprano di nuovo \u201ci grandi viali dai quali passeranno le donne e gli uomini liberi per costruire una societ\u00e0 migliore\u201d.<\/p>\n<p>\u201cOggi \u00e8 caduto un veto atavico \u2013 ha detto Cariola (la pi\u00f9 votata alle elezioni legislative del 2021) dopo l&#8217;elezione a Presidente \u2013 non solo anticomunista, ma anche antidemocratico. (&#8230;) Speriamo che la disputa delle idee non si trasformi in una squalificazione e men che meno in bugie che aiutano solo a togliere ulteriormente prestigio alle istituzioni di questo Paese. \u201d &#8211; ha aggiunto Cariola in un discorso che l\u2019agenzia spagnola Efe definisce \u201ccommosso\u201d.<\/p>\n<p>Femminista, ecologista e comunista, Cariola ha pi\u00f9 volte espresso il suo favore alla depenalizzazione dell\u2019aborto terapeutico, alla legalizzazione della marijuana e al matrimonio egualitario.<\/p>\n<p>&#8220;L\u2019attuale governo progressista del Presidente Boric, che vede la presenza fondamentale del Partito Comunista al suo interno, \u00e8 ostacolato in tutti i modi da una destra che ha cercato e cerca di impedire in ogni modo l\u2019approvazione di una nuova costituzione veramente democratica e di tutte quelle riforme che possano migliorare la qualit\u00e0 di vita delle masse lavoratrici e popolari. L\u2019elezione della compagna Karol Cariola alla Presidenza della Camera \u00e8 uno schiaffo in faccia a tutti i nostalgici della dittatura e a coloro che ritengono lo Stato uno strumento privato chiamato a difendere i propri privilegi e abusi, mantenendo il popolo in una condizione di sottomissione.&#8221; &#8211; scrive il Partito Comunista Italiano in un comunicato in solidariet\u00e0.<\/p>\n<p><a href=\"https:\/\/www.ilpartitocomunistaitaliano.it\/2024\/04\/17\/cile-una-comunista-alla-presidenza-della-camera-delle-deputate-e-dei-deputati\/\" target=\"_blank\" rel=\"noopener noreferrer\">https:\/\/www.ilpartitocomunistaitaliano.it\/2024\/04\/17\/cile-una-comunista-alla-presidenza-della-camera-delle-deputate-e-dei-deputati\/<\/a><\/p>\n<p><a href=\"https:\/\/www.google.com\/amp\/s\/www.ilfattoquotidiano.it\/2024\/04\/16\/karol-cariola-chi-e-la-prima-comunista-eletta-presidente-della-camera-in-cile\/7515699\/amp\/#cobssid=s\" target=\"_blank\" rel=\"noopener noreferrer\">https:\/\/www.google.com\/amp\/s\/www.ilfattoquotidiano.it\/2024\/04\/16\/karol-cariola-chi-e-la-prima-comunista-eletta-presidente-della-camera-in-cile\/7515699\/amp\/#cobssid=s<\/a><\/p>\n","protected":false},"excerpt":{"rendered":"<p>La cilena Karol Cariola, 37 anni, con 76 voti contro 75 alla candidata dell\u2019opposizione Joanna P\u00e8rez (eletta col partito di centrodestra Dem\u00f2cratas) \u00e8 la prima comunista, in 112 di storia del Paese, che viene eletta Presidente della Camera dei Deputati&hellip;<\/p>\n","protected":false},"author":1887,"featured_media":1839207,"comment_status":"closed","ping_status":"closed","sticky":false,"template":"","format":"standard","meta":{"footnotes":""},"categories":[11388,47,55],"tags":[5163,540,122042],"class_list":["post-1839206","post","type-post","status-publish","format-standard","has-post-thumbnail","hentry","category-contenuti-originali","category-europa","category-politica","tag-camera-dei-deputati","tag-cile","tag-karol-cariola-it"],"yoast_head":"<!-- This site is optimized with the Yoast SEO plugin v27.1.1 - https:\/\/yoast.com\/product\/yoast-seo-wordpress\/ -->\n<title>Cile, Karol Cariola eletta Presidente della Camera dei Deputati<\/title>\n<meta name=\"description\" content=\"La cilena Karol Cariola, 37 anni, con 76 voti contro 75 alla candidata dell\u2019opposizione Joanna P\u00e8rez (eletta col partito di centrodestra Dem\u00f2cratas) \u00e8 la\" \/>\n<meta name=\"robots\" content=\"index, follow, max-snippet:-1, max-image-preview:large, max-video-preview:-1\" \/>\n<link rel=\"canonical\" href=\"https:\/\/www.pressenza.com\/it\/2024\/04\/cile-karol-cariola-eletta-presidente-della-camera-dei-deputati\/\" \/>\n<meta property=\"og:locale\" content=\"it_IT\" \/>\n<meta property=\"og:type\" content=\"article\" \/>\n<meta property=\"og:title\" content=\"Cile, Karol Cariola eletta Presidente della Camera dei Deputati\" \/>\n<meta property=\"og:description\" content=\"La cilena Karol Cariola, 37 anni, con 76 voti contro 75 alla candidata dell\u2019opposizione Joanna P\u00e8rez (eletta col partito di centrodestra Dem\u00f2cratas) \u00e8 la\" \/>\n<meta property=\"og:url\" content=\"https:\/\/www.pressenza.com\/it\/2024\/04\/cile-karol-cariola-eletta-presidente-della-camera-dei-deputati\/\" \/>\n<meta property=\"og:site_name\" content=\"Pressenza\" \/>\n<meta property=\"article:publisher\" content=\"https:\/\/www.facebook.com\/PressenzaItalia\" \/>\n<meta property=\"article:published_time\" content=\"2024-04-17T20:01:53+00:00\" \/>\n<meta property=\"article:modified_time\" content=\"2024-04-18T15:25:17+00:00\" \/>\n<meta property=\"og:image\" content=\"https:\/\/www.pressenza.com\/wp-content\/uploads\/2024\/04\/Karol_Aida_Cariola_Oliva_2018.jpg\" \/>\n\t<meta property=\"og:image:width\" content=\"819\" \/>\n\t<meta property=\"og:image:height\" content=\"540\" \/>\n\t<meta property=\"og:image:type\" content=\"image\/jpeg\" \/>\n<meta name=\"author\" content=\"Lorenzo Poli\" \/>\n<meta name=\"twitter:card\" content=\"summary_large_image\" \/>\n<meta name=\"twitter:creator\" content=\"@PressenzaIPA\" \/>\n<meta name=\"twitter:site\" content=\"@PressenzaIPA\" \/>\n<meta name=\"twitter:label1\" content=\"Scritto da\" \/>\n\t<meta name=\"twitter:data1\" content=\"Lorenzo Poli\" \/>\n\t<meta name=\"twitter:label2\" content=\"Tempo di lettura stimato\" \/>\n\t<meta name=\"twitter:data2\" content=\"3 minuti\" \/>\n<script type=\"application\/ld+json\" class=\"yoast-schema-graph\">{\"@context\":\"https:\/\/schema.org\",\"@graph\":[{\"@type\":\"Article\",\"@id\":\"https:\/\/www.pressenza.com\/it\/2024\/04\/cile-karol-cariola-eletta-presidente-della-camera-dei-deputati\/#article\",\"isPartOf\":{\"@id\":\"https:\/\/www.pressenza.com\/it\/2024\/04\/cile-karol-cariola-eletta-presidente-della-camera-dei-deputati\/\"},\"author\":{\"name\":\"Lorenzo Poli\",\"@id\":\"https:\/\/www.pressenza.com\/it\/#\/schema\/person\/83cab62d5aaad28d2ef7c9b71a62926b\"},\"headline\":\"Cile, Karol Cariola eletta Presidente della Camera dei Deputati\",\"datePublished\":\"2024-04-17T20:01:53+00:00\",\"dateModified\":\"2024-04-18T15:25:17+00:00\",\"mainEntityOfPage\":{\"@id\":\"https:\/\/www.pressenza.com\/it\/2024\/04\/cile-karol-cariola-eletta-presidente-della-camera-dei-deputati\/\"},\"wordCount\":426,\"publisher\":{\"@id\":\"https:\/\/www.pressenza.com\/it\/#organization\"},\"image\":{\"@id\":\"https:\/\/www.pressenza.com\/it\/2024\/04\/cile-karol-cariola-eletta-presidente-della-camera-dei-deputati\/#primaryimage\"},\"thumbnailUrl\":\"https:\/\/www.pressenza.com\/wp-content\/uploads\/2024\/04\/Karol_Aida_Cariola_Oliva_2018.jpg\",\"keywords\":[\"Camera dei Deputati\",\"Cile\",\"Karol Cariola\"],\"articleSection\":[\"contenuti originali\",\"Europa\",\"Politica\"],\"inLanguage\":\"it-IT\"},{\"@type\":\"WebPage\",\"@id\":\"https:\/\/www.pressenza.com\/it\/2024\/04\/cile-karol-cariola-eletta-presidente-della-camera-dei-deputati\/\",\"url\":\"https:\/\/www.pressenza.com\/it\/2024\/04\/cile-karol-cariola-eletta-presidente-della-camera-dei-deputati\/\",\"name\":\"Cile, Karol Cariola eletta Presidente della Camera dei Deputati\",\"isPartOf\":{\"@id\":\"https:\/\/www.pressenza.com\/it\/#website\"},\"primaryImageOfPage\":{\"@id\":\"https:\/\/www.pressenza.com\/it\/2024\/04\/cile-karol-cariola-eletta-presidente-della-camera-dei-deputati\/#primaryimage\"},\"image\":{\"@id\":\"https:\/\/www.pressenza.com\/it\/2024\/04\/cile-karol-cariola-eletta-presidente-della-camera-dei-deputati\/#primaryimage\"},\"thumbnailUrl\":\"https:\/\/www.pressenza.com\/wp-content\/uploads\/2024\/04\/Karol_Aida_Cariola_Oliva_2018.jpg\",\"datePublished\":\"2024-04-17T20:01:53+00:00\",\"dateModified\":\"2024-04-18T15:25:17+00:00\",\"description\":\"La cilena Karol Cariola, 37 anni, con 76 voti contro 75 alla candidata dell\u2019opposizione Joanna P\u00e8rez (eletta col partito di centrodestra Dem\u00f2cratas) \u00e8 la\",\"breadcrumb\":{\"@id\":\"https:\/\/www.pressenza.com\/it\/2024\/04\/cile-karol-cariola-eletta-presidente-della-camera-dei-deputati\/#breadcrumb\"},\"inLanguage\":\"it-IT\",\"potentialAction\":[{\"@type\":\"ReadAction\",\"target\":[\"https:\/\/www.pressenza.com\/it\/2024\/04\/cile-karol-cariola-eletta-presidente-della-camera-dei-deputati\/\"]}]},{\"@type\":\"ImageObject\",\"inLanguage\":\"it-IT\",\"@id\":\"https:\/\/www.pressenza.com\/it\/2024\/04\/cile-karol-cariola-eletta-presidente-della-camera-dei-deputati\/#primaryimage\",\"url\":\"https:\/\/www.pressenza.com\/wp-content\/uploads\/2024\/04\/Karol_Aida_Cariola_Oliva_2018.jpg\",\"contentUrl\":\"https:\/\/www.pressenza.com\/wp-content\/uploads\/2024\/04\/Karol_Aida_Cariola_Oliva_2018.jpg\",\"width\":819,\"height\":540,\"caption\":\"Valpara\u00edso 06 Abril 2022. C\u00e1mara de Diputadas y Diputados de Chile 2022-2026 Fotos: Ren\u00e9 Lescornez A.\"},{\"@type\":\"BreadcrumbList\",\"@id\":\"https:\/\/www.pressenza.com\/it\/2024\/04\/cile-karol-cariola-eletta-presidente-della-camera-dei-deputati\/#breadcrumb\",\"itemListElement\":[{\"@type\":\"ListItem\",\"position\":1,\"name\":\"Accueil\",\"item\":\"https:\/\/www.pressenza.com\/it\/\"},{\"@type\":\"ListItem\",\"position\":2,\"name\":\"Cile, Karol Cariola eletta Presidente della Camera dei Deputati\"}]},{\"@type\":\"WebSite\",\"@id\":\"https:\/\/www.pressenza.com\/it\/#website\",\"url\":\"https:\/\/www.pressenza.com\/it\/\",\"name\":\"Pressenza\",\"description\":\"Agenzia di Stampa Internazionale\",\"publisher\":{\"@id\":\"https:\/\/www.pressenza.com\/it\/#organization\"},\"potentialAction\":[{\"@type\":\"SearchAction\",\"target\":{\"@type\":\"EntryPoint\",\"urlTemplate\":\"https:\/\/www.pressenza.com\/it\/?s={search_term_string}\"},\"query-input\":{\"@type\":\"PropertyValueSpecification\",\"valueRequired\":true,\"valueName\":\"search_term_string\"}}],\"inLanguage\":\"it-IT\"},{\"@type\":\"Organization\",\"@id\":\"https:\/\/www.pressenza.com\/it\/#organization\",\"name\":\"Pressenza\",\"url\":\"https:\/\/www.pressenza.com\/it\/\",\"logo\":{\"@type\":\"ImageObject\",\"inLanguage\":\"it-IT\",\"@id\":\"https:\/\/www.pressenza.com\/it\/#\/schema\/logo\/image\/\",\"url\":\"https:\/\/www.pressenza.com\/wp-content\/uploads\/2022\/10\/pressenza_logo_200x200.jpg\",\"contentUrl\":\"https:\/\/www.pressenza.com\/wp-content\/uploads\/2022\/10\/pressenza_logo_200x200.jpg\",\"width\":200,\"height\":200,\"caption\":\"Pressenza\"},\"image\":{\"@id\":\"https:\/\/www.pressenza.com\/it\/#\/schema\/logo\/image\/\"},\"sameAs\":[\"https:\/\/www.facebook.com\/PressenzaItalia\",\"https:\/\/x.com\/PressenzaIPA\"]},{\"@type\":\"Person\",\"@id\":\"https:\/\/www.pressenza.com\/it\/#\/schema\/person\/83cab62d5aaad28d2ef7c9b71a62926b\",\"name\":\"Lorenzo Poli\",\"url\":\"https:\/\/www.pressenza.com\/it\/author\/lorenzo-poli\/\"}]}<\/script>\n<!-- \/ Yoast SEO plugin. -->","yoast_head_json":{"title":"Cile, Karol Cariola eletta Presidente della Camera dei Deputati","description":"La cilena Karol Cariola, 37 anni, con 76 voti contro 75 alla candidata dell\u2019opposizione Joanna P\u00e8rez (eletta col partito di centrodestra Dem\u00f2cratas) \u00e8 la","robots":{"index":"index","follow":"follow","max-snippet":"max-snippet:-1","max-image-preview":"max-image-preview:large","max-video-preview":"max-video-preview:-1"},"canonical":"https:\/\/www.pressenza.com\/it\/2024\/04\/cile-karol-cariola-eletta-presidente-della-camera-dei-deputati\/","og_locale":"it_IT","og_type":"article","og_title":"Cile, Karol Cariola eletta Presidente della Camera dei Deputati","og_description":"La cilena Karol Cariola, 37 anni, con 76 voti contro 75 alla candidata dell\u2019opposizione Joanna P\u00e8rez (eletta col partito di centrodestra Dem\u00f2cratas) \u00e8 la","og_url":"https:\/\/www.pressenza.com\/it\/2024\/04\/cile-karol-cariola-eletta-presidente-della-camera-dei-deputati\/","og_site_name":"Pressenza","article_publisher":"https:\/\/www.facebook.com\/PressenzaItalia","article_published_time":"2024-04-17T20:01:53+00:00","article_modified_time":"2024-04-18T15:25:17+00:00","og_image":[{"width":819,"height":540,"url":"https:\/\/www.pressenza.com\/wp-content\/uploads\/2024\/04\/Karol_Aida_Cariola_Oliva_2018.jpg","type":"image\/jpeg"}],"author":"Lorenzo Poli","twitter_card":"summary_large_image","twitter_creator":"@PressenzaIPA","twitter_site":"@PressenzaIPA","twitter_misc":{"Scritto da":"Lorenzo Poli","Tempo di lettura stimato":"3 minuti"},"schema":{"@context":"https:\/\/schema.org","@graph":[{"@type":"Article","@id":"https:\/\/www.pressenza.com\/it\/2024\/04\/cile-karol-cariola-eletta-presidente-della-camera-dei-deputati\/#article","isPartOf":{"@id":"https:\/\/www.pressenza.com\/it\/2024\/04\/cile-karol-cariola-eletta-presidente-della-camera-dei-deputati\/"},"author":{"name":"Lorenzo Poli","@id":"https:\/\/www.pressenza.com\/it\/#\/schema\/person\/83cab62d5aaad28d2ef7c9b71a62926b"},"headline":"Cile, Karol Cariola eletta Presidente della Camera dei Deputati","datePublished":"2024-04-17T20:01:53+00:00","dateModified":"2024-04-18T15:25:17+00:00","mainEntityOfPage":{"@id":"https:\/\/www.pressenza.com\/it\/2024\/04\/cile-karol-cariola-eletta-presidente-della-camera-dei-deputati\/"},"wordCount":426,"publisher":{"@id":"https:\/\/www.pressenza.com\/it\/#organization"},"image":{"@id":"https:\/\/www.pressenza.com\/it\/2024\/04\/cile-karol-cariola-eletta-presidente-della-camera-dei-deputati\/#primaryimage"},"thumbnailUrl":"https:\/\/www.pressenza.com\/wp-content\/uploads\/2024\/04\/Karol_Aida_Cariola_Oliva_2018.jpg","keywords":["Camera dei Deputati","Cile","Karol Cariola"],"articleSection":["contenuti originali","Europa","Politica"],"inLanguage":"it-IT"},{"@type":"WebPage","@id":"https:\/\/www.pressenza.com\/it\/2024\/04\/cile-karol-cariola-eletta-presidente-della-camera-dei-deputati\/","url":"https:\/\/www.pressenza.com\/it\/2024\/04\/cile-karol-cariola-eletta-presidente-della-camera-dei-deputati\/","name":"Cile, Karol Cariola eletta Presidente della Camera dei Deputati","isPartOf":{"@id":"https:\/\/www.pressenza.com\/it\/#website"},"primaryImageOfPage":{"@id":"https:\/\/www.pressenza.com\/it\/2024\/04\/cile-karol-cariola-eletta-presidente-della-camera-dei-deputati\/#primaryimage"},"image":{"@id":"https:\/\/www.pressenza.com\/it\/2024\/04\/cile-karol-cariola-eletta-presidente-della-camera-dei-deputati\/#primaryimage"},"thumbnailUrl":"https:\/\/www.pressenza.com\/wp-content\/uploads\/2024\/04\/Karol_Aida_Cariola_Oliva_2018.jpg","datePublished":"2024-04-17T20:01:53+00:00","dateModified":"2024-04-18T15:25:17+00:00","description":"La cilena Karol Cariola, 37 anni, con 76 voti contro 75 alla candidata dell\u2019opposizione Joanna P\u00e8rez (eletta col partito di centrodestra Dem\u00f2cratas) \u00e8 la","breadcrumb":{"@id":"https:\/\/www.pressenza.com\/it\/2024\/04\/cile-karol-cariola-eletta-presidente-della-camera-dei-deputati\/#breadcrumb"},"inLanguage":"it-IT","potentialAction":[{"@type":"ReadAction","target":["https:\/\/www.pressenza.com\/it\/2024\/04\/cile-karol-cariola-eletta-presidente-della-camera-dei-deputati\/"]}]},{"@type":"ImageObject","inLanguage":"it-IT","@id":"https:\/\/www.pressenza.com\/it\/2024\/04\/cile-karol-cariola-eletta-presidente-della-camera-dei-deputati\/#primaryimage","url":"https:\/\/www.pressenza.com\/wp-content\/uploads\/2024\/04\/Karol_Aida_Cariola_Oliva_2018.jpg","contentUrl":"https:\/\/www.pressenza.com\/wp-content\/uploads\/2024\/04\/Karol_Aida_Cariola_Oliva_2018.jpg","width":819,"height":540,"caption":"Valpara\u00edso 06 Abril 2022. C\u00e1mara de Diputadas y Diputados de Chile 2022-2026 Fotos: Ren\u00e9 Lescornez A."},{"@type":"BreadcrumbList","@id":"https:\/\/www.pressenza.com\/it\/2024\/04\/cile-karol-cariola-eletta-presidente-della-camera-dei-deputati\/#breadcrumb","itemListElement":[{"@type":"ListItem","position":1,"name":"Accueil","item":"https:\/\/www.pressenza.com\/it\/"},{"@type":"ListItem","position":2,"name":"Cile, Karol Cariola eletta Presidente della Camera dei Deputati"}]},{"@type":"WebSite","@id":"https:\/\/www.pressenza.com\/it\/#website","url":"https:\/\/www.pressenza.com\/it\/","name":"Pressenza","description":"Agenzia di Stampa Internazionale","publisher":{"@id":"https:\/\/www.pressenza.com\/it\/#organization"},"potentialAction":[{"@type":"SearchAction","target":{"@type":"EntryPoint","urlTemplate":"https:\/\/www.pressenza.com\/it\/?s={search_term_string}"},"query-input":{"@type":"PropertyValueSpecification","valueRequired":true,"valueName":"search_term_string"}}],"inLanguage":"it-IT"},{"@type":"Organization","@id":"https:\/\/www.pressenza.com\/it\/#organization","name":"Pressenza","url":"https:\/\/www.pressenza.com\/it\/","logo":{"@type":"ImageObject","inLanguage":"it-IT","@id":"https:\/\/www.pressenza.com\/it\/#\/schema\/logo\/image\/","url":"https:\/\/www.pressenza.com\/wp-content\/uploads\/2022\/10\/pressenza_logo_200x200.jpg","contentUrl":"https:\/\/www.pressenza.com\/wp-content\/uploads\/2022\/10\/pressenza_logo_200x200.jpg","width":200,"height":200,"caption":"Pressenza"},"image":{"@id":"https:\/\/www.pressenza.com\/it\/#\/schema\/logo\/image\/"},"sameAs":["https:\/\/www.facebook.com\/PressenzaItalia","https:\/\/x.com\/PressenzaIPA"]},{"@type":"Person","@id":"https:\/\/www.pressenza.com\/it\/#\/schema\/person\/83cab62d5aaad28d2ef7c9b71a62926b","name":"Lorenzo Poli","url":"https:\/\/www.pressenza.com\/it\/author\/lorenzo-poli\/"}]}},"place":"","original_article_url":"","_links":{"self":[{"href":"https:\/\/www.pressenza.com\/it\/wp-json\/wp\/v2\/posts\/1839206","targetHints":{"allow":["GET"]}}],"collection":[{"href":"https:\/\/www.pressenza.com\/it\/wp-json\/wp\/v2\/posts"}],"about":[{"href":"https:\/\/www.pressenza.com\/it\/wp-json\/wp\/v2\/types\/post"}],"author":[{"embeddable":true,"href":"https:\/\/www.pressenza.com\/it\/wp-json\/wp\/v2\/users\/1887"}],"replies":[{"embeddable":true,"href":"https:\/\/www.pressenza.com\/it\/wp-json\/wp\/v2\/comments?post=1839206"}],"version-history":[{"count":0,"href":"https:\/\/www.pressenza.com\/it\/wp-json\/wp\/v2\/posts\/1839206\/revisions"}],"wp:featuredmedia":[{"embeddable":true,"href":"https:\/\/www.pressenza.com\/it\/wp-json\/wp\/v2\/media\/1839207"}],"wp:attachment":[{"href":"https:\/\/www.pressenza.com\/it\/wp-json\/wp\/v2\/media?parent=1839206"}],"wp:term":[{"taxonomy":"category","embeddable":true,"href":"https:\/\/www.pressenza.com\/it\/wp-json\/wp\/v2\/categories?post=1839206"},{"taxonomy":"post_tag","embeddable":true,"href":"https:\/\/www.pressenza.com\/it\/wp-json\/wp\/v2\/tags?post=1839206"}],"curies":[{"name":"wp","href":"https:\/\/api.w.org\/{rel}","templated":true}]}}