{"id":1838942,"date":"2024-04-16T14:40:05","date_gmt":"2024-04-16T13:40:05","guid":{"rendered":"https:\/\/www.pressenza.com\/?p=1838942"},"modified":"2024-04-16T14:41:29","modified_gmt":"2024-04-16T13:41:29","slug":"imminente-la-decisione-del-tribunale-sullequipaggio-della-iuventa-amnesty-international-tempo-di-rimediare-a-un-grave-errore","status":"publish","type":"post","link":"https:\/\/www.pressenza.com\/it\/2024\/04\/imminente-la-decisione-del-tribunale-sullequipaggio-della-iuventa-amnesty-international-tempo-di-rimediare-a-un-grave-errore\/","title":{"rendered":"Imminente la decisione del tribunale sull&#8217;equipaggio della Iuventa. Amnesty International: \u201cTempo di rimediare a un grave errore\u201d"},"content":{"rendered":"<p>In vista della decisione, attesa per il 19 aprile nel corso dell&#8217;ultima udienza preliminare, sul procedimento contro i membri dell\u2019equipaggio della Iuventa, la ricercatrice regionale di Amnesty International Elisa De Pieri ha dichiarato: &#8220;L&#8217;imminente decisione della corte avr\u00e0 conseguenze epocali per le future operazioni di ricerca e salvataggio, oltre che per la vita dei membri dell&#8217;equipaggio della nave Iuventa e degli altri equipaggi delle Ong che devono rispondere delle accuse mosse nei loro confronti. L&#8217;equipaggio della Iuventa ha salvato 14.000 vite, compresi bambini. Nonostante questo, sono stati vergognosamente trascinati per anni nei tribunali italiani\u201d.<\/p>\n<p>Il pubblico ministero stesso ha gi\u00e0 riconosciuto che le accuse contro i membri dell&#8217;equipaggio della nave Iuventa e degli altri equipaggi sotto indagine dovrebbero essere ritirate. Questa \u00e8 un&#8217;opportunit\u00e0 per rimediare a un grande errore, e per riconoscere le azioni impavide dei membri dell&#8217;equipaggio, che hanno messo a rischio la propria vita per salvare quella degli altri. Senza di loro, molte altre persone potrebbero morire nelle pericolose acque del Mediterraneo.<\/p>\n<p>Il lavoro dell&#8217;equipaggio della Iuventa, cos\u00ec come di altri che svolgono attivit\u00e0 di ricerca e salvataggio in mare, non dovrebbe mai essere criminalizzato. \u00c8 ora di porre fine ai procedimenti giudiziari nei confronti dei membri dell&#8217;equipaggio della Iuventa e degli altri difensori dei diritti umani che hanno prestato servizio sulle navi di soccorso gestite da Medici senza frontiere e Save the Children, nonch\u00e9 alle azioni legali contro le stesse Ong&#8221;.<\/p>\n<p><strong>Ulteriori informazioni<\/strong><\/p>\n<p>Il 19 aprile alle 12:00 si terr\u00e0 a Trapani l&#8217;ultima udienza preliminare. Anche in questa occasione sar\u00e0 presente un osservatore di Amnesty International Italia.<\/p>\n<p>Nel 2017 le autorit\u00e0 italiane hanno aperto le indagini sui membri dell&#8217;equipaggio della Iuventa, una nave di una Ong impegnata nella ricerca e nel salvataggio nel Mediterraneo. Sono stati accusati di aver favorito l&#8217;immigrazione in Italia dalla Libia &#8211; di fatto colludendo con i trafficanti &#8211; e rischiano fino a 20 anni di carcere.<\/p>\n<p>Nel 2020 Amnesty International ha lanciato una campagna di solidariet\u00e0 mondiale per chiedere alla Procura italiana di archiviare l&#8217;indagine contro i membri dell&#8217;equipaggio della Iuventa.<\/p>\n<p>&nbsp;<\/p>\n<p>&nbsp;<\/p>\n","protected":false},"excerpt":{"rendered":"<p>In vista della decisione, attesa per il 19 aprile nel corso dell&#8217;ultima udienza preliminare, sul procedimento contro i membri dell\u2019equipaggio della Iuventa, la ricercatrice regionale di Amnesty International Elisa De Pieri ha dichiarato: &#8220;L&#8217;imminente decisione della corte avr\u00e0 conseguenze epocali&hellip;<\/p>\n","protected":false},"author":432,"featured_media":1739574,"comment_status":"closed","ping_status":"closed","sticky":false,"template":"","format":"standard","meta":{"footnotes":""},"categories":[150,47,54572],"tags":[45354,120570,110018,36895,110434],"class_list":["post-1838942","post","type-post","status-publish","format-standard","has-post-thumbnail","hentry","category-comunicati-stampa","category-europa","category-migranti","tag-criminalizzazione-della-solidarieta","tag-decisione","tag-processo-iuventa","tag-salvataggi-in-mare","tag-tribunale-di-trapani"],"yoast_head":"<!-- This site is optimized with the Yoast SEO plugin v27.1.1 - https:\/\/yoast.com\/product\/yoast-seo-wordpress\/ -->\n<title>Imminente la decisione del tribunale sull&#039;equipaggio della Iuventa. Amnesty International: \u201cTempo di rimediare a un grave errore\u201d<\/title>\n<meta name=\"description\" content=\"In vista della decisione, attesa per il 19 aprile nel corso dell&#039;ultima udienza preliminare, sul procedimento contro i membri dell\u2019equipaggio della\" \/>\n<meta name=\"robots\" content=\"index, follow, max-snippet:-1, max-image-preview:large, max-video-preview:-1\" \/>\n<link rel=\"canonical\" href=\"https:\/\/www.pressenza.com\/it\/2024\/04\/imminente-la-decisione-del-tribunale-sullequipaggio-della-iuventa-amnesty-international-tempo-di-rimediare-a-un-grave-errore\/\" \/>\n<meta property=\"og:locale\" content=\"it_IT\" \/>\n<meta property=\"og:type\" content=\"article\" \/>\n<meta property=\"og:title\" content=\"Imminente la decisione del tribunale sull&#039;equipaggio della Iuventa. Amnesty International: \u201cTempo di rimediare a un grave errore\u201d\" \/>\n<meta property=\"og:description\" content=\"In vista della decisione, attesa per il 19 aprile nel corso dell&#039;ultima udienza preliminare, sul procedimento contro i membri dell\u2019equipaggio della\" \/>\n<meta property=\"og:url\" content=\"https:\/\/www.pressenza.com\/it\/2024\/04\/imminente-la-decisione-del-tribunale-sullequipaggio-della-iuventa-amnesty-international-tempo-di-rimediare-a-un-grave-errore\/\" \/>\n<meta property=\"og:site_name\" content=\"Pressenza\" \/>\n<meta property=\"article:publisher\" content=\"https:\/\/www.facebook.com\/PressenzaItalia\" \/>\n<meta property=\"article:author\" content=\"https:\/\/www.facebook.com\/amnestyglobal\" \/>\n<meta property=\"article:published_time\" content=\"2024-04-16T13:40:05+00:00\" \/>\n<meta property=\"article:modified_time\" content=\"2024-04-16T13:41:29+00:00\" \/>\n<meta property=\"og:image\" content=\"https:\/\/www.pressenza.com\/wp-content\/uploads\/2023\/05\/Iuventa-con-migranti-salvati.jpg\" \/>\n\t<meta property=\"og:image:width\" content=\"1024\" \/>\n\t<meta property=\"og:image:height\" content=\"684\" \/>\n\t<meta property=\"og:image:type\" content=\"image\/jpeg\" \/>\n<meta name=\"author\" content=\"Amnesty International\" \/>\n<meta name=\"twitter:card\" content=\"summary_large_image\" \/>\n<meta name=\"twitter:creator\" content=\"@amnesty\" \/>\n<meta name=\"twitter:site\" content=\"@PressenzaIPA\" \/>\n<meta name=\"twitter:label1\" content=\"Scritto da\" \/>\n\t<meta name=\"twitter:data1\" content=\"Amnesty International\" \/>\n\t<meta name=\"twitter:label2\" content=\"Tempo di lettura stimato\" \/>\n\t<meta name=\"twitter:data2\" content=\"2 minuti\" \/>\n<script type=\"application\/ld+json\" class=\"yoast-schema-graph\">{\"@context\":\"https:\/\/schema.org\",\"@graph\":[{\"@type\":\"Article\",\"@id\":\"https:\/\/www.pressenza.com\/it\/2024\/04\/imminente-la-decisione-del-tribunale-sullequipaggio-della-iuventa-amnesty-international-tempo-di-rimediare-a-un-grave-errore\/#article\",\"isPartOf\":{\"@id\":\"https:\/\/www.pressenza.com\/it\/2024\/04\/imminente-la-decisione-del-tribunale-sullequipaggio-della-iuventa-amnesty-international-tempo-di-rimediare-a-un-grave-errore\/\"},\"author\":{\"name\":\"Amnesty International\",\"@id\":\"https:\/\/www.pressenza.com\/it\/#\/schema\/person\/9b981b05c7ecf09292e6acb3223b2d9d\"},\"headline\":\"Imminente la decisione del tribunale sull&#8217;equipaggio della Iuventa. Amnesty International: \u201cTempo di rimediare a un grave errore\u201d\",\"datePublished\":\"2024-04-16T13:40:05+00:00\",\"dateModified\":\"2024-04-16T13:41:29+00:00\",\"mainEntityOfPage\":{\"@id\":\"https:\/\/www.pressenza.com\/it\/2024\/04\/imminente-la-decisione-del-tribunale-sullequipaggio-della-iuventa-amnesty-international-tempo-di-rimediare-a-un-grave-errore\/\"},\"wordCount\":365,\"publisher\":{\"@id\":\"https:\/\/www.pressenza.com\/it\/#organization\"},\"image\":{\"@id\":\"https:\/\/www.pressenza.com\/it\/2024\/04\/imminente-la-decisione-del-tribunale-sullequipaggio-della-iuventa-amnesty-international-tempo-di-rimediare-a-un-grave-errore\/#primaryimage\"},\"thumbnailUrl\":\"https:\/\/www.pressenza.com\/wp-content\/uploads\/2023\/05\/Iuventa-con-migranti-salvati.jpg\",\"keywords\":[\"criminalizzazione della solidariet\u00e0\",\"decisione\",\"processo Iuventa\",\"salvataggi in mare\",\"Tribunale di Trapani\"],\"articleSection\":[\"Comunicati Stampa\",\"Europa\",\"Migranti\"],\"inLanguage\":\"it-IT\"},{\"@type\":\"WebPage\",\"@id\":\"https:\/\/www.pressenza.com\/it\/2024\/04\/imminente-la-decisione-del-tribunale-sullequipaggio-della-iuventa-amnesty-international-tempo-di-rimediare-a-un-grave-errore\/\",\"url\":\"https:\/\/www.pressenza.com\/it\/2024\/04\/imminente-la-decisione-del-tribunale-sullequipaggio-della-iuventa-amnesty-international-tempo-di-rimediare-a-un-grave-errore\/\",\"name\":\"Imminente la decisione del tribunale sull'equipaggio della Iuventa. Amnesty International: \u201cTempo di rimediare a un grave errore\u201d\",\"isPartOf\":{\"@id\":\"https:\/\/www.pressenza.com\/it\/#website\"},\"primaryImageOfPage\":{\"@id\":\"https:\/\/www.pressenza.com\/it\/2024\/04\/imminente-la-decisione-del-tribunale-sullequipaggio-della-iuventa-amnesty-international-tempo-di-rimediare-a-un-grave-errore\/#primaryimage\"},\"image\":{\"@id\":\"https:\/\/www.pressenza.com\/it\/2024\/04\/imminente-la-decisione-del-tribunale-sullequipaggio-della-iuventa-amnesty-international-tempo-di-rimediare-a-un-grave-errore\/#primaryimage\"},\"thumbnailUrl\":\"https:\/\/www.pressenza.com\/wp-content\/uploads\/2023\/05\/Iuventa-con-migranti-salvati.jpg\",\"datePublished\":\"2024-04-16T13:40:05+00:00\",\"dateModified\":\"2024-04-16T13:41:29+00:00\",\"description\":\"In vista della decisione, attesa per il 19 aprile nel corso dell'ultima udienza preliminare, sul procedimento contro i membri dell\u2019equipaggio della\",\"breadcrumb\":{\"@id\":\"https:\/\/www.pressenza.com\/it\/2024\/04\/imminente-la-decisione-del-tribunale-sullequipaggio-della-iuventa-amnesty-international-tempo-di-rimediare-a-un-grave-errore\/#breadcrumb\"},\"inLanguage\":\"it-IT\",\"potentialAction\":[{\"@type\":\"ReadAction\",\"target\":[\"https:\/\/www.pressenza.com\/it\/2024\/04\/imminente-la-decisione-del-tribunale-sullequipaggio-della-iuventa-amnesty-international-tempo-di-rimediare-a-un-grave-errore\/\"]}]},{\"@type\":\"ImageObject\",\"inLanguage\":\"it-IT\",\"@id\":\"https:\/\/www.pressenza.com\/it\/2024\/04\/imminente-la-decisione-del-tribunale-sullequipaggio-della-iuventa-amnesty-international-tempo-di-rimediare-a-un-grave-errore\/#primaryimage\",\"url\":\"https:\/\/www.pressenza.com\/wp-content\/uploads\/2023\/05\/Iuventa-con-migranti-salvati.jpg\",\"contentUrl\":\"https:\/\/www.pressenza.com\/wp-content\/uploads\/2023\/05\/Iuventa-con-migranti-salvati.jpg\",\"width\":1024,\"height\":684},{\"@type\":\"BreadcrumbList\",\"@id\":\"https:\/\/www.pressenza.com\/it\/2024\/04\/imminente-la-decisione-del-tribunale-sullequipaggio-della-iuventa-amnesty-international-tempo-di-rimediare-a-un-grave-errore\/#breadcrumb\",\"itemListElement\":[{\"@type\":\"ListItem\",\"position\":1,\"name\":\"Accueil\",\"item\":\"https:\/\/www.pressenza.com\/it\/\"},{\"@type\":\"ListItem\",\"position\":2,\"name\":\"Imminente la decisione del tribunale sull&#8217;equipaggio della Iuventa. Amnesty International: \u201cTempo di rimediare a un grave errore\u201d\"}]},{\"@type\":\"WebSite\",\"@id\":\"https:\/\/www.pressenza.com\/it\/#website\",\"url\":\"https:\/\/www.pressenza.com\/it\/\",\"name\":\"Pressenza\",\"description\":\"Agenzia di Stampa Internazionale\",\"publisher\":{\"@id\":\"https:\/\/www.pressenza.com\/it\/#organization\"},\"potentialAction\":[{\"@type\":\"SearchAction\",\"target\":{\"@type\":\"EntryPoint\",\"urlTemplate\":\"https:\/\/www.pressenza.com\/it\/?s={search_term_string}\"},\"query-input\":{\"@type\":\"PropertyValueSpecification\",\"valueRequired\":true,\"valueName\":\"search_term_string\"}}],\"inLanguage\":\"it-IT\"},{\"@type\":\"Organization\",\"@id\":\"https:\/\/www.pressenza.com\/it\/#organization\",\"name\":\"Pressenza\",\"url\":\"https:\/\/www.pressenza.com\/it\/\",\"logo\":{\"@type\":\"ImageObject\",\"inLanguage\":\"it-IT\",\"@id\":\"https:\/\/www.pressenza.com\/it\/#\/schema\/logo\/image\/\",\"url\":\"https:\/\/www.pressenza.com\/wp-content\/uploads\/2022\/10\/pressenza_logo_200x200.jpg\",\"contentUrl\":\"https:\/\/www.pressenza.com\/wp-content\/uploads\/2022\/10\/pressenza_logo_200x200.jpg\",\"width\":200,\"height\":200,\"caption\":\"Pressenza\"},\"image\":{\"@id\":\"https:\/\/www.pressenza.com\/it\/#\/schema\/logo\/image\/\"},\"sameAs\":[\"https:\/\/www.facebook.com\/PressenzaItalia\",\"https:\/\/x.com\/PressenzaIPA\"]},{\"@type\":\"Person\",\"@id\":\"https:\/\/www.pressenza.com\/it\/#\/schema\/person\/9b981b05c7ecf09292e6acb3223b2d9d\",\"name\":\"Amnesty International\",\"description\":\"Amnesty International is a global movement of more than 3 million supporters, members and activists in over 150 countries and territories who campaign to end grave abuses of human rights. Our vision is for every person to enjoy all the rights enshrined in the Universal Declaration of Human Rights and other international human rights standards. www.amnesty.org\",\"sameAs\":[\"http:\/\/www.amnesty.it\",\"https:\/\/www.facebook.com\/amnestyglobal\",\"https:\/\/x.com\/amnesty\"],\"url\":\"https:\/\/www.pressenza.com\/it\/author\/amnesty-international\/\"}]}<\/script>\n<!-- \/ Yoast SEO plugin. -->","yoast_head_json":{"title":"Imminente la decisione del tribunale sull'equipaggio della Iuventa. Amnesty International: \u201cTempo di rimediare a un grave errore\u201d","description":"In vista della decisione, attesa per il 19 aprile nel corso dell'ultima udienza preliminare, sul procedimento contro i membri dell\u2019equipaggio della","robots":{"index":"index","follow":"follow","max-snippet":"max-snippet:-1","max-image-preview":"max-image-preview:large","max-video-preview":"max-video-preview:-1"},"canonical":"https:\/\/www.pressenza.com\/it\/2024\/04\/imminente-la-decisione-del-tribunale-sullequipaggio-della-iuventa-amnesty-international-tempo-di-rimediare-a-un-grave-errore\/","og_locale":"it_IT","og_type":"article","og_title":"Imminente la decisione del tribunale sull'equipaggio della Iuventa. Amnesty International: \u201cTempo di rimediare a un grave errore\u201d","og_description":"In vista della decisione, attesa per il 19 aprile nel corso dell'ultima udienza preliminare, sul procedimento contro i membri dell\u2019equipaggio della","og_url":"https:\/\/www.pressenza.com\/it\/2024\/04\/imminente-la-decisione-del-tribunale-sullequipaggio-della-iuventa-amnesty-international-tempo-di-rimediare-a-un-grave-errore\/","og_site_name":"Pressenza","article_publisher":"https:\/\/www.facebook.com\/PressenzaItalia","article_author":"https:\/\/www.facebook.com\/amnestyglobal","article_published_time":"2024-04-16T13:40:05+00:00","article_modified_time":"2024-04-16T13:41:29+00:00","og_image":[{"width":1024,"height":684,"url":"https:\/\/www.pressenza.com\/wp-content\/uploads\/2023\/05\/Iuventa-con-migranti-salvati.jpg","type":"image\/jpeg"}],"author":"Amnesty International","twitter_card":"summary_large_image","twitter_creator":"@amnesty","twitter_site":"@PressenzaIPA","twitter_misc":{"Scritto da":"Amnesty International","Tempo di lettura stimato":"2 minuti"},"schema":{"@context":"https:\/\/schema.org","@graph":[{"@type":"Article","@id":"https:\/\/www.pressenza.com\/it\/2024\/04\/imminente-la-decisione-del-tribunale-sullequipaggio-della-iuventa-amnesty-international-tempo-di-rimediare-a-un-grave-errore\/#article","isPartOf":{"@id":"https:\/\/www.pressenza.com\/it\/2024\/04\/imminente-la-decisione-del-tribunale-sullequipaggio-della-iuventa-amnesty-international-tempo-di-rimediare-a-un-grave-errore\/"},"author":{"name":"Amnesty International","@id":"https:\/\/www.pressenza.com\/it\/#\/schema\/person\/9b981b05c7ecf09292e6acb3223b2d9d"},"headline":"Imminente la decisione del tribunale sull&#8217;equipaggio della Iuventa. Amnesty International: \u201cTempo di rimediare a un grave errore\u201d","datePublished":"2024-04-16T13:40:05+00:00","dateModified":"2024-04-16T13:41:29+00:00","mainEntityOfPage":{"@id":"https:\/\/www.pressenza.com\/it\/2024\/04\/imminente-la-decisione-del-tribunale-sullequipaggio-della-iuventa-amnesty-international-tempo-di-rimediare-a-un-grave-errore\/"},"wordCount":365,"publisher":{"@id":"https:\/\/www.pressenza.com\/it\/#organization"},"image":{"@id":"https:\/\/www.pressenza.com\/it\/2024\/04\/imminente-la-decisione-del-tribunale-sullequipaggio-della-iuventa-amnesty-international-tempo-di-rimediare-a-un-grave-errore\/#primaryimage"},"thumbnailUrl":"https:\/\/www.pressenza.com\/wp-content\/uploads\/2023\/05\/Iuventa-con-migranti-salvati.jpg","keywords":["criminalizzazione della solidariet\u00e0","decisione","processo Iuventa","salvataggi in mare","Tribunale di Trapani"],"articleSection":["Comunicati Stampa","Europa","Migranti"],"inLanguage":"it-IT"},{"@type":"WebPage","@id":"https:\/\/www.pressenza.com\/it\/2024\/04\/imminente-la-decisione-del-tribunale-sullequipaggio-della-iuventa-amnesty-international-tempo-di-rimediare-a-un-grave-errore\/","url":"https:\/\/www.pressenza.com\/it\/2024\/04\/imminente-la-decisione-del-tribunale-sullequipaggio-della-iuventa-amnesty-international-tempo-di-rimediare-a-un-grave-errore\/","name":"Imminente la decisione del tribunale sull'equipaggio della Iuventa. Amnesty International: \u201cTempo di rimediare a un grave errore\u201d","isPartOf":{"@id":"https:\/\/www.pressenza.com\/it\/#website"},"primaryImageOfPage":{"@id":"https:\/\/www.pressenza.com\/it\/2024\/04\/imminente-la-decisione-del-tribunale-sullequipaggio-della-iuventa-amnesty-international-tempo-di-rimediare-a-un-grave-errore\/#primaryimage"},"image":{"@id":"https:\/\/www.pressenza.com\/it\/2024\/04\/imminente-la-decisione-del-tribunale-sullequipaggio-della-iuventa-amnesty-international-tempo-di-rimediare-a-un-grave-errore\/#primaryimage"},"thumbnailUrl":"https:\/\/www.pressenza.com\/wp-content\/uploads\/2023\/05\/Iuventa-con-migranti-salvati.jpg","datePublished":"2024-04-16T13:40:05+00:00","dateModified":"2024-04-16T13:41:29+00:00","description":"In vista della decisione, attesa per il 19 aprile nel corso dell'ultima udienza preliminare, sul procedimento contro i membri dell\u2019equipaggio della","breadcrumb":{"@id":"https:\/\/www.pressenza.com\/it\/2024\/04\/imminente-la-decisione-del-tribunale-sullequipaggio-della-iuventa-amnesty-international-tempo-di-rimediare-a-un-grave-errore\/#breadcrumb"},"inLanguage":"it-IT","potentialAction":[{"@type":"ReadAction","target":["https:\/\/www.pressenza.com\/it\/2024\/04\/imminente-la-decisione-del-tribunale-sullequipaggio-della-iuventa-amnesty-international-tempo-di-rimediare-a-un-grave-errore\/"]}]},{"@type":"ImageObject","inLanguage":"it-IT","@id":"https:\/\/www.pressenza.com\/it\/2024\/04\/imminente-la-decisione-del-tribunale-sullequipaggio-della-iuventa-amnesty-international-tempo-di-rimediare-a-un-grave-errore\/#primaryimage","url":"https:\/\/www.pressenza.com\/wp-content\/uploads\/2023\/05\/Iuventa-con-migranti-salvati.jpg","contentUrl":"https:\/\/www.pressenza.com\/wp-content\/uploads\/2023\/05\/Iuventa-con-migranti-salvati.jpg","width":1024,"height":684},{"@type":"BreadcrumbList","@id":"https:\/\/www.pressenza.com\/it\/2024\/04\/imminente-la-decisione-del-tribunale-sullequipaggio-della-iuventa-amnesty-international-tempo-di-rimediare-a-un-grave-errore\/#breadcrumb","itemListElement":[{"@type":"ListItem","position":1,"name":"Accueil","item":"https:\/\/www.pressenza.com\/it\/"},{"@type":"ListItem","position":2,"name":"Imminente la decisione del tribunale sull&#8217;equipaggio della Iuventa. Amnesty International: \u201cTempo di rimediare a un grave errore\u201d"}]},{"@type":"WebSite","@id":"https:\/\/www.pressenza.com\/it\/#website","url":"https:\/\/www.pressenza.com\/it\/","name":"Pressenza","description":"Agenzia di Stampa Internazionale","publisher":{"@id":"https:\/\/www.pressenza.com\/it\/#organization"},"potentialAction":[{"@type":"SearchAction","target":{"@type":"EntryPoint","urlTemplate":"https:\/\/www.pressenza.com\/it\/?s={search_term_string}"},"query-input":{"@type":"PropertyValueSpecification","valueRequired":true,"valueName":"search_term_string"}}],"inLanguage":"it-IT"},{"@type":"Organization","@id":"https:\/\/www.pressenza.com\/it\/#organization","name":"Pressenza","url":"https:\/\/www.pressenza.com\/it\/","logo":{"@type":"ImageObject","inLanguage":"it-IT","@id":"https:\/\/www.pressenza.com\/it\/#\/schema\/logo\/image\/","url":"https:\/\/www.pressenza.com\/wp-content\/uploads\/2022\/10\/pressenza_logo_200x200.jpg","contentUrl":"https:\/\/www.pressenza.com\/wp-content\/uploads\/2022\/10\/pressenza_logo_200x200.jpg","width":200,"height":200,"caption":"Pressenza"},"image":{"@id":"https:\/\/www.pressenza.com\/it\/#\/schema\/logo\/image\/"},"sameAs":["https:\/\/www.facebook.com\/PressenzaItalia","https:\/\/x.com\/PressenzaIPA"]},{"@type":"Person","@id":"https:\/\/www.pressenza.com\/it\/#\/schema\/person\/9b981b05c7ecf09292e6acb3223b2d9d","name":"Amnesty International","description":"Amnesty International is a global movement of more than 3 million supporters, members and activists in over 150 countries and territories who campaign to end grave abuses of human rights. Our vision is for every person to enjoy all the rights enshrined in the Universal Declaration of Human Rights and other international human rights standards. www.amnesty.org","sameAs":["http:\/\/www.amnesty.it","https:\/\/www.facebook.com\/amnestyglobal","https:\/\/x.com\/amnesty"],"url":"https:\/\/www.pressenza.com\/it\/author\/amnesty-international\/"}]}},"place":"","original_article_url":"","_links":{"self":[{"href":"https:\/\/www.pressenza.com\/it\/wp-json\/wp\/v2\/posts\/1838942","targetHints":{"allow":["GET"]}}],"collection":[{"href":"https:\/\/www.pressenza.com\/it\/wp-json\/wp\/v2\/posts"}],"about":[{"href":"https:\/\/www.pressenza.com\/it\/wp-json\/wp\/v2\/types\/post"}],"author":[{"embeddable":true,"href":"https:\/\/www.pressenza.com\/it\/wp-json\/wp\/v2\/users\/432"}],"replies":[{"embeddable":true,"href":"https:\/\/www.pressenza.com\/it\/wp-json\/wp\/v2\/comments?post=1838942"}],"version-history":[{"count":0,"href":"https:\/\/www.pressenza.com\/it\/wp-json\/wp\/v2\/posts\/1838942\/revisions"}],"wp:featuredmedia":[{"embeddable":true,"href":"https:\/\/www.pressenza.com\/it\/wp-json\/wp\/v2\/media\/1739574"}],"wp:attachment":[{"href":"https:\/\/www.pressenza.com\/it\/wp-json\/wp\/v2\/media?parent=1838942"}],"wp:term":[{"taxonomy":"category","embeddable":true,"href":"https:\/\/www.pressenza.com\/it\/wp-json\/wp\/v2\/categories?post=1838942"},{"taxonomy":"post_tag","embeddable":true,"href":"https:\/\/www.pressenza.com\/it\/wp-json\/wp\/v2\/tags?post=1838942"}],"curies":[{"name":"wp","href":"https:\/\/api.w.org\/{rel}","templated":true}]}}