{"id":1838582,"date":"2024-04-14T20:30:05","date_gmt":"2024-04-14T19:30:05","guid":{"rendered":"https:\/\/www.pressenza.com\/?p=1838582"},"modified":"2024-04-14T20:32:30","modified_gmt":"2024-04-14T19:32:30","slug":"morire-di-lavoro","status":"publish","type":"post","link":"https:\/\/www.pressenza.com\/it\/2024\/04\/morire-di-lavoro\/","title":{"rendered":"Morire di lavoro"},"content":{"rendered":"<p><em>Intervista a Serafino Biondo, CGIL \u201cLe radici del sindacato\u201d<\/em><\/p>\n<p>D. \u00c8 di qualche giorno fa l\u2019ennesima strage sul lavoro, nella centrale idroelettrica di Suviana sull\u2019Appennino Emiliano, che \u00e8 costata altre morti. Le cosiddette \u201cmorti bianche\u201d sono ormai pi\u00f9 numerose dei femminicidi, ma sembrano scandalizzare meno, quasi le mettessimo in un conto ovvio di rischi e perdite\u2026 Puoi farci il punto della situazione, dati alla mano?<\/p>\n<p>R. Non penso sia un problema di scandalo minore, sia i femminicidi che gli omicidi sul lavoro sono la cifra di una societ\u00e0 costruita dal capitale che utilizza lo sfruttamento e il patriarcato come strumenti di dominio. Credo che l\u2019attenzione mediatica maggiore su una questione piuttosto che sull\u2019altra sia soltanto merito del movimento femminista, che da un lato si \u00e8 imposto con una mobilitazione continua e con pratiche conflittuali, mentre sull\u2019altra questione abbiamo un movimento dei lavoratori e delle lavoratrici che non riesce a produrre una continuit\u00e0 di lotta sull\u2019argomento.<\/p>\n<p>Va anche sottolineato, a mio parere, che ci troviamo in presenza di un Sindacato che spesso sembra paralizzato di fronte ad eventi che necessitano evidentemente prese di posizione forti, fino alla convocazione di uno Sciopero Generale, e generalizzato oserei direi, sul tema. Dopodich\u00e9, detto questo, ci troviamo di fronte ad una situazione gravissima, con una media di 3 morti al giorno, tantissimi feriti gravi, per non parlare delle malattie professionali, altro tema su cui tanto c\u2019\u00e8 da fare.<\/p>\n<p>D. \u00c8 stata avviata un\u2019iniziativa per introdurre il reato di omicidio sul lavoro in analogia con l\u2019omicidio stradale. Non credi che pi\u00f9 del giustizialismo servirebbe la prevenzione? E quali misure preventive reputi indispensabili? Sono gi\u00e0 previste dalle leggi attuali o bisognerebbe aggiungerne?<\/p>\n<p>R. Io penso sia necessario introdurre il reato specifico. Chi come me si muove dentro le fabbriche, i cantieri, ma anche gli spazi del lavoro in generale, respira immediatamente il senso di impunit\u00e0 che spesso viene ostentato dai padroni. In Italia \u00e8 diffusa una cultura che vede nella salute e nella sicurezza dei lavoratori e delle lavoratrici un costo da ridurre per aumentare i profitti.<\/p>\n<p>Concordo poi sulla necessit\u00e0 di fare prevenzione. Essa \u00e8 fondamentale, partendo dall\u2019obbligo formativo, sia per le aziende che per i lavoratori e le lavoratrici. Certo deve essere una formazione vera, curata ed effettuata da enti formativi statali, non da privati che magari spesso rilasciano certificati senza che nessuno controlli l\u2019effettivo svolgimento dei corsi stessi.<\/p>\n<p>\u00c8 altrettanto necessario intervenire sull\u2019et\u00e0 pensionabile. Le cronache, purtroppo, sono piene di operai ed operaie ultra sessantenni che cadono dai ponteggi, inghiottiti dai macchinari, schiacciati dalle macerie, solo per fare qualche esempio. Sarebbe assolutamente utile legiferare e trovare risorse per il riconoscimento dei lavori usuranti.<\/p>\n<p>Infine, direi, che i tempi sono oltremodo maturi per ridurre l\u2019orario di lavoro settimanale. Diciamo che di misure che potrebbero avere un impatto immediato sul tema ne potremmo trovare a centinaia; peccato che il sistema politico del paese e quello imprenditoriale vivono la questione della salute, della sicurezza e dell\u2019ambiente nei posti di lavoro solo e soltanto come un costo, e quindi da ridurre o addirittura da cancellare.<\/p>\n<p>Diciamo che l\u2019attuale normativa di riferimento, il testo unico sulla sicurezza, il pi\u00f9 delle volte rimane un enorme manoscritto in qualche scaffale polveroso delle imprese italiane. Migliaia di morti sarebbero evitabili, se solo fossero rispettate le misure a tutela della salute e della sicurezza di lavoratori e lavoratrici.<\/p>\n<p>D. La scarsezza e la sporadicit\u00e0 dei controlli statali, dovute non solo o non tanto a connivenza, ma anche ai tagli alle risorse e alla conseguente poca disponibilit\u00e0 di personale, pesano anch\u2019esse sull\u2019intero sistema preventivo. Qual \u00e8 lo stato dell\u2019INAIL al momento?<\/p>\n<p>R. In Italia tanti sono gli enti che dovrebbero occuparsi di vigilare, controllare, formare, o semplicemente intervenire quando interpellati: INAIL, SPRESAL, ASP, Carabinieri, Ispettorati del lavoro, ognuno con le proprie competenze ed i propri settori d\u2019intervento. In realt\u00e0 \u00e8 un disastro, almeno sicuramente qua in Sicilia. Le poche squadre ispettive corrono da una parta all\u2019altra delle varie province, di prevenzione ovviamente neanche l\u2019ombra. Su questo \u00e8 necessario un intervento statale, che dia risorse da destinare a questo settore, piuttosto che aumentare le spese militari. Un paese che ha a cuore la condizione dei propri cittadini non dovrebbe permettere questo.<\/p>\n<p>D. La liberalizzazione di appalti e subappalti, incrementata da questo governo di ultradestra, il dilagare del lavoro irregolare, il caporalato in che misura contribuiscono ad aumentare l\u2019incidenza dei disastri? A morire sono sempre pi\u00f9 spesso immigrati senza contratto\u2026R. Questa \u00e8 una delle questioni centrali. La realt\u00e0 \u00e8 sotto gli occhi di tutti. Laddove maggiore \u00e8 la catena di appalti e subappalti, peggiori sono le condizioni lavorative ed ovviamente aumenta il rischio di farsi male, fino a morire. Tra l\u2019altro in queste condizioni anche l\u2019intervento sindacale si fa pi\u00f9 difficile, a volte quasi impossibile.<\/p>\n<p>Vi faccio un esempio: Fincantieri. A fronte di circa 8000 dipendenti diretti (in Italia) ci sono almeno 20000, spesso anche di pi\u00f9, lavoratori e lavoratrici delle ditte in appalto, di cui tantissimi immigrati. Gente che va, gente che viene, si sposta da un cantiere navale all\u2019altro, imprese che nascono come i funghi, poi spariscono. Insomma un marasma che rende complicato intercettare e quindi mettere in piedi un intervento sindacale su migliaia di persone. E questo \u00e8 solo un esempio, immaginate cosa succede in agricoltura, con episodi di vera e propria riduzione in schiavit\u00f9.<\/p>\n<p>Purtroppo, nonostante la necessit\u00e0 di intervenire con una legge che regoli la catena degli appalti, dei subappalti dove spesso si annida malaffare, l\u2019attuale Governo, si \u00e8 mosso in modo contrario, allargando ancora di pi\u00f9 le maglie di appalti e subappalti e quindi nei fatti alimentando un sistema che ha prodotto solo disastri sociali e morti.<\/p>\n<p>D. Qual \u00e8 l\u2019impegno del sindacato, e della vostra componente in particolare, a fronte di tanto dolore e tanta ingiustizia?<\/p>\n<p>R. L\u2019impegno \u00e8 quello di sempre, faticoso, snervante, spesso poco produttivo, ma necessario. C\u2019\u00e8 qualche esempio virtuoso. Penso al ciclo di lotte nella logistica, alla costituzione come parte civile da parte della FIOM nei processi di morti sul lavoro, alle centinaia di ore di sciopero messe in campo dalle RSU quando si verificano infortuni, alle campagne di sindacalizzazione fra i braccianti in Sicilia e Puglia. Questi sono solo alcuni esempi, tanti altri ne esistono. Forse per\u00f2 \u00e8 necessario dotarsi di altre armi, altri strumenti.<\/p>\n<p>Fondamentale \u00e8 la figura degli RLS (Rappresentanti dei Lavoratori per la Sicurezza), spesso unico baluardo a difesa della condizione di sicurezza nei posti di lavoro e per questo tantissime volte oggetto di rappresaglie vere e proprie da parte delle aziende. Ecco, sicuramente le Organizzazioni Sindacali devono destinare pi\u00f9 risorse, in termini formativi, proprio per queste figure.<\/p>\n<p>Per quanto riguarda la nostra componente, essa (Le radici del sindacato) \u00e8 composta nella quasi totalit\u00e0 da delegati e delegate RSU (Rappresentanze Sindacali Unitarie), spesso anche RLS, impegnati quindi quotidianamente dentro i posti di lavoro. Oltre a quest\u2019attivit\u00e0 di prima linea, abbiamo ritenuto che sia necessario costruire reti di confronto e scambio tra RLS, per questo qualche mese fa abbiamo costruito un\u2019importante assemblea sulla sicurezza a Padova.<\/p>\n<p>Infine, cosa importantissima, da anni ormai siamo protagoniste e protagonisti di una battaglia politica interna per spingere l\u2019organizzazione tutta ad una mobilitazione permanente sul tema, cosa che riteniamo assolutamente fondamentale e necessaria per costringere governo e controparti a trattare la questione con l\u2019urgenza e la necessit\u00e0 che merita.<\/p>\n","protected":false},"excerpt":{"rendered":"<p>Intervista a Serafino Biondo, CGIL \u201cLe radici del sindacato\u201d D. \u00c8 di qualche giorno fa l\u2019ennesima strage sul lavoro, nella centrale idroelettrica di Suviana sull\u2019Appennino Emiliano, che \u00e8 costata altre morti. Le cosiddette \u201cmorti bianche\u201d sono ormai pi\u00f9 numerose dei&hellip;<\/p>\n","protected":false},"author":2071,"featured_media":1061163,"comment_status":"closed","ping_status":"closed","sticky":false,"template":"","format":"standard","meta":{"footnotes":""},"categories":[60,62,157,1259],"tags":[113140,73867,10509],"class_list":["post-1838582","post","type-post","status-publish","format-standard","has-post-thumbnail","hentry","category-diritti-umani","category-economia","category-interviste","category-salute-argomento","tag-cgil-le-radici-del-sindacato","tag-morti-bianche","tag-sicurezza-sul-lavoro"],"yoast_head":"<!-- This site is optimized with the Yoast SEO plugin v27.1.1 - https:\/\/yoast.com\/product\/yoast-seo-wordpress\/ -->\n<title>Morire di lavoro<\/title>\n<meta name=\"description\" content=\"Intervista a Serafino Biondo, CGIL \u201cLe radici del sindacato\u201d D. \u00c8 di qualche giorno fa l\u2019ennesima strage sul lavoro, nella centrale idroelettrica di\" \/>\n<meta name=\"robots\" content=\"index, follow, max-snippet:-1, max-image-preview:large, max-video-preview:-1\" \/>\n<link rel=\"canonical\" href=\"https:\/\/www.pressenza.com\/it\/2024\/04\/morire-di-lavoro\/\" \/>\n<meta property=\"og:locale\" content=\"it_IT\" \/>\n<meta property=\"og:type\" content=\"article\" \/>\n<meta property=\"og:title\" content=\"Morire di lavoro\" \/>\n<meta property=\"og:description\" content=\"Intervista a Serafino Biondo, CGIL \u201cLe radici del sindacato\u201d D. \u00c8 di qualche giorno fa l\u2019ennesima strage sul lavoro, nella centrale idroelettrica di\" \/>\n<meta property=\"og:url\" content=\"https:\/\/www.pressenza.com\/it\/2024\/04\/morire-di-lavoro\/\" \/>\n<meta property=\"og:site_name\" content=\"Pressenza\" \/>\n<meta property=\"article:publisher\" content=\"https:\/\/www.facebook.com\/PressenzaItalia\" \/>\n<meta property=\"article:published_time\" content=\"2024-04-14T19:30:05+00:00\" \/>\n<meta property=\"article:modified_time\" content=\"2024-04-14T19:32:30+00:00\" \/>\n<meta property=\"og:image\" content=\"https:\/\/www.pressenza.com\/wp-content\/uploads\/2020\/03\/operai-768x358.jpeg\" \/>\n\t<meta property=\"og:image:width\" content=\"768\" \/>\n\t<meta property=\"og:image:height\" content=\"358\" \/>\n\t<meta property=\"og:image:type\" content=\"image\/jpeg\" \/>\n<meta name=\"author\" content=\"Daniela Musumeci\" \/>\n<meta name=\"twitter:card\" content=\"summary_large_image\" \/>\n<meta name=\"twitter:creator\" content=\"@PressenzaIPA\" \/>\n<meta name=\"twitter:site\" content=\"@PressenzaIPA\" \/>\n<meta name=\"twitter:label1\" content=\"Scritto da\" \/>\n\t<meta name=\"twitter:data1\" content=\"Daniela Musumeci\" \/>\n\t<meta name=\"twitter:label2\" content=\"Tempo di lettura stimato\" \/>\n\t<meta name=\"twitter:data2\" content=\"7 minuti\" \/>\n<script type=\"application\/ld+json\" class=\"yoast-schema-graph\">{\"@context\":\"https:\/\/schema.org\",\"@graph\":[{\"@type\":\"Article\",\"@id\":\"https:\/\/www.pressenza.com\/it\/2024\/04\/morire-di-lavoro\/#article\",\"isPartOf\":{\"@id\":\"https:\/\/www.pressenza.com\/it\/2024\/04\/morire-di-lavoro\/\"},\"author\":{\"name\":\"Daniela Musumeci\",\"@id\":\"https:\/\/www.pressenza.com\/it\/#\/schema\/person\/0572f6ebe44be483ac92970960e293ad\"},\"headline\":\"Morire di lavoro\",\"datePublished\":\"2024-04-14T19:30:05+00:00\",\"dateModified\":\"2024-04-14T19:32:30+00:00\",\"mainEntityOfPage\":{\"@id\":\"https:\/\/www.pressenza.com\/it\/2024\/04\/morire-di-lavoro\/\"},\"wordCount\":1224,\"publisher\":{\"@id\":\"https:\/\/www.pressenza.com\/it\/#organization\"},\"image\":{\"@id\":\"https:\/\/www.pressenza.com\/it\/2024\/04\/morire-di-lavoro\/#primaryimage\"},\"thumbnailUrl\":\"https:\/\/www.pressenza.com\/wp-content\/uploads\/2020\/03\/operai-768x358.jpeg\",\"keywords\":[\"Cgil- Le radici del sindacato\",\"morti bianche\",\"sicurezza sul lavoro\"],\"articleSection\":[\"Diritti Umani\",\"Economia\",\"Interviste\",\"Salute\"],\"inLanguage\":\"it-IT\"},{\"@type\":\"WebPage\",\"@id\":\"https:\/\/www.pressenza.com\/it\/2024\/04\/morire-di-lavoro\/\",\"url\":\"https:\/\/www.pressenza.com\/it\/2024\/04\/morire-di-lavoro\/\",\"name\":\"Morire di lavoro\",\"isPartOf\":{\"@id\":\"https:\/\/www.pressenza.com\/it\/#website\"},\"primaryImageOfPage\":{\"@id\":\"https:\/\/www.pressenza.com\/it\/2024\/04\/morire-di-lavoro\/#primaryimage\"},\"image\":{\"@id\":\"https:\/\/www.pressenza.com\/it\/2024\/04\/morire-di-lavoro\/#primaryimage\"},\"thumbnailUrl\":\"https:\/\/www.pressenza.com\/wp-content\/uploads\/2020\/03\/operai-768x358.jpeg\",\"datePublished\":\"2024-04-14T19:30:05+00:00\",\"dateModified\":\"2024-04-14T19:32:30+00:00\",\"description\":\"Intervista a Serafino Biondo, CGIL \u201cLe radici del sindacato\u201d D. \u00c8 di qualche giorno fa l\u2019ennesima strage sul lavoro, nella centrale idroelettrica di\",\"breadcrumb\":{\"@id\":\"https:\/\/www.pressenza.com\/it\/2024\/04\/morire-di-lavoro\/#breadcrumb\"},\"inLanguage\":\"it-IT\",\"potentialAction\":[{\"@type\":\"ReadAction\",\"target\":[\"https:\/\/www.pressenza.com\/it\/2024\/04\/morire-di-lavoro\/\"]}]},{\"@type\":\"ImageObject\",\"inLanguage\":\"it-IT\",\"@id\":\"https:\/\/www.pressenza.com\/it\/2024\/04\/morire-di-lavoro\/#primaryimage\",\"url\":\"https:\/\/www.pressenza.com\/wp-content\/uploads\/2020\/03\/operai-768x358.jpeg\",\"contentUrl\":\"https:\/\/www.pressenza.com\/wp-content\/uploads\/2020\/03\/operai-768x358.jpeg\",\"width\":768,\"height\":358},{\"@type\":\"BreadcrumbList\",\"@id\":\"https:\/\/www.pressenza.com\/it\/2024\/04\/morire-di-lavoro\/#breadcrumb\",\"itemListElement\":[{\"@type\":\"ListItem\",\"position\":1,\"name\":\"Accueil\",\"item\":\"https:\/\/www.pressenza.com\/it\/\"},{\"@type\":\"ListItem\",\"position\":2,\"name\":\"Morire di lavoro\"}]},{\"@type\":\"WebSite\",\"@id\":\"https:\/\/www.pressenza.com\/it\/#website\",\"url\":\"https:\/\/www.pressenza.com\/it\/\",\"name\":\"Pressenza\",\"description\":\"Agenzia di Stampa Internazionale\",\"publisher\":{\"@id\":\"https:\/\/www.pressenza.com\/it\/#organization\"},\"potentialAction\":[{\"@type\":\"SearchAction\",\"target\":{\"@type\":\"EntryPoint\",\"urlTemplate\":\"https:\/\/www.pressenza.com\/it\/?s={search_term_string}\"},\"query-input\":{\"@type\":\"PropertyValueSpecification\",\"valueRequired\":true,\"valueName\":\"search_term_string\"}}],\"inLanguage\":\"it-IT\"},{\"@type\":\"Organization\",\"@id\":\"https:\/\/www.pressenza.com\/it\/#organization\",\"name\":\"Pressenza\",\"url\":\"https:\/\/www.pressenza.com\/it\/\",\"logo\":{\"@type\":\"ImageObject\",\"inLanguage\":\"it-IT\",\"@id\":\"https:\/\/www.pressenza.com\/it\/#\/schema\/logo\/image\/\",\"url\":\"https:\/\/www.pressenza.com\/wp-content\/uploads\/2022\/10\/pressenza_logo_200x200.jpg\",\"contentUrl\":\"https:\/\/www.pressenza.com\/wp-content\/uploads\/2022\/10\/pressenza_logo_200x200.jpg\",\"width\":200,\"height\":200,\"caption\":\"Pressenza\"},\"image\":{\"@id\":\"https:\/\/www.pressenza.com\/it\/#\/schema\/logo\/image\/\"},\"sameAs\":[\"https:\/\/www.facebook.com\/PressenzaItalia\",\"https:\/\/x.com\/PressenzaIPA\"]},{\"@type\":\"Person\",\"@id\":\"https:\/\/www.pressenza.com\/it\/#\/schema\/person\/0572f6ebe44be483ac92970960e293ad\",\"name\":\"Daniela Musumeci\",\"description\":\"Daniela Musumeci \u00e8 nata nel 1953 a Palermo, dove ha insegnato filosofia e storia nei licei, scientifico e classico, occupandosi tra l\u2019altro di educazione alla interculturalit\u00e0, didattica antimafia e pedagogia della differenza. Ha pubblicato diverse raccolte di poesie e collaborato con la rivista \u201cMezzocielo\u201d e l\u2019associazione \u201cLuminaria\u201d. Attualmente partecipa alle attivit\u00e0 del No Mafia Memorial, del Caff\u00e8 Filosofico \u201cB. Bonetti\u201d e alla redazione di Palermo di Pressenza. \u00c8 volontaria di Refugees Welcome Italia. Ha curato con altre autrici un\u2019antologia di scrittrici e scrittori siciliani di ogni tempo.\",\"url\":\"https:\/\/www.pressenza.com\/it\/author\/daniela-musumeci\/\"}]}<\/script>\n<!-- \/ Yoast SEO plugin. -->","yoast_head_json":{"title":"Morire di lavoro","description":"Intervista a Serafino Biondo, CGIL \u201cLe radici del sindacato\u201d D. \u00c8 di qualche giorno fa l\u2019ennesima strage sul lavoro, nella centrale idroelettrica di","robots":{"index":"index","follow":"follow","max-snippet":"max-snippet:-1","max-image-preview":"max-image-preview:large","max-video-preview":"max-video-preview:-1"},"canonical":"https:\/\/www.pressenza.com\/it\/2024\/04\/morire-di-lavoro\/","og_locale":"it_IT","og_type":"article","og_title":"Morire di lavoro","og_description":"Intervista a Serafino Biondo, CGIL \u201cLe radici del sindacato\u201d D. \u00c8 di qualche giorno fa l\u2019ennesima strage sul lavoro, nella centrale idroelettrica di","og_url":"https:\/\/www.pressenza.com\/it\/2024\/04\/morire-di-lavoro\/","og_site_name":"Pressenza","article_publisher":"https:\/\/www.facebook.com\/PressenzaItalia","article_published_time":"2024-04-14T19:30:05+00:00","article_modified_time":"2024-04-14T19:32:30+00:00","og_image":[{"width":768,"height":358,"url":"https:\/\/www.pressenza.com\/wp-content\/uploads\/2020\/03\/operai-768x358.jpeg","type":"image\/jpeg"}],"author":"Daniela Musumeci","twitter_card":"summary_large_image","twitter_creator":"@PressenzaIPA","twitter_site":"@PressenzaIPA","twitter_misc":{"Scritto da":"Daniela Musumeci","Tempo di lettura stimato":"7 minuti"},"schema":{"@context":"https:\/\/schema.org","@graph":[{"@type":"Article","@id":"https:\/\/www.pressenza.com\/it\/2024\/04\/morire-di-lavoro\/#article","isPartOf":{"@id":"https:\/\/www.pressenza.com\/it\/2024\/04\/morire-di-lavoro\/"},"author":{"name":"Daniela Musumeci","@id":"https:\/\/www.pressenza.com\/it\/#\/schema\/person\/0572f6ebe44be483ac92970960e293ad"},"headline":"Morire di lavoro","datePublished":"2024-04-14T19:30:05+00:00","dateModified":"2024-04-14T19:32:30+00:00","mainEntityOfPage":{"@id":"https:\/\/www.pressenza.com\/it\/2024\/04\/morire-di-lavoro\/"},"wordCount":1224,"publisher":{"@id":"https:\/\/www.pressenza.com\/it\/#organization"},"image":{"@id":"https:\/\/www.pressenza.com\/it\/2024\/04\/morire-di-lavoro\/#primaryimage"},"thumbnailUrl":"https:\/\/www.pressenza.com\/wp-content\/uploads\/2020\/03\/operai-768x358.jpeg","keywords":["Cgil- Le radici del sindacato","morti bianche","sicurezza sul lavoro"],"articleSection":["Diritti Umani","Economia","Interviste","Salute"],"inLanguage":"it-IT"},{"@type":"WebPage","@id":"https:\/\/www.pressenza.com\/it\/2024\/04\/morire-di-lavoro\/","url":"https:\/\/www.pressenza.com\/it\/2024\/04\/morire-di-lavoro\/","name":"Morire di lavoro","isPartOf":{"@id":"https:\/\/www.pressenza.com\/it\/#website"},"primaryImageOfPage":{"@id":"https:\/\/www.pressenza.com\/it\/2024\/04\/morire-di-lavoro\/#primaryimage"},"image":{"@id":"https:\/\/www.pressenza.com\/it\/2024\/04\/morire-di-lavoro\/#primaryimage"},"thumbnailUrl":"https:\/\/www.pressenza.com\/wp-content\/uploads\/2020\/03\/operai-768x358.jpeg","datePublished":"2024-04-14T19:30:05+00:00","dateModified":"2024-04-14T19:32:30+00:00","description":"Intervista a Serafino Biondo, CGIL \u201cLe radici del sindacato\u201d D. \u00c8 di qualche giorno fa l\u2019ennesima strage sul lavoro, nella centrale idroelettrica di","breadcrumb":{"@id":"https:\/\/www.pressenza.com\/it\/2024\/04\/morire-di-lavoro\/#breadcrumb"},"inLanguage":"it-IT","potentialAction":[{"@type":"ReadAction","target":["https:\/\/www.pressenza.com\/it\/2024\/04\/morire-di-lavoro\/"]}]},{"@type":"ImageObject","inLanguage":"it-IT","@id":"https:\/\/www.pressenza.com\/it\/2024\/04\/morire-di-lavoro\/#primaryimage","url":"https:\/\/www.pressenza.com\/wp-content\/uploads\/2020\/03\/operai-768x358.jpeg","contentUrl":"https:\/\/www.pressenza.com\/wp-content\/uploads\/2020\/03\/operai-768x358.jpeg","width":768,"height":358},{"@type":"BreadcrumbList","@id":"https:\/\/www.pressenza.com\/it\/2024\/04\/morire-di-lavoro\/#breadcrumb","itemListElement":[{"@type":"ListItem","position":1,"name":"Accueil","item":"https:\/\/www.pressenza.com\/it\/"},{"@type":"ListItem","position":2,"name":"Morire di lavoro"}]},{"@type":"WebSite","@id":"https:\/\/www.pressenza.com\/it\/#website","url":"https:\/\/www.pressenza.com\/it\/","name":"Pressenza","description":"Agenzia di Stampa Internazionale","publisher":{"@id":"https:\/\/www.pressenza.com\/it\/#organization"},"potentialAction":[{"@type":"SearchAction","target":{"@type":"EntryPoint","urlTemplate":"https:\/\/www.pressenza.com\/it\/?s={search_term_string}"},"query-input":{"@type":"PropertyValueSpecification","valueRequired":true,"valueName":"search_term_string"}}],"inLanguage":"it-IT"},{"@type":"Organization","@id":"https:\/\/www.pressenza.com\/it\/#organization","name":"Pressenza","url":"https:\/\/www.pressenza.com\/it\/","logo":{"@type":"ImageObject","inLanguage":"it-IT","@id":"https:\/\/www.pressenza.com\/it\/#\/schema\/logo\/image\/","url":"https:\/\/www.pressenza.com\/wp-content\/uploads\/2022\/10\/pressenza_logo_200x200.jpg","contentUrl":"https:\/\/www.pressenza.com\/wp-content\/uploads\/2022\/10\/pressenza_logo_200x200.jpg","width":200,"height":200,"caption":"Pressenza"},"image":{"@id":"https:\/\/www.pressenza.com\/it\/#\/schema\/logo\/image\/"},"sameAs":["https:\/\/www.facebook.com\/PressenzaItalia","https:\/\/x.com\/PressenzaIPA"]},{"@type":"Person","@id":"https:\/\/www.pressenza.com\/it\/#\/schema\/person\/0572f6ebe44be483ac92970960e293ad","name":"Daniela Musumeci","description":"Daniela Musumeci \u00e8 nata nel 1953 a Palermo, dove ha insegnato filosofia e storia nei licei, scientifico e classico, occupandosi tra l\u2019altro di educazione alla interculturalit\u00e0, didattica antimafia e pedagogia della differenza. Ha pubblicato diverse raccolte di poesie e collaborato con la rivista \u201cMezzocielo\u201d e l\u2019associazione \u201cLuminaria\u201d. Attualmente partecipa alle attivit\u00e0 del No Mafia Memorial, del Caff\u00e8 Filosofico \u201cB. Bonetti\u201d e alla redazione di Palermo di Pressenza. \u00c8 volontaria di Refugees Welcome Italia. Ha curato con altre autrici un\u2019antologia di scrittrici e scrittori siciliani di ogni tempo.","url":"https:\/\/www.pressenza.com\/it\/author\/daniela-musumeci\/"}]}},"place":"","original_article_url":"","_links":{"self":[{"href":"https:\/\/www.pressenza.com\/it\/wp-json\/wp\/v2\/posts\/1838582","targetHints":{"allow":["GET"]}}],"collection":[{"href":"https:\/\/www.pressenza.com\/it\/wp-json\/wp\/v2\/posts"}],"about":[{"href":"https:\/\/www.pressenza.com\/it\/wp-json\/wp\/v2\/types\/post"}],"author":[{"embeddable":true,"href":"https:\/\/www.pressenza.com\/it\/wp-json\/wp\/v2\/users\/2071"}],"replies":[{"embeddable":true,"href":"https:\/\/www.pressenza.com\/it\/wp-json\/wp\/v2\/comments?post=1838582"}],"version-history":[{"count":0,"href":"https:\/\/www.pressenza.com\/it\/wp-json\/wp\/v2\/posts\/1838582\/revisions"}],"wp:featuredmedia":[{"embeddable":true,"href":"https:\/\/www.pressenza.com\/it\/wp-json\/wp\/v2\/media\/1061163"}],"wp:attachment":[{"href":"https:\/\/www.pressenza.com\/it\/wp-json\/wp\/v2\/media?parent=1838582"}],"wp:term":[{"taxonomy":"category","embeddable":true,"href":"https:\/\/www.pressenza.com\/it\/wp-json\/wp\/v2\/categories?post=1838582"},{"taxonomy":"post_tag","embeddable":true,"href":"https:\/\/www.pressenza.com\/it\/wp-json\/wp\/v2\/tags?post=1838582"}],"curies":[{"name":"wp","href":"https:\/\/api.w.org\/{rel}","templated":true}]}}