{"id":1837812,"date":"2024-04-10T10:09:23","date_gmt":"2024-04-10T09:09:23","guid":{"rendered":"https:\/\/www.pressenza.com\/?p=1837812"},"modified":"2024-04-10T10:11:30","modified_gmt":"2024-04-10T09:11:30","slug":"milano-giovedi-11-aprile-assemblea-aperta-contro-la-militarizzazione-di-universita-e-societa","status":"publish","type":"post","link":"https:\/\/www.pressenza.com\/it\/2024\/04\/milano-giovedi-11-aprile-assemblea-aperta-contro-la-militarizzazione-di-universita-e-societa\/","title":{"rendered":"Milano, gioved\u00ec 11 aprile, assemblea aperta contro la militarizzazione di universit\u00e0 e societ\u00e0"},"content":{"rendered":"<p>L\u2019istituzione universitaria oggi come non mai si rende complice dell\u2019industria bellica, attraverso uno scambio di competenze e strumenti intricato e non sempre facilmente identificabile. Il contributo che la ricerca sviluppata nelle universit\u00e0 d\u00e0 alle aziende belliche non \u00e8 solo indiretto, ma anche diretto: gli atenei stringono sempre pi\u00f9 collaborazioni con aziende che operano nell\u2019universo militare.<\/p>\n<p>Si tratta di accordi e committenze che portano ricercatori e ricercatrici a lavorare su progetti condivisi con imprese che producono armamenti, con continui scambi di conoscenza. Ovviamente questo meccanismo \u00e8 favorito dalla sempre pi\u00f9 imperante logica aziendalistica che invade le istituzioni educative.<\/p>\n<p>Con il professore<strong>\u00a0Michele Lancione\u00a0<\/strong>del Politecnico di Torino, luned\u00ec 26 marzo in Festa del Perdono, abbiamo parlato di come spesso i frutti della ricerca universitaria in ambito civile vengono trasferite al contesto militare. A partire dagli ambiti pi\u00f9 squisitamente tecnici fino a quelli di natura legale e umanistica, la compenetrazione tra universit\u00e0 e guerra si fa sempre pi\u00f9 fitta. Sono numerosi gli esempi di cui disponiamo. Per citarne uno, il mese di maggio vedr\u00e0 la partecipazione di 12 atenei all\u2019esercitazione Mare Aperto, il pi\u00f9 grande evento addestrativo della Marina Militare italiana. Fra i partecipanti la Statale di Milano, che invier\u00e0 alcuni studenti di Relazioni Internazionali a formarsi come consulenti legali e politici lavorando al fianco del comando militare.<\/p>\n<p>Partire dalla consapevolezza del funzionamento nel pratico di questo fenomeno pu\u00f2 aiutarci a creare una spinta di opposizione a queste logiche mortifere.<\/p>\n<p><strong>Ci vediamo l\u201911 aprile alle 16 a Milano in chiostro Legnaia (via Festa del Perdono) per parlare di come organizzarci per contrastare la militarizzazione nelle nostre universit\u00e0!<\/strong><\/p>\n<p><strong><a href=\"https:\/\/osservatorionomilscuola.com\/\">Osservatorio contro la militarizzazione delle scuole e delle universit\u00e0<\/a><\/strong><\/p>\n<p>&nbsp;<\/p>\n","protected":false},"excerpt":{"rendered":"<p>L\u2019istituzione universitaria oggi come non mai si rende complice dell\u2019industria bellica, attraverso uno scambio di competenze e strumenti intricato e non sempre facilmente identificabile. Il contributo che la ricerca sviluppata nelle universit\u00e0 d\u00e0 alle aziende belliche non \u00e8 solo indiretto,&hellip;<\/p>\n","protected":false},"author":1722,"featured_media":1837813,"comment_status":"closed","ping_status":"closed","sticky":false,"template":"","format":"standard","meta":{"footnotes":""},"categories":[150,1258,47,1263],"tags":[2504,4339,562,638,1588,2808],"class_list":["post-1837812","post","type-post","status-publish","format-standard","has-post-thumbnail","hentry","category-comunicati-stampa","category-educazione","category-europa","category-pace-disarmo","tag-assemblea","tag-eventi","tag-industria-bellica","tag-militarizzazione","tag-scuole","tag-universita"],"yoast_head":"<!-- This site is optimized with the Yoast SEO plugin v27.1.1 - https:\/\/yoast.com\/product\/yoast-seo-wordpress\/ -->\n<title>Milano, gioved\u00ec 11 aprile, assemblea aperta contro la militarizzazione di universit\u00e0 e societ\u00e0<\/title>\n<meta name=\"description\" content=\"L\u2019istituzione universitaria oggi come non mai si rende complice dell\u2019industria bellica, attraverso uno scambio di competenze e strumenti intricato e non\" \/>\n<meta name=\"robots\" content=\"index, follow, max-snippet:-1, max-image-preview:large, max-video-preview:-1\" \/>\n<link rel=\"canonical\" href=\"https:\/\/www.pressenza.com\/it\/2024\/04\/milano-giovedi-11-aprile-assemblea-aperta-contro-la-militarizzazione-di-universita-e-societa\/\" \/>\n<meta property=\"og:locale\" content=\"it_IT\" \/>\n<meta property=\"og:type\" content=\"article\" \/>\n<meta property=\"og:title\" content=\"Milano, gioved\u00ec 11 aprile, assemblea aperta contro la militarizzazione di universit\u00e0 e societ\u00e0\" \/>\n<meta property=\"og:description\" content=\"L\u2019istituzione universitaria oggi come non mai si rende complice dell\u2019industria bellica, attraverso uno scambio di competenze e strumenti intricato e non\" \/>\n<meta property=\"og:url\" content=\"https:\/\/www.pressenza.com\/it\/2024\/04\/milano-giovedi-11-aprile-assemblea-aperta-contro-la-militarizzazione-di-universita-e-societa\/\" \/>\n<meta property=\"og:site_name\" content=\"Pressenza\" \/>\n<meta property=\"article:publisher\" content=\"https:\/\/www.facebook.com\/PressenzaItalia\" \/>\n<meta property=\"article:published_time\" content=\"2024-04-10T09:09:23+00:00\" \/>\n<meta property=\"article:modified_time\" content=\"2024-04-10T09:11:30+00:00\" \/>\n<meta property=\"og:image\" content=\"https:\/\/www.pressenza.com\/wp-content\/uploads\/2024\/04\/assemblea-contro-militarizzazione-rit.jpg\" \/>\n\t<meta property=\"og:image:width\" content=\"1186\" \/>\n\t<meta property=\"og:image:height\" content=\"1114\" \/>\n\t<meta property=\"og:image:type\" content=\"image\/jpeg\" \/>\n<meta name=\"author\" content=\"Redazione Milano\" \/>\n<meta name=\"twitter:card\" content=\"summary_large_image\" \/>\n<meta name=\"twitter:creator\" content=\"@PressenzaIPA\" \/>\n<meta name=\"twitter:site\" content=\"@PressenzaIPA\" \/>\n<meta name=\"twitter:label1\" content=\"Scritto da\" \/>\n\t<meta name=\"twitter:data1\" content=\"Redazione Milano\" \/>\n\t<meta name=\"twitter:label2\" content=\"Tempo di lettura stimato\" \/>\n\t<meta name=\"twitter:data2\" content=\"2 minuti\" \/>\n<script type=\"application\/ld+json\" class=\"yoast-schema-graph\">{\"@context\":\"https:\/\/schema.org\",\"@graph\":[{\"@type\":\"Article\",\"@id\":\"https:\/\/www.pressenza.com\/it\/2024\/04\/milano-giovedi-11-aprile-assemblea-aperta-contro-la-militarizzazione-di-universita-e-societa\/#article\",\"isPartOf\":{\"@id\":\"https:\/\/www.pressenza.com\/it\/2024\/04\/milano-giovedi-11-aprile-assemblea-aperta-contro-la-militarizzazione-di-universita-e-societa\/\"},\"author\":{\"name\":\"Redazione Milano\",\"@id\":\"https:\/\/www.pressenza.com\/it\/#\/schema\/person\/746fc8cdd6c8e3d918fb5714b3583e41\"},\"headline\":\"Milano, gioved\u00ec 11 aprile, assemblea aperta contro la militarizzazione di universit\u00e0 e societ\u00e0\",\"datePublished\":\"2024-04-10T09:09:23+00:00\",\"dateModified\":\"2024-04-10T09:11:30+00:00\",\"mainEntityOfPage\":{\"@id\":\"https:\/\/www.pressenza.com\/it\/2024\/04\/milano-giovedi-11-aprile-assemblea-aperta-contro-la-militarizzazione-di-universita-e-societa\/\"},\"wordCount\":286,\"publisher\":{\"@id\":\"https:\/\/www.pressenza.com\/it\/#organization\"},\"image\":{\"@id\":\"https:\/\/www.pressenza.com\/it\/2024\/04\/milano-giovedi-11-aprile-assemblea-aperta-contro-la-militarizzazione-di-universita-e-societa\/#primaryimage\"},\"thumbnailUrl\":\"https:\/\/www.pressenza.com\/wp-content\/uploads\/2024\/04\/assemblea-contro-militarizzazione-rit.jpg\",\"keywords\":[\"assemblea\",\"eventi\",\"industria bellica\",\"militarizzazione\",\"scuole\",\"universit\u00e0\"],\"articleSection\":[\"Comunicati Stampa\",\"Educazione\",\"Europa\",\"Pace e Disarmo\"],\"inLanguage\":\"it-IT\"},{\"@type\":\"WebPage\",\"@id\":\"https:\/\/www.pressenza.com\/it\/2024\/04\/milano-giovedi-11-aprile-assemblea-aperta-contro-la-militarizzazione-di-universita-e-societa\/\",\"url\":\"https:\/\/www.pressenza.com\/it\/2024\/04\/milano-giovedi-11-aprile-assemblea-aperta-contro-la-militarizzazione-di-universita-e-societa\/\",\"name\":\"Milano, gioved\u00ec 11 aprile, assemblea aperta contro la militarizzazione di universit\u00e0 e societ\u00e0\",\"isPartOf\":{\"@id\":\"https:\/\/www.pressenza.com\/it\/#website\"},\"primaryImageOfPage\":{\"@id\":\"https:\/\/www.pressenza.com\/it\/2024\/04\/milano-giovedi-11-aprile-assemblea-aperta-contro-la-militarizzazione-di-universita-e-societa\/#primaryimage\"},\"image\":{\"@id\":\"https:\/\/www.pressenza.com\/it\/2024\/04\/milano-giovedi-11-aprile-assemblea-aperta-contro-la-militarizzazione-di-universita-e-societa\/#primaryimage\"},\"thumbnailUrl\":\"https:\/\/www.pressenza.com\/wp-content\/uploads\/2024\/04\/assemblea-contro-militarizzazione-rit.jpg\",\"datePublished\":\"2024-04-10T09:09:23+00:00\",\"dateModified\":\"2024-04-10T09:11:30+00:00\",\"description\":\"L\u2019istituzione universitaria oggi come non mai si rende complice dell\u2019industria bellica, attraverso uno scambio di competenze e strumenti intricato e non\",\"breadcrumb\":{\"@id\":\"https:\/\/www.pressenza.com\/it\/2024\/04\/milano-giovedi-11-aprile-assemblea-aperta-contro-la-militarizzazione-di-universita-e-societa\/#breadcrumb\"},\"inLanguage\":\"it-IT\",\"potentialAction\":[{\"@type\":\"ReadAction\",\"target\":[\"https:\/\/www.pressenza.com\/it\/2024\/04\/milano-giovedi-11-aprile-assemblea-aperta-contro-la-militarizzazione-di-universita-e-societa\/\"]}]},{\"@type\":\"ImageObject\",\"inLanguage\":\"it-IT\",\"@id\":\"https:\/\/www.pressenza.com\/it\/2024\/04\/milano-giovedi-11-aprile-assemblea-aperta-contro-la-militarizzazione-di-universita-e-societa\/#primaryimage\",\"url\":\"https:\/\/www.pressenza.com\/wp-content\/uploads\/2024\/04\/assemblea-contro-militarizzazione-rit.jpg\",\"contentUrl\":\"https:\/\/www.pressenza.com\/wp-content\/uploads\/2024\/04\/assemblea-contro-militarizzazione-rit.jpg\",\"width\":1186,\"height\":1114},{\"@type\":\"BreadcrumbList\",\"@id\":\"https:\/\/www.pressenza.com\/it\/2024\/04\/milano-giovedi-11-aprile-assemblea-aperta-contro-la-militarizzazione-di-universita-e-societa\/#breadcrumb\",\"itemListElement\":[{\"@type\":\"ListItem\",\"position\":1,\"name\":\"Accueil\",\"item\":\"https:\/\/www.pressenza.com\/it\/\"},{\"@type\":\"ListItem\",\"position\":2,\"name\":\"Milano, gioved\u00ec 11 aprile, assemblea aperta contro la militarizzazione di universit\u00e0 e societ\u00e0\"}]},{\"@type\":\"WebSite\",\"@id\":\"https:\/\/www.pressenza.com\/it\/#website\",\"url\":\"https:\/\/www.pressenza.com\/it\/\",\"name\":\"Pressenza\",\"description\":\"Agenzia di Stampa Internazionale\",\"publisher\":{\"@id\":\"https:\/\/www.pressenza.com\/it\/#organization\"},\"potentialAction\":[{\"@type\":\"SearchAction\",\"target\":{\"@type\":\"EntryPoint\",\"urlTemplate\":\"https:\/\/www.pressenza.com\/it\/?s={search_term_string}\"},\"query-input\":{\"@type\":\"PropertyValueSpecification\",\"valueRequired\":true,\"valueName\":\"search_term_string\"}}],\"inLanguage\":\"it-IT\"},{\"@type\":\"Organization\",\"@id\":\"https:\/\/www.pressenza.com\/it\/#organization\",\"name\":\"Pressenza\",\"url\":\"https:\/\/www.pressenza.com\/it\/\",\"logo\":{\"@type\":\"ImageObject\",\"inLanguage\":\"it-IT\",\"@id\":\"https:\/\/www.pressenza.com\/it\/#\/schema\/logo\/image\/\",\"url\":\"https:\/\/www.pressenza.com\/wp-content\/uploads\/2022\/10\/pressenza_logo_200x200.jpg\",\"contentUrl\":\"https:\/\/www.pressenza.com\/wp-content\/uploads\/2022\/10\/pressenza_logo_200x200.jpg\",\"width\":200,\"height\":200,\"caption\":\"Pressenza\"},\"image\":{\"@id\":\"https:\/\/www.pressenza.com\/it\/#\/schema\/logo\/image\/\"},\"sameAs\":[\"https:\/\/www.facebook.com\/PressenzaItalia\",\"https:\/\/x.com\/PressenzaIPA\"]},{\"@type\":\"Person\",\"@id\":\"https:\/\/www.pressenza.com\/it\/#\/schema\/person\/746fc8cdd6c8e3d918fb5714b3583e41\",\"name\":\"Redazione Milano\",\"description\":\"News from the Pressenza Bureau in Milan, Italy\",\"url\":\"https:\/\/www.pressenza.com\/it\/author\/redazione-milano\/\"}]}<\/script>\n<!-- \/ Yoast SEO plugin. -->","yoast_head_json":{"title":"Milano, gioved\u00ec 11 aprile, assemblea aperta contro la militarizzazione di universit\u00e0 e societ\u00e0","description":"L\u2019istituzione universitaria oggi come non mai si rende complice dell\u2019industria bellica, attraverso uno scambio di competenze e strumenti intricato e non","robots":{"index":"index","follow":"follow","max-snippet":"max-snippet:-1","max-image-preview":"max-image-preview:large","max-video-preview":"max-video-preview:-1"},"canonical":"https:\/\/www.pressenza.com\/it\/2024\/04\/milano-giovedi-11-aprile-assemblea-aperta-contro-la-militarizzazione-di-universita-e-societa\/","og_locale":"it_IT","og_type":"article","og_title":"Milano, gioved\u00ec 11 aprile, assemblea aperta contro la militarizzazione di universit\u00e0 e societ\u00e0","og_description":"L\u2019istituzione universitaria oggi come non mai si rende complice dell\u2019industria bellica, attraverso uno scambio di competenze e strumenti intricato e non","og_url":"https:\/\/www.pressenza.com\/it\/2024\/04\/milano-giovedi-11-aprile-assemblea-aperta-contro-la-militarizzazione-di-universita-e-societa\/","og_site_name":"Pressenza","article_publisher":"https:\/\/www.facebook.com\/PressenzaItalia","article_published_time":"2024-04-10T09:09:23+00:00","article_modified_time":"2024-04-10T09:11:30+00:00","og_image":[{"width":1186,"height":1114,"url":"https:\/\/www.pressenza.com\/wp-content\/uploads\/2024\/04\/assemblea-contro-militarizzazione-rit.jpg","type":"image\/jpeg"}],"author":"Redazione Milano","twitter_card":"summary_large_image","twitter_creator":"@PressenzaIPA","twitter_site":"@PressenzaIPA","twitter_misc":{"Scritto da":"Redazione Milano","Tempo di lettura stimato":"2 minuti"},"schema":{"@context":"https:\/\/schema.org","@graph":[{"@type":"Article","@id":"https:\/\/www.pressenza.com\/it\/2024\/04\/milano-giovedi-11-aprile-assemblea-aperta-contro-la-militarizzazione-di-universita-e-societa\/#article","isPartOf":{"@id":"https:\/\/www.pressenza.com\/it\/2024\/04\/milano-giovedi-11-aprile-assemblea-aperta-contro-la-militarizzazione-di-universita-e-societa\/"},"author":{"name":"Redazione Milano","@id":"https:\/\/www.pressenza.com\/it\/#\/schema\/person\/746fc8cdd6c8e3d918fb5714b3583e41"},"headline":"Milano, gioved\u00ec 11 aprile, assemblea aperta contro la militarizzazione di universit\u00e0 e societ\u00e0","datePublished":"2024-04-10T09:09:23+00:00","dateModified":"2024-04-10T09:11:30+00:00","mainEntityOfPage":{"@id":"https:\/\/www.pressenza.com\/it\/2024\/04\/milano-giovedi-11-aprile-assemblea-aperta-contro-la-militarizzazione-di-universita-e-societa\/"},"wordCount":286,"publisher":{"@id":"https:\/\/www.pressenza.com\/it\/#organization"},"image":{"@id":"https:\/\/www.pressenza.com\/it\/2024\/04\/milano-giovedi-11-aprile-assemblea-aperta-contro-la-militarizzazione-di-universita-e-societa\/#primaryimage"},"thumbnailUrl":"https:\/\/www.pressenza.com\/wp-content\/uploads\/2024\/04\/assemblea-contro-militarizzazione-rit.jpg","keywords":["assemblea","eventi","industria bellica","militarizzazione","scuole","universit\u00e0"],"articleSection":["Comunicati Stampa","Educazione","Europa","Pace e Disarmo"],"inLanguage":"it-IT"},{"@type":"WebPage","@id":"https:\/\/www.pressenza.com\/it\/2024\/04\/milano-giovedi-11-aprile-assemblea-aperta-contro-la-militarizzazione-di-universita-e-societa\/","url":"https:\/\/www.pressenza.com\/it\/2024\/04\/milano-giovedi-11-aprile-assemblea-aperta-contro-la-militarizzazione-di-universita-e-societa\/","name":"Milano, gioved\u00ec 11 aprile, assemblea aperta contro la militarizzazione di universit\u00e0 e societ\u00e0","isPartOf":{"@id":"https:\/\/www.pressenza.com\/it\/#website"},"primaryImageOfPage":{"@id":"https:\/\/www.pressenza.com\/it\/2024\/04\/milano-giovedi-11-aprile-assemblea-aperta-contro-la-militarizzazione-di-universita-e-societa\/#primaryimage"},"image":{"@id":"https:\/\/www.pressenza.com\/it\/2024\/04\/milano-giovedi-11-aprile-assemblea-aperta-contro-la-militarizzazione-di-universita-e-societa\/#primaryimage"},"thumbnailUrl":"https:\/\/www.pressenza.com\/wp-content\/uploads\/2024\/04\/assemblea-contro-militarizzazione-rit.jpg","datePublished":"2024-04-10T09:09:23+00:00","dateModified":"2024-04-10T09:11:30+00:00","description":"L\u2019istituzione universitaria oggi come non mai si rende complice dell\u2019industria bellica, attraverso uno scambio di competenze e strumenti intricato e non","breadcrumb":{"@id":"https:\/\/www.pressenza.com\/it\/2024\/04\/milano-giovedi-11-aprile-assemblea-aperta-contro-la-militarizzazione-di-universita-e-societa\/#breadcrumb"},"inLanguage":"it-IT","potentialAction":[{"@type":"ReadAction","target":["https:\/\/www.pressenza.com\/it\/2024\/04\/milano-giovedi-11-aprile-assemblea-aperta-contro-la-militarizzazione-di-universita-e-societa\/"]}]},{"@type":"ImageObject","inLanguage":"it-IT","@id":"https:\/\/www.pressenza.com\/it\/2024\/04\/milano-giovedi-11-aprile-assemblea-aperta-contro-la-militarizzazione-di-universita-e-societa\/#primaryimage","url":"https:\/\/www.pressenza.com\/wp-content\/uploads\/2024\/04\/assemblea-contro-militarizzazione-rit.jpg","contentUrl":"https:\/\/www.pressenza.com\/wp-content\/uploads\/2024\/04\/assemblea-contro-militarizzazione-rit.jpg","width":1186,"height":1114},{"@type":"BreadcrumbList","@id":"https:\/\/www.pressenza.com\/it\/2024\/04\/milano-giovedi-11-aprile-assemblea-aperta-contro-la-militarizzazione-di-universita-e-societa\/#breadcrumb","itemListElement":[{"@type":"ListItem","position":1,"name":"Accueil","item":"https:\/\/www.pressenza.com\/it\/"},{"@type":"ListItem","position":2,"name":"Milano, gioved\u00ec 11 aprile, assemblea aperta contro la militarizzazione di universit\u00e0 e societ\u00e0"}]},{"@type":"WebSite","@id":"https:\/\/www.pressenza.com\/it\/#website","url":"https:\/\/www.pressenza.com\/it\/","name":"Pressenza","description":"Agenzia di Stampa Internazionale","publisher":{"@id":"https:\/\/www.pressenza.com\/it\/#organization"},"potentialAction":[{"@type":"SearchAction","target":{"@type":"EntryPoint","urlTemplate":"https:\/\/www.pressenza.com\/it\/?s={search_term_string}"},"query-input":{"@type":"PropertyValueSpecification","valueRequired":true,"valueName":"search_term_string"}}],"inLanguage":"it-IT"},{"@type":"Organization","@id":"https:\/\/www.pressenza.com\/it\/#organization","name":"Pressenza","url":"https:\/\/www.pressenza.com\/it\/","logo":{"@type":"ImageObject","inLanguage":"it-IT","@id":"https:\/\/www.pressenza.com\/it\/#\/schema\/logo\/image\/","url":"https:\/\/www.pressenza.com\/wp-content\/uploads\/2022\/10\/pressenza_logo_200x200.jpg","contentUrl":"https:\/\/www.pressenza.com\/wp-content\/uploads\/2022\/10\/pressenza_logo_200x200.jpg","width":200,"height":200,"caption":"Pressenza"},"image":{"@id":"https:\/\/www.pressenza.com\/it\/#\/schema\/logo\/image\/"},"sameAs":["https:\/\/www.facebook.com\/PressenzaItalia","https:\/\/x.com\/PressenzaIPA"]},{"@type":"Person","@id":"https:\/\/www.pressenza.com\/it\/#\/schema\/person\/746fc8cdd6c8e3d918fb5714b3583e41","name":"Redazione Milano","description":"News from the Pressenza Bureau in Milan, Italy","url":"https:\/\/www.pressenza.com\/it\/author\/redazione-milano\/"}]}},"place":"","original_article_url":"","_links":{"self":[{"href":"https:\/\/www.pressenza.com\/it\/wp-json\/wp\/v2\/posts\/1837812","targetHints":{"allow":["GET"]}}],"collection":[{"href":"https:\/\/www.pressenza.com\/it\/wp-json\/wp\/v2\/posts"}],"about":[{"href":"https:\/\/www.pressenza.com\/it\/wp-json\/wp\/v2\/types\/post"}],"author":[{"embeddable":true,"href":"https:\/\/www.pressenza.com\/it\/wp-json\/wp\/v2\/users\/1722"}],"replies":[{"embeddable":true,"href":"https:\/\/www.pressenza.com\/it\/wp-json\/wp\/v2\/comments?post=1837812"}],"version-history":[{"count":0,"href":"https:\/\/www.pressenza.com\/it\/wp-json\/wp\/v2\/posts\/1837812\/revisions"}],"wp:featuredmedia":[{"embeddable":true,"href":"https:\/\/www.pressenza.com\/it\/wp-json\/wp\/v2\/media\/1837813"}],"wp:attachment":[{"href":"https:\/\/www.pressenza.com\/it\/wp-json\/wp\/v2\/media?parent=1837812"}],"wp:term":[{"taxonomy":"category","embeddable":true,"href":"https:\/\/www.pressenza.com\/it\/wp-json\/wp\/v2\/categories?post=1837812"},{"taxonomy":"post_tag","embeddable":true,"href":"https:\/\/www.pressenza.com\/it\/wp-json\/wp\/v2\/tags?post=1837812"}],"curies":[{"name":"wp","href":"https:\/\/api.w.org\/{rel}","templated":true}]}}