{"id":1837631,"date":"2024-04-09T10:29:16","date_gmt":"2024-04-09T09:29:16","guid":{"rendered":"https:\/\/www.pressenza.com\/?p=1837631"},"modified":"2024-04-09T10:29:16","modified_gmt":"2024-04-09T09:29:16","slug":"cuba-dove-la-salute-e-un-diritto","status":"publish","type":"post","link":"https:\/\/www.pressenza.com\/it\/2024\/04\/cuba-dove-la-salute-e-un-diritto\/","title":{"rendered":"Cuba, dove la salute \u00e8 un diritto"},"content":{"rendered":"<p>Mi salud, mi derecho&#8221;. La mia salute, il mio diritto. Questo il tema con cui, quest\u2019anno, Cuba ha celebrato l\u2019anniversario n. 76 della fondazione dell\u2019Organizzazione mondiale della salute (Oms). Un concetto semplice e vitale che, per\u00f2, nei paesi capitalisti dove i diritti basici sono un \u201ccosto\u201d subordinato agli imperativi del profitto, sta diventando una chimera. E d\u2019altro canto, quando le cifre servono a confondere per far passare le idee dominanti, anche i dati che indicano quanto poco contino i diritti basici delle classi popolari, non hanno presa: ovvero non producono (ancora) quella rivolta popolare necessaria se ci si trova con le spalle al muro. <\/p>\n<p>Niente sar\u00e0 pi\u00f9 come prima\u201d, si sentiva ripetere come una litania durante i terribili giorni del Covid-19, quando la pandemia aveva definitivamente messo a nudo l\u2019inefficienza del settore privato &#8211; a cui da anni si era spianato la strada -, nella cura delle persone. Eppure, nei paesi come l\u2019Italia che considerano prioritario far pagare i costi della guerra imperialista ai settori popolari, le risorse investite nel settore sanitario sono irrisorie, se paragonate a quelle per le spese militari. <\/p>\n<p>Ma sono quegli stessi governi antipopolari i pi\u00f9 pronti a criticare il socialismo cubano quando non riesce a fare miracoli con quel poco che gli \u00e8 consentito dal criminale bloqueo di cui i governi europei sono complici. Invece, Cuba dice, con l\u2019esempio: \u201cMedici e non bombe\u201d. E non si tratta di un vuoto slogan, considerando che, mentre la met\u00e0 della popolazione mondiale, pari a circa 4.500 milioni di persone, non ha coperture sociali e soffre di mancanza di cure mediche, la piccola isola, pur sotto assedio, ha mantenuto il diritto alla salute gratuita per tutta la sua popolazione. <\/p>\n<p>Lo prescrive l\u2019articolo 72 della Costituzione, approvata nel 2019, che d\u00e0 allo Stato la responsabilit\u00e0 di garantire la salute come un diritto inalienabile. Il Sistema Sanitario Nazionale dispone di 286 ospedali, di cui 83 generali; 18 di ginecologia e ostetricia; 18 materni- infantili; 64 rurali; e 43 specializzati. Inoltre ci sono 197 case di cura; 67 residenze per anziani; 39 case per disabili; 289 case di accoglienza materna; 27 banche del sangue; 6 centri cardiaci; 10 centri di coordinamento dell&#8217;emergenza medica; 1.961 farmacie; 13 istituti di ricerca; 37 unit\u00e0 scientifiche e tecniche; 436 policlinici; 122 poliambulatori d&#8217;emergenza 14.434 ambulatori familiari; 166 cliniche odontoiatriche; 91 unit\u00e0 di terapia intensiva; e 32 istituti e facolt\u00e0 mediche. <\/p>\n<p>L\u2019Oms, di cui Cuba \u00e8 membro fondatore, ha ripetutamente riconosciuto l\u2019apporto del personale sanitario cubano in vari paesi del mondo, compresa l\u2019Italia, dove i suoi medici operano in alcune regioni dall\u2019anno della pandemia. Anche qui le cifre parlano chiaro: pi\u00f9 di 605.698 operatori sanitari hanno collaborato in 165 paesi del mondo.<\/p>\n<p> Per oltre sessant\u2019anni, i medici cubani hanno partecipato a importanti operazioni internazionali, applicando il Programma Sanitario Integrale dopo il passaggio degli uragani George e Mitch attraverso l\u2019America Centrale; la Missione Speciale del Venezuela; il Programma Barrio Adentro (Dentro il quartiere); l\u2019Operazione Miracolo, che ha restituito la vista a pi\u00f9 di tre milioni di persone in 35 paesi in America e in Africa; la creazione, nel 2005, del Contingente Internazionale di Medici Specializzati \u201cHenry Reeve\u201d per far fronte ai disastri e alle gravi epidemie; la lotta contro l\u2019epidemia di Ebola nell\u2019Africa occidentale; l\u2019aiuto per affrontare la pandemia di Covid-19 con 58 brigate in 42 paesi; e l&#8217;attuale presenza di oltre 22mila collaboratori in 57 paesi di tutti i continenti.<\/p>\n<p>Tutti questi risultati non sarebbero stati possibili senza la visione del Comandante in Capo Fidel Castro il quale, in un evento presso la Scuola Latinoamericana di Medicina nel dicembre 2002, disse: \u201cSiamo un piccolo paese, ma questo piccolo paese \u00e8 stato in grado di dimostrare quanto si pu\u00f2 fare se si vuole, quanto si pu\u00f2 fare se le risorse umane di un paese sono ben utilizzate\u2026 Oggi, questo piccolo paese \u00e8 indispensabile se vogliamo combattere vere battaglie contro le malattie che minacciano la scomparsa di intere nazioni o addirittura di intere regioni di alcuni continenti\u201d.<\/p>\n<p>Chiunque si rechi a Cuba pu\u00f2 ancora constatarlo, cos\u00ec come fece, nel 1967, il saggista Jose Yglesias. Nato in Florida nel 1919, ma di origine cubana, il viaggiatore descrisse la sua esperienza nel libro \u201cIndagine su un villaggio cubano\u201d, pubblicato in Italia da Il Saggiatore, nel 1968. Illuminante il reportage intitolato \u201cPratica di medicina\u201d in cui Jose descrive la visita a un ospedale periferico cubano dell\u2019epoca (Martiri di Mayar\u00ed) e il sistema sanitario che lo muove. <\/p>\n<p>Il dottor Morales, che ha rinunciato ai privilegi che gli offriva la sua appartenenza di classe per riconoscersi come un medico comunista, cos\u00ec si rivolge al visitatore statunitense: \u201cLo sai cosa dico in definitiva a tutti gli amici e i parenti cubani che partono per venire nel tuo paese? Dopo aver discusso questo e quello senza arrivare a niente, gli dico: Non ti interessa questo processo affascinante? Come puoi andartene invece di star qui a seguire questi sviluppi straordinari?\u201d<\/p>\n<p><a name=\"_GoBack\"><\/a> Non ti interessa difendere la possibilit\u00e0 di un mondo diverso?, chiederebbe il dottor Morales oggi. \u201cCuba \u2013 disse Fidel il 13 marzo del 1967 \u2013 pu\u00f2 essere ritenuta responsabile solo di una cosa: di aver fatto una rivoluzione e di volerla portare avanti fino alle ultime conseguenze\u201d.<\/p>\n","protected":false},"excerpt":{"rendered":"<p>Mi salud, mi derecho&#8221;. La mia salute, il mio diritto. Questo il tema con cui, quest\u2019anno, Cuba ha celebrato l\u2019anniversario n. 76 della fondazione dell\u2019Organizzazione mondiale della salute (Oms). Un concetto semplice e vitale che, per\u00f2, nei paesi capitalisti dove&hellip;<\/p>\n","protected":false},"author":1473,"featured_media":1453356,"comment_status":"closed","ping_status":"closed","sticky":false,"template":"","format":"standard","meta":{"footnotes":""},"categories":[11388,55,1259],"tags":[4377,1177,803],"class_list":["post-1837631","post","type-post","status-publish","format-standard","has-post-thumbnail","hentry","category-contenuti-originali","category-politica","category-salute-argomento","tag-cuba-it","tag-salute","tag-sanita"],"yoast_head":"<!-- This site is optimized with the Yoast SEO plugin v27.1.1 - https:\/\/yoast.com\/product\/yoast-seo-wordpress\/ -->\n<title>Cuba, dove la salute \u00e8 un diritto<\/title>\n<meta name=\"description\" content=\"Mi salud, mi derecho&quot;. La mia salute, il mio diritto. Questo il tema con cui, quest\u2019anno, Cuba ha celebrato l\u2019anniversario n. 76 della fondazione\" \/>\n<meta name=\"robots\" content=\"index, follow, max-snippet:-1, max-image-preview:large, max-video-preview:-1\" \/>\n<link rel=\"canonical\" href=\"https:\/\/www.pressenza.com\/it\/2024\/04\/cuba-dove-la-salute-e-un-diritto\/\" \/>\n<meta property=\"og:locale\" content=\"it_IT\" \/>\n<meta property=\"og:type\" content=\"article\" \/>\n<meta property=\"og:title\" content=\"Cuba, dove la salute \u00e8 un diritto\" \/>\n<meta property=\"og:description\" content=\"Mi salud, mi derecho&quot;. La mia salute, il mio diritto. Questo il tema con cui, quest\u2019anno, Cuba ha celebrato l\u2019anniversario n. 76 della fondazione\" \/>\n<meta property=\"og:url\" content=\"https:\/\/www.pressenza.com\/it\/2024\/04\/cuba-dove-la-salute-e-un-diritto\/\" \/>\n<meta property=\"og:site_name\" content=\"Pressenza\" \/>\n<meta property=\"article:publisher\" content=\"https:\/\/www.facebook.com\/PressenzaItalia\" \/>\n<meta property=\"article:published_time\" content=\"2024-04-09T09:29:16+00:00\" \/>\n<meta property=\"og:image\" content=\"https:\/\/www.pressenza.com\/wp-content\/uploads\/2021\/10\/colaboradores-cuba-sismo-haiti\u0301-3-580x434-1.jpeg\" \/>\n\t<meta property=\"og:image:width\" content=\"580\" \/>\n\t<meta property=\"og:image:height\" content=\"394\" \/>\n\t<meta property=\"og:image:type\" content=\"image\/jpeg\" \/>\n<meta name=\"author\" content=\"Geraldina Colotti\" \/>\n<meta name=\"twitter:card\" content=\"summary_large_image\" \/>\n<meta name=\"twitter:creator\" content=\"@PressenzaIPA\" \/>\n<meta name=\"twitter:site\" content=\"@PressenzaIPA\" \/>\n<meta name=\"twitter:label1\" content=\"Scritto da\" \/>\n\t<meta name=\"twitter:data1\" content=\"Geraldina Colotti\" \/>\n\t<meta name=\"twitter:label2\" content=\"Tempo di lettura stimato\" \/>\n\t<meta name=\"twitter:data2\" content=\"5 minuti\" \/>\n<script type=\"application\/ld+json\" class=\"yoast-schema-graph\">{\"@context\":\"https:\/\/schema.org\",\"@graph\":[{\"@type\":\"Article\",\"@id\":\"https:\/\/www.pressenza.com\/it\/2024\/04\/cuba-dove-la-salute-e-un-diritto\/#article\",\"isPartOf\":{\"@id\":\"https:\/\/www.pressenza.com\/it\/2024\/04\/cuba-dove-la-salute-e-un-diritto\/\"},\"author\":{\"name\":\"Geraldina Colotti\",\"@id\":\"https:\/\/www.pressenza.com\/it\/#\/schema\/person\/3149dba5d3023e83f37407e7a681a392\"},\"headline\":\"Cuba, dove la salute \u00e8 un diritto\",\"datePublished\":\"2024-04-09T09:29:16+00:00\",\"mainEntityOfPage\":{\"@id\":\"https:\/\/www.pressenza.com\/it\/2024\/04\/cuba-dove-la-salute-e-un-diritto\/\"},\"wordCount\":843,\"publisher\":{\"@id\":\"https:\/\/www.pressenza.com\/it\/#organization\"},\"image\":{\"@id\":\"https:\/\/www.pressenza.com\/it\/2024\/04\/cuba-dove-la-salute-e-un-diritto\/#primaryimage\"},\"thumbnailUrl\":\"https:\/\/www.pressenza.com\/wp-content\/uploads\/2021\/10\/colaboradores-cuba-sismo-haiti\u0301-3-580x434-1.jpeg\",\"keywords\":[\"Cuba\",\"salute\",\"sanit\u00e0\"],\"articleSection\":[\"contenuti originali\",\"Politica\",\"Salute\"],\"inLanguage\":\"it-IT\"},{\"@type\":\"WebPage\",\"@id\":\"https:\/\/www.pressenza.com\/it\/2024\/04\/cuba-dove-la-salute-e-un-diritto\/\",\"url\":\"https:\/\/www.pressenza.com\/it\/2024\/04\/cuba-dove-la-salute-e-un-diritto\/\",\"name\":\"Cuba, dove la salute \u00e8 un diritto\",\"isPartOf\":{\"@id\":\"https:\/\/www.pressenza.com\/it\/#website\"},\"primaryImageOfPage\":{\"@id\":\"https:\/\/www.pressenza.com\/it\/2024\/04\/cuba-dove-la-salute-e-un-diritto\/#primaryimage\"},\"image\":{\"@id\":\"https:\/\/www.pressenza.com\/it\/2024\/04\/cuba-dove-la-salute-e-un-diritto\/#primaryimage\"},\"thumbnailUrl\":\"https:\/\/www.pressenza.com\/wp-content\/uploads\/2021\/10\/colaboradores-cuba-sismo-haiti\u0301-3-580x434-1.jpeg\",\"datePublished\":\"2024-04-09T09:29:16+00:00\",\"description\":\"Mi salud, mi derecho\\\". La mia salute, il mio diritto. Questo il tema con cui, quest\u2019anno, Cuba ha celebrato l\u2019anniversario n. 76 della fondazione\",\"breadcrumb\":{\"@id\":\"https:\/\/www.pressenza.com\/it\/2024\/04\/cuba-dove-la-salute-e-un-diritto\/#breadcrumb\"},\"inLanguage\":\"it-IT\",\"potentialAction\":[{\"@type\":\"ReadAction\",\"target\":[\"https:\/\/www.pressenza.com\/it\/2024\/04\/cuba-dove-la-salute-e-un-diritto\/\"]}]},{\"@type\":\"ImageObject\",\"inLanguage\":\"it-IT\",\"@id\":\"https:\/\/www.pressenza.com\/it\/2024\/04\/cuba-dove-la-salute-e-un-diritto\/#primaryimage\",\"url\":\"https:\/\/www.pressenza.com\/wp-content\/uploads\/2021\/10\/colaboradores-cuba-sismo-haiti\u0301-3-580x434-1.jpeg\",\"contentUrl\":\"https:\/\/www.pressenza.com\/wp-content\/uploads\/2021\/10\/colaboradores-cuba-sismo-haiti\u0301-3-580x434-1.jpeg\",\"width\":580,\"height\":394,\"caption\":\"Medici cubani intervengono a Haiti\"},{\"@type\":\"BreadcrumbList\",\"@id\":\"https:\/\/www.pressenza.com\/it\/2024\/04\/cuba-dove-la-salute-e-un-diritto\/#breadcrumb\",\"itemListElement\":[{\"@type\":\"ListItem\",\"position\":1,\"name\":\"Accueil\",\"item\":\"https:\/\/www.pressenza.com\/it\/\"},{\"@type\":\"ListItem\",\"position\":2,\"name\":\"Cuba, dove la salute \u00e8 un diritto\"}]},{\"@type\":\"WebSite\",\"@id\":\"https:\/\/www.pressenza.com\/it\/#website\",\"url\":\"https:\/\/www.pressenza.com\/it\/\",\"name\":\"Pressenza\",\"description\":\"Agenzia di Stampa Internazionale\",\"publisher\":{\"@id\":\"https:\/\/www.pressenza.com\/it\/#organization\"},\"potentialAction\":[{\"@type\":\"SearchAction\",\"target\":{\"@type\":\"EntryPoint\",\"urlTemplate\":\"https:\/\/www.pressenza.com\/it\/?s={search_term_string}\"},\"query-input\":{\"@type\":\"PropertyValueSpecification\",\"valueRequired\":true,\"valueName\":\"search_term_string\"}}],\"inLanguage\":\"it-IT\"},{\"@type\":\"Organization\",\"@id\":\"https:\/\/www.pressenza.com\/it\/#organization\",\"name\":\"Pressenza\",\"url\":\"https:\/\/www.pressenza.com\/it\/\",\"logo\":{\"@type\":\"ImageObject\",\"inLanguage\":\"it-IT\",\"@id\":\"https:\/\/www.pressenza.com\/it\/#\/schema\/logo\/image\/\",\"url\":\"https:\/\/www.pressenza.com\/wp-content\/uploads\/2022\/10\/pressenza_logo_200x200.jpg\",\"contentUrl\":\"https:\/\/www.pressenza.com\/wp-content\/uploads\/2022\/10\/pressenza_logo_200x200.jpg\",\"width\":200,\"height\":200,\"caption\":\"Pressenza\"},\"image\":{\"@id\":\"https:\/\/www.pressenza.com\/it\/#\/schema\/logo\/image\/\"},\"sameAs\":[\"https:\/\/www.facebook.com\/PressenzaItalia\",\"https:\/\/x.com\/PressenzaIPA\"]},{\"@type\":\"Person\",\"@id\":\"https:\/\/www.pressenza.com\/it\/#\/schema\/person\/3149dba5d3023e83f37407e7a681a392\",\"name\":\"Geraldina Colotti\",\"description\":\"Geraldina Colotti \u00e8 nata a Ventimiglia, ha vissuto a lungo a Parigi, oggi vive e lavora a Roma. Dopo aver trascorso molti anni in carcere per la sua militanza nelle Brigate Rosse, \u00e8 giornalista, esperta di America Latina. Dirige l'edizione italiana del mensile di politica internazionale Le Monde diplomatique. Di formazione filosofica, ha pubblicato libri per ragazzi, raccolte di racconti e di poesie, romanzi e saggi. Insieme a Marie-Jos\u00e9 Hoyet ha tradotto dal francese due libri di \u00c9douard Glissant, Tutto-mondo (Edizioni lavoro), e La L\u00e9zarde (Jaca Book). Il suo libro sul Venezuela, Talpe a Caracas (Jaca Book) \u00e8 stato tradotto in diverse lingue. Per le edizioni Clichy ha pubblicato Oscar Arnulfo Romero, beato fra i poveri. Nel libro Louis Massignon, Rifugiati europei e migrazioni internazionali (edizioni degli animali - www.edizionideglianimali.it, 2017) compare un suo scritto dal titolo \u201cNo Border\u201d. Ha una pagina fb con il suo nome\",\"url\":\"https:\/\/www.pressenza.com\/it\/author\/geraldina-colotti\/\"}]}<\/script>\n<!-- \/ Yoast SEO plugin. -->","yoast_head_json":{"title":"Cuba, dove la salute \u00e8 un diritto","description":"Mi salud, mi derecho\". La mia salute, il mio diritto. Questo il tema con cui, quest\u2019anno, Cuba ha celebrato l\u2019anniversario n. 76 della fondazione","robots":{"index":"index","follow":"follow","max-snippet":"max-snippet:-1","max-image-preview":"max-image-preview:large","max-video-preview":"max-video-preview:-1"},"canonical":"https:\/\/www.pressenza.com\/it\/2024\/04\/cuba-dove-la-salute-e-un-diritto\/","og_locale":"it_IT","og_type":"article","og_title":"Cuba, dove la salute \u00e8 un diritto","og_description":"Mi salud, mi derecho\". La mia salute, il mio diritto. Questo il tema con cui, quest\u2019anno, Cuba ha celebrato l\u2019anniversario n. 76 della fondazione","og_url":"https:\/\/www.pressenza.com\/it\/2024\/04\/cuba-dove-la-salute-e-un-diritto\/","og_site_name":"Pressenza","article_publisher":"https:\/\/www.facebook.com\/PressenzaItalia","article_published_time":"2024-04-09T09:29:16+00:00","og_image":[{"width":580,"height":394,"url":"https:\/\/www.pressenza.com\/wp-content\/uploads\/2021\/10\/colaboradores-cuba-sismo-haiti\u0301-3-580x434-1.jpeg","type":"image\/jpeg"}],"author":"Geraldina Colotti","twitter_card":"summary_large_image","twitter_creator":"@PressenzaIPA","twitter_site":"@PressenzaIPA","twitter_misc":{"Scritto da":"Geraldina Colotti","Tempo di lettura stimato":"5 minuti"},"schema":{"@context":"https:\/\/schema.org","@graph":[{"@type":"Article","@id":"https:\/\/www.pressenza.com\/it\/2024\/04\/cuba-dove-la-salute-e-un-diritto\/#article","isPartOf":{"@id":"https:\/\/www.pressenza.com\/it\/2024\/04\/cuba-dove-la-salute-e-un-diritto\/"},"author":{"name":"Geraldina Colotti","@id":"https:\/\/www.pressenza.com\/it\/#\/schema\/person\/3149dba5d3023e83f37407e7a681a392"},"headline":"Cuba, dove la salute \u00e8 un diritto","datePublished":"2024-04-09T09:29:16+00:00","mainEntityOfPage":{"@id":"https:\/\/www.pressenza.com\/it\/2024\/04\/cuba-dove-la-salute-e-un-diritto\/"},"wordCount":843,"publisher":{"@id":"https:\/\/www.pressenza.com\/it\/#organization"},"image":{"@id":"https:\/\/www.pressenza.com\/it\/2024\/04\/cuba-dove-la-salute-e-un-diritto\/#primaryimage"},"thumbnailUrl":"https:\/\/www.pressenza.com\/wp-content\/uploads\/2021\/10\/colaboradores-cuba-sismo-haiti\u0301-3-580x434-1.jpeg","keywords":["Cuba","salute","sanit\u00e0"],"articleSection":["contenuti originali","Politica","Salute"],"inLanguage":"it-IT"},{"@type":"WebPage","@id":"https:\/\/www.pressenza.com\/it\/2024\/04\/cuba-dove-la-salute-e-un-diritto\/","url":"https:\/\/www.pressenza.com\/it\/2024\/04\/cuba-dove-la-salute-e-un-diritto\/","name":"Cuba, dove la salute \u00e8 un diritto","isPartOf":{"@id":"https:\/\/www.pressenza.com\/it\/#website"},"primaryImageOfPage":{"@id":"https:\/\/www.pressenza.com\/it\/2024\/04\/cuba-dove-la-salute-e-un-diritto\/#primaryimage"},"image":{"@id":"https:\/\/www.pressenza.com\/it\/2024\/04\/cuba-dove-la-salute-e-un-diritto\/#primaryimage"},"thumbnailUrl":"https:\/\/www.pressenza.com\/wp-content\/uploads\/2021\/10\/colaboradores-cuba-sismo-haiti\u0301-3-580x434-1.jpeg","datePublished":"2024-04-09T09:29:16+00:00","description":"Mi salud, mi derecho\". La mia salute, il mio diritto. Questo il tema con cui, quest\u2019anno, Cuba ha celebrato l\u2019anniversario n. 76 della fondazione","breadcrumb":{"@id":"https:\/\/www.pressenza.com\/it\/2024\/04\/cuba-dove-la-salute-e-un-diritto\/#breadcrumb"},"inLanguage":"it-IT","potentialAction":[{"@type":"ReadAction","target":["https:\/\/www.pressenza.com\/it\/2024\/04\/cuba-dove-la-salute-e-un-diritto\/"]}]},{"@type":"ImageObject","inLanguage":"it-IT","@id":"https:\/\/www.pressenza.com\/it\/2024\/04\/cuba-dove-la-salute-e-un-diritto\/#primaryimage","url":"https:\/\/www.pressenza.com\/wp-content\/uploads\/2021\/10\/colaboradores-cuba-sismo-haiti\u0301-3-580x434-1.jpeg","contentUrl":"https:\/\/www.pressenza.com\/wp-content\/uploads\/2021\/10\/colaboradores-cuba-sismo-haiti\u0301-3-580x434-1.jpeg","width":580,"height":394,"caption":"Medici cubani intervengono a Haiti"},{"@type":"BreadcrumbList","@id":"https:\/\/www.pressenza.com\/it\/2024\/04\/cuba-dove-la-salute-e-un-diritto\/#breadcrumb","itemListElement":[{"@type":"ListItem","position":1,"name":"Accueil","item":"https:\/\/www.pressenza.com\/it\/"},{"@type":"ListItem","position":2,"name":"Cuba, dove la salute \u00e8 un diritto"}]},{"@type":"WebSite","@id":"https:\/\/www.pressenza.com\/it\/#website","url":"https:\/\/www.pressenza.com\/it\/","name":"Pressenza","description":"Agenzia di Stampa Internazionale","publisher":{"@id":"https:\/\/www.pressenza.com\/it\/#organization"},"potentialAction":[{"@type":"SearchAction","target":{"@type":"EntryPoint","urlTemplate":"https:\/\/www.pressenza.com\/it\/?s={search_term_string}"},"query-input":{"@type":"PropertyValueSpecification","valueRequired":true,"valueName":"search_term_string"}}],"inLanguage":"it-IT"},{"@type":"Organization","@id":"https:\/\/www.pressenza.com\/it\/#organization","name":"Pressenza","url":"https:\/\/www.pressenza.com\/it\/","logo":{"@type":"ImageObject","inLanguage":"it-IT","@id":"https:\/\/www.pressenza.com\/it\/#\/schema\/logo\/image\/","url":"https:\/\/www.pressenza.com\/wp-content\/uploads\/2022\/10\/pressenza_logo_200x200.jpg","contentUrl":"https:\/\/www.pressenza.com\/wp-content\/uploads\/2022\/10\/pressenza_logo_200x200.jpg","width":200,"height":200,"caption":"Pressenza"},"image":{"@id":"https:\/\/www.pressenza.com\/it\/#\/schema\/logo\/image\/"},"sameAs":["https:\/\/www.facebook.com\/PressenzaItalia","https:\/\/x.com\/PressenzaIPA"]},{"@type":"Person","@id":"https:\/\/www.pressenza.com\/it\/#\/schema\/person\/3149dba5d3023e83f37407e7a681a392","name":"Geraldina Colotti","description":"Geraldina Colotti \u00e8 nata a Ventimiglia, ha vissuto a lungo a Parigi, oggi vive e lavora a Roma. Dopo aver trascorso molti anni in carcere per la sua militanza nelle Brigate Rosse, \u00e8 giornalista, esperta di America Latina. Dirige l'edizione italiana del mensile di politica internazionale Le Monde diplomatique. Di formazione filosofica, ha pubblicato libri per ragazzi, raccolte di racconti e di poesie, romanzi e saggi. Insieme a Marie-Jos\u00e9 Hoyet ha tradotto dal francese due libri di \u00c9douard Glissant, Tutto-mondo (Edizioni lavoro), e La L\u00e9zarde (Jaca Book). Il suo libro sul Venezuela, Talpe a Caracas (Jaca Book) \u00e8 stato tradotto in diverse lingue. Per le edizioni Clichy ha pubblicato Oscar Arnulfo Romero, beato fra i poveri. Nel libro Louis Massignon, Rifugiati europei e migrazioni internazionali (edizioni degli animali - www.edizionideglianimali.it, 2017) compare un suo scritto dal titolo \u201cNo Border\u201d. Ha una pagina fb con il suo nome","url":"https:\/\/www.pressenza.com\/it\/author\/geraldina-colotti\/"}]}},"place":"","original_article_url":"","_links":{"self":[{"href":"https:\/\/www.pressenza.com\/it\/wp-json\/wp\/v2\/posts\/1837631","targetHints":{"allow":["GET"]}}],"collection":[{"href":"https:\/\/www.pressenza.com\/it\/wp-json\/wp\/v2\/posts"}],"about":[{"href":"https:\/\/www.pressenza.com\/it\/wp-json\/wp\/v2\/types\/post"}],"author":[{"embeddable":true,"href":"https:\/\/www.pressenza.com\/it\/wp-json\/wp\/v2\/users\/1473"}],"replies":[{"embeddable":true,"href":"https:\/\/www.pressenza.com\/it\/wp-json\/wp\/v2\/comments?post=1837631"}],"version-history":[{"count":0,"href":"https:\/\/www.pressenza.com\/it\/wp-json\/wp\/v2\/posts\/1837631\/revisions"}],"wp:featuredmedia":[{"embeddable":true,"href":"https:\/\/www.pressenza.com\/it\/wp-json\/wp\/v2\/media\/1453356"}],"wp:attachment":[{"href":"https:\/\/www.pressenza.com\/it\/wp-json\/wp\/v2\/media?parent=1837631"}],"wp:term":[{"taxonomy":"category","embeddable":true,"href":"https:\/\/www.pressenza.com\/it\/wp-json\/wp\/v2\/categories?post=1837631"},{"taxonomy":"post_tag","embeddable":true,"href":"https:\/\/www.pressenza.com\/it\/wp-json\/wp\/v2\/tags?post=1837631"}],"curies":[{"name":"wp","href":"https:\/\/api.w.org\/{rel}","templated":true}]}}