{"id":1837503,"date":"2024-04-09T08:34:18","date_gmt":"2024-04-09T07:34:18","guid":{"rendered":"https:\/\/www.pressenza.com\/?p=1837503"},"modified":"2024-04-09T08:35:42","modified_gmt":"2024-04-09T07:35:42","slug":"il-2-giugno-la-festa-della-repubblica-mutietnica-concludera-la-terza-edizione-di-eirenfest","status":"publish","type":"post","link":"https:\/\/www.pressenza.com\/it\/2024\/04\/il-2-giugno-la-festa-della-repubblica-mutietnica-concludera-la-terza-edizione-di-eirenfest\/","title":{"rendered":"Il 2 Giugno la Festa della Repubblica Mutietnica concluder\u00e0 la terza edizione di Eirenefest"},"content":{"rendered":"<p>Sono anni che Energia per i Diritti Umani, un\u2019associazione\u00a0 che si occupa della promozione dei diritti umani in Italia, Senegal, Gambia e India organizza la Festa della Repubblica Mutietnica, un modo diverso di festeggiare il 2 Giugno.<\/p>\n<p>Quest&#8217;anno la festa si terr\u00e0 domenica 2 giugno 2024 presso il quartiere San Lorenzo a Roma, in concomitanza con il Festival del Libro per la Pace e la Nonviolenza. Non \u00e8 la prima volta che questo accade, la Festa fu l&#8217;inizio del primo Eirenefest, nel 2022.<\/p>\n<p>L\u2019evento ruota attorno al modello di Repubblica alla quale aspiriamo: multietnica, solidale, multiculturale e nonviolenta. La giornata si strutturer\u00e0 sulla base delle attivit\u00e0 inerenti che le varie realt\u00e0 aderenti proporranno. Sar\u00e0 inoltre occasione del lancio delle attivit\u00e0 del comitato promotore per la Terza Marcia Mondiale per la Pace e la Nonviolenza che inizier\u00e0 il suo cammino il 2 ottobre 2024 dalla Costa Rica e che passer\u00e0 in Italia a novembre dello stesso anno.<br \/>\nLa partecipazione all\u2019evento, che si svolger\u00e0 indicativamente dalle 16:00 fino alle 23:00, \u00e8 gratuita e verranno messi a disposizione di chi ne far\u00e0 richiesta sia stand che spazi sul palco principale.<\/p>\n<p>Sperando di incontrarci presto, vi chiediamo di confermare la vostra presenza, necessit\u00e0 di uno stand e proposte di attivit\u00e0 (musica, teatro, dibattiti, mostre, ecc) tramite mail all\u2019indirizzo <a href=\"mailto:nonviolenza@energiaperidirittiumani.it\">nonviolenza@energiaperidirittiumani.it<\/a> entro fine mese, cos\u00ec da poterci coordinare tutt3 insieme.<br \/>\nPer info contattare il numero 331 3109 880 dal luned\u00ec al venerd\u00ec dalle 15:00 alle 20:00.<\/p>\n","protected":false},"excerpt":{"rendered":"<p>Sono anni che Energia per i Diritti Umani, un\u2019associazione\u00a0 che si occupa della promozione dei diritti umani in Italia, Senegal, Gambia e India organizza la Festa della Repubblica Mutietnica, un modo diverso di festeggiare il 2 Giugno. Quest&#8217;anno la festa&hellip;<\/p>\n","protected":false},"author":1398,"featured_media":1837504,"comment_status":"closed","ping_status":"closed","sticky":false,"template":"","format":"standard","meta":{"footnotes":""},"categories":[150,54572,1263],"tags":[10800,93292,12828,17754],"class_list":["post-1837503","post","type-post","status-publish","format-standard","has-post-thumbnail","hentry","category-comunicati-stampa","category-migranti","category-pace-disarmo","tag-2-giugno","tag-eirenefest","tag-energia-per-i-diritti-umani","tag-festa-della-repubblica-multietnica"],"yoast_head":"<!-- This site is optimized with the Yoast SEO plugin v27.1.1 - https:\/\/yoast.com\/product\/yoast-seo-wordpress\/ -->\n<title>Il 2 Giugno la Festa della Repubblica Mutietnica concluder\u00e0 la terza edizione di Eirenefest<\/title>\n<meta name=\"description\" content=\"Sono anni che Energia per i Diritti Umani, un\u2019associazione\u00a0 che si occupa della promozione dei diritti umani in Italia, Senegal, Gambia e India organizza\" \/>\n<meta name=\"robots\" content=\"index, follow, max-snippet:-1, max-image-preview:large, max-video-preview:-1\" \/>\n<link rel=\"canonical\" href=\"https:\/\/www.pressenza.com\/it\/2024\/04\/il-2-giugno-la-festa-della-repubblica-mutietnica-concludera-la-terza-edizione-di-eirenfest\/\" \/>\n<meta property=\"og:locale\" content=\"it_IT\" \/>\n<meta property=\"og:type\" content=\"article\" \/>\n<meta property=\"og:title\" content=\"Il 2 Giugno la Festa della Repubblica Mutietnica concluder\u00e0 la terza edizione di Eirenefest\" \/>\n<meta property=\"og:description\" content=\"Sono anni che Energia per i Diritti Umani, un\u2019associazione\u00a0 che si occupa della promozione dei diritti umani in Italia, Senegal, Gambia e India organizza\" \/>\n<meta property=\"og:url\" content=\"https:\/\/www.pressenza.com\/it\/2024\/04\/il-2-giugno-la-festa-della-repubblica-mutietnica-concludera-la-terza-edizione-di-eirenfest\/\" \/>\n<meta property=\"og:site_name\" content=\"Pressenza\" \/>\n<meta property=\"article:publisher\" content=\"https:\/\/www.facebook.com\/PressenzaItalia\" \/>\n<meta property=\"article:published_time\" content=\"2024-04-09T07:34:18+00:00\" \/>\n<meta property=\"article:modified_time\" content=\"2024-04-09T07:35:42+00:00\" \/>\n<meta property=\"og:image\" content=\"https:\/\/www.pressenza.com\/wp-content\/uploads\/2024\/04\/eirenefest-multietnica.jpg\" \/>\n\t<meta property=\"og:image:width\" content=\"650\" \/>\n\t<meta property=\"og:image:height\" content=\"488\" \/>\n\t<meta property=\"og:image:type\" content=\"image\/jpeg\" \/>\n<meta name=\"author\" content=\"Energia per i Diritti Umani\" \/>\n<meta name=\"twitter:card\" content=\"summary_large_image\" \/>\n<meta name=\"twitter:creator\" content=\"@PressenzaIPA\" \/>\n<meta name=\"twitter:site\" content=\"@PressenzaIPA\" \/>\n<meta name=\"twitter:label1\" content=\"Scritto da\" \/>\n\t<meta name=\"twitter:data1\" content=\"Energia per i Diritti Umani\" \/>\n\t<meta name=\"twitter:label2\" content=\"Tempo di lettura stimato\" \/>\n\t<meta name=\"twitter:data2\" content=\"2 minuti\" \/>\n<script type=\"application\/ld+json\" class=\"yoast-schema-graph\">{\"@context\":\"https:\/\/schema.org\",\"@graph\":[{\"@type\":\"Article\",\"@id\":\"https:\/\/www.pressenza.com\/it\/2024\/04\/il-2-giugno-la-festa-della-repubblica-mutietnica-concludera-la-terza-edizione-di-eirenfest\/#article\",\"isPartOf\":{\"@id\":\"https:\/\/www.pressenza.com\/it\/2024\/04\/il-2-giugno-la-festa-della-repubblica-mutietnica-concludera-la-terza-edizione-di-eirenfest\/\"},\"author\":{\"name\":\"Energia per i Diritti Umani\",\"@id\":\"https:\/\/www.pressenza.com\/it\/#\/schema\/person\/dd1fcddd8e85d3d407a3e898e88bb1df\"},\"headline\":\"Il 2 Giugno la Festa della Repubblica Mutietnica concluder\u00e0 la terza edizione di Eirenefest\",\"datePublished\":\"2024-04-09T07:34:18+00:00\",\"dateModified\":\"2024-04-09T07:35:42+00:00\",\"mainEntityOfPage\":{\"@id\":\"https:\/\/www.pressenza.com\/it\/2024\/04\/il-2-giugno-la-festa-della-repubblica-mutietnica-concludera-la-terza-edizione-di-eirenfest\/\"},\"wordCount\":246,\"publisher\":{\"@id\":\"https:\/\/www.pressenza.com\/it\/#organization\"},\"image\":{\"@id\":\"https:\/\/www.pressenza.com\/it\/2024\/04\/il-2-giugno-la-festa-della-repubblica-mutietnica-concludera-la-terza-edizione-di-eirenfest\/#primaryimage\"},\"thumbnailUrl\":\"https:\/\/www.pressenza.com\/wp-content\/uploads\/2024\/04\/eirenefest-multietnica.jpg\",\"keywords\":[\"2 giugno\",\"Eirenefest\",\"Energia per i Diritti Umani\",\"Festa della Repubblica Multietnica\"],\"articleSection\":[\"Comunicati Stampa\",\"Migranti\",\"Pace e Disarmo\"],\"inLanguage\":\"it-IT\"},{\"@type\":\"WebPage\",\"@id\":\"https:\/\/www.pressenza.com\/it\/2024\/04\/il-2-giugno-la-festa-della-repubblica-mutietnica-concludera-la-terza-edizione-di-eirenfest\/\",\"url\":\"https:\/\/www.pressenza.com\/it\/2024\/04\/il-2-giugno-la-festa-della-repubblica-mutietnica-concludera-la-terza-edizione-di-eirenfest\/\",\"name\":\"Il 2 Giugno la Festa della Repubblica Mutietnica concluder\u00e0 la terza edizione di Eirenefest\",\"isPartOf\":{\"@id\":\"https:\/\/www.pressenza.com\/it\/#website\"},\"primaryImageOfPage\":{\"@id\":\"https:\/\/www.pressenza.com\/it\/2024\/04\/il-2-giugno-la-festa-della-repubblica-mutietnica-concludera-la-terza-edizione-di-eirenfest\/#primaryimage\"},\"image\":{\"@id\":\"https:\/\/www.pressenza.com\/it\/2024\/04\/il-2-giugno-la-festa-della-repubblica-mutietnica-concludera-la-terza-edizione-di-eirenfest\/#primaryimage\"},\"thumbnailUrl\":\"https:\/\/www.pressenza.com\/wp-content\/uploads\/2024\/04\/eirenefest-multietnica.jpg\",\"datePublished\":\"2024-04-09T07:34:18+00:00\",\"dateModified\":\"2024-04-09T07:35:42+00:00\",\"description\":\"Sono anni che Energia per i Diritti Umani, un\u2019associazione\u00a0 che si occupa della promozione dei diritti umani in Italia, Senegal, Gambia e India organizza\",\"breadcrumb\":{\"@id\":\"https:\/\/www.pressenza.com\/it\/2024\/04\/il-2-giugno-la-festa-della-repubblica-mutietnica-concludera-la-terza-edizione-di-eirenfest\/#breadcrumb\"},\"inLanguage\":\"it-IT\",\"potentialAction\":[{\"@type\":\"ReadAction\",\"target\":[\"https:\/\/www.pressenza.com\/it\/2024\/04\/il-2-giugno-la-festa-della-repubblica-mutietnica-concludera-la-terza-edizione-di-eirenfest\/\"]}]},{\"@type\":\"ImageObject\",\"inLanguage\":\"it-IT\",\"@id\":\"https:\/\/www.pressenza.com\/it\/2024\/04\/il-2-giugno-la-festa-della-repubblica-mutietnica-concludera-la-terza-edizione-di-eirenfest\/#primaryimage\",\"url\":\"https:\/\/www.pressenza.com\/wp-content\/uploads\/2024\/04\/eirenefest-multietnica.jpg\",\"contentUrl\":\"https:\/\/www.pressenza.com\/wp-content\/uploads\/2024\/04\/eirenefest-multietnica.jpg\",\"width\":650,\"height\":488},{\"@type\":\"BreadcrumbList\",\"@id\":\"https:\/\/www.pressenza.com\/it\/2024\/04\/il-2-giugno-la-festa-della-repubblica-mutietnica-concludera-la-terza-edizione-di-eirenfest\/#breadcrumb\",\"itemListElement\":[{\"@type\":\"ListItem\",\"position\":1,\"name\":\"Accueil\",\"item\":\"https:\/\/www.pressenza.com\/it\/\"},{\"@type\":\"ListItem\",\"position\":2,\"name\":\"Il 2 Giugno la Festa della Repubblica Mutietnica concluder\u00e0 la terza edizione di Eirenefest\"}]},{\"@type\":\"WebSite\",\"@id\":\"https:\/\/www.pressenza.com\/it\/#website\",\"url\":\"https:\/\/www.pressenza.com\/it\/\",\"name\":\"Pressenza\",\"description\":\"Agenzia di Stampa Internazionale\",\"publisher\":{\"@id\":\"https:\/\/www.pressenza.com\/it\/#organization\"},\"potentialAction\":[{\"@type\":\"SearchAction\",\"target\":{\"@type\":\"EntryPoint\",\"urlTemplate\":\"https:\/\/www.pressenza.com\/it\/?s={search_term_string}\"},\"query-input\":{\"@type\":\"PropertyValueSpecification\",\"valueRequired\":true,\"valueName\":\"search_term_string\"}}],\"inLanguage\":\"it-IT\"},{\"@type\":\"Organization\",\"@id\":\"https:\/\/www.pressenza.com\/it\/#organization\",\"name\":\"Pressenza\",\"url\":\"https:\/\/www.pressenza.com\/it\/\",\"logo\":{\"@type\":\"ImageObject\",\"inLanguage\":\"it-IT\",\"@id\":\"https:\/\/www.pressenza.com\/it\/#\/schema\/logo\/image\/\",\"url\":\"https:\/\/www.pressenza.com\/wp-content\/uploads\/2022\/10\/pressenza_logo_200x200.jpg\",\"contentUrl\":\"https:\/\/www.pressenza.com\/wp-content\/uploads\/2022\/10\/pressenza_logo_200x200.jpg\",\"width\":200,\"height\":200,\"caption\":\"Pressenza\"},\"image\":{\"@id\":\"https:\/\/www.pressenza.com\/it\/#\/schema\/logo\/image\/\"},\"sameAs\":[\"https:\/\/www.facebook.com\/PressenzaItalia\",\"https:\/\/x.com\/PressenzaIPA\"]},{\"@type\":\"Person\",\"@id\":\"https:\/\/www.pressenza.com\/it\/#\/schema\/person\/dd1fcddd8e85d3d407a3e898e88bb1df\",\"name\":\"Energia per i Diritti Umani\",\"description\":\"Energia per i diritti umani ONLUS is a non-religious, self-financed organization. It has ongoing activities in Italy from 1998, in Senegal from 2000, in Gambia from 2002 and in India from 2003. It was founded in 1998 in Rome with the aim of protecting human rights in the world. The organization inspires its mission and adhere to the principles and proposals of the Universal Humanism since its foundation. www.energiaperidirittiumani.it\",\"sameAs\":[\"http:\/\/energiaperidirittiumani.it\/\"],\"url\":\"https:\/\/www.pressenza.com\/it\/author\/energia-per-i-diritti-umani\/\"}]}<\/script>\n<!-- \/ Yoast SEO plugin. -->","yoast_head_json":{"title":"Il 2 Giugno la Festa della Repubblica Mutietnica concluder\u00e0 la terza edizione di Eirenefest","description":"Sono anni che Energia per i Diritti Umani, un\u2019associazione\u00a0 che si occupa della promozione dei diritti umani in Italia, Senegal, Gambia e India organizza","robots":{"index":"index","follow":"follow","max-snippet":"max-snippet:-1","max-image-preview":"max-image-preview:large","max-video-preview":"max-video-preview:-1"},"canonical":"https:\/\/www.pressenza.com\/it\/2024\/04\/il-2-giugno-la-festa-della-repubblica-mutietnica-concludera-la-terza-edizione-di-eirenfest\/","og_locale":"it_IT","og_type":"article","og_title":"Il 2 Giugno la Festa della Repubblica Mutietnica concluder\u00e0 la terza edizione di Eirenefest","og_description":"Sono anni che Energia per i Diritti Umani, un\u2019associazione\u00a0 che si occupa della promozione dei diritti umani in Italia, Senegal, Gambia e India organizza","og_url":"https:\/\/www.pressenza.com\/it\/2024\/04\/il-2-giugno-la-festa-della-repubblica-mutietnica-concludera-la-terza-edizione-di-eirenfest\/","og_site_name":"Pressenza","article_publisher":"https:\/\/www.facebook.com\/PressenzaItalia","article_published_time":"2024-04-09T07:34:18+00:00","article_modified_time":"2024-04-09T07:35:42+00:00","og_image":[{"width":650,"height":488,"url":"https:\/\/www.pressenza.com\/wp-content\/uploads\/2024\/04\/eirenefest-multietnica.jpg","type":"image\/jpeg"}],"author":"Energia per i Diritti Umani","twitter_card":"summary_large_image","twitter_creator":"@PressenzaIPA","twitter_site":"@PressenzaIPA","twitter_misc":{"Scritto da":"Energia per i Diritti Umani","Tempo di lettura stimato":"2 minuti"},"schema":{"@context":"https:\/\/schema.org","@graph":[{"@type":"Article","@id":"https:\/\/www.pressenza.com\/it\/2024\/04\/il-2-giugno-la-festa-della-repubblica-mutietnica-concludera-la-terza-edizione-di-eirenfest\/#article","isPartOf":{"@id":"https:\/\/www.pressenza.com\/it\/2024\/04\/il-2-giugno-la-festa-della-repubblica-mutietnica-concludera-la-terza-edizione-di-eirenfest\/"},"author":{"name":"Energia per i Diritti Umani","@id":"https:\/\/www.pressenza.com\/it\/#\/schema\/person\/dd1fcddd8e85d3d407a3e898e88bb1df"},"headline":"Il 2 Giugno la Festa della Repubblica Mutietnica concluder\u00e0 la terza edizione di Eirenefest","datePublished":"2024-04-09T07:34:18+00:00","dateModified":"2024-04-09T07:35:42+00:00","mainEntityOfPage":{"@id":"https:\/\/www.pressenza.com\/it\/2024\/04\/il-2-giugno-la-festa-della-repubblica-mutietnica-concludera-la-terza-edizione-di-eirenfest\/"},"wordCount":246,"publisher":{"@id":"https:\/\/www.pressenza.com\/it\/#organization"},"image":{"@id":"https:\/\/www.pressenza.com\/it\/2024\/04\/il-2-giugno-la-festa-della-repubblica-mutietnica-concludera-la-terza-edizione-di-eirenfest\/#primaryimage"},"thumbnailUrl":"https:\/\/www.pressenza.com\/wp-content\/uploads\/2024\/04\/eirenefest-multietnica.jpg","keywords":["2 giugno","Eirenefest","Energia per i Diritti Umani","Festa della Repubblica Multietnica"],"articleSection":["Comunicati Stampa","Migranti","Pace e Disarmo"],"inLanguage":"it-IT"},{"@type":"WebPage","@id":"https:\/\/www.pressenza.com\/it\/2024\/04\/il-2-giugno-la-festa-della-repubblica-mutietnica-concludera-la-terza-edizione-di-eirenfest\/","url":"https:\/\/www.pressenza.com\/it\/2024\/04\/il-2-giugno-la-festa-della-repubblica-mutietnica-concludera-la-terza-edizione-di-eirenfest\/","name":"Il 2 Giugno la Festa della Repubblica Mutietnica concluder\u00e0 la terza edizione di Eirenefest","isPartOf":{"@id":"https:\/\/www.pressenza.com\/it\/#website"},"primaryImageOfPage":{"@id":"https:\/\/www.pressenza.com\/it\/2024\/04\/il-2-giugno-la-festa-della-repubblica-mutietnica-concludera-la-terza-edizione-di-eirenfest\/#primaryimage"},"image":{"@id":"https:\/\/www.pressenza.com\/it\/2024\/04\/il-2-giugno-la-festa-della-repubblica-mutietnica-concludera-la-terza-edizione-di-eirenfest\/#primaryimage"},"thumbnailUrl":"https:\/\/www.pressenza.com\/wp-content\/uploads\/2024\/04\/eirenefest-multietnica.jpg","datePublished":"2024-04-09T07:34:18+00:00","dateModified":"2024-04-09T07:35:42+00:00","description":"Sono anni che Energia per i Diritti Umani, un\u2019associazione\u00a0 che si occupa della promozione dei diritti umani in Italia, Senegal, Gambia e India organizza","breadcrumb":{"@id":"https:\/\/www.pressenza.com\/it\/2024\/04\/il-2-giugno-la-festa-della-repubblica-mutietnica-concludera-la-terza-edizione-di-eirenfest\/#breadcrumb"},"inLanguage":"it-IT","potentialAction":[{"@type":"ReadAction","target":["https:\/\/www.pressenza.com\/it\/2024\/04\/il-2-giugno-la-festa-della-repubblica-mutietnica-concludera-la-terza-edizione-di-eirenfest\/"]}]},{"@type":"ImageObject","inLanguage":"it-IT","@id":"https:\/\/www.pressenza.com\/it\/2024\/04\/il-2-giugno-la-festa-della-repubblica-mutietnica-concludera-la-terza-edizione-di-eirenfest\/#primaryimage","url":"https:\/\/www.pressenza.com\/wp-content\/uploads\/2024\/04\/eirenefest-multietnica.jpg","contentUrl":"https:\/\/www.pressenza.com\/wp-content\/uploads\/2024\/04\/eirenefest-multietnica.jpg","width":650,"height":488},{"@type":"BreadcrumbList","@id":"https:\/\/www.pressenza.com\/it\/2024\/04\/il-2-giugno-la-festa-della-repubblica-mutietnica-concludera-la-terza-edizione-di-eirenfest\/#breadcrumb","itemListElement":[{"@type":"ListItem","position":1,"name":"Accueil","item":"https:\/\/www.pressenza.com\/it\/"},{"@type":"ListItem","position":2,"name":"Il 2 Giugno la Festa della Repubblica Mutietnica concluder\u00e0 la terza edizione di Eirenefest"}]},{"@type":"WebSite","@id":"https:\/\/www.pressenza.com\/it\/#website","url":"https:\/\/www.pressenza.com\/it\/","name":"Pressenza","description":"Agenzia di Stampa Internazionale","publisher":{"@id":"https:\/\/www.pressenza.com\/it\/#organization"},"potentialAction":[{"@type":"SearchAction","target":{"@type":"EntryPoint","urlTemplate":"https:\/\/www.pressenza.com\/it\/?s={search_term_string}"},"query-input":{"@type":"PropertyValueSpecification","valueRequired":true,"valueName":"search_term_string"}}],"inLanguage":"it-IT"},{"@type":"Organization","@id":"https:\/\/www.pressenza.com\/it\/#organization","name":"Pressenza","url":"https:\/\/www.pressenza.com\/it\/","logo":{"@type":"ImageObject","inLanguage":"it-IT","@id":"https:\/\/www.pressenza.com\/it\/#\/schema\/logo\/image\/","url":"https:\/\/www.pressenza.com\/wp-content\/uploads\/2022\/10\/pressenza_logo_200x200.jpg","contentUrl":"https:\/\/www.pressenza.com\/wp-content\/uploads\/2022\/10\/pressenza_logo_200x200.jpg","width":200,"height":200,"caption":"Pressenza"},"image":{"@id":"https:\/\/www.pressenza.com\/it\/#\/schema\/logo\/image\/"},"sameAs":["https:\/\/www.facebook.com\/PressenzaItalia","https:\/\/x.com\/PressenzaIPA"]},{"@type":"Person","@id":"https:\/\/www.pressenza.com\/it\/#\/schema\/person\/dd1fcddd8e85d3d407a3e898e88bb1df","name":"Energia per i Diritti Umani","description":"Energia per i diritti umani ONLUS is a non-religious, self-financed organization. It has ongoing activities in Italy from 1998, in Senegal from 2000, in Gambia from 2002 and in India from 2003. It was founded in 1998 in Rome with the aim of protecting human rights in the world. The organization inspires its mission and adhere to the principles and proposals of the Universal Humanism since its foundation. www.energiaperidirittiumani.it","sameAs":["http:\/\/energiaperidirittiumani.it\/"],"url":"https:\/\/www.pressenza.com\/it\/author\/energia-per-i-diritti-umani\/"}]}},"place":"Roma","original_article_url":"","_links":{"self":[{"href":"https:\/\/www.pressenza.com\/it\/wp-json\/wp\/v2\/posts\/1837503","targetHints":{"allow":["GET"]}}],"collection":[{"href":"https:\/\/www.pressenza.com\/it\/wp-json\/wp\/v2\/posts"}],"about":[{"href":"https:\/\/www.pressenza.com\/it\/wp-json\/wp\/v2\/types\/post"}],"author":[{"embeddable":true,"href":"https:\/\/www.pressenza.com\/it\/wp-json\/wp\/v2\/users\/1398"}],"replies":[{"embeddable":true,"href":"https:\/\/www.pressenza.com\/it\/wp-json\/wp\/v2\/comments?post=1837503"}],"version-history":[{"count":0,"href":"https:\/\/www.pressenza.com\/it\/wp-json\/wp\/v2\/posts\/1837503\/revisions"}],"wp:featuredmedia":[{"embeddable":true,"href":"https:\/\/www.pressenza.com\/it\/wp-json\/wp\/v2\/media\/1837504"}],"wp:attachment":[{"href":"https:\/\/www.pressenza.com\/it\/wp-json\/wp\/v2\/media?parent=1837503"}],"wp:term":[{"taxonomy":"category","embeddable":true,"href":"https:\/\/www.pressenza.com\/it\/wp-json\/wp\/v2\/categories?post=1837503"},{"taxonomy":"post_tag","embeddable":true,"href":"https:\/\/www.pressenza.com\/it\/wp-json\/wp\/v2\/tags?post=1837503"}],"curies":[{"name":"wp","href":"https:\/\/api.w.org\/{rel}","templated":true}]}}