{"id":1837208,"date":"2024-04-07T16:12:12","date_gmt":"2024-04-07T15:12:12","guid":{"rendered":"https:\/\/www.pressenza.com\/?p=1837208"},"modified":"2024-04-07T16:12:12","modified_gmt":"2024-04-07T15:12:12","slug":"dal-25-aprile-al-1-maggio-deve-crescere-la-mobilitazione-per-la-pace","status":"publish","type":"post","link":"https:\/\/www.pressenza.com\/it\/2024\/04\/dal-25-aprile-al-1-maggio-deve-crescere-la-mobilitazione-per-la-pace\/","title":{"rendered":"Dal 25 aprile al 1\u00b0 maggio deve crescere la mobilitazione per la Pace"},"content":{"rendered":"<p style=\"text-align: left;\" align=\"center\"><span style=\"font-family: inherit, serif;\"><span style=\"font-size: medium;\">La denominazione del gruppo FaceBook \u201cMobilitazione europea Pace, contro la guerra\/le guerre\u201d (con ca. 2.800 iscritti e centinaia di adesioni individuali e di organizzazioni) almeno per il momento rimane tale ma adegua e precisa natura, finalit\u00e0 e modalit\u00e0 d\u2019azione assumendo il nome di RETE MOBILITAZIONE GLOBALE PACE (ribadendo la dichiarazione, ovviamente, \u201ccontro la guerra\/le guerre\u201d, la folle idea stessa di guerra e contro tutte le guerre, anche quelle meno note e di cui si parla meno). La Rete, una comunit\u00e0 di energie individuali e collettive, sempre pi\u00f9 vuole allargarsi e rafforzarsi coinvolgendo gruppi, organizzazioni, attivisti e partigiani di Pace.<\/span><\/span><\/p>\n<p align=\"justify\"><span style=\"font-family: inherit, serif;\"><span style=\"font-size: medium;\">RETE MOBILITAZIONE GLOBALE PACE definisce pi\u00f9 compiutamente la proposta complessiva che viene generata e le iniziative che vengono sollecitate: invitiamo alla MOBILITAZIONE che deve essere PERMANENTE (quasi un&#8217;ovviet\u00e0) e soprattutto GLOBALE, ci\u00f2 che serve &#8211; necessario e urgente &#8211; oggi pi\u00f9 che mai, nello scenario mondiale: una risposta adeguata, il pi\u00f9 possibile corale di tutti i popoli, dappertutto, s\u00ec nel proprio territorio ma non solo, ovunque possibile.<\/span><\/span><\/p>\n<p align=\"justify\"><span style=\"font-family: inherit, serif;\"><span style=\"font-size: medium;\">Attiviamoci, mobilitiamoci, facciamo veramente e concretamente RETE, tutte e tutti, evitando personalismi, protagonismi fuori luogo, veti. <\/span><\/span><\/p>\n<p align=\"justify\"><span style=\"font-family: inherit, serif;\"><span style=\"font-size: medium;\">Invitiamo ad aderire \u2013 a titolo individuale e in forma collettiva (centinaia e centinaia sono le adesioni gi\u00e0 pervenute)- precisando l\u2019organizzazione d\u2019appartenenza rappresentata ed eventuali altri qualifiche &#8211; scrivendo a: <\/span><\/span><span style=\"color: #0563c1;\"><u><a href=\"mailto:mobilitazione.europea.pace@gmail.com\"><span style=\"font-family: inherit, serif;\"><span style=\"font-size: medium;\">mobilitazione.europea.pace@gmail.com<\/span><\/span><\/a><\/u><\/span><span style=\"font-family: inherit, serif;\"><span style=\"font-size: medium;\"> (indirizzo mail ancora invariato, da utilizzare anche per contattare e comunicare con la Rete). <\/span><\/span><\/p>\n<p align=\"justify\"><span style=\"font-family: inherit, serif;\"><span style=\"font-size: medium;\">Come in occasione del &#8220;24\/2\/24&#8221; (a due anni dall&#8217;inizio della guerra in Europa), proponiamo e invitiamo a organizzare manifestazioni da tenere in una determinata stessa giornata (per avere maggiore risonanza e peso) o in un periodo. <\/span><\/span><\/p>\n<p align=\"justify\"><span style=\"font-family: inherit, serif;\"><span style=\"font-size: medium;\">Con l&#8217;approssimarsi del 25 aprile e del 1\u00b0 maggio, si propone di pensare a manifestazioni da tenere a ridosso delle due date. La proposta \u00e8: &#8220;dal 25 aprile al 1\u00b0 maggio&#8221;.<\/span><\/span><\/p>\n<p align=\"justify\"><span style=\"font-family: inherit, serif;\"><span style=\"font-size: medium;\">Importante in Italia e mantenendo caratteristiche e prerogative di sempre, il 25 aprile deve diventare Festa della \u201cLIBERAZIONE dalla GUERRA\u201d, ma al canto internazionale di BELLA CIAO, nella stessa giornata, si potrebbero tenere manifestazioni ovunque e potrebbero essere anche occasioni per conoscere una lotta di Liberazione dal nazi-fascismo e per la Pace.<\/span><\/span><\/p>\n<p align=\"justify\"><span style=\"font-family: inherit, serif;\"><span style=\"font-size: medium;\">Negli altri giorni fino ad arrivare al 1\u00b0 maggio, si dovrebbero tenere manifestazioni contro la guerra evidenziando ai problemi enormi che essa comporta, le strette connessioni con fondamentali problematiche ambientali, economiche, del lavoro, delle migrazioni e considerando l&#8217;abnorme contributo di vite umane pagato all&#8217;indicibile follia che \u00e8 la guerra. <\/span><\/span><\/p>\n<p align=\"justify\">\n","protected":false},"excerpt":{"rendered":"<p>La denominazione del gruppo FaceBook \u201cMobilitazione europea Pace, contro la guerra\/le guerre\u201d (con ca. 2.800 iscritti e centinaia di adesioni individuali e di organizzazioni) almeno per il momento rimane tale ma adegua e precisa natura, finalit\u00e0 e modalit\u00e0 d\u2019azione assumendo&hellip;<\/p>\n","protected":false},"author":594,"featured_media":1837209,"comment_status":"closed","ping_status":"closed","sticky":false,"template":"","format":"standard","meta":{"footnotes":""},"categories":[150,1263],"tags":[4668,4339,1446,294,4653],"class_list":["post-1837208","post","type-post","status-publish","format-standard","has-post-thumbnail","hentry","category-comunicati-stampa","category-pace-disarmo","tag-25-aprile","tag-eventi","tag-mobilitazione","tag-pace","tag-primo-maggio"],"yoast_head":"<!-- This site is optimized with the Yoast SEO plugin v27.1.1 - https:\/\/yoast.com\/product\/yoast-seo-wordpress\/ -->\n<title>Dal 25 aprile al 1\u00b0 maggio deve crescere la mobilitazione per la Pace<\/title>\n<meta name=\"description\" content=\"La denominazione del gruppo FaceBook \u201cMobilitazione europea Pace, contro la guerra\/le guerre\u201d (con ca. 2.800 iscritti e centinaia di adesioni individuali\" \/>\n<meta name=\"robots\" content=\"index, follow, max-snippet:-1, max-image-preview:large, max-video-preview:-1\" \/>\n<link rel=\"canonical\" href=\"https:\/\/www.pressenza.com\/it\/2024\/04\/dal-25-aprile-al-1-maggio-deve-crescere-la-mobilitazione-per-la-pace\/\" \/>\n<meta property=\"og:locale\" content=\"it_IT\" \/>\n<meta property=\"og:type\" content=\"article\" \/>\n<meta property=\"og:title\" content=\"Dal 25 aprile al 1\u00b0 maggio deve crescere la mobilitazione per la Pace\" \/>\n<meta property=\"og:description\" content=\"La denominazione del gruppo FaceBook \u201cMobilitazione europea Pace, contro la guerra\/le guerre\u201d (con ca. 2.800 iscritti e centinaia di adesioni individuali\" \/>\n<meta property=\"og:url\" content=\"https:\/\/www.pressenza.com\/it\/2024\/04\/dal-25-aprile-al-1-maggio-deve-crescere-la-mobilitazione-per-la-pace\/\" \/>\n<meta property=\"og:site_name\" content=\"Pressenza\" \/>\n<meta property=\"article:publisher\" content=\"https:\/\/www.facebook.com\/PressenzaItalia\" \/>\n<meta property=\"article:author\" content=\"https:\/\/www.facebook.com\/PressenzaItalia\" \/>\n<meta property=\"article:published_time\" content=\"2024-04-07T15:12:12+00:00\" \/>\n<meta property=\"og:image\" content=\"https:\/\/www.pressenza.com\/wp-content\/uploads\/2024\/04\/Pace-ITA.jpg\" \/>\n\t<meta property=\"og:image:width\" content=\"1920\" \/>\n\t<meta property=\"og:image:height\" content=\"1238\" \/>\n\t<meta property=\"og:image:type\" content=\"image\/jpeg\" \/>\n<meta name=\"author\" content=\"Redazione Italia\" \/>\n<meta name=\"twitter:card\" content=\"summary_large_image\" \/>\n<meta name=\"twitter:creator\" content=\"@pressenza_it\" \/>\n<meta name=\"twitter:site\" content=\"@PressenzaIPA\" \/>\n<meta name=\"twitter:label1\" content=\"Scritto da\" \/>\n\t<meta name=\"twitter:data1\" content=\"Redazione Italia\" \/>\n\t<meta name=\"twitter:label2\" content=\"Tempo di lettura stimato\" \/>\n\t<meta name=\"twitter:data2\" content=\"3 minuti\" \/>\n<script type=\"application\/ld+json\" class=\"yoast-schema-graph\">{\"@context\":\"https:\/\/schema.org\",\"@graph\":[{\"@type\":\"Article\",\"@id\":\"https:\/\/www.pressenza.com\/it\/2024\/04\/dal-25-aprile-al-1-maggio-deve-crescere-la-mobilitazione-per-la-pace\/#article\",\"isPartOf\":{\"@id\":\"https:\/\/www.pressenza.com\/it\/2024\/04\/dal-25-aprile-al-1-maggio-deve-crescere-la-mobilitazione-per-la-pace\/\"},\"author\":{\"name\":\"Redazione Italia\",\"@id\":\"https:\/\/www.pressenza.com\/it\/#\/schema\/person\/d983e81827ae24f2c7b1a2123d197f8d\"},\"headline\":\"Dal 25 aprile al 1\u00b0 maggio deve crescere la mobilitazione per la Pace\",\"datePublished\":\"2024-04-07T15:12:12+00:00\",\"mainEntityOfPage\":{\"@id\":\"https:\/\/www.pressenza.com\/it\/2024\/04\/dal-25-aprile-al-1-maggio-deve-crescere-la-mobilitazione-per-la-pace\/\"},\"wordCount\":410,\"publisher\":{\"@id\":\"https:\/\/www.pressenza.com\/it\/#organization\"},\"image\":{\"@id\":\"https:\/\/www.pressenza.com\/it\/2024\/04\/dal-25-aprile-al-1-maggio-deve-crescere-la-mobilitazione-per-la-pace\/#primaryimage\"},\"thumbnailUrl\":\"https:\/\/www.pressenza.com\/wp-content\/uploads\/2024\/04\/Pace-ITA.jpg\",\"keywords\":[\"25 aprile\",\"eventi\",\"mobilitazione\",\"Pace\",\"Primo maggio\"],\"articleSection\":[\"Comunicati Stampa\",\"Pace e Disarmo\"],\"inLanguage\":\"it-IT\"},{\"@type\":\"WebPage\",\"@id\":\"https:\/\/www.pressenza.com\/it\/2024\/04\/dal-25-aprile-al-1-maggio-deve-crescere-la-mobilitazione-per-la-pace\/\",\"url\":\"https:\/\/www.pressenza.com\/it\/2024\/04\/dal-25-aprile-al-1-maggio-deve-crescere-la-mobilitazione-per-la-pace\/\",\"name\":\"Dal 25 aprile al 1\u00b0 maggio deve crescere la mobilitazione per la Pace\",\"isPartOf\":{\"@id\":\"https:\/\/www.pressenza.com\/it\/#website\"},\"primaryImageOfPage\":{\"@id\":\"https:\/\/www.pressenza.com\/it\/2024\/04\/dal-25-aprile-al-1-maggio-deve-crescere-la-mobilitazione-per-la-pace\/#primaryimage\"},\"image\":{\"@id\":\"https:\/\/www.pressenza.com\/it\/2024\/04\/dal-25-aprile-al-1-maggio-deve-crescere-la-mobilitazione-per-la-pace\/#primaryimage\"},\"thumbnailUrl\":\"https:\/\/www.pressenza.com\/wp-content\/uploads\/2024\/04\/Pace-ITA.jpg\",\"datePublished\":\"2024-04-07T15:12:12+00:00\",\"description\":\"La denominazione del gruppo FaceBook \u201cMobilitazione europea Pace, contro la guerra\/le guerre\u201d (con ca. 2.800 iscritti e centinaia di adesioni individuali\",\"breadcrumb\":{\"@id\":\"https:\/\/www.pressenza.com\/it\/2024\/04\/dal-25-aprile-al-1-maggio-deve-crescere-la-mobilitazione-per-la-pace\/#breadcrumb\"},\"inLanguage\":\"it-IT\",\"potentialAction\":[{\"@type\":\"ReadAction\",\"target\":[\"https:\/\/www.pressenza.com\/it\/2024\/04\/dal-25-aprile-al-1-maggio-deve-crescere-la-mobilitazione-per-la-pace\/\"]}]},{\"@type\":\"ImageObject\",\"inLanguage\":\"it-IT\",\"@id\":\"https:\/\/www.pressenza.com\/it\/2024\/04\/dal-25-aprile-al-1-maggio-deve-crescere-la-mobilitazione-per-la-pace\/#primaryimage\",\"url\":\"https:\/\/www.pressenza.com\/wp-content\/uploads\/2024\/04\/Pace-ITA.jpg\",\"contentUrl\":\"https:\/\/www.pressenza.com\/wp-content\/uploads\/2024\/04\/Pace-ITA.jpg\",\"width\":1920,\"height\":1238},{\"@type\":\"BreadcrumbList\",\"@id\":\"https:\/\/www.pressenza.com\/it\/2024\/04\/dal-25-aprile-al-1-maggio-deve-crescere-la-mobilitazione-per-la-pace\/#breadcrumb\",\"itemListElement\":[{\"@type\":\"ListItem\",\"position\":1,\"name\":\"Accueil\",\"item\":\"https:\/\/www.pressenza.com\/it\/\"},{\"@type\":\"ListItem\",\"position\":2,\"name\":\"Dal 25 aprile al 1\u00b0 maggio deve crescere la mobilitazione per la Pace\"}]},{\"@type\":\"WebSite\",\"@id\":\"https:\/\/www.pressenza.com\/it\/#website\",\"url\":\"https:\/\/www.pressenza.com\/it\/\",\"name\":\"Pressenza\",\"description\":\"Agenzia di Stampa Internazionale\",\"publisher\":{\"@id\":\"https:\/\/www.pressenza.com\/it\/#organization\"},\"potentialAction\":[{\"@type\":\"SearchAction\",\"target\":{\"@type\":\"EntryPoint\",\"urlTemplate\":\"https:\/\/www.pressenza.com\/it\/?s={search_term_string}\"},\"query-input\":{\"@type\":\"PropertyValueSpecification\",\"valueRequired\":true,\"valueName\":\"search_term_string\"}}],\"inLanguage\":\"it-IT\"},{\"@type\":\"Organization\",\"@id\":\"https:\/\/www.pressenza.com\/it\/#organization\",\"name\":\"Pressenza\",\"url\":\"https:\/\/www.pressenza.com\/it\/\",\"logo\":{\"@type\":\"ImageObject\",\"inLanguage\":\"it-IT\",\"@id\":\"https:\/\/www.pressenza.com\/it\/#\/schema\/logo\/image\/\",\"url\":\"https:\/\/www.pressenza.com\/wp-content\/uploads\/2022\/10\/pressenza_logo_200x200.jpg\",\"contentUrl\":\"https:\/\/www.pressenza.com\/wp-content\/uploads\/2022\/10\/pressenza_logo_200x200.jpg\",\"width\":200,\"height\":200,\"caption\":\"Pressenza\"},\"image\":{\"@id\":\"https:\/\/www.pressenza.com\/it\/#\/schema\/logo\/image\/\"},\"sameAs\":[\"https:\/\/www.facebook.com\/PressenzaItalia\",\"https:\/\/x.com\/PressenzaIPA\"]},{\"@type\":\"Person\",\"@id\":\"https:\/\/www.pressenza.com\/it\/#\/schema\/person\/d983e81827ae24f2c7b1a2123d197f8d\",\"name\":\"Redazione Italia\",\"description\":\"News from the Pressenza Bureau in Italy\",\"sameAs\":[\"https:\/\/www.pressenza.com\/it\/author\/redazione-italia\/\",\"https:\/\/www.facebook.com\/PressenzaItalia\",\"https:\/\/www.instagram.com\/pressenza_italia\/\",\"https:\/\/x.com\/pressenza_it\",\"https:\/\/www.youtube.com\/channel\/UCSalEIWjE1RSxkwjfftFuqg\"],\"url\":\"https:\/\/www.pressenza.com\/it\/author\/redazione-italia\/\"}]}<\/script>\n<!-- \/ Yoast SEO plugin. -->","yoast_head_json":{"title":"Dal 25 aprile al 1\u00b0 maggio deve crescere la mobilitazione per la Pace","description":"La denominazione del gruppo FaceBook \u201cMobilitazione europea Pace, contro la guerra\/le guerre\u201d (con ca. 2.800 iscritti e centinaia di adesioni individuali","robots":{"index":"index","follow":"follow","max-snippet":"max-snippet:-1","max-image-preview":"max-image-preview:large","max-video-preview":"max-video-preview:-1"},"canonical":"https:\/\/www.pressenza.com\/it\/2024\/04\/dal-25-aprile-al-1-maggio-deve-crescere-la-mobilitazione-per-la-pace\/","og_locale":"it_IT","og_type":"article","og_title":"Dal 25 aprile al 1\u00b0 maggio deve crescere la mobilitazione per la Pace","og_description":"La denominazione del gruppo FaceBook \u201cMobilitazione europea Pace, contro la guerra\/le guerre\u201d (con ca. 2.800 iscritti e centinaia di adesioni individuali","og_url":"https:\/\/www.pressenza.com\/it\/2024\/04\/dal-25-aprile-al-1-maggio-deve-crescere-la-mobilitazione-per-la-pace\/","og_site_name":"Pressenza","article_publisher":"https:\/\/www.facebook.com\/PressenzaItalia","article_author":"https:\/\/www.facebook.com\/PressenzaItalia","article_published_time":"2024-04-07T15:12:12+00:00","og_image":[{"width":1920,"height":1238,"url":"https:\/\/www.pressenza.com\/wp-content\/uploads\/2024\/04\/Pace-ITA.jpg","type":"image\/jpeg"}],"author":"Redazione Italia","twitter_card":"summary_large_image","twitter_creator":"@pressenza_it","twitter_site":"@PressenzaIPA","twitter_misc":{"Scritto da":"Redazione Italia","Tempo di lettura stimato":"3 minuti"},"schema":{"@context":"https:\/\/schema.org","@graph":[{"@type":"Article","@id":"https:\/\/www.pressenza.com\/it\/2024\/04\/dal-25-aprile-al-1-maggio-deve-crescere-la-mobilitazione-per-la-pace\/#article","isPartOf":{"@id":"https:\/\/www.pressenza.com\/it\/2024\/04\/dal-25-aprile-al-1-maggio-deve-crescere-la-mobilitazione-per-la-pace\/"},"author":{"name":"Redazione Italia","@id":"https:\/\/www.pressenza.com\/it\/#\/schema\/person\/d983e81827ae24f2c7b1a2123d197f8d"},"headline":"Dal 25 aprile al 1\u00b0 maggio deve crescere la mobilitazione per la Pace","datePublished":"2024-04-07T15:12:12+00:00","mainEntityOfPage":{"@id":"https:\/\/www.pressenza.com\/it\/2024\/04\/dal-25-aprile-al-1-maggio-deve-crescere-la-mobilitazione-per-la-pace\/"},"wordCount":410,"publisher":{"@id":"https:\/\/www.pressenza.com\/it\/#organization"},"image":{"@id":"https:\/\/www.pressenza.com\/it\/2024\/04\/dal-25-aprile-al-1-maggio-deve-crescere-la-mobilitazione-per-la-pace\/#primaryimage"},"thumbnailUrl":"https:\/\/www.pressenza.com\/wp-content\/uploads\/2024\/04\/Pace-ITA.jpg","keywords":["25 aprile","eventi","mobilitazione","Pace","Primo maggio"],"articleSection":["Comunicati Stampa","Pace e Disarmo"],"inLanguage":"it-IT"},{"@type":"WebPage","@id":"https:\/\/www.pressenza.com\/it\/2024\/04\/dal-25-aprile-al-1-maggio-deve-crescere-la-mobilitazione-per-la-pace\/","url":"https:\/\/www.pressenza.com\/it\/2024\/04\/dal-25-aprile-al-1-maggio-deve-crescere-la-mobilitazione-per-la-pace\/","name":"Dal 25 aprile al 1\u00b0 maggio deve crescere la mobilitazione per la Pace","isPartOf":{"@id":"https:\/\/www.pressenza.com\/it\/#website"},"primaryImageOfPage":{"@id":"https:\/\/www.pressenza.com\/it\/2024\/04\/dal-25-aprile-al-1-maggio-deve-crescere-la-mobilitazione-per-la-pace\/#primaryimage"},"image":{"@id":"https:\/\/www.pressenza.com\/it\/2024\/04\/dal-25-aprile-al-1-maggio-deve-crescere-la-mobilitazione-per-la-pace\/#primaryimage"},"thumbnailUrl":"https:\/\/www.pressenza.com\/wp-content\/uploads\/2024\/04\/Pace-ITA.jpg","datePublished":"2024-04-07T15:12:12+00:00","description":"La denominazione del gruppo FaceBook \u201cMobilitazione europea Pace, contro la guerra\/le guerre\u201d (con ca. 2.800 iscritti e centinaia di adesioni individuali","breadcrumb":{"@id":"https:\/\/www.pressenza.com\/it\/2024\/04\/dal-25-aprile-al-1-maggio-deve-crescere-la-mobilitazione-per-la-pace\/#breadcrumb"},"inLanguage":"it-IT","potentialAction":[{"@type":"ReadAction","target":["https:\/\/www.pressenza.com\/it\/2024\/04\/dal-25-aprile-al-1-maggio-deve-crescere-la-mobilitazione-per-la-pace\/"]}]},{"@type":"ImageObject","inLanguage":"it-IT","@id":"https:\/\/www.pressenza.com\/it\/2024\/04\/dal-25-aprile-al-1-maggio-deve-crescere-la-mobilitazione-per-la-pace\/#primaryimage","url":"https:\/\/www.pressenza.com\/wp-content\/uploads\/2024\/04\/Pace-ITA.jpg","contentUrl":"https:\/\/www.pressenza.com\/wp-content\/uploads\/2024\/04\/Pace-ITA.jpg","width":1920,"height":1238},{"@type":"BreadcrumbList","@id":"https:\/\/www.pressenza.com\/it\/2024\/04\/dal-25-aprile-al-1-maggio-deve-crescere-la-mobilitazione-per-la-pace\/#breadcrumb","itemListElement":[{"@type":"ListItem","position":1,"name":"Accueil","item":"https:\/\/www.pressenza.com\/it\/"},{"@type":"ListItem","position":2,"name":"Dal 25 aprile al 1\u00b0 maggio deve crescere la mobilitazione per la Pace"}]},{"@type":"WebSite","@id":"https:\/\/www.pressenza.com\/it\/#website","url":"https:\/\/www.pressenza.com\/it\/","name":"Pressenza","description":"Agenzia di Stampa Internazionale","publisher":{"@id":"https:\/\/www.pressenza.com\/it\/#organization"},"potentialAction":[{"@type":"SearchAction","target":{"@type":"EntryPoint","urlTemplate":"https:\/\/www.pressenza.com\/it\/?s={search_term_string}"},"query-input":{"@type":"PropertyValueSpecification","valueRequired":true,"valueName":"search_term_string"}}],"inLanguage":"it-IT"},{"@type":"Organization","@id":"https:\/\/www.pressenza.com\/it\/#organization","name":"Pressenza","url":"https:\/\/www.pressenza.com\/it\/","logo":{"@type":"ImageObject","inLanguage":"it-IT","@id":"https:\/\/www.pressenza.com\/it\/#\/schema\/logo\/image\/","url":"https:\/\/www.pressenza.com\/wp-content\/uploads\/2022\/10\/pressenza_logo_200x200.jpg","contentUrl":"https:\/\/www.pressenza.com\/wp-content\/uploads\/2022\/10\/pressenza_logo_200x200.jpg","width":200,"height":200,"caption":"Pressenza"},"image":{"@id":"https:\/\/www.pressenza.com\/it\/#\/schema\/logo\/image\/"},"sameAs":["https:\/\/www.facebook.com\/PressenzaItalia","https:\/\/x.com\/PressenzaIPA"]},{"@type":"Person","@id":"https:\/\/www.pressenza.com\/it\/#\/schema\/person\/d983e81827ae24f2c7b1a2123d197f8d","name":"Redazione Italia","description":"News from the Pressenza Bureau in Italy","sameAs":["https:\/\/www.pressenza.com\/it\/author\/redazione-italia\/","https:\/\/www.facebook.com\/PressenzaItalia","https:\/\/www.instagram.com\/pressenza_italia\/","https:\/\/x.com\/pressenza_it","https:\/\/www.youtube.com\/channel\/UCSalEIWjE1RSxkwjfftFuqg"],"url":"https:\/\/www.pressenza.com\/it\/author\/redazione-italia\/"}]}},"place":"","original_article_url":"","_links":{"self":[{"href":"https:\/\/www.pressenza.com\/it\/wp-json\/wp\/v2\/posts\/1837208","targetHints":{"allow":["GET"]}}],"collection":[{"href":"https:\/\/www.pressenza.com\/it\/wp-json\/wp\/v2\/posts"}],"about":[{"href":"https:\/\/www.pressenza.com\/it\/wp-json\/wp\/v2\/types\/post"}],"author":[{"embeddable":true,"href":"https:\/\/www.pressenza.com\/it\/wp-json\/wp\/v2\/users\/594"}],"replies":[{"embeddable":true,"href":"https:\/\/www.pressenza.com\/it\/wp-json\/wp\/v2\/comments?post=1837208"}],"version-history":[{"count":0,"href":"https:\/\/www.pressenza.com\/it\/wp-json\/wp\/v2\/posts\/1837208\/revisions"}],"wp:featuredmedia":[{"embeddable":true,"href":"https:\/\/www.pressenza.com\/it\/wp-json\/wp\/v2\/media\/1837209"}],"wp:attachment":[{"href":"https:\/\/www.pressenza.com\/it\/wp-json\/wp\/v2\/media?parent=1837208"}],"wp:term":[{"taxonomy":"category","embeddable":true,"href":"https:\/\/www.pressenza.com\/it\/wp-json\/wp\/v2\/categories?post=1837208"},{"taxonomy":"post_tag","embeddable":true,"href":"https:\/\/www.pressenza.com\/it\/wp-json\/wp\/v2\/tags?post=1837208"}],"curies":[{"name":"wp","href":"https:\/\/api.w.org\/{rel}","templated":true}]}}