{"id":1836515,"date":"2024-04-04T11:14:00","date_gmt":"2024-04-04T10:14:00","guid":{"rendered":"https:\/\/www.pressenza.com\/?p=1836515"},"modified":"2024-04-04T11:17:18","modified_gmt":"2024-04-04T10:17:18","slug":"il-caso-di-ilaria-salis-ci-riguarda","status":"publish","type":"post","link":"https:\/\/www.pressenza.com\/it\/2024\/04\/il-caso-di-ilaria-salis-ci-riguarda\/","title":{"rendered":"Il caso di Ilaria Salis ci riguarda"},"content":{"rendered":"<p class=\"wp-block-heading\"><em>Sul caso di Ilaria Salis, il ministro degli Esteri\u00a0non smette di invitare a\u00a0tenere un profilo basso e a non politicizzare il caso. Nascono nuove domande, chiss\u00e0 se anche queste politiche: qual \u00e8 il futuro di un\u2019Europa che non\u00a0ferma genodici e guerre,\u00a0che esternalizza le frontiere trasformando il Mediterraneo in un cimitero e che non riesce pi\u00f9 nemmeno a garantire i diritti fondamentali dei suoi cittadini?<\/em><\/p>\n<p>&nbsp;<\/p>\n<p>Gioved\u00ec 27 marzo, come noto, si \u00e8 tenuta a Budapest la seconda udienza del processo a Ilaria Salis, detenuta da tredici mesi in Ungheria.\u00a0Le notizie del ritorno in aula in catene e del respingimento della richiesta di arresti domiciliari sono state battute dalla stampa italiana in tempo reale.\u00a0<strong>Erano 57 i giornalisti italiani accreditati per seguire l\u2019udienza<\/strong>, ragione per cui gran parte della delegazione giunta a Budapest per manifestare solidariet\u00e0 a Ilaria \u00e8 stata costretta a seguire l\u2019udienza in teleconferenza da una sala al piano di sopra. Alla delegazione hanno partecipato amici e compagni di Ilaria, il Comitato romano per la libert\u00e0 di Ilara Salis, Giuristi Democratici, il CRED, la Clinica dei generi e delle discriminazioni multiple di Roma Tre, sette parlamentari e il fumettista ZeroCalcare.<\/p>\n<p>L\u2019audizione dei testimoni \u00e8 stata rinviata al 24 maggio e oggetto dell\u2019udienza \u00e8 stata esclusivamente la richiesta dei domiciliari in Italia o in Ungheria liquidata dal giudice con un secco diniego.\u00a0I motivi sono il pericolo di fuga e la gravit\u00e0 del reato di cui \u00e8 accusata: due aggressioni che hanno provocato pochi giorni di prognosi con la supposta aggravante di essere avvenute nell\u2019ambito di un\u2019azione organizzata.\u00a0Il parere negativo della PM alla richiesta della difesa \u00e8 stato espresso con pochissime parole \u201cDi crimine pi\u00f9 grave c\u2019\u00e8 solo l\u2019omicidio\u201d.<\/p>\n<p>Le\u00a0pressioni del governo italiano su\u00a0Orban, per non riproporre lo spettacolo medievale delle catene e per concedere i domiciliari almeno in Ungheria,\u00a0o non sono state esercitate oppure sono state rispedite al mittente ed \u00e8 molto probabile\u00a0<strong>a questo punto che Ilaria sconter\u00e0 in carcere,\u00a0con un\u2019ora d\u2019aria al giorno,\u00a0l\u2019intera misura cautelare sino alla fine del processo<\/strong>.<\/p>\n<p><strong>Il ministro degli Esteri\u00a0non smette di invitare a\u00a0tenere un profilo basso e a non politicizzare il caso<\/strong>. Peccato per\u00f2 che la questione sia marcatamente\u00a0 politica e non riguardi solo l\u2019antifascismo\u00a0o le relazioni tra Italia e Ungheria, bens\u00ec il\u00a0futuro dello stato di diritto nell\u2019UE. Una cittadina europea\u00a0rischia dagli 11 ai 24 anni di carcere per un reato che in Italia finirebbe davanti a un giudice di pace.<\/p>\n<p><strong>La vera questione politica \u00e8: quali strumenti ha l\u2019UE per arginare la regressione autoritaria di uno stato membro ed evitare un potenziale effetto domino sugli standard dei diritti fondamentali dell\u2019Europa?<\/strong><\/p>\n<p><strong>Attualmente pochi e anche\u00a0strumentalmente applicati<\/strong>,\u00a0come conferma il conflitto istituzionale che si \u00e8 appena aperto davanti la Corte di Giustizia Europa\u00a0proprio sul sistema giudiziario ungherese.<\/p>\n<p>Il 4 marzo, Roberta Metsola ha dato<a href=\"https:\/\/www.eunews.it\/en\/2024\/03\/14\/metsola-approves-european-parliament-takes-the-european-commission-to-court-over-release-of-funds-to-hungary\/\">\u00a0mandato ai servizi giuridici del Parlamento europeo<\/a>\u00a0di presentare un ricorso contro la Commissione\u00a0per lo sblocco di 10,2 miliardi di fondi all\u2019Ungheria avvenuto a dicembre in cambio del voto favorevole di Orban all\u2019avvio dei negoziati di accesso nell\u2019UE di Ucraina e Moldavia. 22 miliardi di euro del Fondo di Coesione,\u00a0 erano stati bloccati\u00a0per una della varie procedure di infrazione nei confronti dell\u2019Ungheria proprio relativa alla mancata indipendenza del sistema giudiziario dall\u2019esecutivo.<\/p>\n<p>A maggio del 2023 il Parlamento ungherese aveva approvato una blanda riforma finalizzata all\u2019ottenimento dei fondi di cui il paese ha urgente bisogno. La Commissione ha ritenuto\u00a0la riforma sufficiente a un\u2019erogazione parziale proprio nei giorni in cui\u00a0<a href=\"https:\/\/www.bbc.com\/news\/world-europe-67735680\">Orban teneva sotto scacco i negoziati<\/a>\u00a0sull\u2019Ucraina.<\/p>\n<p>In attesa di vedere come evolver\u00e0 il contenzioso tra Parlamento e Commissione qualche giorno fa l\u2019Ungheria ha ricevuto l\u2019avviso dell\u2019ennesima procedura di infrazione per la\u00a0<a href=\"https:\/\/giurcost.org\/contents\/giurcost\/cronache\/leggeungherese_sovranita.pdf\">\u201cLegge sulla Sovranit\u00e0\u201d<\/a>\u00a0, approvata lo scorso dicembre, che autorizza lo Stato a indagare su persone, organizzazioni e influenze straniere sospettate di minare la sovranit\u00e0 del paese, con potenziali condanne fino a tre anni di carcere.<\/p>\n<p>La legge entrer\u00e0 in vigore il primo giugno e a quel punto anche semplici azioni solidali con Ilaria Salis su territorio ungherese potrebbero essere prese di mira dal governo.<\/p>\n<p><strong>Qual \u00e8 il futuro di un\u2019Europa che non\u00a0ferma genodici e guerre,\u00a0che esternalizza le frontiere trasformando il Mediterraneo in un cimitero e che non riesce pi\u00f9 nemmeno a garantire i diritti fondamentali dei suoi cittadini<\/strong>\u00a0<strong>e la continuit\u00e0 degli standard minimi richiesti ai paesi per diventare membri dell\u2019Unione?<\/strong>\u00a0Per questo il caso\u00a0 \u00e8 pi\u00f9 politico che mai e sar\u00e0 inevitabile che prosegua in Europa.<\/p>\n","protected":false},"excerpt":{"rendered":"<p>Sul caso di Ilaria Salis, il ministro degli Esteri\u00a0non smette di invitare a\u00a0tenere un profilo basso e a non politicizzare il caso. Nascono nuove domande, chiss\u00e0 se anche queste politiche: qual \u00e8 il futuro di un\u2019Europa che non\u00a0ferma genodici e&hellip;<\/p>\n","protected":false},"author":1436,"featured_media":1836516,"comment_status":"closed","ping_status":"closed","sticky":false,"template":"","format":"standard","meta":{"footnotes":""},"categories":[56,60,54513,162],"tags":[121608,121607,24471,96826],"class_list":["post-1836515","post","type-post","status-publish","format-standard","has-post-thumbnail","hentry","category-cultura","category-diritti-umani","category-genere-e-femminismi","category-opinioni","tag-clinica-generi-discriminazioni","tag-cred","tag-giuristi-democratici","tag-zerocalcare"],"yoast_head":"<!-- This site is optimized with the Yoast SEO plugin v27.1.1 - https:\/\/yoast.com\/product\/yoast-seo-wordpress\/ -->\n<title>Il caso di Ilaria Salis ci riguarda<\/title>\n<meta name=\"description\" content=\"Sul caso di Ilaria Salis, il ministro degli Esteri\u00a0non smette di invitare a\u00a0tenere un profilo basso e a non politicizzare il caso. Nascono nuove domande,\" \/>\n<meta name=\"robots\" content=\"index, follow, max-snippet:-1, max-image-preview:large, max-video-preview:-1\" \/>\n<link rel=\"canonical\" href=\"https:\/\/www.pressenza.com\/it\/2024\/04\/il-caso-di-ilaria-salis-ci-riguarda\/\" \/>\n<meta property=\"og:locale\" content=\"it_IT\" \/>\n<meta property=\"og:type\" content=\"article\" \/>\n<meta property=\"og:title\" content=\"Il caso di Ilaria Salis ci riguarda\" \/>\n<meta property=\"og:description\" content=\"Sul caso di Ilaria Salis, il ministro degli Esteri\u00a0non smette di invitare a\u00a0tenere un profilo basso e a non politicizzare il caso. Nascono nuove domande,\" \/>\n<meta property=\"og:url\" content=\"https:\/\/www.pressenza.com\/it\/2024\/04\/il-caso-di-ilaria-salis-ci-riguarda\/\" \/>\n<meta property=\"og:site_name\" content=\"Pressenza\" \/>\n<meta property=\"article:publisher\" content=\"https:\/\/www.facebook.com\/PressenzaItalia\" \/>\n<meta property=\"article:published_time\" content=\"2024-04-04T10:14:00+00:00\" \/>\n<meta property=\"article:modified_time\" content=\"2024-04-04T10:17:18+00:00\" \/>\n<meta property=\"og:image\" content=\"https:\/\/www.pressenza.com\/wp-content\/uploads\/2024\/04\/434198176_10231294196687432_3222754543484634241_n-1024x600-1-e1712225809322.jpg\" \/>\n\t<meta property=\"og:image:width\" content=\"824\" \/>\n\t<meta property=\"og:image:height\" content=\"483\" \/>\n\t<meta property=\"og:image:type\" content=\"image\/jpeg\" \/>\n<meta name=\"author\" content=\"Comune-info\" \/>\n<meta name=\"twitter:card\" content=\"summary_large_image\" \/>\n<meta name=\"twitter:creator\" content=\"@PressenzaIPA\" \/>\n<meta name=\"twitter:site\" content=\"@PressenzaIPA\" \/>\n<meta name=\"twitter:label1\" content=\"Scritto da\" \/>\n\t<meta name=\"twitter:data1\" content=\"Comune-info\" \/>\n\t<meta name=\"twitter:label2\" content=\"Tempo di lettura stimato\" \/>\n\t<meta name=\"twitter:data2\" content=\"4 minuti\" \/>\n<script type=\"application\/ld+json\" class=\"yoast-schema-graph\">{\"@context\":\"https:\/\/schema.org\",\"@graph\":[{\"@type\":\"Article\",\"@id\":\"https:\/\/www.pressenza.com\/it\/2024\/04\/il-caso-di-ilaria-salis-ci-riguarda\/#article\",\"isPartOf\":{\"@id\":\"https:\/\/www.pressenza.com\/it\/2024\/04\/il-caso-di-ilaria-salis-ci-riguarda\/\"},\"author\":{\"name\":\"Comune-info\",\"@id\":\"https:\/\/www.pressenza.com\/it\/#\/schema\/person\/1ee2824dbc73024ca26b2ff0897954a1\"},\"headline\":\"Il caso di Ilaria Salis ci riguarda\",\"datePublished\":\"2024-04-04T10:14:00+00:00\",\"dateModified\":\"2024-04-04T10:17:18+00:00\",\"mainEntityOfPage\":{\"@id\":\"https:\/\/www.pressenza.com\/it\/2024\/04\/il-caso-di-ilaria-salis-ci-riguarda\/\"},\"wordCount\":765,\"publisher\":{\"@id\":\"https:\/\/www.pressenza.com\/it\/#organization\"},\"image\":{\"@id\":\"https:\/\/www.pressenza.com\/it\/2024\/04\/il-caso-di-ilaria-salis-ci-riguarda\/#primaryimage\"},\"thumbnailUrl\":\"https:\/\/www.pressenza.com\/wp-content\/uploads\/2024\/04\/434198176_10231294196687432_3222754543484634241_n-1024x600-1-e1712225809322.jpg\",\"keywords\":[\"Clinica generi discriminazioni\",\"CRED\",\"Giuristi Democratici\",\"Zerocalcare\"],\"articleSection\":[\"Cultura e Media\",\"Diritti Umani\",\"Genere e femminismi\",\"Opinioni\"],\"inLanguage\":\"it-IT\"},{\"@type\":\"WebPage\",\"@id\":\"https:\/\/www.pressenza.com\/it\/2024\/04\/il-caso-di-ilaria-salis-ci-riguarda\/\",\"url\":\"https:\/\/www.pressenza.com\/it\/2024\/04\/il-caso-di-ilaria-salis-ci-riguarda\/\",\"name\":\"Il caso di Ilaria Salis ci riguarda\",\"isPartOf\":{\"@id\":\"https:\/\/www.pressenza.com\/it\/#website\"},\"primaryImageOfPage\":{\"@id\":\"https:\/\/www.pressenza.com\/it\/2024\/04\/il-caso-di-ilaria-salis-ci-riguarda\/#primaryimage\"},\"image\":{\"@id\":\"https:\/\/www.pressenza.com\/it\/2024\/04\/il-caso-di-ilaria-salis-ci-riguarda\/#primaryimage\"},\"thumbnailUrl\":\"https:\/\/www.pressenza.com\/wp-content\/uploads\/2024\/04\/434198176_10231294196687432_3222754543484634241_n-1024x600-1-e1712225809322.jpg\",\"datePublished\":\"2024-04-04T10:14:00+00:00\",\"dateModified\":\"2024-04-04T10:17:18+00:00\",\"description\":\"Sul caso di Ilaria Salis, il ministro degli Esteri\u00a0non smette di invitare a\u00a0tenere un profilo basso e a non politicizzare il caso. Nascono nuove domande,\",\"breadcrumb\":{\"@id\":\"https:\/\/www.pressenza.com\/it\/2024\/04\/il-caso-di-ilaria-salis-ci-riguarda\/#breadcrumb\"},\"inLanguage\":\"it-IT\",\"potentialAction\":[{\"@type\":\"ReadAction\",\"target\":[\"https:\/\/www.pressenza.com\/it\/2024\/04\/il-caso-di-ilaria-salis-ci-riguarda\/\"]}]},{\"@type\":\"ImageObject\",\"inLanguage\":\"it-IT\",\"@id\":\"https:\/\/www.pressenza.com\/it\/2024\/04\/il-caso-di-ilaria-salis-ci-riguarda\/#primaryimage\",\"url\":\"https:\/\/www.pressenza.com\/wp-content\/uploads\/2024\/04\/434198176_10231294196687432_3222754543484634241_n-1024x600-1-e1712225809322.jpg\",\"contentUrl\":\"https:\/\/www.pressenza.com\/wp-content\/uploads\/2024\/04\/434198176_10231294196687432_3222754543484634241_n-1024x600-1-e1712225809322.jpg\",\"width\":824,\"height\":483,\"caption\":\"Foto: Gianluca Peciola\"},{\"@type\":\"BreadcrumbList\",\"@id\":\"https:\/\/www.pressenza.com\/it\/2024\/04\/il-caso-di-ilaria-salis-ci-riguarda\/#breadcrumb\",\"itemListElement\":[{\"@type\":\"ListItem\",\"position\":1,\"name\":\"Accueil\",\"item\":\"https:\/\/www.pressenza.com\/it\/\"},{\"@type\":\"ListItem\",\"position\":2,\"name\":\"Il caso di Ilaria Salis ci riguarda\"}]},{\"@type\":\"WebSite\",\"@id\":\"https:\/\/www.pressenza.com\/it\/#website\",\"url\":\"https:\/\/www.pressenza.com\/it\/\",\"name\":\"Pressenza\",\"description\":\"Agenzia di Stampa Internazionale\",\"publisher\":{\"@id\":\"https:\/\/www.pressenza.com\/it\/#organization\"},\"potentialAction\":[{\"@type\":\"SearchAction\",\"target\":{\"@type\":\"EntryPoint\",\"urlTemplate\":\"https:\/\/www.pressenza.com\/it\/?s={search_term_string}\"},\"query-input\":{\"@type\":\"PropertyValueSpecification\",\"valueRequired\":true,\"valueName\":\"search_term_string\"}}],\"inLanguage\":\"it-IT\"},{\"@type\":\"Organization\",\"@id\":\"https:\/\/www.pressenza.com\/it\/#organization\",\"name\":\"Pressenza\",\"url\":\"https:\/\/www.pressenza.com\/it\/\",\"logo\":{\"@type\":\"ImageObject\",\"inLanguage\":\"it-IT\",\"@id\":\"https:\/\/www.pressenza.com\/it\/#\/schema\/logo\/image\/\",\"url\":\"https:\/\/www.pressenza.com\/wp-content\/uploads\/2022\/10\/pressenza_logo_200x200.jpg\",\"contentUrl\":\"https:\/\/www.pressenza.com\/wp-content\/uploads\/2022\/10\/pressenza_logo_200x200.jpg\",\"width\":200,\"height\":200,\"caption\":\"Pressenza\"},\"image\":{\"@id\":\"https:\/\/www.pressenza.com\/it\/#\/schema\/logo\/image\/\"},\"sameAs\":[\"https:\/\/www.facebook.com\/PressenzaItalia\",\"https:\/\/x.com\/PressenzaIPA\"]},{\"@type\":\"Person\",\"@id\":\"https:\/\/www.pressenza.com\/it\/#\/schema\/person\/1ee2824dbc73024ca26b2ff0897954a1\",\"name\":\"Comune-info\",\"description\":\"Informazione indipendente su beni comuni, decrescita, altra economia\",\"sameAs\":[\"http:\/\/comune-info.net\/\"],\"url\":\"https:\/\/www.pressenza.com\/it\/author\/comune-info\/\"}]}<\/script>\n<!-- \/ Yoast SEO plugin. -->","yoast_head_json":{"title":"Il caso di Ilaria Salis ci riguarda","description":"Sul caso di Ilaria Salis, il ministro degli Esteri\u00a0non smette di invitare a\u00a0tenere un profilo basso e a non politicizzare il caso. Nascono nuove domande,","robots":{"index":"index","follow":"follow","max-snippet":"max-snippet:-1","max-image-preview":"max-image-preview:large","max-video-preview":"max-video-preview:-1"},"canonical":"https:\/\/www.pressenza.com\/it\/2024\/04\/il-caso-di-ilaria-salis-ci-riguarda\/","og_locale":"it_IT","og_type":"article","og_title":"Il caso di Ilaria Salis ci riguarda","og_description":"Sul caso di Ilaria Salis, il ministro degli Esteri\u00a0non smette di invitare a\u00a0tenere un profilo basso e a non politicizzare il caso. Nascono nuove domande,","og_url":"https:\/\/www.pressenza.com\/it\/2024\/04\/il-caso-di-ilaria-salis-ci-riguarda\/","og_site_name":"Pressenza","article_publisher":"https:\/\/www.facebook.com\/PressenzaItalia","article_published_time":"2024-04-04T10:14:00+00:00","article_modified_time":"2024-04-04T10:17:18+00:00","og_image":[{"width":824,"height":483,"url":"https:\/\/www.pressenza.com\/wp-content\/uploads\/2024\/04\/434198176_10231294196687432_3222754543484634241_n-1024x600-1-e1712225809322.jpg","type":"image\/jpeg"}],"author":"Comune-info","twitter_card":"summary_large_image","twitter_creator":"@PressenzaIPA","twitter_site":"@PressenzaIPA","twitter_misc":{"Scritto da":"Comune-info","Tempo di lettura stimato":"4 minuti"},"schema":{"@context":"https:\/\/schema.org","@graph":[{"@type":"Article","@id":"https:\/\/www.pressenza.com\/it\/2024\/04\/il-caso-di-ilaria-salis-ci-riguarda\/#article","isPartOf":{"@id":"https:\/\/www.pressenza.com\/it\/2024\/04\/il-caso-di-ilaria-salis-ci-riguarda\/"},"author":{"name":"Comune-info","@id":"https:\/\/www.pressenza.com\/it\/#\/schema\/person\/1ee2824dbc73024ca26b2ff0897954a1"},"headline":"Il caso di Ilaria Salis ci riguarda","datePublished":"2024-04-04T10:14:00+00:00","dateModified":"2024-04-04T10:17:18+00:00","mainEntityOfPage":{"@id":"https:\/\/www.pressenza.com\/it\/2024\/04\/il-caso-di-ilaria-salis-ci-riguarda\/"},"wordCount":765,"publisher":{"@id":"https:\/\/www.pressenza.com\/it\/#organization"},"image":{"@id":"https:\/\/www.pressenza.com\/it\/2024\/04\/il-caso-di-ilaria-salis-ci-riguarda\/#primaryimage"},"thumbnailUrl":"https:\/\/www.pressenza.com\/wp-content\/uploads\/2024\/04\/434198176_10231294196687432_3222754543484634241_n-1024x600-1-e1712225809322.jpg","keywords":["Clinica generi discriminazioni","CRED","Giuristi Democratici","Zerocalcare"],"articleSection":["Cultura e Media","Diritti Umani","Genere e femminismi","Opinioni"],"inLanguage":"it-IT"},{"@type":"WebPage","@id":"https:\/\/www.pressenza.com\/it\/2024\/04\/il-caso-di-ilaria-salis-ci-riguarda\/","url":"https:\/\/www.pressenza.com\/it\/2024\/04\/il-caso-di-ilaria-salis-ci-riguarda\/","name":"Il caso di Ilaria Salis ci riguarda","isPartOf":{"@id":"https:\/\/www.pressenza.com\/it\/#website"},"primaryImageOfPage":{"@id":"https:\/\/www.pressenza.com\/it\/2024\/04\/il-caso-di-ilaria-salis-ci-riguarda\/#primaryimage"},"image":{"@id":"https:\/\/www.pressenza.com\/it\/2024\/04\/il-caso-di-ilaria-salis-ci-riguarda\/#primaryimage"},"thumbnailUrl":"https:\/\/www.pressenza.com\/wp-content\/uploads\/2024\/04\/434198176_10231294196687432_3222754543484634241_n-1024x600-1-e1712225809322.jpg","datePublished":"2024-04-04T10:14:00+00:00","dateModified":"2024-04-04T10:17:18+00:00","description":"Sul caso di Ilaria Salis, il ministro degli Esteri\u00a0non smette di invitare a\u00a0tenere un profilo basso e a non politicizzare il caso. Nascono nuove domande,","breadcrumb":{"@id":"https:\/\/www.pressenza.com\/it\/2024\/04\/il-caso-di-ilaria-salis-ci-riguarda\/#breadcrumb"},"inLanguage":"it-IT","potentialAction":[{"@type":"ReadAction","target":["https:\/\/www.pressenza.com\/it\/2024\/04\/il-caso-di-ilaria-salis-ci-riguarda\/"]}]},{"@type":"ImageObject","inLanguage":"it-IT","@id":"https:\/\/www.pressenza.com\/it\/2024\/04\/il-caso-di-ilaria-salis-ci-riguarda\/#primaryimage","url":"https:\/\/www.pressenza.com\/wp-content\/uploads\/2024\/04\/434198176_10231294196687432_3222754543484634241_n-1024x600-1-e1712225809322.jpg","contentUrl":"https:\/\/www.pressenza.com\/wp-content\/uploads\/2024\/04\/434198176_10231294196687432_3222754543484634241_n-1024x600-1-e1712225809322.jpg","width":824,"height":483,"caption":"Foto: Gianluca Peciola"},{"@type":"BreadcrumbList","@id":"https:\/\/www.pressenza.com\/it\/2024\/04\/il-caso-di-ilaria-salis-ci-riguarda\/#breadcrumb","itemListElement":[{"@type":"ListItem","position":1,"name":"Accueil","item":"https:\/\/www.pressenza.com\/it\/"},{"@type":"ListItem","position":2,"name":"Il caso di Ilaria Salis ci riguarda"}]},{"@type":"WebSite","@id":"https:\/\/www.pressenza.com\/it\/#website","url":"https:\/\/www.pressenza.com\/it\/","name":"Pressenza","description":"Agenzia di Stampa Internazionale","publisher":{"@id":"https:\/\/www.pressenza.com\/it\/#organization"},"potentialAction":[{"@type":"SearchAction","target":{"@type":"EntryPoint","urlTemplate":"https:\/\/www.pressenza.com\/it\/?s={search_term_string}"},"query-input":{"@type":"PropertyValueSpecification","valueRequired":true,"valueName":"search_term_string"}}],"inLanguage":"it-IT"},{"@type":"Organization","@id":"https:\/\/www.pressenza.com\/it\/#organization","name":"Pressenza","url":"https:\/\/www.pressenza.com\/it\/","logo":{"@type":"ImageObject","inLanguage":"it-IT","@id":"https:\/\/www.pressenza.com\/it\/#\/schema\/logo\/image\/","url":"https:\/\/www.pressenza.com\/wp-content\/uploads\/2022\/10\/pressenza_logo_200x200.jpg","contentUrl":"https:\/\/www.pressenza.com\/wp-content\/uploads\/2022\/10\/pressenza_logo_200x200.jpg","width":200,"height":200,"caption":"Pressenza"},"image":{"@id":"https:\/\/www.pressenza.com\/it\/#\/schema\/logo\/image\/"},"sameAs":["https:\/\/www.facebook.com\/PressenzaItalia","https:\/\/x.com\/PressenzaIPA"]},{"@type":"Person","@id":"https:\/\/www.pressenza.com\/it\/#\/schema\/person\/1ee2824dbc73024ca26b2ff0897954a1","name":"Comune-info","description":"Informazione indipendente su beni comuni, decrescita, altra economia","sameAs":["http:\/\/comune-info.net\/"],"url":"https:\/\/www.pressenza.com\/it\/author\/comune-info\/"}]}},"place":"Caterina Amicucci","original_article_url":"","_links":{"self":[{"href":"https:\/\/www.pressenza.com\/it\/wp-json\/wp\/v2\/posts\/1836515","targetHints":{"allow":["GET"]}}],"collection":[{"href":"https:\/\/www.pressenza.com\/it\/wp-json\/wp\/v2\/posts"}],"about":[{"href":"https:\/\/www.pressenza.com\/it\/wp-json\/wp\/v2\/types\/post"}],"author":[{"embeddable":true,"href":"https:\/\/www.pressenza.com\/it\/wp-json\/wp\/v2\/users\/1436"}],"replies":[{"embeddable":true,"href":"https:\/\/www.pressenza.com\/it\/wp-json\/wp\/v2\/comments?post=1836515"}],"version-history":[{"count":0,"href":"https:\/\/www.pressenza.com\/it\/wp-json\/wp\/v2\/posts\/1836515\/revisions"}],"wp:featuredmedia":[{"embeddable":true,"href":"https:\/\/www.pressenza.com\/it\/wp-json\/wp\/v2\/media\/1836516"}],"wp:attachment":[{"href":"https:\/\/www.pressenza.com\/it\/wp-json\/wp\/v2\/media?parent=1836515"}],"wp:term":[{"taxonomy":"category","embeddable":true,"href":"https:\/\/www.pressenza.com\/it\/wp-json\/wp\/v2\/categories?post=1836515"},{"taxonomy":"post_tag","embeddable":true,"href":"https:\/\/www.pressenza.com\/it\/wp-json\/wp\/v2\/tags?post=1836515"}],"curies":[{"name":"wp","href":"https:\/\/api.w.org\/{rel}","templated":true}]}}