{"id":1836342,"date":"2024-04-03T13:49:08","date_gmt":"2024-04-03T12:49:08","guid":{"rendered":"https:\/\/www.pressenza.com\/?p=1836342"},"modified":"2024-04-03T13:50:11","modified_gmt":"2024-04-03T12:50:11","slug":"75-anniversario-della-nato-e-il-suo-lato-oscuro-responsabilita-condivisa-per-i-crimini-di-guerra-turchi","status":"publish","type":"post","link":"https:\/\/www.pressenza.com\/it\/2024\/04\/75-anniversario-della-nato-e-il-suo-lato-oscuro-responsabilita-condivisa-per-i-crimini-di-guerra-turchi\/","title":{"rendered":"75. anniversario della NATO e il suo lato oscuro: responsabilit\u00e0 condivisa per i crimini di guerra turchi"},"content":{"rendered":"<p>In occasione del 75\u00b0 anniversario della fondazione della NATO, avvenuta il 4 aprile 1949, l\u2019Associazione per i Popoli Minacciati (APM) ricorda il lato oscuro della storia dell\u2019alleanza militare nordatlantica. Per l\u2019APM l\u2019importante ruolo della NATO come scudo protettivo contro le minacce reali \u00e8 giustamente apprezzato, ma l\u2019alleanza non ha solo una storia fatta di glorie. Uno dei capitoli pi\u00f9 oscuri \u00e8 il sostegno incondizionato alla Turchia, nonostante le violazioni dei diritti umani contro la popolazione curda. I negoziati di adesione della Svezia hanno dimostrato ancora una volta chiaramente i doppi standard della NATO, poich\u00e9 l\u2019ammissione \u00e8 stata comprata facendo concessioni alla Turchia.<\/p>\n<p>Dall\u2019adesione della Turchia nel 1952, la NATO ha condiviso la responsabilit\u00e0 per le violazioni dei diritti umani e i crimini di guerra dello Stato contro la popolazione curda e la soppressione del movimento democratico turco. Con l\u2019aiuto della NATO, la Turchia ha cercato di sradicare la lingua, la cultura e l\u2019identit\u00e0 curda. Si \u00e8 trattato di un tentativo di genocidio contro i curdi in Turchia. Con il pretesto di combattere il terrorismo, negli anni \u201980 e \u201990 l\u2019esercito turco ha espulso almeno tre milioni di curdi, oltre ad assiri e aramei, cristiani, yazidi e aleviti, secondo le stime attuali. Circa 4.000 villaggi del Kurdistan turco sono stati distrutti dall\u2019esercito turco e dai suoi mercenari e 17.000 persone sono state uccise dai cosiddetti \u201csconosciuti\u201d. Inoltre, intere aree dall\u2019Anatolia centrale ai Monti Zagros nel Kurdistan orientale sono state disboscate.<\/p>\n<p>Nelle regioni curde della Turchia, il governo turco ha di fatto installato una potenza occupante con la connivenza della NATO dopo il fallito colpo di Stato del 2016. La situazione sul campo si sta sempre pi\u00f9 deteriorando: sempre pi\u00f9 curdi vengono arrestati, partiti e associazioni vengono messi al bando. In molte localit\u00e0, sindaci e consiglieri locali sono stati sostituiti da amministratori forzati provenienti da Ankara. Secondo il politico locale curdo Abdullah Demirba\u015f, almeno 15.000 politici curdi sono in carcere in Turchia e<br \/>\nmolti altri sono fuggiti a causa della minaccia di procedimenti giudiziari.<\/p>\n<p>Dal 2018 la Turchia ha intrapreso azioni contro i curdi in Siria. Con l\u2019occupazione di Afrin e Ras al-Ain (Sare Kaniye), la Turchia ha chiaramente violato il diritto internazionale. Nonostante ci\u00f2, la NATO non ha reagito e ha tradito i suoi valori in questo processo. Secondo le stime dell\u2019APM, circa 1,5 milioni di persone sono state sfollate o costrette a fuggire dal nord della Siria. La situazione della popolazione sul campo \u00e8 caratterizzata da insicurezza e violenza: le persone vengono uccise, violentate e i loro beni saccheggiati. Gli attacchi quotidiani distruggono sistematicamente lo spazio vitale per rendere le aree prive della popolazione curda.<\/p>\n<p>Anche l\u2019attuale capitolo della storia della NATO \u00e8 caratterizzato da misure anti-curde. La Svezia ha aderito all\u2019alleanza solo dopo che non solo la Svezia, ma l\u2019intera NATO, aveva fatto concessioni alla Turchia \u2013 contro i curdi.<\/p>\n<p>&nbsp;<\/p>\n","protected":false},"excerpt":{"rendered":"<p>In occasione del 75\u00b0 anniversario della fondazione della NATO, avvenuta il 4 aprile 1949, l\u2019Associazione per i Popoli Minacciati (APM) ricorda il lato oscuro della storia dell\u2019alleanza militare nordatlantica. Per l\u2019APM l\u2019importante ruolo della NATO come scudo protettivo contro le&hellip;<\/p>\n","protected":false},"author":903,"featured_media":1836345,"comment_status":"closed","ping_status":"closed","sticky":false,"template":"","format":"standard","meta":{"footnotes":""},"categories":[150,47,61],"tags":[3189,207,15112,1100],"class_list":["post-1836342","post","type-post","status-publish","format-standard","has-post-thumbnail","hentry","category-comunicati-stampa","category-europa","category-popoli-aborigeni","tag-curdi","tag-nato","tag-questione-curda","tag-turchia"],"yoast_head":"<!-- This site is optimized with the Yoast SEO plugin v27.1.1 - https:\/\/yoast.com\/product\/yoast-seo-wordpress\/ -->\n<title>75. anniversario della NATO e il suo lato oscuro: responsabilit\u00e0 condivisa per i crimini di guerra turchi<\/title>\n<meta name=\"description\" content=\"In occasione del 75\u00b0 anniversario della fondazione della NATO, avvenuta il 4 aprile 1949, l\u2019Associazione per i Popoli Minacciati (APM) ricorda il lato oscuro della storia dell\u2019alleanza militare nordatlantica\" \/>\n<meta name=\"robots\" content=\"index, follow, max-snippet:-1, max-image-preview:large, max-video-preview:-1\" \/>\n<link rel=\"canonical\" href=\"https:\/\/www.pressenza.com\/it\/2024\/04\/75-anniversario-della-nato-e-il-suo-lato-oscuro-responsabilita-condivisa-per-i-crimini-di-guerra-turchi\/\" \/>\n<meta property=\"og:locale\" content=\"it_IT\" \/>\n<meta property=\"og:type\" content=\"article\" \/>\n<meta property=\"og:title\" content=\"75. anniversario della NATO e il suo lato oscuro: responsabilit\u00e0 condivisa per i crimini di guerra turchi\" \/>\n<meta property=\"og:description\" content=\"In occasione del 75\u00b0 anniversario della fondazione della NATO, avvenuta il 4 aprile 1949, l\u2019Associazione per i Popoli Minacciati (APM) ricorda il lato oscuro della storia dell\u2019alleanza militare nordatlantica\" \/>\n<meta property=\"og:url\" content=\"https:\/\/www.pressenza.com\/it\/2024\/04\/75-anniversario-della-nato-e-il-suo-lato-oscuro-responsabilita-condivisa-per-i-crimini-di-guerra-turchi\/\" \/>\n<meta property=\"og:site_name\" content=\"Pressenza\" \/>\n<meta property=\"article:publisher\" content=\"https:\/\/www.facebook.com\/PressenzaItalia\" \/>\n<meta property=\"article:author\" content=\"https:\/\/www.facebook.com\/popoliminacciati\" \/>\n<meta property=\"article:published_time\" content=\"2024-04-03T12:49:08+00:00\" \/>\n<meta property=\"article:modified_time\" content=\"2024-04-03T12:50:11+00:00\" \/>\n<meta property=\"og:image\" content=\"https:\/\/www.pressenza.com\/wp-content\/uploads\/2024\/04\/Campo-profughi-nord-Siria.jpg\" \/>\n\t<meta property=\"og:image:width\" content=\"820\" \/>\n\t<meta property=\"og:image:height\" content=\"540\" \/>\n\t<meta property=\"og:image:type\" content=\"image\/jpeg\" \/>\n<meta name=\"author\" content=\"Associazione per i Popoli Minacciati\" \/>\n<meta name=\"twitter:card\" content=\"summary_large_image\" \/>\n<meta name=\"twitter:creator\" content=\"@PressenzaIPA\" \/>\n<meta name=\"twitter:site\" content=\"@PressenzaIPA\" \/>\n<meta name=\"twitter:label1\" content=\"Scritto da\" \/>\n\t<meta name=\"twitter:data1\" content=\"Associazione per i Popoli Minacciati\" \/>\n\t<meta name=\"twitter:label2\" content=\"Tempo di lettura stimato\" \/>\n\t<meta name=\"twitter:data2\" content=\"3 minuti\" \/>\n<script type=\"application\/ld+json\" class=\"yoast-schema-graph\">{\"@context\":\"https:\/\/schema.org\",\"@graph\":[{\"@type\":\"Article\",\"@id\":\"https:\/\/www.pressenza.com\/it\/2024\/04\/75-anniversario-della-nato-e-il-suo-lato-oscuro-responsabilita-condivisa-per-i-crimini-di-guerra-turchi\/#article\",\"isPartOf\":{\"@id\":\"https:\/\/www.pressenza.com\/it\/2024\/04\/75-anniversario-della-nato-e-il-suo-lato-oscuro-responsabilita-condivisa-per-i-crimini-di-guerra-turchi\/\"},\"author\":{\"name\":\"Associazione per i Popoli Minacciati\",\"@id\":\"https:\/\/www.pressenza.com\/it\/#\/schema\/person\/cdd4529aa9392a0fa5dc5a848b317076\"},\"headline\":\"75. anniversario della NATO e il suo lato oscuro: responsabilit\u00e0 condivisa per i crimini di guerra turchi\",\"datePublished\":\"2024-04-03T12:49:08+00:00\",\"dateModified\":\"2024-04-03T12:50:11+00:00\",\"mainEntityOfPage\":{\"@id\":\"https:\/\/www.pressenza.com\/it\/2024\/04\/75-anniversario-della-nato-e-il-suo-lato-oscuro-responsabilita-condivisa-per-i-crimini-di-guerra-turchi\/\"},\"wordCount\":486,\"publisher\":{\"@id\":\"https:\/\/www.pressenza.com\/it\/#organization\"},\"image\":{\"@id\":\"https:\/\/www.pressenza.com\/it\/2024\/04\/75-anniversario-della-nato-e-il-suo-lato-oscuro-responsabilita-condivisa-per-i-crimini-di-guerra-turchi\/#primaryimage\"},\"thumbnailUrl\":\"https:\/\/www.pressenza.com\/wp-content\/uploads\/2024\/04\/Campo-profughi-nord-Siria.jpg\",\"keywords\":[\"curdi\",\"NATO\",\"questione curda\",\"Turchia\"],\"articleSection\":[\"Comunicati Stampa\",\"Europa\",\"Popoli originari\"],\"inLanguage\":\"it-IT\"},{\"@type\":\"WebPage\",\"@id\":\"https:\/\/www.pressenza.com\/it\/2024\/04\/75-anniversario-della-nato-e-il-suo-lato-oscuro-responsabilita-condivisa-per-i-crimini-di-guerra-turchi\/\",\"url\":\"https:\/\/www.pressenza.com\/it\/2024\/04\/75-anniversario-della-nato-e-il-suo-lato-oscuro-responsabilita-condivisa-per-i-crimini-di-guerra-turchi\/\",\"name\":\"75. anniversario della NATO e il suo lato oscuro: responsabilit\u00e0 condivisa per i crimini di guerra turchi\",\"isPartOf\":{\"@id\":\"https:\/\/www.pressenza.com\/it\/#website\"},\"primaryImageOfPage\":{\"@id\":\"https:\/\/www.pressenza.com\/it\/2024\/04\/75-anniversario-della-nato-e-il-suo-lato-oscuro-responsabilita-condivisa-per-i-crimini-di-guerra-turchi\/#primaryimage\"},\"image\":{\"@id\":\"https:\/\/www.pressenza.com\/it\/2024\/04\/75-anniversario-della-nato-e-il-suo-lato-oscuro-responsabilita-condivisa-per-i-crimini-di-guerra-turchi\/#primaryimage\"},\"thumbnailUrl\":\"https:\/\/www.pressenza.com\/wp-content\/uploads\/2024\/04\/Campo-profughi-nord-Siria.jpg\",\"datePublished\":\"2024-04-03T12:49:08+00:00\",\"dateModified\":\"2024-04-03T12:50:11+00:00\",\"description\":\"In occasione del 75\u00b0 anniversario della fondazione della NATO, avvenuta il 4 aprile 1949, l\u2019Associazione per i Popoli Minacciati (APM) ricorda il lato oscuro della storia dell\u2019alleanza militare nordatlantica\",\"breadcrumb\":{\"@id\":\"https:\/\/www.pressenza.com\/it\/2024\/04\/75-anniversario-della-nato-e-il-suo-lato-oscuro-responsabilita-condivisa-per-i-crimini-di-guerra-turchi\/#breadcrumb\"},\"inLanguage\":\"it-IT\",\"potentialAction\":[{\"@type\":\"ReadAction\",\"target\":[\"https:\/\/www.pressenza.com\/it\/2024\/04\/75-anniversario-della-nato-e-il-suo-lato-oscuro-responsabilita-condivisa-per-i-crimini-di-guerra-turchi\/\"]}]},{\"@type\":\"ImageObject\",\"inLanguage\":\"it-IT\",\"@id\":\"https:\/\/www.pressenza.com\/it\/2024\/04\/75-anniversario-della-nato-e-il-suo-lato-oscuro-responsabilita-condivisa-per-i-crimini-di-guerra-turchi\/#primaryimage\",\"url\":\"https:\/\/www.pressenza.com\/wp-content\/uploads\/2024\/04\/Campo-profughi-nord-Siria.jpg\",\"contentUrl\":\"https:\/\/www.pressenza.com\/wp-content\/uploads\/2024\/04\/Campo-profughi-nord-Siria.jpg\",\"width\":820,\"height\":540},{\"@type\":\"BreadcrumbList\",\"@id\":\"https:\/\/www.pressenza.com\/it\/2024\/04\/75-anniversario-della-nato-e-il-suo-lato-oscuro-responsabilita-condivisa-per-i-crimini-di-guerra-turchi\/#breadcrumb\",\"itemListElement\":[{\"@type\":\"ListItem\",\"position\":1,\"name\":\"Accueil\",\"item\":\"https:\/\/www.pressenza.com\/it\/\"},{\"@type\":\"ListItem\",\"position\":2,\"name\":\"75. anniversario della NATO e il suo lato oscuro: responsabilit\u00e0 condivisa per i crimini di guerra turchi\"}]},{\"@type\":\"WebSite\",\"@id\":\"https:\/\/www.pressenza.com\/it\/#website\",\"url\":\"https:\/\/www.pressenza.com\/it\/\",\"name\":\"Pressenza\",\"description\":\"Agenzia di Stampa Internazionale\",\"publisher\":{\"@id\":\"https:\/\/www.pressenza.com\/it\/#organization\"},\"potentialAction\":[{\"@type\":\"SearchAction\",\"target\":{\"@type\":\"EntryPoint\",\"urlTemplate\":\"https:\/\/www.pressenza.com\/it\/?s={search_term_string}\"},\"query-input\":{\"@type\":\"PropertyValueSpecification\",\"valueRequired\":true,\"valueName\":\"search_term_string\"}}],\"inLanguage\":\"it-IT\"},{\"@type\":\"Organization\",\"@id\":\"https:\/\/www.pressenza.com\/it\/#organization\",\"name\":\"Pressenza\",\"url\":\"https:\/\/www.pressenza.com\/it\/\",\"logo\":{\"@type\":\"ImageObject\",\"inLanguage\":\"it-IT\",\"@id\":\"https:\/\/www.pressenza.com\/it\/#\/schema\/logo\/image\/\",\"url\":\"https:\/\/www.pressenza.com\/wp-content\/uploads\/2022\/10\/pressenza_logo_200x200.jpg\",\"contentUrl\":\"https:\/\/www.pressenza.com\/wp-content\/uploads\/2022\/10\/pressenza_logo_200x200.jpg\",\"width\":200,\"height\":200,\"caption\":\"Pressenza\"},\"image\":{\"@id\":\"https:\/\/www.pressenza.com\/it\/#\/schema\/logo\/image\/\"},\"sameAs\":[\"https:\/\/www.facebook.com\/PressenzaItalia\",\"https:\/\/x.com\/PressenzaIPA\"]},{\"@type\":\"Person\",\"@id\":\"https:\/\/www.pressenza.com\/it\/#\/schema\/person\/cdd4529aa9392a0fa5dc5a848b317076\",\"name\":\"Associazione per i Popoli Minacciati\",\"description\":\"L'APM d\u00e0 voce alle vittime delle violazioni dei diritti umani. Assieme alle vittime, ci impegniamo per i diritti delle minoranze etniche, linguistiche e religiose minacciate e perseguitate, dei popoli senza Stato e delle comunit\u00e0 dei popoli indigeni. Senza condizionamenti politici o ideologici rendiamo noti crimini contro l'umanit\u00e0 e accusiamo i responsabili di genocidi, di esodi di massa, di repressioni, di persecuzioni e di discriminazioni. Siamo sempre dalla parte delle vittime di arbitr\u00ee e violenze. Con il nostro stato consultivo presso le Nazioni Unite abbiamo il diritto di parola alle Conferenze internazionali. In questo modo consentiamo ai rappresentanti di queste minoranze l'accesso agli organi dell'ONU. La nostra organizzazione lavora al livello internazionale: l'APM si trova in Germania, Italia (Sudtirolo), Francia, Svizzera, Austria, Lussemburgo e Bosnia-Herzegowina. www.gfbv.it\",\"sameAs\":[\"http:\/\/www.gfbv.it\/\",\"https:\/\/www.facebook.com\/popoliminacciati\"],\"url\":\"https:\/\/www.pressenza.com\/it\/author\/associazione-per-i-popoli-minacciati\/\"}]}<\/script>\n<!-- \/ Yoast SEO plugin. -->","yoast_head_json":{"title":"75. anniversario della NATO e il suo lato oscuro: responsabilit\u00e0 condivisa per i crimini di guerra turchi","description":"In occasione del 75\u00b0 anniversario della fondazione della NATO, avvenuta il 4 aprile 1949, l\u2019Associazione per i Popoli Minacciati (APM) ricorda il lato oscuro della storia dell\u2019alleanza militare nordatlantica","robots":{"index":"index","follow":"follow","max-snippet":"max-snippet:-1","max-image-preview":"max-image-preview:large","max-video-preview":"max-video-preview:-1"},"canonical":"https:\/\/www.pressenza.com\/it\/2024\/04\/75-anniversario-della-nato-e-il-suo-lato-oscuro-responsabilita-condivisa-per-i-crimini-di-guerra-turchi\/","og_locale":"it_IT","og_type":"article","og_title":"75. anniversario della NATO e il suo lato oscuro: responsabilit\u00e0 condivisa per i crimini di guerra turchi","og_description":"In occasione del 75\u00b0 anniversario della fondazione della NATO, avvenuta il 4 aprile 1949, l\u2019Associazione per i Popoli Minacciati (APM) ricorda il lato oscuro della storia dell\u2019alleanza militare nordatlantica","og_url":"https:\/\/www.pressenza.com\/it\/2024\/04\/75-anniversario-della-nato-e-il-suo-lato-oscuro-responsabilita-condivisa-per-i-crimini-di-guerra-turchi\/","og_site_name":"Pressenza","article_publisher":"https:\/\/www.facebook.com\/PressenzaItalia","article_author":"https:\/\/www.facebook.com\/popoliminacciati","article_published_time":"2024-04-03T12:49:08+00:00","article_modified_time":"2024-04-03T12:50:11+00:00","og_image":[{"width":820,"height":540,"url":"https:\/\/www.pressenza.com\/wp-content\/uploads\/2024\/04\/Campo-profughi-nord-Siria.jpg","type":"image\/jpeg"}],"author":"Associazione per i Popoli Minacciati","twitter_card":"summary_large_image","twitter_creator":"@PressenzaIPA","twitter_site":"@PressenzaIPA","twitter_misc":{"Scritto da":"Associazione per i Popoli Minacciati","Tempo di lettura stimato":"3 minuti"},"schema":{"@context":"https:\/\/schema.org","@graph":[{"@type":"Article","@id":"https:\/\/www.pressenza.com\/it\/2024\/04\/75-anniversario-della-nato-e-il-suo-lato-oscuro-responsabilita-condivisa-per-i-crimini-di-guerra-turchi\/#article","isPartOf":{"@id":"https:\/\/www.pressenza.com\/it\/2024\/04\/75-anniversario-della-nato-e-il-suo-lato-oscuro-responsabilita-condivisa-per-i-crimini-di-guerra-turchi\/"},"author":{"name":"Associazione per i Popoli Minacciati","@id":"https:\/\/www.pressenza.com\/it\/#\/schema\/person\/cdd4529aa9392a0fa5dc5a848b317076"},"headline":"75. anniversario della NATO e il suo lato oscuro: responsabilit\u00e0 condivisa per i crimini di guerra turchi","datePublished":"2024-04-03T12:49:08+00:00","dateModified":"2024-04-03T12:50:11+00:00","mainEntityOfPage":{"@id":"https:\/\/www.pressenza.com\/it\/2024\/04\/75-anniversario-della-nato-e-il-suo-lato-oscuro-responsabilita-condivisa-per-i-crimini-di-guerra-turchi\/"},"wordCount":486,"publisher":{"@id":"https:\/\/www.pressenza.com\/it\/#organization"},"image":{"@id":"https:\/\/www.pressenza.com\/it\/2024\/04\/75-anniversario-della-nato-e-il-suo-lato-oscuro-responsabilita-condivisa-per-i-crimini-di-guerra-turchi\/#primaryimage"},"thumbnailUrl":"https:\/\/www.pressenza.com\/wp-content\/uploads\/2024\/04\/Campo-profughi-nord-Siria.jpg","keywords":["curdi","NATO","questione curda","Turchia"],"articleSection":["Comunicati Stampa","Europa","Popoli originari"],"inLanguage":"it-IT"},{"@type":"WebPage","@id":"https:\/\/www.pressenza.com\/it\/2024\/04\/75-anniversario-della-nato-e-il-suo-lato-oscuro-responsabilita-condivisa-per-i-crimini-di-guerra-turchi\/","url":"https:\/\/www.pressenza.com\/it\/2024\/04\/75-anniversario-della-nato-e-il-suo-lato-oscuro-responsabilita-condivisa-per-i-crimini-di-guerra-turchi\/","name":"75. anniversario della NATO e il suo lato oscuro: responsabilit\u00e0 condivisa per i crimini di guerra turchi","isPartOf":{"@id":"https:\/\/www.pressenza.com\/it\/#website"},"primaryImageOfPage":{"@id":"https:\/\/www.pressenza.com\/it\/2024\/04\/75-anniversario-della-nato-e-il-suo-lato-oscuro-responsabilita-condivisa-per-i-crimini-di-guerra-turchi\/#primaryimage"},"image":{"@id":"https:\/\/www.pressenza.com\/it\/2024\/04\/75-anniversario-della-nato-e-il-suo-lato-oscuro-responsabilita-condivisa-per-i-crimini-di-guerra-turchi\/#primaryimage"},"thumbnailUrl":"https:\/\/www.pressenza.com\/wp-content\/uploads\/2024\/04\/Campo-profughi-nord-Siria.jpg","datePublished":"2024-04-03T12:49:08+00:00","dateModified":"2024-04-03T12:50:11+00:00","description":"In occasione del 75\u00b0 anniversario della fondazione della NATO, avvenuta il 4 aprile 1949, l\u2019Associazione per i Popoli Minacciati (APM) ricorda il lato oscuro della storia dell\u2019alleanza militare nordatlantica","breadcrumb":{"@id":"https:\/\/www.pressenza.com\/it\/2024\/04\/75-anniversario-della-nato-e-il-suo-lato-oscuro-responsabilita-condivisa-per-i-crimini-di-guerra-turchi\/#breadcrumb"},"inLanguage":"it-IT","potentialAction":[{"@type":"ReadAction","target":["https:\/\/www.pressenza.com\/it\/2024\/04\/75-anniversario-della-nato-e-il-suo-lato-oscuro-responsabilita-condivisa-per-i-crimini-di-guerra-turchi\/"]}]},{"@type":"ImageObject","inLanguage":"it-IT","@id":"https:\/\/www.pressenza.com\/it\/2024\/04\/75-anniversario-della-nato-e-il-suo-lato-oscuro-responsabilita-condivisa-per-i-crimini-di-guerra-turchi\/#primaryimage","url":"https:\/\/www.pressenza.com\/wp-content\/uploads\/2024\/04\/Campo-profughi-nord-Siria.jpg","contentUrl":"https:\/\/www.pressenza.com\/wp-content\/uploads\/2024\/04\/Campo-profughi-nord-Siria.jpg","width":820,"height":540},{"@type":"BreadcrumbList","@id":"https:\/\/www.pressenza.com\/it\/2024\/04\/75-anniversario-della-nato-e-il-suo-lato-oscuro-responsabilita-condivisa-per-i-crimini-di-guerra-turchi\/#breadcrumb","itemListElement":[{"@type":"ListItem","position":1,"name":"Accueil","item":"https:\/\/www.pressenza.com\/it\/"},{"@type":"ListItem","position":2,"name":"75. anniversario della NATO e il suo lato oscuro: responsabilit\u00e0 condivisa per i crimini di guerra turchi"}]},{"@type":"WebSite","@id":"https:\/\/www.pressenza.com\/it\/#website","url":"https:\/\/www.pressenza.com\/it\/","name":"Pressenza","description":"Agenzia di Stampa Internazionale","publisher":{"@id":"https:\/\/www.pressenza.com\/it\/#organization"},"potentialAction":[{"@type":"SearchAction","target":{"@type":"EntryPoint","urlTemplate":"https:\/\/www.pressenza.com\/it\/?s={search_term_string}"},"query-input":{"@type":"PropertyValueSpecification","valueRequired":true,"valueName":"search_term_string"}}],"inLanguage":"it-IT"},{"@type":"Organization","@id":"https:\/\/www.pressenza.com\/it\/#organization","name":"Pressenza","url":"https:\/\/www.pressenza.com\/it\/","logo":{"@type":"ImageObject","inLanguage":"it-IT","@id":"https:\/\/www.pressenza.com\/it\/#\/schema\/logo\/image\/","url":"https:\/\/www.pressenza.com\/wp-content\/uploads\/2022\/10\/pressenza_logo_200x200.jpg","contentUrl":"https:\/\/www.pressenza.com\/wp-content\/uploads\/2022\/10\/pressenza_logo_200x200.jpg","width":200,"height":200,"caption":"Pressenza"},"image":{"@id":"https:\/\/www.pressenza.com\/it\/#\/schema\/logo\/image\/"},"sameAs":["https:\/\/www.facebook.com\/PressenzaItalia","https:\/\/x.com\/PressenzaIPA"]},{"@type":"Person","@id":"https:\/\/www.pressenza.com\/it\/#\/schema\/person\/cdd4529aa9392a0fa5dc5a848b317076","name":"Associazione per i Popoli Minacciati","description":"L'APM d\u00e0 voce alle vittime delle violazioni dei diritti umani. Assieme alle vittime, ci impegniamo per i diritti delle minoranze etniche, linguistiche e religiose minacciate e perseguitate, dei popoli senza Stato e delle comunit\u00e0 dei popoli indigeni. Senza condizionamenti politici o ideologici rendiamo noti crimini contro l'umanit\u00e0 e accusiamo i responsabili di genocidi, di esodi di massa, di repressioni, di persecuzioni e di discriminazioni. Siamo sempre dalla parte delle vittime di arbitr\u00ee e violenze. Con il nostro stato consultivo presso le Nazioni Unite abbiamo il diritto di parola alle Conferenze internazionali. In questo modo consentiamo ai rappresentanti di queste minoranze l'accesso agli organi dell'ONU. La nostra organizzazione lavora al livello internazionale: l'APM si trova in Germania, Italia (Sudtirolo), Francia, Svizzera, Austria, Lussemburgo e Bosnia-Herzegowina. www.gfbv.it","sameAs":["http:\/\/www.gfbv.it\/","https:\/\/www.facebook.com\/popoliminacciati"],"url":"https:\/\/www.pressenza.com\/it\/author\/associazione-per-i-popoli-minacciati\/"}]}},"place":"","original_article_url":"","_links":{"self":[{"href":"https:\/\/www.pressenza.com\/it\/wp-json\/wp\/v2\/posts\/1836342","targetHints":{"allow":["GET"]}}],"collection":[{"href":"https:\/\/www.pressenza.com\/it\/wp-json\/wp\/v2\/posts"}],"about":[{"href":"https:\/\/www.pressenza.com\/it\/wp-json\/wp\/v2\/types\/post"}],"author":[{"embeddable":true,"href":"https:\/\/www.pressenza.com\/it\/wp-json\/wp\/v2\/users\/903"}],"replies":[{"embeddable":true,"href":"https:\/\/www.pressenza.com\/it\/wp-json\/wp\/v2\/comments?post=1836342"}],"version-history":[{"count":0,"href":"https:\/\/www.pressenza.com\/it\/wp-json\/wp\/v2\/posts\/1836342\/revisions"}],"wp:featuredmedia":[{"embeddable":true,"href":"https:\/\/www.pressenza.com\/it\/wp-json\/wp\/v2\/media\/1836345"}],"wp:attachment":[{"href":"https:\/\/www.pressenza.com\/it\/wp-json\/wp\/v2\/media?parent=1836342"}],"wp:term":[{"taxonomy":"category","embeddable":true,"href":"https:\/\/www.pressenza.com\/it\/wp-json\/wp\/v2\/categories?post=1836342"},{"taxonomy":"post_tag","embeddable":true,"href":"https:\/\/www.pressenza.com\/it\/wp-json\/wp\/v2\/tags?post=1836342"}],"curies":[{"name":"wp","href":"https:\/\/api.w.org\/{rel}","templated":true}]}}