{"id":1836215,"date":"2024-04-02T15:33:27","date_gmt":"2024-04-02T14:33:27","guid":{"rendered":"https:\/\/www.pressenza.com\/?p=1836215"},"modified":"2024-04-02T15:52:51","modified_gmt":"2024-04-02T14:52:51","slug":"giacomo-matteotti-esempio-di-unitalia-migliore-ieri-come-oggi","status":"publish","type":"post","link":"https:\/\/www.pressenza.com\/it\/2024\/04\/giacomo-matteotti-esempio-di-unitalia-migliore-ieri-come-oggi\/","title":{"rendered":"Giacomo Matteotti: esempio di un\u2019Italia migliore, ieri come oggi"},"content":{"rendered":"<p>Il mito preserva, ma trasfigura le personalit\u00e0 di cui si impadronisce. Cos\u00ec \u00e8 accaduto anche a una delle figure pi\u00f9 amate del socialismo italiano, Giacomo Matteotti. Divenuto in Italia e all\u2019estero \u00ab<em>simbolo dell\u2019antifascismo<\/em>\u00a0\u2013 scrisse di lui Carlo Rosselli \u2013\u00a0<em>e dell\u2019eroismo antifascista, in qualsiasi riunione si faccia il suo nome il pubblico balza in piedi e applaude<\/em>\u00bb. Durante il ventennio fascista fu oggetto di una sorta di culto laico clandestino da parte di tanti italiani, socialisti e non, in suo nome volontari antifascisti combatterono per la repubblica spagnola nel 1936 e, ancora, a suo nome s\u2019intitolarono le formazioni partigiane attive in Veneto, Emilia e Lombardia tra il 1943 e il 1945, con un organico valutato al momento della Liberazione in circa 20.000 unit\u00e0.<\/p>\n<p>L\u2019epilogo tragico, tuttavia, ascrivendo Matteotti al canone dei martiri-eroi dell\u2019antifascismo ha finito per metterne in ombra il percorso esistenziale ricco di esperienze e d\u2019intenso impegno politico, tanto che, ancora a cento anni dalla sua uccisione, pi\u00f9 d\u2019uno studioso oggi avverte la necessit\u00e0 di ritornare a studiare il pensiero e l\u2019azione di questo intellettuale italiano e europeo per poterne intendere appieno l\u2019eredit\u00e0 e l\u2019attualit\u00e0.<\/p>\n<p>Rinunciando perci\u00f2 a leggere la storia di Matteotti a ritroso,\u00a0<strong>Federico Fornaro<\/strong>, nel suo\u00a0<em><strong>Giacomo Matteotti. L\u2019Italia migliore<\/strong><\/em>\u00a0(Torino, Bollati Boringhieri 2024), ha scelto di ripercorrere la sua biografia a partire da alcune chiavi di lettura significative. Anzitutto il legame profondo, mai smentito, con il Polesine, terra d\u2019origine di questo \u00abdisertore di classe\u00bb, per usare le parole di Fornaro, ossia la comprensione che Matteotti, possidente agiato in quel contesto di miseria e ingiustizia sociale, ebbe dell\u2019urgenza imprescindibile di un cambiamento radicale. Quando Matteotti\u00a0<strong>si autodefin\u00ec \u00abriformista ma rivoluzionario\u00bb<\/strong>\u00a0intendeva proprio riferirsi all\u2019emancipazione dalla povert\u00e0 da attuarsi attraverso profonde riforme di struttura, nonch\u00e9 con l\u2019offerta di istruzione e sanit\u00e0 pubblica, in una delle aree rurali pi\u00f9 disperate d\u2019Italia, vero laboratorio sperimentale del socialismo riformista.<\/p>\n<p>Proprio a proposito di riforme e riformismo incrociamo un\u2019altra istanza interpretativa che attraversa tutto il volume. Matteotti incarna una temperie di<strong>\u00a0riformismo combattivo, concreto e intransigente<\/strong> che Fornaro vuole riconquistare alla storia del nostro paese, sottraendola a una visione riduttiva, ancora oggi invalsa. Il riformismo di Matteotti, stroncato dall\u2019ala massimalista del partito e poi dallo stesso Gramsci dalle file del PCd\u2019I \u2013 ricordiamone la definizione drastica di Matteotti \u00abpellegrino del nulla\u00bb, \u00e8 un patrimonio di idee e di energia morale che va storiograficamente valorizzato e attualizzato, sia per il suo concreto pragmatismo, sostanziato di competenze giuridiche, amministrative e finanziarie, sia per la sua fede nella democrazia.<\/p>\n<p>Fu il riformismo perseguito con rigore da Matteotti che gli imped\u00ec di cedere a due distorsioni prospettiche nell\u2019analisi dei suoi tempi. Da un lato, il suo pacifismo non conobbe infatti\u00a0<strong>nessun cedimento nell\u2019avversione per la guerra<\/strong>, osteggiata come\u00a0<strong>calamit\u00e0 devastante soprattutto per i pi\u00f9 deboli<\/strong>, anche quando nel suo stesso partito si affacciarono tendenze \u201cpatriottiche\u201d. Dall\u2019altro lato, il fondatore del Psu rest\u00f2 estraneo e\u00a0<strong>critico di fronte all\u2019infatuazione rivoluzionaria<\/strong>\u00a0che, nel primo dopoguerra, travolse gran parte del socialismo italiano all\u2019insegna del \u00abfare come in Russia\u00bb, coltivando invece la convinzione che non si potessero importare modelli palingenetici dall\u2019estero, non esistessero scorciatoie per il progresso sociale e convenisse\u00a0<strong>unire, non dividere le forze della sinistra<\/strong>.<\/p>\n<p>Secondo Fornaro fu tale estraneit\u00e0 al mito rivoluzionario sovietico che gli consent\u00ec di non sottovalutare, ma\u00a0<strong>cogliere da subito con lucidit\u00e0 la natura eversiva e intrinsecamente violenta del fascismo<\/strong>, da lui ben analizzato nella fattispecie agraria del suo Polesine. Alla luce di tale precoce comprensione Matteotti\u00a0<strong>divenne fautore di una tattica di opposizione frontale al fascismo<\/strong>, e appunto perci\u00f2 fu individuato da Mussolini e dai fascisti come un antagonista pericoloso, un avversario indomito da mettere a tacere.<\/p>\n<p><strong>Pacifismo, riformismo, antifascismo, democrazia<\/strong>: tutte queste linee del pensiero di Matteotti\u00a0<strong>vanno completate con l\u2019attributo \u201cintransigente\u201d<\/strong>\u00a0e Fornaro le ripercorre e spiega, padroneggiando la sterminata bibliografia accumulatasi nell\u2019ultimo cinquantennio \u2013 sia la memorialistica che gli studi di Stefano Caretti e l\u2019edizione in 13 volumi delle opere di Matteotti \u2013 , ma grazie anche a qualche incursione archivistica rivelatrice, ad esempio nei verbali della Giunta delle elezioni del 1924.<\/p>\n<p>Circola nelle pagine di Fornaro la tensione a fare di\u00a0<strong>Matteotti un maestro e un interprete efficace anche per il nostro presente<\/strong>\u00a0almeno sotto due aspetti, di metodo e di contenuto. Come non condividere il consenso che Fornaro esprime per il metodo di lavoro di Matteotti, fatto di\u00a0<strong>scrupolosa adesione ai fatti e di antiretorica<\/strong>? Vero incubo degli amministratori dei comuni socialisti, da lui severamente controllati nei bilanci e nei progetti, perch\u00e9 si commisurassero bisogni e risorse, Matteotti applic\u00f2 lo stesso rigore analitico alle scelte finanziarie e politiche del governo fascista, denunciandone le falle, registrandone con scrupolo di cronista la strategia di efferata violenza, smontandone punto per punto l\u2019autorappresentazione menzognera. Quanto ai contenuti, Fornaro ricostruisce nell\u2019ultimo capitolo la \u201csfortuna\u201d politica di Matteotti nella storia della Repubblica e del socialismo italiano, almeno fino al rilancio della sua eredit\u00e0 voluto negli anni Settanta da Sandro Pertini.\u00a0<strong>Un\u2019eredit\u00e0 di riformismo coraggioso, di spirito unitario e di proiezione verso l\u2019Europa<\/strong>\u00a0che ancora attende di essere appieno inscritta nel nostro presente. Cos\u00ec come\u00a0<strong>i conti con il fascismo<\/strong>, affrontati intrepidamente da Matteotti fino alla morte,\u00a0<strong>vanno sottratti all\u2019insidia di un revisionismo compiacente,<\/strong> oggi deciso a edulcorare la realt\u00e0 storica di una dittatura violenta, totalitaria, bellicista.<\/p>\n<p><iframe loading=\"lazy\" title=\"FEDERICO FORNARO presente il libro: GIACOMO MATTEOTTI. L&#039;Italia migliore\" width=\"500\" height=\"281\" src=\"https:\/\/www.youtube.com\/embed\/0cb_jL6Jvi0?feature=oembed\" frameborder=\"0\" allow=\"accelerometer; autoplay; clipboard-write; encrypted-media; gyroscope; picture-in-picture; web-share\" referrerpolicy=\"strict-origin-when-cross-origin\" allowfullscreen><\/iframe><\/p>\n","protected":false},"excerpt":{"rendered":"<p>Il mito preserva, ma trasfigura le personalit\u00e0 di cui si impadronisce. Cos\u00ec \u00e8 accaduto anche a una delle figure pi\u00f9 amate del socialismo italiano, Giacomo Matteotti. Divenuto in Italia e all\u2019estero \u00absimbolo dell\u2019antifascismo\u00a0\u2013 scrisse di lui Carlo Rosselli \u2013\u00a0e dell\u2019eroismo&hellip;<\/p>\n","protected":false},"author":1469,"featured_media":1836216,"comment_status":"closed","ping_status":"closed","sticky":false,"template":"","format":"standard","meta":{"footnotes":""},"categories":[47,55],"tags":[3466,10813,4520,54187],"class_list":["post-1836215","post","type-post","status-publish","format-standard","has-post-thumbnail","hentry","category-europa","category-politica","tag-fascismo","tag-giacomo-matteotti","tag-pacifismo","tag-socialismo-it"],"yoast_head":"<!-- This site is optimized with the Yoast SEO plugin v27.1.1 - https:\/\/yoast.com\/product\/yoast-seo-wordpress\/ -->\n<title>Giacomo Matteotti: esempio di un\u2019Italia migliore, ieri come oggi<\/title>\n<meta name=\"description\" content=\"Il mito preserva, ma trasfigura le personalit\u00e0 di cui si impadronisce. Cos\u00ec \u00e8 accaduto anche a una delle figure pi\u00f9 amate del socialismo italiano, Giacomo\" \/>\n<meta name=\"robots\" content=\"index, follow, max-snippet:-1, max-image-preview:large, max-video-preview:-1\" \/>\n<link rel=\"canonical\" href=\"https:\/\/www.pressenza.com\/it\/2024\/04\/giacomo-matteotti-esempio-di-unitalia-migliore-ieri-come-oggi\/\" \/>\n<meta property=\"og:locale\" content=\"it_IT\" \/>\n<meta property=\"og:type\" content=\"article\" \/>\n<meta property=\"og:title\" content=\"Giacomo Matteotti: esempio di un\u2019Italia migliore, ieri come oggi\" \/>\n<meta property=\"og:description\" content=\"Il mito preserva, ma trasfigura le personalit\u00e0 di cui si impadronisce. Cos\u00ec \u00e8 accaduto anche a una delle figure pi\u00f9 amate del socialismo italiano, Giacomo\" \/>\n<meta property=\"og:url\" content=\"https:\/\/www.pressenza.com\/it\/2024\/04\/giacomo-matteotti-esempio-di-unitalia-migliore-ieri-come-oggi\/\" \/>\n<meta property=\"og:site_name\" content=\"Pressenza\" \/>\n<meta property=\"article:publisher\" content=\"https:\/\/www.facebook.com\/PressenzaItalia\" \/>\n<meta property=\"article:published_time\" content=\"2024-04-02T14:33:27+00:00\" \/>\n<meta property=\"article:modified_time\" content=\"2024-04-02T14:52:51+00:00\" \/>\n<meta property=\"og:image\" content=\"https:\/\/www.pressenza.com\/wp-content\/uploads\/2024\/04\/Giacomo_Matteotti-tagliato.jpg\" \/>\n\t<meta property=\"og:image:width\" content=\"922\" \/>\n\t<meta property=\"og:image:height\" content=\"716\" \/>\n\t<meta property=\"og:image:type\" content=\"image\/jpeg\" \/>\n<meta name=\"author\" content=\"Articolo 21\" \/>\n<meta name=\"twitter:card\" content=\"summary_large_image\" \/>\n<meta name=\"twitter:creator\" content=\"@PressenzaIPA\" \/>\n<meta name=\"twitter:site\" content=\"@PressenzaIPA\" \/>\n<meta name=\"twitter:label1\" content=\"Scritto da\" \/>\n\t<meta name=\"twitter:data1\" content=\"Articolo 21\" \/>\n\t<meta name=\"twitter:label2\" content=\"Tempo di lettura stimato\" \/>\n\t<meta name=\"twitter:data2\" content=\"5 minuti\" \/>\n<script type=\"application\/ld+json\" class=\"yoast-schema-graph\">{\"@context\":\"https:\/\/schema.org\",\"@graph\":[{\"@type\":\"Article\",\"@id\":\"https:\/\/www.pressenza.com\/it\/2024\/04\/giacomo-matteotti-esempio-di-unitalia-migliore-ieri-come-oggi\/#article\",\"isPartOf\":{\"@id\":\"https:\/\/www.pressenza.com\/it\/2024\/04\/giacomo-matteotti-esempio-di-unitalia-migliore-ieri-come-oggi\/\"},\"author\":{\"name\":\"Articolo 21\",\"@id\":\"https:\/\/www.pressenza.com\/it\/#\/schema\/person\/08ea736e2bdeb73186ff26f6bee319d8\"},\"headline\":\"Giacomo Matteotti: esempio di un\u2019Italia migliore, ieri come oggi\",\"datePublished\":\"2024-04-02T14:33:27+00:00\",\"dateModified\":\"2024-04-02T14:52:51+00:00\",\"mainEntityOfPage\":{\"@id\":\"https:\/\/www.pressenza.com\/it\/2024\/04\/giacomo-matteotti-esempio-di-unitalia-migliore-ieri-come-oggi\/\"},\"wordCount\":914,\"publisher\":{\"@id\":\"https:\/\/www.pressenza.com\/it\/#organization\"},\"image\":{\"@id\":\"https:\/\/www.pressenza.com\/it\/2024\/04\/giacomo-matteotti-esempio-di-unitalia-migliore-ieri-come-oggi\/#primaryimage\"},\"thumbnailUrl\":\"https:\/\/www.pressenza.com\/wp-content\/uploads\/2024\/04\/Giacomo_Matteotti-tagliato.jpg\",\"keywords\":[\"fascismo\",\"Giacomo Matteotti\",\"pacifismo\",\"socialismo\"],\"articleSection\":[\"Europa\",\"Politica\"],\"inLanguage\":\"it-IT\"},{\"@type\":\"WebPage\",\"@id\":\"https:\/\/www.pressenza.com\/it\/2024\/04\/giacomo-matteotti-esempio-di-unitalia-migliore-ieri-come-oggi\/\",\"url\":\"https:\/\/www.pressenza.com\/it\/2024\/04\/giacomo-matteotti-esempio-di-unitalia-migliore-ieri-come-oggi\/\",\"name\":\"Giacomo Matteotti: esempio di un\u2019Italia migliore, ieri come oggi\",\"isPartOf\":{\"@id\":\"https:\/\/www.pressenza.com\/it\/#website\"},\"primaryImageOfPage\":{\"@id\":\"https:\/\/www.pressenza.com\/it\/2024\/04\/giacomo-matteotti-esempio-di-unitalia-migliore-ieri-come-oggi\/#primaryimage\"},\"image\":{\"@id\":\"https:\/\/www.pressenza.com\/it\/2024\/04\/giacomo-matteotti-esempio-di-unitalia-migliore-ieri-come-oggi\/#primaryimage\"},\"thumbnailUrl\":\"https:\/\/www.pressenza.com\/wp-content\/uploads\/2024\/04\/Giacomo_Matteotti-tagliato.jpg\",\"datePublished\":\"2024-04-02T14:33:27+00:00\",\"dateModified\":\"2024-04-02T14:52:51+00:00\",\"description\":\"Il mito preserva, ma trasfigura le personalit\u00e0 di cui si impadronisce. Cos\u00ec \u00e8 accaduto anche a una delle figure pi\u00f9 amate del socialismo italiano, Giacomo\",\"breadcrumb\":{\"@id\":\"https:\/\/www.pressenza.com\/it\/2024\/04\/giacomo-matteotti-esempio-di-unitalia-migliore-ieri-come-oggi\/#breadcrumb\"},\"inLanguage\":\"it-IT\",\"potentialAction\":[{\"@type\":\"ReadAction\",\"target\":[\"https:\/\/www.pressenza.com\/it\/2024\/04\/giacomo-matteotti-esempio-di-unitalia-migliore-ieri-come-oggi\/\"]}]},{\"@type\":\"ImageObject\",\"inLanguage\":\"it-IT\",\"@id\":\"https:\/\/www.pressenza.com\/it\/2024\/04\/giacomo-matteotti-esempio-di-unitalia-migliore-ieri-come-oggi\/#primaryimage\",\"url\":\"https:\/\/www.pressenza.com\/wp-content\/uploads\/2024\/04\/Giacomo_Matteotti-tagliato.jpg\",\"contentUrl\":\"https:\/\/www.pressenza.com\/wp-content\/uploads\/2024\/04\/Giacomo_Matteotti-tagliato.jpg\",\"width\":922,\"height\":716},{\"@type\":\"BreadcrumbList\",\"@id\":\"https:\/\/www.pressenza.com\/it\/2024\/04\/giacomo-matteotti-esempio-di-unitalia-migliore-ieri-come-oggi\/#breadcrumb\",\"itemListElement\":[{\"@type\":\"ListItem\",\"position\":1,\"name\":\"Accueil\",\"item\":\"https:\/\/www.pressenza.com\/it\/\"},{\"@type\":\"ListItem\",\"position\":2,\"name\":\"Giacomo Matteotti: esempio di un\u2019Italia migliore, ieri come oggi\"}]},{\"@type\":\"WebSite\",\"@id\":\"https:\/\/www.pressenza.com\/it\/#website\",\"url\":\"https:\/\/www.pressenza.com\/it\/\",\"name\":\"Pressenza\",\"description\":\"Agenzia di Stampa Internazionale\",\"publisher\":{\"@id\":\"https:\/\/www.pressenza.com\/it\/#organization\"},\"potentialAction\":[{\"@type\":\"SearchAction\",\"target\":{\"@type\":\"EntryPoint\",\"urlTemplate\":\"https:\/\/www.pressenza.com\/it\/?s={search_term_string}\"},\"query-input\":{\"@type\":\"PropertyValueSpecification\",\"valueRequired\":true,\"valueName\":\"search_term_string\"}}],\"inLanguage\":\"it-IT\"},{\"@type\":\"Organization\",\"@id\":\"https:\/\/www.pressenza.com\/it\/#organization\",\"name\":\"Pressenza\",\"url\":\"https:\/\/www.pressenza.com\/it\/\",\"logo\":{\"@type\":\"ImageObject\",\"inLanguage\":\"it-IT\",\"@id\":\"https:\/\/www.pressenza.com\/it\/#\/schema\/logo\/image\/\",\"url\":\"https:\/\/www.pressenza.com\/wp-content\/uploads\/2022\/10\/pressenza_logo_200x200.jpg\",\"contentUrl\":\"https:\/\/www.pressenza.com\/wp-content\/uploads\/2022\/10\/pressenza_logo_200x200.jpg\",\"width\":200,\"height\":200,\"caption\":\"Pressenza\"},\"image\":{\"@id\":\"https:\/\/www.pressenza.com\/it\/#\/schema\/logo\/image\/\"},\"sameAs\":[\"https:\/\/www.facebook.com\/PressenzaItalia\",\"https:\/\/x.com\/PressenzaIPA\"]},{\"@type\":\"Person\",\"@id\":\"https:\/\/www.pressenza.com\/it\/#\/schema\/person\/08ea736e2bdeb73186ff26f6bee319d8\",\"name\":\"Articolo 21\",\"description\":\"Articolo 21, liberi di\u2026 \u00e8 un\u2019associazione nata il 27 febbraio 2002 che riunisce esponenti del mondo della comunicazione, della cultura e dello spettacolo; giornalisti, giuristi, economisti che si propongono di promuovere il principio della libert\u00e0 di manifestazione del pensiero (oggetto dell\u2019Articolo 21 della Costituzione italiana da cui il nome).\",\"sameAs\":[\"https:\/\/www.articolo21.org\"],\"url\":\"https:\/\/www.pressenza.com\/it\/author\/articolo-21\/\"}]}<\/script>\n<!-- \/ Yoast SEO plugin. -->","yoast_head_json":{"title":"Giacomo Matteotti: esempio di un\u2019Italia migliore, ieri come oggi","description":"Il mito preserva, ma trasfigura le personalit\u00e0 di cui si impadronisce. Cos\u00ec \u00e8 accaduto anche a una delle figure pi\u00f9 amate del socialismo italiano, Giacomo","robots":{"index":"index","follow":"follow","max-snippet":"max-snippet:-1","max-image-preview":"max-image-preview:large","max-video-preview":"max-video-preview:-1"},"canonical":"https:\/\/www.pressenza.com\/it\/2024\/04\/giacomo-matteotti-esempio-di-unitalia-migliore-ieri-come-oggi\/","og_locale":"it_IT","og_type":"article","og_title":"Giacomo Matteotti: esempio di un\u2019Italia migliore, ieri come oggi","og_description":"Il mito preserva, ma trasfigura le personalit\u00e0 di cui si impadronisce. Cos\u00ec \u00e8 accaduto anche a una delle figure pi\u00f9 amate del socialismo italiano, Giacomo","og_url":"https:\/\/www.pressenza.com\/it\/2024\/04\/giacomo-matteotti-esempio-di-unitalia-migliore-ieri-come-oggi\/","og_site_name":"Pressenza","article_publisher":"https:\/\/www.facebook.com\/PressenzaItalia","article_published_time":"2024-04-02T14:33:27+00:00","article_modified_time":"2024-04-02T14:52:51+00:00","og_image":[{"width":922,"height":716,"url":"https:\/\/www.pressenza.com\/wp-content\/uploads\/2024\/04\/Giacomo_Matteotti-tagliato.jpg","type":"image\/jpeg"}],"author":"Articolo 21","twitter_card":"summary_large_image","twitter_creator":"@PressenzaIPA","twitter_site":"@PressenzaIPA","twitter_misc":{"Scritto da":"Articolo 21","Tempo di lettura stimato":"5 minuti"},"schema":{"@context":"https:\/\/schema.org","@graph":[{"@type":"Article","@id":"https:\/\/www.pressenza.com\/it\/2024\/04\/giacomo-matteotti-esempio-di-unitalia-migliore-ieri-come-oggi\/#article","isPartOf":{"@id":"https:\/\/www.pressenza.com\/it\/2024\/04\/giacomo-matteotti-esempio-di-unitalia-migliore-ieri-come-oggi\/"},"author":{"name":"Articolo 21","@id":"https:\/\/www.pressenza.com\/it\/#\/schema\/person\/08ea736e2bdeb73186ff26f6bee319d8"},"headline":"Giacomo Matteotti: esempio di un\u2019Italia migliore, ieri come oggi","datePublished":"2024-04-02T14:33:27+00:00","dateModified":"2024-04-02T14:52:51+00:00","mainEntityOfPage":{"@id":"https:\/\/www.pressenza.com\/it\/2024\/04\/giacomo-matteotti-esempio-di-unitalia-migliore-ieri-come-oggi\/"},"wordCount":914,"publisher":{"@id":"https:\/\/www.pressenza.com\/it\/#organization"},"image":{"@id":"https:\/\/www.pressenza.com\/it\/2024\/04\/giacomo-matteotti-esempio-di-unitalia-migliore-ieri-come-oggi\/#primaryimage"},"thumbnailUrl":"https:\/\/www.pressenza.com\/wp-content\/uploads\/2024\/04\/Giacomo_Matteotti-tagliato.jpg","keywords":["fascismo","Giacomo Matteotti","pacifismo","socialismo"],"articleSection":["Europa","Politica"],"inLanguage":"it-IT"},{"@type":"WebPage","@id":"https:\/\/www.pressenza.com\/it\/2024\/04\/giacomo-matteotti-esempio-di-unitalia-migliore-ieri-come-oggi\/","url":"https:\/\/www.pressenza.com\/it\/2024\/04\/giacomo-matteotti-esempio-di-unitalia-migliore-ieri-come-oggi\/","name":"Giacomo Matteotti: esempio di un\u2019Italia migliore, ieri come oggi","isPartOf":{"@id":"https:\/\/www.pressenza.com\/it\/#website"},"primaryImageOfPage":{"@id":"https:\/\/www.pressenza.com\/it\/2024\/04\/giacomo-matteotti-esempio-di-unitalia-migliore-ieri-come-oggi\/#primaryimage"},"image":{"@id":"https:\/\/www.pressenza.com\/it\/2024\/04\/giacomo-matteotti-esempio-di-unitalia-migliore-ieri-come-oggi\/#primaryimage"},"thumbnailUrl":"https:\/\/www.pressenza.com\/wp-content\/uploads\/2024\/04\/Giacomo_Matteotti-tagliato.jpg","datePublished":"2024-04-02T14:33:27+00:00","dateModified":"2024-04-02T14:52:51+00:00","description":"Il mito preserva, ma trasfigura le personalit\u00e0 di cui si impadronisce. Cos\u00ec \u00e8 accaduto anche a una delle figure pi\u00f9 amate del socialismo italiano, Giacomo","breadcrumb":{"@id":"https:\/\/www.pressenza.com\/it\/2024\/04\/giacomo-matteotti-esempio-di-unitalia-migliore-ieri-come-oggi\/#breadcrumb"},"inLanguage":"it-IT","potentialAction":[{"@type":"ReadAction","target":["https:\/\/www.pressenza.com\/it\/2024\/04\/giacomo-matteotti-esempio-di-unitalia-migliore-ieri-come-oggi\/"]}]},{"@type":"ImageObject","inLanguage":"it-IT","@id":"https:\/\/www.pressenza.com\/it\/2024\/04\/giacomo-matteotti-esempio-di-unitalia-migliore-ieri-come-oggi\/#primaryimage","url":"https:\/\/www.pressenza.com\/wp-content\/uploads\/2024\/04\/Giacomo_Matteotti-tagliato.jpg","contentUrl":"https:\/\/www.pressenza.com\/wp-content\/uploads\/2024\/04\/Giacomo_Matteotti-tagliato.jpg","width":922,"height":716},{"@type":"BreadcrumbList","@id":"https:\/\/www.pressenza.com\/it\/2024\/04\/giacomo-matteotti-esempio-di-unitalia-migliore-ieri-come-oggi\/#breadcrumb","itemListElement":[{"@type":"ListItem","position":1,"name":"Accueil","item":"https:\/\/www.pressenza.com\/it\/"},{"@type":"ListItem","position":2,"name":"Giacomo Matteotti: esempio di un\u2019Italia migliore, ieri come oggi"}]},{"@type":"WebSite","@id":"https:\/\/www.pressenza.com\/it\/#website","url":"https:\/\/www.pressenza.com\/it\/","name":"Pressenza","description":"Agenzia di Stampa Internazionale","publisher":{"@id":"https:\/\/www.pressenza.com\/it\/#organization"},"potentialAction":[{"@type":"SearchAction","target":{"@type":"EntryPoint","urlTemplate":"https:\/\/www.pressenza.com\/it\/?s={search_term_string}"},"query-input":{"@type":"PropertyValueSpecification","valueRequired":true,"valueName":"search_term_string"}}],"inLanguage":"it-IT"},{"@type":"Organization","@id":"https:\/\/www.pressenza.com\/it\/#organization","name":"Pressenza","url":"https:\/\/www.pressenza.com\/it\/","logo":{"@type":"ImageObject","inLanguage":"it-IT","@id":"https:\/\/www.pressenza.com\/it\/#\/schema\/logo\/image\/","url":"https:\/\/www.pressenza.com\/wp-content\/uploads\/2022\/10\/pressenza_logo_200x200.jpg","contentUrl":"https:\/\/www.pressenza.com\/wp-content\/uploads\/2022\/10\/pressenza_logo_200x200.jpg","width":200,"height":200,"caption":"Pressenza"},"image":{"@id":"https:\/\/www.pressenza.com\/it\/#\/schema\/logo\/image\/"},"sameAs":["https:\/\/www.facebook.com\/PressenzaItalia","https:\/\/x.com\/PressenzaIPA"]},{"@type":"Person","@id":"https:\/\/www.pressenza.com\/it\/#\/schema\/person\/08ea736e2bdeb73186ff26f6bee319d8","name":"Articolo 21","description":"Articolo 21, liberi di\u2026 \u00e8 un\u2019associazione nata il 27 febbraio 2002 che riunisce esponenti del mondo della comunicazione, della cultura e dello spettacolo; giornalisti, giuristi, economisti che si propongono di promuovere il principio della libert\u00e0 di manifestazione del pensiero (oggetto dell\u2019Articolo 21 della Costituzione italiana da cui il nome).","sameAs":["https:\/\/www.articolo21.org"],"url":"https:\/\/www.pressenza.com\/it\/author\/articolo-21\/"}]}},"place":"Elisa Signori","original_article_url":"https:\/\/www.articolo21.org\/2024\/04\/giacomo-matteotti-esempio-di-unitalia-migliore-ieri-come-oggi\/","_links":{"self":[{"href":"https:\/\/www.pressenza.com\/it\/wp-json\/wp\/v2\/posts\/1836215","targetHints":{"allow":["GET"]}}],"collection":[{"href":"https:\/\/www.pressenza.com\/it\/wp-json\/wp\/v2\/posts"}],"about":[{"href":"https:\/\/www.pressenza.com\/it\/wp-json\/wp\/v2\/types\/post"}],"author":[{"embeddable":true,"href":"https:\/\/www.pressenza.com\/it\/wp-json\/wp\/v2\/users\/1469"}],"replies":[{"embeddable":true,"href":"https:\/\/www.pressenza.com\/it\/wp-json\/wp\/v2\/comments?post=1836215"}],"version-history":[{"count":0,"href":"https:\/\/www.pressenza.com\/it\/wp-json\/wp\/v2\/posts\/1836215\/revisions"}],"wp:featuredmedia":[{"embeddable":true,"href":"https:\/\/www.pressenza.com\/it\/wp-json\/wp\/v2\/media\/1836216"}],"wp:attachment":[{"href":"https:\/\/www.pressenza.com\/it\/wp-json\/wp\/v2\/media?parent=1836215"}],"wp:term":[{"taxonomy":"category","embeddable":true,"href":"https:\/\/www.pressenza.com\/it\/wp-json\/wp\/v2\/categories?post=1836215"},{"taxonomy":"post_tag","embeddable":true,"href":"https:\/\/www.pressenza.com\/it\/wp-json\/wp\/v2\/tags?post=1836215"}],"curies":[{"name":"wp","href":"https:\/\/api.w.org\/{rel}","templated":true}]}}