{"id":1835011,"date":"2024-03-27T18:49:40","date_gmt":"2024-03-27T18:49:40","guid":{"rendered":"https:\/\/www.pressenza.com\/?p=1835011"},"modified":"2024-03-28T11:04:39","modified_gmt":"2024-03-28T11:04:39","slug":"jugoslavia-25-anni-fa-la-nato-violava-lo-statuto-onu","status":"publish","type":"post","link":"https:\/\/www.pressenza.com\/it\/2024\/03\/jugoslavia-25-anni-fa-la-nato-violava-lo-statuto-onu\/","title":{"rendered":"Jugoslavia, 25 anni fa la NATO violava lo statuto ONU"},"content":{"rendered":"<p>\u00ab 25 anni fa, il 24 marzo 1999,<strong>\u00a0la NATO riportava la guerra nel cuore dell\u2019Europa\u00a0<\/strong>con l\u2019aggressione alla Serbia e\u00a0<strong>i bombardamenti su Belgrado<\/strong>. Nasceva l\u2019assurdo paradigma della cosiddetta<strong>\u00a0\u201cguerra umanitaria\u201d<\/strong>\u00bb. Sinistra Libertaria ricorda quell\u2019evento esprimendo la propria condanna dell\u2019aggressione compiuta dalla NATO, complice l\u2019Italia \u2013 all\u2019epoca guidata da <strong>Massimo D\u2019Alema<\/strong>\u00a0\u2013 che, per l\u2019occasione, si trasform\u00f2 in una sorta di portaerei da cui partivano i voli per distruggere infrastrutture militari e civili di quel che restava della Repubblica Federazione di Jugoslavia.<\/p>\n<p>Una guerra, durata 78 giorni, in cui furono impiegate tanto<strong>\u00a0le bombe a grappolo quanto quelle arricchite di \u201curanio impoverito\u201d<\/strong>, e che cost\u00f2 probabilmente la vita a 2.500 persone.<\/p>\n<figure class=\"wp-block-embed is-type-video is-provider-youtube wp-block-embed-youtube wp-embed-aspect-4-3 wp-has-aspect-ratio\">\n<div class=\"wp-block-embed__wrapper\">\n<div class=\"video-container\"><iframe loading=\"lazy\" title=\"Bombardamenti Belgrado - SERBIA (1999)\" src=\"https:\/\/www.youtube.com\/embed\/H8-3JQcKWkg?feature=oembed&amp;wmode=opaque\" width=\"500\" height=\"375\" frameborder=\"0\" allowfullscreen=\"allowfullscreen\" data-mce-fragment=\"1\"><\/iframe><\/div>\n<\/div>\n<\/figure>\n<p>\u00ab\u00a0<strong>Una guerra in palese violazione del diritto internazionale e dello Statuto ONU<\/strong>: l\u2019articolo 2 comma 4 dello statuto ONU, infatti, obbliga i Paesi membri ad \u201castenersi dall\u2019uso della forza contro l\u2019integrit\u00e0 territoriale\u201d di un altro Paese ( la Jugoslavia in questo caso ) e dal comma 7 dello stesso articolo che \u201cnon autorizza ad intervenire in questioni che appartengono essenzialmente alla competenza interna di uno Stato\u201d \u00bb, precisa Sinistra Libertaria.<\/p>\n<p>\u00ab\u00a0<strong>I diritti umani del popolo kosovaro<\/strong>, minacciati dall\u2019azione del nazionalista presidente serbo Slobodan Milo\u0161evi\u0107, non potevano e dovevano essere difesi violando il diritto alla vita del popolo serbo \u00bb, continua Sinistra Libertaria.<\/p>\n<p>\u00ab<strong>\u00a0Troviamo tante affinit\u00e0 tra la vicenda del Donbass ucraino e del Kosovo jugoslavo<\/strong> \u2013 aggiunge il movimento anarco-comunista -. Tuttavia buona parte della comunit\u00e0 internazionale ( ma non Russia, Cina e cinque paesi dell\u2019Unione Europea ovvero Spagna, Grecia, Cipro, Slovacchia, Romania ) ha riconosciuto ai secondi quel diritto all\u2019autodeterminazione, all\u2019indipendenza, che non \u00e8 stata riconosciuta ai primi \u00bb.<\/p>\n<p>\u00ab\u00a0<strong>Sono purtroppo sempre gli interessi degli Stati Uniti<\/strong>\u00a0a determinare ci\u00f2 che \u00e8 bene e ci\u00f2 che \u00e8 male. USA che in Kosovo hanno poi costruito la loro pi\u00f9 grande base militare in territorio europeo, Camp Bondsteel ( peraltro pure una piccola Guantanamo dove la CIA imprigiona e tortura soggetti prelevati da varie parti del mondo ) \u00bb, scrive ancora il portavoce di Sinistra Libertaria nel proprio comunicato.<\/p>\n<p><strong>Il documento si conclude con la critica tanto dei media dominanti quanto dei partiti della sinistra italiana, Rifondazione Comunista, PCL e PCI inclusi, che \u00ab hanno cancellato il ricordo di tale anniversario \u00bb.<\/strong><\/p>\n","protected":false},"excerpt":{"rendered":"<p>\u00ab 25 anni fa, il 24 marzo 1999,\u00a0la NATO riportava la guerra nel cuore dell\u2019Europa\u00a0con l\u2019aggressione alla Serbia e\u00a0i bombardamenti su Belgrado. Nasceva l\u2019assurdo paradigma della cosiddetta\u00a0\u201cguerra umanitaria\u201d\u00bb. Sinistra Libertaria ricorda quell\u2019evento esprimendo la propria condanna dell\u2019aggressione compiuta dalla NATO,&hellip;<\/p>\n","protected":false},"author":1284,"featured_media":1835012,"comment_status":"closed","ping_status":"closed","sticky":false,"template":"","format":"standard","meta":{"footnotes":""},"categories":[150,55],"tags":[365,370,7791,4468,207,4469],"class_list":["post-1835011","post","type-post","status-publish","format-standard","has-post-thumbnail","hentry","category-comunicati-stampa","category-politica","tag-guerra","tag-italia","tag-jugoslavia","tag-kosovo","tag-nato","tag-serbia"],"yoast_head":"<!-- This site is optimized with the Yoast SEO plugin v27.1.1 - https:\/\/yoast.com\/product\/yoast-seo-wordpress\/ -->\n<title>Jugoslavia, 25 anni fa la NATO violava lo statuto ONU<\/title>\n<meta name=\"description\" content=\"\u00ab 25 anni fa, il 24 marzo 1999,\u00a0la NATO riportava la guerra nel cuore dell\u2019Europa\u00a0con l\u2019aggressione alla Serbia e\u00a0i bombardamenti su Belgrado. Nasceva\" \/>\n<meta name=\"robots\" content=\"index, follow, max-snippet:-1, max-image-preview:large, max-video-preview:-1\" \/>\n<link rel=\"canonical\" href=\"https:\/\/www.pressenza.com\/it\/2024\/03\/jugoslavia-25-anni-fa-la-nato-violava-lo-statuto-onu\/\" \/>\n<meta property=\"og:locale\" content=\"it_IT\" \/>\n<meta property=\"og:type\" content=\"article\" \/>\n<meta property=\"og:title\" content=\"Jugoslavia, 25 anni fa la NATO violava lo statuto ONU\" \/>\n<meta property=\"og:description\" content=\"\u00ab 25 anni fa, il 24 marzo 1999,\u00a0la NATO riportava la guerra nel cuore dell\u2019Europa\u00a0con l\u2019aggressione alla Serbia e\u00a0i bombardamenti su Belgrado. Nasceva\" \/>\n<meta property=\"og:url\" content=\"https:\/\/www.pressenza.com\/it\/2024\/03\/jugoslavia-25-anni-fa-la-nato-violava-lo-statuto-onu\/\" \/>\n<meta property=\"og:site_name\" content=\"Pressenza\" \/>\n<meta property=\"article:publisher\" content=\"https:\/\/www.facebook.com\/PressenzaItalia\" \/>\n<meta property=\"article:published_time\" content=\"2024-03-27T18:49:40+00:00\" \/>\n<meta property=\"article:modified_time\" content=\"2024-03-28T11:04:39+00:00\" \/>\n<meta property=\"og:image\" content=\"https:\/\/www.pressenza.com\/wp-content\/uploads\/2024\/03\/guerra-bombardamento.webp\" \/>\n\t<meta property=\"og:image:width\" content=\"1000\" \/>\n\t<meta property=\"og:image:height\" content=\"533\" \/>\n\t<meta property=\"og:image:type\" content=\"image\/webp\" \/>\n<meta name=\"author\" content=\"Natale Salvo\" \/>\n<meta name=\"twitter:card\" content=\"summary_large_image\" \/>\n<meta name=\"twitter:creator\" content=\"@PressenzaIPA\" \/>\n<meta name=\"twitter:site\" content=\"@PressenzaIPA\" \/>\n<meta name=\"twitter:label1\" content=\"Scritto da\" \/>\n\t<meta name=\"twitter:data1\" content=\"Natale Salvo\" \/>\n\t<meta name=\"twitter:label2\" content=\"Tempo di lettura stimato\" \/>\n\t<meta name=\"twitter:data2\" content=\"2 minuti\" \/>\n<script type=\"application\/ld+json\" class=\"yoast-schema-graph\">{\"@context\":\"https:\/\/schema.org\",\"@graph\":[{\"@type\":\"Article\",\"@id\":\"https:\/\/www.pressenza.com\/it\/2024\/03\/jugoslavia-25-anni-fa-la-nato-violava-lo-statuto-onu\/#article\",\"isPartOf\":{\"@id\":\"https:\/\/www.pressenza.com\/it\/2024\/03\/jugoslavia-25-anni-fa-la-nato-violava-lo-statuto-onu\/\"},\"author\":{\"name\":\"Natale Salvo\",\"@id\":\"https:\/\/www.pressenza.com\/it\/#\/schema\/person\/dfdba7d9ea928e4a93ced607c353757c\"},\"headline\":\"Jugoslavia, 25 anni fa la NATO violava lo statuto ONU\",\"datePublished\":\"2024-03-27T18:49:40+00:00\",\"dateModified\":\"2024-03-28T11:04:39+00:00\",\"mainEntityOfPage\":{\"@id\":\"https:\/\/www.pressenza.com\/it\/2024\/03\/jugoslavia-25-anni-fa-la-nato-violava-lo-statuto-onu\/\"},\"wordCount\":372,\"publisher\":{\"@id\":\"https:\/\/www.pressenza.com\/it\/#organization\"},\"image\":{\"@id\":\"https:\/\/www.pressenza.com\/it\/2024\/03\/jugoslavia-25-anni-fa-la-nato-violava-lo-statuto-onu\/#primaryimage\"},\"thumbnailUrl\":\"https:\/\/www.pressenza.com\/wp-content\/uploads\/2024\/03\/guerra-bombardamento.webp\",\"keywords\":[\"guerra\",\"Italia\",\"Jugoslavia\",\"Kosovo\",\"NATO\",\"Serbia\"],\"articleSection\":[\"Comunicati Stampa\",\"Politica\"],\"inLanguage\":\"it-IT\"},{\"@type\":\"WebPage\",\"@id\":\"https:\/\/www.pressenza.com\/it\/2024\/03\/jugoslavia-25-anni-fa-la-nato-violava-lo-statuto-onu\/\",\"url\":\"https:\/\/www.pressenza.com\/it\/2024\/03\/jugoslavia-25-anni-fa-la-nato-violava-lo-statuto-onu\/\",\"name\":\"Jugoslavia, 25 anni fa la NATO violava lo statuto ONU\",\"isPartOf\":{\"@id\":\"https:\/\/www.pressenza.com\/it\/#website\"},\"primaryImageOfPage\":{\"@id\":\"https:\/\/www.pressenza.com\/it\/2024\/03\/jugoslavia-25-anni-fa-la-nato-violava-lo-statuto-onu\/#primaryimage\"},\"image\":{\"@id\":\"https:\/\/www.pressenza.com\/it\/2024\/03\/jugoslavia-25-anni-fa-la-nato-violava-lo-statuto-onu\/#primaryimage\"},\"thumbnailUrl\":\"https:\/\/www.pressenza.com\/wp-content\/uploads\/2024\/03\/guerra-bombardamento.webp\",\"datePublished\":\"2024-03-27T18:49:40+00:00\",\"dateModified\":\"2024-03-28T11:04:39+00:00\",\"description\":\"\u00ab 25 anni fa, il 24 marzo 1999,\u00a0la NATO riportava la guerra nel cuore dell\u2019Europa\u00a0con l\u2019aggressione alla Serbia e\u00a0i bombardamenti su Belgrado. Nasceva\",\"breadcrumb\":{\"@id\":\"https:\/\/www.pressenza.com\/it\/2024\/03\/jugoslavia-25-anni-fa-la-nato-violava-lo-statuto-onu\/#breadcrumb\"},\"inLanguage\":\"it-IT\",\"potentialAction\":[{\"@type\":\"ReadAction\",\"target\":[\"https:\/\/www.pressenza.com\/it\/2024\/03\/jugoslavia-25-anni-fa-la-nato-violava-lo-statuto-onu\/\"]}]},{\"@type\":\"ImageObject\",\"inLanguage\":\"it-IT\",\"@id\":\"https:\/\/www.pressenza.com\/it\/2024\/03\/jugoslavia-25-anni-fa-la-nato-violava-lo-statuto-onu\/#primaryimage\",\"url\":\"https:\/\/www.pressenza.com\/wp-content\/uploads\/2024\/03\/guerra-bombardamento.webp\",\"contentUrl\":\"https:\/\/www.pressenza.com\/wp-content\/uploads\/2024\/03\/guerra-bombardamento.webp\",\"width\":1000,\"height\":533},{\"@type\":\"BreadcrumbList\",\"@id\":\"https:\/\/www.pressenza.com\/it\/2024\/03\/jugoslavia-25-anni-fa-la-nato-violava-lo-statuto-onu\/#breadcrumb\",\"itemListElement\":[{\"@type\":\"ListItem\",\"position\":1,\"name\":\"Accueil\",\"item\":\"https:\/\/www.pressenza.com\/it\/\"},{\"@type\":\"ListItem\",\"position\":2,\"name\":\"Jugoslavia, 25 anni fa la NATO violava lo statuto ONU\"}]},{\"@type\":\"WebSite\",\"@id\":\"https:\/\/www.pressenza.com\/it\/#website\",\"url\":\"https:\/\/www.pressenza.com\/it\/\",\"name\":\"Pressenza\",\"description\":\"Agenzia di Stampa Internazionale\",\"publisher\":{\"@id\":\"https:\/\/www.pressenza.com\/it\/#organization\"},\"potentialAction\":[{\"@type\":\"SearchAction\",\"target\":{\"@type\":\"EntryPoint\",\"urlTemplate\":\"https:\/\/www.pressenza.com\/it\/?s={search_term_string}\"},\"query-input\":{\"@type\":\"PropertyValueSpecification\",\"valueRequired\":true,\"valueName\":\"search_term_string\"}}],\"inLanguage\":\"it-IT\"},{\"@type\":\"Organization\",\"@id\":\"https:\/\/www.pressenza.com\/it\/#organization\",\"name\":\"Pressenza\",\"url\":\"https:\/\/www.pressenza.com\/it\/\",\"logo\":{\"@type\":\"ImageObject\",\"inLanguage\":\"it-IT\",\"@id\":\"https:\/\/www.pressenza.com\/it\/#\/schema\/logo\/image\/\",\"url\":\"https:\/\/www.pressenza.com\/wp-content\/uploads\/2022\/10\/pressenza_logo_200x200.jpg\",\"contentUrl\":\"https:\/\/www.pressenza.com\/wp-content\/uploads\/2022\/10\/pressenza_logo_200x200.jpg\",\"width\":200,\"height\":200,\"caption\":\"Pressenza\"},\"image\":{\"@id\":\"https:\/\/www.pressenza.com\/it\/#\/schema\/logo\/image\/\"},\"sameAs\":[\"https:\/\/www.facebook.com\/PressenzaItalia\",\"https:\/\/x.com\/PressenzaIPA\"]},{\"@type\":\"Person\",\"@id\":\"https:\/\/www.pressenza.com\/it\/#\/schema\/person\/dfdba7d9ea928e4a93ced607c353757c\",\"name\":\"Natale Salvo\",\"description\":\"Nato e cresciuto nella terra del \u201cGattopardo\u201d, la Sicilia. Ha dedicato la propria esistenza all'impegno sociale. Allenatore di una squadretta di calcio di periferia, presidente del circolo di Legambiente, candidato sindaco per il Partito Umanista. Infine blogger d\u2019inchiesta; ha pagato le sue denunce di cattiva amministrazione con una persecuzione per via giudiziaria. E' autore del libro \\\"La rivoluzione copernicana chiamata Reddito di Base\\\", edito da Multimage, Firenze.\",\"url\":\"https:\/\/www.pressenza.com\/it\/author\/natale-salvo\/\"}]}<\/script>\n<!-- \/ Yoast SEO plugin. -->","yoast_head_json":{"title":"Jugoslavia, 25 anni fa la NATO violava lo statuto ONU","description":"\u00ab 25 anni fa, il 24 marzo 1999,\u00a0la NATO riportava la guerra nel cuore dell\u2019Europa\u00a0con l\u2019aggressione alla Serbia e\u00a0i bombardamenti su Belgrado. Nasceva","robots":{"index":"index","follow":"follow","max-snippet":"max-snippet:-1","max-image-preview":"max-image-preview:large","max-video-preview":"max-video-preview:-1"},"canonical":"https:\/\/www.pressenza.com\/it\/2024\/03\/jugoslavia-25-anni-fa-la-nato-violava-lo-statuto-onu\/","og_locale":"it_IT","og_type":"article","og_title":"Jugoslavia, 25 anni fa la NATO violava lo statuto ONU","og_description":"\u00ab 25 anni fa, il 24 marzo 1999,\u00a0la NATO riportava la guerra nel cuore dell\u2019Europa\u00a0con l\u2019aggressione alla Serbia e\u00a0i bombardamenti su Belgrado. Nasceva","og_url":"https:\/\/www.pressenza.com\/it\/2024\/03\/jugoslavia-25-anni-fa-la-nato-violava-lo-statuto-onu\/","og_site_name":"Pressenza","article_publisher":"https:\/\/www.facebook.com\/PressenzaItalia","article_published_time":"2024-03-27T18:49:40+00:00","article_modified_time":"2024-03-28T11:04:39+00:00","og_image":[{"width":1000,"height":533,"url":"https:\/\/www.pressenza.com\/wp-content\/uploads\/2024\/03\/guerra-bombardamento.webp","type":"image\/webp"}],"author":"Natale Salvo","twitter_card":"summary_large_image","twitter_creator":"@PressenzaIPA","twitter_site":"@PressenzaIPA","twitter_misc":{"Scritto da":"Natale Salvo","Tempo di lettura stimato":"2 minuti"},"schema":{"@context":"https:\/\/schema.org","@graph":[{"@type":"Article","@id":"https:\/\/www.pressenza.com\/it\/2024\/03\/jugoslavia-25-anni-fa-la-nato-violava-lo-statuto-onu\/#article","isPartOf":{"@id":"https:\/\/www.pressenza.com\/it\/2024\/03\/jugoslavia-25-anni-fa-la-nato-violava-lo-statuto-onu\/"},"author":{"name":"Natale Salvo","@id":"https:\/\/www.pressenza.com\/it\/#\/schema\/person\/dfdba7d9ea928e4a93ced607c353757c"},"headline":"Jugoslavia, 25 anni fa la NATO violava lo statuto ONU","datePublished":"2024-03-27T18:49:40+00:00","dateModified":"2024-03-28T11:04:39+00:00","mainEntityOfPage":{"@id":"https:\/\/www.pressenza.com\/it\/2024\/03\/jugoslavia-25-anni-fa-la-nato-violava-lo-statuto-onu\/"},"wordCount":372,"publisher":{"@id":"https:\/\/www.pressenza.com\/it\/#organization"},"image":{"@id":"https:\/\/www.pressenza.com\/it\/2024\/03\/jugoslavia-25-anni-fa-la-nato-violava-lo-statuto-onu\/#primaryimage"},"thumbnailUrl":"https:\/\/www.pressenza.com\/wp-content\/uploads\/2024\/03\/guerra-bombardamento.webp","keywords":["guerra","Italia","Jugoslavia","Kosovo","NATO","Serbia"],"articleSection":["Comunicati Stampa","Politica"],"inLanguage":"it-IT"},{"@type":"WebPage","@id":"https:\/\/www.pressenza.com\/it\/2024\/03\/jugoslavia-25-anni-fa-la-nato-violava-lo-statuto-onu\/","url":"https:\/\/www.pressenza.com\/it\/2024\/03\/jugoslavia-25-anni-fa-la-nato-violava-lo-statuto-onu\/","name":"Jugoslavia, 25 anni fa la NATO violava lo statuto ONU","isPartOf":{"@id":"https:\/\/www.pressenza.com\/it\/#website"},"primaryImageOfPage":{"@id":"https:\/\/www.pressenza.com\/it\/2024\/03\/jugoslavia-25-anni-fa-la-nato-violava-lo-statuto-onu\/#primaryimage"},"image":{"@id":"https:\/\/www.pressenza.com\/it\/2024\/03\/jugoslavia-25-anni-fa-la-nato-violava-lo-statuto-onu\/#primaryimage"},"thumbnailUrl":"https:\/\/www.pressenza.com\/wp-content\/uploads\/2024\/03\/guerra-bombardamento.webp","datePublished":"2024-03-27T18:49:40+00:00","dateModified":"2024-03-28T11:04:39+00:00","description":"\u00ab 25 anni fa, il 24 marzo 1999,\u00a0la NATO riportava la guerra nel cuore dell\u2019Europa\u00a0con l\u2019aggressione alla Serbia e\u00a0i bombardamenti su Belgrado. Nasceva","breadcrumb":{"@id":"https:\/\/www.pressenza.com\/it\/2024\/03\/jugoslavia-25-anni-fa-la-nato-violava-lo-statuto-onu\/#breadcrumb"},"inLanguage":"it-IT","potentialAction":[{"@type":"ReadAction","target":["https:\/\/www.pressenza.com\/it\/2024\/03\/jugoslavia-25-anni-fa-la-nato-violava-lo-statuto-onu\/"]}]},{"@type":"ImageObject","inLanguage":"it-IT","@id":"https:\/\/www.pressenza.com\/it\/2024\/03\/jugoslavia-25-anni-fa-la-nato-violava-lo-statuto-onu\/#primaryimage","url":"https:\/\/www.pressenza.com\/wp-content\/uploads\/2024\/03\/guerra-bombardamento.webp","contentUrl":"https:\/\/www.pressenza.com\/wp-content\/uploads\/2024\/03\/guerra-bombardamento.webp","width":1000,"height":533},{"@type":"BreadcrumbList","@id":"https:\/\/www.pressenza.com\/it\/2024\/03\/jugoslavia-25-anni-fa-la-nato-violava-lo-statuto-onu\/#breadcrumb","itemListElement":[{"@type":"ListItem","position":1,"name":"Accueil","item":"https:\/\/www.pressenza.com\/it\/"},{"@type":"ListItem","position":2,"name":"Jugoslavia, 25 anni fa la NATO violava lo statuto ONU"}]},{"@type":"WebSite","@id":"https:\/\/www.pressenza.com\/it\/#website","url":"https:\/\/www.pressenza.com\/it\/","name":"Pressenza","description":"Agenzia di Stampa Internazionale","publisher":{"@id":"https:\/\/www.pressenza.com\/it\/#organization"},"potentialAction":[{"@type":"SearchAction","target":{"@type":"EntryPoint","urlTemplate":"https:\/\/www.pressenza.com\/it\/?s={search_term_string}"},"query-input":{"@type":"PropertyValueSpecification","valueRequired":true,"valueName":"search_term_string"}}],"inLanguage":"it-IT"},{"@type":"Organization","@id":"https:\/\/www.pressenza.com\/it\/#organization","name":"Pressenza","url":"https:\/\/www.pressenza.com\/it\/","logo":{"@type":"ImageObject","inLanguage":"it-IT","@id":"https:\/\/www.pressenza.com\/it\/#\/schema\/logo\/image\/","url":"https:\/\/www.pressenza.com\/wp-content\/uploads\/2022\/10\/pressenza_logo_200x200.jpg","contentUrl":"https:\/\/www.pressenza.com\/wp-content\/uploads\/2022\/10\/pressenza_logo_200x200.jpg","width":200,"height":200,"caption":"Pressenza"},"image":{"@id":"https:\/\/www.pressenza.com\/it\/#\/schema\/logo\/image\/"},"sameAs":["https:\/\/www.facebook.com\/PressenzaItalia","https:\/\/x.com\/PressenzaIPA"]},{"@type":"Person","@id":"https:\/\/www.pressenza.com\/it\/#\/schema\/person\/dfdba7d9ea928e4a93ced607c353757c","name":"Natale Salvo","description":"Nato e cresciuto nella terra del \u201cGattopardo\u201d, la Sicilia. Ha dedicato la propria esistenza all'impegno sociale. Allenatore di una squadretta di calcio di periferia, presidente del circolo di Legambiente, candidato sindaco per il Partito Umanista. Infine blogger d\u2019inchiesta; ha pagato le sue denunce di cattiva amministrazione con una persecuzione per via giudiziaria. E' autore del libro \"La rivoluzione copernicana chiamata Reddito di Base\", edito da Multimage, Firenze.","url":"https:\/\/www.pressenza.com\/it\/author\/natale-salvo\/"}]}},"place":"","original_article_url":"https:\/\/www.sinistralibertaria.it\/jugoslavia-25-anni-fa-la-nato-violava-lo-statuto-onu\/","_links":{"self":[{"href":"https:\/\/www.pressenza.com\/it\/wp-json\/wp\/v2\/posts\/1835011","targetHints":{"allow":["GET"]}}],"collection":[{"href":"https:\/\/www.pressenza.com\/it\/wp-json\/wp\/v2\/posts"}],"about":[{"href":"https:\/\/www.pressenza.com\/it\/wp-json\/wp\/v2\/types\/post"}],"author":[{"embeddable":true,"href":"https:\/\/www.pressenza.com\/it\/wp-json\/wp\/v2\/users\/1284"}],"replies":[{"embeddable":true,"href":"https:\/\/www.pressenza.com\/it\/wp-json\/wp\/v2\/comments?post=1835011"}],"version-history":[{"count":0,"href":"https:\/\/www.pressenza.com\/it\/wp-json\/wp\/v2\/posts\/1835011\/revisions"}],"wp:featuredmedia":[{"embeddable":true,"href":"https:\/\/www.pressenza.com\/it\/wp-json\/wp\/v2\/media\/1835012"}],"wp:attachment":[{"href":"https:\/\/www.pressenza.com\/it\/wp-json\/wp\/v2\/media?parent=1835011"}],"wp:term":[{"taxonomy":"category","embeddable":true,"href":"https:\/\/www.pressenza.com\/it\/wp-json\/wp\/v2\/categories?post=1835011"},{"taxonomy":"post_tag","embeddable":true,"href":"https:\/\/www.pressenza.com\/it\/wp-json\/wp\/v2\/tags?post=1835011"}],"curies":[{"name":"wp","href":"https:\/\/api.w.org\/{rel}","templated":true}]}}