{"id":1834364,"date":"2024-03-24T16:48:44","date_gmt":"2024-03-24T16:48:44","guid":{"rendered":"https:\/\/www.pressenza.com\/?p=1834364"},"modified":"2024-03-24T16:49:53","modified_gmt":"2024-03-24T16:49:53","slug":"il-caso-di-julian-assange-nella-giornata-onu-per-il-diritto-alla-verita","status":"publish","type":"post","link":"https:\/\/www.pressenza.com\/it\/2024\/03\/il-caso-di-julian-assange-nella-giornata-onu-per-il-diritto-alla-verita\/","title":{"rendered":"Il caso di Julian Assange nella Giornata ONU per il diritto alla verit\u00e0"},"content":{"rendered":"<p>Oggi, 24 marzo, \u00e8 la Giornata Internazionale per il Diritto alla Verit\u00e0, ricorrenza annuale indetta dalle Nazioni Unite per ricordare coloro che hanno\u00a0<strong>indagato sulle violazioni dei diritti umani<\/strong>\u00a0e\u00a0<strong>che sono stati fatti \u201csparire\u201d<\/strong>\u00a0\u2013 tipicamente, da anonimi sicari assoldati dall\u2019autore delle violazioni. Il caso esemplare \u00e8 quello di Monsignor Romero, il prelato di El Salvador assassinato da uno squadrone della morte il 24 marzo 1980 per aver denunciato in chiesa e con la radio emittente della diocesi le violazioni di diritti umani che subivano le popolazioni salvadoregne.<\/p>\n<p>In Italia, invece, andrebbero ricordati, in occasione della Giornata per il Diritto alla Verit\u00e0,\u00a0<strong>Giulio Regeni<\/strong>, il ricercatore universitario che indagava sul conflitto sindacale in Egitto e che \u00e8 stato trovato morto e orribilmente torturato nei pressi di una prigione dei servizi segreti egiziani, e\u00a0<strong>Mario Paciolla<\/strong>, il giornalista ed attivista che indagava sull\u2019applicazione dell\u2019accordo tra le Forze Armate Rivoluzionarie della Colombia e il governo di quel Paese e che \u00e8 stato poi trovato \u201csuicidato\u201d in una camera d\u2019albergo colombiana. I genitori di Giulio e di Mario cercano ancora di appurare la verit\u00e0 su quanto accaduto.<\/p>\n<p>Andrebbero pure ricordati la giornalista RAI\u00a0<strong>Ilaria Alpi<\/strong>\u00a0e il suo cameraman\u00a0<strong>Miran Hrovatin<\/strong>, assassinati da ignoti vicino a Mogadiscio. Lo scorso 20 marzo, anniversario delle uccisioni avvenute nel 1994, il Presidente della Repubblica italiana Sergio Mattarella li ha rievocati con queste parole: \u00abErano giornalisti di valore alla ricerca in Somalia di verifiche e riscontri su una pista che avrebbe potuto portare a svelare traffici ignobili\u00bb (armi e rifiuti tossici).<\/p>\n<p>E che dire di\u00a0<strong>Andrea (Andy) Rochelli<\/strong>, fotogiornalista italiano, ucciso nel Donbass nel 2014, molto prima dell\u2019invasione russa dell\u2019Ucraina? I suoi servizi facevano conoscere le devastazioni subite dalle popolazioni ucraine russofone del Donbass, provocate dagli artiglieri ucraini, in particolare da quelli filo-nazisti. Per questi suoi reportage, si \u00e8 fatto schedare dai Servizi Segreti ucraini con la dicitura \u201cliquidatelo\u201d. E, difatti, Rochelli e il suo interprete sono state uccisi dall\u2019artiglieria ucraina \u2013 deliberatamente, secondo la testimonianza di un militare del reparto, ma non si \u00e8 ancora riusciti ad appurare definitivamente la verit\u00e0. Non solo, ma il caso viene sistematicamente dimenticato dai mass media \u2013 persino in Italia, il suo Paese natio \u2013 per non accreditare la versione russa dei fatti che hanno portato all\u2019invasione del 2022, ovvero gli otto anni di massacri della popolazione ucraina russofona da parte dell\u2019esercito ucraino (armato anche allora dall\u2019Occidente).<\/p>\n<p>Quindi \u00e8 molto lunga la lista di italiani che sono stati fatti \u201csparire\u201d<strong>\u00a0perch\u00e9 indagavano su fatti scomodi<\/strong> per qualcuno e che andrebbero doverosamente ricordati in questa Giornata Internazionale per il Diritto alla Verit\u00e0. Basti pensare, ad esempio, a tutti i magistrati, giornalisti e testimoni di giustizia che hanno denunciato la mafia, pagando un caro prezzo. Tra i testimoni di giustizia andrebbe ricordata in particolare l\u2019allora 17enne <strong>Rita Atria<\/strong>, la cui morte rimane ancora tutta da chiarire.<\/p>\n<p>Sul piano internazionale, invece, la lista di chi ha pagato di persona per aver denunciato delle illegalit\u00e0\u00a0<strong>\u00e8 davvero sterminata<\/strong>. Tuttavia, spicca, su tutti, il nome \u2013 oggi finalmente alla ribalta \u2013 di un giornalista australiano che ha indagato sul vero numero di civili uccisi dall\u2019esercito occupante statunitense in Iraq (ha documentato pi\u00f9 di 15.000 uccisioni, mai ammesse dal Pentagono) nonch\u00e9 sul vero numero di rinchiusi nella prigione USA di Guantanamo, molti dei quali torturati e poi fatti sparire dai registri ufficiali.<\/p>\n<p>Questo giornalista investigativo si chiama\u00a0<strong>Julian Assange<\/strong>; \u00e8 da cinque anni rinchiuso nella prigione londinese di Belmarsh, dove, deperendo di giorno in giorno, sta subendo una\u00a0<strong>\u201cesecuzione al rallentatore\u201d<\/strong>\u00a0(<em>a slow motion execution<\/em>), per usare l\u2019espressione dell\u2019ex-ambasciatore britannico Craig Murray. E\u2019 in attesa del verdetto dei giudici dell\u2019Alta Corte britannica, che dovranno decidere se estradarlo negli Stati Uniti, dove l\u2019attende un ergastolo sicuro, oppure se permettergli di appellarsi contro l\u2019ordine di estradizione. La notifica del verdetto potrebbe avvenire tra qualche settimana, ma anche tra qualche mese.<\/p>\n<p>Perch\u00e9 ricordare Julian Assange in occasione della Giornata internazionale per il diritto alla verit\u00e0? In fondo, non sembrano esserci misteri ancora da chiarire intorno a chi ha voluto e vuole la sua \u201cesecuzione al rallentatore\u201d. Sappiamo, cio\u00e8,\u00a0<strong>chi sono tutti gli attori<\/strong>, i loro nomi e cognomi, dietro il tentativo di farlo \u201csparire\u201d. Il problema \u00e8 che non sappiamo chi ha voluto che questi attori agissero \u2013 proprio come nei casi, appena rievocati, degli italiani fatti sparire. Cio\u00e8, non sappiamo\u00a0<strong>i veri mandanti<\/strong>.<\/p>\n<p>Nel caso di Julian Assange, dunque, tutti gli attori sono ben conosciuti. Sappiamo, per esempio, che nel 2017 l\u2019allora capo della CIA Mike Pompeo ha giurato vendetta contro Assange per aver rivelato le tecniche illecite (denominate\u00a0<strong>Vault 7<\/strong>) usate dai servizi segreti statunitensi per spiarci persino\u00a0<strong>dentro i nostri cellulari e televisori<\/strong>; insieme all\u2019allora presidente Trump, Pompeo ha spinto il Dipartimento di Giustizia a emettere la richiesta di estradizione di Assange per \u201cspionaggio\u201d e l\u2019attuale Procuratore Generale, Merrick Garland, ha reiterato la richiesta. I vari segretari della Giustizia britannici (Gauke, Buckland, Raab, Lewis, Chalk) hanno cercato poi con ogni mezzo di esaudire la richiesta statunitense. Tutto sembra chiarissimo, allora, sul piano degli attori.<\/p>\n<p>Ma la decisione di \u201cfar sparire\u201d Assange attraverso una persecuzione giuridica raramente riscontrata, non \u00e8 stato presa da queste persone in un vuoto. Sin dalla pubblicazione del video\u00a0<em><strong>Collateral Murder<\/strong><\/em>, che mostrava l\u2019uccisione di civili innocenti da parte dei militari statunitensi, c\u2019\u00e8 stata una crescente campagna nei mass media per\u00a0<strong>screditare Assange e il suo sito WikiLeaks<\/strong>\u00a0\u2013 qualcuno l\u2019ha sicuramente orchestrata: le menzogne sono ovunque uguali in tutti i media mainstream! Ma chi? Non certo Mike Pompeo. Nell\u2019aprile del 2010, quando Assange ha presentato\u00a0<em>Collateral Murder<\/em>, Pompeo non era ancora stato eletto al Parlamento statunitense, prima tappa della sua carriera.<\/p>\n<p>In quello stesso anno, poi, qualcuno ha orchestrato un tentativo di incastrare Julian in Svezia con accuse di stupro ben pubblicizzate ma false e strumentali: chi? La grande giornalista investigativa Stefania Maurizi sta cercando di documentare gli intrallazzi tra i vari ministri della giustizia (svedese, inglese, statunitense) tramite il FOIA,\u00a0<em>Freedom of Information Act<\/em>\u00a0\u2013 ma\u00a0<strong>chi ha escogitato il piano?<\/strong>\u00a0Non lo sappiamo.<\/p>\n<p>Nel 2017, c\u2019\u00e8 stato un cambio di regime in Ecuador, mentre Julian si era rifugiato presso l\u2019ambasciata di quel Paese a Londra: l\u2019ex presidente, Rafael Correa, aveva accolto Julian a braccia aperte, mentre il nuovo presidente,\u00a0<strong>Lenin Moreno, voluto dagli Stati Uniti<\/strong>, si \u00e8 mostrato ostile; ha cambiato non solo l\u2019ambasciatore, ma anche gli addetti all\u2019ambasciata, i quali hanno cominciato a praticare torture psicologiche su Assange. Poi, nel 2019 Moreno ha revocato l\u2019asilo politico a Julian, consentendo il suo arresto, e \u2013 guarda caso \u2013 contemporaneamente ha ottenuto un prestito di oltre 10 miliardi di dollari dal Fondo Monetario Internazionale. Dietro tutto ci\u00f2 c\u2019era sicuramente la mano della CIA ma non soltanto \u2013 non sarebbe bastato. Chi \u00e8 il regista, allora?<\/p>\n<p>I teorici dei complotti parlano dell\u2019esistenza di un\u00a0<strong>Deep State<\/strong>, di uno Stato nello Stato che detta la politica che poi i rami legislativo, esecutivo e giudiziario eseguono, ma possiamo anche fare a meno del termine \u201cDeep State\u201d. Non c\u2019\u00e8 bisogno di inventare figure occulte e misteriose; \u00e8 sufficiente elencare<strong>\u00a0i miliardari che finanziano i nostri politici<\/strong>\u00a0e che si riuniscono, per decidere le iniziative da far mettere in pratica dai loro sponsorizzati, in consessi come il Gruppo Bilderberg, la Commissione trilaterale, il Consiglio di Relazioni estere e organismi simili. Ecco chi sono i veri \u201cPoteri Forti\u201d.<\/p>\n<p>E\u2019 dunque dentro questa compagine \u2013 che Maurizi chiama\u00a0<strong>\u201cil Potere Segreto\u201d<\/strong>\u00a0\u2013 che bisogna cercare i mandanti per la decisione di far \u201csparire\u201d, costi quel che costi, Julian Assange e con lui il suo sito WikiLeaks. Farli sparire in quanto, come insegna Noam Chomsky, il potere ha bisogno di agire dietro le quinte, nel buio, perch\u00e9 se viene esposto alla luce, si erode.<\/p>\n<p>Julian Assange ha voluto gettare luce sui veri meccanismi del potere \u2013\u00a0<strong>le menzogne<\/strong>\u00a0usate per venderci le guerre e i sofismi usati per giustificare le sopraffazioni che subiamo e l\u2019ha fatto pur consapevole dei rischi che correva nel denunciare i Poteri Forti. Nella Giornata Internazionale per il Diritto alla Verit\u00e0, dunque, ripromettiamoci di attivarci\u00a0<strong>per contrastare la decisione di eliminare Julian Assange<\/strong>, lottando per la sua liberazione, per il ripristino del suo sito WikiLeaks e infine per far venire alla luce la verit\u00e0 che si cela dietro i quindici anni della sua persecuzione giuridica e morale.<\/p>\n<p>Scrisse Thoreau: \u201cInvece che amore, denaro o fama, <strong>datemi la verit\u00e0<\/strong>.\u201d E\u2019 sicuramente un imperativo anche per Julian Assange e che dovremmo fare nostro.<\/p>\n<p>&nbsp;<\/p>\n","protected":false},"excerpt":{"rendered":"<p>Oggi, 24 marzo, \u00e8 la Giornata Internazionale per il Diritto alla Verit\u00e0, ricorrenza annuale indetta dalle Nazioni Unite per ricordare coloro che hanno\u00a0indagato sulle violazioni dei diritti umani\u00a0e\u00a0che sono stati fatti \u201csparire\u201d\u00a0\u2013 tipicamente, da anonimi sicari assoldati dall\u2019autore delle violazioni.&hellip;<\/p>\n","protected":false},"author":2207,"featured_media":1826451,"comment_status":"closed","ping_status":"closed","sticky":false,"template":"","format":"standard","meta":{"footnotes":""},"categories":[60,38],"tags":[121277,2599,25018],"class_list":["post-1834364","post","type-post","status-publish","format-standard","has-post-thumbnail","hentry","category-diritti-umani","category-internazionale","tag-giornata-internazionale-per-il-diritto-alla-verita","tag-julian-assange-it","tag-violazioni-dei-diritti-umani"],"yoast_head":"<!-- This site is optimized with the Yoast SEO plugin v27.1.1 - https:\/\/yoast.com\/product\/yoast-seo-wordpress\/ -->\n<title>Il caso di Julian Assange nella Giornata ONU per il diritto alla verit\u00e0<\/title>\n<meta name=\"description\" content=\"Oggi, 24 marzo, \u00e8 la Giornata Internazionale per il Diritto alla Verit\u00e0, ricorrenza annuale indetta dalle Nazioni Unite per ricordare coloro che\" \/>\n<meta name=\"robots\" content=\"index, follow, max-snippet:-1, max-image-preview:large, max-video-preview:-1\" \/>\n<link rel=\"canonical\" href=\"https:\/\/www.pressenza.com\/it\/2024\/03\/il-caso-di-julian-assange-nella-giornata-onu-per-il-diritto-alla-verita\/\" \/>\n<meta property=\"og:locale\" content=\"it_IT\" \/>\n<meta property=\"og:type\" content=\"article\" \/>\n<meta property=\"og:title\" content=\"Il caso di Julian Assange nella Giornata ONU per il diritto alla verit\u00e0\" \/>\n<meta property=\"og:description\" content=\"Oggi, 24 marzo, \u00e8 la Giornata Internazionale per il Diritto alla Verit\u00e0, ricorrenza annuale indetta dalle Nazioni Unite per ricordare coloro che\" \/>\n<meta property=\"og:url\" content=\"https:\/\/www.pressenza.com\/it\/2024\/03\/il-caso-di-julian-assange-nella-giornata-onu-per-il-diritto-alla-verita\/\" \/>\n<meta property=\"og:site_name\" content=\"Pressenza\" \/>\n<meta property=\"article:publisher\" content=\"https:\/\/www.facebook.com\/PressenzaItalia\" \/>\n<meta property=\"article:published_time\" content=\"2024-03-24T16:48:44+00:00\" \/>\n<meta property=\"article:modified_time\" content=\"2024-03-24T16:49:53+00:00\" \/>\n<meta property=\"og:image\" content=\"https:\/\/www.pressenza.com\/wp-content\/uploads\/2024\/02\/processo-Julian-Assange-London.jpg\" \/>\n\t<meta property=\"og:image:width\" content=\"1920\" \/>\n\t<meta property=\"og:image:height\" content=\"1440\" \/>\n\t<meta property=\"og:image:type\" content=\"image\/jpeg\" \/>\n<meta name=\"author\" content=\"L&#039;Indipendente\" \/>\n<meta name=\"twitter:card\" content=\"summary_large_image\" \/>\n<meta name=\"twitter:creator\" content=\"@PressenzaIPA\" \/>\n<meta name=\"twitter:site\" content=\"@PressenzaIPA\" \/>\n<meta name=\"twitter:label1\" content=\"Scritto da\" \/>\n\t<meta name=\"twitter:data1\" content=\"L&#039;Indipendente\" \/>\n\t<meta name=\"twitter:label2\" content=\"Tempo di lettura stimato\" \/>\n\t<meta name=\"twitter:data2\" content=\"8 minuti\" \/>\n<script type=\"application\/ld+json\" class=\"yoast-schema-graph\">{\"@context\":\"https:\/\/schema.org\",\"@graph\":[{\"@type\":\"Article\",\"@id\":\"https:\/\/www.pressenza.com\/it\/2024\/03\/il-caso-di-julian-assange-nella-giornata-onu-per-il-diritto-alla-verita\/#article\",\"isPartOf\":{\"@id\":\"https:\/\/www.pressenza.com\/it\/2024\/03\/il-caso-di-julian-assange-nella-giornata-onu-per-il-diritto-alla-verita\/\"},\"author\":{\"name\":\"L'Indipendente\",\"@id\":\"https:\/\/www.pressenza.com\/it\/#\/schema\/person\/310a843582035e4eb98f61c521fd6236\"},\"headline\":\"Il caso di Julian Assange nella Giornata ONU per il diritto alla verit\u00e0\",\"datePublished\":\"2024-03-24T16:48:44+00:00\",\"dateModified\":\"2024-03-24T16:49:53+00:00\",\"mainEntityOfPage\":{\"@id\":\"https:\/\/www.pressenza.com\/it\/2024\/03\/il-caso-di-julian-assange-nella-giornata-onu-per-il-diritto-alla-verita\/\"},\"wordCount\":1409,\"publisher\":{\"@id\":\"https:\/\/www.pressenza.com\/it\/#organization\"},\"image\":{\"@id\":\"https:\/\/www.pressenza.com\/it\/2024\/03\/il-caso-di-julian-assange-nella-giornata-onu-per-il-diritto-alla-verita\/#primaryimage\"},\"thumbnailUrl\":\"https:\/\/www.pressenza.com\/wp-content\/uploads\/2024\/02\/processo-Julian-Assange-London.jpg\",\"keywords\":[\"Giornata Internazionale per il Diritto alla Verit\u00e0\",\"Julian Assange\",\"violazioni dei diritti umani\"],\"articleSection\":[\"Diritti Umani\",\"Internazionale\"],\"inLanguage\":\"it-IT\"},{\"@type\":\"WebPage\",\"@id\":\"https:\/\/www.pressenza.com\/it\/2024\/03\/il-caso-di-julian-assange-nella-giornata-onu-per-il-diritto-alla-verita\/\",\"url\":\"https:\/\/www.pressenza.com\/it\/2024\/03\/il-caso-di-julian-assange-nella-giornata-onu-per-il-diritto-alla-verita\/\",\"name\":\"Il caso di Julian Assange nella Giornata ONU per il diritto alla verit\u00e0\",\"isPartOf\":{\"@id\":\"https:\/\/www.pressenza.com\/it\/#website\"},\"primaryImageOfPage\":{\"@id\":\"https:\/\/www.pressenza.com\/it\/2024\/03\/il-caso-di-julian-assange-nella-giornata-onu-per-il-diritto-alla-verita\/#primaryimage\"},\"image\":{\"@id\":\"https:\/\/www.pressenza.com\/it\/2024\/03\/il-caso-di-julian-assange-nella-giornata-onu-per-il-diritto-alla-verita\/#primaryimage\"},\"thumbnailUrl\":\"https:\/\/www.pressenza.com\/wp-content\/uploads\/2024\/02\/processo-Julian-Assange-London.jpg\",\"datePublished\":\"2024-03-24T16:48:44+00:00\",\"dateModified\":\"2024-03-24T16:49:53+00:00\",\"description\":\"Oggi, 24 marzo, \u00e8 la Giornata Internazionale per il Diritto alla Verit\u00e0, ricorrenza annuale indetta dalle Nazioni Unite per ricordare coloro che\",\"breadcrumb\":{\"@id\":\"https:\/\/www.pressenza.com\/it\/2024\/03\/il-caso-di-julian-assange-nella-giornata-onu-per-il-diritto-alla-verita\/#breadcrumb\"},\"inLanguage\":\"it-IT\",\"potentialAction\":[{\"@type\":\"ReadAction\",\"target\":[\"https:\/\/www.pressenza.com\/it\/2024\/03\/il-caso-di-julian-assange-nella-giornata-onu-per-il-diritto-alla-verita\/\"]}]},{\"@type\":\"ImageObject\",\"inLanguage\":\"it-IT\",\"@id\":\"https:\/\/www.pressenza.com\/it\/2024\/03\/il-caso-di-julian-assange-nella-giornata-onu-per-il-diritto-alla-verita\/#primaryimage\",\"url\":\"https:\/\/www.pressenza.com\/wp-content\/uploads\/2024\/02\/processo-Julian-Assange-London.jpg\",\"contentUrl\":\"https:\/\/www.pressenza.com\/wp-content\/uploads\/2024\/02\/processo-Julian-Assange-London.jpg\",\"width\":1920,\"height\":1440},{\"@type\":\"BreadcrumbList\",\"@id\":\"https:\/\/www.pressenza.com\/it\/2024\/03\/il-caso-di-julian-assange-nella-giornata-onu-per-il-diritto-alla-verita\/#breadcrumb\",\"itemListElement\":[{\"@type\":\"ListItem\",\"position\":1,\"name\":\"Accueil\",\"item\":\"https:\/\/www.pressenza.com\/it\/\"},{\"@type\":\"ListItem\",\"position\":2,\"name\":\"Il caso di Julian Assange nella Giornata ONU per il diritto alla verit\u00e0\"}]},{\"@type\":\"WebSite\",\"@id\":\"https:\/\/www.pressenza.com\/it\/#website\",\"url\":\"https:\/\/www.pressenza.com\/it\/\",\"name\":\"Pressenza\",\"description\":\"Agenzia di Stampa Internazionale\",\"publisher\":{\"@id\":\"https:\/\/www.pressenza.com\/it\/#organization\"},\"potentialAction\":[{\"@type\":\"SearchAction\",\"target\":{\"@type\":\"EntryPoint\",\"urlTemplate\":\"https:\/\/www.pressenza.com\/it\/?s={search_term_string}\"},\"query-input\":{\"@type\":\"PropertyValueSpecification\",\"valueRequired\":true,\"valueName\":\"search_term_string\"}}],\"inLanguage\":\"it-IT\"},{\"@type\":\"Organization\",\"@id\":\"https:\/\/www.pressenza.com\/it\/#organization\",\"name\":\"Pressenza\",\"url\":\"https:\/\/www.pressenza.com\/it\/\",\"logo\":{\"@type\":\"ImageObject\",\"inLanguage\":\"it-IT\",\"@id\":\"https:\/\/www.pressenza.com\/it\/#\/schema\/logo\/image\/\",\"url\":\"https:\/\/www.pressenza.com\/wp-content\/uploads\/2022\/10\/pressenza_logo_200x200.jpg\",\"contentUrl\":\"https:\/\/www.pressenza.com\/wp-content\/uploads\/2022\/10\/pressenza_logo_200x200.jpg\",\"width\":200,\"height\":200,\"caption\":\"Pressenza\"},\"image\":{\"@id\":\"https:\/\/www.pressenza.com\/it\/#\/schema\/logo\/image\/\"},\"sameAs\":[\"https:\/\/www.facebook.com\/PressenzaItalia\",\"https:\/\/x.com\/PressenzaIPA\"]},{\"@type\":\"Person\",\"@id\":\"https:\/\/www.pressenza.com\/it\/#\/schema\/person\/310a843582035e4eb98f61c521fd6236\",\"name\":\"L'Indipendente\",\"description\":\"Informazione senza padroni\",\"sameAs\":[\"https:\/\/www.lindipendente.online\/\"],\"url\":\"https:\/\/www.pressenza.com\/it\/author\/lindipendente\/\"}]}<\/script>\n<!-- \/ Yoast SEO plugin. -->","yoast_head_json":{"title":"Il caso di Julian Assange nella Giornata ONU per il diritto alla verit\u00e0","description":"Oggi, 24 marzo, \u00e8 la Giornata Internazionale per il Diritto alla Verit\u00e0, ricorrenza annuale indetta dalle Nazioni Unite per ricordare coloro che","robots":{"index":"index","follow":"follow","max-snippet":"max-snippet:-1","max-image-preview":"max-image-preview:large","max-video-preview":"max-video-preview:-1"},"canonical":"https:\/\/www.pressenza.com\/it\/2024\/03\/il-caso-di-julian-assange-nella-giornata-onu-per-il-diritto-alla-verita\/","og_locale":"it_IT","og_type":"article","og_title":"Il caso di Julian Assange nella Giornata ONU per il diritto alla verit\u00e0","og_description":"Oggi, 24 marzo, \u00e8 la Giornata Internazionale per il Diritto alla Verit\u00e0, ricorrenza annuale indetta dalle Nazioni Unite per ricordare coloro che","og_url":"https:\/\/www.pressenza.com\/it\/2024\/03\/il-caso-di-julian-assange-nella-giornata-onu-per-il-diritto-alla-verita\/","og_site_name":"Pressenza","article_publisher":"https:\/\/www.facebook.com\/PressenzaItalia","article_published_time":"2024-03-24T16:48:44+00:00","article_modified_time":"2024-03-24T16:49:53+00:00","og_image":[{"width":1920,"height":1440,"url":"https:\/\/www.pressenza.com\/wp-content\/uploads\/2024\/02\/processo-Julian-Assange-London.jpg","type":"image\/jpeg"}],"author":"L'Indipendente","twitter_card":"summary_large_image","twitter_creator":"@PressenzaIPA","twitter_site":"@PressenzaIPA","twitter_misc":{"Scritto da":"L'Indipendente","Tempo di lettura stimato":"8 minuti"},"schema":{"@context":"https:\/\/schema.org","@graph":[{"@type":"Article","@id":"https:\/\/www.pressenza.com\/it\/2024\/03\/il-caso-di-julian-assange-nella-giornata-onu-per-il-diritto-alla-verita\/#article","isPartOf":{"@id":"https:\/\/www.pressenza.com\/it\/2024\/03\/il-caso-di-julian-assange-nella-giornata-onu-per-il-diritto-alla-verita\/"},"author":{"name":"L'Indipendente","@id":"https:\/\/www.pressenza.com\/it\/#\/schema\/person\/310a843582035e4eb98f61c521fd6236"},"headline":"Il caso di Julian Assange nella Giornata ONU per il diritto alla verit\u00e0","datePublished":"2024-03-24T16:48:44+00:00","dateModified":"2024-03-24T16:49:53+00:00","mainEntityOfPage":{"@id":"https:\/\/www.pressenza.com\/it\/2024\/03\/il-caso-di-julian-assange-nella-giornata-onu-per-il-diritto-alla-verita\/"},"wordCount":1409,"publisher":{"@id":"https:\/\/www.pressenza.com\/it\/#organization"},"image":{"@id":"https:\/\/www.pressenza.com\/it\/2024\/03\/il-caso-di-julian-assange-nella-giornata-onu-per-il-diritto-alla-verita\/#primaryimage"},"thumbnailUrl":"https:\/\/www.pressenza.com\/wp-content\/uploads\/2024\/02\/processo-Julian-Assange-London.jpg","keywords":["Giornata Internazionale per il Diritto alla Verit\u00e0","Julian Assange","violazioni dei diritti umani"],"articleSection":["Diritti Umani","Internazionale"],"inLanguage":"it-IT"},{"@type":"WebPage","@id":"https:\/\/www.pressenza.com\/it\/2024\/03\/il-caso-di-julian-assange-nella-giornata-onu-per-il-diritto-alla-verita\/","url":"https:\/\/www.pressenza.com\/it\/2024\/03\/il-caso-di-julian-assange-nella-giornata-onu-per-il-diritto-alla-verita\/","name":"Il caso di Julian Assange nella Giornata ONU per il diritto alla verit\u00e0","isPartOf":{"@id":"https:\/\/www.pressenza.com\/it\/#website"},"primaryImageOfPage":{"@id":"https:\/\/www.pressenza.com\/it\/2024\/03\/il-caso-di-julian-assange-nella-giornata-onu-per-il-diritto-alla-verita\/#primaryimage"},"image":{"@id":"https:\/\/www.pressenza.com\/it\/2024\/03\/il-caso-di-julian-assange-nella-giornata-onu-per-il-diritto-alla-verita\/#primaryimage"},"thumbnailUrl":"https:\/\/www.pressenza.com\/wp-content\/uploads\/2024\/02\/processo-Julian-Assange-London.jpg","datePublished":"2024-03-24T16:48:44+00:00","dateModified":"2024-03-24T16:49:53+00:00","description":"Oggi, 24 marzo, \u00e8 la Giornata Internazionale per il Diritto alla Verit\u00e0, ricorrenza annuale indetta dalle Nazioni Unite per ricordare coloro che","breadcrumb":{"@id":"https:\/\/www.pressenza.com\/it\/2024\/03\/il-caso-di-julian-assange-nella-giornata-onu-per-il-diritto-alla-verita\/#breadcrumb"},"inLanguage":"it-IT","potentialAction":[{"@type":"ReadAction","target":["https:\/\/www.pressenza.com\/it\/2024\/03\/il-caso-di-julian-assange-nella-giornata-onu-per-il-diritto-alla-verita\/"]}]},{"@type":"ImageObject","inLanguage":"it-IT","@id":"https:\/\/www.pressenza.com\/it\/2024\/03\/il-caso-di-julian-assange-nella-giornata-onu-per-il-diritto-alla-verita\/#primaryimage","url":"https:\/\/www.pressenza.com\/wp-content\/uploads\/2024\/02\/processo-Julian-Assange-London.jpg","contentUrl":"https:\/\/www.pressenza.com\/wp-content\/uploads\/2024\/02\/processo-Julian-Assange-London.jpg","width":1920,"height":1440},{"@type":"BreadcrumbList","@id":"https:\/\/www.pressenza.com\/it\/2024\/03\/il-caso-di-julian-assange-nella-giornata-onu-per-il-diritto-alla-verita\/#breadcrumb","itemListElement":[{"@type":"ListItem","position":1,"name":"Accueil","item":"https:\/\/www.pressenza.com\/it\/"},{"@type":"ListItem","position":2,"name":"Il caso di Julian Assange nella Giornata ONU per il diritto alla verit\u00e0"}]},{"@type":"WebSite","@id":"https:\/\/www.pressenza.com\/it\/#website","url":"https:\/\/www.pressenza.com\/it\/","name":"Pressenza","description":"Agenzia di Stampa Internazionale","publisher":{"@id":"https:\/\/www.pressenza.com\/it\/#organization"},"potentialAction":[{"@type":"SearchAction","target":{"@type":"EntryPoint","urlTemplate":"https:\/\/www.pressenza.com\/it\/?s={search_term_string}"},"query-input":{"@type":"PropertyValueSpecification","valueRequired":true,"valueName":"search_term_string"}}],"inLanguage":"it-IT"},{"@type":"Organization","@id":"https:\/\/www.pressenza.com\/it\/#organization","name":"Pressenza","url":"https:\/\/www.pressenza.com\/it\/","logo":{"@type":"ImageObject","inLanguage":"it-IT","@id":"https:\/\/www.pressenza.com\/it\/#\/schema\/logo\/image\/","url":"https:\/\/www.pressenza.com\/wp-content\/uploads\/2022\/10\/pressenza_logo_200x200.jpg","contentUrl":"https:\/\/www.pressenza.com\/wp-content\/uploads\/2022\/10\/pressenza_logo_200x200.jpg","width":200,"height":200,"caption":"Pressenza"},"image":{"@id":"https:\/\/www.pressenza.com\/it\/#\/schema\/logo\/image\/"},"sameAs":["https:\/\/www.facebook.com\/PressenzaItalia","https:\/\/x.com\/PressenzaIPA"]},{"@type":"Person","@id":"https:\/\/www.pressenza.com\/it\/#\/schema\/person\/310a843582035e4eb98f61c521fd6236","name":"L'Indipendente","description":"Informazione senza padroni","sameAs":["https:\/\/www.lindipendente.online\/"],"url":"https:\/\/www.pressenza.com\/it\/author\/lindipendente\/"}]}},"place":"Patrick Boylan","original_article_url":"https:\/\/www.lindipendente.online\/2024\/03\/24\/il-caso-di-julian-assange-nella-giornata-onu-per-il-diritto-alla-verita\/","_links":{"self":[{"href":"https:\/\/www.pressenza.com\/it\/wp-json\/wp\/v2\/posts\/1834364","targetHints":{"allow":["GET"]}}],"collection":[{"href":"https:\/\/www.pressenza.com\/it\/wp-json\/wp\/v2\/posts"}],"about":[{"href":"https:\/\/www.pressenza.com\/it\/wp-json\/wp\/v2\/types\/post"}],"author":[{"embeddable":true,"href":"https:\/\/www.pressenza.com\/it\/wp-json\/wp\/v2\/users\/2207"}],"replies":[{"embeddable":true,"href":"https:\/\/www.pressenza.com\/it\/wp-json\/wp\/v2\/comments?post=1834364"}],"version-history":[{"count":0,"href":"https:\/\/www.pressenza.com\/it\/wp-json\/wp\/v2\/posts\/1834364\/revisions"}],"wp:featuredmedia":[{"embeddable":true,"href":"https:\/\/www.pressenza.com\/it\/wp-json\/wp\/v2\/media\/1826451"}],"wp:attachment":[{"href":"https:\/\/www.pressenza.com\/it\/wp-json\/wp\/v2\/media?parent=1834364"}],"wp:term":[{"taxonomy":"category","embeddable":true,"href":"https:\/\/www.pressenza.com\/it\/wp-json\/wp\/v2\/categories?post=1834364"},{"taxonomy":"post_tag","embeddable":true,"href":"https:\/\/www.pressenza.com\/it\/wp-json\/wp\/v2\/tags?post=1834364"}],"curies":[{"name":"wp","href":"https:\/\/api.w.org\/{rel}","templated":true}]}}