{"id":1833425,"date":"2024-03-20T13:59:46","date_gmt":"2024-03-20T13:59:46","guid":{"rendered":"https:\/\/www.pressenza.com\/?p=1833425"},"modified":"2024-03-20T14:06:52","modified_gmt":"2024-03-20T14:06:52","slug":"yuksel-genc-in-italia-dal-24-al-31-marzo","status":"publish","type":"post","link":"https:\/\/www.pressenza.com\/it\/2024\/03\/yuksel-genc-in-italia-dal-24-al-31-marzo\/","title":{"rendered":"Yuksel Gen\u00e7 in Italia dal 24 al 31 marzo"},"content":{"rendered":"<p><span style=\"font-weight: 400;\">La scrittrice Yuksel Gen\u00e7 sar\u00e0 in Italia dal 24 al 31 marzo per presentare il suo ultimo libro tradotto in italiano, intitolato &#8220;Ho lasciato il fucile in montagna. Diario del cammino di pace di una guerrigliera curda&#8221;.<\/span><\/p>\n<p><span style=\"font-weight: 400;\">Nel 1999, un gruppo di guerriglieri curdi part\u00ec dalle montagne di Kandil (Kurdistan iracheno) per auto-consegnarsi alle Forze Armate Turche (TSK) come testimonianza della volont\u00e0 di pace. Lo stimolo proveniva da un&#8217;indicazione del leader storico del Partito dei Lavoratori del Kurdistan (PKK), Abdullah \u00d6calan. Questa fu la prima missione di pace, seguita da un&#8217;analoga dieci anni dopo, nel 2009. Nel 1999, Yuksel Gen\u00e7, una giovane guerrigliera, fece parte di questa missione e condivise con gli altri membri del gruppo repressione, processo e carcere.<\/span><\/p>\n<p><span style=\"font-weight: 400;\">L&#8217;opera straordinaria e unica di Yuksel Gen\u00e7 \u00e8 stata tradotta in italiano da Aldo Canestrari e pubblicata dalla casa editrice Edizioni Punto Rosso (Collana Fonti di Pace) nel 2023, con il contributo di Laura Schrader.<\/span><\/p>\n<p><span style=\"font-weight: 400;\">Il libro di Yuksel Gen\u00e7 offre una visione ampia di questa esperienza politica e storica, che \u00e8 stata un tentativo di trasformare le dinamiche politiche non solo a livello locale ma anche con l&#8217;obiettivo di aprire la strada a una trasformazione democratica e collettiva in Turchia e oltre. Questo prezioso lavoro possiede anche un notevole pregio poetico. Esprime in modo eloquente le risonanze interiori del suo mondo emotivo e della sua riflessione esistenziale. Questo avviene attraverso il contatto con la natura, l&#8217;incanto delle montagne, la loro vegetazione e i loro animali, nonch\u00e9 nei colloqui con compagne e compagni. In tali dialoghi, la riflessione sulla situazione militare e politica si radica profondamente nella sfera intima dei vissuti personali.<\/span><\/p>\n<p><span style=\"font-weight: 400;\">Questa sar\u00e0 la prima assoluta presenza dell&#8217;autrice in Italia, e sar\u00e0 accompagnata in ogni tappa dal traduttore Aldo Canestrari e dal giornalista Murat Cinar.<\/span><\/p>\n<ul>\n<li aria-level=\"1\"><b>Domenica 24 marzo Bologna<\/b><span style=\"font-weight: 400;\">, Municipio Sociale Autogestito Tpo &#8211; L\u00e0bas, h18:00,<br \/>\ncon l\u2019intervento di Domenico Muciniat<\/span><\/li>\n<li style=\"font-weight: 400;\" aria-level=\"1\"><b>Luned\u00ec 25 marzo Torino<\/b><span style=\"font-weight: 400;\">, Centro Studi Sereno Regis, h20:30<br \/>\n<\/span>con gli interventi di Laura Schrader (Time has come &#8211; freedom for Ocalan) e Jacopo Bindi (Defend Kurdistan)<\/li>\n<li aria-level=\"1\"><b>Mercoled\u00ec 27 marzo Brescia<\/b><span style=\"font-weight: 400;\">, Centro Sociale Autogestito Magazzino 47, h20:30<br \/>\n<\/span>con l\u2019intervento di Michele Borra<\/li>\n<li aria-level=\"1\"><b>Gioved\u00ec 28 marzo Milano<\/b><span style=\"font-weight: 400;\">, Casa delle donne, h18:30<br \/>\n<\/span>con gli interventi di Rosella Simone e Silvana Barbieri<\/li>\n<li aria-level=\"1\"><b>Sabato 30 marzo Val Susa, <\/b><span style=\"font-weight: 400;\">Bussoleno, Associazione La Cradenza, h17:30<\/span><\/li>\n<\/ul>\n<p>&nbsp;<\/p>\n<p><span style=\"font-weight: 400;\">Durante il tour, Yuksel Gen\u00e7 sar\u00e0 ospitata in tre eventi presso Radio Onda d&#8217;Urto, Radio Blackout e Radio Popolare. In ogni presentazione sar\u00e0 possibile acquistare il libro.<\/span><\/p>\n","protected":false},"excerpt":{"rendered":"<p>La scrittrice Yuksel Gen\u00e7 sar\u00e0 in Italia dal 24 al 31 marzo per presentare il suo ultimo libro tradotto in italiano, intitolato &#8220;Ho lasciato il fucile in montagna. Diario del cammino di pace di una guerrigliera curda&#8221;. Nel 1999, un&hellip;<\/p>\n","protected":false},"author":594,"featured_media":1833428,"comment_status":"closed","ping_status":"closed","sticky":false,"template":"","format":"standard","meta":{"footnotes":""},"categories":[150,56,38,52,1263,55,57],"tags":[5357,62099,5118,6022,5967,365,121120,1070,5795,887,1578,286,70510,16659,6715,3873,234,3226,121122,1100,121119,121121],"class_list":["post-1833425","post","type-post","status-publish","format-standard","has-post-thumbnail","hentry","category-comunicati-stampa","category-cultura","category-internazionale","category-medio-oriente","category-pace-disarmo","category-politica","category-affari-esteri","tag-ankara-it","tag-bagdad-it","tag-bologna","tag-brescia","tag-damasco","tag-guerra","tag-guerriglia-curda","tag-iraq","tag-kurdistan","tag-libri","tag-medio-oriente-it","tag-milano","tag-murat-cinar-it","tag-newroz","tag-pkk-it","tag-roma","tag-siria-it","tag-torino","tag-tour-libri","tag-turchia","tag-yuksel-genc","tag-yuksel-genc-italia"],"yoast_head":"<!-- This site is optimized with the Yoast SEO plugin v27.1.1 - https:\/\/yoast.com\/product\/yoast-seo-wordpress\/ -->\n<title>Yuksel Gen\u00e7 in Italia dal 24 al 31 marzo<\/title>\n<meta name=\"description\" content=\"La scrittrice Yuksel Gen\u00e7 sar\u00e0 in Italia dal 24 al 31 marzo per presentare il suo ultimo libro tradotto in italiano, intitolato &quot;Ho lasciato il fucile in\" \/>\n<meta name=\"robots\" content=\"index, follow, max-snippet:-1, max-image-preview:large, max-video-preview:-1\" \/>\n<link rel=\"canonical\" href=\"https:\/\/www.pressenza.com\/it\/2024\/03\/yuksel-genc-in-italia-dal-24-al-31-marzo\/\" \/>\n<meta property=\"og:locale\" content=\"it_IT\" \/>\n<meta property=\"og:type\" content=\"article\" \/>\n<meta property=\"og:title\" content=\"Yuksel Gen\u00e7 in Italia dal 24 al 31 marzo\" \/>\n<meta property=\"og:description\" content=\"La scrittrice Yuksel Gen\u00e7 sar\u00e0 in Italia dal 24 al 31 marzo per presentare il suo ultimo libro tradotto in italiano, intitolato &quot;Ho lasciato il fucile in\" \/>\n<meta property=\"og:url\" content=\"https:\/\/www.pressenza.com\/it\/2024\/03\/yuksel-genc-in-italia-dal-24-al-31-marzo\/\" \/>\n<meta property=\"og:site_name\" content=\"Pressenza\" \/>\n<meta property=\"article:publisher\" content=\"https:\/\/www.facebook.com\/PressenzaItalia\" \/>\n<meta property=\"article:author\" content=\"https:\/\/www.facebook.com\/PressenzaItalia\" \/>\n<meta property=\"article:published_time\" content=\"2024-03-20T13:59:46+00:00\" \/>\n<meta property=\"article:modified_time\" content=\"2024-03-20T14:06:52+00:00\" \/>\n<meta property=\"og:image\" content=\"https:\/\/www.pressenza.com\/wp-content\/uploads\/2024\/03\/header.png\" \/>\n\t<meta property=\"og:image:width\" content=\"1920\" \/>\n\t<meta property=\"og:image:height\" content=\"1080\" \/>\n\t<meta property=\"og:image:type\" content=\"image\/png\" \/>\n<meta name=\"author\" content=\"Redazione Italia\" \/>\n<meta name=\"twitter:card\" content=\"summary_large_image\" \/>\n<meta name=\"twitter:creator\" content=\"@pressenza_it\" \/>\n<meta name=\"twitter:site\" content=\"@PressenzaIPA\" \/>\n<meta name=\"twitter:label1\" content=\"Scritto da\" \/>\n\t<meta name=\"twitter:data1\" content=\"Redazione Italia\" \/>\n\t<meta name=\"twitter:label2\" content=\"Tempo di lettura stimato\" \/>\n\t<meta name=\"twitter:data2\" content=\"3 minuti\" \/>\n<script type=\"application\/ld+json\" class=\"yoast-schema-graph\">{\"@context\":\"https:\/\/schema.org\",\"@graph\":[{\"@type\":\"Article\",\"@id\":\"https:\/\/www.pressenza.com\/it\/2024\/03\/yuksel-genc-in-italia-dal-24-al-31-marzo\/#article\",\"isPartOf\":{\"@id\":\"https:\/\/www.pressenza.com\/it\/2024\/03\/yuksel-genc-in-italia-dal-24-al-31-marzo\/\"},\"author\":{\"name\":\"Redazione Italia\",\"@id\":\"https:\/\/www.pressenza.com\/it\/#\/schema\/person\/d983e81827ae24f2c7b1a2123d197f8d\"},\"headline\":\"Yuksel Gen\u00e7 in Italia dal 24 al 31 marzo\",\"datePublished\":\"2024-03-20T13:59:46+00:00\",\"dateModified\":\"2024-03-20T14:06:52+00:00\",\"mainEntityOfPage\":{\"@id\":\"https:\/\/www.pressenza.com\/it\/2024\/03\/yuksel-genc-in-italia-dal-24-al-31-marzo\/\"},\"wordCount\":412,\"publisher\":{\"@id\":\"https:\/\/www.pressenza.com\/it\/#organization\"},\"image\":{\"@id\":\"https:\/\/www.pressenza.com\/it\/2024\/03\/yuksel-genc-in-italia-dal-24-al-31-marzo\/#primaryimage\"},\"thumbnailUrl\":\"https:\/\/www.pressenza.com\/wp-content\/uploads\/2024\/03\/header.png\",\"keywords\":[\"Ankara\",\"Bagdad\",\"Bologna\",\"Brescia\",\"Damasco\",\"guerra\",\"guerriglia curda\",\"Iraq\",\"Kurdistan\",\"libri\",\"Medio Oriente\",\"Milano\",\"Murat Cinar\",\"Newroz\",\"PKK\",\"Roma\",\"Siria\",\"Torino\",\"tour libri\",\"Turchia\",\"yuksel genc\",\"yuksel genc italia\"],\"articleSection\":[\"Comunicati Stampa\",\"Cultura e Media\",\"Internazionale\",\"Medio Oriente\",\"Pace e Disarmo\",\"Politica\",\"Questioni internazionali\"],\"inLanguage\":\"it-IT\"},{\"@type\":\"WebPage\",\"@id\":\"https:\/\/www.pressenza.com\/it\/2024\/03\/yuksel-genc-in-italia-dal-24-al-31-marzo\/\",\"url\":\"https:\/\/www.pressenza.com\/it\/2024\/03\/yuksel-genc-in-italia-dal-24-al-31-marzo\/\",\"name\":\"Yuksel Gen\u00e7 in Italia dal 24 al 31 marzo\",\"isPartOf\":{\"@id\":\"https:\/\/www.pressenza.com\/it\/#website\"},\"primaryImageOfPage\":{\"@id\":\"https:\/\/www.pressenza.com\/it\/2024\/03\/yuksel-genc-in-italia-dal-24-al-31-marzo\/#primaryimage\"},\"image\":{\"@id\":\"https:\/\/www.pressenza.com\/it\/2024\/03\/yuksel-genc-in-italia-dal-24-al-31-marzo\/#primaryimage\"},\"thumbnailUrl\":\"https:\/\/www.pressenza.com\/wp-content\/uploads\/2024\/03\/header.png\",\"datePublished\":\"2024-03-20T13:59:46+00:00\",\"dateModified\":\"2024-03-20T14:06:52+00:00\",\"description\":\"La scrittrice Yuksel Gen\u00e7 sar\u00e0 in Italia dal 24 al 31 marzo per presentare il suo ultimo libro tradotto in italiano, intitolato \\\"Ho lasciato il fucile in\",\"breadcrumb\":{\"@id\":\"https:\/\/www.pressenza.com\/it\/2024\/03\/yuksel-genc-in-italia-dal-24-al-31-marzo\/#breadcrumb\"},\"inLanguage\":\"it-IT\",\"potentialAction\":[{\"@type\":\"ReadAction\",\"target\":[\"https:\/\/www.pressenza.com\/it\/2024\/03\/yuksel-genc-in-italia-dal-24-al-31-marzo\/\"]}]},{\"@type\":\"ImageObject\",\"inLanguage\":\"it-IT\",\"@id\":\"https:\/\/www.pressenza.com\/it\/2024\/03\/yuksel-genc-in-italia-dal-24-al-31-marzo\/#primaryimage\",\"url\":\"https:\/\/www.pressenza.com\/wp-content\/uploads\/2024\/03\/header.png\",\"contentUrl\":\"https:\/\/www.pressenza.com\/wp-content\/uploads\/2024\/03\/header.png\",\"width\":1920,\"height\":1080},{\"@type\":\"BreadcrumbList\",\"@id\":\"https:\/\/www.pressenza.com\/it\/2024\/03\/yuksel-genc-in-italia-dal-24-al-31-marzo\/#breadcrumb\",\"itemListElement\":[{\"@type\":\"ListItem\",\"position\":1,\"name\":\"Accueil\",\"item\":\"https:\/\/www.pressenza.com\/it\/\"},{\"@type\":\"ListItem\",\"position\":2,\"name\":\"Yuksel Gen\u00e7 in Italia dal 24 al 31 marzo\"}]},{\"@type\":\"WebSite\",\"@id\":\"https:\/\/www.pressenza.com\/it\/#website\",\"url\":\"https:\/\/www.pressenza.com\/it\/\",\"name\":\"Pressenza\",\"description\":\"Agenzia di Stampa Internazionale\",\"publisher\":{\"@id\":\"https:\/\/www.pressenza.com\/it\/#organization\"},\"potentialAction\":[{\"@type\":\"SearchAction\",\"target\":{\"@type\":\"EntryPoint\",\"urlTemplate\":\"https:\/\/www.pressenza.com\/it\/?s={search_term_string}\"},\"query-input\":{\"@type\":\"PropertyValueSpecification\",\"valueRequired\":true,\"valueName\":\"search_term_string\"}}],\"inLanguage\":\"it-IT\"},{\"@type\":\"Organization\",\"@id\":\"https:\/\/www.pressenza.com\/it\/#organization\",\"name\":\"Pressenza\",\"url\":\"https:\/\/www.pressenza.com\/it\/\",\"logo\":{\"@type\":\"ImageObject\",\"inLanguage\":\"it-IT\",\"@id\":\"https:\/\/www.pressenza.com\/it\/#\/schema\/logo\/image\/\",\"url\":\"https:\/\/www.pressenza.com\/wp-content\/uploads\/2022\/10\/pressenza_logo_200x200.jpg\",\"contentUrl\":\"https:\/\/www.pressenza.com\/wp-content\/uploads\/2022\/10\/pressenza_logo_200x200.jpg\",\"width\":200,\"height\":200,\"caption\":\"Pressenza\"},\"image\":{\"@id\":\"https:\/\/www.pressenza.com\/it\/#\/schema\/logo\/image\/\"},\"sameAs\":[\"https:\/\/www.facebook.com\/PressenzaItalia\",\"https:\/\/x.com\/PressenzaIPA\"]},{\"@type\":\"Person\",\"@id\":\"https:\/\/www.pressenza.com\/it\/#\/schema\/person\/d983e81827ae24f2c7b1a2123d197f8d\",\"name\":\"Redazione Italia\",\"description\":\"News from the Pressenza Bureau in Italy\",\"sameAs\":[\"https:\/\/www.pressenza.com\/it\/author\/redazione-italia\/\",\"https:\/\/www.facebook.com\/PressenzaItalia\",\"https:\/\/www.instagram.com\/pressenza_italia\/\",\"https:\/\/x.com\/pressenza_it\",\"https:\/\/www.youtube.com\/channel\/UCSalEIWjE1RSxkwjfftFuqg\"],\"url\":\"https:\/\/www.pressenza.com\/it\/author\/redazione-italia\/\"}]}<\/script>\n<!-- \/ Yoast SEO plugin. -->","yoast_head_json":{"title":"Yuksel Gen\u00e7 in Italia dal 24 al 31 marzo","description":"La scrittrice Yuksel Gen\u00e7 sar\u00e0 in Italia dal 24 al 31 marzo per presentare il suo ultimo libro tradotto in italiano, intitolato \"Ho lasciato il fucile in","robots":{"index":"index","follow":"follow","max-snippet":"max-snippet:-1","max-image-preview":"max-image-preview:large","max-video-preview":"max-video-preview:-1"},"canonical":"https:\/\/www.pressenza.com\/it\/2024\/03\/yuksel-genc-in-italia-dal-24-al-31-marzo\/","og_locale":"it_IT","og_type":"article","og_title":"Yuksel Gen\u00e7 in Italia dal 24 al 31 marzo","og_description":"La scrittrice Yuksel Gen\u00e7 sar\u00e0 in Italia dal 24 al 31 marzo per presentare il suo ultimo libro tradotto in italiano, intitolato \"Ho lasciato il fucile in","og_url":"https:\/\/www.pressenza.com\/it\/2024\/03\/yuksel-genc-in-italia-dal-24-al-31-marzo\/","og_site_name":"Pressenza","article_publisher":"https:\/\/www.facebook.com\/PressenzaItalia","article_author":"https:\/\/www.facebook.com\/PressenzaItalia","article_published_time":"2024-03-20T13:59:46+00:00","article_modified_time":"2024-03-20T14:06:52+00:00","og_image":[{"width":1920,"height":1080,"url":"https:\/\/www.pressenza.com\/wp-content\/uploads\/2024\/03\/header.png","type":"image\/png"}],"author":"Redazione Italia","twitter_card":"summary_large_image","twitter_creator":"@pressenza_it","twitter_site":"@PressenzaIPA","twitter_misc":{"Scritto da":"Redazione Italia","Tempo di lettura stimato":"3 minuti"},"schema":{"@context":"https:\/\/schema.org","@graph":[{"@type":"Article","@id":"https:\/\/www.pressenza.com\/it\/2024\/03\/yuksel-genc-in-italia-dal-24-al-31-marzo\/#article","isPartOf":{"@id":"https:\/\/www.pressenza.com\/it\/2024\/03\/yuksel-genc-in-italia-dal-24-al-31-marzo\/"},"author":{"name":"Redazione Italia","@id":"https:\/\/www.pressenza.com\/it\/#\/schema\/person\/d983e81827ae24f2c7b1a2123d197f8d"},"headline":"Yuksel Gen\u00e7 in Italia dal 24 al 31 marzo","datePublished":"2024-03-20T13:59:46+00:00","dateModified":"2024-03-20T14:06:52+00:00","mainEntityOfPage":{"@id":"https:\/\/www.pressenza.com\/it\/2024\/03\/yuksel-genc-in-italia-dal-24-al-31-marzo\/"},"wordCount":412,"publisher":{"@id":"https:\/\/www.pressenza.com\/it\/#organization"},"image":{"@id":"https:\/\/www.pressenza.com\/it\/2024\/03\/yuksel-genc-in-italia-dal-24-al-31-marzo\/#primaryimage"},"thumbnailUrl":"https:\/\/www.pressenza.com\/wp-content\/uploads\/2024\/03\/header.png","keywords":["Ankara","Bagdad","Bologna","Brescia","Damasco","guerra","guerriglia curda","Iraq","Kurdistan","libri","Medio Oriente","Milano","Murat Cinar","Newroz","PKK","Roma","Siria","Torino","tour libri","Turchia","yuksel genc","yuksel genc italia"],"articleSection":["Comunicati Stampa","Cultura e Media","Internazionale","Medio Oriente","Pace e Disarmo","Politica","Questioni internazionali"],"inLanguage":"it-IT"},{"@type":"WebPage","@id":"https:\/\/www.pressenza.com\/it\/2024\/03\/yuksel-genc-in-italia-dal-24-al-31-marzo\/","url":"https:\/\/www.pressenza.com\/it\/2024\/03\/yuksel-genc-in-italia-dal-24-al-31-marzo\/","name":"Yuksel Gen\u00e7 in Italia dal 24 al 31 marzo","isPartOf":{"@id":"https:\/\/www.pressenza.com\/it\/#website"},"primaryImageOfPage":{"@id":"https:\/\/www.pressenza.com\/it\/2024\/03\/yuksel-genc-in-italia-dal-24-al-31-marzo\/#primaryimage"},"image":{"@id":"https:\/\/www.pressenza.com\/it\/2024\/03\/yuksel-genc-in-italia-dal-24-al-31-marzo\/#primaryimage"},"thumbnailUrl":"https:\/\/www.pressenza.com\/wp-content\/uploads\/2024\/03\/header.png","datePublished":"2024-03-20T13:59:46+00:00","dateModified":"2024-03-20T14:06:52+00:00","description":"La scrittrice Yuksel Gen\u00e7 sar\u00e0 in Italia dal 24 al 31 marzo per presentare il suo ultimo libro tradotto in italiano, intitolato \"Ho lasciato il fucile in","breadcrumb":{"@id":"https:\/\/www.pressenza.com\/it\/2024\/03\/yuksel-genc-in-italia-dal-24-al-31-marzo\/#breadcrumb"},"inLanguage":"it-IT","potentialAction":[{"@type":"ReadAction","target":["https:\/\/www.pressenza.com\/it\/2024\/03\/yuksel-genc-in-italia-dal-24-al-31-marzo\/"]}]},{"@type":"ImageObject","inLanguage":"it-IT","@id":"https:\/\/www.pressenza.com\/it\/2024\/03\/yuksel-genc-in-italia-dal-24-al-31-marzo\/#primaryimage","url":"https:\/\/www.pressenza.com\/wp-content\/uploads\/2024\/03\/header.png","contentUrl":"https:\/\/www.pressenza.com\/wp-content\/uploads\/2024\/03\/header.png","width":1920,"height":1080},{"@type":"BreadcrumbList","@id":"https:\/\/www.pressenza.com\/it\/2024\/03\/yuksel-genc-in-italia-dal-24-al-31-marzo\/#breadcrumb","itemListElement":[{"@type":"ListItem","position":1,"name":"Accueil","item":"https:\/\/www.pressenza.com\/it\/"},{"@type":"ListItem","position":2,"name":"Yuksel Gen\u00e7 in Italia dal 24 al 31 marzo"}]},{"@type":"WebSite","@id":"https:\/\/www.pressenza.com\/it\/#website","url":"https:\/\/www.pressenza.com\/it\/","name":"Pressenza","description":"Agenzia di Stampa Internazionale","publisher":{"@id":"https:\/\/www.pressenza.com\/it\/#organization"},"potentialAction":[{"@type":"SearchAction","target":{"@type":"EntryPoint","urlTemplate":"https:\/\/www.pressenza.com\/it\/?s={search_term_string}"},"query-input":{"@type":"PropertyValueSpecification","valueRequired":true,"valueName":"search_term_string"}}],"inLanguage":"it-IT"},{"@type":"Organization","@id":"https:\/\/www.pressenza.com\/it\/#organization","name":"Pressenza","url":"https:\/\/www.pressenza.com\/it\/","logo":{"@type":"ImageObject","inLanguage":"it-IT","@id":"https:\/\/www.pressenza.com\/it\/#\/schema\/logo\/image\/","url":"https:\/\/www.pressenza.com\/wp-content\/uploads\/2022\/10\/pressenza_logo_200x200.jpg","contentUrl":"https:\/\/www.pressenza.com\/wp-content\/uploads\/2022\/10\/pressenza_logo_200x200.jpg","width":200,"height":200,"caption":"Pressenza"},"image":{"@id":"https:\/\/www.pressenza.com\/it\/#\/schema\/logo\/image\/"},"sameAs":["https:\/\/www.facebook.com\/PressenzaItalia","https:\/\/x.com\/PressenzaIPA"]},{"@type":"Person","@id":"https:\/\/www.pressenza.com\/it\/#\/schema\/person\/d983e81827ae24f2c7b1a2123d197f8d","name":"Redazione Italia","description":"News from the Pressenza Bureau in Italy","sameAs":["https:\/\/www.pressenza.com\/it\/author\/redazione-italia\/","https:\/\/www.facebook.com\/PressenzaItalia","https:\/\/www.instagram.com\/pressenza_italia\/","https:\/\/x.com\/pressenza_it","https:\/\/www.youtube.com\/channel\/UCSalEIWjE1RSxkwjfftFuqg"],"url":"https:\/\/www.pressenza.com\/it\/author\/redazione-italia\/"}]}},"place":"","original_article_url":"","_links":{"self":[{"href":"https:\/\/www.pressenza.com\/it\/wp-json\/wp\/v2\/posts\/1833425","targetHints":{"allow":["GET"]}}],"collection":[{"href":"https:\/\/www.pressenza.com\/it\/wp-json\/wp\/v2\/posts"}],"about":[{"href":"https:\/\/www.pressenza.com\/it\/wp-json\/wp\/v2\/types\/post"}],"author":[{"embeddable":true,"href":"https:\/\/www.pressenza.com\/it\/wp-json\/wp\/v2\/users\/594"}],"replies":[{"embeddable":true,"href":"https:\/\/www.pressenza.com\/it\/wp-json\/wp\/v2\/comments?post=1833425"}],"version-history":[{"count":0,"href":"https:\/\/www.pressenza.com\/it\/wp-json\/wp\/v2\/posts\/1833425\/revisions"}],"wp:featuredmedia":[{"embeddable":true,"href":"https:\/\/www.pressenza.com\/it\/wp-json\/wp\/v2\/media\/1833428"}],"wp:attachment":[{"href":"https:\/\/www.pressenza.com\/it\/wp-json\/wp\/v2\/media?parent=1833425"}],"wp:term":[{"taxonomy":"category","embeddable":true,"href":"https:\/\/www.pressenza.com\/it\/wp-json\/wp\/v2\/categories?post=1833425"},{"taxonomy":"post_tag","embeddable":true,"href":"https:\/\/www.pressenza.com\/it\/wp-json\/wp\/v2\/tags?post=1833425"}],"curies":[{"name":"wp","href":"https:\/\/api.w.org\/{rel}","templated":true}]}}