{"id":1833127,"date":"2024-03-23T14:27:13","date_gmt":"2024-03-23T14:27:13","guid":{"rendered":"https:\/\/www.pressenza.com\/?p=1833127"},"modified":"2024-03-23T14:27:13","modified_gmt":"2024-03-23T14:27:13","slug":"rio-negro-argentina-sgombero-imminente-del-lof-mapuche-coronado-inalef","status":"publish","type":"post","link":"https:\/\/www.pressenza.com\/it\/2024\/03\/rio-negro-argentina-sgombero-imminente-del-lof-mapuche-coronado-inalef\/","title":{"rendered":"Rio Negro, Argentina: sgombero imminente del Lof Mapuche Coronado Inalef"},"content":{"rendered":"<p>In palese violazione della legislazione vigente, il sistema giudiziario di R\u00edo Negro, con l&#8217;azione del Procuratore Francisco Arrien, si prepara a sfrattare la comunit\u00e0 Coronado-Inalef questo marted\u00ec 19 marzo dai 7 (SETTE) ettari a cui si \u00e8 ridotto il suo territorio in anni di abusi e vessazioni. Riportiamo di seguito il comunicato della Regione Nordest del Chubut dell&#8217;APDH\u00b9 che denuncia i fatti. Inoltre, alla fine del testo, \u00e8 possibile scaricare la presentazione del CELS\u00b2 con abbondanti motivazioni giuridiche di rifiuto del provvedimento giudiziario.<\/p>\n<p>&nbsp;<\/p>\n<p>Comarca Andina, 18 marzo 2024<\/p>\n<p>Comunicato di rifiuto: Imminente sfratto del Lof (comunit\u00e0) Coronado Inalef: un&#8217;altra ingiustizia nella regione.<\/p>\n<p>Il Lof (Comunit\u00e0) Mapuche Coronado Inalef di Mall\u00edn Ahogado sta per essere sfrattato da una parte del suo territorio dalla &#8220;Giustizia&#8221; di R\u00edo Negro.<\/p>\n<p>L&#8217;ordine del giudice Juan Pablo Laurence, ratificato dal giudice Juan Martin Arroyo, sar\u00e0 eseguito oggi. Il responsabile dell&#8217;esecuzione di questo nuovo oltraggio al popolo Mapuche sar\u00e0 il procuratore Francisco Arrien.<\/p>\n<p>&#8220;Viviamo in questo territorio da cinque generazioni&#8221;. &#8220;Nostra madre \u00e8 nata qui e ha 93 anni&#8230;&#8221;. &#8220;Se il Procuratore avesse indagato, avrebbe visto tutta la nostra documentazione e tutte le ingiustizie che sono state commesse qui&#8221;.<\/p>\n<p>Queste sono le parole delle figlie e delle nipoti di Do\u00f1a Sara Inalef, in attesa dello sfratto. La comunit\u00e0 \u00e8 composta per lo pi\u00f9 da donne.<\/p>\n<p>Nel frattempo, a pochi chilometri di distanza, Joe Lewis sta disobbedendo alle sentenze del tribunale che ordinano l&#8217;apertura della strada che porta al Lago Escondido. Pi\u00f9 a est, capitali provenienti dal Qatar stanno recintando le sorgenti del fiume Chubut e circondando i pascoli estivi delle comunit\u00e0. Nessuno sa come questi capitali siano diventati proprietari di migliaia di ettari. Ci sono denunce e richieste al sistema giudiziario per scoprirlo, ma tutto procede molto lentamente e nessun pubblico ministero ha mai pensato di avviare un&#8217;indagine.<\/p>\n<p>Recentemente, la legislatura di R\u00edo Negro ha riformato la Legge Fondiaria, senza rispettare la Consultazione Libera, Preventiva e Informata delle comunit\u00e0 Mapuche. Tutto indica che la riforma mira ad avanzare sui loro territori con l&#8217;estrattivismo e a permettere a capitali stranieri di acquistare la terra.<\/p>\n<p>Recentemente, il Consiglio comunale di El Bols\u00f3n ha approvato un&#8217;ordinanza che cambia la destinazione d&#8217;uso dei terreni di Mall\u00edn Ahogado: i terreni rurali diventano edificabili; in altre parole, oggetto di operazioni immobiliari. Che questo abbia a che fare con l&#8217;urgenza di sfrattare il Lof Coronado Inalef?<\/p>\n<p>Nel frattempo, il procuratore Arrien si sta preparando a usare la forza pubblica contro donne e bambini che difendono 7 ettari del loro territorio ancestrale sottratti con frode e inganno. Avrebbe potuto indagare, avrebbe potuto concentrarsi sui diritti economici, sociali e culturali dei Lof, ma lui \u00e8 l\u00ec per qualcos&#8217;altro. Il suo ruolo \u00e8 quello di essere uno strumento di esproprio per gli interessi immobiliari.<\/p>\n<p>Ripudiamo le azioni del sistema giudiziario di R\u00edo Negro per quanto riguarda i diritti dei popoli nativi. Chiediamo un cambiamento in questo orientamento che porta solo pi\u00f9 dolore e ingiustizia. Chiediamo che i conflitti territoriali siano trattati secondo il paradigma del diritto indigeno e non nei tribunali penali.<\/p>\n<p>Tutto il nostro incoraggiamento e sostegno al Lof Coronado Inalef. Siamo con voi!<\/p>\n<p>\u00b9 APDH: Asamblea Permanente de Derechos Humanos (Assemblea Permanente dei Diritti Umani)<br \/>\n\u00b2 CELS: Centro de Estudios Legales y Sociales (Centro di Studi Legali e Sociali)<\/p>\n<p>Da <a href=\"https:\/\/www.pressenza.com\/wp-content\/uploads\/2024\/03\/PRESENTACION-CELS-POR-LOF-INALEF-DR.-ARRIEN-.pdf\">qui<\/a> \u00e8 possibile scaricare la presentazione del CELS<\/p>\n","protected":false},"excerpt":{"rendered":"<p>In palese violazione della legislazione vigente, il sistema giudiziario di R\u00edo Negro, con l&#8217;azione del Procuratore Francisco Arrien, si prepara a sfrattare la comunit\u00e0 Coronado-Inalef questo marted\u00ec 19 marzo dai 7 (SETTE) ettari a cui si \u00e8 ridotto il suo&hellip;<\/p>\n","protected":false},"author":1254,"featured_media":1833129,"comment_status":"closed","ping_status":"closed","sticky":false,"template":"","format":"standard","meta":{"footnotes":""},"categories":[150,107392,60,61,48],"tags":[121240,80580,26592,121241,121242],"class_list":["post-1833127","post","type-post","status-publish","format-standard","has-post-thumbnail","hentry","category-comunicati-stampa","category-noticia-it","category-diritti-umani","category-popoli-aborigeni","category-sud-america","tag-coronado-inalef-it","tag-popolo-mapuche","tag-pueblos-originarios-it","tag-rio-negro-it","tag-wall-mapu-it"],"yoast_head":"<!-- This site is optimized with the Yoast SEO plugin v27.1.1 - https:\/\/yoast.com\/product\/yoast-seo-wordpress\/ -->\n<title>Rio Negro, Argentina: sgombero imminente del Lof Mapuche Coronado Inalef<\/title>\n<meta name=\"description\" content=\"In palese violazione della legislazione vigente, il sistema giudiziario di R\u00edo Negro, con l&#039;azione del Procuratore Francisco Arrien, si prepara a\" \/>\n<meta name=\"robots\" content=\"index, follow, max-snippet:-1, max-image-preview:large, max-video-preview:-1\" \/>\n<link rel=\"canonical\" href=\"https:\/\/www.pressenza.com\/it\/2024\/03\/rio-negro-argentina-sgombero-imminente-del-lof-mapuche-coronado-inalef\/\" \/>\n<meta property=\"og:locale\" content=\"it_IT\" \/>\n<meta property=\"og:type\" content=\"article\" \/>\n<meta property=\"og:title\" content=\"Rio Negro, Argentina: sgombero imminente del Lof Mapuche Coronado Inalef\" \/>\n<meta property=\"og:description\" content=\"In palese violazione della legislazione vigente, il sistema giudiziario di R\u00edo Negro, con l&#039;azione del Procuratore Francisco Arrien, si prepara a\" \/>\n<meta property=\"og:url\" content=\"https:\/\/www.pressenza.com\/it\/2024\/03\/rio-negro-argentina-sgombero-imminente-del-lof-mapuche-coronado-inalef\/\" \/>\n<meta property=\"og:site_name\" content=\"Pressenza\" \/>\n<meta property=\"article:publisher\" content=\"https:\/\/www.facebook.com\/PressenzaItalia\" \/>\n<meta property=\"article:author\" content=\"https:\/\/www.facebook.com\/pressenza\" \/>\n<meta property=\"article:published_time\" content=\"2024-03-23T14:27:13+00:00\" \/>\n<meta property=\"og:image\" content=\"https:\/\/www.pressenza.com\/wp-content\/uploads\/2024\/03\/inalef-la-chamiza.jpeg\" \/>\n\t<meta property=\"og:image:width\" content=\"1024\" \/>\n\t<meta property=\"og:image:height\" content=\"768\" \/>\n\t<meta property=\"og:image:type\" content=\"image\/jpeg\" \/>\n<meta name=\"author\" content=\"Redacci\u00f3n Mar del Plata\" \/>\n<meta name=\"twitter:card\" content=\"summary_large_image\" \/>\n<meta name=\"twitter:creator\" content=\"@Pressenza\" \/>\n<meta name=\"twitter:site\" content=\"@PressenzaIPA\" \/>\n<meta name=\"twitter:label1\" content=\"Scritto da\" \/>\n\t<meta name=\"twitter:data1\" content=\"Redacci\u00f3n Mar del Plata\" \/>\n\t<meta name=\"twitter:label2\" content=\"Tempo di lettura stimato\" \/>\n\t<meta name=\"twitter:data2\" content=\"3 minuti\" \/>\n<script type=\"application\/ld+json\" class=\"yoast-schema-graph\">{\"@context\":\"https:\/\/schema.org\",\"@graph\":[{\"@type\":\"Article\",\"@id\":\"https:\/\/www.pressenza.com\/it\/2024\/03\/rio-negro-argentina-sgombero-imminente-del-lof-mapuche-coronado-inalef\/#article\",\"isPartOf\":{\"@id\":\"https:\/\/www.pressenza.com\/it\/2024\/03\/rio-negro-argentina-sgombero-imminente-del-lof-mapuche-coronado-inalef\/\"},\"author\":{\"name\":\"Redacci\u00f3n Mar del Plata\",\"@id\":\"https:\/\/www.pressenza.com\/it\/#\/schema\/person\/738658b5125ecea661a8a0b96dba8b69\"},\"headline\":\"Rio Negro, Argentina: sgombero imminente del Lof Mapuche Coronado Inalef\",\"datePublished\":\"2024-03-23T14:27:13+00:00\",\"mainEntityOfPage\":{\"@id\":\"https:\/\/www.pressenza.com\/it\/2024\/03\/rio-negro-argentina-sgombero-imminente-del-lof-mapuche-coronado-inalef\/\"},\"wordCount\":569,\"publisher\":{\"@id\":\"https:\/\/www.pressenza.com\/it\/#organization\"},\"image\":{\"@id\":\"https:\/\/www.pressenza.com\/it\/2024\/03\/rio-negro-argentina-sgombero-imminente-del-lof-mapuche-coronado-inalef\/#primaryimage\"},\"thumbnailUrl\":\"https:\/\/www.pressenza.com\/wp-content\/uploads\/2024\/03\/inalef-la-chamiza.jpeg\",\"keywords\":[\"Coronado Inalef\",\"Popolo Mapuche\",\"Pueblos Originarios\",\"R\u00edo Negro\",\"Wall Mapu\"],\"articleSection\":[\"Comunicati Stampa\",\"Cronaca\",\"Diritti Umani\",\"Popoli originari\",\"Sud America\"],\"inLanguage\":\"it-IT\"},{\"@type\":\"WebPage\",\"@id\":\"https:\/\/www.pressenza.com\/it\/2024\/03\/rio-negro-argentina-sgombero-imminente-del-lof-mapuche-coronado-inalef\/\",\"url\":\"https:\/\/www.pressenza.com\/it\/2024\/03\/rio-negro-argentina-sgombero-imminente-del-lof-mapuche-coronado-inalef\/\",\"name\":\"Rio Negro, Argentina: sgombero imminente del Lof Mapuche Coronado Inalef\",\"isPartOf\":{\"@id\":\"https:\/\/www.pressenza.com\/it\/#website\"},\"primaryImageOfPage\":{\"@id\":\"https:\/\/www.pressenza.com\/it\/2024\/03\/rio-negro-argentina-sgombero-imminente-del-lof-mapuche-coronado-inalef\/#primaryimage\"},\"image\":{\"@id\":\"https:\/\/www.pressenza.com\/it\/2024\/03\/rio-negro-argentina-sgombero-imminente-del-lof-mapuche-coronado-inalef\/#primaryimage\"},\"thumbnailUrl\":\"https:\/\/www.pressenza.com\/wp-content\/uploads\/2024\/03\/inalef-la-chamiza.jpeg\",\"datePublished\":\"2024-03-23T14:27:13+00:00\",\"description\":\"In palese violazione della legislazione vigente, il sistema giudiziario di R\u00edo Negro, con l'azione del Procuratore Francisco Arrien, si prepara a\",\"breadcrumb\":{\"@id\":\"https:\/\/www.pressenza.com\/it\/2024\/03\/rio-negro-argentina-sgombero-imminente-del-lof-mapuche-coronado-inalef\/#breadcrumb\"},\"inLanguage\":\"it-IT\",\"potentialAction\":[{\"@type\":\"ReadAction\",\"target\":[\"https:\/\/www.pressenza.com\/it\/2024\/03\/rio-negro-argentina-sgombero-imminente-del-lof-mapuche-coronado-inalef\/\"]}]},{\"@type\":\"ImageObject\",\"inLanguage\":\"it-IT\",\"@id\":\"https:\/\/www.pressenza.com\/it\/2024\/03\/rio-negro-argentina-sgombero-imminente-del-lof-mapuche-coronado-inalef\/#primaryimage\",\"url\":\"https:\/\/www.pressenza.com\/wp-content\/uploads\/2024\/03\/inalef-la-chamiza.jpeg\",\"contentUrl\":\"https:\/\/www.pressenza.com\/wp-content\/uploads\/2024\/03\/inalef-la-chamiza.jpeg\",\"width\":1024,\"height\":768},{\"@type\":\"BreadcrumbList\",\"@id\":\"https:\/\/www.pressenza.com\/it\/2024\/03\/rio-negro-argentina-sgombero-imminente-del-lof-mapuche-coronado-inalef\/#breadcrumb\",\"itemListElement\":[{\"@type\":\"ListItem\",\"position\":1,\"name\":\"Accueil\",\"item\":\"https:\/\/www.pressenza.com\/it\/\"},{\"@type\":\"ListItem\",\"position\":2,\"name\":\"Rio Negro, Argentina: sgombero imminente del Lof Mapuche Coronado Inalef\"}]},{\"@type\":\"WebSite\",\"@id\":\"https:\/\/www.pressenza.com\/it\/#website\",\"url\":\"https:\/\/www.pressenza.com\/it\/\",\"name\":\"Pressenza\",\"description\":\"Agenzia di Stampa Internazionale\",\"publisher\":{\"@id\":\"https:\/\/www.pressenza.com\/it\/#organization\"},\"potentialAction\":[{\"@type\":\"SearchAction\",\"target\":{\"@type\":\"EntryPoint\",\"urlTemplate\":\"https:\/\/www.pressenza.com\/it\/?s={search_term_string}\"},\"query-input\":{\"@type\":\"PropertyValueSpecification\",\"valueRequired\":true,\"valueName\":\"search_term_string\"}}],\"inLanguage\":\"it-IT\"},{\"@type\":\"Organization\",\"@id\":\"https:\/\/www.pressenza.com\/it\/#organization\",\"name\":\"Pressenza\",\"url\":\"https:\/\/www.pressenza.com\/it\/\",\"logo\":{\"@type\":\"ImageObject\",\"inLanguage\":\"it-IT\",\"@id\":\"https:\/\/www.pressenza.com\/it\/#\/schema\/logo\/image\/\",\"url\":\"https:\/\/www.pressenza.com\/wp-content\/uploads\/2022\/10\/pressenza_logo_200x200.jpg\",\"contentUrl\":\"https:\/\/www.pressenza.com\/wp-content\/uploads\/2022\/10\/pressenza_logo_200x200.jpg\",\"width\":200,\"height\":200,\"caption\":\"Pressenza\"},\"image\":{\"@id\":\"https:\/\/www.pressenza.com\/it\/#\/schema\/logo\/image\/\"},\"sameAs\":[\"https:\/\/www.facebook.com\/PressenzaItalia\",\"https:\/\/x.com\/PressenzaIPA\"]},{\"@type\":\"Person\",\"@id\":\"https:\/\/www.pressenza.com\/it\/#\/schema\/person\/738658b5125ecea661a8a0b96dba8b69\",\"name\":\"Redacci\u00f3n Mar del Plata\",\"description\":\"News published by the Pressenza bureau in Mar Del Plata, Argentina\",\"sameAs\":[\"https:\/\/www.facebook.com\/pressenza\",\"https:\/\/x.com\/Pressenza\"],\"url\":\"https:\/\/www.pressenza.com\/it\/author\/redaccion-mar-del-plata\/\"}]}<\/script>\n<!-- \/ Yoast SEO plugin. -->","yoast_head_json":{"title":"Rio Negro, Argentina: sgombero imminente del Lof Mapuche Coronado Inalef","description":"In palese violazione della legislazione vigente, il sistema giudiziario di R\u00edo Negro, con l'azione del Procuratore Francisco Arrien, si prepara a","robots":{"index":"index","follow":"follow","max-snippet":"max-snippet:-1","max-image-preview":"max-image-preview:large","max-video-preview":"max-video-preview:-1"},"canonical":"https:\/\/www.pressenza.com\/it\/2024\/03\/rio-negro-argentina-sgombero-imminente-del-lof-mapuche-coronado-inalef\/","og_locale":"it_IT","og_type":"article","og_title":"Rio Negro, Argentina: sgombero imminente del Lof Mapuche Coronado Inalef","og_description":"In palese violazione della legislazione vigente, il sistema giudiziario di R\u00edo Negro, con l'azione del Procuratore Francisco Arrien, si prepara a","og_url":"https:\/\/www.pressenza.com\/it\/2024\/03\/rio-negro-argentina-sgombero-imminente-del-lof-mapuche-coronado-inalef\/","og_site_name":"Pressenza","article_publisher":"https:\/\/www.facebook.com\/PressenzaItalia","article_author":"https:\/\/www.facebook.com\/pressenza","article_published_time":"2024-03-23T14:27:13+00:00","og_image":[{"width":1024,"height":768,"url":"https:\/\/www.pressenza.com\/wp-content\/uploads\/2024\/03\/inalef-la-chamiza.jpeg","type":"image\/jpeg"}],"author":"Redacci\u00f3n Mar del Plata","twitter_card":"summary_large_image","twitter_creator":"@Pressenza","twitter_site":"@PressenzaIPA","twitter_misc":{"Scritto da":"Redacci\u00f3n Mar del Plata","Tempo di lettura stimato":"3 minuti"},"schema":{"@context":"https:\/\/schema.org","@graph":[{"@type":"Article","@id":"https:\/\/www.pressenza.com\/it\/2024\/03\/rio-negro-argentina-sgombero-imminente-del-lof-mapuche-coronado-inalef\/#article","isPartOf":{"@id":"https:\/\/www.pressenza.com\/it\/2024\/03\/rio-negro-argentina-sgombero-imminente-del-lof-mapuche-coronado-inalef\/"},"author":{"name":"Redacci\u00f3n Mar del Plata","@id":"https:\/\/www.pressenza.com\/it\/#\/schema\/person\/738658b5125ecea661a8a0b96dba8b69"},"headline":"Rio Negro, Argentina: sgombero imminente del Lof Mapuche Coronado Inalef","datePublished":"2024-03-23T14:27:13+00:00","mainEntityOfPage":{"@id":"https:\/\/www.pressenza.com\/it\/2024\/03\/rio-negro-argentina-sgombero-imminente-del-lof-mapuche-coronado-inalef\/"},"wordCount":569,"publisher":{"@id":"https:\/\/www.pressenza.com\/it\/#organization"},"image":{"@id":"https:\/\/www.pressenza.com\/it\/2024\/03\/rio-negro-argentina-sgombero-imminente-del-lof-mapuche-coronado-inalef\/#primaryimage"},"thumbnailUrl":"https:\/\/www.pressenza.com\/wp-content\/uploads\/2024\/03\/inalef-la-chamiza.jpeg","keywords":["Coronado Inalef","Popolo Mapuche","Pueblos Originarios","R\u00edo Negro","Wall Mapu"],"articleSection":["Comunicati Stampa","Cronaca","Diritti Umani","Popoli originari","Sud America"],"inLanguage":"it-IT"},{"@type":"WebPage","@id":"https:\/\/www.pressenza.com\/it\/2024\/03\/rio-negro-argentina-sgombero-imminente-del-lof-mapuche-coronado-inalef\/","url":"https:\/\/www.pressenza.com\/it\/2024\/03\/rio-negro-argentina-sgombero-imminente-del-lof-mapuche-coronado-inalef\/","name":"Rio Negro, Argentina: sgombero imminente del Lof Mapuche Coronado Inalef","isPartOf":{"@id":"https:\/\/www.pressenza.com\/it\/#website"},"primaryImageOfPage":{"@id":"https:\/\/www.pressenza.com\/it\/2024\/03\/rio-negro-argentina-sgombero-imminente-del-lof-mapuche-coronado-inalef\/#primaryimage"},"image":{"@id":"https:\/\/www.pressenza.com\/it\/2024\/03\/rio-negro-argentina-sgombero-imminente-del-lof-mapuche-coronado-inalef\/#primaryimage"},"thumbnailUrl":"https:\/\/www.pressenza.com\/wp-content\/uploads\/2024\/03\/inalef-la-chamiza.jpeg","datePublished":"2024-03-23T14:27:13+00:00","description":"In palese violazione della legislazione vigente, il sistema giudiziario di R\u00edo Negro, con l'azione del Procuratore Francisco Arrien, si prepara a","breadcrumb":{"@id":"https:\/\/www.pressenza.com\/it\/2024\/03\/rio-negro-argentina-sgombero-imminente-del-lof-mapuche-coronado-inalef\/#breadcrumb"},"inLanguage":"it-IT","potentialAction":[{"@type":"ReadAction","target":["https:\/\/www.pressenza.com\/it\/2024\/03\/rio-negro-argentina-sgombero-imminente-del-lof-mapuche-coronado-inalef\/"]}]},{"@type":"ImageObject","inLanguage":"it-IT","@id":"https:\/\/www.pressenza.com\/it\/2024\/03\/rio-negro-argentina-sgombero-imminente-del-lof-mapuche-coronado-inalef\/#primaryimage","url":"https:\/\/www.pressenza.com\/wp-content\/uploads\/2024\/03\/inalef-la-chamiza.jpeg","contentUrl":"https:\/\/www.pressenza.com\/wp-content\/uploads\/2024\/03\/inalef-la-chamiza.jpeg","width":1024,"height":768},{"@type":"BreadcrumbList","@id":"https:\/\/www.pressenza.com\/it\/2024\/03\/rio-negro-argentina-sgombero-imminente-del-lof-mapuche-coronado-inalef\/#breadcrumb","itemListElement":[{"@type":"ListItem","position":1,"name":"Accueil","item":"https:\/\/www.pressenza.com\/it\/"},{"@type":"ListItem","position":2,"name":"Rio Negro, Argentina: sgombero imminente del Lof Mapuche Coronado Inalef"}]},{"@type":"WebSite","@id":"https:\/\/www.pressenza.com\/it\/#website","url":"https:\/\/www.pressenza.com\/it\/","name":"Pressenza","description":"Agenzia di Stampa Internazionale","publisher":{"@id":"https:\/\/www.pressenza.com\/it\/#organization"},"potentialAction":[{"@type":"SearchAction","target":{"@type":"EntryPoint","urlTemplate":"https:\/\/www.pressenza.com\/it\/?s={search_term_string}"},"query-input":{"@type":"PropertyValueSpecification","valueRequired":true,"valueName":"search_term_string"}}],"inLanguage":"it-IT"},{"@type":"Organization","@id":"https:\/\/www.pressenza.com\/it\/#organization","name":"Pressenza","url":"https:\/\/www.pressenza.com\/it\/","logo":{"@type":"ImageObject","inLanguage":"it-IT","@id":"https:\/\/www.pressenza.com\/it\/#\/schema\/logo\/image\/","url":"https:\/\/www.pressenza.com\/wp-content\/uploads\/2022\/10\/pressenza_logo_200x200.jpg","contentUrl":"https:\/\/www.pressenza.com\/wp-content\/uploads\/2022\/10\/pressenza_logo_200x200.jpg","width":200,"height":200,"caption":"Pressenza"},"image":{"@id":"https:\/\/www.pressenza.com\/it\/#\/schema\/logo\/image\/"},"sameAs":["https:\/\/www.facebook.com\/PressenzaItalia","https:\/\/x.com\/PressenzaIPA"]},{"@type":"Person","@id":"https:\/\/www.pressenza.com\/it\/#\/schema\/person\/738658b5125ecea661a8a0b96dba8b69","name":"Redacci\u00f3n Mar del Plata","description":"News published by the Pressenza bureau in Mar Del Plata, Argentina","sameAs":["https:\/\/www.facebook.com\/pressenza","https:\/\/x.com\/Pressenza"],"url":"https:\/\/www.pressenza.com\/it\/author\/redaccion-mar-del-plata\/"}]}},"place":"","original_article_url":"","_links":{"self":[{"href":"https:\/\/www.pressenza.com\/it\/wp-json\/wp\/v2\/posts\/1833127","targetHints":{"allow":["GET"]}}],"collection":[{"href":"https:\/\/www.pressenza.com\/it\/wp-json\/wp\/v2\/posts"}],"about":[{"href":"https:\/\/www.pressenza.com\/it\/wp-json\/wp\/v2\/types\/post"}],"author":[{"embeddable":true,"href":"https:\/\/www.pressenza.com\/it\/wp-json\/wp\/v2\/users\/1254"}],"replies":[{"embeddable":true,"href":"https:\/\/www.pressenza.com\/it\/wp-json\/wp\/v2\/comments?post=1833127"}],"version-history":[{"count":0,"href":"https:\/\/www.pressenza.com\/it\/wp-json\/wp\/v2\/posts\/1833127\/revisions"}],"wp:featuredmedia":[{"embeddable":true,"href":"https:\/\/www.pressenza.com\/it\/wp-json\/wp\/v2\/media\/1833129"}],"wp:attachment":[{"href":"https:\/\/www.pressenza.com\/it\/wp-json\/wp\/v2\/media?parent=1833127"}],"wp:term":[{"taxonomy":"category","embeddable":true,"href":"https:\/\/www.pressenza.com\/it\/wp-json\/wp\/v2\/categories?post=1833127"},{"taxonomy":"post_tag","embeddable":true,"href":"https:\/\/www.pressenza.com\/it\/wp-json\/wp\/v2\/tags?post=1833127"}],"curies":[{"name":"wp","href":"https:\/\/api.w.org\/{rel}","templated":true}]}}