{"id":1831247,"date":"2024-03-09T15:05:18","date_gmt":"2024-03-09T15:05:18","guid":{"rendered":"https:\/\/www.pressenza.com\/?p=1831247"},"modified":"2024-03-09T15:07:17","modified_gmt":"2024-03-09T15:07:17","slug":"raccontare-il-bene-le-pratiche-di-riutilizzo-sociale-dei-beni-confiscati-alle-mafie","status":"publish","type":"post","link":"https:\/\/www.pressenza.com\/it\/2024\/03\/raccontare-il-bene-le-pratiche-di-riutilizzo-sociale-dei-beni-confiscati-alle-mafie\/","title":{"rendered":"Raccontare il Bene. Le pratiche di riutilizzo sociale dei beni confiscati alle mafie"},"content":{"rendered":"<p>Un popolo variegato di associazioni, cooperative sociali, organizzazioni di volontariato, dalla Lombardia alla Sicilia, si fa protagonista della trasformazione dei beni immobili da \u201cbeni in mano alle mafie\u201d a \u201cbeni comuni e condivisi\u201d. Secondo il dossier 2024 di Libera, sono 1065 (+7,4% rispetto scorso anno) i soggetti impegnati nella gestione dei beni, distribuiti su 20 regioni e 383 comuni (24 in pi\u00f9 dello scorso anno). Una rete di esperienze in grado di fornire servizi e generare welfare, di creare nuovi modelli di economia e di sviluppo e di prendersi cura di chi fa pi\u00f9 fatica e che a ventotto anni dalla legge 109\/96 avanza in silenzio, rappresentando una comunit\u00e0 alternativa a quelle mafiosa, che lavora e si impegna a realizzare un nuovo modello di sviluppo territoriale<\/p>\n<p><em>Ma chi sono questi soggetti e cosa fanno?<\/em><\/p>\n<p>Dai dati raccolti attraverso l&#8217;azione territoriale della rete di Libera emerge che pi\u00f9 della met\u00e0 delle realt\u00e0 sociali \u00e8 costituita da associazioni di diversa tipologia (563) mentre le cooperative sociali sono 232; a queste si aggiungono 5 cooperative di lavoro. Tra gli altri soggetti gestori del terzo settore ci sono: 14 associazioni sportive dilettantistiche, 31 enti pubblici, 39 associazioni temporanee di scopo o reti di associazioni, 62 realt\u00e0 del mondo religioso (diocesi, parrocchie e Caritas), 33 fondazioni private e di comunit\u00e0, 18 gruppi dello scautismo e infine 31 istituti scolastici di diverso ordine e grado. Il 56,8% delle attivit\u00e0 svolte nei beni confiscati riguardano attivit\u00e0 di welfare e politiche sociali; il 25,6% promozione culturale e turismo sostenibile e solo il 10% attivit\u00e0 legate all&#8217;agricoltura e all\u2019 ambiente. La regione con il maggior numero di realt\u00e0 sociali che gestiscono beni confiscati \u00e8 la Sicilia con 285 soggetti gestori, segue la Campania 170, la Lombardia con 151 e la Calabria con 149.<\/p>\n<p>Come sottilinea Tatiana Giannone, responsabile nazionale Beni Confiscati di Libera, si tratta di pi\u00f9 di 500 associazioni di diversa tipologia, oltre a 30 scuole di ogni ordine e grado che usano gli spazi confiscati come strumento didattico, che incidono nel tessuto territoriale, contribuendo a costruire economia positiva e che dimostrano come il Paese abbia saputo reagire alla presenza mafiosa, riappropriandosi con orgoglio dei suoi spazi. Secondo i dati dell&#8217;<strong>Agenzia nazionale per l&#8217;amministrazione e la destinazione dei beni sequestrati e confiscati alla criminalit\u00e0 organizzata<\/strong>, al 22 febbraio 2024 sono 22.548 i beni immobili (particelle catastali) destinati ai sensi del Codice antimafia (+14% rispetto al 2023); mentre sono 19.871 gli immobili ancora in gestione ed in attesa di destinazione. Sono invece 3.126 le aziende destinate (+77% rispetto al 2023) mentre sono 1.764 quelle ancora in gestione. Sicilia, Calabria e Campania sono ancora una volta le regioni con il maggior tasso di interesse. Nel Nord Italia spicca la Lombardia con 1590 beni immobili (particelle catastali) destinati e 1552 immobili ancora in gestione ed in attesa di essere destinati. Cambia di poco la geografia regionale sul fronte delle aziende. In Sicilia sono 551 le aziende destinate mentre sono 913 quelle ancora in gestione. Segue la Campania e il Lazio.<\/p>\n<p>Tuttavia, come mette in guardia la stessa <strong>Tatiana Giannone<\/strong>, \u00e8 sempre in agguato il tentativo di compromettere quanto fatto finora: \u201c<em>raccogliamo segnali preoccupanti del mondo della politica\u201d, sottolinea <\/em>la responsabile nazionale Beni Confiscati di Libera, la quale parla di: \u201c<em>un attacco costante alle misure di prevenzione, tentativi di privatizzare i beni confiscati e piegarli alla logica dell\u2019economia capitalista, una gestione delle risorse dedicate ad oggi piuttosto confusionaria. Non possiamo accettare che ci siano passi indietro su questo. Le misure di prevenzione si sono dimostrate uno dei pi\u00f9 importanti strumenti nella lotta alle mafie e alla corruzione, perch\u00e9 da subito hanno agito sul controllo economico e sociale con il quale i clan soffocano i territori.\u201d<\/em><\/p>\n<p>Il dossier presenta anche una prima mappatura sul riutilizzo sociale dei beni confiscati in Europa e America Latina. In Europa, la mappatura ha evidenziato 19 stati membri nei quali esiste una legislazione specifica sull\u2019uso dei beni confiscati per scopi di interesse pubblico o sociali. Ad oggi le esperienze di riuso pubblico e sociale sono 18: due in Spagna, tre in Romania, in Bulgaria e Belgio, una in Francia e Olanda e cinque in Albania. In America Latina assenza di specifiche normative che qualifichino il delitto di \u201corganizzazione criminale di tipo mafioso\u201d e regolino la confisca dei beni, il sequestro si applica principalmente su beni mobili e immobili collegati a crimini gravi come il narcotraffico o la tratta di esseri umani, come descritto dalla Convenzione di Palermo dell\u2019ONU nel 2000. Secondo la mappatura di Libera sono 7 le esperienze di riutilizzo sociale: quattro in Argentina e tre in Colombia. Una trasformazione preziosa che ci auguriamo continui a crescere, in Italia e all\u2019Estero.<\/p>\n<p>La memoria delle vittime innocenti delle mafie, da sempre la ragione, la molla e l\u2019orizzonte dell\u2019impegno antimafia di <strong>Libera<\/strong>, trova nei beni confiscati luoghi privilegiati, in grado di sprigionare una grande forza trasformativa e rigenerativa. Sono percorsi quotidiani che per\u00f2 trovano un momento centrale il 21 marzo, primo giorno di primavera, che, da 29 anni, coincide con la <strong>Giornata della memoria e dell\u2019impegno in ricordo delle vittime innocenti delle mafie<\/strong>. Quest&#8217;anno <strong>Libera<\/strong> ha scelto Roma per riaccendere i riflettori sulla presenza della criminalit\u00e0 organizzata nella Capitale e nel Lazio, per combattere la pericolosa e sempre pi\u00f9 dilagante normalizzazione dei fenomeni mafiosi e corruttivi e per affermare, una volta di pi\u00f9, la\u00a0 determinazione a difendere e rilanciare il valore del riutilizzo pubblico e sociale dei beni confiscati, rafforzando ulteriormente il ponte che li unisce alla memoria delle vittime\u00a0 (<a href=\"https:\/\/www.libera.it\/schede-2424-roma_memoria_vittime_mafia_21_marzo\">https:\/\/www.libera.it\/schede-2424-roma_memoria_vittime_mafia_21_marzo<\/a>).<\/p>\n<p><strong><u>Qui<\/u><\/strong> il dossier di Libera: <a href=\"https:\/\/www.libera.it\/documenti\/schede\/raccontiamo_il_bene_2024.pd\">https:\/\/www.libera.it\/documenti\/schede\/raccontiamo_il_bene_2024.pd<\/a>.<\/p>\n","protected":false},"excerpt":{"rendered":"<p>Un popolo variegato di associazioni, cooperative sociali, organizzazioni di volontariato, dalla Lombardia alla Sicilia, si fa protagonista della trasformazione dei beni immobili da \u201cbeni in mano alle mafie\u201d a \u201cbeni comuni e condivisi\u201d. Secondo il dossier 2024 di Libera, sono&hellip;<\/p>\n","protected":false},"author":2106,"featured_media":1831248,"comment_status":"closed","ping_status":"closed","sticky":false,"template":"","format":"standard","meta":{"footnotes":""},"categories":[11388,60,55],"tags":[90784,98287,5434,2846],"class_list":["post-1831247","post","type-post","status-publish","format-standard","has-post-thumbnail","hentry","category-contenuti-originali","category-diritti-umani","category-politica","tag-beni-confiscati-alla-mafia","tag-buone-nuove","tag-libera","tag-mafia-it"],"yoast_head":"<!-- This site is optimized with the Yoast SEO plugin v27.1.1 - https:\/\/yoast.com\/product\/yoast-seo-wordpress\/ -->\n<title>Raccontare il Bene. Le pratiche di riutilizzo sociale dei beni confiscati alle mafie<\/title>\n<meta name=\"description\" content=\"Un popolo variegato di associazioni, cooperative sociali, organizzazioni di volontariato, dalla Lombardia alla Sicilia, si fa protagonista della\" \/>\n<meta name=\"robots\" content=\"index, follow, max-snippet:-1, max-image-preview:large, max-video-preview:-1\" \/>\n<link rel=\"canonical\" href=\"https:\/\/www.pressenza.com\/it\/2024\/03\/raccontare-il-bene-le-pratiche-di-riutilizzo-sociale-dei-beni-confiscati-alle-mafie\/\" \/>\n<meta property=\"og:locale\" content=\"it_IT\" \/>\n<meta property=\"og:type\" content=\"article\" \/>\n<meta property=\"og:title\" content=\"Raccontare il Bene. Le pratiche di riutilizzo sociale dei beni confiscati alle mafie\" \/>\n<meta property=\"og:description\" content=\"Un popolo variegato di associazioni, cooperative sociali, organizzazioni di volontariato, dalla Lombardia alla Sicilia, si fa protagonista della\" \/>\n<meta property=\"og:url\" content=\"https:\/\/www.pressenza.com\/it\/2024\/03\/raccontare-il-bene-le-pratiche-di-riutilizzo-sociale-dei-beni-confiscati-alle-mafie\/\" \/>\n<meta property=\"og:site_name\" content=\"Pressenza\" \/>\n<meta property=\"article:publisher\" content=\"https:\/\/www.facebook.com\/PressenzaItalia\" \/>\n<meta property=\"article:published_time\" content=\"2024-03-09T15:05:18+00:00\" \/>\n<meta property=\"article:modified_time\" content=\"2024-03-09T15:07:17+00:00\" \/>\n<meta property=\"og:image\" content=\"https:\/\/www.pressenza.com\/wp-content\/uploads\/2024\/03\/bene-confiscato-alla-mafia-Libera.jpg\" \/>\n\t<meta property=\"og:image:width\" content=\"960\" \/>\n\t<meta property=\"og:image:height\" content=\"536\" \/>\n\t<meta property=\"og:image:type\" content=\"image\/jpeg\" \/>\n<meta name=\"author\" content=\"Giovanni Caprio\" \/>\n<meta name=\"twitter:card\" content=\"summary_large_image\" \/>\n<meta name=\"twitter:creator\" content=\"@PressenzaIPA\" \/>\n<meta name=\"twitter:site\" content=\"@PressenzaIPA\" \/>\n<meta name=\"twitter:label1\" content=\"Scritto da\" \/>\n\t<meta name=\"twitter:data1\" content=\"Giovanni Caprio\" \/>\n\t<meta name=\"twitter:label2\" content=\"Tempo di lettura stimato\" \/>\n\t<meta name=\"twitter:data2\" content=\"5 minuti\" \/>\n<script type=\"application\/ld+json\" class=\"yoast-schema-graph\">{\"@context\":\"https:\/\/schema.org\",\"@graph\":[{\"@type\":\"Article\",\"@id\":\"https:\/\/www.pressenza.com\/it\/2024\/03\/raccontare-il-bene-le-pratiche-di-riutilizzo-sociale-dei-beni-confiscati-alle-mafie\/#article\",\"isPartOf\":{\"@id\":\"https:\/\/www.pressenza.com\/it\/2024\/03\/raccontare-il-bene-le-pratiche-di-riutilizzo-sociale-dei-beni-confiscati-alle-mafie\/\"},\"author\":{\"name\":\"Giovanni Caprio\",\"@id\":\"https:\/\/www.pressenza.com\/it\/#\/schema\/person\/841c36a613f4f6e80f5fbc9c1f8c32c8\"},\"headline\":\"Raccontare il Bene. Le pratiche di riutilizzo sociale dei beni confiscati alle mafie\",\"datePublished\":\"2024-03-09T15:05:18+00:00\",\"dateModified\":\"2024-03-09T15:07:17+00:00\",\"mainEntityOfPage\":{\"@id\":\"https:\/\/www.pressenza.com\/it\/2024\/03\/raccontare-il-bene-le-pratiche-di-riutilizzo-sociale-dei-beni-confiscati-alle-mafie\/\"},\"wordCount\":912,\"publisher\":{\"@id\":\"https:\/\/www.pressenza.com\/it\/#organization\"},\"image\":{\"@id\":\"https:\/\/www.pressenza.com\/it\/2024\/03\/raccontare-il-bene-le-pratiche-di-riutilizzo-sociale-dei-beni-confiscati-alle-mafie\/#primaryimage\"},\"thumbnailUrl\":\"https:\/\/www.pressenza.com\/wp-content\/uploads\/2024\/03\/bene-confiscato-alla-mafia-Libera.jpg\",\"keywords\":[\"beni confiscati alla mafia\",\"buone nuove\",\"Libera\",\"mafia\"],\"articleSection\":[\"contenuti originali\",\"Diritti Umani\",\"Politica\"],\"inLanguage\":\"it-IT\"},{\"@type\":\"WebPage\",\"@id\":\"https:\/\/www.pressenza.com\/it\/2024\/03\/raccontare-il-bene-le-pratiche-di-riutilizzo-sociale-dei-beni-confiscati-alle-mafie\/\",\"url\":\"https:\/\/www.pressenza.com\/it\/2024\/03\/raccontare-il-bene-le-pratiche-di-riutilizzo-sociale-dei-beni-confiscati-alle-mafie\/\",\"name\":\"Raccontare il Bene. Le pratiche di riutilizzo sociale dei beni confiscati alle mafie\",\"isPartOf\":{\"@id\":\"https:\/\/www.pressenza.com\/it\/#website\"},\"primaryImageOfPage\":{\"@id\":\"https:\/\/www.pressenza.com\/it\/2024\/03\/raccontare-il-bene-le-pratiche-di-riutilizzo-sociale-dei-beni-confiscati-alle-mafie\/#primaryimage\"},\"image\":{\"@id\":\"https:\/\/www.pressenza.com\/it\/2024\/03\/raccontare-il-bene-le-pratiche-di-riutilizzo-sociale-dei-beni-confiscati-alle-mafie\/#primaryimage\"},\"thumbnailUrl\":\"https:\/\/www.pressenza.com\/wp-content\/uploads\/2024\/03\/bene-confiscato-alla-mafia-Libera.jpg\",\"datePublished\":\"2024-03-09T15:05:18+00:00\",\"dateModified\":\"2024-03-09T15:07:17+00:00\",\"description\":\"Un popolo variegato di associazioni, cooperative sociali, organizzazioni di volontariato, dalla Lombardia alla Sicilia, si fa protagonista della\",\"breadcrumb\":{\"@id\":\"https:\/\/www.pressenza.com\/it\/2024\/03\/raccontare-il-bene-le-pratiche-di-riutilizzo-sociale-dei-beni-confiscati-alle-mafie\/#breadcrumb\"},\"inLanguage\":\"it-IT\",\"potentialAction\":[{\"@type\":\"ReadAction\",\"target\":[\"https:\/\/www.pressenza.com\/it\/2024\/03\/raccontare-il-bene-le-pratiche-di-riutilizzo-sociale-dei-beni-confiscati-alle-mafie\/\"]}]},{\"@type\":\"ImageObject\",\"inLanguage\":\"it-IT\",\"@id\":\"https:\/\/www.pressenza.com\/it\/2024\/03\/raccontare-il-bene-le-pratiche-di-riutilizzo-sociale-dei-beni-confiscati-alle-mafie\/#primaryimage\",\"url\":\"https:\/\/www.pressenza.com\/wp-content\/uploads\/2024\/03\/bene-confiscato-alla-mafia-Libera.jpg\",\"contentUrl\":\"https:\/\/www.pressenza.com\/wp-content\/uploads\/2024\/03\/bene-confiscato-alla-mafia-Libera.jpg\",\"width\":960,\"height\":536},{\"@type\":\"BreadcrumbList\",\"@id\":\"https:\/\/www.pressenza.com\/it\/2024\/03\/raccontare-il-bene-le-pratiche-di-riutilizzo-sociale-dei-beni-confiscati-alle-mafie\/#breadcrumb\",\"itemListElement\":[{\"@type\":\"ListItem\",\"position\":1,\"name\":\"Accueil\",\"item\":\"https:\/\/www.pressenza.com\/it\/\"},{\"@type\":\"ListItem\",\"position\":2,\"name\":\"Raccontare il Bene. Le pratiche di riutilizzo sociale dei beni confiscati alle mafie\"}]},{\"@type\":\"WebSite\",\"@id\":\"https:\/\/www.pressenza.com\/it\/#website\",\"url\":\"https:\/\/www.pressenza.com\/it\/\",\"name\":\"Pressenza\",\"description\":\"Agenzia di Stampa Internazionale\",\"publisher\":{\"@id\":\"https:\/\/www.pressenza.com\/it\/#organization\"},\"potentialAction\":[{\"@type\":\"SearchAction\",\"target\":{\"@type\":\"EntryPoint\",\"urlTemplate\":\"https:\/\/www.pressenza.com\/it\/?s={search_term_string}\"},\"query-input\":{\"@type\":\"PropertyValueSpecification\",\"valueRequired\":true,\"valueName\":\"search_term_string\"}}],\"inLanguage\":\"it-IT\"},{\"@type\":\"Organization\",\"@id\":\"https:\/\/www.pressenza.com\/it\/#organization\",\"name\":\"Pressenza\",\"url\":\"https:\/\/www.pressenza.com\/it\/\",\"logo\":{\"@type\":\"ImageObject\",\"inLanguage\":\"it-IT\",\"@id\":\"https:\/\/www.pressenza.com\/it\/#\/schema\/logo\/image\/\",\"url\":\"https:\/\/www.pressenza.com\/wp-content\/uploads\/2022\/10\/pressenza_logo_200x200.jpg\",\"contentUrl\":\"https:\/\/www.pressenza.com\/wp-content\/uploads\/2022\/10\/pressenza_logo_200x200.jpg\",\"width\":200,\"height\":200,\"caption\":\"Pressenza\"},\"image\":{\"@id\":\"https:\/\/www.pressenza.com\/it\/#\/schema\/logo\/image\/\"},\"sameAs\":[\"https:\/\/www.facebook.com\/PressenzaItalia\",\"https:\/\/x.com\/PressenzaIPA\"]},{\"@type\":\"Person\",\"@id\":\"https:\/\/www.pressenza.com\/it\/#\/schema\/person\/841c36a613f4f6e80f5fbc9c1f8c32c8\",\"name\":\"Giovanni Caprio\",\"description\":\"Pubblicista, gi\u00e0 dirigente di istituzioni pubbliche e di fondazioni private. Si occupa di beni comuni, partecipazione e governo del territorio.\",\"url\":\"https:\/\/www.pressenza.com\/it\/author\/giovanni-caprio\/\"}]}<\/script>\n<!-- \/ Yoast SEO plugin. -->","yoast_head_json":{"title":"Raccontare il Bene. Le pratiche di riutilizzo sociale dei beni confiscati alle mafie","description":"Un popolo variegato di associazioni, cooperative sociali, organizzazioni di volontariato, dalla Lombardia alla Sicilia, si fa protagonista della","robots":{"index":"index","follow":"follow","max-snippet":"max-snippet:-1","max-image-preview":"max-image-preview:large","max-video-preview":"max-video-preview:-1"},"canonical":"https:\/\/www.pressenza.com\/it\/2024\/03\/raccontare-il-bene-le-pratiche-di-riutilizzo-sociale-dei-beni-confiscati-alle-mafie\/","og_locale":"it_IT","og_type":"article","og_title":"Raccontare il Bene. Le pratiche di riutilizzo sociale dei beni confiscati alle mafie","og_description":"Un popolo variegato di associazioni, cooperative sociali, organizzazioni di volontariato, dalla Lombardia alla Sicilia, si fa protagonista della","og_url":"https:\/\/www.pressenza.com\/it\/2024\/03\/raccontare-il-bene-le-pratiche-di-riutilizzo-sociale-dei-beni-confiscati-alle-mafie\/","og_site_name":"Pressenza","article_publisher":"https:\/\/www.facebook.com\/PressenzaItalia","article_published_time":"2024-03-09T15:05:18+00:00","article_modified_time":"2024-03-09T15:07:17+00:00","og_image":[{"width":960,"height":536,"url":"https:\/\/www.pressenza.com\/wp-content\/uploads\/2024\/03\/bene-confiscato-alla-mafia-Libera.jpg","type":"image\/jpeg"}],"author":"Giovanni Caprio","twitter_card":"summary_large_image","twitter_creator":"@PressenzaIPA","twitter_site":"@PressenzaIPA","twitter_misc":{"Scritto da":"Giovanni Caprio","Tempo di lettura stimato":"5 minuti"},"schema":{"@context":"https:\/\/schema.org","@graph":[{"@type":"Article","@id":"https:\/\/www.pressenza.com\/it\/2024\/03\/raccontare-il-bene-le-pratiche-di-riutilizzo-sociale-dei-beni-confiscati-alle-mafie\/#article","isPartOf":{"@id":"https:\/\/www.pressenza.com\/it\/2024\/03\/raccontare-il-bene-le-pratiche-di-riutilizzo-sociale-dei-beni-confiscati-alle-mafie\/"},"author":{"name":"Giovanni Caprio","@id":"https:\/\/www.pressenza.com\/it\/#\/schema\/person\/841c36a613f4f6e80f5fbc9c1f8c32c8"},"headline":"Raccontare il Bene. Le pratiche di riutilizzo sociale dei beni confiscati alle mafie","datePublished":"2024-03-09T15:05:18+00:00","dateModified":"2024-03-09T15:07:17+00:00","mainEntityOfPage":{"@id":"https:\/\/www.pressenza.com\/it\/2024\/03\/raccontare-il-bene-le-pratiche-di-riutilizzo-sociale-dei-beni-confiscati-alle-mafie\/"},"wordCount":912,"publisher":{"@id":"https:\/\/www.pressenza.com\/it\/#organization"},"image":{"@id":"https:\/\/www.pressenza.com\/it\/2024\/03\/raccontare-il-bene-le-pratiche-di-riutilizzo-sociale-dei-beni-confiscati-alle-mafie\/#primaryimage"},"thumbnailUrl":"https:\/\/www.pressenza.com\/wp-content\/uploads\/2024\/03\/bene-confiscato-alla-mafia-Libera.jpg","keywords":["beni confiscati alla mafia","buone nuove","Libera","mafia"],"articleSection":["contenuti originali","Diritti Umani","Politica"],"inLanguage":"it-IT"},{"@type":"WebPage","@id":"https:\/\/www.pressenza.com\/it\/2024\/03\/raccontare-il-bene-le-pratiche-di-riutilizzo-sociale-dei-beni-confiscati-alle-mafie\/","url":"https:\/\/www.pressenza.com\/it\/2024\/03\/raccontare-il-bene-le-pratiche-di-riutilizzo-sociale-dei-beni-confiscati-alle-mafie\/","name":"Raccontare il Bene. Le pratiche di riutilizzo sociale dei beni confiscati alle mafie","isPartOf":{"@id":"https:\/\/www.pressenza.com\/it\/#website"},"primaryImageOfPage":{"@id":"https:\/\/www.pressenza.com\/it\/2024\/03\/raccontare-il-bene-le-pratiche-di-riutilizzo-sociale-dei-beni-confiscati-alle-mafie\/#primaryimage"},"image":{"@id":"https:\/\/www.pressenza.com\/it\/2024\/03\/raccontare-il-bene-le-pratiche-di-riutilizzo-sociale-dei-beni-confiscati-alle-mafie\/#primaryimage"},"thumbnailUrl":"https:\/\/www.pressenza.com\/wp-content\/uploads\/2024\/03\/bene-confiscato-alla-mafia-Libera.jpg","datePublished":"2024-03-09T15:05:18+00:00","dateModified":"2024-03-09T15:07:17+00:00","description":"Un popolo variegato di associazioni, cooperative sociali, organizzazioni di volontariato, dalla Lombardia alla Sicilia, si fa protagonista della","breadcrumb":{"@id":"https:\/\/www.pressenza.com\/it\/2024\/03\/raccontare-il-bene-le-pratiche-di-riutilizzo-sociale-dei-beni-confiscati-alle-mafie\/#breadcrumb"},"inLanguage":"it-IT","potentialAction":[{"@type":"ReadAction","target":["https:\/\/www.pressenza.com\/it\/2024\/03\/raccontare-il-bene-le-pratiche-di-riutilizzo-sociale-dei-beni-confiscati-alle-mafie\/"]}]},{"@type":"ImageObject","inLanguage":"it-IT","@id":"https:\/\/www.pressenza.com\/it\/2024\/03\/raccontare-il-bene-le-pratiche-di-riutilizzo-sociale-dei-beni-confiscati-alle-mafie\/#primaryimage","url":"https:\/\/www.pressenza.com\/wp-content\/uploads\/2024\/03\/bene-confiscato-alla-mafia-Libera.jpg","contentUrl":"https:\/\/www.pressenza.com\/wp-content\/uploads\/2024\/03\/bene-confiscato-alla-mafia-Libera.jpg","width":960,"height":536},{"@type":"BreadcrumbList","@id":"https:\/\/www.pressenza.com\/it\/2024\/03\/raccontare-il-bene-le-pratiche-di-riutilizzo-sociale-dei-beni-confiscati-alle-mafie\/#breadcrumb","itemListElement":[{"@type":"ListItem","position":1,"name":"Accueil","item":"https:\/\/www.pressenza.com\/it\/"},{"@type":"ListItem","position":2,"name":"Raccontare il Bene. Le pratiche di riutilizzo sociale dei beni confiscati alle mafie"}]},{"@type":"WebSite","@id":"https:\/\/www.pressenza.com\/it\/#website","url":"https:\/\/www.pressenza.com\/it\/","name":"Pressenza","description":"Agenzia di Stampa Internazionale","publisher":{"@id":"https:\/\/www.pressenza.com\/it\/#organization"},"potentialAction":[{"@type":"SearchAction","target":{"@type":"EntryPoint","urlTemplate":"https:\/\/www.pressenza.com\/it\/?s={search_term_string}"},"query-input":{"@type":"PropertyValueSpecification","valueRequired":true,"valueName":"search_term_string"}}],"inLanguage":"it-IT"},{"@type":"Organization","@id":"https:\/\/www.pressenza.com\/it\/#organization","name":"Pressenza","url":"https:\/\/www.pressenza.com\/it\/","logo":{"@type":"ImageObject","inLanguage":"it-IT","@id":"https:\/\/www.pressenza.com\/it\/#\/schema\/logo\/image\/","url":"https:\/\/www.pressenza.com\/wp-content\/uploads\/2022\/10\/pressenza_logo_200x200.jpg","contentUrl":"https:\/\/www.pressenza.com\/wp-content\/uploads\/2022\/10\/pressenza_logo_200x200.jpg","width":200,"height":200,"caption":"Pressenza"},"image":{"@id":"https:\/\/www.pressenza.com\/it\/#\/schema\/logo\/image\/"},"sameAs":["https:\/\/www.facebook.com\/PressenzaItalia","https:\/\/x.com\/PressenzaIPA"]},{"@type":"Person","@id":"https:\/\/www.pressenza.com\/it\/#\/schema\/person\/841c36a613f4f6e80f5fbc9c1f8c32c8","name":"Giovanni Caprio","description":"Pubblicista, gi\u00e0 dirigente di istituzioni pubbliche e di fondazioni private. Si occupa di beni comuni, partecipazione e governo del territorio.","url":"https:\/\/www.pressenza.com\/it\/author\/giovanni-caprio\/"}]}},"place":"","original_article_url":"","_links":{"self":[{"href":"https:\/\/www.pressenza.com\/it\/wp-json\/wp\/v2\/posts\/1831247","targetHints":{"allow":["GET"]}}],"collection":[{"href":"https:\/\/www.pressenza.com\/it\/wp-json\/wp\/v2\/posts"}],"about":[{"href":"https:\/\/www.pressenza.com\/it\/wp-json\/wp\/v2\/types\/post"}],"author":[{"embeddable":true,"href":"https:\/\/www.pressenza.com\/it\/wp-json\/wp\/v2\/users\/2106"}],"replies":[{"embeddable":true,"href":"https:\/\/www.pressenza.com\/it\/wp-json\/wp\/v2\/comments?post=1831247"}],"version-history":[{"count":0,"href":"https:\/\/www.pressenza.com\/it\/wp-json\/wp\/v2\/posts\/1831247\/revisions"}],"wp:featuredmedia":[{"embeddable":true,"href":"https:\/\/www.pressenza.com\/it\/wp-json\/wp\/v2\/media\/1831248"}],"wp:attachment":[{"href":"https:\/\/www.pressenza.com\/it\/wp-json\/wp\/v2\/media?parent=1831247"}],"wp:term":[{"taxonomy":"category","embeddable":true,"href":"https:\/\/www.pressenza.com\/it\/wp-json\/wp\/v2\/categories?post=1831247"},{"taxonomy":"post_tag","embeddable":true,"href":"https:\/\/www.pressenza.com\/it\/wp-json\/wp\/v2\/tags?post=1831247"}],"curies":[{"name":"wp","href":"https:\/\/api.w.org\/{rel}","templated":true}]}}